{"id":29489,"date":"2025-04-22T11:32:53","date_gmt":"2025-04-22T16:32:53","guid":{"rendered":"https:\/\/prefecturadeesmeraldas.gob.ec\/?p=29489"},"modified":"2025-04-22T11:35:56","modified_gmt":"2025-04-22T16:35:56","slug":"moradores-de-el-roto-cube-agradecen-respuesta-inmediata-de-la-prefectura-de-esmeraldas-ante-colapso-vial","status":"publish","type":"post","link":"https:\/\/prefecturadeesmeraldas.gob.ec\/index.php\/2025\/04\/22\/moradores-de-el-roto-cube-agradecen-respuesta-inmediata-de-la-prefectura-de-esmeraldas-ante-colapso-vial\/","title":{"rendered":"Moradores de El Roto \u2013 Cube agradecen respuesta inmediata de la Prefectura de Esmeraldas ante colapso vial."},"content":{"rendered":"\t\t<div data-elementor-type=\"wp-post\" data-elementor-id=\"29489\" class=\"elementor elementor-29489\">\n\t\t\t\t<div class=\"elementor-element elementor-element-f4827a0 e-flex e-con-boxed e-con e-parent\" data-id=\"f4827a0\" data-element_type=\"container\">\n\t\t\t\t\t<div class=\"e-con-inner\">\n\t\t\t\t<div class=\"elementor-element elementor-element-bba55eb elementor-widget elementor-widget-image\" data-id=\"bba55eb\" data-element_type=\"widget\" data-widget_type=\"image.default\">\n\t\t\t\t<div class=\"elementor-widget-container\">\n\t\t\t\t\t\t\t\t\t\t\t\t\t\t\t<img fetchpriority=\"high\" decoding=\"async\" width=\"903\" height=\"903\" src=\"https:\/\/prefecturadeesmeraldas.gob.ec\/wp-content\/uploads\/2025\/04\/111-8.jpg\" class=\"attachment-large size-large wp-image-29491\" alt=\"\" srcset=\"https:\/\/prefecturadeesmeraldas.gob.ec\/wp-content\/uploads\/2025\/04\/111-8.jpg 903w, https:\/\/prefecturadeesmeraldas.gob.ec\/wp-content\/uploads\/2025\/04\/111-8-300x300.jpg 300w, https:\/\/prefecturadeesmeraldas.gob.ec\/wp-content\/uploads\/2025\/04\/111-8-150x150.jpg 150w, https:\/\/prefecturadeesmeraldas.gob.ec\/wp-content\/uploads\/2025\/04\/111-8-768x768.jpg 768w, https:\/\/prefecturadeesmeraldas.gob.ec\/wp-content\/uploads\/2025\/04\/111-8-440x440.jpg 440w, https:\/\/prefecturadeesmeraldas.gob.ec\/wp-content\/uploads\/2025\/04\/111-8-180x180.jpg 180w, https:\/\/prefecturadeesmeraldas.gob.ec\/wp-content\/uploads\/2025\/04\/111-8-120x120.jpg 120w\" sizes=\"(max-width: 903px) 100vw, 903px\" \/>\t\t\t\t\t\t\t\t\t\t\t\t\t\t\t<\/div>\n\t\t\t\t<\/div>\n\t\t\t\t\t<\/div>\n\t\t\t\t<\/div>\n\t\t<div class=\"elementor-element elementor-element-19e75b7 e-flex e-con-boxed e-con e-parent\" data-id=\"19e75b7\" data-element_type=\"container\">\n\t\t\t\t\t<div class=\"e-con-inner\">\n\t\t\t\t<div class=\"elementor-element elementor-element-4c461ce elementor-widget elementor-widget-text-editor\" data-id=\"4c461ce\" data-element_type=\"widget\" data-widget_type=\"text-editor.default\">\n\t\t\t\t<div class=\"elementor-widget-container\">\n\t\t\t\t\t\t\t\t\t<p>Tras el colapso de una alcantarilla en el camino vecinal El Roto \u2013 Cube, en el cant\u00f3n Quinind\u00e9, ocasionado por las fuertes lluvias de la temporada invernal, la Prefectura de Esmeraldas despleg\u00f3 maquinaria y personal t\u00e9cnico para atender de forma urgente esta afectaci\u00f3n vial que dej\u00f3 incomunicadas a varias familias del sector.<\/p><p>La oportuna intervenci\u00f3n consisti\u00f3 en la reposici\u00f3n de la tuber\u00eda y el relleno progresivo de la v\u00eda, con el objetivo de garantizar la conectividad y brindar seguridad a los usuarios de este importante tramo rural.<\/p><p><strong>Santos Vilela<\/strong>, habitante de la zona, manifest\u00f3 su gratitud con la prefecta por la oportuna respuesta ante la emergencia.<\/p><p>Por su parte, <strong>William Bone<\/strong>, destac\u00f3 que la atenci\u00f3n fue inmediata, y agradeci\u00f3 por los trabajos que han permitido recuperar la conectividad a trav\u00e9s de esta importante v\u00eda.<\/p><p>Estas acciones forman parte del plan de atenci\u00f3n emergente que mantiene la Prefectura en toda la provincia, priorizando zonas afectadas por deslizamientos, desbordamientos y otras consecuencias del invierno. <\/p>\t\t\t\t\t\t\t\t<\/div>\n\t\t\t\t<\/div>\n\t\t\t\t\t<\/div>\n\t\t\t\t<\/div>\n\t\t\t\t<\/div>\n\t\t","protected":false},"excerpt":{"rendered":"<p>Tras el colapso de una alcantarilla en el camino vecinal El Roto \u2013 Cube, en el cant\u00f3n Quinind\u00e9, ocasionado por las fuertes lluvias de la temporada invernal, la Prefectura de Esmeraldas despleg\u00f3 maquinaria y personal t\u00e9cnico para atender de forma urgente esta afectaci\u00f3n vial que dej\u00f3 incomunicadas a varias familias del sector. La oportuna intervenci\u00f3n [&hellip;]<\/p>\n","protected":false},"author":2,"featured_media":29491,"comment_status":"closed","ping_status":"open","sticky":false,"template":"","format":"standard","meta":{"footnotes":""},"categories":[14],"tags":[],"class_list":["post-29489","post","type-post","status-publish","format-standard","has-post-thumbnail","hentry","category-vialidad"],"yoast_head":"<!-- This site is optimized with the Yoast SEO plugin v25.7 - https:\/\/yoast.com\/wordpress\/plugins\/seo\/ -->\n<title>Moradores de El Roto \u2013 Cube agradecen respuesta inmediata de la Prefectura de Esmeraldas ante colapso vial. - Gobierno Aut\u00f3nomo Descentralizado de la Provincia de Esmeraldas<\/title>\n<meta name=\"robots\" content=\"index, follow, max-snippet:-1, max-image-preview:large, max-video-preview:-1\" \/>\n<link rel=\"canonical\" href=\"https:\/\/prefecturadeesmeraldas.gob.ec\/index.php\/2025\/04\/22\/moradores-de-el-roto-cube-agradecen-respuesta-inmediata-de-la-prefectura-de-esmeraldas-ante-colapso-vial\/\" \/>\n<meta property=\"og:locale\" content=\"es_ES\" \/>\n<meta property=\"og:type\" content=\"article\" \/>\n<meta property=\"og:title\" content=\"Moradores de El Roto \u2013 Cube agradecen respuesta inmediata de la Prefectura de Esmeraldas ante colapso vial. - Gobierno Aut\u00f3nomo Descentralizado de la Provincia de Esmeraldas\" \/>\n<meta property=\"og:description\" content=\"Tras el colapso de una alcantarilla en el camino vecinal El Roto \u2013 Cube, en el cant\u00f3n Quinind\u00e9, ocasionado por las fuertes lluvias de la temporada invernal, la Prefectura de Esmeraldas despleg\u00f3 maquinaria y personal t\u00e9cnico para atender de forma urgente esta afectaci\u00f3n vial que dej\u00f3 incomunicadas a varias familias del sector. La oportuna intervenci\u00f3n [&hellip;]\" \/>\n<meta property=\"og:url\" content=\"https:\/\/prefecturadeesmeraldas.gob.ec\/index.php\/2025\/04\/22\/moradores-de-el-roto-cube-agradecen-respuesta-inmediata-de-la-prefectura-de-esmeraldas-ante-colapso-vial\/\" \/>\n<meta property=\"og:site_name\" content=\"Gobierno Aut\u00f3nomo Descentralizado de la Provincia de Esmeraldas\" \/>\n<meta property=\"article:publisher\" content=\"https:\/\/www.facebook.com\/PrefecturaEsmeraldas\/\" \/>\n<meta property=\"article:published_time\" content=\"2025-04-22T16:32:53+00:00\" \/>\n<meta property=\"article:modified_time\" content=\"2025-04-22T16:35:56+00:00\" \/>\n<meta property=\"og:image\" content=\"https:\/\/prefecturadeesmeraldas.gob.ec\/wp-content\/uploads\/2025\/04\/111-8.jpg\" \/>\n\t<meta property=\"og:image:width\" content=\"903\" \/>\n\t<meta property=\"og:image:height\" content=\"903\" \/>\n\t<meta property=\"og:image:type\" content=\"image\/jpeg\" \/>\n<meta name=\"author\" content=\"Direcci\u00f3n de Comunicaci\u00f3n\" \/>\n<meta name=\"twitter:card\" content=\"summary_large_image\" \/>\n<meta name=\"twitter:label1\" content=\"Escrito por\" \/>\n\t<meta name=\"twitter:data1\" content=\"Direcci\u00f3n de Comunicaci\u00f3n\" \/>\n\t<meta name=\"twitter:label2\" content=\"Tiempo de lectura\" \/>\n\t<meta name=\"twitter:data2\" content=\"2 minutos\" \/>\n<script type=\"application\/ld+json\" class=\"yoast-schema-graph\">{\"@context\":\"https:\/\/schema.org\",\"@graph\":[{\"@type\":\"Article\",\"@id\":\"https:\/\/prefecturadeesmeraldas.gob.ec\/index.php\/2025\/04\/22\/moradores-de-el-roto-cube-agradecen-respuesta-inmediata-de-la-prefectura-de-esmeraldas-ante-colapso-vial\/#article\",\"isPartOf\":{\"@id\":\"https:\/\/prefecturadeesmeraldas.gob.ec\/index.php\/2025\/04\/22\/moradores-de-el-roto-cube-agradecen-respuesta-inmediata-de-la-prefectura-de-esmeraldas-ante-colapso-vial\/\"},\"author\":{\"name\":\"Direcci\u00f3n de Comunicaci\u00f3n\",\"@id\":\"https:\/\/prefecturadeesmeraldas.gob.ec\/#\/schema\/person\/b0c9e7b1ead7725994d1e319e8825234\"},\"headline\":\"Moradores de El Roto \u2013 Cube agradecen respuesta inmediata de la Prefectura de Esmeraldas ante colapso vial.\",\"datePublished\":\"2025-04-22T16:32:53+00:00\",\"dateModified\":\"2025-04-22T16:35:56+00:00\",\"mainEntityOfPage\":{\"@id\":\"https:\/\/prefecturadeesmeraldas.gob.ec\/index.php\/2025\/04\/22\/moradores-de-el-roto-cube-agradecen-respuesta-inmediata-de-la-prefectura-de-esmeraldas-ante-colapso-vial\/\"},\"wordCount\":188,\"publisher\":{\"@id\":\"https:\/\/prefecturadeesmeraldas.gob.ec\/#organization\"},\"image\":{\"@id\":\"https:\/\/prefecturadeesmeraldas.gob.ec\/index.php\/2025\/04\/22\/moradores-de-el-roto-cube-agradecen-respuesta-inmediata-de-la-prefectura-de-esmeraldas-ante-colapso-vial\/#primaryimage\"},\"thumbnailUrl\":\"https:\/\/prefecturadeesmeraldas.gob.ec\/wp-content\/uploads\/2025\/04\/111-8.jpg\",\"articleSection\":[\"Vialidad\"],\"inLanguage\":\"es\"},{\"@type\":\"WebPage\",\"@id\":\"https:\/\/prefecturadeesmeraldas.gob.ec\/index.php\/2025\/04\/22\/moradores-de-el-roto-cube-agradecen-respuesta-inmediata-de-la-prefectura-de-esmeraldas-ante-colapso-vial\/\",\"url\":\"https:\/\/prefecturadeesmeraldas.gob.ec\/index.php\/2025\/04\/22\/moradores-de-el-roto-cube-agradecen-respuesta-inmediata-de-la-prefectura-de-esmeraldas-ante-colapso-vial\/\",\"name\":\"Moradores de El Roto \u2013 Cube agradecen respuesta inmediata de la Prefectura de Esmeraldas ante colapso vial. - Gobierno Aut\u00f3nomo Descentralizado de la Provincia de Esmeraldas\",\"isPartOf\":{\"@id\":\"https:\/\/prefecturadeesmeraldas.gob.ec\/#website\"},\"primaryImageOfPage\":{\"@id\":\"https:\/\/prefecturadeesmeraldas.gob.ec\/index.php\/2025\/04\/22\/moradores-de-el-roto-cube-agradecen-respuesta-inmediata-de-la-prefectura-de-esmeraldas-ante-colapso-vial\/#primaryimage\"},\"image\":{\"@id\":\"https:\/\/prefecturadeesmeraldas.gob.ec\/index.php\/2025\/04\/22\/moradores-de-el-roto-cube-agradecen-respuesta-inmediata-de-la-prefectura-de-esmeraldas-ante-colapso-vial\/#primaryimage\"},\"thumbnailUrl\":\"https:\/\/prefecturadeesmeraldas.gob.ec\/wp-content\/uploads\/2025\/04\/111-8.jpg\",\"datePublished\":\"2025-04-22T16:32:53+00:00\",\"dateModified\":\"2025-04-22T16:35:56+00:00\",\"breadcrumb\":{\"@id\":\"https:\/\/prefecturadeesmeraldas.gob.ec\/index.php\/2025\/04\/22\/moradores-de-el-roto-cube-agradecen-respuesta-inmediata-de-la-prefectura-de-esmeraldas-ante-colapso-vial\/#breadcrumb\"},\"inLanguage\":\"es\",\"potentialAction\":[{\"@type\":\"ReadAction\",\"target\":[\"https:\/\/prefecturadeesmeraldas.gob.ec\/index.php\/2025\/04\/22\/moradores-de-el-roto-cube-agradecen-respuesta-inmediata-de-la-prefectura-de-esmeraldas-ante-colapso-vial\/\"]}]},{\"@type\":\"ImageObject\",\"inLanguage\":\"es\",\"@id\":\"https:\/\/prefecturadeesmeraldas.gob.ec\/index.php\/2025\/04\/22\/moradores-de-el-roto-cube-agradecen-respuesta-inmediata-de-la-prefectura-de-esmeraldas-ante-colapso-vial\/#primaryimage\",\"url\":\"https:\/\/prefecturadeesmeraldas.gob.ec\/wp-content\/uploads\/2025\/04\/111-8.jpg\",\"contentUrl\":\"https:\/\/prefecturadeesmeraldas.gob.ec\/wp-content\/uploads\/2025\/04\/111-8.jpg\",\"width\":903,\"height\":903},{\"@type\":\"BreadcrumbList\",\"@id\":\"https:\/\/prefecturadeesmeraldas.gob.ec\/index.php\/2025\/04\/22\/moradores-de-el-roto-cube-agradecen-respuesta-inmediata-de-la-prefectura-de-esmeraldas-ante-colapso-vial\/#breadcrumb\",\"itemListElement\":[{\"@type\":\"ListItem\",\"position\":1,\"name\":\"Home\",\"item\":\"https:\/\/prefecturadeesmeraldas.gob.ec\/\"},{\"@type\":\"ListItem\",\"position\":2,\"name\":\"Moradores de El Roto \u2013 Cube agradecen respuesta inmediata de la Prefectura de Esmeraldas ante colapso vial.\"}]},{\"@type\":\"WebSite\",\"@id\":\"https:\/\/prefecturadeesmeraldas.gob.ec\/#website\",\"url\":\"https:\/\/prefecturadeesmeraldas.gob.ec\/\",\"name\":\"Gobierno Aut\u00f3nomo Descentralizado de la Provincia de Esmeraldas\",\"description\":\"Gobierno Aut\u00f3nomo Descentralizado de la Provincia de Esmeraldas\",\"publisher\":{\"@id\":\"https:\/\/prefecturadeesmeraldas.gob.ec\/#organization\"},\"potentialAction\":[{\"@type\":\"SearchAction\",\"target\":{\"@type\":\"EntryPoint\",\"urlTemplate\":\"https:\/\/prefecturadeesmeraldas.gob.ec\/?s={search_term_string}\"},\"query-input\":{\"@type\":\"PropertyValueSpecification\",\"valueRequired\":true,\"valueName\":\"search_term_string\"}}],\"inLanguage\":\"es\"},{\"@type\":\"Organization\",\"@id\":\"https:\/\/prefecturadeesmeraldas.gob.ec\/#organization\",\"name\":\"Gobierno Aut\u00f3nomo Descentralizado de la Provincia de Esmeraldas\",\"url\":\"https:\/\/prefecturadeesmeraldas.gob.ec\/\",\"logo\":{\"@type\":\"ImageObject\",\"inLanguage\":\"es\",\"@id\":\"https:\/\/prefecturadeesmeraldas.gob.ec\/#\/schema\/logo\/image\/\",\"url\":\"https:\/\/prefecturadeesmeraldas.gob.ec\/wp-content\/uploads\/2019\/06\/logo.png\",\"contentUrl\":\"https:\/\/prefecturadeesmeraldas.gob.ec\/wp-content\/uploads\/2019\/06\/logo.png\",\"width\":859,\"height\":448,\"caption\":\"Gobierno Aut\u00f3nomo Descentralizado de la Provincia de Esmeraldas\"},\"image\":{\"@id\":\"https:\/\/prefecturadeesmeraldas.gob.ec\/#\/schema\/logo\/image\/\"},\"sameAs\":[\"https:\/\/www.facebook.com\/PrefecturaEsmeraldas\/\"]},{\"@type\":\"Person\",\"@id\":\"https:\/\/prefecturadeesmeraldas.gob.ec\/#\/schema\/person\/b0c9e7b1ead7725994d1e319e8825234\",\"name\":\"Direcci\u00f3n de Comunicaci\u00f3n\",\"image\":{\"@type\":\"ImageObject\",\"inLanguage\":\"es\",\"@id\":\"https:\/\/prefecturadeesmeraldas.gob.ec\/#\/schema\/person\/image\/\",\"url\":\"https:\/\/secure.gravatar.com\/avatar\/74a3870a946f5d774ade3569af61a72308e07ad3346f370c4b468ee2a9858658?s=96&d=mm&r=g\",\"contentUrl\":\"https:\/\/secure.gravatar.com\/avatar\/74a3870a946f5d774ade3569af61a72308e07ad3346f370c4b468ee2a9858658?s=96&d=mm&r=g\",\"caption\":\"Direcci\u00f3n de Comunicaci\u00f3n\"}}]}<\/script>\n<!-- \/ Yoast SEO plugin. -->","yoast_head_json":{"title":"Moradores de El Roto \u2013 Cube agradecen respuesta inmediata de la Prefectura de Esmeraldas ante colapso vial. - Gobierno Aut\u00f3nomo Descentralizado de la Provincia de Esmeraldas","robots":{"index":"index","follow":"follow","max-snippet":"max-snippet:-1","max-image-preview":"max-image-preview:large","max-video-preview":"max-video-preview:-1"},"canonical":"https:\/\/prefecturadeesmeraldas.gob.ec\/index.php\/2025\/04\/22\/moradores-de-el-roto-cube-agradecen-respuesta-inmediata-de-la-prefectura-de-esmeraldas-ante-colapso-vial\/","og_locale":"es_ES","og_type":"article","og_title":"Moradores de El Roto \u2013 Cube agradecen respuesta inmediata de la Prefectura de Esmeraldas ante colapso vial. - Gobierno Aut\u00f3nomo Descentralizado de la Provincia de Esmeraldas","og_description":"Tras el colapso de una alcantarilla en el camino vecinal El Roto \u2013 Cube, en el cant\u00f3n Quinind\u00e9, ocasionado por las fuertes lluvias de la temporada invernal, la Prefectura de Esmeraldas despleg\u00f3 maquinaria y personal t\u00e9cnico para atender de forma urgente esta afectaci\u00f3n vial que dej\u00f3 incomunicadas a varias familias del sector. La oportuna intervenci\u00f3n [&hellip;]","og_url":"https:\/\/prefecturadeesmeraldas.gob.ec\/index.php\/2025\/04\/22\/moradores-de-el-roto-cube-agradecen-respuesta-inmediata-de-la-prefectura-de-esmeraldas-ante-colapso-vial\/","og_site_name":"Gobierno Aut\u00f3nomo Descentralizado de la Provincia de Esmeraldas","article_publisher":"https:\/\/www.facebook.com\/PrefecturaEsmeraldas\/","article_published_time":"2025-04-22T16:32:53+00:00","article_modified_time":"2025-04-22T16:35:56+00:00","og_image":[{"width":903,"height":903,"url":"https:\/\/prefecturadeesmeraldas.gob.ec\/wp-content\/uploads\/2025\/04\/111-8.jpg","type":"image\/jpeg"}],"author":"Direcci\u00f3n de Comunicaci\u00f3n","twitter_card":"summary_large_image","twitter_misc":{"Escrito por":"Direcci\u00f3n de Comunicaci\u00f3n","Tiempo de lectura":"2 minutos"},"schema":{"@context":"https:\/\/schema.org","@graph":[{"@type":"Article","@id":"https:\/\/prefecturadeesmeraldas.gob.ec\/index.php\/2025\/04\/22\/moradores-de-el-roto-cube-agradecen-respuesta-inmediata-de-la-prefectura-de-esmeraldas-ante-colapso-vial\/#article","isPartOf":{"@id":"https:\/\/prefecturadeesmeraldas.gob.ec\/index.php\/2025\/04\/22\/moradores-de-el-roto-cube-agradecen-respuesta-inmediata-de-la-prefectura-de-esmeraldas-ante-colapso-vial\/"},"author":{"name":"Direcci\u00f3n de Comunicaci\u00f3n","@id":"https:\/\/prefecturadeesmeraldas.gob.ec\/#\/schema\/person\/b0c9e7b1ead7725994d1e319e8825234"},"headline":"Moradores de El Roto \u2013 Cube agradecen respuesta inmediata de la Prefectura de Esmeraldas ante colapso vial.","datePublished":"2025-04-22T16:32:53+00:00","dateModified":"2025-04-22T16:35:56+00:00","mainEntityOfPage":{"@id":"https:\/\/prefecturadeesmeraldas.gob.ec\/index.php\/2025\/04\/22\/moradores-de-el-roto-cube-agradecen-respuesta-inmediata-de-la-prefectura-de-esmeraldas-ante-colapso-vial\/"},"wordCount":188,"publisher":{"@id":"https:\/\/prefecturadeesmeraldas.gob.ec\/#organization"},"image":{"@id":"https:\/\/prefecturadeesmeraldas.gob.ec\/index.php\/2025\/04\/22\/moradores-de-el-roto-cube-agradecen-respuesta-inmediata-de-la-prefectura-de-esmeraldas-ante-colapso-vial\/#primaryimage"},"thumbnailUrl":"https:\/\/prefecturadeesmeraldas.gob.ec\/wp-content\/uploads\/2025\/04\/111-8.jpg","articleSection":["Vialidad"],"inLanguage":"es"},{"@type":"WebPage","@id":"https:\/\/prefecturadeesmeraldas.gob.ec\/index.php\/2025\/04\/22\/moradores-de-el-roto-cube-agradecen-respuesta-inmediata-de-la-prefectura-de-esmeraldas-ante-colapso-vial\/","url":"https:\/\/prefecturadeesmeraldas.gob.ec\/index.php\/2025\/04\/22\/moradores-de-el-roto-cube-agradecen-respuesta-inmediata-de-la-prefectura-de-esmeraldas-ante-colapso-vial\/","name":"Moradores de El Roto \u2013 Cube agradecen respuesta inmediata de la Prefectura de Esmeraldas ante colapso vial. - Gobierno Aut\u00f3nomo Descentralizado de la Provincia de Esmeraldas","isPartOf":{"@id":"https:\/\/prefecturadeesmeraldas.gob.ec\/#website"},"primaryImageOfPage":{"@id":"https:\/\/prefecturadeesmeraldas.gob.ec\/index.php\/2025\/04\/22\/moradores-de-el-roto-cube-agradecen-respuesta-inmediata-de-la-prefectura-de-esmeraldas-ante-colapso-vial\/#primaryimage"},"image":{"@id":"https:\/\/prefecturadeesmeraldas.gob.ec\/index.php\/2025\/04\/22\/moradores-de-el-roto-cube-agradecen-respuesta-inmediata-de-la-prefectura-de-esmeraldas-ante-colapso-vial\/#primaryimage"},"thumbnailUrl":"https:\/\/prefecturadeesmeraldas.gob.ec\/wp-content\/uploads\/2025\/04\/111-8.jpg","datePublished":"2025-04-22T16:32:53+00:00","dateModified":"2025-04-22T16:35:56+00:00","breadcrumb":{"@id":"https:\/\/prefecturadeesmeraldas.gob.ec\/index.php\/2025\/04\/22\/moradores-de-el-roto-cube-agradecen-respuesta-inmediata-de-la-prefectura-de-esmeraldas-ante-colapso-vial\/#breadcrumb"},"inLanguage":"es","potentialAction":[{"@type":"ReadAction","target":["https:\/\/prefecturadeesmeraldas.gob.ec\/index.php\/2025\/04\/22\/moradores-de-el-roto-cube-agradecen-respuesta-inmediata-de-la-prefectura-de-esmeraldas-ante-colapso-vial\/"]}]},{"@type":"ImageObject","inLanguage":"es","@id":"https:\/\/prefecturadeesmeraldas.gob.ec\/index.php\/2025\/04\/22\/moradores-de-el-roto-cube-agradecen-respuesta-inmediata-de-la-prefectura-de-esmeraldas-ante-colapso-vial\/#primaryimage","url":"https:\/\/prefecturadeesmeraldas.gob.ec\/wp-content\/uploads\/2025\/04\/111-8.jpg","contentUrl":"https:\/\/prefecturadeesmeraldas.gob.ec\/wp-content\/uploads\/2025\/04\/111-8.jpg","width":903,"height":903},{"@type":"BreadcrumbList","@id":"https:\/\/prefecturadeesmeraldas.gob.ec\/index.php\/2025\/04\/22\/moradores-de-el-roto-cube-agradecen-respuesta-inmediata-de-la-prefectura-de-esmeraldas-ante-colapso-vial\/#breadcrumb","itemListElement":[{"@type":"ListItem","position":1,"name":"Home","item":"https:\/\/prefecturadeesmeraldas.gob.ec\/"},{"@type":"ListItem","position":2,"name":"Moradores de El Roto \u2013 Cube agradecen respuesta inmediata de la Prefectura de Esmeraldas ante colapso vial."}]},{"@type":"WebSite","@id":"https:\/\/prefecturadeesmeraldas.gob.ec\/#website","url":"https:\/\/prefecturadeesmeraldas.gob.ec\/","name":"Gobierno Aut\u00f3nomo Descentralizado de la Provincia de Esmeraldas","description":"Gobierno Aut\u00f3nomo Descentralizado de la Provincia de Esmeraldas","publisher":{"@id":"https:\/\/prefecturadeesmeraldas.gob.ec\/#organization"},"potentialAction":[{"@type":"SearchAction","target":{"@type":"EntryPoint","urlTemplate":"https:\/\/prefecturadeesmeraldas.gob.ec\/?s={search_term_string}"},"query-input":{"@type":"PropertyValueSpecification","valueRequired":true,"valueName":"search_term_string"}}],"inLanguage":"es"},{"@type":"Organization","@id":"https:\/\/prefecturadeesmeraldas.gob.ec\/#organization","name":"Gobierno Aut\u00f3nomo Descentralizado de la Provincia de Esmeraldas","url":"https:\/\/prefecturadeesmeraldas.gob.ec\/","logo":{"@type":"ImageObject","inLanguage":"es","@id":"https:\/\/prefecturadeesmeraldas.gob.ec\/#\/schema\/logo\/image\/","url":"https:\/\/prefecturadeesmeraldas.gob.ec\/wp-content\/uploads\/2019\/06\/logo.png","contentUrl":"https:\/\/prefecturadeesmeraldas.gob.ec\/wp-content\/uploads\/2019\/06\/logo.png","width":859,"height":448,"caption":"Gobierno Aut\u00f3nomo Descentralizado de la Provincia de Esmeraldas"},"image":{"@id":"https:\/\/prefecturadeesmeraldas.gob.ec\/#\/schema\/logo\/image\/"},"sameAs":["https:\/\/www.facebook.com\/PrefecturaEsmeraldas\/"]},{"@type":"Person","@id":"https:\/\/prefecturadeesmeraldas.gob.ec\/#\/schema\/person\/b0c9e7b1ead7725994d1e319e8825234","name":"Direcci\u00f3n de Comunicaci\u00f3n","image":{"@type":"ImageObject","inLanguage":"es","@id":"https:\/\/prefecturadeesmeraldas.gob.ec\/#\/schema\/person\/image\/","url":"https:\/\/secure.gravatar.com\/avatar\/74a3870a946f5d774ade3569af61a72308e07ad3346f370c4b468ee2a9858658?s=96&d=mm&r=g","contentUrl":"https:\/\/secure.gravatar.com\/avatar\/74a3870a946f5d774ade3569af61a72308e07ad3346f370c4b468ee2a9858658?s=96&d=mm&r=g","caption":"Direcci\u00f3n de Comunicaci\u00f3n"}}]}},"_links":{"self":[{"href":"https:\/\/prefecturadeesmeraldas.gob.ec\/index.php\/wp-json\/wp\/v2\/posts\/29489","targetHints":{"allow":["GET"]}}],"collection":[{"href":"https:\/\/prefecturadeesmeraldas.gob.ec\/index.php\/wp-json\/wp\/v2\/posts"}],"about":[{"href":"https:\/\/prefecturadeesmeraldas.gob.ec\/index.php\/wp-json\/wp\/v2\/types\/post"}],"author":[{"embeddable":true,"href":"https:\/\/prefecturadeesmeraldas.gob.ec\/index.php\/wp-json\/wp\/v2\/users\/2"}],"replies":[{"embeddable":true,"href":"https:\/\/prefecturadeesmeraldas.gob.ec\/index.php\/wp-json\/wp\/v2\/comments?post=29489"}],"version-history":[{"count":4,"href":"https:\/\/prefecturadeesmeraldas.gob.ec\/index.php\/wp-json\/wp\/v2\/posts\/29489\/revisions"}],"predecessor-version":[{"id":29494,"href":"https:\/\/prefecturadeesmeraldas.gob.ec\/index.php\/wp-json\/wp\/v2\/posts\/29489\/revisions\/29494"}],"wp:featuredmedia":[{"embeddable":true,"href":"https:\/\/prefecturadeesmeraldas.gob.ec\/index.php\/wp-json\/wp\/v2\/media\/29491"}],"wp:attachment":[{"href":"https:\/\/prefecturadeesmeraldas.gob.ec\/index.php\/wp-json\/wp\/v2\/media?parent=29489"}],"wp:term":[{"taxonomy":"category","embeddable":true,"href":"https:\/\/prefecturadeesmeraldas.gob.ec\/index.php\/wp-json\/wp\/v2\/categories?post=29489"},{"taxonomy":"post_tag","embeddable":true,"href":"https:\/\/prefecturadeesmeraldas.gob.ec\/index.php\/wp-json\/wp\/v2\/tags?post=29489"}],"curies":[{"name":"wp","href":"https:\/\/api.w.org\/{rel}","templated":true}]}}