{"id":29365,"date":"2025-04-04T10:08:25","date_gmt":"2025-04-04T15:08:25","guid":{"rendered":"https:\/\/prefecturadeesmeraldas.gob.ec\/?p=29365"},"modified":"2025-04-04T10:10:28","modified_gmt":"2025-04-04T15:10:28","slug":"directora-de-relaciones-internacionales-gestiona-becas-y-cooperacion-en-washington-d-c","status":"publish","type":"post","link":"https:\/\/prefecturadeesmeraldas.gob.ec\/index.php\/2025\/04\/04\/directora-de-relaciones-internacionales-gestiona-becas-y-cooperacion-en-washington-d-c\/","title":{"rendered":"Directora de Relaciones Internacionales gestiona becas y cooperaci\u00f3n en Washington D.C."},"content":{"rendered":"\t\t<div data-elementor-type=\"wp-post\" data-elementor-id=\"29365\" class=\"elementor elementor-29365\">\n\t\t\t\t<div class=\"elementor-element elementor-element-4722f0c e-flex e-con-boxed e-con e-parent\" data-id=\"4722f0c\" data-element_type=\"container\">\n\t\t\t\t\t<div class=\"e-con-inner\">\n\t\t\t\t<div class=\"elementor-element elementor-element-8a3f0ad elementor-widget elementor-widget-image\" data-id=\"8a3f0ad\" data-element_type=\"widget\" data-widget_type=\"image.default\">\n\t\t\t\t<div class=\"elementor-widget-container\">\n\t\t\t\t\t\t\t\t\t\t\t\t\t\t\t<img fetchpriority=\"high\" decoding=\"async\" width=\"960\" height=\"960\" src=\"https:\/\/prefecturadeesmeraldas.gob.ec\/wp-content\/uploads\/2025\/04\/WhatsApp-Image-2025-04-02-at-13.48.05-1.jpeg\" class=\"attachment-large size-large wp-image-29367\" alt=\"\" srcset=\"https:\/\/prefecturadeesmeraldas.gob.ec\/wp-content\/uploads\/2025\/04\/WhatsApp-Image-2025-04-02-at-13.48.05-1.jpeg 960w, https:\/\/prefecturadeesmeraldas.gob.ec\/wp-content\/uploads\/2025\/04\/WhatsApp-Image-2025-04-02-at-13.48.05-1-300x300.jpeg 300w, https:\/\/prefecturadeesmeraldas.gob.ec\/wp-content\/uploads\/2025\/04\/WhatsApp-Image-2025-04-02-at-13.48.05-1-150x150.jpeg 150w, https:\/\/prefecturadeesmeraldas.gob.ec\/wp-content\/uploads\/2025\/04\/WhatsApp-Image-2025-04-02-at-13.48.05-1-768x768.jpeg 768w, https:\/\/prefecturadeesmeraldas.gob.ec\/wp-content\/uploads\/2025\/04\/WhatsApp-Image-2025-04-02-at-13.48.05-1-440x440.jpeg 440w, https:\/\/prefecturadeesmeraldas.gob.ec\/wp-content\/uploads\/2025\/04\/WhatsApp-Image-2025-04-02-at-13.48.05-1-180x180.jpeg 180w, https:\/\/prefecturadeesmeraldas.gob.ec\/wp-content\/uploads\/2025\/04\/WhatsApp-Image-2025-04-02-at-13.48.05-1-120x120.jpeg 120w\" sizes=\"(max-width: 960px) 100vw, 960px\" \/>\t\t\t\t\t\t\t\t\t\t\t\t\t\t\t<\/div>\n\t\t\t\t<\/div>\n\t\t\t\t\t<\/div>\n\t\t\t\t<\/div>\n\t\t<div class=\"elementor-element elementor-element-053f958 e-flex e-con-boxed e-con e-parent\" data-id=\"053f958\" data-element_type=\"container\">\n\t\t\t\t\t<div class=\"e-con-inner\">\n\t\t\t\t<div class=\"elementor-element elementor-element-c0b553d elementor-widget elementor-widget-text-editor\" data-id=\"c0b553d\" data-element_type=\"widget\" data-widget_type=\"text-editor.default\">\n\t\t\t\t<div class=\"elementor-widget-container\">\n\t\t\t\t\t\t\t\t\t<p>Lady Cede\u00f1o Plaza, directora de Gesti\u00f3n de Relaciones Internacionales y Cooperaci\u00f3n, particip\u00f3 en el I Di\u00e1logo Hemisf\u00e9rico de Gobiernos Subnacionales en Washington D.C., donde logr\u00f3 la obtenci\u00f3n de 200 becas para diplomados dirigidos a j\u00f3venes en situaci\u00f3n de vulnerabilidad.<\/p><p>Durante su visita, Cede\u00f1o Plaza mantuvo reuniones en la sede de la Organizaci\u00f3n de los Estados Americanos (OEA) para fortalecer la cooperaci\u00f3n internacional en \u00e1reas claves como democracia, derechos humanos, educaci\u00f3n, seguridad y desarrollo.<\/p><p>&#8220;Esta visita ha sido crucial para impulsar una agenda que beneficie a nuestra provincia en temas fundamentales para la educaci\u00f3n y progreso&#8221;, destac\u00f3 la funcionaria.<\/p><p>Adem\u00e1s, se consolidaron iniciativas para el fortalecimiento de los derechos humanos, la participaci\u00f3n ciudadana y la seguridad en la provincia de Esmeraldas.<\/p>\t\t\t\t\t\t\t\t<\/div>\n\t\t\t\t<\/div>\n\t\t\t\t\t<\/div>\n\t\t\t\t<\/div>\n\t\t\t\t<\/div>\n\t\t","protected":false},"excerpt":{"rendered":"<p>Lady Cede\u00f1o Plaza, directora de Gesti\u00f3n de Relaciones Internacionales y Cooperaci\u00f3n, particip\u00f3 en el I Di\u00e1logo Hemisf\u00e9rico de Gobiernos Subnacionales en Washington D.C., donde logr\u00f3 la obtenci\u00f3n de 200 becas para diplomados dirigidos a j\u00f3venes en situaci\u00f3n de vulnerabilidad. Durante su visita, Cede\u00f1o Plaza mantuvo reuniones en la sede de la Organizaci\u00f3n de los Estados [&hellip;]<\/p>\n","protected":false},"author":2,"featured_media":29367,"comment_status":"closed","ping_status":"open","sticky":false,"template":"","format":"standard","meta":{"footnotes":""},"categories":[24],"tags":[],"class_list":["post-29365","post","type-post","status-publish","format-standard","has-post-thumbnail","hentry","category-cooperacion-internacional"],"yoast_head":"<!-- This site is optimized with the Yoast SEO plugin v25.7 - https:\/\/yoast.com\/wordpress\/plugins\/seo\/ -->\n<title>Directora de Relaciones Internacionales gestiona becas y cooperaci\u00f3n en Washington D.C. - Gobierno Aut\u00f3nomo Descentralizado de la Provincia de Esmeraldas<\/title>\n<meta name=\"robots\" content=\"index, follow, max-snippet:-1, max-image-preview:large, max-video-preview:-1\" \/>\n<link rel=\"canonical\" href=\"https:\/\/prefecturadeesmeraldas.gob.ec\/index.php\/2025\/04\/04\/directora-de-relaciones-internacionales-gestiona-becas-y-cooperacion-en-washington-d-c\/\" \/>\n<meta property=\"og:locale\" content=\"es_ES\" \/>\n<meta property=\"og:type\" content=\"article\" \/>\n<meta property=\"og:title\" content=\"Directora de Relaciones Internacionales gestiona becas y cooperaci\u00f3n en Washington D.C. - Gobierno Aut\u00f3nomo Descentralizado de la Provincia de Esmeraldas\" \/>\n<meta property=\"og:description\" content=\"Lady Cede\u00f1o Plaza, directora de Gesti\u00f3n de Relaciones Internacionales y Cooperaci\u00f3n, particip\u00f3 en el I Di\u00e1logo Hemisf\u00e9rico de Gobiernos Subnacionales en Washington D.C., donde logr\u00f3 la obtenci\u00f3n de 200 becas para diplomados dirigidos a j\u00f3venes en situaci\u00f3n de vulnerabilidad. Durante su visita, Cede\u00f1o Plaza mantuvo reuniones en la sede de la Organizaci\u00f3n de los Estados [&hellip;]\" \/>\n<meta property=\"og:url\" content=\"https:\/\/prefecturadeesmeraldas.gob.ec\/index.php\/2025\/04\/04\/directora-de-relaciones-internacionales-gestiona-becas-y-cooperacion-en-washington-d-c\/\" \/>\n<meta property=\"og:site_name\" content=\"Gobierno Aut\u00f3nomo Descentralizado de la Provincia de Esmeraldas\" \/>\n<meta property=\"article:publisher\" content=\"https:\/\/www.facebook.com\/PrefecturaEsmeraldas\/\" \/>\n<meta property=\"article:published_time\" content=\"2025-04-04T15:08:25+00:00\" \/>\n<meta property=\"article:modified_time\" content=\"2025-04-04T15:10:28+00:00\" \/>\n<meta property=\"og:image\" content=\"https:\/\/prefecturadeesmeraldas.gob.ec\/wp-content\/uploads\/2025\/04\/WhatsApp-Image-2025-04-02-at-13.48.05-1.jpeg\" \/>\n\t<meta property=\"og:image:width\" content=\"960\" \/>\n\t<meta property=\"og:image:height\" content=\"960\" \/>\n\t<meta property=\"og:image:type\" content=\"image\/jpeg\" \/>\n<meta name=\"author\" content=\"Direcci\u00f3n de Comunicaci\u00f3n\" \/>\n<meta name=\"twitter:card\" content=\"summary_large_image\" \/>\n<meta name=\"twitter:label1\" content=\"Escrito por\" \/>\n\t<meta name=\"twitter:data1\" content=\"Direcci\u00f3n de Comunicaci\u00f3n\" \/>\n\t<meta name=\"twitter:label2\" content=\"Tiempo de lectura\" \/>\n\t<meta name=\"twitter:data2\" content=\"1 minuto\" \/>\n<script type=\"application\/ld+json\" class=\"yoast-schema-graph\">{\"@context\":\"https:\/\/schema.org\",\"@graph\":[{\"@type\":\"Article\",\"@id\":\"https:\/\/prefecturadeesmeraldas.gob.ec\/index.php\/2025\/04\/04\/directora-de-relaciones-internacionales-gestiona-becas-y-cooperacion-en-washington-d-c\/#article\",\"isPartOf\":{\"@id\":\"https:\/\/prefecturadeesmeraldas.gob.ec\/index.php\/2025\/04\/04\/directora-de-relaciones-internacionales-gestiona-becas-y-cooperacion-en-washington-d-c\/\"},\"author\":{\"name\":\"Direcci\u00f3n de Comunicaci\u00f3n\",\"@id\":\"https:\/\/prefecturadeesmeraldas.gob.ec\/#\/schema\/person\/b0c9e7b1ead7725994d1e319e8825234\"},\"headline\":\"Directora de Relaciones Internacionales gestiona becas y cooperaci\u00f3n en Washington D.C.\",\"datePublished\":\"2025-04-04T15:08:25+00:00\",\"dateModified\":\"2025-04-04T15:10:28+00:00\",\"mainEntityOfPage\":{\"@id\":\"https:\/\/prefecturadeesmeraldas.gob.ec\/index.php\/2025\/04\/04\/directora-de-relaciones-internacionales-gestiona-becas-y-cooperacion-en-washington-d-c\/\"},\"wordCount\":148,\"publisher\":{\"@id\":\"https:\/\/prefecturadeesmeraldas.gob.ec\/#organization\"},\"image\":{\"@id\":\"https:\/\/prefecturadeesmeraldas.gob.ec\/index.php\/2025\/04\/04\/directora-de-relaciones-internacionales-gestiona-becas-y-cooperacion-en-washington-d-c\/#primaryimage\"},\"thumbnailUrl\":\"https:\/\/prefecturadeesmeraldas.gob.ec\/wp-content\/uploads\/2025\/04\/WhatsApp-Image-2025-04-02-at-13.48.05-1.jpeg\",\"articleSection\":[\"Cooperaci\u00f3n Internacional\"],\"inLanguage\":\"es\"},{\"@type\":\"WebPage\",\"@id\":\"https:\/\/prefecturadeesmeraldas.gob.ec\/index.php\/2025\/04\/04\/directora-de-relaciones-internacionales-gestiona-becas-y-cooperacion-en-washington-d-c\/\",\"url\":\"https:\/\/prefecturadeesmeraldas.gob.ec\/index.php\/2025\/04\/04\/directora-de-relaciones-internacionales-gestiona-becas-y-cooperacion-en-washington-d-c\/\",\"name\":\"Directora de Relaciones Internacionales gestiona becas y cooperaci\u00f3n en Washington D.C. - Gobierno Aut\u00f3nomo Descentralizado de la Provincia de Esmeraldas\",\"isPartOf\":{\"@id\":\"https:\/\/prefecturadeesmeraldas.gob.ec\/#website\"},\"primaryImageOfPage\":{\"@id\":\"https:\/\/prefecturadeesmeraldas.gob.ec\/index.php\/2025\/04\/04\/directora-de-relaciones-internacionales-gestiona-becas-y-cooperacion-en-washington-d-c\/#primaryimage\"},\"image\":{\"@id\":\"https:\/\/prefecturadeesmeraldas.gob.ec\/index.php\/2025\/04\/04\/directora-de-relaciones-internacionales-gestiona-becas-y-cooperacion-en-washington-d-c\/#primaryimage\"},\"thumbnailUrl\":\"https:\/\/prefecturadeesmeraldas.gob.ec\/wp-content\/uploads\/2025\/04\/WhatsApp-Image-2025-04-02-at-13.48.05-1.jpeg\",\"datePublished\":\"2025-04-04T15:08:25+00:00\",\"dateModified\":\"2025-04-04T15:10:28+00:00\",\"breadcrumb\":{\"@id\":\"https:\/\/prefecturadeesmeraldas.gob.ec\/index.php\/2025\/04\/04\/directora-de-relaciones-internacionales-gestiona-becas-y-cooperacion-en-washington-d-c\/#breadcrumb\"},\"inLanguage\":\"es\",\"potentialAction\":[{\"@type\":\"ReadAction\",\"target\":[\"https:\/\/prefecturadeesmeraldas.gob.ec\/index.php\/2025\/04\/04\/directora-de-relaciones-internacionales-gestiona-becas-y-cooperacion-en-washington-d-c\/\"]}]},{\"@type\":\"ImageObject\",\"inLanguage\":\"es\",\"@id\":\"https:\/\/prefecturadeesmeraldas.gob.ec\/index.php\/2025\/04\/04\/directora-de-relaciones-internacionales-gestiona-becas-y-cooperacion-en-washington-d-c\/#primaryimage\",\"url\":\"https:\/\/prefecturadeesmeraldas.gob.ec\/wp-content\/uploads\/2025\/04\/WhatsApp-Image-2025-04-02-at-13.48.05-1.jpeg\",\"contentUrl\":\"https:\/\/prefecturadeesmeraldas.gob.ec\/wp-content\/uploads\/2025\/04\/WhatsApp-Image-2025-04-02-at-13.48.05-1.jpeg\",\"width\":960,\"height\":960},{\"@type\":\"BreadcrumbList\",\"@id\":\"https:\/\/prefecturadeesmeraldas.gob.ec\/index.php\/2025\/04\/04\/directora-de-relaciones-internacionales-gestiona-becas-y-cooperacion-en-washington-d-c\/#breadcrumb\",\"itemListElement\":[{\"@type\":\"ListItem\",\"position\":1,\"name\":\"Home\",\"item\":\"https:\/\/prefecturadeesmeraldas.gob.ec\/\"},{\"@type\":\"ListItem\",\"position\":2,\"name\":\"Directora de Relaciones Internacionales gestiona becas y cooperaci\u00f3n en Washington D.C.\"}]},{\"@type\":\"WebSite\",\"@id\":\"https:\/\/prefecturadeesmeraldas.gob.ec\/#website\",\"url\":\"https:\/\/prefecturadeesmeraldas.gob.ec\/\",\"name\":\"Gobierno Aut\u00f3nomo Descentralizado de la Provincia de Esmeraldas\",\"description\":\"Gobierno Aut\u00f3nomo Descentralizado de la Provincia de Esmeraldas\",\"publisher\":{\"@id\":\"https:\/\/prefecturadeesmeraldas.gob.ec\/#organization\"},\"potentialAction\":[{\"@type\":\"SearchAction\",\"target\":{\"@type\":\"EntryPoint\",\"urlTemplate\":\"https:\/\/prefecturadeesmeraldas.gob.ec\/?s={search_term_string}\"},\"query-input\":{\"@type\":\"PropertyValueSpecification\",\"valueRequired\":true,\"valueName\":\"search_term_string\"}}],\"inLanguage\":\"es\"},{\"@type\":\"Organization\",\"@id\":\"https:\/\/prefecturadeesmeraldas.gob.ec\/#organization\",\"name\":\"Gobierno Aut\u00f3nomo Descentralizado de la Provincia de Esmeraldas\",\"url\":\"https:\/\/prefecturadeesmeraldas.gob.ec\/\",\"logo\":{\"@type\":\"ImageObject\",\"inLanguage\":\"es\",\"@id\":\"https:\/\/prefecturadeesmeraldas.gob.ec\/#\/schema\/logo\/image\/\",\"url\":\"https:\/\/prefecturadeesmeraldas.gob.ec\/wp-content\/uploads\/2019\/06\/logo.png\",\"contentUrl\":\"https:\/\/prefecturadeesmeraldas.gob.ec\/wp-content\/uploads\/2019\/06\/logo.png\",\"width\":859,\"height\":448,\"caption\":\"Gobierno Aut\u00f3nomo Descentralizado de la Provincia de Esmeraldas\"},\"image\":{\"@id\":\"https:\/\/prefecturadeesmeraldas.gob.ec\/#\/schema\/logo\/image\/\"},\"sameAs\":[\"https:\/\/www.facebook.com\/PrefecturaEsmeraldas\/\"]},{\"@type\":\"Person\",\"@id\":\"https:\/\/prefecturadeesmeraldas.gob.ec\/#\/schema\/person\/b0c9e7b1ead7725994d1e319e8825234\",\"name\":\"Direcci\u00f3n de Comunicaci\u00f3n\",\"image\":{\"@type\":\"ImageObject\",\"inLanguage\":\"es\",\"@id\":\"https:\/\/prefecturadeesmeraldas.gob.ec\/#\/schema\/person\/image\/\",\"url\":\"https:\/\/secure.gravatar.com\/avatar\/74a3870a946f5d774ade3569af61a72308e07ad3346f370c4b468ee2a9858658?s=96&d=mm&r=g\",\"contentUrl\":\"https:\/\/secure.gravatar.com\/avatar\/74a3870a946f5d774ade3569af61a72308e07ad3346f370c4b468ee2a9858658?s=96&d=mm&r=g\",\"caption\":\"Direcci\u00f3n de Comunicaci\u00f3n\"}}]}<\/script>\n<!-- \/ Yoast SEO plugin. -->","yoast_head_json":{"title":"Directora de Relaciones Internacionales gestiona becas y cooperaci\u00f3n en Washington D.C. - Gobierno Aut\u00f3nomo Descentralizado de la Provincia de Esmeraldas","robots":{"index":"index","follow":"follow","max-snippet":"max-snippet:-1","max-image-preview":"max-image-preview:large","max-video-preview":"max-video-preview:-1"},"canonical":"https:\/\/prefecturadeesmeraldas.gob.ec\/index.php\/2025\/04\/04\/directora-de-relaciones-internacionales-gestiona-becas-y-cooperacion-en-washington-d-c\/","og_locale":"es_ES","og_type":"article","og_title":"Directora de Relaciones Internacionales gestiona becas y cooperaci\u00f3n en Washington D.C. - Gobierno Aut\u00f3nomo Descentralizado de la Provincia de Esmeraldas","og_description":"Lady Cede\u00f1o Plaza, directora de Gesti\u00f3n de Relaciones Internacionales y Cooperaci\u00f3n, particip\u00f3 en el I Di\u00e1logo Hemisf\u00e9rico de Gobiernos Subnacionales en Washington D.C., donde logr\u00f3 la obtenci\u00f3n de 200 becas para diplomados dirigidos a j\u00f3venes en situaci\u00f3n de vulnerabilidad. Durante su visita, Cede\u00f1o Plaza mantuvo reuniones en la sede de la Organizaci\u00f3n de los Estados [&hellip;]","og_url":"https:\/\/prefecturadeesmeraldas.gob.ec\/index.php\/2025\/04\/04\/directora-de-relaciones-internacionales-gestiona-becas-y-cooperacion-en-washington-d-c\/","og_site_name":"Gobierno Aut\u00f3nomo Descentralizado de la Provincia de Esmeraldas","article_publisher":"https:\/\/www.facebook.com\/PrefecturaEsmeraldas\/","article_published_time":"2025-04-04T15:08:25+00:00","article_modified_time":"2025-04-04T15:10:28+00:00","og_image":[{"width":960,"height":960,"url":"https:\/\/prefecturadeesmeraldas.gob.ec\/wp-content\/uploads\/2025\/04\/WhatsApp-Image-2025-04-02-at-13.48.05-1.jpeg","type":"image\/jpeg"}],"author":"Direcci\u00f3n de Comunicaci\u00f3n","twitter_card":"summary_large_image","twitter_misc":{"Escrito por":"Direcci\u00f3n de Comunicaci\u00f3n","Tiempo de lectura":"1 minuto"},"schema":{"@context":"https:\/\/schema.org","@graph":[{"@type":"Article","@id":"https:\/\/prefecturadeesmeraldas.gob.ec\/index.php\/2025\/04\/04\/directora-de-relaciones-internacionales-gestiona-becas-y-cooperacion-en-washington-d-c\/#article","isPartOf":{"@id":"https:\/\/prefecturadeesmeraldas.gob.ec\/index.php\/2025\/04\/04\/directora-de-relaciones-internacionales-gestiona-becas-y-cooperacion-en-washington-d-c\/"},"author":{"name":"Direcci\u00f3n de Comunicaci\u00f3n","@id":"https:\/\/prefecturadeesmeraldas.gob.ec\/#\/schema\/person\/b0c9e7b1ead7725994d1e319e8825234"},"headline":"Directora de Relaciones Internacionales gestiona becas y cooperaci\u00f3n en Washington D.C.","datePublished":"2025-04-04T15:08:25+00:00","dateModified":"2025-04-04T15:10:28+00:00","mainEntityOfPage":{"@id":"https:\/\/prefecturadeesmeraldas.gob.ec\/index.php\/2025\/04\/04\/directora-de-relaciones-internacionales-gestiona-becas-y-cooperacion-en-washington-d-c\/"},"wordCount":148,"publisher":{"@id":"https:\/\/prefecturadeesmeraldas.gob.ec\/#organization"},"image":{"@id":"https:\/\/prefecturadeesmeraldas.gob.ec\/index.php\/2025\/04\/04\/directora-de-relaciones-internacionales-gestiona-becas-y-cooperacion-en-washington-d-c\/#primaryimage"},"thumbnailUrl":"https:\/\/prefecturadeesmeraldas.gob.ec\/wp-content\/uploads\/2025\/04\/WhatsApp-Image-2025-04-02-at-13.48.05-1.jpeg","articleSection":["Cooperaci\u00f3n Internacional"],"inLanguage":"es"},{"@type":"WebPage","@id":"https:\/\/prefecturadeesmeraldas.gob.ec\/index.php\/2025\/04\/04\/directora-de-relaciones-internacionales-gestiona-becas-y-cooperacion-en-washington-d-c\/","url":"https:\/\/prefecturadeesmeraldas.gob.ec\/index.php\/2025\/04\/04\/directora-de-relaciones-internacionales-gestiona-becas-y-cooperacion-en-washington-d-c\/","name":"Directora de Relaciones Internacionales gestiona becas y cooperaci\u00f3n en Washington D.C. - Gobierno Aut\u00f3nomo Descentralizado de la Provincia de Esmeraldas","isPartOf":{"@id":"https:\/\/prefecturadeesmeraldas.gob.ec\/#website"},"primaryImageOfPage":{"@id":"https:\/\/prefecturadeesmeraldas.gob.ec\/index.php\/2025\/04\/04\/directora-de-relaciones-internacionales-gestiona-becas-y-cooperacion-en-washington-d-c\/#primaryimage"},"image":{"@id":"https:\/\/prefecturadeesmeraldas.gob.ec\/index.php\/2025\/04\/04\/directora-de-relaciones-internacionales-gestiona-becas-y-cooperacion-en-washington-d-c\/#primaryimage"},"thumbnailUrl":"https:\/\/prefecturadeesmeraldas.gob.ec\/wp-content\/uploads\/2025\/04\/WhatsApp-Image-2025-04-02-at-13.48.05-1.jpeg","datePublished":"2025-04-04T15:08:25+00:00","dateModified":"2025-04-04T15:10:28+00:00","breadcrumb":{"@id":"https:\/\/prefecturadeesmeraldas.gob.ec\/index.php\/2025\/04\/04\/directora-de-relaciones-internacionales-gestiona-becas-y-cooperacion-en-washington-d-c\/#breadcrumb"},"inLanguage":"es","potentialAction":[{"@type":"ReadAction","target":["https:\/\/prefecturadeesmeraldas.gob.ec\/index.php\/2025\/04\/04\/directora-de-relaciones-internacionales-gestiona-becas-y-cooperacion-en-washington-d-c\/"]}]},{"@type":"ImageObject","inLanguage":"es","@id":"https:\/\/prefecturadeesmeraldas.gob.ec\/index.php\/2025\/04\/04\/directora-de-relaciones-internacionales-gestiona-becas-y-cooperacion-en-washington-d-c\/#primaryimage","url":"https:\/\/prefecturadeesmeraldas.gob.ec\/wp-content\/uploads\/2025\/04\/WhatsApp-Image-2025-04-02-at-13.48.05-1.jpeg","contentUrl":"https:\/\/prefecturadeesmeraldas.gob.ec\/wp-content\/uploads\/2025\/04\/WhatsApp-Image-2025-04-02-at-13.48.05-1.jpeg","width":960,"height":960},{"@type":"BreadcrumbList","@id":"https:\/\/prefecturadeesmeraldas.gob.ec\/index.php\/2025\/04\/04\/directora-de-relaciones-internacionales-gestiona-becas-y-cooperacion-en-washington-d-c\/#breadcrumb","itemListElement":[{"@type":"ListItem","position":1,"name":"Home","item":"https:\/\/prefecturadeesmeraldas.gob.ec\/"},{"@type":"ListItem","position":2,"name":"Directora de Relaciones Internacionales gestiona becas y cooperaci\u00f3n en Washington D.C."}]},{"@type":"WebSite","@id":"https:\/\/prefecturadeesmeraldas.gob.ec\/#website","url":"https:\/\/prefecturadeesmeraldas.gob.ec\/","name":"Gobierno Aut\u00f3nomo Descentralizado de la Provincia de Esmeraldas","description":"Gobierno Aut\u00f3nomo Descentralizado de la Provincia de Esmeraldas","publisher":{"@id":"https:\/\/prefecturadeesmeraldas.gob.ec\/#organization"},"potentialAction":[{"@type":"SearchAction","target":{"@type":"EntryPoint","urlTemplate":"https:\/\/prefecturadeesmeraldas.gob.ec\/?s={search_term_string}"},"query-input":{"@type":"PropertyValueSpecification","valueRequired":true,"valueName":"search_term_string"}}],"inLanguage":"es"},{"@type":"Organization","@id":"https:\/\/prefecturadeesmeraldas.gob.ec\/#organization","name":"Gobierno Aut\u00f3nomo Descentralizado de la Provincia de Esmeraldas","url":"https:\/\/prefecturadeesmeraldas.gob.ec\/","logo":{"@type":"ImageObject","inLanguage":"es","@id":"https:\/\/prefecturadeesmeraldas.gob.ec\/#\/schema\/logo\/image\/","url":"https:\/\/prefecturadeesmeraldas.gob.ec\/wp-content\/uploads\/2019\/06\/logo.png","contentUrl":"https:\/\/prefecturadeesmeraldas.gob.ec\/wp-content\/uploads\/2019\/06\/logo.png","width":859,"height":448,"caption":"Gobierno Aut\u00f3nomo Descentralizado de la Provincia de Esmeraldas"},"image":{"@id":"https:\/\/prefecturadeesmeraldas.gob.ec\/#\/schema\/logo\/image\/"},"sameAs":["https:\/\/www.facebook.com\/PrefecturaEsmeraldas\/"]},{"@type":"Person","@id":"https:\/\/prefecturadeesmeraldas.gob.ec\/#\/schema\/person\/b0c9e7b1ead7725994d1e319e8825234","name":"Direcci\u00f3n de Comunicaci\u00f3n","image":{"@type":"ImageObject","inLanguage":"es","@id":"https:\/\/prefecturadeesmeraldas.gob.ec\/#\/schema\/person\/image\/","url":"https:\/\/secure.gravatar.com\/avatar\/74a3870a946f5d774ade3569af61a72308e07ad3346f370c4b468ee2a9858658?s=96&d=mm&r=g","contentUrl":"https:\/\/secure.gravatar.com\/avatar\/74a3870a946f5d774ade3569af61a72308e07ad3346f370c4b468ee2a9858658?s=96&d=mm&r=g","caption":"Direcci\u00f3n de Comunicaci\u00f3n"}}]}},"_links":{"self":[{"href":"https:\/\/prefecturadeesmeraldas.gob.ec\/index.php\/wp-json\/wp\/v2\/posts\/29365","targetHints":{"allow":["GET"]}}],"collection":[{"href":"https:\/\/prefecturadeesmeraldas.gob.ec\/index.php\/wp-json\/wp\/v2\/posts"}],"about":[{"href":"https:\/\/prefecturadeesmeraldas.gob.ec\/index.php\/wp-json\/wp\/v2\/types\/post"}],"author":[{"embeddable":true,"href":"https:\/\/prefecturadeesmeraldas.gob.ec\/index.php\/wp-json\/wp\/v2\/users\/2"}],"replies":[{"embeddable":true,"href":"https:\/\/prefecturadeesmeraldas.gob.ec\/index.php\/wp-json\/wp\/v2\/comments?post=29365"}],"version-history":[{"count":4,"href":"https:\/\/prefecturadeesmeraldas.gob.ec\/index.php\/wp-json\/wp\/v2\/posts\/29365\/revisions"}],"predecessor-version":[{"id":29370,"href":"https:\/\/prefecturadeesmeraldas.gob.ec\/index.php\/wp-json\/wp\/v2\/posts\/29365\/revisions\/29370"}],"wp:featuredmedia":[{"embeddable":true,"href":"https:\/\/prefecturadeesmeraldas.gob.ec\/index.php\/wp-json\/wp\/v2\/media\/29367"}],"wp:attachment":[{"href":"https:\/\/prefecturadeesmeraldas.gob.ec\/index.php\/wp-json\/wp\/v2\/media?parent=29365"}],"wp:term":[{"taxonomy":"category","embeddable":true,"href":"https:\/\/prefecturadeesmeraldas.gob.ec\/index.php\/wp-json\/wp\/v2\/categories?post=29365"},{"taxonomy":"post_tag","embeddable":true,"href":"https:\/\/prefecturadeesmeraldas.gob.ec\/index.php\/wp-json\/wp\/v2\/tags?post=29365"}],"curies":[{"name":"wp","href":"https:\/\/api.w.org\/{rel}","templated":true}]}}