{"id":29353,"date":"2025-04-04T10:01:43","date_gmt":"2025-04-04T15:01:43","guid":{"rendered":"https:\/\/prefecturadeesmeraldas.gob.ec\/?p=29353"},"modified":"2025-04-04T10:06:59","modified_gmt":"2025-04-04T15:06:59","slug":"prefectura-realiza-intervencion-en-el-sector-la-pimienta-canton-quininde","status":"publish","type":"post","link":"https:\/\/prefecturadeesmeraldas.gob.ec\/index.php\/2025\/04\/04\/prefectura-realiza-intervencion-en-el-sector-la-pimienta-canton-quininde\/","title":{"rendered":"Prefectura realiza intervenci\u00f3n en el sector la pimienta, cant\u00f3n Quinind\u00e9."},"content":{"rendered":"\t\t<div data-elementor-type=\"wp-post\" data-elementor-id=\"29353\" class=\"elementor elementor-29353\">\n\t\t\t\t<div class=\"elementor-element elementor-element-44914ed e-flex e-con-boxed e-con e-parent\" data-id=\"44914ed\" data-element_type=\"container\">\n\t\t\t\t\t<div class=\"e-con-inner\">\n\t\t\t\t<div class=\"elementor-element elementor-element-fd63ecd elementor-widget elementor-widget-image\" data-id=\"fd63ecd\" data-element_type=\"widget\" data-widget_type=\"image.default\">\n\t\t\t\t<div class=\"elementor-widget-container\">\n\t\t\t\t\t\t\t\t\t\t\t\t\t\t\t<img fetchpriority=\"high\" decoding=\"async\" width=\"728\" height=\"728\" src=\"https:\/\/prefecturadeesmeraldas.gob.ec\/wp-content\/uploads\/2025\/04\/111-3.jpg\" class=\"attachment-large size-large wp-image-29355\" alt=\"\" srcset=\"https:\/\/prefecturadeesmeraldas.gob.ec\/wp-content\/uploads\/2025\/04\/111-3.jpg 728w, https:\/\/prefecturadeesmeraldas.gob.ec\/wp-content\/uploads\/2025\/04\/111-3-300x300.jpg 300w, https:\/\/prefecturadeesmeraldas.gob.ec\/wp-content\/uploads\/2025\/04\/111-3-150x150.jpg 150w, https:\/\/prefecturadeesmeraldas.gob.ec\/wp-content\/uploads\/2025\/04\/111-3-440x440.jpg 440w, https:\/\/prefecturadeesmeraldas.gob.ec\/wp-content\/uploads\/2025\/04\/111-3-180x180.jpg 180w, https:\/\/prefecturadeesmeraldas.gob.ec\/wp-content\/uploads\/2025\/04\/111-3-120x120.jpg 120w\" sizes=\"(max-width: 728px) 100vw, 728px\" \/>\t\t\t\t\t\t\t\t\t\t\t\t\t\t\t<\/div>\n\t\t\t\t<\/div>\n\t\t\t\t\t<\/div>\n\t\t\t\t<\/div>\n\t\t<div class=\"elementor-element elementor-element-dbe5014 e-flex e-con-boxed e-con e-parent\" data-id=\"dbe5014\" data-element_type=\"container\">\n\t\t\t\t\t<div class=\"e-con-inner\">\n\t\t\t\t<div class=\"elementor-element elementor-element-94f7101 elementor-widget elementor-widget-text-editor\" data-id=\"94f7101\" data-element_type=\"widget\" data-widget_type=\"text-editor.default\">\n\t\t\t\t<div class=\"elementor-widget-container\">\n\t\t\t\t\t\t\t\t\t<p>La Prefectura de Esmeraldas contin\u00faa con su labor de mejorar la infraestructura vial en la provincia, realizando trabajos de limpieza de cunetas y la construcci\u00f3n de un bad\u00e9n en el sector de La Pimienta, en el cant\u00f3n Quinind\u00e9. Esta intervenci\u00f3n, que abarca un tramo de aproximadamente 50 metros, busca solucionar el hundimiento de la v\u00eda y mejorar el tr\u00e1nsito en una zona que se hab\u00eda deteriorado debido a las fuertes lluvias.<\/p><p>Rodrigo Mosquera, habitante de la entrada a la comunidad El Azuay, comparti\u00f3 su satisfacci\u00f3n por los trabajos realizados. &#8220;La v\u00eda estaba en muy mal estado en este tramo, ya que el terreno se hab\u00eda hundido y los veh\u00edculos no pod\u00edan transitar. Ahora, todos en las comunidades beneficiadas estamos contentos con el trabajo que realiza la Prefectura&#8221;, expres\u00f3 Mosquera.<\/p><p>Por su parte, Jefferson Merizalde, habitante de la comunidad El Rosario, detall\u00f3 que las intensas lluvias provocaron el deterioro de la v\u00eda, lo que dificultaba el tr\u00e1nsito de veh\u00edculos y el acceso de los productores a los mercados. &#8220;Gracias a la intervenci\u00f3n, ahora podemos transitar sin mayores problemas y sacar nuestros productos&#8221;, se\u00f1al\u00f3 Merizalde.<\/p><p>Jos\u00e9 Chillaguano, quien tiene una propiedad en Boca de Mache y ha vivido en la zona durante m\u00e1s de 50 a\u00f1os, explic\u00f3 que la tierra en la regi\u00f3n es muy suave y, debido a las constantes lluvias, la carretera sufri\u00f3 un grave deterioro. &#8220;Es un alivio ver que finalmente se est\u00e1n tomando medidas para solucionar este problema que nos afecta desde hace tiempo&#8221;, coment\u00f3 Chillaguano.<\/p><p>La construcci\u00f3n del bad\u00e9n y la limpieza de las cunetas son una soluci\u00f3n temporal que permite restablecer la circulaci\u00f3n en este importante tramo vial, beneficiando a los habitantes de las comunidades cercanas. Con este tipo de intervenciones, la Prefectura reafirma su compromiso con la mejora de la infraestructura y el bienestar de los ciudadanos de la provincia. <\/p>\t\t\t\t\t\t\t\t<\/div>\n\t\t\t\t<\/div>\n\t\t\t\t\t<\/div>\n\t\t\t\t<\/div>\n\t\t\t\t<\/div>\n\t\t","protected":false},"excerpt":{"rendered":"<p>La Prefectura de Esmeraldas contin\u00faa con su labor de mejorar la infraestructura vial en la provincia, realizando trabajos de limpieza de cunetas y la construcci\u00f3n de un bad\u00e9n en el sector de La Pimienta, en el cant\u00f3n Quinind\u00e9. Esta intervenci\u00f3n, que abarca un tramo de aproximadamente 50 metros, busca solucionar el hundimiento de la v\u00eda [&hellip;]<\/p>\n","protected":false},"author":2,"featured_media":29355,"comment_status":"closed","ping_status":"open","sticky":false,"template":"","format":"standard","meta":{"footnotes":""},"categories":[14],"tags":[],"class_list":["post-29353","post","type-post","status-publish","format-standard","has-post-thumbnail","hentry","category-vialidad"],"yoast_head":"<!-- This site is optimized with the Yoast SEO plugin v25.7 - https:\/\/yoast.com\/wordpress\/plugins\/seo\/ -->\n<title>Prefectura realiza intervenci\u00f3n en el sector la pimienta, cant\u00f3n Quinind\u00e9. - Gobierno Aut\u00f3nomo Descentralizado de la Provincia de Esmeraldas<\/title>\n<meta name=\"robots\" content=\"index, follow, max-snippet:-1, max-image-preview:large, max-video-preview:-1\" \/>\n<link rel=\"canonical\" href=\"https:\/\/prefecturadeesmeraldas.gob.ec\/index.php\/2025\/04\/04\/prefectura-realiza-intervencion-en-el-sector-la-pimienta-canton-quininde\/\" \/>\n<meta property=\"og:locale\" content=\"es_ES\" \/>\n<meta property=\"og:type\" content=\"article\" \/>\n<meta property=\"og:title\" content=\"Prefectura realiza intervenci\u00f3n en el sector la pimienta, cant\u00f3n Quinind\u00e9. - Gobierno Aut\u00f3nomo Descentralizado de la Provincia de Esmeraldas\" \/>\n<meta property=\"og:description\" content=\"La Prefectura de Esmeraldas contin\u00faa con su labor de mejorar la infraestructura vial en la provincia, realizando trabajos de limpieza de cunetas y la construcci\u00f3n de un bad\u00e9n en el sector de La Pimienta, en el cant\u00f3n Quinind\u00e9. Esta intervenci\u00f3n, que abarca un tramo de aproximadamente 50 metros, busca solucionar el hundimiento de la v\u00eda [&hellip;]\" \/>\n<meta property=\"og:url\" content=\"https:\/\/prefecturadeesmeraldas.gob.ec\/index.php\/2025\/04\/04\/prefectura-realiza-intervencion-en-el-sector-la-pimienta-canton-quininde\/\" \/>\n<meta property=\"og:site_name\" content=\"Gobierno Aut\u00f3nomo Descentralizado de la Provincia de Esmeraldas\" \/>\n<meta property=\"article:publisher\" content=\"https:\/\/www.facebook.com\/PrefecturaEsmeraldas\/\" \/>\n<meta property=\"article:published_time\" content=\"2025-04-04T15:01:43+00:00\" \/>\n<meta property=\"article:modified_time\" content=\"2025-04-04T15:06:59+00:00\" \/>\n<meta property=\"og:image\" content=\"https:\/\/prefecturadeesmeraldas.gob.ec\/wp-content\/uploads\/2025\/04\/111-3.jpg\" \/>\n\t<meta property=\"og:image:width\" content=\"728\" \/>\n\t<meta property=\"og:image:height\" content=\"728\" \/>\n\t<meta property=\"og:image:type\" content=\"image\/jpeg\" \/>\n<meta name=\"author\" content=\"Direcci\u00f3n de Comunicaci\u00f3n\" \/>\n<meta name=\"twitter:card\" content=\"summary_large_image\" \/>\n<meta name=\"twitter:label1\" content=\"Escrito por\" \/>\n\t<meta name=\"twitter:data1\" content=\"Direcci\u00f3n de Comunicaci\u00f3n\" \/>\n\t<meta name=\"twitter:label2\" content=\"Tiempo de lectura\" \/>\n\t<meta name=\"twitter:data2\" content=\"2 minutos\" \/>\n<script type=\"application\/ld+json\" class=\"yoast-schema-graph\">{\"@context\":\"https:\/\/schema.org\",\"@graph\":[{\"@type\":\"Article\",\"@id\":\"https:\/\/prefecturadeesmeraldas.gob.ec\/index.php\/2025\/04\/04\/prefectura-realiza-intervencion-en-el-sector-la-pimienta-canton-quininde\/#article\",\"isPartOf\":{\"@id\":\"https:\/\/prefecturadeesmeraldas.gob.ec\/index.php\/2025\/04\/04\/prefectura-realiza-intervencion-en-el-sector-la-pimienta-canton-quininde\/\"},\"author\":{\"name\":\"Direcci\u00f3n de Comunicaci\u00f3n\",\"@id\":\"https:\/\/prefecturadeesmeraldas.gob.ec\/#\/schema\/person\/b0c9e7b1ead7725994d1e319e8825234\"},\"headline\":\"Prefectura realiza intervenci\u00f3n en el sector la pimienta, cant\u00f3n Quinind\u00e9.\",\"datePublished\":\"2025-04-04T15:01:43+00:00\",\"dateModified\":\"2025-04-04T15:06:59+00:00\",\"mainEntityOfPage\":{\"@id\":\"https:\/\/prefecturadeesmeraldas.gob.ec\/index.php\/2025\/04\/04\/prefectura-realiza-intervencion-en-el-sector-la-pimienta-canton-quininde\/\"},\"wordCount\":341,\"publisher\":{\"@id\":\"https:\/\/prefecturadeesmeraldas.gob.ec\/#organization\"},\"image\":{\"@id\":\"https:\/\/prefecturadeesmeraldas.gob.ec\/index.php\/2025\/04\/04\/prefectura-realiza-intervencion-en-el-sector-la-pimienta-canton-quininde\/#primaryimage\"},\"thumbnailUrl\":\"https:\/\/prefecturadeesmeraldas.gob.ec\/wp-content\/uploads\/2025\/04\/111-3.jpg\",\"articleSection\":[\"Vialidad\"],\"inLanguage\":\"es\"},{\"@type\":\"WebPage\",\"@id\":\"https:\/\/prefecturadeesmeraldas.gob.ec\/index.php\/2025\/04\/04\/prefectura-realiza-intervencion-en-el-sector-la-pimienta-canton-quininde\/\",\"url\":\"https:\/\/prefecturadeesmeraldas.gob.ec\/index.php\/2025\/04\/04\/prefectura-realiza-intervencion-en-el-sector-la-pimienta-canton-quininde\/\",\"name\":\"Prefectura realiza intervenci\u00f3n en el sector la pimienta, cant\u00f3n Quinind\u00e9. - Gobierno Aut\u00f3nomo Descentralizado de la Provincia de Esmeraldas\",\"isPartOf\":{\"@id\":\"https:\/\/prefecturadeesmeraldas.gob.ec\/#website\"},\"primaryImageOfPage\":{\"@id\":\"https:\/\/prefecturadeesmeraldas.gob.ec\/index.php\/2025\/04\/04\/prefectura-realiza-intervencion-en-el-sector-la-pimienta-canton-quininde\/#primaryimage\"},\"image\":{\"@id\":\"https:\/\/prefecturadeesmeraldas.gob.ec\/index.php\/2025\/04\/04\/prefectura-realiza-intervencion-en-el-sector-la-pimienta-canton-quininde\/#primaryimage\"},\"thumbnailUrl\":\"https:\/\/prefecturadeesmeraldas.gob.ec\/wp-content\/uploads\/2025\/04\/111-3.jpg\",\"datePublished\":\"2025-04-04T15:01:43+00:00\",\"dateModified\":\"2025-04-04T15:06:59+00:00\",\"breadcrumb\":{\"@id\":\"https:\/\/prefecturadeesmeraldas.gob.ec\/index.php\/2025\/04\/04\/prefectura-realiza-intervencion-en-el-sector-la-pimienta-canton-quininde\/#breadcrumb\"},\"inLanguage\":\"es\",\"potentialAction\":[{\"@type\":\"ReadAction\",\"target\":[\"https:\/\/prefecturadeesmeraldas.gob.ec\/index.php\/2025\/04\/04\/prefectura-realiza-intervencion-en-el-sector-la-pimienta-canton-quininde\/\"]}]},{\"@type\":\"ImageObject\",\"inLanguage\":\"es\",\"@id\":\"https:\/\/prefecturadeesmeraldas.gob.ec\/index.php\/2025\/04\/04\/prefectura-realiza-intervencion-en-el-sector-la-pimienta-canton-quininde\/#primaryimage\",\"url\":\"https:\/\/prefecturadeesmeraldas.gob.ec\/wp-content\/uploads\/2025\/04\/111-3.jpg\",\"contentUrl\":\"https:\/\/prefecturadeesmeraldas.gob.ec\/wp-content\/uploads\/2025\/04\/111-3.jpg\",\"width\":728,\"height\":728},{\"@type\":\"BreadcrumbList\",\"@id\":\"https:\/\/prefecturadeesmeraldas.gob.ec\/index.php\/2025\/04\/04\/prefectura-realiza-intervencion-en-el-sector-la-pimienta-canton-quininde\/#breadcrumb\",\"itemListElement\":[{\"@type\":\"ListItem\",\"position\":1,\"name\":\"Home\",\"item\":\"https:\/\/prefecturadeesmeraldas.gob.ec\/\"},{\"@type\":\"ListItem\",\"position\":2,\"name\":\"Prefectura realiza intervenci\u00f3n en el sector la pimienta, cant\u00f3n Quinind\u00e9.\"}]},{\"@type\":\"WebSite\",\"@id\":\"https:\/\/prefecturadeesmeraldas.gob.ec\/#website\",\"url\":\"https:\/\/prefecturadeesmeraldas.gob.ec\/\",\"name\":\"Gobierno Aut\u00f3nomo Descentralizado de la Provincia de Esmeraldas\",\"description\":\"Gobierno Aut\u00f3nomo Descentralizado de la Provincia de Esmeraldas\",\"publisher\":{\"@id\":\"https:\/\/prefecturadeesmeraldas.gob.ec\/#organization\"},\"potentialAction\":[{\"@type\":\"SearchAction\",\"target\":{\"@type\":\"EntryPoint\",\"urlTemplate\":\"https:\/\/prefecturadeesmeraldas.gob.ec\/?s={search_term_string}\"},\"query-input\":{\"@type\":\"PropertyValueSpecification\",\"valueRequired\":true,\"valueName\":\"search_term_string\"}}],\"inLanguage\":\"es\"},{\"@type\":\"Organization\",\"@id\":\"https:\/\/prefecturadeesmeraldas.gob.ec\/#organization\",\"name\":\"Gobierno Aut\u00f3nomo Descentralizado de la Provincia de Esmeraldas\",\"url\":\"https:\/\/prefecturadeesmeraldas.gob.ec\/\",\"logo\":{\"@type\":\"ImageObject\",\"inLanguage\":\"es\",\"@id\":\"https:\/\/prefecturadeesmeraldas.gob.ec\/#\/schema\/logo\/image\/\",\"url\":\"https:\/\/prefecturadeesmeraldas.gob.ec\/wp-content\/uploads\/2019\/06\/logo.png\",\"contentUrl\":\"https:\/\/prefecturadeesmeraldas.gob.ec\/wp-content\/uploads\/2019\/06\/logo.png\",\"width\":859,\"height\":448,\"caption\":\"Gobierno Aut\u00f3nomo Descentralizado de la Provincia de Esmeraldas\"},\"image\":{\"@id\":\"https:\/\/prefecturadeesmeraldas.gob.ec\/#\/schema\/logo\/image\/\"},\"sameAs\":[\"https:\/\/www.facebook.com\/PrefecturaEsmeraldas\/\"]},{\"@type\":\"Person\",\"@id\":\"https:\/\/prefecturadeesmeraldas.gob.ec\/#\/schema\/person\/b0c9e7b1ead7725994d1e319e8825234\",\"name\":\"Direcci\u00f3n de Comunicaci\u00f3n\",\"image\":{\"@type\":\"ImageObject\",\"inLanguage\":\"es\",\"@id\":\"https:\/\/prefecturadeesmeraldas.gob.ec\/#\/schema\/person\/image\/\",\"url\":\"https:\/\/secure.gravatar.com\/avatar\/74a3870a946f5d774ade3569af61a72308e07ad3346f370c4b468ee2a9858658?s=96&d=mm&r=g\",\"contentUrl\":\"https:\/\/secure.gravatar.com\/avatar\/74a3870a946f5d774ade3569af61a72308e07ad3346f370c4b468ee2a9858658?s=96&d=mm&r=g\",\"caption\":\"Direcci\u00f3n de Comunicaci\u00f3n\"}}]}<\/script>\n<!-- \/ Yoast SEO plugin. -->","yoast_head_json":{"title":"Prefectura realiza intervenci\u00f3n en el sector la pimienta, cant\u00f3n Quinind\u00e9. - Gobierno Aut\u00f3nomo Descentralizado de la Provincia de Esmeraldas","robots":{"index":"index","follow":"follow","max-snippet":"max-snippet:-1","max-image-preview":"max-image-preview:large","max-video-preview":"max-video-preview:-1"},"canonical":"https:\/\/prefecturadeesmeraldas.gob.ec\/index.php\/2025\/04\/04\/prefectura-realiza-intervencion-en-el-sector-la-pimienta-canton-quininde\/","og_locale":"es_ES","og_type":"article","og_title":"Prefectura realiza intervenci\u00f3n en el sector la pimienta, cant\u00f3n Quinind\u00e9. - Gobierno Aut\u00f3nomo Descentralizado de la Provincia de Esmeraldas","og_description":"La Prefectura de Esmeraldas contin\u00faa con su labor de mejorar la infraestructura vial en la provincia, realizando trabajos de limpieza de cunetas y la construcci\u00f3n de un bad\u00e9n en el sector de La Pimienta, en el cant\u00f3n Quinind\u00e9. Esta intervenci\u00f3n, que abarca un tramo de aproximadamente 50 metros, busca solucionar el hundimiento de la v\u00eda [&hellip;]","og_url":"https:\/\/prefecturadeesmeraldas.gob.ec\/index.php\/2025\/04\/04\/prefectura-realiza-intervencion-en-el-sector-la-pimienta-canton-quininde\/","og_site_name":"Gobierno Aut\u00f3nomo Descentralizado de la Provincia de Esmeraldas","article_publisher":"https:\/\/www.facebook.com\/PrefecturaEsmeraldas\/","article_published_time":"2025-04-04T15:01:43+00:00","article_modified_time":"2025-04-04T15:06:59+00:00","og_image":[{"width":728,"height":728,"url":"https:\/\/prefecturadeesmeraldas.gob.ec\/wp-content\/uploads\/2025\/04\/111-3.jpg","type":"image\/jpeg"}],"author":"Direcci\u00f3n de Comunicaci\u00f3n","twitter_card":"summary_large_image","twitter_misc":{"Escrito por":"Direcci\u00f3n de Comunicaci\u00f3n","Tiempo de lectura":"2 minutos"},"schema":{"@context":"https:\/\/schema.org","@graph":[{"@type":"Article","@id":"https:\/\/prefecturadeesmeraldas.gob.ec\/index.php\/2025\/04\/04\/prefectura-realiza-intervencion-en-el-sector-la-pimienta-canton-quininde\/#article","isPartOf":{"@id":"https:\/\/prefecturadeesmeraldas.gob.ec\/index.php\/2025\/04\/04\/prefectura-realiza-intervencion-en-el-sector-la-pimienta-canton-quininde\/"},"author":{"name":"Direcci\u00f3n de Comunicaci\u00f3n","@id":"https:\/\/prefecturadeesmeraldas.gob.ec\/#\/schema\/person\/b0c9e7b1ead7725994d1e319e8825234"},"headline":"Prefectura realiza intervenci\u00f3n en el sector la pimienta, cant\u00f3n Quinind\u00e9.","datePublished":"2025-04-04T15:01:43+00:00","dateModified":"2025-04-04T15:06:59+00:00","mainEntityOfPage":{"@id":"https:\/\/prefecturadeesmeraldas.gob.ec\/index.php\/2025\/04\/04\/prefectura-realiza-intervencion-en-el-sector-la-pimienta-canton-quininde\/"},"wordCount":341,"publisher":{"@id":"https:\/\/prefecturadeesmeraldas.gob.ec\/#organization"},"image":{"@id":"https:\/\/prefecturadeesmeraldas.gob.ec\/index.php\/2025\/04\/04\/prefectura-realiza-intervencion-en-el-sector-la-pimienta-canton-quininde\/#primaryimage"},"thumbnailUrl":"https:\/\/prefecturadeesmeraldas.gob.ec\/wp-content\/uploads\/2025\/04\/111-3.jpg","articleSection":["Vialidad"],"inLanguage":"es"},{"@type":"WebPage","@id":"https:\/\/prefecturadeesmeraldas.gob.ec\/index.php\/2025\/04\/04\/prefectura-realiza-intervencion-en-el-sector-la-pimienta-canton-quininde\/","url":"https:\/\/prefecturadeesmeraldas.gob.ec\/index.php\/2025\/04\/04\/prefectura-realiza-intervencion-en-el-sector-la-pimienta-canton-quininde\/","name":"Prefectura realiza intervenci\u00f3n en el sector la pimienta, cant\u00f3n Quinind\u00e9. - Gobierno Aut\u00f3nomo Descentralizado de la Provincia de Esmeraldas","isPartOf":{"@id":"https:\/\/prefecturadeesmeraldas.gob.ec\/#website"},"primaryImageOfPage":{"@id":"https:\/\/prefecturadeesmeraldas.gob.ec\/index.php\/2025\/04\/04\/prefectura-realiza-intervencion-en-el-sector-la-pimienta-canton-quininde\/#primaryimage"},"image":{"@id":"https:\/\/prefecturadeesmeraldas.gob.ec\/index.php\/2025\/04\/04\/prefectura-realiza-intervencion-en-el-sector-la-pimienta-canton-quininde\/#primaryimage"},"thumbnailUrl":"https:\/\/prefecturadeesmeraldas.gob.ec\/wp-content\/uploads\/2025\/04\/111-3.jpg","datePublished":"2025-04-04T15:01:43+00:00","dateModified":"2025-04-04T15:06:59+00:00","breadcrumb":{"@id":"https:\/\/prefecturadeesmeraldas.gob.ec\/index.php\/2025\/04\/04\/prefectura-realiza-intervencion-en-el-sector-la-pimienta-canton-quininde\/#breadcrumb"},"inLanguage":"es","potentialAction":[{"@type":"ReadAction","target":["https:\/\/prefecturadeesmeraldas.gob.ec\/index.php\/2025\/04\/04\/prefectura-realiza-intervencion-en-el-sector-la-pimienta-canton-quininde\/"]}]},{"@type":"ImageObject","inLanguage":"es","@id":"https:\/\/prefecturadeesmeraldas.gob.ec\/index.php\/2025\/04\/04\/prefectura-realiza-intervencion-en-el-sector-la-pimienta-canton-quininde\/#primaryimage","url":"https:\/\/prefecturadeesmeraldas.gob.ec\/wp-content\/uploads\/2025\/04\/111-3.jpg","contentUrl":"https:\/\/prefecturadeesmeraldas.gob.ec\/wp-content\/uploads\/2025\/04\/111-3.jpg","width":728,"height":728},{"@type":"BreadcrumbList","@id":"https:\/\/prefecturadeesmeraldas.gob.ec\/index.php\/2025\/04\/04\/prefectura-realiza-intervencion-en-el-sector-la-pimienta-canton-quininde\/#breadcrumb","itemListElement":[{"@type":"ListItem","position":1,"name":"Home","item":"https:\/\/prefecturadeesmeraldas.gob.ec\/"},{"@type":"ListItem","position":2,"name":"Prefectura realiza intervenci\u00f3n en el sector la pimienta, cant\u00f3n Quinind\u00e9."}]},{"@type":"WebSite","@id":"https:\/\/prefecturadeesmeraldas.gob.ec\/#website","url":"https:\/\/prefecturadeesmeraldas.gob.ec\/","name":"Gobierno Aut\u00f3nomo Descentralizado de la Provincia de Esmeraldas","description":"Gobierno Aut\u00f3nomo Descentralizado de la Provincia de Esmeraldas","publisher":{"@id":"https:\/\/prefecturadeesmeraldas.gob.ec\/#organization"},"potentialAction":[{"@type":"SearchAction","target":{"@type":"EntryPoint","urlTemplate":"https:\/\/prefecturadeesmeraldas.gob.ec\/?s={search_term_string}"},"query-input":{"@type":"PropertyValueSpecification","valueRequired":true,"valueName":"search_term_string"}}],"inLanguage":"es"},{"@type":"Organization","@id":"https:\/\/prefecturadeesmeraldas.gob.ec\/#organization","name":"Gobierno Aut\u00f3nomo Descentralizado de la Provincia de Esmeraldas","url":"https:\/\/prefecturadeesmeraldas.gob.ec\/","logo":{"@type":"ImageObject","inLanguage":"es","@id":"https:\/\/prefecturadeesmeraldas.gob.ec\/#\/schema\/logo\/image\/","url":"https:\/\/prefecturadeesmeraldas.gob.ec\/wp-content\/uploads\/2019\/06\/logo.png","contentUrl":"https:\/\/prefecturadeesmeraldas.gob.ec\/wp-content\/uploads\/2019\/06\/logo.png","width":859,"height":448,"caption":"Gobierno Aut\u00f3nomo Descentralizado de la Provincia de Esmeraldas"},"image":{"@id":"https:\/\/prefecturadeesmeraldas.gob.ec\/#\/schema\/logo\/image\/"},"sameAs":["https:\/\/www.facebook.com\/PrefecturaEsmeraldas\/"]},{"@type":"Person","@id":"https:\/\/prefecturadeesmeraldas.gob.ec\/#\/schema\/person\/b0c9e7b1ead7725994d1e319e8825234","name":"Direcci\u00f3n de Comunicaci\u00f3n","image":{"@type":"ImageObject","inLanguage":"es","@id":"https:\/\/prefecturadeesmeraldas.gob.ec\/#\/schema\/person\/image\/","url":"https:\/\/secure.gravatar.com\/avatar\/74a3870a946f5d774ade3569af61a72308e07ad3346f370c4b468ee2a9858658?s=96&d=mm&r=g","contentUrl":"https:\/\/secure.gravatar.com\/avatar\/74a3870a946f5d774ade3569af61a72308e07ad3346f370c4b468ee2a9858658?s=96&d=mm&r=g","caption":"Direcci\u00f3n de Comunicaci\u00f3n"}}]}},"_links":{"self":[{"href":"https:\/\/prefecturadeesmeraldas.gob.ec\/index.php\/wp-json\/wp\/v2\/posts\/29353","targetHints":{"allow":["GET"]}}],"collection":[{"href":"https:\/\/prefecturadeesmeraldas.gob.ec\/index.php\/wp-json\/wp\/v2\/posts"}],"about":[{"href":"https:\/\/prefecturadeesmeraldas.gob.ec\/index.php\/wp-json\/wp\/v2\/types\/post"}],"author":[{"embeddable":true,"href":"https:\/\/prefecturadeesmeraldas.gob.ec\/index.php\/wp-json\/wp\/v2\/users\/2"}],"replies":[{"embeddable":true,"href":"https:\/\/prefecturadeesmeraldas.gob.ec\/index.php\/wp-json\/wp\/v2\/comments?post=29353"}],"version-history":[{"count":4,"href":"https:\/\/prefecturadeesmeraldas.gob.ec\/index.php\/wp-json\/wp\/v2\/posts\/29353\/revisions"}],"predecessor-version":[{"id":29358,"href":"https:\/\/prefecturadeesmeraldas.gob.ec\/index.php\/wp-json\/wp\/v2\/posts\/29353\/revisions\/29358"}],"wp:featuredmedia":[{"embeddable":true,"href":"https:\/\/prefecturadeesmeraldas.gob.ec\/index.php\/wp-json\/wp\/v2\/media\/29355"}],"wp:attachment":[{"href":"https:\/\/prefecturadeesmeraldas.gob.ec\/index.php\/wp-json\/wp\/v2\/media?parent=29353"}],"wp:term":[{"taxonomy":"category","embeddable":true,"href":"https:\/\/prefecturadeesmeraldas.gob.ec\/index.php\/wp-json\/wp\/v2\/categories?post=29353"},{"taxonomy":"post_tag","embeddable":true,"href":"https:\/\/prefecturadeesmeraldas.gob.ec\/index.php\/wp-json\/wp\/v2\/tags?post=29353"}],"curies":[{"name":"wp","href":"https:\/\/api.w.org\/{rel}","templated":true}]}}