{"id":29243,"date":"2025-03-25T14:54:13","date_gmt":"2025-03-25T19:54:13","guid":{"rendered":"https:\/\/prefecturadeesmeraldas.gob.ec\/?p=29243"},"modified":"2025-03-25T14:55:34","modified_gmt":"2025-03-25T19:55:34","slug":"avanzan-trabajos-de-reconformacion-de-la-via-roto-cube","status":"publish","type":"post","link":"https:\/\/prefecturadeesmeraldas.gob.ec\/index.php\/2025\/03\/25\/avanzan-trabajos-de-reconformacion-de-la-via-roto-cube\/","title":{"rendered":"Avanzan trabajos de reconformaci\u00f3n de la v\u00eda Roto \u2013 Cube."},"content":{"rendered":"\t\t<div data-elementor-type=\"wp-post\" data-elementor-id=\"29243\" class=\"elementor elementor-29243\">\n\t\t\t\t<div class=\"elementor-element elementor-element-07a90bf e-flex e-con-boxed e-con e-parent\" data-id=\"07a90bf\" data-element_type=\"container\">\n\t\t\t\t\t<div class=\"e-con-inner\">\n\t\t\t\t<div class=\"elementor-element elementor-element-6e7ae2a elementor-widget elementor-widget-image\" data-id=\"6e7ae2a\" data-element_type=\"widget\" data-widget_type=\"image.default\">\n\t\t\t\t<div class=\"elementor-widget-container\">\n\t\t\t\t\t\t\t\t\t\t\t\t\t\t\t<img fetchpriority=\"high\" decoding=\"async\" width=\"866\" height=\"866\" src=\"https:\/\/prefecturadeesmeraldas.gob.ec\/wp-content\/uploads\/2025\/03\/111-14.jpg\" class=\"attachment-large size-large wp-image-29245\" alt=\"\" srcset=\"https:\/\/prefecturadeesmeraldas.gob.ec\/wp-content\/uploads\/2025\/03\/111-14.jpg 866w, https:\/\/prefecturadeesmeraldas.gob.ec\/wp-content\/uploads\/2025\/03\/111-14-300x300.jpg 300w, https:\/\/prefecturadeesmeraldas.gob.ec\/wp-content\/uploads\/2025\/03\/111-14-150x150.jpg 150w, https:\/\/prefecturadeesmeraldas.gob.ec\/wp-content\/uploads\/2025\/03\/111-14-768x768.jpg 768w, https:\/\/prefecturadeesmeraldas.gob.ec\/wp-content\/uploads\/2025\/03\/111-14-440x440.jpg 440w, https:\/\/prefecturadeesmeraldas.gob.ec\/wp-content\/uploads\/2025\/03\/111-14-180x180.jpg 180w, https:\/\/prefecturadeesmeraldas.gob.ec\/wp-content\/uploads\/2025\/03\/111-14-120x120.jpg 120w\" sizes=\"(max-width: 866px) 100vw, 866px\" \/>\t\t\t\t\t\t\t\t\t\t\t\t\t\t\t<\/div>\n\t\t\t\t<\/div>\n\t\t\t\t\t<\/div>\n\t\t\t\t<\/div>\n\t\t<div class=\"elementor-element elementor-element-a7a0ef7 e-flex e-con-boxed e-con e-parent\" data-id=\"a7a0ef7\" data-element_type=\"container\">\n\t\t\t\t\t<div class=\"e-con-inner\">\n\t\t\t\t<div class=\"elementor-element elementor-element-9e23dc3 elementor-widget elementor-widget-text-editor\" data-id=\"9e23dc3\" data-element_type=\"widget\" data-widget_type=\"text-editor.default\">\n\t\t\t\t<div class=\"elementor-widget-container\">\n\t\t\t\t\t\t\t\t\t<p>La Prefectura de Esmeraldas contin\u00faa trabajando de manera emergente en la reconformaci\u00f3n de la v\u00eda Roto Cube, en la parroquia Bol\u00edvar, como parte de su compromiso con la mejora de la infraestructura vial en las zonas rurales afectadas por las intensas lluvias. La intervenci\u00f3n incluye la limpieza de espaldones y el acondicionamiento de la v\u00eda, que hab\u00eda quedado en malas condiciones, impidiendo el paso seguro de veh\u00edculos y afectando la movilidad de los moradores de la zona.<\/p><p>Pedro Pablo Bone Jama, habitante de Bol\u00edvar, expres\u00f3 su satisfacci\u00f3n por los trabajos que se est\u00e1n llevando a cabo. \u201cLos veh\u00edculos no pod\u00edan transitar por el lugar debido al mal estado de la v\u00eda, lo que generaba grandes inconvenientes para los habitantes de la zona. Ahora, gracias a la intervenci\u00f3n de la Prefectura, todos estamos contentos porque los trabajos se est\u00e1n realizando de manera oportuna, sobre todo con las lluvias que siguen causando estragos\u201d, dijo.<\/p><p>Ra\u00fal Cando, otro residente de la zona, agreg\u00f3 que este problema ya llevaba varios a\u00f1os afectando a la comunidad. \u201cLos moradores nos reunimos con la Prefecta para exponerle el grave estado de la v\u00eda. Despu\u00e9s de ese di\u00e1logo, la Prefectura atendi\u00f3 nuestra solicitud y ahora estamos viendo los resultados. Ya se est\u00e1 trabajando en la v\u00eda, lo que es una gran ayuda para todos nosotros\u201d, destac\u00f3 Cando.<\/p><p>Con este esfuerzo, la Prefectura de Esmeraldas reafirma su compromiso con la atenci\u00f3n de las emergencias viales y la mejora de las condiciones de vida de los habitantes de las zonas rurales, permitiendo que las comunidades accedan de manera m\u00e1s segura y eficiente a servicios y mercados. <\/p>\t\t\t\t\t\t\t\t<\/div>\n\t\t\t\t<\/div>\n\t\t\t\t\t<\/div>\n\t\t\t\t<\/div>\n\t\t\t\t<\/div>\n\t\t","protected":false},"excerpt":{"rendered":"<p>La Prefectura de Esmeraldas contin\u00faa trabajando de manera emergente en la reconformaci\u00f3n de la v\u00eda Roto Cube, en la parroquia Bol\u00edvar, como parte de su compromiso con la mejora de la infraestructura vial en las zonas rurales afectadas por las intensas lluvias. La intervenci\u00f3n incluye la limpieza de espaldones y el acondicionamiento de la v\u00eda, [&hellip;]<\/p>\n","protected":false},"author":2,"featured_media":29245,"comment_status":"closed","ping_status":"open","sticky":false,"template":"","format":"standard","meta":{"footnotes":""},"categories":[14],"tags":[],"class_list":["post-29243","post","type-post","status-publish","format-standard","has-post-thumbnail","hentry","category-vialidad"],"yoast_head":"<!-- This site is optimized with the Yoast SEO plugin v25.7 - https:\/\/yoast.com\/wordpress\/plugins\/seo\/ -->\n<title>Avanzan trabajos de reconformaci\u00f3n de la v\u00eda Roto \u2013 Cube. - Gobierno Aut\u00f3nomo Descentralizado de la Provincia de Esmeraldas<\/title>\n<meta name=\"robots\" content=\"index, follow, max-snippet:-1, max-image-preview:large, max-video-preview:-1\" \/>\n<link rel=\"canonical\" href=\"https:\/\/prefecturadeesmeraldas.gob.ec\/index.php\/2025\/03\/25\/avanzan-trabajos-de-reconformacion-de-la-via-roto-cube\/\" \/>\n<meta property=\"og:locale\" content=\"es_ES\" \/>\n<meta property=\"og:type\" content=\"article\" \/>\n<meta property=\"og:title\" content=\"Avanzan trabajos de reconformaci\u00f3n de la v\u00eda Roto \u2013 Cube. - Gobierno Aut\u00f3nomo Descentralizado de la Provincia de Esmeraldas\" \/>\n<meta property=\"og:description\" content=\"La Prefectura de Esmeraldas contin\u00faa trabajando de manera emergente en la reconformaci\u00f3n de la v\u00eda Roto Cube, en la parroquia Bol\u00edvar, como parte de su compromiso con la mejora de la infraestructura vial en las zonas rurales afectadas por las intensas lluvias. La intervenci\u00f3n incluye la limpieza de espaldones y el acondicionamiento de la v\u00eda, [&hellip;]\" \/>\n<meta property=\"og:url\" content=\"https:\/\/prefecturadeesmeraldas.gob.ec\/index.php\/2025\/03\/25\/avanzan-trabajos-de-reconformacion-de-la-via-roto-cube\/\" \/>\n<meta property=\"og:site_name\" content=\"Gobierno Aut\u00f3nomo Descentralizado de la Provincia de Esmeraldas\" \/>\n<meta property=\"article:publisher\" content=\"https:\/\/www.facebook.com\/PrefecturaEsmeraldas\/\" \/>\n<meta property=\"article:published_time\" content=\"2025-03-25T19:54:13+00:00\" \/>\n<meta property=\"article:modified_time\" content=\"2025-03-25T19:55:34+00:00\" \/>\n<meta property=\"og:image\" content=\"https:\/\/prefecturadeesmeraldas.gob.ec\/wp-content\/uploads\/2025\/03\/111-14.jpg\" \/>\n\t<meta property=\"og:image:width\" content=\"866\" \/>\n\t<meta property=\"og:image:height\" content=\"866\" \/>\n\t<meta property=\"og:image:type\" content=\"image\/jpeg\" \/>\n<meta name=\"author\" content=\"Direcci\u00f3n de Comunicaci\u00f3n\" \/>\n<meta name=\"twitter:card\" content=\"summary_large_image\" \/>\n<meta name=\"twitter:label1\" content=\"Escrito por\" \/>\n\t<meta name=\"twitter:data1\" content=\"Direcci\u00f3n de Comunicaci\u00f3n\" \/>\n\t<meta name=\"twitter:label2\" content=\"Tiempo de lectura\" \/>\n\t<meta name=\"twitter:data2\" content=\"2 minutos\" \/>\n<script type=\"application\/ld+json\" class=\"yoast-schema-graph\">{\"@context\":\"https:\/\/schema.org\",\"@graph\":[{\"@type\":\"Article\",\"@id\":\"https:\/\/prefecturadeesmeraldas.gob.ec\/index.php\/2025\/03\/25\/avanzan-trabajos-de-reconformacion-de-la-via-roto-cube\/#article\",\"isPartOf\":{\"@id\":\"https:\/\/prefecturadeesmeraldas.gob.ec\/index.php\/2025\/03\/25\/avanzan-trabajos-de-reconformacion-de-la-via-roto-cube\/\"},\"author\":{\"name\":\"Direcci\u00f3n de Comunicaci\u00f3n\",\"@id\":\"https:\/\/prefecturadeesmeraldas.gob.ec\/#\/schema\/person\/b0c9e7b1ead7725994d1e319e8825234\"},\"headline\":\"Avanzan trabajos de reconformaci\u00f3n de la v\u00eda Roto \u2013 Cube.\",\"datePublished\":\"2025-03-25T19:54:13+00:00\",\"dateModified\":\"2025-03-25T19:55:34+00:00\",\"mainEntityOfPage\":{\"@id\":\"https:\/\/prefecturadeesmeraldas.gob.ec\/index.php\/2025\/03\/25\/avanzan-trabajos-de-reconformacion-de-la-via-roto-cube\/\"},\"wordCount\":301,\"publisher\":{\"@id\":\"https:\/\/prefecturadeesmeraldas.gob.ec\/#organization\"},\"image\":{\"@id\":\"https:\/\/prefecturadeesmeraldas.gob.ec\/index.php\/2025\/03\/25\/avanzan-trabajos-de-reconformacion-de-la-via-roto-cube\/#primaryimage\"},\"thumbnailUrl\":\"https:\/\/prefecturadeesmeraldas.gob.ec\/wp-content\/uploads\/2025\/03\/111-14.jpg\",\"articleSection\":[\"Vialidad\"],\"inLanguage\":\"es\"},{\"@type\":\"WebPage\",\"@id\":\"https:\/\/prefecturadeesmeraldas.gob.ec\/index.php\/2025\/03\/25\/avanzan-trabajos-de-reconformacion-de-la-via-roto-cube\/\",\"url\":\"https:\/\/prefecturadeesmeraldas.gob.ec\/index.php\/2025\/03\/25\/avanzan-trabajos-de-reconformacion-de-la-via-roto-cube\/\",\"name\":\"Avanzan trabajos de reconformaci\u00f3n de la v\u00eda Roto \u2013 Cube. - Gobierno Aut\u00f3nomo Descentralizado de la Provincia de Esmeraldas\",\"isPartOf\":{\"@id\":\"https:\/\/prefecturadeesmeraldas.gob.ec\/#website\"},\"primaryImageOfPage\":{\"@id\":\"https:\/\/prefecturadeesmeraldas.gob.ec\/index.php\/2025\/03\/25\/avanzan-trabajos-de-reconformacion-de-la-via-roto-cube\/#primaryimage\"},\"image\":{\"@id\":\"https:\/\/prefecturadeesmeraldas.gob.ec\/index.php\/2025\/03\/25\/avanzan-trabajos-de-reconformacion-de-la-via-roto-cube\/#primaryimage\"},\"thumbnailUrl\":\"https:\/\/prefecturadeesmeraldas.gob.ec\/wp-content\/uploads\/2025\/03\/111-14.jpg\",\"datePublished\":\"2025-03-25T19:54:13+00:00\",\"dateModified\":\"2025-03-25T19:55:34+00:00\",\"breadcrumb\":{\"@id\":\"https:\/\/prefecturadeesmeraldas.gob.ec\/index.php\/2025\/03\/25\/avanzan-trabajos-de-reconformacion-de-la-via-roto-cube\/#breadcrumb\"},\"inLanguage\":\"es\",\"potentialAction\":[{\"@type\":\"ReadAction\",\"target\":[\"https:\/\/prefecturadeesmeraldas.gob.ec\/index.php\/2025\/03\/25\/avanzan-trabajos-de-reconformacion-de-la-via-roto-cube\/\"]}]},{\"@type\":\"ImageObject\",\"inLanguage\":\"es\",\"@id\":\"https:\/\/prefecturadeesmeraldas.gob.ec\/index.php\/2025\/03\/25\/avanzan-trabajos-de-reconformacion-de-la-via-roto-cube\/#primaryimage\",\"url\":\"https:\/\/prefecturadeesmeraldas.gob.ec\/wp-content\/uploads\/2025\/03\/111-14.jpg\",\"contentUrl\":\"https:\/\/prefecturadeesmeraldas.gob.ec\/wp-content\/uploads\/2025\/03\/111-14.jpg\",\"width\":866,\"height\":866},{\"@type\":\"BreadcrumbList\",\"@id\":\"https:\/\/prefecturadeesmeraldas.gob.ec\/index.php\/2025\/03\/25\/avanzan-trabajos-de-reconformacion-de-la-via-roto-cube\/#breadcrumb\",\"itemListElement\":[{\"@type\":\"ListItem\",\"position\":1,\"name\":\"Home\",\"item\":\"https:\/\/prefecturadeesmeraldas.gob.ec\/\"},{\"@type\":\"ListItem\",\"position\":2,\"name\":\"Avanzan trabajos de reconformaci\u00f3n de la v\u00eda Roto \u2013 Cube.\"}]},{\"@type\":\"WebSite\",\"@id\":\"https:\/\/prefecturadeesmeraldas.gob.ec\/#website\",\"url\":\"https:\/\/prefecturadeesmeraldas.gob.ec\/\",\"name\":\"Gobierno Aut\u00f3nomo Descentralizado de la Provincia de Esmeraldas\",\"description\":\"Gobierno Aut\u00f3nomo Descentralizado de la Provincia de Esmeraldas\",\"publisher\":{\"@id\":\"https:\/\/prefecturadeesmeraldas.gob.ec\/#organization\"},\"potentialAction\":[{\"@type\":\"SearchAction\",\"target\":{\"@type\":\"EntryPoint\",\"urlTemplate\":\"https:\/\/prefecturadeesmeraldas.gob.ec\/?s={search_term_string}\"},\"query-input\":{\"@type\":\"PropertyValueSpecification\",\"valueRequired\":true,\"valueName\":\"search_term_string\"}}],\"inLanguage\":\"es\"},{\"@type\":\"Organization\",\"@id\":\"https:\/\/prefecturadeesmeraldas.gob.ec\/#organization\",\"name\":\"Gobierno Aut\u00f3nomo Descentralizado de la Provincia de Esmeraldas\",\"url\":\"https:\/\/prefecturadeesmeraldas.gob.ec\/\",\"logo\":{\"@type\":\"ImageObject\",\"inLanguage\":\"es\",\"@id\":\"https:\/\/prefecturadeesmeraldas.gob.ec\/#\/schema\/logo\/image\/\",\"url\":\"https:\/\/prefecturadeesmeraldas.gob.ec\/wp-content\/uploads\/2019\/06\/logo.png\",\"contentUrl\":\"https:\/\/prefecturadeesmeraldas.gob.ec\/wp-content\/uploads\/2019\/06\/logo.png\",\"width\":859,\"height\":448,\"caption\":\"Gobierno Aut\u00f3nomo Descentralizado de la Provincia de Esmeraldas\"},\"image\":{\"@id\":\"https:\/\/prefecturadeesmeraldas.gob.ec\/#\/schema\/logo\/image\/\"},\"sameAs\":[\"https:\/\/www.facebook.com\/PrefecturaEsmeraldas\/\"]},{\"@type\":\"Person\",\"@id\":\"https:\/\/prefecturadeesmeraldas.gob.ec\/#\/schema\/person\/b0c9e7b1ead7725994d1e319e8825234\",\"name\":\"Direcci\u00f3n de Comunicaci\u00f3n\",\"image\":{\"@type\":\"ImageObject\",\"inLanguage\":\"es\",\"@id\":\"https:\/\/prefecturadeesmeraldas.gob.ec\/#\/schema\/person\/image\/\",\"url\":\"https:\/\/secure.gravatar.com\/avatar\/74a3870a946f5d774ade3569af61a72308e07ad3346f370c4b468ee2a9858658?s=96&d=mm&r=g\",\"contentUrl\":\"https:\/\/secure.gravatar.com\/avatar\/74a3870a946f5d774ade3569af61a72308e07ad3346f370c4b468ee2a9858658?s=96&d=mm&r=g\",\"caption\":\"Direcci\u00f3n de Comunicaci\u00f3n\"}}]}<\/script>\n<!-- \/ Yoast SEO plugin. -->","yoast_head_json":{"title":"Avanzan trabajos de reconformaci\u00f3n de la v\u00eda Roto \u2013 Cube. - Gobierno Aut\u00f3nomo Descentralizado de la Provincia de Esmeraldas","robots":{"index":"index","follow":"follow","max-snippet":"max-snippet:-1","max-image-preview":"max-image-preview:large","max-video-preview":"max-video-preview:-1"},"canonical":"https:\/\/prefecturadeesmeraldas.gob.ec\/index.php\/2025\/03\/25\/avanzan-trabajos-de-reconformacion-de-la-via-roto-cube\/","og_locale":"es_ES","og_type":"article","og_title":"Avanzan trabajos de reconformaci\u00f3n de la v\u00eda Roto \u2013 Cube. - Gobierno Aut\u00f3nomo Descentralizado de la Provincia de Esmeraldas","og_description":"La Prefectura de Esmeraldas contin\u00faa trabajando de manera emergente en la reconformaci\u00f3n de la v\u00eda Roto Cube, en la parroquia Bol\u00edvar, como parte de su compromiso con la mejora de la infraestructura vial en las zonas rurales afectadas por las intensas lluvias. La intervenci\u00f3n incluye la limpieza de espaldones y el acondicionamiento de la v\u00eda, [&hellip;]","og_url":"https:\/\/prefecturadeesmeraldas.gob.ec\/index.php\/2025\/03\/25\/avanzan-trabajos-de-reconformacion-de-la-via-roto-cube\/","og_site_name":"Gobierno Aut\u00f3nomo Descentralizado de la Provincia de Esmeraldas","article_publisher":"https:\/\/www.facebook.com\/PrefecturaEsmeraldas\/","article_published_time":"2025-03-25T19:54:13+00:00","article_modified_time":"2025-03-25T19:55:34+00:00","og_image":[{"width":866,"height":866,"url":"https:\/\/prefecturadeesmeraldas.gob.ec\/wp-content\/uploads\/2025\/03\/111-14.jpg","type":"image\/jpeg"}],"author":"Direcci\u00f3n de Comunicaci\u00f3n","twitter_card":"summary_large_image","twitter_misc":{"Escrito por":"Direcci\u00f3n de Comunicaci\u00f3n","Tiempo de lectura":"2 minutos"},"schema":{"@context":"https:\/\/schema.org","@graph":[{"@type":"Article","@id":"https:\/\/prefecturadeesmeraldas.gob.ec\/index.php\/2025\/03\/25\/avanzan-trabajos-de-reconformacion-de-la-via-roto-cube\/#article","isPartOf":{"@id":"https:\/\/prefecturadeesmeraldas.gob.ec\/index.php\/2025\/03\/25\/avanzan-trabajos-de-reconformacion-de-la-via-roto-cube\/"},"author":{"name":"Direcci\u00f3n de Comunicaci\u00f3n","@id":"https:\/\/prefecturadeesmeraldas.gob.ec\/#\/schema\/person\/b0c9e7b1ead7725994d1e319e8825234"},"headline":"Avanzan trabajos de reconformaci\u00f3n de la v\u00eda Roto \u2013 Cube.","datePublished":"2025-03-25T19:54:13+00:00","dateModified":"2025-03-25T19:55:34+00:00","mainEntityOfPage":{"@id":"https:\/\/prefecturadeesmeraldas.gob.ec\/index.php\/2025\/03\/25\/avanzan-trabajos-de-reconformacion-de-la-via-roto-cube\/"},"wordCount":301,"publisher":{"@id":"https:\/\/prefecturadeesmeraldas.gob.ec\/#organization"},"image":{"@id":"https:\/\/prefecturadeesmeraldas.gob.ec\/index.php\/2025\/03\/25\/avanzan-trabajos-de-reconformacion-de-la-via-roto-cube\/#primaryimage"},"thumbnailUrl":"https:\/\/prefecturadeesmeraldas.gob.ec\/wp-content\/uploads\/2025\/03\/111-14.jpg","articleSection":["Vialidad"],"inLanguage":"es"},{"@type":"WebPage","@id":"https:\/\/prefecturadeesmeraldas.gob.ec\/index.php\/2025\/03\/25\/avanzan-trabajos-de-reconformacion-de-la-via-roto-cube\/","url":"https:\/\/prefecturadeesmeraldas.gob.ec\/index.php\/2025\/03\/25\/avanzan-trabajos-de-reconformacion-de-la-via-roto-cube\/","name":"Avanzan trabajos de reconformaci\u00f3n de la v\u00eda Roto \u2013 Cube. - Gobierno Aut\u00f3nomo Descentralizado de la Provincia de Esmeraldas","isPartOf":{"@id":"https:\/\/prefecturadeesmeraldas.gob.ec\/#website"},"primaryImageOfPage":{"@id":"https:\/\/prefecturadeesmeraldas.gob.ec\/index.php\/2025\/03\/25\/avanzan-trabajos-de-reconformacion-de-la-via-roto-cube\/#primaryimage"},"image":{"@id":"https:\/\/prefecturadeesmeraldas.gob.ec\/index.php\/2025\/03\/25\/avanzan-trabajos-de-reconformacion-de-la-via-roto-cube\/#primaryimage"},"thumbnailUrl":"https:\/\/prefecturadeesmeraldas.gob.ec\/wp-content\/uploads\/2025\/03\/111-14.jpg","datePublished":"2025-03-25T19:54:13+00:00","dateModified":"2025-03-25T19:55:34+00:00","breadcrumb":{"@id":"https:\/\/prefecturadeesmeraldas.gob.ec\/index.php\/2025\/03\/25\/avanzan-trabajos-de-reconformacion-de-la-via-roto-cube\/#breadcrumb"},"inLanguage":"es","potentialAction":[{"@type":"ReadAction","target":["https:\/\/prefecturadeesmeraldas.gob.ec\/index.php\/2025\/03\/25\/avanzan-trabajos-de-reconformacion-de-la-via-roto-cube\/"]}]},{"@type":"ImageObject","inLanguage":"es","@id":"https:\/\/prefecturadeesmeraldas.gob.ec\/index.php\/2025\/03\/25\/avanzan-trabajos-de-reconformacion-de-la-via-roto-cube\/#primaryimage","url":"https:\/\/prefecturadeesmeraldas.gob.ec\/wp-content\/uploads\/2025\/03\/111-14.jpg","contentUrl":"https:\/\/prefecturadeesmeraldas.gob.ec\/wp-content\/uploads\/2025\/03\/111-14.jpg","width":866,"height":866},{"@type":"BreadcrumbList","@id":"https:\/\/prefecturadeesmeraldas.gob.ec\/index.php\/2025\/03\/25\/avanzan-trabajos-de-reconformacion-de-la-via-roto-cube\/#breadcrumb","itemListElement":[{"@type":"ListItem","position":1,"name":"Home","item":"https:\/\/prefecturadeesmeraldas.gob.ec\/"},{"@type":"ListItem","position":2,"name":"Avanzan trabajos de reconformaci\u00f3n de la v\u00eda Roto \u2013 Cube."}]},{"@type":"WebSite","@id":"https:\/\/prefecturadeesmeraldas.gob.ec\/#website","url":"https:\/\/prefecturadeesmeraldas.gob.ec\/","name":"Gobierno Aut\u00f3nomo Descentralizado de la Provincia de Esmeraldas","description":"Gobierno Aut\u00f3nomo Descentralizado de la Provincia de Esmeraldas","publisher":{"@id":"https:\/\/prefecturadeesmeraldas.gob.ec\/#organization"},"potentialAction":[{"@type":"SearchAction","target":{"@type":"EntryPoint","urlTemplate":"https:\/\/prefecturadeesmeraldas.gob.ec\/?s={search_term_string}"},"query-input":{"@type":"PropertyValueSpecification","valueRequired":true,"valueName":"search_term_string"}}],"inLanguage":"es"},{"@type":"Organization","@id":"https:\/\/prefecturadeesmeraldas.gob.ec\/#organization","name":"Gobierno Aut\u00f3nomo Descentralizado de la Provincia de Esmeraldas","url":"https:\/\/prefecturadeesmeraldas.gob.ec\/","logo":{"@type":"ImageObject","inLanguage":"es","@id":"https:\/\/prefecturadeesmeraldas.gob.ec\/#\/schema\/logo\/image\/","url":"https:\/\/prefecturadeesmeraldas.gob.ec\/wp-content\/uploads\/2019\/06\/logo.png","contentUrl":"https:\/\/prefecturadeesmeraldas.gob.ec\/wp-content\/uploads\/2019\/06\/logo.png","width":859,"height":448,"caption":"Gobierno Aut\u00f3nomo Descentralizado de la Provincia de Esmeraldas"},"image":{"@id":"https:\/\/prefecturadeesmeraldas.gob.ec\/#\/schema\/logo\/image\/"},"sameAs":["https:\/\/www.facebook.com\/PrefecturaEsmeraldas\/"]},{"@type":"Person","@id":"https:\/\/prefecturadeesmeraldas.gob.ec\/#\/schema\/person\/b0c9e7b1ead7725994d1e319e8825234","name":"Direcci\u00f3n de Comunicaci\u00f3n","image":{"@type":"ImageObject","inLanguage":"es","@id":"https:\/\/prefecturadeesmeraldas.gob.ec\/#\/schema\/person\/image\/","url":"https:\/\/secure.gravatar.com\/avatar\/74a3870a946f5d774ade3569af61a72308e07ad3346f370c4b468ee2a9858658?s=96&d=mm&r=g","contentUrl":"https:\/\/secure.gravatar.com\/avatar\/74a3870a946f5d774ade3569af61a72308e07ad3346f370c4b468ee2a9858658?s=96&d=mm&r=g","caption":"Direcci\u00f3n de Comunicaci\u00f3n"}}]}},"_links":{"self":[{"href":"https:\/\/prefecturadeesmeraldas.gob.ec\/index.php\/wp-json\/wp\/v2\/posts\/29243","targetHints":{"allow":["GET"]}}],"collection":[{"href":"https:\/\/prefecturadeesmeraldas.gob.ec\/index.php\/wp-json\/wp\/v2\/posts"}],"about":[{"href":"https:\/\/prefecturadeesmeraldas.gob.ec\/index.php\/wp-json\/wp\/v2\/types\/post"}],"author":[{"embeddable":true,"href":"https:\/\/prefecturadeesmeraldas.gob.ec\/index.php\/wp-json\/wp\/v2\/users\/2"}],"replies":[{"embeddable":true,"href":"https:\/\/prefecturadeesmeraldas.gob.ec\/index.php\/wp-json\/wp\/v2\/comments?post=29243"}],"version-history":[{"count":4,"href":"https:\/\/prefecturadeesmeraldas.gob.ec\/index.php\/wp-json\/wp\/v2\/posts\/29243\/revisions"}],"predecessor-version":[{"id":29248,"href":"https:\/\/prefecturadeesmeraldas.gob.ec\/index.php\/wp-json\/wp\/v2\/posts\/29243\/revisions\/29248"}],"wp:featuredmedia":[{"embeddable":true,"href":"https:\/\/prefecturadeesmeraldas.gob.ec\/index.php\/wp-json\/wp\/v2\/media\/29245"}],"wp:attachment":[{"href":"https:\/\/prefecturadeesmeraldas.gob.ec\/index.php\/wp-json\/wp\/v2\/media?parent=29243"}],"wp:term":[{"taxonomy":"category","embeddable":true,"href":"https:\/\/prefecturadeesmeraldas.gob.ec\/index.php\/wp-json\/wp\/v2\/categories?post=29243"},{"taxonomy":"post_tag","embeddable":true,"href":"https:\/\/prefecturadeesmeraldas.gob.ec\/index.php\/wp-json\/wp\/v2\/tags?post=29243"}],"curies":[{"name":"wp","href":"https:\/\/api.w.org\/{rel}","templated":true}]}}