{"id":29237,"date":"2025-03-25T14:51:40","date_gmt":"2025-03-25T19:51:40","guid":{"rendered":"https:\/\/prefecturadeesmeraldas.gob.ec\/?p=29237"},"modified":"2025-03-25T14:53:06","modified_gmt":"2025-03-25T19:53:06","slug":"prefectura-actua-de-manera-emergente-para-reabrir-via-afectada-por-derrumbes","status":"publish","type":"post","link":"https:\/\/prefecturadeesmeraldas.gob.ec\/index.php\/2025\/03\/25\/prefectura-actua-de-manera-emergente-para-reabrir-via-afectada-por-derrumbes\/","title":{"rendered":"Prefectura act\u00faa de manera emergente para reabrir v\u00eda afectada por derrumbes."},"content":{"rendered":"\t\t<div data-elementor-type=\"wp-post\" data-elementor-id=\"29237\" class=\"elementor elementor-29237\">\n\t\t\t\t<div class=\"elementor-element elementor-element-6ae4dfb e-flex e-con-boxed e-con e-parent\" data-id=\"6ae4dfb\" data-element_type=\"container\">\n\t\t\t\t\t<div class=\"e-con-inner\">\n\t\t\t\t<div class=\"elementor-element elementor-element-1f7e9da elementor-widget elementor-widget-image\" data-id=\"1f7e9da\" data-element_type=\"widget\" data-widget_type=\"image.default\">\n\t\t\t\t<div class=\"elementor-widget-container\">\n\t\t\t\t\t\t\t\t\t\t\t\t\t\t\t<img fetchpriority=\"high\" decoding=\"async\" width=\"492\" height=\"370\" src=\"https:\/\/prefecturadeesmeraldas.gob.ec\/wp-content\/uploads\/2025\/03\/111-13.jpg\" class=\"attachment-large size-large wp-image-29239\" alt=\"\" srcset=\"https:\/\/prefecturadeesmeraldas.gob.ec\/wp-content\/uploads\/2025\/03\/111-13.jpg 492w, https:\/\/prefecturadeesmeraldas.gob.ec\/wp-content\/uploads\/2025\/03\/111-13-300x226.jpg 300w\" sizes=\"(max-width: 492px) 100vw, 492px\" \/>\t\t\t\t\t\t\t\t\t\t\t\t\t\t\t<\/div>\n\t\t\t\t<\/div>\n\t\t\t\t\t<\/div>\n\t\t\t\t<\/div>\n\t\t<div class=\"elementor-element elementor-element-3167a1d e-flex e-con-boxed e-con e-parent\" data-id=\"3167a1d\" data-element_type=\"container\">\n\t\t\t\t\t<div class=\"e-con-inner\">\n\t\t\t\t<div class=\"elementor-element elementor-element-5b6275a elementor-widget elementor-widget-text-editor\" data-id=\"5b6275a\" data-element_type=\"widget\" data-widget_type=\"text-editor.default\">\n\t\t\t\t<div class=\"elementor-widget-container\">\n\t\t\t\t\t\t\t\t\t<p>La Prefectura de Esmeraldas despleg\u00f3 un equipo t\u00e9cnico y maquinaria pesada para atender la emergencia generada por los derrumbes ocurridos en la v\u00eda Isla San Juan \u2013 Uni\u00f3n de Chumund\u00e9, a la altura de El Boyal, que conecta a las parroquias de Majua y Rioverde. La intervenci\u00f3n fue solicitada por los moradores de la zona, quienes se vieron gravemente afectados por un aluvi\u00f3n causado por las intensas lluvias que cayeron en la zona, dejando la v\u00eda bloqueada y aislando a varias comunidades.<\/p><p>Franklin Mendoza, uno de los afectados, relat\u00f3 que, tras las lluvias intensas, se produjo un aluvi\u00f3n que cerr\u00f3 por completo la v\u00eda, dificultando el tr\u00e1nsito vehicular y obligando a los habitantes a realizar transbordo para poder desplazarse. \u201cGracias a la buena voluntad de la Prefecta, se nos envi\u00f3 un equipo caminero completo para despejar la v\u00eda y restablecer el tr\u00e1fico. Llev\u00e1bamos varios d\u00edas sin poder transitar en veh\u00edculos, y hoy estamos muy agradecidos por la r\u00e1pida respuesta\u201d, expres\u00f3 Mendoza.<\/p><p>Por su parte, Dilfredo Palacios, morador del recinto La Uni\u00f3n, tambi\u00e9n en la parroquia Chumund\u00e9, coment\u00f3 que la situaci\u00f3n hab\u00eda sido desesperante para quienes depend\u00edan de la v\u00eda para ingresar y salir de Rioverde. \u201cNo pod\u00edamos ni entrar ni salir debido al cierre de la v\u00eda. Ahora nos sentimos aliviados y contentos porque la Prefectura ha llegado para reabrirnos la v\u00eda, lo que beneficiar\u00e1 a m\u00e1s de 25 comunidades que utilizan esta ruta para llegar a Majua\u201d, dijo Palacios.<\/p><p>Jimmy Alc\u00edvar, vocal del Gobierno Parroquial de Majua, destac\u00f3 la importancia de la intervenci\u00f3n de la Prefectura: \u201cLa v\u00eda Isla San Juan \u2013 Uni\u00f3n de Chumund\u00e9, a la altura de El Boyal, fue severamente afectada por deslaves, pero una vez que notificamos a la Prefectura, respondieron de inmediato. Gracias a la maquinaria enviada, la v\u00eda ya est\u00e1 abierta y los campesinos pueden volver a sacar sus productos hacia los mercados\u201d.<\/p><p>Este trabajo emergente forma parte del compromiso de la Prefectura de Esmeraldas de atender de manera oportuna las emergencias provocadas por fen\u00f3menos clim\u00e1ticos, garantizando la conectividad y el bienestar de las comunidades rurales. <\/p>\t\t\t\t\t\t\t\t<\/div>\n\t\t\t\t<\/div>\n\t\t\t\t\t<\/div>\n\t\t\t\t<\/div>\n\t\t\t\t<\/div>\n\t\t","protected":false},"excerpt":{"rendered":"<p>La Prefectura de Esmeraldas despleg\u00f3 un equipo t\u00e9cnico y maquinaria pesada para atender la emergencia generada por los derrumbes ocurridos en la v\u00eda Isla San Juan \u2013 Uni\u00f3n de Chumund\u00e9, a la altura de El Boyal, que conecta a las parroquias de Majua y Rioverde. La intervenci\u00f3n fue solicitada por los moradores de la zona, [&hellip;]<\/p>\n","protected":false},"author":2,"featured_media":29239,"comment_status":"closed","ping_status":"open","sticky":false,"template":"","format":"standard","meta":{"footnotes":""},"categories":[14],"tags":[],"class_list":["post-29237","post","type-post","status-publish","format-standard","has-post-thumbnail","hentry","category-vialidad"],"yoast_head":"<!-- This site is optimized with the Yoast SEO plugin v25.7 - https:\/\/yoast.com\/wordpress\/plugins\/seo\/ -->\n<title>Prefectura act\u00faa de manera emergente para reabrir v\u00eda afectada por derrumbes. - Gobierno Aut\u00f3nomo Descentralizado de la Provincia de Esmeraldas<\/title>\n<meta name=\"robots\" content=\"index, follow, max-snippet:-1, max-image-preview:large, max-video-preview:-1\" \/>\n<link rel=\"canonical\" href=\"https:\/\/prefecturadeesmeraldas.gob.ec\/index.php\/2025\/03\/25\/prefectura-actua-de-manera-emergente-para-reabrir-via-afectada-por-derrumbes\/\" \/>\n<meta property=\"og:locale\" content=\"es_ES\" \/>\n<meta property=\"og:type\" content=\"article\" \/>\n<meta property=\"og:title\" content=\"Prefectura act\u00faa de manera emergente para reabrir v\u00eda afectada por derrumbes. - Gobierno Aut\u00f3nomo Descentralizado de la Provincia de Esmeraldas\" \/>\n<meta property=\"og:description\" content=\"La Prefectura de Esmeraldas despleg\u00f3 un equipo t\u00e9cnico y maquinaria pesada para atender la emergencia generada por los derrumbes ocurridos en la v\u00eda Isla San Juan \u2013 Uni\u00f3n de Chumund\u00e9, a la altura de El Boyal, que conecta a las parroquias de Majua y Rioverde. La intervenci\u00f3n fue solicitada por los moradores de la zona, [&hellip;]\" \/>\n<meta property=\"og:url\" content=\"https:\/\/prefecturadeesmeraldas.gob.ec\/index.php\/2025\/03\/25\/prefectura-actua-de-manera-emergente-para-reabrir-via-afectada-por-derrumbes\/\" \/>\n<meta property=\"og:site_name\" content=\"Gobierno Aut\u00f3nomo Descentralizado de la Provincia de Esmeraldas\" \/>\n<meta property=\"article:publisher\" content=\"https:\/\/www.facebook.com\/PrefecturaEsmeraldas\/\" \/>\n<meta property=\"article:published_time\" content=\"2025-03-25T19:51:40+00:00\" \/>\n<meta property=\"article:modified_time\" content=\"2025-03-25T19:53:06+00:00\" \/>\n<meta property=\"og:image\" content=\"https:\/\/prefecturadeesmeraldas.gob.ec\/wp-content\/uploads\/2025\/03\/111-13.jpg\" \/>\n\t<meta property=\"og:image:width\" content=\"492\" \/>\n\t<meta property=\"og:image:height\" content=\"370\" \/>\n\t<meta property=\"og:image:type\" content=\"image\/jpeg\" \/>\n<meta name=\"author\" content=\"Direcci\u00f3n de Comunicaci\u00f3n\" \/>\n<meta name=\"twitter:card\" content=\"summary_large_image\" \/>\n<meta name=\"twitter:label1\" content=\"Escrito por\" \/>\n\t<meta name=\"twitter:data1\" content=\"Direcci\u00f3n de Comunicaci\u00f3n\" \/>\n\t<meta name=\"twitter:label2\" content=\"Tiempo de lectura\" \/>\n\t<meta name=\"twitter:data2\" content=\"2 minutos\" \/>\n<script type=\"application\/ld+json\" class=\"yoast-schema-graph\">{\"@context\":\"https:\/\/schema.org\",\"@graph\":[{\"@type\":\"Article\",\"@id\":\"https:\/\/prefecturadeesmeraldas.gob.ec\/index.php\/2025\/03\/25\/prefectura-actua-de-manera-emergente-para-reabrir-via-afectada-por-derrumbes\/#article\",\"isPartOf\":{\"@id\":\"https:\/\/prefecturadeesmeraldas.gob.ec\/index.php\/2025\/03\/25\/prefectura-actua-de-manera-emergente-para-reabrir-via-afectada-por-derrumbes\/\"},\"author\":{\"name\":\"Direcci\u00f3n de Comunicaci\u00f3n\",\"@id\":\"https:\/\/prefecturadeesmeraldas.gob.ec\/#\/schema\/person\/b0c9e7b1ead7725994d1e319e8825234\"},\"headline\":\"Prefectura act\u00faa de manera emergente para reabrir v\u00eda afectada por derrumbes.\",\"datePublished\":\"2025-03-25T19:51:40+00:00\",\"dateModified\":\"2025-03-25T19:53:06+00:00\",\"mainEntityOfPage\":{\"@id\":\"https:\/\/prefecturadeesmeraldas.gob.ec\/index.php\/2025\/03\/25\/prefectura-actua-de-manera-emergente-para-reabrir-via-afectada-por-derrumbes\/\"},\"wordCount\":385,\"publisher\":{\"@id\":\"https:\/\/prefecturadeesmeraldas.gob.ec\/#organization\"},\"image\":{\"@id\":\"https:\/\/prefecturadeesmeraldas.gob.ec\/index.php\/2025\/03\/25\/prefectura-actua-de-manera-emergente-para-reabrir-via-afectada-por-derrumbes\/#primaryimage\"},\"thumbnailUrl\":\"https:\/\/prefecturadeesmeraldas.gob.ec\/wp-content\/uploads\/2025\/03\/111-13.jpg\",\"articleSection\":[\"Vialidad\"],\"inLanguage\":\"es\"},{\"@type\":\"WebPage\",\"@id\":\"https:\/\/prefecturadeesmeraldas.gob.ec\/index.php\/2025\/03\/25\/prefectura-actua-de-manera-emergente-para-reabrir-via-afectada-por-derrumbes\/\",\"url\":\"https:\/\/prefecturadeesmeraldas.gob.ec\/index.php\/2025\/03\/25\/prefectura-actua-de-manera-emergente-para-reabrir-via-afectada-por-derrumbes\/\",\"name\":\"Prefectura act\u00faa de manera emergente para reabrir v\u00eda afectada por derrumbes. - Gobierno Aut\u00f3nomo Descentralizado de la Provincia de Esmeraldas\",\"isPartOf\":{\"@id\":\"https:\/\/prefecturadeesmeraldas.gob.ec\/#website\"},\"primaryImageOfPage\":{\"@id\":\"https:\/\/prefecturadeesmeraldas.gob.ec\/index.php\/2025\/03\/25\/prefectura-actua-de-manera-emergente-para-reabrir-via-afectada-por-derrumbes\/#primaryimage\"},\"image\":{\"@id\":\"https:\/\/prefecturadeesmeraldas.gob.ec\/index.php\/2025\/03\/25\/prefectura-actua-de-manera-emergente-para-reabrir-via-afectada-por-derrumbes\/#primaryimage\"},\"thumbnailUrl\":\"https:\/\/prefecturadeesmeraldas.gob.ec\/wp-content\/uploads\/2025\/03\/111-13.jpg\",\"datePublished\":\"2025-03-25T19:51:40+00:00\",\"dateModified\":\"2025-03-25T19:53:06+00:00\",\"breadcrumb\":{\"@id\":\"https:\/\/prefecturadeesmeraldas.gob.ec\/index.php\/2025\/03\/25\/prefectura-actua-de-manera-emergente-para-reabrir-via-afectada-por-derrumbes\/#breadcrumb\"},\"inLanguage\":\"es\",\"potentialAction\":[{\"@type\":\"ReadAction\",\"target\":[\"https:\/\/prefecturadeesmeraldas.gob.ec\/index.php\/2025\/03\/25\/prefectura-actua-de-manera-emergente-para-reabrir-via-afectada-por-derrumbes\/\"]}]},{\"@type\":\"ImageObject\",\"inLanguage\":\"es\",\"@id\":\"https:\/\/prefecturadeesmeraldas.gob.ec\/index.php\/2025\/03\/25\/prefectura-actua-de-manera-emergente-para-reabrir-via-afectada-por-derrumbes\/#primaryimage\",\"url\":\"https:\/\/prefecturadeesmeraldas.gob.ec\/wp-content\/uploads\/2025\/03\/111-13.jpg\",\"contentUrl\":\"https:\/\/prefecturadeesmeraldas.gob.ec\/wp-content\/uploads\/2025\/03\/111-13.jpg\",\"width\":492,\"height\":370},{\"@type\":\"BreadcrumbList\",\"@id\":\"https:\/\/prefecturadeesmeraldas.gob.ec\/index.php\/2025\/03\/25\/prefectura-actua-de-manera-emergente-para-reabrir-via-afectada-por-derrumbes\/#breadcrumb\",\"itemListElement\":[{\"@type\":\"ListItem\",\"position\":1,\"name\":\"Home\",\"item\":\"https:\/\/prefecturadeesmeraldas.gob.ec\/\"},{\"@type\":\"ListItem\",\"position\":2,\"name\":\"Prefectura act\u00faa de manera emergente para reabrir v\u00eda afectada por derrumbes.\"}]},{\"@type\":\"WebSite\",\"@id\":\"https:\/\/prefecturadeesmeraldas.gob.ec\/#website\",\"url\":\"https:\/\/prefecturadeesmeraldas.gob.ec\/\",\"name\":\"Gobierno Aut\u00f3nomo Descentralizado de la Provincia de Esmeraldas\",\"description\":\"Gobierno Aut\u00f3nomo Descentralizado de la Provincia de Esmeraldas\",\"publisher\":{\"@id\":\"https:\/\/prefecturadeesmeraldas.gob.ec\/#organization\"},\"potentialAction\":[{\"@type\":\"SearchAction\",\"target\":{\"@type\":\"EntryPoint\",\"urlTemplate\":\"https:\/\/prefecturadeesmeraldas.gob.ec\/?s={search_term_string}\"},\"query-input\":{\"@type\":\"PropertyValueSpecification\",\"valueRequired\":true,\"valueName\":\"search_term_string\"}}],\"inLanguage\":\"es\"},{\"@type\":\"Organization\",\"@id\":\"https:\/\/prefecturadeesmeraldas.gob.ec\/#organization\",\"name\":\"Gobierno Aut\u00f3nomo Descentralizado de la Provincia de Esmeraldas\",\"url\":\"https:\/\/prefecturadeesmeraldas.gob.ec\/\",\"logo\":{\"@type\":\"ImageObject\",\"inLanguage\":\"es\",\"@id\":\"https:\/\/prefecturadeesmeraldas.gob.ec\/#\/schema\/logo\/image\/\",\"url\":\"https:\/\/prefecturadeesmeraldas.gob.ec\/wp-content\/uploads\/2019\/06\/logo.png\",\"contentUrl\":\"https:\/\/prefecturadeesmeraldas.gob.ec\/wp-content\/uploads\/2019\/06\/logo.png\",\"width\":859,\"height\":448,\"caption\":\"Gobierno Aut\u00f3nomo Descentralizado de la Provincia de Esmeraldas\"},\"image\":{\"@id\":\"https:\/\/prefecturadeesmeraldas.gob.ec\/#\/schema\/logo\/image\/\"},\"sameAs\":[\"https:\/\/www.facebook.com\/PrefecturaEsmeraldas\/\"]},{\"@type\":\"Person\",\"@id\":\"https:\/\/prefecturadeesmeraldas.gob.ec\/#\/schema\/person\/b0c9e7b1ead7725994d1e319e8825234\",\"name\":\"Direcci\u00f3n de Comunicaci\u00f3n\",\"image\":{\"@type\":\"ImageObject\",\"inLanguage\":\"es\",\"@id\":\"https:\/\/prefecturadeesmeraldas.gob.ec\/#\/schema\/person\/image\/\",\"url\":\"https:\/\/secure.gravatar.com\/avatar\/74a3870a946f5d774ade3569af61a72308e07ad3346f370c4b468ee2a9858658?s=96&d=mm&r=g\",\"contentUrl\":\"https:\/\/secure.gravatar.com\/avatar\/74a3870a946f5d774ade3569af61a72308e07ad3346f370c4b468ee2a9858658?s=96&d=mm&r=g\",\"caption\":\"Direcci\u00f3n de Comunicaci\u00f3n\"}}]}<\/script>\n<!-- \/ Yoast SEO plugin. -->","yoast_head_json":{"title":"Prefectura act\u00faa de manera emergente para reabrir v\u00eda afectada por derrumbes. - Gobierno Aut\u00f3nomo Descentralizado de la Provincia de Esmeraldas","robots":{"index":"index","follow":"follow","max-snippet":"max-snippet:-1","max-image-preview":"max-image-preview:large","max-video-preview":"max-video-preview:-1"},"canonical":"https:\/\/prefecturadeesmeraldas.gob.ec\/index.php\/2025\/03\/25\/prefectura-actua-de-manera-emergente-para-reabrir-via-afectada-por-derrumbes\/","og_locale":"es_ES","og_type":"article","og_title":"Prefectura act\u00faa de manera emergente para reabrir v\u00eda afectada por derrumbes. - Gobierno Aut\u00f3nomo Descentralizado de la Provincia de Esmeraldas","og_description":"La Prefectura de Esmeraldas despleg\u00f3 un equipo t\u00e9cnico y maquinaria pesada para atender la emergencia generada por los derrumbes ocurridos en la v\u00eda Isla San Juan \u2013 Uni\u00f3n de Chumund\u00e9, a la altura de El Boyal, que conecta a las parroquias de Majua y Rioverde. La intervenci\u00f3n fue solicitada por los moradores de la zona, [&hellip;]","og_url":"https:\/\/prefecturadeesmeraldas.gob.ec\/index.php\/2025\/03\/25\/prefectura-actua-de-manera-emergente-para-reabrir-via-afectada-por-derrumbes\/","og_site_name":"Gobierno Aut\u00f3nomo Descentralizado de la Provincia de Esmeraldas","article_publisher":"https:\/\/www.facebook.com\/PrefecturaEsmeraldas\/","article_published_time":"2025-03-25T19:51:40+00:00","article_modified_time":"2025-03-25T19:53:06+00:00","og_image":[{"width":492,"height":370,"url":"https:\/\/prefecturadeesmeraldas.gob.ec\/wp-content\/uploads\/2025\/03\/111-13.jpg","type":"image\/jpeg"}],"author":"Direcci\u00f3n de Comunicaci\u00f3n","twitter_card":"summary_large_image","twitter_misc":{"Escrito por":"Direcci\u00f3n de Comunicaci\u00f3n","Tiempo de lectura":"2 minutos"},"schema":{"@context":"https:\/\/schema.org","@graph":[{"@type":"Article","@id":"https:\/\/prefecturadeesmeraldas.gob.ec\/index.php\/2025\/03\/25\/prefectura-actua-de-manera-emergente-para-reabrir-via-afectada-por-derrumbes\/#article","isPartOf":{"@id":"https:\/\/prefecturadeesmeraldas.gob.ec\/index.php\/2025\/03\/25\/prefectura-actua-de-manera-emergente-para-reabrir-via-afectada-por-derrumbes\/"},"author":{"name":"Direcci\u00f3n de Comunicaci\u00f3n","@id":"https:\/\/prefecturadeesmeraldas.gob.ec\/#\/schema\/person\/b0c9e7b1ead7725994d1e319e8825234"},"headline":"Prefectura act\u00faa de manera emergente para reabrir v\u00eda afectada por derrumbes.","datePublished":"2025-03-25T19:51:40+00:00","dateModified":"2025-03-25T19:53:06+00:00","mainEntityOfPage":{"@id":"https:\/\/prefecturadeesmeraldas.gob.ec\/index.php\/2025\/03\/25\/prefectura-actua-de-manera-emergente-para-reabrir-via-afectada-por-derrumbes\/"},"wordCount":385,"publisher":{"@id":"https:\/\/prefecturadeesmeraldas.gob.ec\/#organization"},"image":{"@id":"https:\/\/prefecturadeesmeraldas.gob.ec\/index.php\/2025\/03\/25\/prefectura-actua-de-manera-emergente-para-reabrir-via-afectada-por-derrumbes\/#primaryimage"},"thumbnailUrl":"https:\/\/prefecturadeesmeraldas.gob.ec\/wp-content\/uploads\/2025\/03\/111-13.jpg","articleSection":["Vialidad"],"inLanguage":"es"},{"@type":"WebPage","@id":"https:\/\/prefecturadeesmeraldas.gob.ec\/index.php\/2025\/03\/25\/prefectura-actua-de-manera-emergente-para-reabrir-via-afectada-por-derrumbes\/","url":"https:\/\/prefecturadeesmeraldas.gob.ec\/index.php\/2025\/03\/25\/prefectura-actua-de-manera-emergente-para-reabrir-via-afectada-por-derrumbes\/","name":"Prefectura act\u00faa de manera emergente para reabrir v\u00eda afectada por derrumbes. - Gobierno Aut\u00f3nomo Descentralizado de la Provincia de Esmeraldas","isPartOf":{"@id":"https:\/\/prefecturadeesmeraldas.gob.ec\/#website"},"primaryImageOfPage":{"@id":"https:\/\/prefecturadeesmeraldas.gob.ec\/index.php\/2025\/03\/25\/prefectura-actua-de-manera-emergente-para-reabrir-via-afectada-por-derrumbes\/#primaryimage"},"image":{"@id":"https:\/\/prefecturadeesmeraldas.gob.ec\/index.php\/2025\/03\/25\/prefectura-actua-de-manera-emergente-para-reabrir-via-afectada-por-derrumbes\/#primaryimage"},"thumbnailUrl":"https:\/\/prefecturadeesmeraldas.gob.ec\/wp-content\/uploads\/2025\/03\/111-13.jpg","datePublished":"2025-03-25T19:51:40+00:00","dateModified":"2025-03-25T19:53:06+00:00","breadcrumb":{"@id":"https:\/\/prefecturadeesmeraldas.gob.ec\/index.php\/2025\/03\/25\/prefectura-actua-de-manera-emergente-para-reabrir-via-afectada-por-derrumbes\/#breadcrumb"},"inLanguage":"es","potentialAction":[{"@type":"ReadAction","target":["https:\/\/prefecturadeesmeraldas.gob.ec\/index.php\/2025\/03\/25\/prefectura-actua-de-manera-emergente-para-reabrir-via-afectada-por-derrumbes\/"]}]},{"@type":"ImageObject","inLanguage":"es","@id":"https:\/\/prefecturadeesmeraldas.gob.ec\/index.php\/2025\/03\/25\/prefectura-actua-de-manera-emergente-para-reabrir-via-afectada-por-derrumbes\/#primaryimage","url":"https:\/\/prefecturadeesmeraldas.gob.ec\/wp-content\/uploads\/2025\/03\/111-13.jpg","contentUrl":"https:\/\/prefecturadeesmeraldas.gob.ec\/wp-content\/uploads\/2025\/03\/111-13.jpg","width":492,"height":370},{"@type":"BreadcrumbList","@id":"https:\/\/prefecturadeesmeraldas.gob.ec\/index.php\/2025\/03\/25\/prefectura-actua-de-manera-emergente-para-reabrir-via-afectada-por-derrumbes\/#breadcrumb","itemListElement":[{"@type":"ListItem","position":1,"name":"Home","item":"https:\/\/prefecturadeesmeraldas.gob.ec\/"},{"@type":"ListItem","position":2,"name":"Prefectura act\u00faa de manera emergente para reabrir v\u00eda afectada por derrumbes."}]},{"@type":"WebSite","@id":"https:\/\/prefecturadeesmeraldas.gob.ec\/#website","url":"https:\/\/prefecturadeesmeraldas.gob.ec\/","name":"Gobierno Aut\u00f3nomo Descentralizado de la Provincia de Esmeraldas","description":"Gobierno Aut\u00f3nomo Descentralizado de la Provincia de Esmeraldas","publisher":{"@id":"https:\/\/prefecturadeesmeraldas.gob.ec\/#organization"},"potentialAction":[{"@type":"SearchAction","target":{"@type":"EntryPoint","urlTemplate":"https:\/\/prefecturadeesmeraldas.gob.ec\/?s={search_term_string}"},"query-input":{"@type":"PropertyValueSpecification","valueRequired":true,"valueName":"search_term_string"}}],"inLanguage":"es"},{"@type":"Organization","@id":"https:\/\/prefecturadeesmeraldas.gob.ec\/#organization","name":"Gobierno Aut\u00f3nomo Descentralizado de la Provincia de Esmeraldas","url":"https:\/\/prefecturadeesmeraldas.gob.ec\/","logo":{"@type":"ImageObject","inLanguage":"es","@id":"https:\/\/prefecturadeesmeraldas.gob.ec\/#\/schema\/logo\/image\/","url":"https:\/\/prefecturadeesmeraldas.gob.ec\/wp-content\/uploads\/2019\/06\/logo.png","contentUrl":"https:\/\/prefecturadeesmeraldas.gob.ec\/wp-content\/uploads\/2019\/06\/logo.png","width":859,"height":448,"caption":"Gobierno Aut\u00f3nomo Descentralizado de la Provincia de Esmeraldas"},"image":{"@id":"https:\/\/prefecturadeesmeraldas.gob.ec\/#\/schema\/logo\/image\/"},"sameAs":["https:\/\/www.facebook.com\/PrefecturaEsmeraldas\/"]},{"@type":"Person","@id":"https:\/\/prefecturadeesmeraldas.gob.ec\/#\/schema\/person\/b0c9e7b1ead7725994d1e319e8825234","name":"Direcci\u00f3n de Comunicaci\u00f3n","image":{"@type":"ImageObject","inLanguage":"es","@id":"https:\/\/prefecturadeesmeraldas.gob.ec\/#\/schema\/person\/image\/","url":"https:\/\/secure.gravatar.com\/avatar\/74a3870a946f5d774ade3569af61a72308e07ad3346f370c4b468ee2a9858658?s=96&d=mm&r=g","contentUrl":"https:\/\/secure.gravatar.com\/avatar\/74a3870a946f5d774ade3569af61a72308e07ad3346f370c4b468ee2a9858658?s=96&d=mm&r=g","caption":"Direcci\u00f3n de Comunicaci\u00f3n"}}]}},"_links":{"self":[{"href":"https:\/\/prefecturadeesmeraldas.gob.ec\/index.php\/wp-json\/wp\/v2\/posts\/29237","targetHints":{"allow":["GET"]}}],"collection":[{"href":"https:\/\/prefecturadeesmeraldas.gob.ec\/index.php\/wp-json\/wp\/v2\/posts"}],"about":[{"href":"https:\/\/prefecturadeesmeraldas.gob.ec\/index.php\/wp-json\/wp\/v2\/types\/post"}],"author":[{"embeddable":true,"href":"https:\/\/prefecturadeesmeraldas.gob.ec\/index.php\/wp-json\/wp\/v2\/users\/2"}],"replies":[{"embeddable":true,"href":"https:\/\/prefecturadeesmeraldas.gob.ec\/index.php\/wp-json\/wp\/v2\/comments?post=29237"}],"version-history":[{"count":4,"href":"https:\/\/prefecturadeesmeraldas.gob.ec\/index.php\/wp-json\/wp\/v2\/posts\/29237\/revisions"}],"predecessor-version":[{"id":29242,"href":"https:\/\/prefecturadeesmeraldas.gob.ec\/index.php\/wp-json\/wp\/v2\/posts\/29237\/revisions\/29242"}],"wp:featuredmedia":[{"embeddable":true,"href":"https:\/\/prefecturadeesmeraldas.gob.ec\/index.php\/wp-json\/wp\/v2\/media\/29239"}],"wp:attachment":[{"href":"https:\/\/prefecturadeesmeraldas.gob.ec\/index.php\/wp-json\/wp\/v2\/media?parent=29237"}],"wp:term":[{"taxonomy":"category","embeddable":true,"href":"https:\/\/prefecturadeesmeraldas.gob.ec\/index.php\/wp-json\/wp\/v2\/categories?post=29237"},{"taxonomy":"post_tag","embeddable":true,"href":"https:\/\/prefecturadeesmeraldas.gob.ec\/index.php\/wp-json\/wp\/v2\/tags?post=29237"}],"curies":[{"name":"wp","href":"https:\/\/api.w.org\/{rel}","templated":true}]}}