{"id":29196,"date":"2025-03-21T14:11:00","date_gmt":"2025-03-21T19:11:00","guid":{"rendered":"https:\/\/prefecturadeesmeraldas.gob.ec\/?p=29196"},"modified":"2025-03-21T14:12:32","modified_gmt":"2025-03-21T19:12:32","slug":"coe-provincial-evalua-posibles-soluciones-para-la-captacion-de-agua","status":"publish","type":"post","link":"https:\/\/prefecturadeesmeraldas.gob.ec\/index.php\/2025\/03\/21\/coe-provincial-evalua-posibles-soluciones-para-la-captacion-de-agua\/","title":{"rendered":"COE Provincial eval\u00faa posibles soluciones para la captaci\u00f3n de agua."},"content":{"rendered":"\t\t<div data-elementor-type=\"wp-post\" data-elementor-id=\"29196\" class=\"elementor elementor-29196\">\n\t\t\t\t<div class=\"elementor-element elementor-element-1c78cdf e-flex e-con-boxed e-con e-parent\" data-id=\"1c78cdf\" data-element_type=\"container\">\n\t\t\t\t\t<div class=\"e-con-inner\">\n\t\t\t\t<div class=\"elementor-element elementor-element-c8f05da elementor-widget elementor-widget-image\" data-id=\"c8f05da\" data-element_type=\"widget\" data-widget_type=\"image.default\">\n\t\t\t\t<div class=\"elementor-widget-container\">\n\t\t\t\t\t\t\t\t\t\t\t\t\t\t\t<img fetchpriority=\"high\" decoding=\"async\" width=\"749\" height=\"562\" src=\"https:\/\/prefecturadeesmeraldas.gob.ec\/wp-content\/uploads\/2025\/03\/111-10.jpg\" class=\"attachment-large size-large wp-image-29198\" alt=\"\" srcset=\"https:\/\/prefecturadeesmeraldas.gob.ec\/wp-content\/uploads\/2025\/03\/111-10.jpg 749w, https:\/\/prefecturadeesmeraldas.gob.ec\/wp-content\/uploads\/2025\/03\/111-10-300x225.jpg 300w\" sizes=\"(max-width: 749px) 100vw, 749px\" \/>\t\t\t\t\t\t\t\t\t\t\t\t\t\t\t<\/div>\n\t\t\t\t<\/div>\n\t\t\t\t\t<\/div>\n\t\t\t\t<\/div>\n\t\t<div class=\"elementor-element elementor-element-42d7890 e-flex e-con-boxed e-con e-parent\" data-id=\"42d7890\" data-element_type=\"container\">\n\t\t\t\t\t<div class=\"e-con-inner\">\n\t\t\t\t<div class=\"elementor-element elementor-element-29a9d41 elementor-widget elementor-widget-text-editor\" data-id=\"29a9d41\" data-element_type=\"widget\" data-widget_type=\"text-editor.default\">\n\t\t\t\t<div class=\"elementor-widget-container\">\n\t\t\t\t\t\t\t\t\t<p>Con el objetivo de mitigar los efectos del derrame de crudo y garantizar el acceso al agua potable para la poblaci\u00f3n, el COE Provincial sesiono\u0301 en presencia del prefecto subrogante Diego Zambrano, el gobernador de Esmeraldas Juan Jaramillo, los alcaldes de Atacames y Rioverde; y dem\u00e1s autoridades del Ejecutivo.<\/p><p>Durante la sesi\u00f3n, se analizaron alternativas emergentes para la captaci\u00f3n, potabilizaci\u00f3n y distribuci\u00f3n del agua en las zonas afectadas. Al respecto, el prefecto subrogante <strong>Diego Zambrano<\/strong> enfatizo\u0301 la preocupaci\u00f3n existente, por lo que una de las prioridades es encontrar una pronta soluci\u00f3n a la dotaci\u00f3n de agua.<\/p><p>En este contexto, se inform\u00f3 que la Refiner\u00eda de Esmeraldas esta\u0301 ejecutando un proceso de potabilizaci\u00f3n de agua captada desde otro punto. Ante ello, la Mesa T\u00e9cnica No. 1 coordinara\u0301 las acciones necesarias para replicar este procedimiento y garantizar el suministro del l\u00edquido vital a la poblaci\u00f3n.<\/p><p>Por su parte, el gobernador de la provincia, <strong>Juan Jaramillo<\/strong>, destaco\u0301 la importancia de dejar de lado cualquier tipo de politizaci\u00f3n y enfocarse en las necesidades urgentes de la ciudadan\u00eda, ya que, desde el Gobierno Nacional, se est\u00e1 trabajando con el apoyo de la Prefectura, Petroecuador, OCP y empresas contratadas para ejecutar trabajos de remediaci\u00f3n.<\/p><p>Finalmente, el prefecto subrogante Diego Zambrano ratifico\u0301 el compromiso de continuar con las acciones necesarias para abastecer de agua a los hogares esmeralde\u00f1os.<\/p><p>El COE Provincial mantiene su operatividad y refuerza la coordinaci\u00f3n interinstitucional para atender esta emergencia con la celeridad que la situaci\u00f3n amerita. <\/p>\t\t\t\t\t\t\t\t<\/div>\n\t\t\t\t<\/div>\n\t\t\t\t\t<\/div>\n\t\t\t\t<\/div>\n\t\t\t\t<\/div>\n\t\t","protected":false},"excerpt":{"rendered":"<p>Con el objetivo de mitigar los efectos del derrame de crudo y garantizar el acceso al agua potable para la poblaci\u00f3n, el COE Provincial sesiono\u0301 en presencia del prefecto subrogante Diego Zambrano, el gobernador de Esmeraldas Juan Jaramillo, los alcaldes de Atacames y Rioverde; y dem\u00e1s autoridades del Ejecutivo. Durante la sesi\u00f3n, se analizaron alternativas [&hellip;]<\/p>\n","protected":false},"author":2,"featured_media":29198,"comment_status":"closed","ping_status":"open","sticky":false,"template":"","format":"standard","meta":{"footnotes":""},"categories":[3],"tags":[],"class_list":["post-29196","post","type-post","status-publish","format-standard","has-post-thumbnail","hentry","category-institucional"],"yoast_head":"<!-- This site is optimized with the Yoast SEO plugin v25.7 - https:\/\/yoast.com\/wordpress\/plugins\/seo\/ -->\n<title>COE Provincial eval\u00faa posibles soluciones para la captaci\u00f3n de agua. - Gobierno Aut\u00f3nomo Descentralizado de la Provincia de Esmeraldas<\/title>\n<meta name=\"robots\" content=\"index, follow, max-snippet:-1, max-image-preview:large, max-video-preview:-1\" \/>\n<link rel=\"canonical\" href=\"https:\/\/prefecturadeesmeraldas.gob.ec\/index.php\/2025\/03\/21\/coe-provincial-evalua-posibles-soluciones-para-la-captacion-de-agua\/\" \/>\n<meta property=\"og:locale\" content=\"es_ES\" \/>\n<meta property=\"og:type\" content=\"article\" \/>\n<meta property=\"og:title\" content=\"COE Provincial eval\u00faa posibles soluciones para la captaci\u00f3n de agua. - Gobierno Aut\u00f3nomo Descentralizado de la Provincia de Esmeraldas\" \/>\n<meta property=\"og:description\" content=\"Con el objetivo de mitigar los efectos del derrame de crudo y garantizar el acceso al agua potable para la poblaci\u00f3n, el COE Provincial sesiono\u0301 en presencia del prefecto subrogante Diego Zambrano, el gobernador de Esmeraldas Juan Jaramillo, los alcaldes de Atacames y Rioverde; y dem\u00e1s autoridades del Ejecutivo. Durante la sesi\u00f3n, se analizaron alternativas [&hellip;]\" \/>\n<meta property=\"og:url\" content=\"https:\/\/prefecturadeesmeraldas.gob.ec\/index.php\/2025\/03\/21\/coe-provincial-evalua-posibles-soluciones-para-la-captacion-de-agua\/\" \/>\n<meta property=\"og:site_name\" content=\"Gobierno Aut\u00f3nomo Descentralizado de la Provincia de Esmeraldas\" \/>\n<meta property=\"article:publisher\" content=\"https:\/\/www.facebook.com\/PrefecturaEsmeraldas\/\" \/>\n<meta property=\"article:published_time\" content=\"2025-03-21T19:11:00+00:00\" \/>\n<meta property=\"article:modified_time\" content=\"2025-03-21T19:12:32+00:00\" \/>\n<meta property=\"og:image\" content=\"https:\/\/prefecturadeesmeraldas.gob.ec\/wp-content\/uploads\/2025\/03\/111-10.jpg\" \/>\n\t<meta property=\"og:image:width\" content=\"749\" \/>\n\t<meta property=\"og:image:height\" content=\"562\" \/>\n\t<meta property=\"og:image:type\" content=\"image\/jpeg\" \/>\n<meta name=\"author\" content=\"Direcci\u00f3n de Comunicaci\u00f3n\" \/>\n<meta name=\"twitter:card\" content=\"summary_large_image\" \/>\n<meta name=\"twitter:label1\" content=\"Escrito por\" \/>\n\t<meta name=\"twitter:data1\" content=\"Direcci\u00f3n de Comunicaci\u00f3n\" \/>\n\t<meta name=\"twitter:label2\" content=\"Tiempo de lectura\" \/>\n\t<meta name=\"twitter:data2\" content=\"2 minutos\" \/>\n<script type=\"application\/ld+json\" class=\"yoast-schema-graph\">{\"@context\":\"https:\/\/schema.org\",\"@graph\":[{\"@type\":\"Article\",\"@id\":\"https:\/\/prefecturadeesmeraldas.gob.ec\/index.php\/2025\/03\/21\/coe-provincial-evalua-posibles-soluciones-para-la-captacion-de-agua\/#article\",\"isPartOf\":{\"@id\":\"https:\/\/prefecturadeesmeraldas.gob.ec\/index.php\/2025\/03\/21\/coe-provincial-evalua-posibles-soluciones-para-la-captacion-de-agua\/\"},\"author\":{\"name\":\"Direcci\u00f3n de Comunicaci\u00f3n\",\"@id\":\"https:\/\/prefecturadeesmeraldas.gob.ec\/#\/schema\/person\/b0c9e7b1ead7725994d1e319e8825234\"},\"headline\":\"COE Provincial eval\u00faa posibles soluciones para la captaci\u00f3n de agua.\",\"datePublished\":\"2025-03-21T19:11:00+00:00\",\"dateModified\":\"2025-03-21T19:12:32+00:00\",\"mainEntityOfPage\":{\"@id\":\"https:\/\/prefecturadeesmeraldas.gob.ec\/index.php\/2025\/03\/21\/coe-provincial-evalua-posibles-soluciones-para-la-captacion-de-agua\/\"},\"wordCount\":274,\"publisher\":{\"@id\":\"https:\/\/prefecturadeesmeraldas.gob.ec\/#organization\"},\"image\":{\"@id\":\"https:\/\/prefecturadeesmeraldas.gob.ec\/index.php\/2025\/03\/21\/coe-provincial-evalua-posibles-soluciones-para-la-captacion-de-agua\/#primaryimage\"},\"thumbnailUrl\":\"https:\/\/prefecturadeesmeraldas.gob.ec\/wp-content\/uploads\/2025\/03\/111-10.jpg\",\"articleSection\":[\"Institucional\"],\"inLanguage\":\"es\"},{\"@type\":\"WebPage\",\"@id\":\"https:\/\/prefecturadeesmeraldas.gob.ec\/index.php\/2025\/03\/21\/coe-provincial-evalua-posibles-soluciones-para-la-captacion-de-agua\/\",\"url\":\"https:\/\/prefecturadeesmeraldas.gob.ec\/index.php\/2025\/03\/21\/coe-provincial-evalua-posibles-soluciones-para-la-captacion-de-agua\/\",\"name\":\"COE Provincial eval\u00faa posibles soluciones para la captaci\u00f3n de agua. - Gobierno Aut\u00f3nomo Descentralizado de la Provincia de Esmeraldas\",\"isPartOf\":{\"@id\":\"https:\/\/prefecturadeesmeraldas.gob.ec\/#website\"},\"primaryImageOfPage\":{\"@id\":\"https:\/\/prefecturadeesmeraldas.gob.ec\/index.php\/2025\/03\/21\/coe-provincial-evalua-posibles-soluciones-para-la-captacion-de-agua\/#primaryimage\"},\"image\":{\"@id\":\"https:\/\/prefecturadeesmeraldas.gob.ec\/index.php\/2025\/03\/21\/coe-provincial-evalua-posibles-soluciones-para-la-captacion-de-agua\/#primaryimage\"},\"thumbnailUrl\":\"https:\/\/prefecturadeesmeraldas.gob.ec\/wp-content\/uploads\/2025\/03\/111-10.jpg\",\"datePublished\":\"2025-03-21T19:11:00+00:00\",\"dateModified\":\"2025-03-21T19:12:32+00:00\",\"breadcrumb\":{\"@id\":\"https:\/\/prefecturadeesmeraldas.gob.ec\/index.php\/2025\/03\/21\/coe-provincial-evalua-posibles-soluciones-para-la-captacion-de-agua\/#breadcrumb\"},\"inLanguage\":\"es\",\"potentialAction\":[{\"@type\":\"ReadAction\",\"target\":[\"https:\/\/prefecturadeesmeraldas.gob.ec\/index.php\/2025\/03\/21\/coe-provincial-evalua-posibles-soluciones-para-la-captacion-de-agua\/\"]}]},{\"@type\":\"ImageObject\",\"inLanguage\":\"es\",\"@id\":\"https:\/\/prefecturadeesmeraldas.gob.ec\/index.php\/2025\/03\/21\/coe-provincial-evalua-posibles-soluciones-para-la-captacion-de-agua\/#primaryimage\",\"url\":\"https:\/\/prefecturadeesmeraldas.gob.ec\/wp-content\/uploads\/2025\/03\/111-10.jpg\",\"contentUrl\":\"https:\/\/prefecturadeesmeraldas.gob.ec\/wp-content\/uploads\/2025\/03\/111-10.jpg\",\"width\":749,\"height\":562},{\"@type\":\"BreadcrumbList\",\"@id\":\"https:\/\/prefecturadeesmeraldas.gob.ec\/index.php\/2025\/03\/21\/coe-provincial-evalua-posibles-soluciones-para-la-captacion-de-agua\/#breadcrumb\",\"itemListElement\":[{\"@type\":\"ListItem\",\"position\":1,\"name\":\"Home\",\"item\":\"https:\/\/prefecturadeesmeraldas.gob.ec\/\"},{\"@type\":\"ListItem\",\"position\":2,\"name\":\"COE Provincial eval\u00faa posibles soluciones para la captaci\u00f3n de agua.\"}]},{\"@type\":\"WebSite\",\"@id\":\"https:\/\/prefecturadeesmeraldas.gob.ec\/#website\",\"url\":\"https:\/\/prefecturadeesmeraldas.gob.ec\/\",\"name\":\"Gobierno Aut\u00f3nomo Descentralizado de la Provincia de Esmeraldas\",\"description\":\"Gobierno Aut\u00f3nomo Descentralizado de la Provincia de Esmeraldas\",\"publisher\":{\"@id\":\"https:\/\/prefecturadeesmeraldas.gob.ec\/#organization\"},\"potentialAction\":[{\"@type\":\"SearchAction\",\"target\":{\"@type\":\"EntryPoint\",\"urlTemplate\":\"https:\/\/prefecturadeesmeraldas.gob.ec\/?s={search_term_string}\"},\"query-input\":{\"@type\":\"PropertyValueSpecification\",\"valueRequired\":true,\"valueName\":\"search_term_string\"}}],\"inLanguage\":\"es\"},{\"@type\":\"Organization\",\"@id\":\"https:\/\/prefecturadeesmeraldas.gob.ec\/#organization\",\"name\":\"Gobierno Aut\u00f3nomo Descentralizado de la Provincia de Esmeraldas\",\"url\":\"https:\/\/prefecturadeesmeraldas.gob.ec\/\",\"logo\":{\"@type\":\"ImageObject\",\"inLanguage\":\"es\",\"@id\":\"https:\/\/prefecturadeesmeraldas.gob.ec\/#\/schema\/logo\/image\/\",\"url\":\"https:\/\/prefecturadeesmeraldas.gob.ec\/wp-content\/uploads\/2019\/06\/logo.png\",\"contentUrl\":\"https:\/\/prefecturadeesmeraldas.gob.ec\/wp-content\/uploads\/2019\/06\/logo.png\",\"width\":859,\"height\":448,\"caption\":\"Gobierno Aut\u00f3nomo Descentralizado de la Provincia de Esmeraldas\"},\"image\":{\"@id\":\"https:\/\/prefecturadeesmeraldas.gob.ec\/#\/schema\/logo\/image\/\"},\"sameAs\":[\"https:\/\/www.facebook.com\/PrefecturaEsmeraldas\/\"]},{\"@type\":\"Person\",\"@id\":\"https:\/\/prefecturadeesmeraldas.gob.ec\/#\/schema\/person\/b0c9e7b1ead7725994d1e319e8825234\",\"name\":\"Direcci\u00f3n de Comunicaci\u00f3n\",\"image\":{\"@type\":\"ImageObject\",\"inLanguage\":\"es\",\"@id\":\"https:\/\/prefecturadeesmeraldas.gob.ec\/#\/schema\/person\/image\/\",\"url\":\"https:\/\/secure.gravatar.com\/avatar\/74a3870a946f5d774ade3569af61a72308e07ad3346f370c4b468ee2a9858658?s=96&d=mm&r=g\",\"contentUrl\":\"https:\/\/secure.gravatar.com\/avatar\/74a3870a946f5d774ade3569af61a72308e07ad3346f370c4b468ee2a9858658?s=96&d=mm&r=g\",\"caption\":\"Direcci\u00f3n de Comunicaci\u00f3n\"}}]}<\/script>\n<!-- \/ Yoast SEO plugin. -->","yoast_head_json":{"title":"COE Provincial eval\u00faa posibles soluciones para la captaci\u00f3n de agua. - Gobierno Aut\u00f3nomo Descentralizado de la Provincia de Esmeraldas","robots":{"index":"index","follow":"follow","max-snippet":"max-snippet:-1","max-image-preview":"max-image-preview:large","max-video-preview":"max-video-preview:-1"},"canonical":"https:\/\/prefecturadeesmeraldas.gob.ec\/index.php\/2025\/03\/21\/coe-provincial-evalua-posibles-soluciones-para-la-captacion-de-agua\/","og_locale":"es_ES","og_type":"article","og_title":"COE Provincial eval\u00faa posibles soluciones para la captaci\u00f3n de agua. - Gobierno Aut\u00f3nomo Descentralizado de la Provincia de Esmeraldas","og_description":"Con el objetivo de mitigar los efectos del derrame de crudo y garantizar el acceso al agua potable para la poblaci\u00f3n, el COE Provincial sesiono\u0301 en presencia del prefecto subrogante Diego Zambrano, el gobernador de Esmeraldas Juan Jaramillo, los alcaldes de Atacames y Rioverde; y dem\u00e1s autoridades del Ejecutivo. Durante la sesi\u00f3n, se analizaron alternativas [&hellip;]","og_url":"https:\/\/prefecturadeesmeraldas.gob.ec\/index.php\/2025\/03\/21\/coe-provincial-evalua-posibles-soluciones-para-la-captacion-de-agua\/","og_site_name":"Gobierno Aut\u00f3nomo Descentralizado de la Provincia de Esmeraldas","article_publisher":"https:\/\/www.facebook.com\/PrefecturaEsmeraldas\/","article_published_time":"2025-03-21T19:11:00+00:00","article_modified_time":"2025-03-21T19:12:32+00:00","og_image":[{"width":749,"height":562,"url":"https:\/\/prefecturadeesmeraldas.gob.ec\/wp-content\/uploads\/2025\/03\/111-10.jpg","type":"image\/jpeg"}],"author":"Direcci\u00f3n de Comunicaci\u00f3n","twitter_card":"summary_large_image","twitter_misc":{"Escrito por":"Direcci\u00f3n de Comunicaci\u00f3n","Tiempo de lectura":"2 minutos"},"schema":{"@context":"https:\/\/schema.org","@graph":[{"@type":"Article","@id":"https:\/\/prefecturadeesmeraldas.gob.ec\/index.php\/2025\/03\/21\/coe-provincial-evalua-posibles-soluciones-para-la-captacion-de-agua\/#article","isPartOf":{"@id":"https:\/\/prefecturadeesmeraldas.gob.ec\/index.php\/2025\/03\/21\/coe-provincial-evalua-posibles-soluciones-para-la-captacion-de-agua\/"},"author":{"name":"Direcci\u00f3n de Comunicaci\u00f3n","@id":"https:\/\/prefecturadeesmeraldas.gob.ec\/#\/schema\/person\/b0c9e7b1ead7725994d1e319e8825234"},"headline":"COE Provincial eval\u00faa posibles soluciones para la captaci\u00f3n de agua.","datePublished":"2025-03-21T19:11:00+00:00","dateModified":"2025-03-21T19:12:32+00:00","mainEntityOfPage":{"@id":"https:\/\/prefecturadeesmeraldas.gob.ec\/index.php\/2025\/03\/21\/coe-provincial-evalua-posibles-soluciones-para-la-captacion-de-agua\/"},"wordCount":274,"publisher":{"@id":"https:\/\/prefecturadeesmeraldas.gob.ec\/#organization"},"image":{"@id":"https:\/\/prefecturadeesmeraldas.gob.ec\/index.php\/2025\/03\/21\/coe-provincial-evalua-posibles-soluciones-para-la-captacion-de-agua\/#primaryimage"},"thumbnailUrl":"https:\/\/prefecturadeesmeraldas.gob.ec\/wp-content\/uploads\/2025\/03\/111-10.jpg","articleSection":["Institucional"],"inLanguage":"es"},{"@type":"WebPage","@id":"https:\/\/prefecturadeesmeraldas.gob.ec\/index.php\/2025\/03\/21\/coe-provincial-evalua-posibles-soluciones-para-la-captacion-de-agua\/","url":"https:\/\/prefecturadeesmeraldas.gob.ec\/index.php\/2025\/03\/21\/coe-provincial-evalua-posibles-soluciones-para-la-captacion-de-agua\/","name":"COE Provincial eval\u00faa posibles soluciones para la captaci\u00f3n de agua. - Gobierno Aut\u00f3nomo Descentralizado de la Provincia de Esmeraldas","isPartOf":{"@id":"https:\/\/prefecturadeesmeraldas.gob.ec\/#website"},"primaryImageOfPage":{"@id":"https:\/\/prefecturadeesmeraldas.gob.ec\/index.php\/2025\/03\/21\/coe-provincial-evalua-posibles-soluciones-para-la-captacion-de-agua\/#primaryimage"},"image":{"@id":"https:\/\/prefecturadeesmeraldas.gob.ec\/index.php\/2025\/03\/21\/coe-provincial-evalua-posibles-soluciones-para-la-captacion-de-agua\/#primaryimage"},"thumbnailUrl":"https:\/\/prefecturadeesmeraldas.gob.ec\/wp-content\/uploads\/2025\/03\/111-10.jpg","datePublished":"2025-03-21T19:11:00+00:00","dateModified":"2025-03-21T19:12:32+00:00","breadcrumb":{"@id":"https:\/\/prefecturadeesmeraldas.gob.ec\/index.php\/2025\/03\/21\/coe-provincial-evalua-posibles-soluciones-para-la-captacion-de-agua\/#breadcrumb"},"inLanguage":"es","potentialAction":[{"@type":"ReadAction","target":["https:\/\/prefecturadeesmeraldas.gob.ec\/index.php\/2025\/03\/21\/coe-provincial-evalua-posibles-soluciones-para-la-captacion-de-agua\/"]}]},{"@type":"ImageObject","inLanguage":"es","@id":"https:\/\/prefecturadeesmeraldas.gob.ec\/index.php\/2025\/03\/21\/coe-provincial-evalua-posibles-soluciones-para-la-captacion-de-agua\/#primaryimage","url":"https:\/\/prefecturadeesmeraldas.gob.ec\/wp-content\/uploads\/2025\/03\/111-10.jpg","contentUrl":"https:\/\/prefecturadeesmeraldas.gob.ec\/wp-content\/uploads\/2025\/03\/111-10.jpg","width":749,"height":562},{"@type":"BreadcrumbList","@id":"https:\/\/prefecturadeesmeraldas.gob.ec\/index.php\/2025\/03\/21\/coe-provincial-evalua-posibles-soluciones-para-la-captacion-de-agua\/#breadcrumb","itemListElement":[{"@type":"ListItem","position":1,"name":"Home","item":"https:\/\/prefecturadeesmeraldas.gob.ec\/"},{"@type":"ListItem","position":2,"name":"COE Provincial eval\u00faa posibles soluciones para la captaci\u00f3n de agua."}]},{"@type":"WebSite","@id":"https:\/\/prefecturadeesmeraldas.gob.ec\/#website","url":"https:\/\/prefecturadeesmeraldas.gob.ec\/","name":"Gobierno Aut\u00f3nomo Descentralizado de la Provincia de Esmeraldas","description":"Gobierno Aut\u00f3nomo Descentralizado de la Provincia de Esmeraldas","publisher":{"@id":"https:\/\/prefecturadeesmeraldas.gob.ec\/#organization"},"potentialAction":[{"@type":"SearchAction","target":{"@type":"EntryPoint","urlTemplate":"https:\/\/prefecturadeesmeraldas.gob.ec\/?s={search_term_string}"},"query-input":{"@type":"PropertyValueSpecification","valueRequired":true,"valueName":"search_term_string"}}],"inLanguage":"es"},{"@type":"Organization","@id":"https:\/\/prefecturadeesmeraldas.gob.ec\/#organization","name":"Gobierno Aut\u00f3nomo Descentralizado de la Provincia de Esmeraldas","url":"https:\/\/prefecturadeesmeraldas.gob.ec\/","logo":{"@type":"ImageObject","inLanguage":"es","@id":"https:\/\/prefecturadeesmeraldas.gob.ec\/#\/schema\/logo\/image\/","url":"https:\/\/prefecturadeesmeraldas.gob.ec\/wp-content\/uploads\/2019\/06\/logo.png","contentUrl":"https:\/\/prefecturadeesmeraldas.gob.ec\/wp-content\/uploads\/2019\/06\/logo.png","width":859,"height":448,"caption":"Gobierno Aut\u00f3nomo Descentralizado de la Provincia de Esmeraldas"},"image":{"@id":"https:\/\/prefecturadeesmeraldas.gob.ec\/#\/schema\/logo\/image\/"},"sameAs":["https:\/\/www.facebook.com\/PrefecturaEsmeraldas\/"]},{"@type":"Person","@id":"https:\/\/prefecturadeesmeraldas.gob.ec\/#\/schema\/person\/b0c9e7b1ead7725994d1e319e8825234","name":"Direcci\u00f3n de Comunicaci\u00f3n","image":{"@type":"ImageObject","inLanguage":"es","@id":"https:\/\/prefecturadeesmeraldas.gob.ec\/#\/schema\/person\/image\/","url":"https:\/\/secure.gravatar.com\/avatar\/74a3870a946f5d774ade3569af61a72308e07ad3346f370c4b468ee2a9858658?s=96&d=mm&r=g","contentUrl":"https:\/\/secure.gravatar.com\/avatar\/74a3870a946f5d774ade3569af61a72308e07ad3346f370c4b468ee2a9858658?s=96&d=mm&r=g","caption":"Direcci\u00f3n de Comunicaci\u00f3n"}}]}},"_links":{"self":[{"href":"https:\/\/prefecturadeesmeraldas.gob.ec\/index.php\/wp-json\/wp\/v2\/posts\/29196","targetHints":{"allow":["GET"]}}],"collection":[{"href":"https:\/\/prefecturadeesmeraldas.gob.ec\/index.php\/wp-json\/wp\/v2\/posts"}],"about":[{"href":"https:\/\/prefecturadeesmeraldas.gob.ec\/index.php\/wp-json\/wp\/v2\/types\/post"}],"author":[{"embeddable":true,"href":"https:\/\/prefecturadeesmeraldas.gob.ec\/index.php\/wp-json\/wp\/v2\/users\/2"}],"replies":[{"embeddable":true,"href":"https:\/\/prefecturadeesmeraldas.gob.ec\/index.php\/wp-json\/wp\/v2\/comments?post=29196"}],"version-history":[{"count":4,"href":"https:\/\/prefecturadeesmeraldas.gob.ec\/index.php\/wp-json\/wp\/v2\/posts\/29196\/revisions"}],"predecessor-version":[{"id":29201,"href":"https:\/\/prefecturadeesmeraldas.gob.ec\/index.php\/wp-json\/wp\/v2\/posts\/29196\/revisions\/29201"}],"wp:featuredmedia":[{"embeddable":true,"href":"https:\/\/prefecturadeesmeraldas.gob.ec\/index.php\/wp-json\/wp\/v2\/media\/29198"}],"wp:attachment":[{"href":"https:\/\/prefecturadeesmeraldas.gob.ec\/index.php\/wp-json\/wp\/v2\/media?parent=29196"}],"wp:term":[{"taxonomy":"category","embeddable":true,"href":"https:\/\/prefecturadeesmeraldas.gob.ec\/index.php\/wp-json\/wp\/v2\/categories?post=29196"},{"taxonomy":"post_tag","embeddable":true,"href":"https:\/\/prefecturadeesmeraldas.gob.ec\/index.php\/wp-json\/wp\/v2\/tags?post=29196"}],"curies":[{"name":"wp","href":"https:\/\/api.w.org\/{rel}","templated":true}]}}