{"id":29111,"date":"2025-03-11T10:25:50","date_gmt":"2025-03-11T15:25:50","guid":{"rendered":"https:\/\/prefecturadeesmeraldas.gob.ec\/?p=29111"},"modified":"2025-03-11T10:27:35","modified_gmt":"2025-03-11T15:27:35","slug":"120-familias-de-borbon-reciben-kits-purificadores-de-agua-como-medida-preventiva-ante-el-invierno","status":"publish","type":"post","link":"https:\/\/prefecturadeesmeraldas.gob.ec\/index.php\/2025\/03\/11\/120-familias-de-borbon-reciben-kits-purificadores-de-agua-como-medida-preventiva-ante-el-invierno\/","title":{"rendered":"120 familias de Borb\u00f3n reciben kits purificadores de agua como medida preventiva ante el invierno."},"content":{"rendered":"\t\t<div data-elementor-type=\"wp-post\" data-elementor-id=\"29111\" class=\"elementor elementor-29111\">\n\t\t\t\t<div class=\"elementor-element elementor-element-97dc81a e-flex e-con-boxed e-con e-parent\" data-id=\"97dc81a\" data-element_type=\"container\">\n\t\t\t\t\t<div class=\"e-con-inner\">\n\t\t\t\t<div class=\"elementor-element elementor-element-5d297a1 elementor-widget elementor-widget-image\" data-id=\"5d297a1\" data-element_type=\"widget\" data-widget_type=\"image.default\">\n\t\t\t\t<div class=\"elementor-widget-container\">\n\t\t\t\t\t\t\t\t\t\t\t\t\t\t\t<img fetchpriority=\"high\" decoding=\"async\" width=\"2560\" height=\"2560\" src=\"https:\/\/prefecturadeesmeraldas.gob.ec\/wp-content\/uploads\/2025\/03\/WhatsApp-Image-2025-03-10-at-08.06.29-3.jpeg\" class=\"attachment-large size-large wp-image-29113\" alt=\"\" srcset=\"https:\/\/prefecturadeesmeraldas.gob.ec\/wp-content\/uploads\/2025\/03\/WhatsApp-Image-2025-03-10-at-08.06.29-3.jpeg 2560w, https:\/\/prefecturadeesmeraldas.gob.ec\/wp-content\/uploads\/2025\/03\/WhatsApp-Image-2025-03-10-at-08.06.29-3-300x300.jpeg 300w, https:\/\/prefecturadeesmeraldas.gob.ec\/wp-content\/uploads\/2025\/03\/WhatsApp-Image-2025-03-10-at-08.06.29-3-150x150.jpeg 150w, https:\/\/prefecturadeesmeraldas.gob.ec\/wp-content\/uploads\/2025\/03\/WhatsApp-Image-2025-03-10-at-08.06.29-3-768x768.jpeg 768w, https:\/\/prefecturadeesmeraldas.gob.ec\/wp-content\/uploads\/2025\/03\/WhatsApp-Image-2025-03-10-at-08.06.29-3-1536x1536.jpeg 1536w, https:\/\/prefecturadeesmeraldas.gob.ec\/wp-content\/uploads\/2025\/03\/WhatsApp-Image-2025-03-10-at-08.06.29-3-2048x2048.jpeg 2048w, https:\/\/prefecturadeesmeraldas.gob.ec\/wp-content\/uploads\/2025\/03\/WhatsApp-Image-2025-03-10-at-08.06.29-3-440x440.jpeg 440w, https:\/\/prefecturadeesmeraldas.gob.ec\/wp-content\/uploads\/2025\/03\/WhatsApp-Image-2025-03-10-at-08.06.29-3-180x180.jpeg 180w, https:\/\/prefecturadeesmeraldas.gob.ec\/wp-content\/uploads\/2025\/03\/WhatsApp-Image-2025-03-10-at-08.06.29-3-120x120.jpeg 120w\" sizes=\"(max-width: 2560px) 100vw, 2560px\" \/>\t\t\t\t\t\t\t\t\t\t\t\t\t\t\t<\/div>\n\t\t\t\t<\/div>\n\t\t\t\t\t<\/div>\n\t\t\t\t<\/div>\n\t\t<div class=\"elementor-element elementor-element-beef130 e-flex e-con-boxed e-con e-parent\" data-id=\"beef130\" data-element_type=\"container\">\n\t\t\t\t\t<div class=\"e-con-inner\">\n\t\t\t\t<div class=\"elementor-element elementor-element-60220cb elementor-widget elementor-widget-text-editor\" data-id=\"60220cb\" data-element_type=\"widget\" data-widget_type=\"text-editor.default\">\n\t\t\t\t<div class=\"elementor-widget-container\">\n\t\t\t\t\t\t\t\t\t<p>Como parte de las resoluciones adoptadas por el Comit\u00e9 de Operaciones de Emergencia (COE) Provincial, la prefecta de Esmeraldas, <strong>Roberta Zambrano<\/strong>, en su calidad de presidenta del organismo, junto a representantes de la Secretar\u00eda Nacional de <strong>Gesti\u00f3n de Riesgos y el Ministerio de Inclusi\u00f3n Econ\u00f3mica y Social<\/strong>, realizaron la entrega de kits purificadores de agua a 120 familias del barrio La Laguna, en la parroquia Borb\u00f3n, cant\u00f3n Eloy Alfaro.<\/p><p>Esta acci\u00f3n forma parte de las estrategias de prevenci\u00f3n y respuesta ante posibles emergencias, garantizando el acceso a agua segura para las comunidades m\u00e1s vulnerables. Los kits permitir\u00e1n reducir el riesgo de enfermedades de origen h\u00eddrico y mejorar la calidad de vida de los beneficiarios.<\/p><p>La prefecta <strong>Roberta Zambrano<\/strong> destac\u00f3 la importancia de esta iniciativa en el marco de la gesti\u00f3n de riesgos y el fortalecimiento de la resiliencia comunitaria. \u201cTrabajamos en equipo con las instituciones del Estado para atender de manera oportuna a nuestra gente, asegurando que tengan acceso a agua limpia y segura, especialmente en momentos de emergencia\u201d, se\u00f1al\u00f3.<\/p><p>Tambi\u00e9n hizo \u00e9nfasis en la articulaci\u00f3n con las diferentes instituciones y la colaboraci\u00f3n de todos los alcaldes, para poder trabajar en beneficio de los esmeralde\u00f1os.<\/p><p>Con estas acciones, la prefecta reafirma su compromiso con la protecci\u00f3n y bienestar de las comunidades, impulsando iniciativas que fortalezcan la seguridad h\u00eddrica y mejoren las condiciones de vida de los sectores m\u00e1s vulnerables de la provincia. <\/p>\t\t\t\t\t\t\t\t<\/div>\n\t\t\t\t<\/div>\n\t\t\t\t\t<\/div>\n\t\t\t\t<\/div>\n\t\t\t\t<\/div>\n\t\t","protected":false},"excerpt":{"rendered":"<p>Como parte de las resoluciones adoptadas por el Comit\u00e9 de Operaciones de Emergencia (COE) Provincial, la prefecta de Esmeraldas, Roberta Zambrano, en su calidad de presidenta del organismo, junto a representantes de la Secretar\u00eda Nacional de Gesti\u00f3n de Riesgos y el Ministerio de Inclusi\u00f3n Econ\u00f3mica y Social, realizaron la entrega de kits purificadores de agua [&hellip;]<\/p>\n","protected":false},"author":2,"featured_media":29114,"comment_status":"closed","ping_status":"open","sticky":false,"template":"","format":"standard","meta":{"footnotes":""},"categories":[3],"tags":[],"class_list":["post-29111","post","type-post","status-publish","format-standard","has-post-thumbnail","hentry","category-institucional"],"yoast_head":"<!-- This site is optimized with the Yoast SEO plugin v25.7 - https:\/\/yoast.com\/wordpress\/plugins\/seo\/ -->\n<title>120 familias de Borb\u00f3n reciben kits purificadores de agua como medida preventiva ante el invierno. - Gobierno Aut\u00f3nomo Descentralizado de la Provincia de Esmeraldas<\/title>\n<meta name=\"robots\" content=\"index, follow, max-snippet:-1, max-image-preview:large, max-video-preview:-1\" \/>\n<link rel=\"canonical\" href=\"https:\/\/prefecturadeesmeraldas.gob.ec\/index.php\/2025\/03\/11\/120-familias-de-borbon-reciben-kits-purificadores-de-agua-como-medida-preventiva-ante-el-invierno\/\" \/>\n<meta property=\"og:locale\" content=\"es_ES\" \/>\n<meta property=\"og:type\" content=\"article\" \/>\n<meta property=\"og:title\" content=\"120 familias de Borb\u00f3n reciben kits purificadores de agua como medida preventiva ante el invierno. - Gobierno Aut\u00f3nomo Descentralizado de la Provincia de Esmeraldas\" \/>\n<meta property=\"og:description\" content=\"Como parte de las resoluciones adoptadas por el Comit\u00e9 de Operaciones de Emergencia (COE) Provincial, la prefecta de Esmeraldas, Roberta Zambrano, en su calidad de presidenta del organismo, junto a representantes de la Secretar\u00eda Nacional de Gesti\u00f3n de Riesgos y el Ministerio de Inclusi\u00f3n Econ\u00f3mica y Social, realizaron la entrega de kits purificadores de agua [&hellip;]\" \/>\n<meta property=\"og:url\" content=\"https:\/\/prefecturadeesmeraldas.gob.ec\/index.php\/2025\/03\/11\/120-familias-de-borbon-reciben-kits-purificadores-de-agua-como-medida-preventiva-ante-el-invierno\/\" \/>\n<meta property=\"og:site_name\" content=\"Gobierno Aut\u00f3nomo Descentralizado de la Provincia de Esmeraldas\" \/>\n<meta property=\"article:publisher\" content=\"https:\/\/www.facebook.com\/PrefecturaEsmeraldas\/\" \/>\n<meta property=\"article:published_time\" content=\"2025-03-11T15:25:50+00:00\" \/>\n<meta property=\"article:modified_time\" content=\"2025-03-11T15:27:35+00:00\" \/>\n<meta property=\"og:image\" content=\"https:\/\/prefecturadeesmeraldas.gob.ec\/wp-content\/uploads\/2025\/03\/WhatsApp-Image-2025-03-10-at-08.06.29-4.jpeg\" \/>\n\t<meta property=\"og:image:width\" content=\"2560\" \/>\n\t<meta property=\"og:image:height\" content=\"2560\" \/>\n\t<meta property=\"og:image:type\" content=\"image\/jpeg\" \/>\n<meta name=\"author\" content=\"Direcci\u00f3n de Comunicaci\u00f3n\" \/>\n<meta name=\"twitter:card\" content=\"summary_large_image\" \/>\n<meta name=\"twitter:label1\" content=\"Escrito por\" \/>\n\t<meta name=\"twitter:data1\" content=\"Direcci\u00f3n de Comunicaci\u00f3n\" \/>\n\t<meta name=\"twitter:label2\" content=\"Tiempo de lectura\" \/>\n\t<meta name=\"twitter:data2\" content=\"2 minutos\" \/>\n<script type=\"application\/ld+json\" class=\"yoast-schema-graph\">{\"@context\":\"https:\/\/schema.org\",\"@graph\":[{\"@type\":\"Article\",\"@id\":\"https:\/\/prefecturadeesmeraldas.gob.ec\/index.php\/2025\/03\/11\/120-familias-de-borbon-reciben-kits-purificadores-de-agua-como-medida-preventiva-ante-el-invierno\/#article\",\"isPartOf\":{\"@id\":\"https:\/\/prefecturadeesmeraldas.gob.ec\/index.php\/2025\/03\/11\/120-familias-de-borbon-reciben-kits-purificadores-de-agua-como-medida-preventiva-ante-el-invierno\/\"},\"author\":{\"name\":\"Direcci\u00f3n de Comunicaci\u00f3n\",\"@id\":\"https:\/\/prefecturadeesmeraldas.gob.ec\/#\/schema\/person\/b0c9e7b1ead7725994d1e319e8825234\"},\"headline\":\"120 familias de Borb\u00f3n reciben kits purificadores de agua como medida preventiva ante el invierno.\",\"datePublished\":\"2025-03-11T15:25:50+00:00\",\"dateModified\":\"2025-03-11T15:27:35+00:00\",\"mainEntityOfPage\":{\"@id\":\"https:\/\/prefecturadeesmeraldas.gob.ec\/index.php\/2025\/03\/11\/120-familias-de-borbon-reciben-kits-purificadores-de-agua-como-medida-preventiva-ante-el-invierno\/\"},\"wordCount\":266,\"publisher\":{\"@id\":\"https:\/\/prefecturadeesmeraldas.gob.ec\/#organization\"},\"image\":{\"@id\":\"https:\/\/prefecturadeesmeraldas.gob.ec\/index.php\/2025\/03\/11\/120-familias-de-borbon-reciben-kits-purificadores-de-agua-como-medida-preventiva-ante-el-invierno\/#primaryimage\"},\"thumbnailUrl\":\"https:\/\/prefecturadeesmeraldas.gob.ec\/wp-content\/uploads\/2025\/03\/WhatsApp-Image-2025-03-10-at-08.06.29-4.jpeg\",\"articleSection\":[\"Institucional\"],\"inLanguage\":\"es\"},{\"@type\":\"WebPage\",\"@id\":\"https:\/\/prefecturadeesmeraldas.gob.ec\/index.php\/2025\/03\/11\/120-familias-de-borbon-reciben-kits-purificadores-de-agua-como-medida-preventiva-ante-el-invierno\/\",\"url\":\"https:\/\/prefecturadeesmeraldas.gob.ec\/index.php\/2025\/03\/11\/120-familias-de-borbon-reciben-kits-purificadores-de-agua-como-medida-preventiva-ante-el-invierno\/\",\"name\":\"120 familias de Borb\u00f3n reciben kits purificadores de agua como medida preventiva ante el invierno. - Gobierno Aut\u00f3nomo Descentralizado de la Provincia de Esmeraldas\",\"isPartOf\":{\"@id\":\"https:\/\/prefecturadeesmeraldas.gob.ec\/#website\"},\"primaryImageOfPage\":{\"@id\":\"https:\/\/prefecturadeesmeraldas.gob.ec\/index.php\/2025\/03\/11\/120-familias-de-borbon-reciben-kits-purificadores-de-agua-como-medida-preventiva-ante-el-invierno\/#primaryimage\"},\"image\":{\"@id\":\"https:\/\/prefecturadeesmeraldas.gob.ec\/index.php\/2025\/03\/11\/120-familias-de-borbon-reciben-kits-purificadores-de-agua-como-medida-preventiva-ante-el-invierno\/#primaryimage\"},\"thumbnailUrl\":\"https:\/\/prefecturadeesmeraldas.gob.ec\/wp-content\/uploads\/2025\/03\/WhatsApp-Image-2025-03-10-at-08.06.29-4.jpeg\",\"datePublished\":\"2025-03-11T15:25:50+00:00\",\"dateModified\":\"2025-03-11T15:27:35+00:00\",\"breadcrumb\":{\"@id\":\"https:\/\/prefecturadeesmeraldas.gob.ec\/index.php\/2025\/03\/11\/120-familias-de-borbon-reciben-kits-purificadores-de-agua-como-medida-preventiva-ante-el-invierno\/#breadcrumb\"},\"inLanguage\":\"es\",\"potentialAction\":[{\"@type\":\"ReadAction\",\"target\":[\"https:\/\/prefecturadeesmeraldas.gob.ec\/index.php\/2025\/03\/11\/120-familias-de-borbon-reciben-kits-purificadores-de-agua-como-medida-preventiva-ante-el-invierno\/\"]}]},{\"@type\":\"ImageObject\",\"inLanguage\":\"es\",\"@id\":\"https:\/\/prefecturadeesmeraldas.gob.ec\/index.php\/2025\/03\/11\/120-familias-de-borbon-reciben-kits-purificadores-de-agua-como-medida-preventiva-ante-el-invierno\/#primaryimage\",\"url\":\"https:\/\/prefecturadeesmeraldas.gob.ec\/wp-content\/uploads\/2025\/03\/WhatsApp-Image-2025-03-10-at-08.06.29-4.jpeg\",\"contentUrl\":\"https:\/\/prefecturadeesmeraldas.gob.ec\/wp-content\/uploads\/2025\/03\/WhatsApp-Image-2025-03-10-at-08.06.29-4.jpeg\",\"width\":2560,\"height\":2560},{\"@type\":\"BreadcrumbList\",\"@id\":\"https:\/\/prefecturadeesmeraldas.gob.ec\/index.php\/2025\/03\/11\/120-familias-de-borbon-reciben-kits-purificadores-de-agua-como-medida-preventiva-ante-el-invierno\/#breadcrumb\",\"itemListElement\":[{\"@type\":\"ListItem\",\"position\":1,\"name\":\"Home\",\"item\":\"https:\/\/prefecturadeesmeraldas.gob.ec\/\"},{\"@type\":\"ListItem\",\"position\":2,\"name\":\"120 familias de Borb\u00f3n reciben kits purificadores de agua como medida preventiva ante el invierno.\"}]},{\"@type\":\"WebSite\",\"@id\":\"https:\/\/prefecturadeesmeraldas.gob.ec\/#website\",\"url\":\"https:\/\/prefecturadeesmeraldas.gob.ec\/\",\"name\":\"Gobierno Aut\u00f3nomo Descentralizado de la Provincia de Esmeraldas\",\"description\":\"Gobierno Aut\u00f3nomo Descentralizado de la Provincia de Esmeraldas\",\"publisher\":{\"@id\":\"https:\/\/prefecturadeesmeraldas.gob.ec\/#organization\"},\"potentialAction\":[{\"@type\":\"SearchAction\",\"target\":{\"@type\":\"EntryPoint\",\"urlTemplate\":\"https:\/\/prefecturadeesmeraldas.gob.ec\/?s={search_term_string}\"},\"query-input\":{\"@type\":\"PropertyValueSpecification\",\"valueRequired\":true,\"valueName\":\"search_term_string\"}}],\"inLanguage\":\"es\"},{\"@type\":\"Organization\",\"@id\":\"https:\/\/prefecturadeesmeraldas.gob.ec\/#organization\",\"name\":\"Gobierno Aut\u00f3nomo Descentralizado de la Provincia de Esmeraldas\",\"url\":\"https:\/\/prefecturadeesmeraldas.gob.ec\/\",\"logo\":{\"@type\":\"ImageObject\",\"inLanguage\":\"es\",\"@id\":\"https:\/\/prefecturadeesmeraldas.gob.ec\/#\/schema\/logo\/image\/\",\"url\":\"https:\/\/prefecturadeesmeraldas.gob.ec\/wp-content\/uploads\/2019\/06\/logo.png\",\"contentUrl\":\"https:\/\/prefecturadeesmeraldas.gob.ec\/wp-content\/uploads\/2019\/06\/logo.png\",\"width\":859,\"height\":448,\"caption\":\"Gobierno Aut\u00f3nomo Descentralizado de la Provincia de Esmeraldas\"},\"image\":{\"@id\":\"https:\/\/prefecturadeesmeraldas.gob.ec\/#\/schema\/logo\/image\/\"},\"sameAs\":[\"https:\/\/www.facebook.com\/PrefecturaEsmeraldas\/\"]},{\"@type\":\"Person\",\"@id\":\"https:\/\/prefecturadeesmeraldas.gob.ec\/#\/schema\/person\/b0c9e7b1ead7725994d1e319e8825234\",\"name\":\"Direcci\u00f3n de Comunicaci\u00f3n\",\"image\":{\"@type\":\"ImageObject\",\"inLanguage\":\"es\",\"@id\":\"https:\/\/prefecturadeesmeraldas.gob.ec\/#\/schema\/person\/image\/\",\"url\":\"https:\/\/secure.gravatar.com\/avatar\/74a3870a946f5d774ade3569af61a72308e07ad3346f370c4b468ee2a9858658?s=96&d=mm&r=g\",\"contentUrl\":\"https:\/\/secure.gravatar.com\/avatar\/74a3870a946f5d774ade3569af61a72308e07ad3346f370c4b468ee2a9858658?s=96&d=mm&r=g\",\"caption\":\"Direcci\u00f3n de Comunicaci\u00f3n\"}}]}<\/script>\n<!-- \/ Yoast SEO plugin. -->","yoast_head_json":{"title":"120 familias de Borb\u00f3n reciben kits purificadores de agua como medida preventiva ante el invierno. - Gobierno Aut\u00f3nomo Descentralizado de la Provincia de Esmeraldas","robots":{"index":"index","follow":"follow","max-snippet":"max-snippet:-1","max-image-preview":"max-image-preview:large","max-video-preview":"max-video-preview:-1"},"canonical":"https:\/\/prefecturadeesmeraldas.gob.ec\/index.php\/2025\/03\/11\/120-familias-de-borbon-reciben-kits-purificadores-de-agua-como-medida-preventiva-ante-el-invierno\/","og_locale":"es_ES","og_type":"article","og_title":"120 familias de Borb\u00f3n reciben kits purificadores de agua como medida preventiva ante el invierno. - Gobierno Aut\u00f3nomo Descentralizado de la Provincia de Esmeraldas","og_description":"Como parte de las resoluciones adoptadas por el Comit\u00e9 de Operaciones de Emergencia (COE) Provincial, la prefecta de Esmeraldas, Roberta Zambrano, en su calidad de presidenta del organismo, junto a representantes de la Secretar\u00eda Nacional de Gesti\u00f3n de Riesgos y el Ministerio de Inclusi\u00f3n Econ\u00f3mica y Social, realizaron la entrega de kits purificadores de agua [&hellip;]","og_url":"https:\/\/prefecturadeesmeraldas.gob.ec\/index.php\/2025\/03\/11\/120-familias-de-borbon-reciben-kits-purificadores-de-agua-como-medida-preventiva-ante-el-invierno\/","og_site_name":"Gobierno Aut\u00f3nomo Descentralizado de la Provincia de Esmeraldas","article_publisher":"https:\/\/www.facebook.com\/PrefecturaEsmeraldas\/","article_published_time":"2025-03-11T15:25:50+00:00","article_modified_time":"2025-03-11T15:27:35+00:00","og_image":[{"width":2560,"height":2560,"url":"https:\/\/prefecturadeesmeraldas.gob.ec\/wp-content\/uploads\/2025\/03\/WhatsApp-Image-2025-03-10-at-08.06.29-4.jpeg","type":"image\/jpeg"}],"author":"Direcci\u00f3n de Comunicaci\u00f3n","twitter_card":"summary_large_image","twitter_misc":{"Escrito por":"Direcci\u00f3n de Comunicaci\u00f3n","Tiempo de lectura":"2 minutos"},"schema":{"@context":"https:\/\/schema.org","@graph":[{"@type":"Article","@id":"https:\/\/prefecturadeesmeraldas.gob.ec\/index.php\/2025\/03\/11\/120-familias-de-borbon-reciben-kits-purificadores-de-agua-como-medida-preventiva-ante-el-invierno\/#article","isPartOf":{"@id":"https:\/\/prefecturadeesmeraldas.gob.ec\/index.php\/2025\/03\/11\/120-familias-de-borbon-reciben-kits-purificadores-de-agua-como-medida-preventiva-ante-el-invierno\/"},"author":{"name":"Direcci\u00f3n de Comunicaci\u00f3n","@id":"https:\/\/prefecturadeesmeraldas.gob.ec\/#\/schema\/person\/b0c9e7b1ead7725994d1e319e8825234"},"headline":"120 familias de Borb\u00f3n reciben kits purificadores de agua como medida preventiva ante el invierno.","datePublished":"2025-03-11T15:25:50+00:00","dateModified":"2025-03-11T15:27:35+00:00","mainEntityOfPage":{"@id":"https:\/\/prefecturadeesmeraldas.gob.ec\/index.php\/2025\/03\/11\/120-familias-de-borbon-reciben-kits-purificadores-de-agua-como-medida-preventiva-ante-el-invierno\/"},"wordCount":266,"publisher":{"@id":"https:\/\/prefecturadeesmeraldas.gob.ec\/#organization"},"image":{"@id":"https:\/\/prefecturadeesmeraldas.gob.ec\/index.php\/2025\/03\/11\/120-familias-de-borbon-reciben-kits-purificadores-de-agua-como-medida-preventiva-ante-el-invierno\/#primaryimage"},"thumbnailUrl":"https:\/\/prefecturadeesmeraldas.gob.ec\/wp-content\/uploads\/2025\/03\/WhatsApp-Image-2025-03-10-at-08.06.29-4.jpeg","articleSection":["Institucional"],"inLanguage":"es"},{"@type":"WebPage","@id":"https:\/\/prefecturadeesmeraldas.gob.ec\/index.php\/2025\/03\/11\/120-familias-de-borbon-reciben-kits-purificadores-de-agua-como-medida-preventiva-ante-el-invierno\/","url":"https:\/\/prefecturadeesmeraldas.gob.ec\/index.php\/2025\/03\/11\/120-familias-de-borbon-reciben-kits-purificadores-de-agua-como-medida-preventiva-ante-el-invierno\/","name":"120 familias de Borb\u00f3n reciben kits purificadores de agua como medida preventiva ante el invierno. - Gobierno Aut\u00f3nomo Descentralizado de la Provincia de Esmeraldas","isPartOf":{"@id":"https:\/\/prefecturadeesmeraldas.gob.ec\/#website"},"primaryImageOfPage":{"@id":"https:\/\/prefecturadeesmeraldas.gob.ec\/index.php\/2025\/03\/11\/120-familias-de-borbon-reciben-kits-purificadores-de-agua-como-medida-preventiva-ante-el-invierno\/#primaryimage"},"image":{"@id":"https:\/\/prefecturadeesmeraldas.gob.ec\/index.php\/2025\/03\/11\/120-familias-de-borbon-reciben-kits-purificadores-de-agua-como-medida-preventiva-ante-el-invierno\/#primaryimage"},"thumbnailUrl":"https:\/\/prefecturadeesmeraldas.gob.ec\/wp-content\/uploads\/2025\/03\/WhatsApp-Image-2025-03-10-at-08.06.29-4.jpeg","datePublished":"2025-03-11T15:25:50+00:00","dateModified":"2025-03-11T15:27:35+00:00","breadcrumb":{"@id":"https:\/\/prefecturadeesmeraldas.gob.ec\/index.php\/2025\/03\/11\/120-familias-de-borbon-reciben-kits-purificadores-de-agua-como-medida-preventiva-ante-el-invierno\/#breadcrumb"},"inLanguage":"es","potentialAction":[{"@type":"ReadAction","target":["https:\/\/prefecturadeesmeraldas.gob.ec\/index.php\/2025\/03\/11\/120-familias-de-borbon-reciben-kits-purificadores-de-agua-como-medida-preventiva-ante-el-invierno\/"]}]},{"@type":"ImageObject","inLanguage":"es","@id":"https:\/\/prefecturadeesmeraldas.gob.ec\/index.php\/2025\/03\/11\/120-familias-de-borbon-reciben-kits-purificadores-de-agua-como-medida-preventiva-ante-el-invierno\/#primaryimage","url":"https:\/\/prefecturadeesmeraldas.gob.ec\/wp-content\/uploads\/2025\/03\/WhatsApp-Image-2025-03-10-at-08.06.29-4.jpeg","contentUrl":"https:\/\/prefecturadeesmeraldas.gob.ec\/wp-content\/uploads\/2025\/03\/WhatsApp-Image-2025-03-10-at-08.06.29-4.jpeg","width":2560,"height":2560},{"@type":"BreadcrumbList","@id":"https:\/\/prefecturadeesmeraldas.gob.ec\/index.php\/2025\/03\/11\/120-familias-de-borbon-reciben-kits-purificadores-de-agua-como-medida-preventiva-ante-el-invierno\/#breadcrumb","itemListElement":[{"@type":"ListItem","position":1,"name":"Home","item":"https:\/\/prefecturadeesmeraldas.gob.ec\/"},{"@type":"ListItem","position":2,"name":"120 familias de Borb\u00f3n reciben kits purificadores de agua como medida preventiva ante el invierno."}]},{"@type":"WebSite","@id":"https:\/\/prefecturadeesmeraldas.gob.ec\/#website","url":"https:\/\/prefecturadeesmeraldas.gob.ec\/","name":"Gobierno Aut\u00f3nomo Descentralizado de la Provincia de Esmeraldas","description":"Gobierno Aut\u00f3nomo Descentralizado de la Provincia de Esmeraldas","publisher":{"@id":"https:\/\/prefecturadeesmeraldas.gob.ec\/#organization"},"potentialAction":[{"@type":"SearchAction","target":{"@type":"EntryPoint","urlTemplate":"https:\/\/prefecturadeesmeraldas.gob.ec\/?s={search_term_string}"},"query-input":{"@type":"PropertyValueSpecification","valueRequired":true,"valueName":"search_term_string"}}],"inLanguage":"es"},{"@type":"Organization","@id":"https:\/\/prefecturadeesmeraldas.gob.ec\/#organization","name":"Gobierno Aut\u00f3nomo Descentralizado de la Provincia de Esmeraldas","url":"https:\/\/prefecturadeesmeraldas.gob.ec\/","logo":{"@type":"ImageObject","inLanguage":"es","@id":"https:\/\/prefecturadeesmeraldas.gob.ec\/#\/schema\/logo\/image\/","url":"https:\/\/prefecturadeesmeraldas.gob.ec\/wp-content\/uploads\/2019\/06\/logo.png","contentUrl":"https:\/\/prefecturadeesmeraldas.gob.ec\/wp-content\/uploads\/2019\/06\/logo.png","width":859,"height":448,"caption":"Gobierno Aut\u00f3nomo Descentralizado de la Provincia de Esmeraldas"},"image":{"@id":"https:\/\/prefecturadeesmeraldas.gob.ec\/#\/schema\/logo\/image\/"},"sameAs":["https:\/\/www.facebook.com\/PrefecturaEsmeraldas\/"]},{"@type":"Person","@id":"https:\/\/prefecturadeesmeraldas.gob.ec\/#\/schema\/person\/b0c9e7b1ead7725994d1e319e8825234","name":"Direcci\u00f3n de Comunicaci\u00f3n","image":{"@type":"ImageObject","inLanguage":"es","@id":"https:\/\/prefecturadeesmeraldas.gob.ec\/#\/schema\/person\/image\/","url":"https:\/\/secure.gravatar.com\/avatar\/74a3870a946f5d774ade3569af61a72308e07ad3346f370c4b468ee2a9858658?s=96&d=mm&r=g","contentUrl":"https:\/\/secure.gravatar.com\/avatar\/74a3870a946f5d774ade3569af61a72308e07ad3346f370c4b468ee2a9858658?s=96&d=mm&r=g","caption":"Direcci\u00f3n de Comunicaci\u00f3n"}}]}},"_links":{"self":[{"href":"https:\/\/prefecturadeesmeraldas.gob.ec\/index.php\/wp-json\/wp\/v2\/posts\/29111","targetHints":{"allow":["GET"]}}],"collection":[{"href":"https:\/\/prefecturadeesmeraldas.gob.ec\/index.php\/wp-json\/wp\/v2\/posts"}],"about":[{"href":"https:\/\/prefecturadeesmeraldas.gob.ec\/index.php\/wp-json\/wp\/v2\/types\/post"}],"author":[{"embeddable":true,"href":"https:\/\/prefecturadeesmeraldas.gob.ec\/index.php\/wp-json\/wp\/v2\/users\/2"}],"replies":[{"embeddable":true,"href":"https:\/\/prefecturadeesmeraldas.gob.ec\/index.php\/wp-json\/wp\/v2\/comments?post=29111"}],"version-history":[{"count":4,"href":"https:\/\/prefecturadeesmeraldas.gob.ec\/index.php\/wp-json\/wp\/v2\/posts\/29111\/revisions"}],"predecessor-version":[{"id":29117,"href":"https:\/\/prefecturadeesmeraldas.gob.ec\/index.php\/wp-json\/wp\/v2\/posts\/29111\/revisions\/29117"}],"wp:featuredmedia":[{"embeddable":true,"href":"https:\/\/prefecturadeesmeraldas.gob.ec\/index.php\/wp-json\/wp\/v2\/media\/29114"}],"wp:attachment":[{"href":"https:\/\/prefecturadeesmeraldas.gob.ec\/index.php\/wp-json\/wp\/v2\/media?parent=29111"}],"wp:term":[{"taxonomy":"category","embeddable":true,"href":"https:\/\/prefecturadeesmeraldas.gob.ec\/index.php\/wp-json\/wp\/v2\/categories?post=29111"},{"taxonomy":"post_tag","embeddable":true,"href":"https:\/\/prefecturadeesmeraldas.gob.ec\/index.php\/wp-json\/wp\/v2\/tags?post=29111"}],"curies":[{"name":"wp","href":"https:\/\/api.w.org\/{rel}","templated":true}]}}