{"id":28933,"date":"2025-02-14T09:44:07","date_gmt":"2025-02-14T14:44:07","guid":{"rendered":"https:\/\/prefecturadeesmeraldas.gob.ec\/?p=28933"},"modified":"2025-02-14T09:48:31","modified_gmt":"2025-02-14T14:48:31","slug":"esmeraldas-avanza-con-transparencia-y-compromiso-roberta-zambrano-cumple-nueva-agenda-en-medios","status":"publish","type":"post","link":"https:\/\/prefecturadeesmeraldas.gob.ec\/index.php\/2025\/02\/14\/esmeraldas-avanza-con-transparencia-y-compromiso-roberta-zambrano-cumple-nueva-agenda-en-medios\/","title":{"rendered":"Esmeraldas avanza con transparencia y compromiso: Roberta Zambrano cumple nueva agenda en medios."},"content":{"rendered":"\t\t<div data-elementor-type=\"wp-post\" data-elementor-id=\"28933\" class=\"elementor elementor-28933\">\n\t\t\t\t<div class=\"elementor-element elementor-element-2e36a83 e-flex e-con-boxed e-con e-parent\" data-id=\"2e36a83\" data-element_type=\"container\">\n\t\t\t\t\t<div class=\"e-con-inner\">\n\t\t\t\t<div class=\"elementor-element elementor-element-e222c58 elementor-widget elementor-widget-image\" data-id=\"e222c58\" data-element_type=\"widget\" data-widget_type=\"image.default\">\n\t\t\t\t<div class=\"elementor-widget-container\">\n\t\t\t\t\t\t\t\t\t\t\t\t\t\t\t<img fetchpriority=\"high\" decoding=\"async\" width=\"1352\" height=\"704\" src=\"https:\/\/prefecturadeesmeraldas.gob.ec\/wp-content\/uploads\/2025\/02\/111-6.jpg\" class=\"attachment-large size-large wp-image-28940\" alt=\"\" srcset=\"https:\/\/prefecturadeesmeraldas.gob.ec\/wp-content\/uploads\/2025\/02\/111-6.jpg 1352w, https:\/\/prefecturadeesmeraldas.gob.ec\/wp-content\/uploads\/2025\/02\/111-6-300x156.jpg 300w, https:\/\/prefecturadeesmeraldas.gob.ec\/wp-content\/uploads\/2025\/02\/111-6-768x400.jpg 768w\" sizes=\"(max-width: 1352px) 100vw, 1352px\" \/>\t\t\t\t\t\t\t\t\t\t\t\t\t\t\t<\/div>\n\t\t\t\t<\/div>\n\t\t\t\t\t<\/div>\n\t\t\t\t<\/div>\n\t\t<div class=\"elementor-element elementor-element-8a378a7 e-flex e-con-boxed e-con e-parent\" data-id=\"8a378a7\" data-element_type=\"container\">\n\t\t\t\t\t<div class=\"e-con-inner\">\n\t\t\t\t<div class=\"elementor-element elementor-element-e17ea1a elementor-widget elementor-widget-text-editor\" data-id=\"e17ea1a\" data-element_type=\"widget\" data-widget_type=\"text-editor.default\">\n\t\t\t\t<div class=\"elementor-widget-container\">\n\t\t\t\t\t\t\t\t\t<p>Roberta Zambrano, Prefecta de Esmeraldas, contin\u00faa su labor de rendici\u00f3n de cuentas a la ciudadan\u00eda, cumpliendo una nueva jornada en medios de comunicaci\u00f3n. Durante sus intervenciones, resalt\u00f3 los avances en infraestructura vial, el impulso a proyectos de desarrollo productivo y las acciones destinadas a mejorar la calidad de vida de los esmeralde\u00f1os.<\/p><p>Bajo el principio de una gesti\u00f3n clara y cercana a la gente, la Prefecta enfatiz\u00f3 que: &#8220;La sinceridad en pol\u00edtica es un acto de valent\u00eda: incomoda a muchos, pero dignifica a quien la practica.&#8221;<\/p><p>Esmeraldas es una provincia con un enorme potencial, pero para alcanzar su pleno desarrollo, necesita decisiones responsables y un liderazgo con visi\u00f3n de futuro. Por ello, es crucial que la ciudadan\u00eda analice con criterio las opciones pol\u00edticas y escoja el mejor plan de gobierno, aquel que garantice progreso, inversi\u00f3n y bienestar para todos.<\/p><p>La transformaci\u00f3n de Esmeraldas no puede detenerse. La infraestructura debe fortalecerse, las oportunidades econ\u00f3micas deben expandirse y el bienestar social debe ser una prioridad permanente. Este es el camino que #Roberta, la Prefecta de Todos, ha trazado con esfuerzo y dedicaci\u00f3n, demostrando que la gesti\u00f3n eficiente es la clave para construir una provincia m\u00e1s fuerte y unida. <\/p>\t\t\t\t\t\t\t\t<\/div>\n\t\t\t\t<\/div>\n\t\t\t\t\t<\/div>\n\t\t\t\t<\/div>\n\t\t\t\t<\/div>\n\t\t","protected":false},"excerpt":{"rendered":"<p>Roberta Zambrano, Prefecta de Esmeraldas, contin\u00faa su labor de rendici\u00f3n de cuentas a la ciudadan\u00eda, cumpliendo una nueva jornada en medios de comunicaci\u00f3n. Durante sus intervenciones, resalt\u00f3 los avances en infraestructura vial, el impulso a proyectos de desarrollo productivo y las acciones destinadas a mejorar la calidad de vida de los esmeralde\u00f1os. Bajo el principio [&hellip;]<\/p>\n","protected":false},"author":2,"featured_media":28940,"comment_status":"closed","ping_status":"open","sticky":false,"template":"","format":"standard","meta":{"footnotes":""},"categories":[3],"tags":[],"class_list":["post-28933","post","type-post","status-publish","format-standard","has-post-thumbnail","hentry","category-institucional"],"yoast_head":"<!-- This site is optimized with the Yoast SEO plugin v25.7 - https:\/\/yoast.com\/wordpress\/plugins\/seo\/ -->\n<title>Esmeraldas avanza con transparencia y compromiso: Roberta Zambrano cumple nueva agenda en medios. - Gobierno Aut\u00f3nomo Descentralizado de la Provincia de Esmeraldas<\/title>\n<meta name=\"robots\" content=\"index, follow, max-snippet:-1, max-image-preview:large, max-video-preview:-1\" \/>\n<link rel=\"canonical\" href=\"https:\/\/prefecturadeesmeraldas.gob.ec\/index.php\/2025\/02\/14\/esmeraldas-avanza-con-transparencia-y-compromiso-roberta-zambrano-cumple-nueva-agenda-en-medios\/\" \/>\n<meta property=\"og:locale\" content=\"es_ES\" \/>\n<meta property=\"og:type\" content=\"article\" \/>\n<meta property=\"og:title\" content=\"Esmeraldas avanza con transparencia y compromiso: Roberta Zambrano cumple nueva agenda en medios. - Gobierno Aut\u00f3nomo Descentralizado de la Provincia de Esmeraldas\" \/>\n<meta property=\"og:description\" content=\"Roberta Zambrano, Prefecta de Esmeraldas, contin\u00faa su labor de rendici\u00f3n de cuentas a la ciudadan\u00eda, cumpliendo una nueva jornada en medios de comunicaci\u00f3n. Durante sus intervenciones, resalt\u00f3 los avances en infraestructura vial, el impulso a proyectos de desarrollo productivo y las acciones destinadas a mejorar la calidad de vida de los esmeralde\u00f1os. Bajo el principio [&hellip;]\" \/>\n<meta property=\"og:url\" content=\"https:\/\/prefecturadeesmeraldas.gob.ec\/index.php\/2025\/02\/14\/esmeraldas-avanza-con-transparencia-y-compromiso-roberta-zambrano-cumple-nueva-agenda-en-medios\/\" \/>\n<meta property=\"og:site_name\" content=\"Gobierno Aut\u00f3nomo Descentralizado de la Provincia de Esmeraldas\" \/>\n<meta property=\"article:publisher\" content=\"https:\/\/www.facebook.com\/PrefecturaEsmeraldas\/\" \/>\n<meta property=\"article:published_time\" content=\"2025-02-14T14:44:07+00:00\" \/>\n<meta property=\"article:modified_time\" content=\"2025-02-14T14:48:31+00:00\" \/>\n<meta property=\"og:image\" content=\"https:\/\/prefecturadeesmeraldas.gob.ec\/wp-content\/uploads\/2025\/02\/111-6.jpg\" \/>\n\t<meta property=\"og:image:width\" content=\"1352\" \/>\n\t<meta property=\"og:image:height\" content=\"704\" \/>\n\t<meta property=\"og:image:type\" content=\"image\/jpeg\" \/>\n<meta name=\"author\" content=\"Direcci\u00f3n de Comunicaci\u00f3n\" \/>\n<meta name=\"twitter:card\" content=\"summary_large_image\" \/>\n<meta name=\"twitter:label1\" content=\"Escrito por\" \/>\n\t<meta name=\"twitter:data1\" content=\"Direcci\u00f3n de Comunicaci\u00f3n\" \/>\n\t<meta name=\"twitter:label2\" content=\"Tiempo de lectura\" \/>\n\t<meta name=\"twitter:data2\" content=\"2 minutos\" \/>\n<script type=\"application\/ld+json\" class=\"yoast-schema-graph\">{\"@context\":\"https:\/\/schema.org\",\"@graph\":[{\"@type\":\"Article\",\"@id\":\"https:\/\/prefecturadeesmeraldas.gob.ec\/index.php\/2025\/02\/14\/esmeraldas-avanza-con-transparencia-y-compromiso-roberta-zambrano-cumple-nueva-agenda-en-medios\/#article\",\"isPartOf\":{\"@id\":\"https:\/\/prefecturadeesmeraldas.gob.ec\/index.php\/2025\/02\/14\/esmeraldas-avanza-con-transparencia-y-compromiso-roberta-zambrano-cumple-nueva-agenda-en-medios\/\"},\"author\":{\"name\":\"Direcci\u00f3n de Comunicaci\u00f3n\",\"@id\":\"https:\/\/prefecturadeesmeraldas.gob.ec\/#\/schema\/person\/b0c9e7b1ead7725994d1e319e8825234\"},\"headline\":\"Esmeraldas avanza con transparencia y compromiso: Roberta Zambrano cumple nueva agenda en medios.\",\"datePublished\":\"2025-02-14T14:44:07+00:00\",\"dateModified\":\"2025-02-14T14:48:31+00:00\",\"mainEntityOfPage\":{\"@id\":\"https:\/\/prefecturadeesmeraldas.gob.ec\/index.php\/2025\/02\/14\/esmeraldas-avanza-con-transparencia-y-compromiso-roberta-zambrano-cumple-nueva-agenda-en-medios\/\"},\"wordCount\":226,\"publisher\":{\"@id\":\"https:\/\/prefecturadeesmeraldas.gob.ec\/#organization\"},\"image\":{\"@id\":\"https:\/\/prefecturadeesmeraldas.gob.ec\/index.php\/2025\/02\/14\/esmeraldas-avanza-con-transparencia-y-compromiso-roberta-zambrano-cumple-nueva-agenda-en-medios\/#primaryimage\"},\"thumbnailUrl\":\"https:\/\/prefecturadeesmeraldas.gob.ec\/wp-content\/uploads\/2025\/02\/111-6.jpg\",\"articleSection\":[\"Institucional\"],\"inLanguage\":\"es\"},{\"@type\":\"WebPage\",\"@id\":\"https:\/\/prefecturadeesmeraldas.gob.ec\/index.php\/2025\/02\/14\/esmeraldas-avanza-con-transparencia-y-compromiso-roberta-zambrano-cumple-nueva-agenda-en-medios\/\",\"url\":\"https:\/\/prefecturadeesmeraldas.gob.ec\/index.php\/2025\/02\/14\/esmeraldas-avanza-con-transparencia-y-compromiso-roberta-zambrano-cumple-nueva-agenda-en-medios\/\",\"name\":\"Esmeraldas avanza con transparencia y compromiso: Roberta Zambrano cumple nueva agenda en medios. - Gobierno Aut\u00f3nomo Descentralizado de la Provincia de Esmeraldas\",\"isPartOf\":{\"@id\":\"https:\/\/prefecturadeesmeraldas.gob.ec\/#website\"},\"primaryImageOfPage\":{\"@id\":\"https:\/\/prefecturadeesmeraldas.gob.ec\/index.php\/2025\/02\/14\/esmeraldas-avanza-con-transparencia-y-compromiso-roberta-zambrano-cumple-nueva-agenda-en-medios\/#primaryimage\"},\"image\":{\"@id\":\"https:\/\/prefecturadeesmeraldas.gob.ec\/index.php\/2025\/02\/14\/esmeraldas-avanza-con-transparencia-y-compromiso-roberta-zambrano-cumple-nueva-agenda-en-medios\/#primaryimage\"},\"thumbnailUrl\":\"https:\/\/prefecturadeesmeraldas.gob.ec\/wp-content\/uploads\/2025\/02\/111-6.jpg\",\"datePublished\":\"2025-02-14T14:44:07+00:00\",\"dateModified\":\"2025-02-14T14:48:31+00:00\",\"breadcrumb\":{\"@id\":\"https:\/\/prefecturadeesmeraldas.gob.ec\/index.php\/2025\/02\/14\/esmeraldas-avanza-con-transparencia-y-compromiso-roberta-zambrano-cumple-nueva-agenda-en-medios\/#breadcrumb\"},\"inLanguage\":\"es\",\"potentialAction\":[{\"@type\":\"ReadAction\",\"target\":[\"https:\/\/prefecturadeesmeraldas.gob.ec\/index.php\/2025\/02\/14\/esmeraldas-avanza-con-transparencia-y-compromiso-roberta-zambrano-cumple-nueva-agenda-en-medios\/\"]}]},{\"@type\":\"ImageObject\",\"inLanguage\":\"es\",\"@id\":\"https:\/\/prefecturadeesmeraldas.gob.ec\/index.php\/2025\/02\/14\/esmeraldas-avanza-con-transparencia-y-compromiso-roberta-zambrano-cumple-nueva-agenda-en-medios\/#primaryimage\",\"url\":\"https:\/\/prefecturadeesmeraldas.gob.ec\/wp-content\/uploads\/2025\/02\/111-6.jpg\",\"contentUrl\":\"https:\/\/prefecturadeesmeraldas.gob.ec\/wp-content\/uploads\/2025\/02\/111-6.jpg\",\"width\":1352,\"height\":704},{\"@type\":\"BreadcrumbList\",\"@id\":\"https:\/\/prefecturadeesmeraldas.gob.ec\/index.php\/2025\/02\/14\/esmeraldas-avanza-con-transparencia-y-compromiso-roberta-zambrano-cumple-nueva-agenda-en-medios\/#breadcrumb\",\"itemListElement\":[{\"@type\":\"ListItem\",\"position\":1,\"name\":\"Home\",\"item\":\"https:\/\/prefecturadeesmeraldas.gob.ec\/\"},{\"@type\":\"ListItem\",\"position\":2,\"name\":\"Esmeraldas avanza con transparencia y compromiso: Roberta Zambrano cumple nueva agenda en medios.\"}]},{\"@type\":\"WebSite\",\"@id\":\"https:\/\/prefecturadeesmeraldas.gob.ec\/#website\",\"url\":\"https:\/\/prefecturadeesmeraldas.gob.ec\/\",\"name\":\"Gobierno Aut\u00f3nomo Descentralizado de la Provincia de Esmeraldas\",\"description\":\"Gobierno Aut\u00f3nomo Descentralizado de la Provincia de Esmeraldas\",\"publisher\":{\"@id\":\"https:\/\/prefecturadeesmeraldas.gob.ec\/#organization\"},\"potentialAction\":[{\"@type\":\"SearchAction\",\"target\":{\"@type\":\"EntryPoint\",\"urlTemplate\":\"https:\/\/prefecturadeesmeraldas.gob.ec\/?s={search_term_string}\"},\"query-input\":{\"@type\":\"PropertyValueSpecification\",\"valueRequired\":true,\"valueName\":\"search_term_string\"}}],\"inLanguage\":\"es\"},{\"@type\":\"Organization\",\"@id\":\"https:\/\/prefecturadeesmeraldas.gob.ec\/#organization\",\"name\":\"Gobierno Aut\u00f3nomo Descentralizado de la Provincia de Esmeraldas\",\"url\":\"https:\/\/prefecturadeesmeraldas.gob.ec\/\",\"logo\":{\"@type\":\"ImageObject\",\"inLanguage\":\"es\",\"@id\":\"https:\/\/prefecturadeesmeraldas.gob.ec\/#\/schema\/logo\/image\/\",\"url\":\"https:\/\/prefecturadeesmeraldas.gob.ec\/wp-content\/uploads\/2019\/06\/logo.png\",\"contentUrl\":\"https:\/\/prefecturadeesmeraldas.gob.ec\/wp-content\/uploads\/2019\/06\/logo.png\",\"width\":859,\"height\":448,\"caption\":\"Gobierno Aut\u00f3nomo Descentralizado de la Provincia de Esmeraldas\"},\"image\":{\"@id\":\"https:\/\/prefecturadeesmeraldas.gob.ec\/#\/schema\/logo\/image\/\"},\"sameAs\":[\"https:\/\/www.facebook.com\/PrefecturaEsmeraldas\/\"]},{\"@type\":\"Person\",\"@id\":\"https:\/\/prefecturadeesmeraldas.gob.ec\/#\/schema\/person\/b0c9e7b1ead7725994d1e319e8825234\",\"name\":\"Direcci\u00f3n de Comunicaci\u00f3n\",\"image\":{\"@type\":\"ImageObject\",\"inLanguage\":\"es\",\"@id\":\"https:\/\/prefecturadeesmeraldas.gob.ec\/#\/schema\/person\/image\/\",\"url\":\"https:\/\/secure.gravatar.com\/avatar\/74a3870a946f5d774ade3569af61a72308e07ad3346f370c4b468ee2a9858658?s=96&d=mm&r=g\",\"contentUrl\":\"https:\/\/secure.gravatar.com\/avatar\/74a3870a946f5d774ade3569af61a72308e07ad3346f370c4b468ee2a9858658?s=96&d=mm&r=g\",\"caption\":\"Direcci\u00f3n de Comunicaci\u00f3n\"}}]}<\/script>\n<!-- \/ Yoast SEO plugin. -->","yoast_head_json":{"title":"Esmeraldas avanza con transparencia y compromiso: Roberta Zambrano cumple nueva agenda en medios. - Gobierno Aut\u00f3nomo Descentralizado de la Provincia de Esmeraldas","robots":{"index":"index","follow":"follow","max-snippet":"max-snippet:-1","max-image-preview":"max-image-preview:large","max-video-preview":"max-video-preview:-1"},"canonical":"https:\/\/prefecturadeesmeraldas.gob.ec\/index.php\/2025\/02\/14\/esmeraldas-avanza-con-transparencia-y-compromiso-roberta-zambrano-cumple-nueva-agenda-en-medios\/","og_locale":"es_ES","og_type":"article","og_title":"Esmeraldas avanza con transparencia y compromiso: Roberta Zambrano cumple nueva agenda en medios. - Gobierno Aut\u00f3nomo Descentralizado de la Provincia de Esmeraldas","og_description":"Roberta Zambrano, Prefecta de Esmeraldas, contin\u00faa su labor de rendici\u00f3n de cuentas a la ciudadan\u00eda, cumpliendo una nueva jornada en medios de comunicaci\u00f3n. Durante sus intervenciones, resalt\u00f3 los avances en infraestructura vial, el impulso a proyectos de desarrollo productivo y las acciones destinadas a mejorar la calidad de vida de los esmeralde\u00f1os. Bajo el principio [&hellip;]","og_url":"https:\/\/prefecturadeesmeraldas.gob.ec\/index.php\/2025\/02\/14\/esmeraldas-avanza-con-transparencia-y-compromiso-roberta-zambrano-cumple-nueva-agenda-en-medios\/","og_site_name":"Gobierno Aut\u00f3nomo Descentralizado de la Provincia de Esmeraldas","article_publisher":"https:\/\/www.facebook.com\/PrefecturaEsmeraldas\/","article_published_time":"2025-02-14T14:44:07+00:00","article_modified_time":"2025-02-14T14:48:31+00:00","og_image":[{"width":1352,"height":704,"url":"https:\/\/prefecturadeesmeraldas.gob.ec\/wp-content\/uploads\/2025\/02\/111-6.jpg","type":"image\/jpeg"}],"author":"Direcci\u00f3n de Comunicaci\u00f3n","twitter_card":"summary_large_image","twitter_misc":{"Escrito por":"Direcci\u00f3n de Comunicaci\u00f3n","Tiempo de lectura":"2 minutos"},"schema":{"@context":"https:\/\/schema.org","@graph":[{"@type":"Article","@id":"https:\/\/prefecturadeesmeraldas.gob.ec\/index.php\/2025\/02\/14\/esmeraldas-avanza-con-transparencia-y-compromiso-roberta-zambrano-cumple-nueva-agenda-en-medios\/#article","isPartOf":{"@id":"https:\/\/prefecturadeesmeraldas.gob.ec\/index.php\/2025\/02\/14\/esmeraldas-avanza-con-transparencia-y-compromiso-roberta-zambrano-cumple-nueva-agenda-en-medios\/"},"author":{"name":"Direcci\u00f3n de Comunicaci\u00f3n","@id":"https:\/\/prefecturadeesmeraldas.gob.ec\/#\/schema\/person\/b0c9e7b1ead7725994d1e319e8825234"},"headline":"Esmeraldas avanza con transparencia y compromiso: Roberta Zambrano cumple nueva agenda en medios.","datePublished":"2025-02-14T14:44:07+00:00","dateModified":"2025-02-14T14:48:31+00:00","mainEntityOfPage":{"@id":"https:\/\/prefecturadeesmeraldas.gob.ec\/index.php\/2025\/02\/14\/esmeraldas-avanza-con-transparencia-y-compromiso-roberta-zambrano-cumple-nueva-agenda-en-medios\/"},"wordCount":226,"publisher":{"@id":"https:\/\/prefecturadeesmeraldas.gob.ec\/#organization"},"image":{"@id":"https:\/\/prefecturadeesmeraldas.gob.ec\/index.php\/2025\/02\/14\/esmeraldas-avanza-con-transparencia-y-compromiso-roberta-zambrano-cumple-nueva-agenda-en-medios\/#primaryimage"},"thumbnailUrl":"https:\/\/prefecturadeesmeraldas.gob.ec\/wp-content\/uploads\/2025\/02\/111-6.jpg","articleSection":["Institucional"],"inLanguage":"es"},{"@type":"WebPage","@id":"https:\/\/prefecturadeesmeraldas.gob.ec\/index.php\/2025\/02\/14\/esmeraldas-avanza-con-transparencia-y-compromiso-roberta-zambrano-cumple-nueva-agenda-en-medios\/","url":"https:\/\/prefecturadeesmeraldas.gob.ec\/index.php\/2025\/02\/14\/esmeraldas-avanza-con-transparencia-y-compromiso-roberta-zambrano-cumple-nueva-agenda-en-medios\/","name":"Esmeraldas avanza con transparencia y compromiso: Roberta Zambrano cumple nueva agenda en medios. - Gobierno Aut\u00f3nomo Descentralizado de la Provincia de Esmeraldas","isPartOf":{"@id":"https:\/\/prefecturadeesmeraldas.gob.ec\/#website"},"primaryImageOfPage":{"@id":"https:\/\/prefecturadeesmeraldas.gob.ec\/index.php\/2025\/02\/14\/esmeraldas-avanza-con-transparencia-y-compromiso-roberta-zambrano-cumple-nueva-agenda-en-medios\/#primaryimage"},"image":{"@id":"https:\/\/prefecturadeesmeraldas.gob.ec\/index.php\/2025\/02\/14\/esmeraldas-avanza-con-transparencia-y-compromiso-roberta-zambrano-cumple-nueva-agenda-en-medios\/#primaryimage"},"thumbnailUrl":"https:\/\/prefecturadeesmeraldas.gob.ec\/wp-content\/uploads\/2025\/02\/111-6.jpg","datePublished":"2025-02-14T14:44:07+00:00","dateModified":"2025-02-14T14:48:31+00:00","breadcrumb":{"@id":"https:\/\/prefecturadeesmeraldas.gob.ec\/index.php\/2025\/02\/14\/esmeraldas-avanza-con-transparencia-y-compromiso-roberta-zambrano-cumple-nueva-agenda-en-medios\/#breadcrumb"},"inLanguage":"es","potentialAction":[{"@type":"ReadAction","target":["https:\/\/prefecturadeesmeraldas.gob.ec\/index.php\/2025\/02\/14\/esmeraldas-avanza-con-transparencia-y-compromiso-roberta-zambrano-cumple-nueva-agenda-en-medios\/"]}]},{"@type":"ImageObject","inLanguage":"es","@id":"https:\/\/prefecturadeesmeraldas.gob.ec\/index.php\/2025\/02\/14\/esmeraldas-avanza-con-transparencia-y-compromiso-roberta-zambrano-cumple-nueva-agenda-en-medios\/#primaryimage","url":"https:\/\/prefecturadeesmeraldas.gob.ec\/wp-content\/uploads\/2025\/02\/111-6.jpg","contentUrl":"https:\/\/prefecturadeesmeraldas.gob.ec\/wp-content\/uploads\/2025\/02\/111-6.jpg","width":1352,"height":704},{"@type":"BreadcrumbList","@id":"https:\/\/prefecturadeesmeraldas.gob.ec\/index.php\/2025\/02\/14\/esmeraldas-avanza-con-transparencia-y-compromiso-roberta-zambrano-cumple-nueva-agenda-en-medios\/#breadcrumb","itemListElement":[{"@type":"ListItem","position":1,"name":"Home","item":"https:\/\/prefecturadeesmeraldas.gob.ec\/"},{"@type":"ListItem","position":2,"name":"Esmeraldas avanza con transparencia y compromiso: Roberta Zambrano cumple nueva agenda en medios."}]},{"@type":"WebSite","@id":"https:\/\/prefecturadeesmeraldas.gob.ec\/#website","url":"https:\/\/prefecturadeesmeraldas.gob.ec\/","name":"Gobierno Aut\u00f3nomo Descentralizado de la Provincia de Esmeraldas","description":"Gobierno Aut\u00f3nomo Descentralizado de la Provincia de Esmeraldas","publisher":{"@id":"https:\/\/prefecturadeesmeraldas.gob.ec\/#organization"},"potentialAction":[{"@type":"SearchAction","target":{"@type":"EntryPoint","urlTemplate":"https:\/\/prefecturadeesmeraldas.gob.ec\/?s={search_term_string}"},"query-input":{"@type":"PropertyValueSpecification","valueRequired":true,"valueName":"search_term_string"}}],"inLanguage":"es"},{"@type":"Organization","@id":"https:\/\/prefecturadeesmeraldas.gob.ec\/#organization","name":"Gobierno Aut\u00f3nomo Descentralizado de la Provincia de Esmeraldas","url":"https:\/\/prefecturadeesmeraldas.gob.ec\/","logo":{"@type":"ImageObject","inLanguage":"es","@id":"https:\/\/prefecturadeesmeraldas.gob.ec\/#\/schema\/logo\/image\/","url":"https:\/\/prefecturadeesmeraldas.gob.ec\/wp-content\/uploads\/2019\/06\/logo.png","contentUrl":"https:\/\/prefecturadeesmeraldas.gob.ec\/wp-content\/uploads\/2019\/06\/logo.png","width":859,"height":448,"caption":"Gobierno Aut\u00f3nomo Descentralizado de la Provincia de Esmeraldas"},"image":{"@id":"https:\/\/prefecturadeesmeraldas.gob.ec\/#\/schema\/logo\/image\/"},"sameAs":["https:\/\/www.facebook.com\/PrefecturaEsmeraldas\/"]},{"@type":"Person","@id":"https:\/\/prefecturadeesmeraldas.gob.ec\/#\/schema\/person\/b0c9e7b1ead7725994d1e319e8825234","name":"Direcci\u00f3n de Comunicaci\u00f3n","image":{"@type":"ImageObject","inLanguage":"es","@id":"https:\/\/prefecturadeesmeraldas.gob.ec\/#\/schema\/person\/image\/","url":"https:\/\/secure.gravatar.com\/avatar\/74a3870a946f5d774ade3569af61a72308e07ad3346f370c4b468ee2a9858658?s=96&d=mm&r=g","contentUrl":"https:\/\/secure.gravatar.com\/avatar\/74a3870a946f5d774ade3569af61a72308e07ad3346f370c4b468ee2a9858658?s=96&d=mm&r=g","caption":"Direcci\u00f3n de Comunicaci\u00f3n"}}]}},"_links":{"self":[{"href":"https:\/\/prefecturadeesmeraldas.gob.ec\/index.php\/wp-json\/wp\/v2\/posts\/28933","targetHints":{"allow":["GET"]}}],"collection":[{"href":"https:\/\/prefecturadeesmeraldas.gob.ec\/index.php\/wp-json\/wp\/v2\/posts"}],"about":[{"href":"https:\/\/prefecturadeesmeraldas.gob.ec\/index.php\/wp-json\/wp\/v2\/types\/post"}],"author":[{"embeddable":true,"href":"https:\/\/prefecturadeesmeraldas.gob.ec\/index.php\/wp-json\/wp\/v2\/users\/2"}],"replies":[{"embeddable":true,"href":"https:\/\/prefecturadeesmeraldas.gob.ec\/index.php\/wp-json\/wp\/v2\/comments?post=28933"}],"version-history":[{"count":5,"href":"https:\/\/prefecturadeesmeraldas.gob.ec\/index.php\/wp-json\/wp\/v2\/posts\/28933\/revisions"}],"predecessor-version":[{"id":28943,"href":"https:\/\/prefecturadeesmeraldas.gob.ec\/index.php\/wp-json\/wp\/v2\/posts\/28933\/revisions\/28943"}],"wp:featuredmedia":[{"embeddable":true,"href":"https:\/\/prefecturadeesmeraldas.gob.ec\/index.php\/wp-json\/wp\/v2\/media\/28940"}],"wp:attachment":[{"href":"https:\/\/prefecturadeesmeraldas.gob.ec\/index.php\/wp-json\/wp\/v2\/media?parent=28933"}],"wp:term":[{"taxonomy":"category","embeddable":true,"href":"https:\/\/prefecturadeesmeraldas.gob.ec\/index.php\/wp-json\/wp\/v2\/categories?post=28933"},{"taxonomy":"post_tag","embeddable":true,"href":"https:\/\/prefecturadeesmeraldas.gob.ec\/index.php\/wp-json\/wp\/v2\/tags?post=28933"}],"curies":[{"name":"wp","href":"https:\/\/api.w.org\/{rel}","templated":true}]}}