{"id":28924,"date":"2025-02-12T09:38:01","date_gmt":"2025-02-12T14:38:01","guid":{"rendered":"https:\/\/prefecturadeesmeraldas.gob.ec\/?p=28924"},"modified":"2025-02-12T09:39:43","modified_gmt":"2025-02-12T14:39:43","slug":"todo-listo-para-inaugurar-el-nuevo-sistema-de-riego-en-playa-grande-atacames","status":"publish","type":"post","link":"https:\/\/prefecturadeesmeraldas.gob.ec\/index.php\/2025\/02\/12\/todo-listo-para-inaugurar-el-nuevo-sistema-de-riego-en-playa-grande-atacames\/","title":{"rendered":"Todo listo para inaugurar el nuevo sistema de riego en Playa Grande, Atacames."},"content":{"rendered":"\t\t<div data-elementor-type=\"wp-post\" data-elementor-id=\"28924\" class=\"elementor elementor-28924\">\n\t\t\t\t<div class=\"elementor-element elementor-element-6a77818 e-flex e-con-boxed e-con e-parent\" data-id=\"6a77818\" data-element_type=\"container\">\n\t\t\t\t\t<div class=\"e-con-inner\">\n\t\t\t\t<div class=\"elementor-element elementor-element-a0fb561 elementor-widget elementor-widget-image\" data-id=\"a0fb561\" data-element_type=\"widget\" data-widget_type=\"image.default\">\n\t\t\t\t<div class=\"elementor-widget-container\">\n\t\t\t\t\t\t\t\t\t\t\t\t\t\t\t<img fetchpriority=\"high\" decoding=\"async\" width=\"2560\" height=\"2560\" src=\"https:\/\/prefecturadeesmeraldas.gob.ec\/wp-content\/uploads\/2025\/02\/WhatsApp-Image-2025-02-11-at-12.39.40-1.jpeg\" class=\"attachment-large size-large wp-image-28926\" alt=\"\" srcset=\"https:\/\/prefecturadeesmeraldas.gob.ec\/wp-content\/uploads\/2025\/02\/WhatsApp-Image-2025-02-11-at-12.39.40-1.jpeg 2560w, https:\/\/prefecturadeesmeraldas.gob.ec\/wp-content\/uploads\/2025\/02\/WhatsApp-Image-2025-02-11-at-12.39.40-1-300x300.jpeg 300w, https:\/\/prefecturadeesmeraldas.gob.ec\/wp-content\/uploads\/2025\/02\/WhatsApp-Image-2025-02-11-at-12.39.40-1-150x150.jpeg 150w, https:\/\/prefecturadeesmeraldas.gob.ec\/wp-content\/uploads\/2025\/02\/WhatsApp-Image-2025-02-11-at-12.39.40-1-768x768.jpeg 768w, https:\/\/prefecturadeesmeraldas.gob.ec\/wp-content\/uploads\/2025\/02\/WhatsApp-Image-2025-02-11-at-12.39.40-1-1536x1536.jpeg 1536w, https:\/\/prefecturadeesmeraldas.gob.ec\/wp-content\/uploads\/2025\/02\/WhatsApp-Image-2025-02-11-at-12.39.40-1-2048x2048.jpeg 2048w, https:\/\/prefecturadeesmeraldas.gob.ec\/wp-content\/uploads\/2025\/02\/WhatsApp-Image-2025-02-11-at-12.39.40-1-440x440.jpeg 440w, https:\/\/prefecturadeesmeraldas.gob.ec\/wp-content\/uploads\/2025\/02\/WhatsApp-Image-2025-02-11-at-12.39.40-1-180x180.jpeg 180w, https:\/\/prefecturadeesmeraldas.gob.ec\/wp-content\/uploads\/2025\/02\/WhatsApp-Image-2025-02-11-at-12.39.40-1-120x120.jpeg 120w\" sizes=\"(max-width: 2560px) 100vw, 2560px\" \/>\t\t\t\t\t\t\t\t\t\t\t\t\t\t\t<\/div>\n\t\t\t\t<\/div>\n\t\t\t\t\t<\/div>\n\t\t\t\t<\/div>\n\t\t<div class=\"elementor-element elementor-element-01a8524 e-flex e-con-boxed e-con e-parent\" data-id=\"01a8524\" data-element_type=\"container\">\n\t\t\t\t\t<div class=\"e-con-inner\">\n\t\t\t\t<div class=\"elementor-element elementor-element-58823a8 elementor-widget elementor-widget-text-editor\" data-id=\"58823a8\" data-element_type=\"widget\" data-widget_type=\"text-editor.default\">\n\t\t\t\t<div class=\"elementor-widget-container\">\n\t\t\t\t\t\t\t\t\t<p>La Prefectura de Esmeraldas, a trav\u00e9s de la Gesti\u00f3n de Cuencas, Riego y Drenaje, ha culminado con \u00e9xito la construcci\u00f3n de un sistema de riego en la comunidad Playa Grande del cant\u00f3n Atacames. Este proyecto, que ya est\u00e1 100% operativo, beneficiar\u00e1 a 34 familias y cerca de 240 habitantes dedicados principalmente a la producci\u00f3n de cacao y cultivos de ciclo corto.<\/p><p>El sistema de riego, que ser\u00e1 inaugurado en los pr\u00f3ximos d\u00edas, garantizar\u00e1 el acceso al agua durante los 365 d\u00edas del a\u00f1o, evitando as\u00ed que la producci\u00f3n se vea afectada en \u00e9pocas de sequ\u00eda. Durante un recorrido de socializaci\u00f3n y verificaci\u00f3n del correcto funcionamiento de la obra, el ingeniero <strong>Henry Alc\u00edvar<\/strong>, residente del proyecto, explic\u00f3 la estructura del sistema y su impacto en la productividad de la comunidad.<\/p><p><strong>Wilfrido Sosa<\/strong>, morador de Playa Grande, expres\u00f3 su agradecimiento a la Prefectura, se\u00f1alando que este sistema de riego representa un sue\u00f1o hecho realidad para los productores de cacao, frutales, maderables y aves de corral. &#8220;Estamos agradecidos con la prefecta por poner sus ojos en este sector campesino, como lo ha venido haciendo en otras comunidades&#8221;, afirm\u00f3.<\/p><p>Por su parte, <strong>Darwin Jim\u00e9nez<\/strong>, l\u00edder comunitario de S\u00e1lima, destac\u00f3 la importancia de este proyecto para el desarrollo agr\u00edcola local, mientras que <strong>Enna Reyes<\/strong>, quien facilit\u00f3 un espacio dentro de su propiedad para la construcci\u00f3n del sistema, manifest\u00f3 su satisfacci\u00f3n por el apoyo recibido, resaltando que la prefecta ha sido la \u00fanica autoridad en atender las necesidades de esta comunidad.<\/p><p>Con esta iniciativa, la Prefectura de Esmeraldas reafirma su compromiso con el desarrollo productivo y la mejora de las condiciones de vida de las comunidades rurales de la provincia. <\/p>\t\t\t\t\t\t\t\t<\/div>\n\t\t\t\t<\/div>\n\t\t\t\t\t<\/div>\n\t\t\t\t<\/div>\n\t\t\t\t<\/div>\n\t\t","protected":false},"excerpt":{"rendered":"<p>La Prefectura de Esmeraldas, a trav\u00e9s de la Gesti\u00f3n de Cuencas, Riego y Drenaje, ha culminado con \u00e9xito la construcci\u00f3n de un sistema de riego en la comunidad Playa Grande del cant\u00f3n Atacames. Este proyecto, que ya est\u00e1 100% operativo, beneficiar\u00e1 a 34 familias y cerca de 240 habitantes dedicados principalmente a la producci\u00f3n de [&hellip;]<\/p>\n","protected":false},"author":2,"featured_media":28927,"comment_status":"closed","ping_status":"open","sticky":false,"template":"","format":"standard","meta":{"footnotes":""},"categories":[17],"tags":[],"class_list":["post-28924","post","type-post","status-publish","format-standard","has-post-thumbnail","hentry","category-cuencas-riego-y-drenaje"],"yoast_head":"<!-- This site is optimized with the Yoast SEO plugin v25.7 - https:\/\/yoast.com\/wordpress\/plugins\/seo\/ -->\n<title>Todo listo para inaugurar el nuevo sistema de riego en Playa Grande, Atacames. - Gobierno Aut\u00f3nomo Descentralizado de la Provincia de Esmeraldas<\/title>\n<meta name=\"robots\" content=\"index, follow, max-snippet:-1, max-image-preview:large, max-video-preview:-1\" \/>\n<link rel=\"canonical\" href=\"https:\/\/prefecturadeesmeraldas.gob.ec\/index.php\/2025\/02\/12\/todo-listo-para-inaugurar-el-nuevo-sistema-de-riego-en-playa-grande-atacames\/\" \/>\n<meta property=\"og:locale\" content=\"es_ES\" \/>\n<meta property=\"og:type\" content=\"article\" \/>\n<meta property=\"og:title\" content=\"Todo listo para inaugurar el nuevo sistema de riego en Playa Grande, Atacames. - Gobierno Aut\u00f3nomo Descentralizado de la Provincia de Esmeraldas\" \/>\n<meta property=\"og:description\" content=\"La Prefectura de Esmeraldas, a trav\u00e9s de la Gesti\u00f3n de Cuencas, Riego y Drenaje, ha culminado con \u00e9xito la construcci\u00f3n de un sistema de riego en la comunidad Playa Grande del cant\u00f3n Atacames. Este proyecto, que ya est\u00e1 100% operativo, beneficiar\u00e1 a 34 familias y cerca de 240 habitantes dedicados principalmente a la producci\u00f3n de [&hellip;]\" \/>\n<meta property=\"og:url\" content=\"https:\/\/prefecturadeesmeraldas.gob.ec\/index.php\/2025\/02\/12\/todo-listo-para-inaugurar-el-nuevo-sistema-de-riego-en-playa-grande-atacames\/\" \/>\n<meta property=\"og:site_name\" content=\"Gobierno Aut\u00f3nomo Descentralizado de la Provincia de Esmeraldas\" \/>\n<meta property=\"article:publisher\" content=\"https:\/\/www.facebook.com\/PrefecturaEsmeraldas\/\" \/>\n<meta property=\"article:published_time\" content=\"2025-02-12T14:38:01+00:00\" \/>\n<meta property=\"article:modified_time\" content=\"2025-02-12T14:39:43+00:00\" \/>\n<meta property=\"og:image\" content=\"https:\/\/prefecturadeesmeraldas.gob.ec\/wp-content\/uploads\/2025\/02\/WhatsApp-Image-2025-02-11-at-12.39.41-1.jpeg\" \/>\n\t<meta property=\"og:image:width\" content=\"2560\" \/>\n\t<meta property=\"og:image:height\" content=\"2560\" \/>\n\t<meta property=\"og:image:type\" content=\"image\/jpeg\" \/>\n<meta name=\"author\" content=\"Direcci\u00f3n de Comunicaci\u00f3n\" \/>\n<meta name=\"twitter:card\" content=\"summary_large_image\" \/>\n<meta name=\"twitter:label1\" content=\"Escrito por\" \/>\n\t<meta name=\"twitter:data1\" content=\"Direcci\u00f3n de Comunicaci\u00f3n\" \/>\n\t<meta name=\"twitter:label2\" content=\"Tiempo de lectura\" \/>\n\t<meta name=\"twitter:data2\" content=\"2 minutos\" \/>\n<script type=\"application\/ld+json\" class=\"yoast-schema-graph\">{\"@context\":\"https:\/\/schema.org\",\"@graph\":[{\"@type\":\"Article\",\"@id\":\"https:\/\/prefecturadeesmeraldas.gob.ec\/index.php\/2025\/02\/12\/todo-listo-para-inaugurar-el-nuevo-sistema-de-riego-en-playa-grande-atacames\/#article\",\"isPartOf\":{\"@id\":\"https:\/\/prefecturadeesmeraldas.gob.ec\/index.php\/2025\/02\/12\/todo-listo-para-inaugurar-el-nuevo-sistema-de-riego-en-playa-grande-atacames\/\"},\"author\":{\"name\":\"Direcci\u00f3n de Comunicaci\u00f3n\",\"@id\":\"https:\/\/prefecturadeesmeraldas.gob.ec\/#\/schema\/person\/b0c9e7b1ead7725994d1e319e8825234\"},\"headline\":\"Todo listo para inaugurar el nuevo sistema de riego en Playa Grande, Atacames.\",\"datePublished\":\"2025-02-12T14:38:01+00:00\",\"dateModified\":\"2025-02-12T14:39:43+00:00\",\"mainEntityOfPage\":{\"@id\":\"https:\/\/prefecturadeesmeraldas.gob.ec\/index.php\/2025\/02\/12\/todo-listo-para-inaugurar-el-nuevo-sistema-de-riego-en-playa-grande-atacames\/\"},\"wordCount\":305,\"publisher\":{\"@id\":\"https:\/\/prefecturadeesmeraldas.gob.ec\/#organization\"},\"image\":{\"@id\":\"https:\/\/prefecturadeesmeraldas.gob.ec\/index.php\/2025\/02\/12\/todo-listo-para-inaugurar-el-nuevo-sistema-de-riego-en-playa-grande-atacames\/#primaryimage\"},\"thumbnailUrl\":\"https:\/\/prefecturadeesmeraldas.gob.ec\/wp-content\/uploads\/2025\/02\/WhatsApp-Image-2025-02-11-at-12.39.41-1.jpeg\",\"articleSection\":[\"Cuencas, Riego y Drenaje\"],\"inLanguage\":\"es\"},{\"@type\":\"WebPage\",\"@id\":\"https:\/\/prefecturadeesmeraldas.gob.ec\/index.php\/2025\/02\/12\/todo-listo-para-inaugurar-el-nuevo-sistema-de-riego-en-playa-grande-atacames\/\",\"url\":\"https:\/\/prefecturadeesmeraldas.gob.ec\/index.php\/2025\/02\/12\/todo-listo-para-inaugurar-el-nuevo-sistema-de-riego-en-playa-grande-atacames\/\",\"name\":\"Todo listo para inaugurar el nuevo sistema de riego en Playa Grande, Atacames. - Gobierno Aut\u00f3nomo Descentralizado de la Provincia de Esmeraldas\",\"isPartOf\":{\"@id\":\"https:\/\/prefecturadeesmeraldas.gob.ec\/#website\"},\"primaryImageOfPage\":{\"@id\":\"https:\/\/prefecturadeesmeraldas.gob.ec\/index.php\/2025\/02\/12\/todo-listo-para-inaugurar-el-nuevo-sistema-de-riego-en-playa-grande-atacames\/#primaryimage\"},\"image\":{\"@id\":\"https:\/\/prefecturadeesmeraldas.gob.ec\/index.php\/2025\/02\/12\/todo-listo-para-inaugurar-el-nuevo-sistema-de-riego-en-playa-grande-atacames\/#primaryimage\"},\"thumbnailUrl\":\"https:\/\/prefecturadeesmeraldas.gob.ec\/wp-content\/uploads\/2025\/02\/WhatsApp-Image-2025-02-11-at-12.39.41-1.jpeg\",\"datePublished\":\"2025-02-12T14:38:01+00:00\",\"dateModified\":\"2025-02-12T14:39:43+00:00\",\"breadcrumb\":{\"@id\":\"https:\/\/prefecturadeesmeraldas.gob.ec\/index.php\/2025\/02\/12\/todo-listo-para-inaugurar-el-nuevo-sistema-de-riego-en-playa-grande-atacames\/#breadcrumb\"},\"inLanguage\":\"es\",\"potentialAction\":[{\"@type\":\"ReadAction\",\"target\":[\"https:\/\/prefecturadeesmeraldas.gob.ec\/index.php\/2025\/02\/12\/todo-listo-para-inaugurar-el-nuevo-sistema-de-riego-en-playa-grande-atacames\/\"]}]},{\"@type\":\"ImageObject\",\"inLanguage\":\"es\",\"@id\":\"https:\/\/prefecturadeesmeraldas.gob.ec\/index.php\/2025\/02\/12\/todo-listo-para-inaugurar-el-nuevo-sistema-de-riego-en-playa-grande-atacames\/#primaryimage\",\"url\":\"https:\/\/prefecturadeesmeraldas.gob.ec\/wp-content\/uploads\/2025\/02\/WhatsApp-Image-2025-02-11-at-12.39.41-1.jpeg\",\"contentUrl\":\"https:\/\/prefecturadeesmeraldas.gob.ec\/wp-content\/uploads\/2025\/02\/WhatsApp-Image-2025-02-11-at-12.39.41-1.jpeg\",\"width\":2560,\"height\":2560},{\"@type\":\"BreadcrumbList\",\"@id\":\"https:\/\/prefecturadeesmeraldas.gob.ec\/index.php\/2025\/02\/12\/todo-listo-para-inaugurar-el-nuevo-sistema-de-riego-en-playa-grande-atacames\/#breadcrumb\",\"itemListElement\":[{\"@type\":\"ListItem\",\"position\":1,\"name\":\"Home\",\"item\":\"https:\/\/prefecturadeesmeraldas.gob.ec\/\"},{\"@type\":\"ListItem\",\"position\":2,\"name\":\"Todo listo para inaugurar el nuevo sistema de riego en Playa Grande, Atacames.\"}]},{\"@type\":\"WebSite\",\"@id\":\"https:\/\/prefecturadeesmeraldas.gob.ec\/#website\",\"url\":\"https:\/\/prefecturadeesmeraldas.gob.ec\/\",\"name\":\"Gobierno Aut\u00f3nomo Descentralizado de la Provincia de Esmeraldas\",\"description\":\"Gobierno Aut\u00f3nomo Descentralizado de la Provincia de Esmeraldas\",\"publisher\":{\"@id\":\"https:\/\/prefecturadeesmeraldas.gob.ec\/#organization\"},\"potentialAction\":[{\"@type\":\"SearchAction\",\"target\":{\"@type\":\"EntryPoint\",\"urlTemplate\":\"https:\/\/prefecturadeesmeraldas.gob.ec\/?s={search_term_string}\"},\"query-input\":{\"@type\":\"PropertyValueSpecification\",\"valueRequired\":true,\"valueName\":\"search_term_string\"}}],\"inLanguage\":\"es\"},{\"@type\":\"Organization\",\"@id\":\"https:\/\/prefecturadeesmeraldas.gob.ec\/#organization\",\"name\":\"Gobierno Aut\u00f3nomo Descentralizado de la Provincia de Esmeraldas\",\"url\":\"https:\/\/prefecturadeesmeraldas.gob.ec\/\",\"logo\":{\"@type\":\"ImageObject\",\"inLanguage\":\"es\",\"@id\":\"https:\/\/prefecturadeesmeraldas.gob.ec\/#\/schema\/logo\/image\/\",\"url\":\"https:\/\/prefecturadeesmeraldas.gob.ec\/wp-content\/uploads\/2019\/06\/logo.png\",\"contentUrl\":\"https:\/\/prefecturadeesmeraldas.gob.ec\/wp-content\/uploads\/2019\/06\/logo.png\",\"width\":859,\"height\":448,\"caption\":\"Gobierno Aut\u00f3nomo Descentralizado de la Provincia de Esmeraldas\"},\"image\":{\"@id\":\"https:\/\/prefecturadeesmeraldas.gob.ec\/#\/schema\/logo\/image\/\"},\"sameAs\":[\"https:\/\/www.facebook.com\/PrefecturaEsmeraldas\/\"]},{\"@type\":\"Person\",\"@id\":\"https:\/\/prefecturadeesmeraldas.gob.ec\/#\/schema\/person\/b0c9e7b1ead7725994d1e319e8825234\",\"name\":\"Direcci\u00f3n de Comunicaci\u00f3n\",\"image\":{\"@type\":\"ImageObject\",\"inLanguage\":\"es\",\"@id\":\"https:\/\/prefecturadeesmeraldas.gob.ec\/#\/schema\/person\/image\/\",\"url\":\"https:\/\/secure.gravatar.com\/avatar\/74a3870a946f5d774ade3569af61a72308e07ad3346f370c4b468ee2a9858658?s=96&d=mm&r=g\",\"contentUrl\":\"https:\/\/secure.gravatar.com\/avatar\/74a3870a946f5d774ade3569af61a72308e07ad3346f370c4b468ee2a9858658?s=96&d=mm&r=g\",\"caption\":\"Direcci\u00f3n de Comunicaci\u00f3n\"}}]}<\/script>\n<!-- \/ Yoast SEO plugin. -->","yoast_head_json":{"title":"Todo listo para inaugurar el nuevo sistema de riego en Playa Grande, Atacames. - Gobierno Aut\u00f3nomo Descentralizado de la Provincia de Esmeraldas","robots":{"index":"index","follow":"follow","max-snippet":"max-snippet:-1","max-image-preview":"max-image-preview:large","max-video-preview":"max-video-preview:-1"},"canonical":"https:\/\/prefecturadeesmeraldas.gob.ec\/index.php\/2025\/02\/12\/todo-listo-para-inaugurar-el-nuevo-sistema-de-riego-en-playa-grande-atacames\/","og_locale":"es_ES","og_type":"article","og_title":"Todo listo para inaugurar el nuevo sistema de riego en Playa Grande, Atacames. - Gobierno Aut\u00f3nomo Descentralizado de la Provincia de Esmeraldas","og_description":"La Prefectura de Esmeraldas, a trav\u00e9s de la Gesti\u00f3n de Cuencas, Riego y Drenaje, ha culminado con \u00e9xito la construcci\u00f3n de un sistema de riego en la comunidad Playa Grande del cant\u00f3n Atacames. Este proyecto, que ya est\u00e1 100% operativo, beneficiar\u00e1 a 34 familias y cerca de 240 habitantes dedicados principalmente a la producci\u00f3n de [&hellip;]","og_url":"https:\/\/prefecturadeesmeraldas.gob.ec\/index.php\/2025\/02\/12\/todo-listo-para-inaugurar-el-nuevo-sistema-de-riego-en-playa-grande-atacames\/","og_site_name":"Gobierno Aut\u00f3nomo Descentralizado de la Provincia de Esmeraldas","article_publisher":"https:\/\/www.facebook.com\/PrefecturaEsmeraldas\/","article_published_time":"2025-02-12T14:38:01+00:00","article_modified_time":"2025-02-12T14:39:43+00:00","og_image":[{"width":2560,"height":2560,"url":"https:\/\/prefecturadeesmeraldas.gob.ec\/wp-content\/uploads\/2025\/02\/WhatsApp-Image-2025-02-11-at-12.39.41-1.jpeg","type":"image\/jpeg"}],"author":"Direcci\u00f3n de Comunicaci\u00f3n","twitter_card":"summary_large_image","twitter_misc":{"Escrito por":"Direcci\u00f3n de Comunicaci\u00f3n","Tiempo de lectura":"2 minutos"},"schema":{"@context":"https:\/\/schema.org","@graph":[{"@type":"Article","@id":"https:\/\/prefecturadeesmeraldas.gob.ec\/index.php\/2025\/02\/12\/todo-listo-para-inaugurar-el-nuevo-sistema-de-riego-en-playa-grande-atacames\/#article","isPartOf":{"@id":"https:\/\/prefecturadeesmeraldas.gob.ec\/index.php\/2025\/02\/12\/todo-listo-para-inaugurar-el-nuevo-sistema-de-riego-en-playa-grande-atacames\/"},"author":{"name":"Direcci\u00f3n de Comunicaci\u00f3n","@id":"https:\/\/prefecturadeesmeraldas.gob.ec\/#\/schema\/person\/b0c9e7b1ead7725994d1e319e8825234"},"headline":"Todo listo para inaugurar el nuevo sistema de riego en Playa Grande, Atacames.","datePublished":"2025-02-12T14:38:01+00:00","dateModified":"2025-02-12T14:39:43+00:00","mainEntityOfPage":{"@id":"https:\/\/prefecturadeesmeraldas.gob.ec\/index.php\/2025\/02\/12\/todo-listo-para-inaugurar-el-nuevo-sistema-de-riego-en-playa-grande-atacames\/"},"wordCount":305,"publisher":{"@id":"https:\/\/prefecturadeesmeraldas.gob.ec\/#organization"},"image":{"@id":"https:\/\/prefecturadeesmeraldas.gob.ec\/index.php\/2025\/02\/12\/todo-listo-para-inaugurar-el-nuevo-sistema-de-riego-en-playa-grande-atacames\/#primaryimage"},"thumbnailUrl":"https:\/\/prefecturadeesmeraldas.gob.ec\/wp-content\/uploads\/2025\/02\/WhatsApp-Image-2025-02-11-at-12.39.41-1.jpeg","articleSection":["Cuencas, Riego y Drenaje"],"inLanguage":"es"},{"@type":"WebPage","@id":"https:\/\/prefecturadeesmeraldas.gob.ec\/index.php\/2025\/02\/12\/todo-listo-para-inaugurar-el-nuevo-sistema-de-riego-en-playa-grande-atacames\/","url":"https:\/\/prefecturadeesmeraldas.gob.ec\/index.php\/2025\/02\/12\/todo-listo-para-inaugurar-el-nuevo-sistema-de-riego-en-playa-grande-atacames\/","name":"Todo listo para inaugurar el nuevo sistema de riego en Playa Grande, Atacames. - Gobierno Aut\u00f3nomo Descentralizado de la Provincia de Esmeraldas","isPartOf":{"@id":"https:\/\/prefecturadeesmeraldas.gob.ec\/#website"},"primaryImageOfPage":{"@id":"https:\/\/prefecturadeesmeraldas.gob.ec\/index.php\/2025\/02\/12\/todo-listo-para-inaugurar-el-nuevo-sistema-de-riego-en-playa-grande-atacames\/#primaryimage"},"image":{"@id":"https:\/\/prefecturadeesmeraldas.gob.ec\/index.php\/2025\/02\/12\/todo-listo-para-inaugurar-el-nuevo-sistema-de-riego-en-playa-grande-atacames\/#primaryimage"},"thumbnailUrl":"https:\/\/prefecturadeesmeraldas.gob.ec\/wp-content\/uploads\/2025\/02\/WhatsApp-Image-2025-02-11-at-12.39.41-1.jpeg","datePublished":"2025-02-12T14:38:01+00:00","dateModified":"2025-02-12T14:39:43+00:00","breadcrumb":{"@id":"https:\/\/prefecturadeesmeraldas.gob.ec\/index.php\/2025\/02\/12\/todo-listo-para-inaugurar-el-nuevo-sistema-de-riego-en-playa-grande-atacames\/#breadcrumb"},"inLanguage":"es","potentialAction":[{"@type":"ReadAction","target":["https:\/\/prefecturadeesmeraldas.gob.ec\/index.php\/2025\/02\/12\/todo-listo-para-inaugurar-el-nuevo-sistema-de-riego-en-playa-grande-atacames\/"]}]},{"@type":"ImageObject","inLanguage":"es","@id":"https:\/\/prefecturadeesmeraldas.gob.ec\/index.php\/2025\/02\/12\/todo-listo-para-inaugurar-el-nuevo-sistema-de-riego-en-playa-grande-atacames\/#primaryimage","url":"https:\/\/prefecturadeesmeraldas.gob.ec\/wp-content\/uploads\/2025\/02\/WhatsApp-Image-2025-02-11-at-12.39.41-1.jpeg","contentUrl":"https:\/\/prefecturadeesmeraldas.gob.ec\/wp-content\/uploads\/2025\/02\/WhatsApp-Image-2025-02-11-at-12.39.41-1.jpeg","width":2560,"height":2560},{"@type":"BreadcrumbList","@id":"https:\/\/prefecturadeesmeraldas.gob.ec\/index.php\/2025\/02\/12\/todo-listo-para-inaugurar-el-nuevo-sistema-de-riego-en-playa-grande-atacames\/#breadcrumb","itemListElement":[{"@type":"ListItem","position":1,"name":"Home","item":"https:\/\/prefecturadeesmeraldas.gob.ec\/"},{"@type":"ListItem","position":2,"name":"Todo listo para inaugurar el nuevo sistema de riego en Playa Grande, Atacames."}]},{"@type":"WebSite","@id":"https:\/\/prefecturadeesmeraldas.gob.ec\/#website","url":"https:\/\/prefecturadeesmeraldas.gob.ec\/","name":"Gobierno Aut\u00f3nomo Descentralizado de la Provincia de Esmeraldas","description":"Gobierno Aut\u00f3nomo Descentralizado de la Provincia de Esmeraldas","publisher":{"@id":"https:\/\/prefecturadeesmeraldas.gob.ec\/#organization"},"potentialAction":[{"@type":"SearchAction","target":{"@type":"EntryPoint","urlTemplate":"https:\/\/prefecturadeesmeraldas.gob.ec\/?s={search_term_string}"},"query-input":{"@type":"PropertyValueSpecification","valueRequired":true,"valueName":"search_term_string"}}],"inLanguage":"es"},{"@type":"Organization","@id":"https:\/\/prefecturadeesmeraldas.gob.ec\/#organization","name":"Gobierno Aut\u00f3nomo Descentralizado de la Provincia de Esmeraldas","url":"https:\/\/prefecturadeesmeraldas.gob.ec\/","logo":{"@type":"ImageObject","inLanguage":"es","@id":"https:\/\/prefecturadeesmeraldas.gob.ec\/#\/schema\/logo\/image\/","url":"https:\/\/prefecturadeesmeraldas.gob.ec\/wp-content\/uploads\/2019\/06\/logo.png","contentUrl":"https:\/\/prefecturadeesmeraldas.gob.ec\/wp-content\/uploads\/2019\/06\/logo.png","width":859,"height":448,"caption":"Gobierno Aut\u00f3nomo Descentralizado de la Provincia de Esmeraldas"},"image":{"@id":"https:\/\/prefecturadeesmeraldas.gob.ec\/#\/schema\/logo\/image\/"},"sameAs":["https:\/\/www.facebook.com\/PrefecturaEsmeraldas\/"]},{"@type":"Person","@id":"https:\/\/prefecturadeesmeraldas.gob.ec\/#\/schema\/person\/b0c9e7b1ead7725994d1e319e8825234","name":"Direcci\u00f3n de Comunicaci\u00f3n","image":{"@type":"ImageObject","inLanguage":"es","@id":"https:\/\/prefecturadeesmeraldas.gob.ec\/#\/schema\/person\/image\/","url":"https:\/\/secure.gravatar.com\/avatar\/74a3870a946f5d774ade3569af61a72308e07ad3346f370c4b468ee2a9858658?s=96&d=mm&r=g","contentUrl":"https:\/\/secure.gravatar.com\/avatar\/74a3870a946f5d774ade3569af61a72308e07ad3346f370c4b468ee2a9858658?s=96&d=mm&r=g","caption":"Direcci\u00f3n de Comunicaci\u00f3n"}}]}},"_links":{"self":[{"href":"https:\/\/prefecturadeesmeraldas.gob.ec\/index.php\/wp-json\/wp\/v2\/posts\/28924","targetHints":{"allow":["GET"]}}],"collection":[{"href":"https:\/\/prefecturadeesmeraldas.gob.ec\/index.php\/wp-json\/wp\/v2\/posts"}],"about":[{"href":"https:\/\/prefecturadeesmeraldas.gob.ec\/index.php\/wp-json\/wp\/v2\/types\/post"}],"author":[{"embeddable":true,"href":"https:\/\/prefecturadeesmeraldas.gob.ec\/index.php\/wp-json\/wp\/v2\/users\/2"}],"replies":[{"embeddable":true,"href":"https:\/\/prefecturadeesmeraldas.gob.ec\/index.php\/wp-json\/wp\/v2\/comments?post=28924"}],"version-history":[{"count":4,"href":"https:\/\/prefecturadeesmeraldas.gob.ec\/index.php\/wp-json\/wp\/v2\/posts\/28924\/revisions"}],"predecessor-version":[{"id":28930,"href":"https:\/\/prefecturadeesmeraldas.gob.ec\/index.php\/wp-json\/wp\/v2\/posts\/28924\/revisions\/28930"}],"wp:featuredmedia":[{"embeddable":true,"href":"https:\/\/prefecturadeesmeraldas.gob.ec\/index.php\/wp-json\/wp\/v2\/media\/28927"}],"wp:attachment":[{"href":"https:\/\/prefecturadeesmeraldas.gob.ec\/index.php\/wp-json\/wp\/v2\/media?parent=28924"}],"wp:term":[{"taxonomy":"category","embeddable":true,"href":"https:\/\/prefecturadeesmeraldas.gob.ec\/index.php\/wp-json\/wp\/v2\/categories?post=28924"},{"taxonomy":"post_tag","embeddable":true,"href":"https:\/\/prefecturadeesmeraldas.gob.ec\/index.php\/wp-json\/wp\/v2\/tags?post=28924"}],"curies":[{"name":"wp","href":"https:\/\/api.w.org\/{rel}","templated":true}]}}