{"id":28919,"date":"2025-02-12T09:30:46","date_gmt":"2025-02-12T14:30:46","guid":{"rendered":"https:\/\/prefecturadeesmeraldas.gob.ec\/?p=28919"},"modified":"2025-02-12T09:35:29","modified_gmt":"2025-02-12T14:35:29","slug":"prefectura-brinda-reconformacion-y-mantenimiento-vial-en-la-cabecera-parroquial-de-carlos-concha","status":"publish","type":"post","link":"https:\/\/prefecturadeesmeraldas.gob.ec\/index.php\/2025\/02\/12\/prefectura-brinda-reconformacion-y-mantenimiento-vial-en-la-cabecera-parroquial-de-carlos-concha\/","title":{"rendered":"Prefectura brinda reconformaci\u00f3n y mantenimiento vial en la cabecera parroquial de Carlos Concha."},"content":{"rendered":"\t\t<div data-elementor-type=\"wp-post\" data-elementor-id=\"28919\" class=\"elementor elementor-28919\">\n\t\t\t\t<div class=\"elementor-element elementor-element-6c52eb7 e-flex e-con-boxed e-con e-parent\" data-id=\"6c52eb7\" data-element_type=\"container\">\n\t\t\t\t\t<div class=\"e-con-inner\">\n\t\t\t\t<div class=\"elementor-element elementor-element-0bfb8eb elementor-widget elementor-widget-image\" data-id=\"0bfb8eb\" data-element_type=\"widget\" data-widget_type=\"image.default\">\n\t\t\t\t<div class=\"elementor-widget-container\">\n\t\t\t\t\t\t\t\t\t\t\t\t\t\t\t<img fetchpriority=\"high\" decoding=\"async\" width=\"616\" height=\"616\" src=\"https:\/\/prefecturadeesmeraldas.gob.ec\/wp-content\/uploads\/2025\/02\/111-5.jpg\" class=\"attachment-large size-large wp-image-28920\" alt=\"\" srcset=\"https:\/\/prefecturadeesmeraldas.gob.ec\/wp-content\/uploads\/2025\/02\/111-5.jpg 616w, https:\/\/prefecturadeesmeraldas.gob.ec\/wp-content\/uploads\/2025\/02\/111-5-300x300.jpg 300w, https:\/\/prefecturadeesmeraldas.gob.ec\/wp-content\/uploads\/2025\/02\/111-5-150x150.jpg 150w, https:\/\/prefecturadeesmeraldas.gob.ec\/wp-content\/uploads\/2025\/02\/111-5-440x440.jpg 440w, https:\/\/prefecturadeesmeraldas.gob.ec\/wp-content\/uploads\/2025\/02\/111-5-180x180.jpg 180w, https:\/\/prefecturadeesmeraldas.gob.ec\/wp-content\/uploads\/2025\/02\/111-5-120x120.jpg 120w\" sizes=\"(max-width: 616px) 100vw, 616px\" \/>\t\t\t\t\t\t\t\t\t\t\t\t\t\t\t<\/div>\n\t\t\t\t<\/div>\n\t\t\t\t\t<\/div>\n\t\t\t\t<\/div>\n\t\t<div class=\"elementor-element elementor-element-c091d6f e-flex e-con-boxed e-con e-parent\" data-id=\"c091d6f\" data-element_type=\"container\">\n\t\t\t\t\t<div class=\"e-con-inner\">\n\t\t\t\t<div class=\"elementor-element elementor-element-8957615 elementor-widget elementor-widget-text-editor\" data-id=\"8957615\" data-element_type=\"widget\" data-widget_type=\"text-editor.default\">\n\t\t\t\t<div class=\"elementor-widget-container\">\n\t\t\t\t\t\t\t\t\t<p>La Prefectura de Esmeraldas contin\u00faa transformando vidas, generando bienestar y mejorando las condiciones de econ\u00f3mica de las familias asentadas en las zonas rurales de la provincia. Esta vez, la parroquia Carlos Concha es nuevamente beneficiada con el mantenimiento de sus v\u00edas.<\/p><p>Estos trabajos consisten en la rehabilitaci\u00f3n y compactaci\u00f3n de la v\u00eda, mejorando la movilidad de las familias de la zona, as\u00ed como la reactivaci\u00f3n econ\u00f3mica.<\/p><p>\u201cMuch\u00edsimas gracias a la prefecta Roberta Zambrano, por acordarse de nosotros y atender nuestros pedidos con el arreglo de la v\u00eda. Esto es muy necesario en esta \u00e9poca invernal\u201d, expres\u00f3 el agricultor Julio Alc\u00edvar.<\/p><p>Por su parte, Mar\u00eda Cheme, presidenta del Gad Parroquial de Carlos Concha, agradeci\u00f3 a todo el equipo de la Prefectura de Esmeraldas por la intervenci\u00f3n de este tramo, ayudando a los agricultores, el turismo comunitario y en especial a los menores de edad para que acudan sin inconvenientes a sus Unidades Educativas.<\/p><p>Adem\u00e1s, Teodora Qui\u00f1onez, moradora de la cabecera parroquial de Carlos Concha, resalt\u00f3 que la inmediata respuesta del mantenimiento vial permite el transporte de las cosechas de los productos agr\u00edcolas, acceso a salud y educaci\u00f3n.<\/p>\t\t\t\t\t\t\t\t<\/div>\n\t\t\t\t<\/div>\n\t\t\t\t\t<\/div>\n\t\t\t\t<\/div>\n\t\t\t\t<\/div>\n\t\t","protected":false},"excerpt":{"rendered":"<p>La Prefectura de Esmeraldas contin\u00faa transformando vidas, generando bienestar y mejorando las condiciones de econ\u00f3mica de las familias asentadas en las zonas rurales de la provincia. Esta vez, la parroquia Carlos Concha es nuevamente beneficiada con el mantenimiento de sus v\u00edas. Estos trabajos consisten en la rehabilitaci\u00f3n y compactaci\u00f3n de la v\u00eda, mejorando la movilidad [&hellip;]<\/p>\n","protected":false},"author":2,"featured_media":28920,"comment_status":"closed","ping_status":"open","sticky":false,"template":"","format":"standard","meta":{"footnotes":""},"categories":[14],"tags":[],"class_list":["post-28919","post","type-post","status-publish","format-standard","has-post-thumbnail","hentry","category-vialidad"],"yoast_head":"<!-- This site is optimized with the Yoast SEO plugin v25.7 - https:\/\/yoast.com\/wordpress\/plugins\/seo\/ -->\n<title>Prefectura brinda reconformaci\u00f3n y mantenimiento vial en la cabecera parroquial de Carlos Concha. - Gobierno Aut\u00f3nomo Descentralizado de la Provincia de Esmeraldas<\/title>\n<meta name=\"robots\" content=\"index, follow, max-snippet:-1, max-image-preview:large, max-video-preview:-1\" \/>\n<link rel=\"canonical\" href=\"https:\/\/prefecturadeesmeraldas.gob.ec\/index.php\/2025\/02\/12\/prefectura-brinda-reconformacion-y-mantenimiento-vial-en-la-cabecera-parroquial-de-carlos-concha\/\" \/>\n<meta property=\"og:locale\" content=\"es_ES\" \/>\n<meta property=\"og:type\" content=\"article\" \/>\n<meta property=\"og:title\" content=\"Prefectura brinda reconformaci\u00f3n y mantenimiento vial en la cabecera parroquial de Carlos Concha. - Gobierno Aut\u00f3nomo Descentralizado de la Provincia de Esmeraldas\" \/>\n<meta property=\"og:description\" content=\"La Prefectura de Esmeraldas contin\u00faa transformando vidas, generando bienestar y mejorando las condiciones de econ\u00f3mica de las familias asentadas en las zonas rurales de la provincia. Esta vez, la parroquia Carlos Concha es nuevamente beneficiada con el mantenimiento de sus v\u00edas. Estos trabajos consisten en la rehabilitaci\u00f3n y compactaci\u00f3n de la v\u00eda, mejorando la movilidad [&hellip;]\" \/>\n<meta property=\"og:url\" content=\"https:\/\/prefecturadeesmeraldas.gob.ec\/index.php\/2025\/02\/12\/prefectura-brinda-reconformacion-y-mantenimiento-vial-en-la-cabecera-parroquial-de-carlos-concha\/\" \/>\n<meta property=\"og:site_name\" content=\"Gobierno Aut\u00f3nomo Descentralizado de la Provincia de Esmeraldas\" \/>\n<meta property=\"article:publisher\" content=\"https:\/\/www.facebook.com\/PrefecturaEsmeraldas\/\" \/>\n<meta property=\"article:published_time\" content=\"2025-02-12T14:30:46+00:00\" \/>\n<meta property=\"article:modified_time\" content=\"2025-02-12T14:35:29+00:00\" \/>\n<meta property=\"og:image\" content=\"https:\/\/prefecturadeesmeraldas.gob.ec\/wp-content\/uploads\/2025\/02\/111-5.jpg\" \/>\n\t<meta property=\"og:image:width\" content=\"616\" \/>\n\t<meta property=\"og:image:height\" content=\"616\" \/>\n\t<meta property=\"og:image:type\" content=\"image\/jpeg\" \/>\n<meta name=\"author\" content=\"Direcci\u00f3n de Comunicaci\u00f3n\" \/>\n<meta name=\"twitter:card\" content=\"summary_large_image\" \/>\n<meta name=\"twitter:label1\" content=\"Escrito por\" \/>\n\t<meta name=\"twitter:data1\" content=\"Direcci\u00f3n de Comunicaci\u00f3n\" \/>\n\t<meta name=\"twitter:label2\" content=\"Tiempo de lectura\" \/>\n\t<meta name=\"twitter:data2\" content=\"2 minutos\" \/>\n<script type=\"application\/ld+json\" class=\"yoast-schema-graph\">{\"@context\":\"https:\/\/schema.org\",\"@graph\":[{\"@type\":\"Article\",\"@id\":\"https:\/\/prefecturadeesmeraldas.gob.ec\/index.php\/2025\/02\/12\/prefectura-brinda-reconformacion-y-mantenimiento-vial-en-la-cabecera-parroquial-de-carlos-concha\/#article\",\"isPartOf\":{\"@id\":\"https:\/\/prefecturadeesmeraldas.gob.ec\/index.php\/2025\/02\/12\/prefectura-brinda-reconformacion-y-mantenimiento-vial-en-la-cabecera-parroquial-de-carlos-concha\/\"},\"author\":{\"name\":\"Direcci\u00f3n de Comunicaci\u00f3n\",\"@id\":\"https:\/\/prefecturadeesmeraldas.gob.ec\/#\/schema\/person\/b0c9e7b1ead7725994d1e319e8825234\"},\"headline\":\"Prefectura brinda reconformaci\u00f3n y mantenimiento vial en la cabecera parroquial de Carlos Concha.\",\"datePublished\":\"2025-02-12T14:30:46+00:00\",\"dateModified\":\"2025-02-12T14:35:29+00:00\",\"mainEntityOfPage\":{\"@id\":\"https:\/\/prefecturadeesmeraldas.gob.ec\/index.php\/2025\/02\/12\/prefectura-brinda-reconformacion-y-mantenimiento-vial-en-la-cabecera-parroquial-de-carlos-concha\/\"},\"wordCount\":217,\"publisher\":{\"@id\":\"https:\/\/prefecturadeesmeraldas.gob.ec\/#organization\"},\"image\":{\"@id\":\"https:\/\/prefecturadeesmeraldas.gob.ec\/index.php\/2025\/02\/12\/prefectura-brinda-reconformacion-y-mantenimiento-vial-en-la-cabecera-parroquial-de-carlos-concha\/#primaryimage\"},\"thumbnailUrl\":\"https:\/\/prefecturadeesmeraldas.gob.ec\/wp-content\/uploads\/2025\/02\/111-5.jpg\",\"articleSection\":[\"Vialidad\"],\"inLanguage\":\"es\"},{\"@type\":\"WebPage\",\"@id\":\"https:\/\/prefecturadeesmeraldas.gob.ec\/index.php\/2025\/02\/12\/prefectura-brinda-reconformacion-y-mantenimiento-vial-en-la-cabecera-parroquial-de-carlos-concha\/\",\"url\":\"https:\/\/prefecturadeesmeraldas.gob.ec\/index.php\/2025\/02\/12\/prefectura-brinda-reconformacion-y-mantenimiento-vial-en-la-cabecera-parroquial-de-carlos-concha\/\",\"name\":\"Prefectura brinda reconformaci\u00f3n y mantenimiento vial en la cabecera parroquial de Carlos Concha. - Gobierno Aut\u00f3nomo Descentralizado de la Provincia de Esmeraldas\",\"isPartOf\":{\"@id\":\"https:\/\/prefecturadeesmeraldas.gob.ec\/#website\"},\"primaryImageOfPage\":{\"@id\":\"https:\/\/prefecturadeesmeraldas.gob.ec\/index.php\/2025\/02\/12\/prefectura-brinda-reconformacion-y-mantenimiento-vial-en-la-cabecera-parroquial-de-carlos-concha\/#primaryimage\"},\"image\":{\"@id\":\"https:\/\/prefecturadeesmeraldas.gob.ec\/index.php\/2025\/02\/12\/prefectura-brinda-reconformacion-y-mantenimiento-vial-en-la-cabecera-parroquial-de-carlos-concha\/#primaryimage\"},\"thumbnailUrl\":\"https:\/\/prefecturadeesmeraldas.gob.ec\/wp-content\/uploads\/2025\/02\/111-5.jpg\",\"datePublished\":\"2025-02-12T14:30:46+00:00\",\"dateModified\":\"2025-02-12T14:35:29+00:00\",\"breadcrumb\":{\"@id\":\"https:\/\/prefecturadeesmeraldas.gob.ec\/index.php\/2025\/02\/12\/prefectura-brinda-reconformacion-y-mantenimiento-vial-en-la-cabecera-parroquial-de-carlos-concha\/#breadcrumb\"},\"inLanguage\":\"es\",\"potentialAction\":[{\"@type\":\"ReadAction\",\"target\":[\"https:\/\/prefecturadeesmeraldas.gob.ec\/index.php\/2025\/02\/12\/prefectura-brinda-reconformacion-y-mantenimiento-vial-en-la-cabecera-parroquial-de-carlos-concha\/\"]}]},{\"@type\":\"ImageObject\",\"inLanguage\":\"es\",\"@id\":\"https:\/\/prefecturadeesmeraldas.gob.ec\/index.php\/2025\/02\/12\/prefectura-brinda-reconformacion-y-mantenimiento-vial-en-la-cabecera-parroquial-de-carlos-concha\/#primaryimage\",\"url\":\"https:\/\/prefecturadeesmeraldas.gob.ec\/wp-content\/uploads\/2025\/02\/111-5.jpg\",\"contentUrl\":\"https:\/\/prefecturadeesmeraldas.gob.ec\/wp-content\/uploads\/2025\/02\/111-5.jpg\",\"width\":616,\"height\":616},{\"@type\":\"BreadcrumbList\",\"@id\":\"https:\/\/prefecturadeesmeraldas.gob.ec\/index.php\/2025\/02\/12\/prefectura-brinda-reconformacion-y-mantenimiento-vial-en-la-cabecera-parroquial-de-carlos-concha\/#breadcrumb\",\"itemListElement\":[{\"@type\":\"ListItem\",\"position\":1,\"name\":\"Home\",\"item\":\"https:\/\/prefecturadeesmeraldas.gob.ec\/\"},{\"@type\":\"ListItem\",\"position\":2,\"name\":\"Prefectura brinda reconformaci\u00f3n y mantenimiento vial en la cabecera parroquial de Carlos Concha.\"}]},{\"@type\":\"WebSite\",\"@id\":\"https:\/\/prefecturadeesmeraldas.gob.ec\/#website\",\"url\":\"https:\/\/prefecturadeesmeraldas.gob.ec\/\",\"name\":\"Gobierno Aut\u00f3nomo Descentralizado de la Provincia de Esmeraldas\",\"description\":\"Gobierno Aut\u00f3nomo Descentralizado de la Provincia de Esmeraldas\",\"publisher\":{\"@id\":\"https:\/\/prefecturadeesmeraldas.gob.ec\/#organization\"},\"potentialAction\":[{\"@type\":\"SearchAction\",\"target\":{\"@type\":\"EntryPoint\",\"urlTemplate\":\"https:\/\/prefecturadeesmeraldas.gob.ec\/?s={search_term_string}\"},\"query-input\":{\"@type\":\"PropertyValueSpecification\",\"valueRequired\":true,\"valueName\":\"search_term_string\"}}],\"inLanguage\":\"es\"},{\"@type\":\"Organization\",\"@id\":\"https:\/\/prefecturadeesmeraldas.gob.ec\/#organization\",\"name\":\"Gobierno Aut\u00f3nomo Descentralizado de la Provincia de Esmeraldas\",\"url\":\"https:\/\/prefecturadeesmeraldas.gob.ec\/\",\"logo\":{\"@type\":\"ImageObject\",\"inLanguage\":\"es\",\"@id\":\"https:\/\/prefecturadeesmeraldas.gob.ec\/#\/schema\/logo\/image\/\",\"url\":\"https:\/\/prefecturadeesmeraldas.gob.ec\/wp-content\/uploads\/2019\/06\/logo.png\",\"contentUrl\":\"https:\/\/prefecturadeesmeraldas.gob.ec\/wp-content\/uploads\/2019\/06\/logo.png\",\"width\":859,\"height\":448,\"caption\":\"Gobierno Aut\u00f3nomo Descentralizado de la Provincia de Esmeraldas\"},\"image\":{\"@id\":\"https:\/\/prefecturadeesmeraldas.gob.ec\/#\/schema\/logo\/image\/\"},\"sameAs\":[\"https:\/\/www.facebook.com\/PrefecturaEsmeraldas\/\"]},{\"@type\":\"Person\",\"@id\":\"https:\/\/prefecturadeesmeraldas.gob.ec\/#\/schema\/person\/b0c9e7b1ead7725994d1e319e8825234\",\"name\":\"Direcci\u00f3n de Comunicaci\u00f3n\",\"image\":{\"@type\":\"ImageObject\",\"inLanguage\":\"es\",\"@id\":\"https:\/\/prefecturadeesmeraldas.gob.ec\/#\/schema\/person\/image\/\",\"url\":\"https:\/\/secure.gravatar.com\/avatar\/74a3870a946f5d774ade3569af61a72308e07ad3346f370c4b468ee2a9858658?s=96&d=mm&r=g\",\"contentUrl\":\"https:\/\/secure.gravatar.com\/avatar\/74a3870a946f5d774ade3569af61a72308e07ad3346f370c4b468ee2a9858658?s=96&d=mm&r=g\",\"caption\":\"Direcci\u00f3n de Comunicaci\u00f3n\"}}]}<\/script>\n<!-- \/ Yoast SEO plugin. -->","yoast_head_json":{"title":"Prefectura brinda reconformaci\u00f3n y mantenimiento vial en la cabecera parroquial de Carlos Concha. - Gobierno Aut\u00f3nomo Descentralizado de la Provincia de Esmeraldas","robots":{"index":"index","follow":"follow","max-snippet":"max-snippet:-1","max-image-preview":"max-image-preview:large","max-video-preview":"max-video-preview:-1"},"canonical":"https:\/\/prefecturadeesmeraldas.gob.ec\/index.php\/2025\/02\/12\/prefectura-brinda-reconformacion-y-mantenimiento-vial-en-la-cabecera-parroquial-de-carlos-concha\/","og_locale":"es_ES","og_type":"article","og_title":"Prefectura brinda reconformaci\u00f3n y mantenimiento vial en la cabecera parroquial de Carlos Concha. - Gobierno Aut\u00f3nomo Descentralizado de la Provincia de Esmeraldas","og_description":"La Prefectura de Esmeraldas contin\u00faa transformando vidas, generando bienestar y mejorando las condiciones de econ\u00f3mica de las familias asentadas en las zonas rurales de la provincia. Esta vez, la parroquia Carlos Concha es nuevamente beneficiada con el mantenimiento de sus v\u00edas. Estos trabajos consisten en la rehabilitaci\u00f3n y compactaci\u00f3n de la v\u00eda, mejorando la movilidad [&hellip;]","og_url":"https:\/\/prefecturadeesmeraldas.gob.ec\/index.php\/2025\/02\/12\/prefectura-brinda-reconformacion-y-mantenimiento-vial-en-la-cabecera-parroquial-de-carlos-concha\/","og_site_name":"Gobierno Aut\u00f3nomo Descentralizado de la Provincia de Esmeraldas","article_publisher":"https:\/\/www.facebook.com\/PrefecturaEsmeraldas\/","article_published_time":"2025-02-12T14:30:46+00:00","article_modified_time":"2025-02-12T14:35:29+00:00","og_image":[{"width":616,"height":616,"url":"https:\/\/prefecturadeesmeraldas.gob.ec\/wp-content\/uploads\/2025\/02\/111-5.jpg","type":"image\/jpeg"}],"author":"Direcci\u00f3n de Comunicaci\u00f3n","twitter_card":"summary_large_image","twitter_misc":{"Escrito por":"Direcci\u00f3n de Comunicaci\u00f3n","Tiempo de lectura":"2 minutos"},"schema":{"@context":"https:\/\/schema.org","@graph":[{"@type":"Article","@id":"https:\/\/prefecturadeesmeraldas.gob.ec\/index.php\/2025\/02\/12\/prefectura-brinda-reconformacion-y-mantenimiento-vial-en-la-cabecera-parroquial-de-carlos-concha\/#article","isPartOf":{"@id":"https:\/\/prefecturadeesmeraldas.gob.ec\/index.php\/2025\/02\/12\/prefectura-brinda-reconformacion-y-mantenimiento-vial-en-la-cabecera-parroquial-de-carlos-concha\/"},"author":{"name":"Direcci\u00f3n de Comunicaci\u00f3n","@id":"https:\/\/prefecturadeesmeraldas.gob.ec\/#\/schema\/person\/b0c9e7b1ead7725994d1e319e8825234"},"headline":"Prefectura brinda reconformaci\u00f3n y mantenimiento vial en la cabecera parroquial de Carlos Concha.","datePublished":"2025-02-12T14:30:46+00:00","dateModified":"2025-02-12T14:35:29+00:00","mainEntityOfPage":{"@id":"https:\/\/prefecturadeesmeraldas.gob.ec\/index.php\/2025\/02\/12\/prefectura-brinda-reconformacion-y-mantenimiento-vial-en-la-cabecera-parroquial-de-carlos-concha\/"},"wordCount":217,"publisher":{"@id":"https:\/\/prefecturadeesmeraldas.gob.ec\/#organization"},"image":{"@id":"https:\/\/prefecturadeesmeraldas.gob.ec\/index.php\/2025\/02\/12\/prefectura-brinda-reconformacion-y-mantenimiento-vial-en-la-cabecera-parroquial-de-carlos-concha\/#primaryimage"},"thumbnailUrl":"https:\/\/prefecturadeesmeraldas.gob.ec\/wp-content\/uploads\/2025\/02\/111-5.jpg","articleSection":["Vialidad"],"inLanguage":"es"},{"@type":"WebPage","@id":"https:\/\/prefecturadeesmeraldas.gob.ec\/index.php\/2025\/02\/12\/prefectura-brinda-reconformacion-y-mantenimiento-vial-en-la-cabecera-parroquial-de-carlos-concha\/","url":"https:\/\/prefecturadeesmeraldas.gob.ec\/index.php\/2025\/02\/12\/prefectura-brinda-reconformacion-y-mantenimiento-vial-en-la-cabecera-parroquial-de-carlos-concha\/","name":"Prefectura brinda reconformaci\u00f3n y mantenimiento vial en la cabecera parroquial de Carlos Concha. - Gobierno Aut\u00f3nomo Descentralizado de la Provincia de Esmeraldas","isPartOf":{"@id":"https:\/\/prefecturadeesmeraldas.gob.ec\/#website"},"primaryImageOfPage":{"@id":"https:\/\/prefecturadeesmeraldas.gob.ec\/index.php\/2025\/02\/12\/prefectura-brinda-reconformacion-y-mantenimiento-vial-en-la-cabecera-parroquial-de-carlos-concha\/#primaryimage"},"image":{"@id":"https:\/\/prefecturadeesmeraldas.gob.ec\/index.php\/2025\/02\/12\/prefectura-brinda-reconformacion-y-mantenimiento-vial-en-la-cabecera-parroquial-de-carlos-concha\/#primaryimage"},"thumbnailUrl":"https:\/\/prefecturadeesmeraldas.gob.ec\/wp-content\/uploads\/2025\/02\/111-5.jpg","datePublished":"2025-02-12T14:30:46+00:00","dateModified":"2025-02-12T14:35:29+00:00","breadcrumb":{"@id":"https:\/\/prefecturadeesmeraldas.gob.ec\/index.php\/2025\/02\/12\/prefectura-brinda-reconformacion-y-mantenimiento-vial-en-la-cabecera-parroquial-de-carlos-concha\/#breadcrumb"},"inLanguage":"es","potentialAction":[{"@type":"ReadAction","target":["https:\/\/prefecturadeesmeraldas.gob.ec\/index.php\/2025\/02\/12\/prefectura-brinda-reconformacion-y-mantenimiento-vial-en-la-cabecera-parroquial-de-carlos-concha\/"]}]},{"@type":"ImageObject","inLanguage":"es","@id":"https:\/\/prefecturadeesmeraldas.gob.ec\/index.php\/2025\/02\/12\/prefectura-brinda-reconformacion-y-mantenimiento-vial-en-la-cabecera-parroquial-de-carlos-concha\/#primaryimage","url":"https:\/\/prefecturadeesmeraldas.gob.ec\/wp-content\/uploads\/2025\/02\/111-5.jpg","contentUrl":"https:\/\/prefecturadeesmeraldas.gob.ec\/wp-content\/uploads\/2025\/02\/111-5.jpg","width":616,"height":616},{"@type":"BreadcrumbList","@id":"https:\/\/prefecturadeesmeraldas.gob.ec\/index.php\/2025\/02\/12\/prefectura-brinda-reconformacion-y-mantenimiento-vial-en-la-cabecera-parroquial-de-carlos-concha\/#breadcrumb","itemListElement":[{"@type":"ListItem","position":1,"name":"Home","item":"https:\/\/prefecturadeesmeraldas.gob.ec\/"},{"@type":"ListItem","position":2,"name":"Prefectura brinda reconformaci\u00f3n y mantenimiento vial en la cabecera parroquial de Carlos Concha."}]},{"@type":"WebSite","@id":"https:\/\/prefecturadeesmeraldas.gob.ec\/#website","url":"https:\/\/prefecturadeesmeraldas.gob.ec\/","name":"Gobierno Aut\u00f3nomo Descentralizado de la Provincia de Esmeraldas","description":"Gobierno Aut\u00f3nomo Descentralizado de la Provincia de Esmeraldas","publisher":{"@id":"https:\/\/prefecturadeesmeraldas.gob.ec\/#organization"},"potentialAction":[{"@type":"SearchAction","target":{"@type":"EntryPoint","urlTemplate":"https:\/\/prefecturadeesmeraldas.gob.ec\/?s={search_term_string}"},"query-input":{"@type":"PropertyValueSpecification","valueRequired":true,"valueName":"search_term_string"}}],"inLanguage":"es"},{"@type":"Organization","@id":"https:\/\/prefecturadeesmeraldas.gob.ec\/#organization","name":"Gobierno Aut\u00f3nomo Descentralizado de la Provincia de Esmeraldas","url":"https:\/\/prefecturadeesmeraldas.gob.ec\/","logo":{"@type":"ImageObject","inLanguage":"es","@id":"https:\/\/prefecturadeesmeraldas.gob.ec\/#\/schema\/logo\/image\/","url":"https:\/\/prefecturadeesmeraldas.gob.ec\/wp-content\/uploads\/2019\/06\/logo.png","contentUrl":"https:\/\/prefecturadeesmeraldas.gob.ec\/wp-content\/uploads\/2019\/06\/logo.png","width":859,"height":448,"caption":"Gobierno Aut\u00f3nomo Descentralizado de la Provincia de Esmeraldas"},"image":{"@id":"https:\/\/prefecturadeesmeraldas.gob.ec\/#\/schema\/logo\/image\/"},"sameAs":["https:\/\/www.facebook.com\/PrefecturaEsmeraldas\/"]},{"@type":"Person","@id":"https:\/\/prefecturadeesmeraldas.gob.ec\/#\/schema\/person\/b0c9e7b1ead7725994d1e319e8825234","name":"Direcci\u00f3n de Comunicaci\u00f3n","image":{"@type":"ImageObject","inLanguage":"es","@id":"https:\/\/prefecturadeesmeraldas.gob.ec\/#\/schema\/person\/image\/","url":"https:\/\/secure.gravatar.com\/avatar\/74a3870a946f5d774ade3569af61a72308e07ad3346f370c4b468ee2a9858658?s=96&d=mm&r=g","contentUrl":"https:\/\/secure.gravatar.com\/avatar\/74a3870a946f5d774ade3569af61a72308e07ad3346f370c4b468ee2a9858658?s=96&d=mm&r=g","caption":"Direcci\u00f3n de Comunicaci\u00f3n"}}]}},"_links":{"self":[{"href":"https:\/\/prefecturadeesmeraldas.gob.ec\/index.php\/wp-json\/wp\/v2\/posts\/28919","targetHints":{"allow":["GET"]}}],"collection":[{"href":"https:\/\/prefecturadeesmeraldas.gob.ec\/index.php\/wp-json\/wp\/v2\/posts"}],"about":[{"href":"https:\/\/prefecturadeesmeraldas.gob.ec\/index.php\/wp-json\/wp\/v2\/types\/post"}],"author":[{"embeddable":true,"href":"https:\/\/prefecturadeesmeraldas.gob.ec\/index.php\/wp-json\/wp\/v2\/users\/2"}],"replies":[{"embeddable":true,"href":"https:\/\/prefecturadeesmeraldas.gob.ec\/index.php\/wp-json\/wp\/v2\/comments?post=28919"}],"version-history":[{"count":3,"href":"https:\/\/prefecturadeesmeraldas.gob.ec\/index.php\/wp-json\/wp\/v2\/posts\/28919\/revisions"}],"predecessor-version":[{"id":28923,"href":"https:\/\/prefecturadeesmeraldas.gob.ec\/index.php\/wp-json\/wp\/v2\/posts\/28919\/revisions\/28923"}],"wp:featuredmedia":[{"embeddable":true,"href":"https:\/\/prefecturadeesmeraldas.gob.ec\/index.php\/wp-json\/wp\/v2\/media\/28920"}],"wp:attachment":[{"href":"https:\/\/prefecturadeesmeraldas.gob.ec\/index.php\/wp-json\/wp\/v2\/media?parent=28919"}],"wp:term":[{"taxonomy":"category","embeddable":true,"href":"https:\/\/prefecturadeesmeraldas.gob.ec\/index.php\/wp-json\/wp\/v2\/categories?post=28919"},{"taxonomy":"post_tag","embeddable":true,"href":"https:\/\/prefecturadeesmeraldas.gob.ec\/index.php\/wp-json\/wp\/v2\/tags?post=28919"}],"curies":[{"name":"wp","href":"https:\/\/api.w.org\/{rel}","templated":true}]}}