{"id":2889,"date":"2020-01-23T15:07:29","date_gmt":"2020-01-23T20:07:29","guid":{"rendered":"http:\/\/prefecturadeesmeraldas.gob.ec\/?p=2889"},"modified":"2020-01-23T15:07:42","modified_gmt":"2020-01-23T20:07:42","slug":"prefectura-concluyo-mejoramiento-vial-en-la-y-de-la-laguna","status":"publish","type":"post","link":"https:\/\/prefecturadeesmeraldas.gob.ec\/index.php\/2020\/01\/23\/prefectura-concluyo-mejoramiento-vial-en-la-y-de-la-laguna\/","title":{"rendered":"Prefectura concluy\u00f3 mejoramiento vial en la \u201cY\u201d de la Laguna"},"content":{"rendered":"\t\t<div data-elementor-type=\"wp-post\" data-elementor-id=\"2889\" class=\"elementor elementor-2889\">\n\t\t\t\t\t\t<section class=\"elementor-section elementor-top-section elementor-element elementor-element-f3397a3 elementor-section-boxed elementor-section-height-default elementor-section-height-default\" data-id=\"f3397a3\" data-element_type=\"section\">\n\t\t\t\t\t\t<div class=\"elementor-container elementor-column-gap-default\">\n\t\t\t\t\t<div class=\"elementor-column elementor-col-100 elementor-top-column elementor-element elementor-element-1dbb047\" data-id=\"1dbb047\" data-element_type=\"column\">\n\t\t\t<div class=\"elementor-widget-wrap elementor-element-populated\">\n\t\t\t\t\t\t<div class=\"elementor-element elementor-element-05b501d elementor-widget elementor-widget-image\" data-id=\"05b501d\" data-element_type=\"widget\" data-widget_type=\"image.default\">\n\t\t\t\t<div class=\"elementor-widget-container\">\n\t\t\t\t\t\t\t\t\t\t\t\t\t\t\t<img fetchpriority=\"high\" decoding=\"async\" width=\"1024\" height=\"683\" src=\"https:\/\/prefecturadeesmeraldas.gob.ec\/wp-content\/uploads\/2020\/01\/BOLETIN64-1024x683.jpg\" class=\"attachment-large size-large wp-image-2890\" alt=\"\" srcset=\"https:\/\/prefecturadeesmeraldas.gob.ec\/wp-content\/uploads\/2020\/01\/BOLETIN64-1024x683.jpg 1024w, https:\/\/prefecturadeesmeraldas.gob.ec\/wp-content\/uploads\/2020\/01\/BOLETIN64-1080x720.jpg 1080w, https:\/\/prefecturadeesmeraldas.gob.ec\/wp-content\/uploads\/2020\/01\/BOLETIN64-300x200.jpg 300w, https:\/\/prefecturadeesmeraldas.gob.ec\/wp-content\/uploads\/2020\/01\/BOLETIN64-768x512.jpg 768w, https:\/\/prefecturadeesmeraldas.gob.ec\/wp-content\/uploads\/2020\/01\/BOLETIN64-360x240.jpg 360w, https:\/\/prefecturadeesmeraldas.gob.ec\/wp-content\/uploads\/2020\/01\/BOLETIN64.jpg 1350w\" sizes=\"(max-width: 1024px) 100vw, 1024px\" \/>\t\t\t\t\t\t\t\t\t\t\t\t\t\t\t<\/div>\n\t\t\t\t<\/div>\n\t\t\t\t\t<\/div>\n\t\t<\/div>\n\t\t\t\t\t<\/div>\n\t\t<\/section>\n\t\t\t\t<section class=\"elementor-section elementor-top-section elementor-element elementor-element-8ca6e35 elementor-section-boxed elementor-section-height-default elementor-section-height-default\" data-id=\"8ca6e35\" data-element_type=\"section\">\n\t\t\t\t\t\t<div class=\"elementor-container elementor-column-gap-default\">\n\t\t\t\t\t<div class=\"elementor-column elementor-col-100 elementor-top-column elementor-element elementor-element-28ca3f4\" data-id=\"28ca3f4\" data-element_type=\"column\">\n\t\t\t<div class=\"elementor-widget-wrap elementor-element-populated\">\n\t\t\t\t\t\t<div class=\"elementor-element elementor-element-6026d36 elementor-widget elementor-widget-text-editor\" data-id=\"6026d36\" data-element_type=\"widget\" data-widget_type=\"text-editor.default\">\n\t\t\t\t<div class=\"elementor-widget-container\">\n\t\t\t\t\t\t\t\t\t<p>El equipo t\u00e9cnico de la Prefectura de Esmeraldas <strong>concluy\u00f3 con \u00e9xito el mejoramiento del camino vecinal que inicia desde el kil\u00f3metro 80 de la E20 y conduce hasta La Y de La Laguna en la parroquia Rosa Z\u00e1rate <\/strong>del cant\u00f3n Quinind\u00e9. Esta intervenci\u00f3n fue ejecutada como parte de los acuerdos de trabajo suscritos entre la prefecta <strong>Roberta Zambrano<\/strong> y miembros del Comit\u00e9 Vial Y de La Laguna en vista del p\u00e9simo estado en que se encontraban los m\u00e1s de 16 kil\u00f3metros que fueron lastrados, ampliados, compactados, objeto de la construcci\u00f3n de cunetas en hormig\u00f3n y de diecis\u00e9is alcantarillas.<\/p><p><\/p><p>Ram\u00f3n Loor, coordinador del Comit\u00e9 Vial Y de la Laguna, afirm\u00f3 que son notables los resultados que hoy brindan estos trabajos, que facilitan la movilidad de habitantes de treinta comunidades situadas en la zona. Entre ellos la disminuci\u00f3n en el tiempo de los desplazamientos desde y hacia Quinind\u00e9.<\/p><p><\/p><p>Manuel Cevallos comerciante de frutas y verduras en La Y de la Laguna, destac\u00f3 que, con este mantenimiento vial, ahora los productos cosechados y aquellos que son tra\u00eddos desde otras zonas de la provincia y el pa\u00eds conservan una mayor calidad, tras ser transportados sin importar el estado del clima, en vista de que las condiciones de la v\u00eda han mejorado.<\/p><p><\/p><p>Wilberg Palacios tambi\u00e9n comerciante de la zona resalt\u00f3 que la obra genera un ahorro de tiempo y dinero para todos. Todos ellos felicitaron los trabajos ejecutados por la Prefectura de Esmeraldas, que desde ya plantea la ejecuci\u00f3n de un mejoramiento vial definitivo para las comunidades de esta zona rural de la Provincia, altamente productiva y con un gran potencial tur\u00edstico.<\/p>\t\t\t\t\t\t\t\t<\/div>\n\t\t\t\t<\/div>\n\t\t\t\t\t<\/div>\n\t\t<\/div>\n\t\t\t\t\t<\/div>\n\t\t<\/section>\n\t\t\t\t<\/div>\n\t\t","protected":false},"excerpt":{"rendered":"<p>El equipo t\u00e9cnico de la Prefectura de Esmeraldas concluy\u00f3 con \u00e9xito el mejoramiento del camino vecinal que inicia desde el kil\u00f3metro 80 de la E20 y conduce hasta La Y de La Laguna en la parroquia Rosa Z\u00e1rate del cant\u00f3n Quinind\u00e9. Esta intervenci\u00f3n fue ejecutada como parte de los acuerdos de trabajo suscritos entre la [&hellip;]<\/p>\n","protected":false},"author":2,"featured_media":2890,"comment_status":"closed","ping_status":"open","sticky":false,"template":"","format":"standard","meta":{"footnotes":""},"categories":[14],"tags":[],"class_list":["post-2889","post","type-post","status-publish","format-standard","has-post-thumbnail","hentry","category-vialidad"],"yoast_head":"<!-- This site is optimized with the Yoast SEO plugin v25.7 - https:\/\/yoast.com\/wordpress\/plugins\/seo\/ -->\n<title>Prefectura concluy\u00f3 mejoramiento vial en la \u201cY\u201d de la Laguna - Gobierno Aut\u00f3nomo Descentralizado de la Provincia de Esmeraldas<\/title>\n<meta name=\"robots\" content=\"index, follow, max-snippet:-1, max-image-preview:large, max-video-preview:-1\" \/>\n<link rel=\"canonical\" href=\"https:\/\/prefecturadeesmeraldas.gob.ec\/index.php\/2020\/01\/23\/prefectura-concluyo-mejoramiento-vial-en-la-y-de-la-laguna\/\" \/>\n<meta property=\"og:locale\" content=\"es_ES\" \/>\n<meta property=\"og:type\" content=\"article\" \/>\n<meta property=\"og:title\" content=\"Prefectura concluy\u00f3 mejoramiento vial en la \u201cY\u201d de la Laguna - Gobierno Aut\u00f3nomo Descentralizado de la Provincia de Esmeraldas\" \/>\n<meta property=\"og:description\" content=\"El equipo t\u00e9cnico de la Prefectura de Esmeraldas concluy\u00f3 con \u00e9xito el mejoramiento del camino vecinal que inicia desde el kil\u00f3metro 80 de la E20 y conduce hasta La Y de La Laguna en la parroquia Rosa Z\u00e1rate del cant\u00f3n Quinind\u00e9. Esta intervenci\u00f3n fue ejecutada como parte de los acuerdos de trabajo suscritos entre la [&hellip;]\" \/>\n<meta property=\"og:url\" content=\"https:\/\/prefecturadeesmeraldas.gob.ec\/index.php\/2020\/01\/23\/prefectura-concluyo-mejoramiento-vial-en-la-y-de-la-laguna\/\" \/>\n<meta property=\"og:site_name\" content=\"Gobierno Aut\u00f3nomo Descentralizado de la Provincia de Esmeraldas\" \/>\n<meta property=\"article:publisher\" content=\"https:\/\/www.facebook.com\/PrefecturaEsmeraldas\/\" \/>\n<meta property=\"article:published_time\" content=\"2020-01-23T20:07:29+00:00\" \/>\n<meta property=\"article:modified_time\" content=\"2020-01-23T20:07:42+00:00\" \/>\n<meta property=\"og:image\" content=\"https:\/\/prefecturadeesmeraldas.gob.ec\/wp-content\/uploads\/2020\/01\/BOLETIN64.jpg\" \/>\n\t<meta property=\"og:image:width\" content=\"1350\" \/>\n\t<meta property=\"og:image:height\" content=\"900\" \/>\n\t<meta property=\"og:image:type\" content=\"image\/jpeg\" \/>\n<meta name=\"author\" content=\"Direcci\u00f3n de Comunicaci\u00f3n\" \/>\n<meta name=\"twitter:card\" content=\"summary_large_image\" \/>\n<meta name=\"twitter:label1\" content=\"Escrito por\" \/>\n\t<meta name=\"twitter:data1\" content=\"Direcci\u00f3n de Comunicaci\u00f3n\" \/>\n\t<meta name=\"twitter:label2\" content=\"Tiempo de lectura\" \/>\n\t<meta name=\"twitter:data2\" content=\"1 minuto\" \/>\n<script type=\"application\/ld+json\" class=\"yoast-schema-graph\">{\"@context\":\"https:\/\/schema.org\",\"@graph\":[{\"@type\":\"Article\",\"@id\":\"https:\/\/prefecturadeesmeraldas.gob.ec\/index.php\/2020\/01\/23\/prefectura-concluyo-mejoramiento-vial-en-la-y-de-la-laguna\/#article\",\"isPartOf\":{\"@id\":\"https:\/\/prefecturadeesmeraldas.gob.ec\/index.php\/2020\/01\/23\/prefectura-concluyo-mejoramiento-vial-en-la-y-de-la-laguna\/\"},\"author\":{\"name\":\"Direcci\u00f3n de Comunicaci\u00f3n\",\"@id\":\"https:\/\/prefecturadeesmeraldas.gob.ec\/#\/schema\/person\/b0c9e7b1ead7725994d1e319e8825234\"},\"headline\":\"Prefectura concluy\u00f3 mejoramiento vial en la \u201cY\u201d de la Laguna\",\"datePublished\":\"2020-01-23T20:07:29+00:00\",\"dateModified\":\"2020-01-23T20:07:42+00:00\",\"mainEntityOfPage\":{\"@id\":\"https:\/\/prefecturadeesmeraldas.gob.ec\/index.php\/2020\/01\/23\/prefectura-concluyo-mejoramiento-vial-en-la-y-de-la-laguna\/\"},\"wordCount\":294,\"publisher\":{\"@id\":\"https:\/\/prefecturadeesmeraldas.gob.ec\/#organization\"},\"image\":{\"@id\":\"https:\/\/prefecturadeesmeraldas.gob.ec\/index.php\/2020\/01\/23\/prefectura-concluyo-mejoramiento-vial-en-la-y-de-la-laguna\/#primaryimage\"},\"thumbnailUrl\":\"https:\/\/prefecturadeesmeraldas.gob.ec\/wp-content\/uploads\/2020\/01\/BOLETIN64.jpg\",\"articleSection\":[\"Vialidad\"],\"inLanguage\":\"es\"},{\"@type\":\"WebPage\",\"@id\":\"https:\/\/prefecturadeesmeraldas.gob.ec\/index.php\/2020\/01\/23\/prefectura-concluyo-mejoramiento-vial-en-la-y-de-la-laguna\/\",\"url\":\"https:\/\/prefecturadeesmeraldas.gob.ec\/index.php\/2020\/01\/23\/prefectura-concluyo-mejoramiento-vial-en-la-y-de-la-laguna\/\",\"name\":\"Prefectura concluy\u00f3 mejoramiento vial en la \u201cY\u201d de la Laguna - Gobierno Aut\u00f3nomo Descentralizado de la Provincia de Esmeraldas\",\"isPartOf\":{\"@id\":\"https:\/\/prefecturadeesmeraldas.gob.ec\/#website\"},\"primaryImageOfPage\":{\"@id\":\"https:\/\/prefecturadeesmeraldas.gob.ec\/index.php\/2020\/01\/23\/prefectura-concluyo-mejoramiento-vial-en-la-y-de-la-laguna\/#primaryimage\"},\"image\":{\"@id\":\"https:\/\/prefecturadeesmeraldas.gob.ec\/index.php\/2020\/01\/23\/prefectura-concluyo-mejoramiento-vial-en-la-y-de-la-laguna\/#primaryimage\"},\"thumbnailUrl\":\"https:\/\/prefecturadeesmeraldas.gob.ec\/wp-content\/uploads\/2020\/01\/BOLETIN64.jpg\",\"datePublished\":\"2020-01-23T20:07:29+00:00\",\"dateModified\":\"2020-01-23T20:07:42+00:00\",\"breadcrumb\":{\"@id\":\"https:\/\/prefecturadeesmeraldas.gob.ec\/index.php\/2020\/01\/23\/prefectura-concluyo-mejoramiento-vial-en-la-y-de-la-laguna\/#breadcrumb\"},\"inLanguage\":\"es\",\"potentialAction\":[{\"@type\":\"ReadAction\",\"target\":[\"https:\/\/prefecturadeesmeraldas.gob.ec\/index.php\/2020\/01\/23\/prefectura-concluyo-mejoramiento-vial-en-la-y-de-la-laguna\/\"]}]},{\"@type\":\"ImageObject\",\"inLanguage\":\"es\",\"@id\":\"https:\/\/prefecturadeesmeraldas.gob.ec\/index.php\/2020\/01\/23\/prefectura-concluyo-mejoramiento-vial-en-la-y-de-la-laguna\/#primaryimage\",\"url\":\"https:\/\/prefecturadeesmeraldas.gob.ec\/wp-content\/uploads\/2020\/01\/BOLETIN64.jpg\",\"contentUrl\":\"https:\/\/prefecturadeesmeraldas.gob.ec\/wp-content\/uploads\/2020\/01\/BOLETIN64.jpg\",\"width\":1350,\"height\":900},{\"@type\":\"BreadcrumbList\",\"@id\":\"https:\/\/prefecturadeesmeraldas.gob.ec\/index.php\/2020\/01\/23\/prefectura-concluyo-mejoramiento-vial-en-la-y-de-la-laguna\/#breadcrumb\",\"itemListElement\":[{\"@type\":\"ListItem\",\"position\":1,\"name\":\"Home\",\"item\":\"https:\/\/prefecturadeesmeraldas.gob.ec\/\"},{\"@type\":\"ListItem\",\"position\":2,\"name\":\"Prefectura concluy\u00f3 mejoramiento vial en la \u201cY\u201d de la Laguna\"}]},{\"@type\":\"WebSite\",\"@id\":\"https:\/\/prefecturadeesmeraldas.gob.ec\/#website\",\"url\":\"https:\/\/prefecturadeesmeraldas.gob.ec\/\",\"name\":\"Gobierno Aut\u00f3nomo Descentralizado de la Provincia de Esmeraldas\",\"description\":\"Gobierno Aut\u00f3nomo Descentralizado de la Provincia de Esmeraldas\",\"publisher\":{\"@id\":\"https:\/\/prefecturadeesmeraldas.gob.ec\/#organization\"},\"potentialAction\":[{\"@type\":\"SearchAction\",\"target\":{\"@type\":\"EntryPoint\",\"urlTemplate\":\"https:\/\/prefecturadeesmeraldas.gob.ec\/?s={search_term_string}\"},\"query-input\":{\"@type\":\"PropertyValueSpecification\",\"valueRequired\":true,\"valueName\":\"search_term_string\"}}],\"inLanguage\":\"es\"},{\"@type\":\"Organization\",\"@id\":\"https:\/\/prefecturadeesmeraldas.gob.ec\/#organization\",\"name\":\"Gobierno Aut\u00f3nomo Descentralizado de la Provincia de Esmeraldas\",\"url\":\"https:\/\/prefecturadeesmeraldas.gob.ec\/\",\"logo\":{\"@type\":\"ImageObject\",\"inLanguage\":\"es\",\"@id\":\"https:\/\/prefecturadeesmeraldas.gob.ec\/#\/schema\/logo\/image\/\",\"url\":\"https:\/\/prefecturadeesmeraldas.gob.ec\/wp-content\/uploads\/2019\/06\/logo.png\",\"contentUrl\":\"https:\/\/prefecturadeesmeraldas.gob.ec\/wp-content\/uploads\/2019\/06\/logo.png\",\"width\":859,\"height\":448,\"caption\":\"Gobierno Aut\u00f3nomo Descentralizado de la Provincia de Esmeraldas\"},\"image\":{\"@id\":\"https:\/\/prefecturadeesmeraldas.gob.ec\/#\/schema\/logo\/image\/\"},\"sameAs\":[\"https:\/\/www.facebook.com\/PrefecturaEsmeraldas\/\"]},{\"@type\":\"Person\",\"@id\":\"https:\/\/prefecturadeesmeraldas.gob.ec\/#\/schema\/person\/b0c9e7b1ead7725994d1e319e8825234\",\"name\":\"Direcci\u00f3n de Comunicaci\u00f3n\",\"image\":{\"@type\":\"ImageObject\",\"inLanguage\":\"es\",\"@id\":\"https:\/\/prefecturadeesmeraldas.gob.ec\/#\/schema\/person\/image\/\",\"url\":\"https:\/\/secure.gravatar.com\/avatar\/74a3870a946f5d774ade3569af61a72308e07ad3346f370c4b468ee2a9858658?s=96&d=mm&r=g\",\"contentUrl\":\"https:\/\/secure.gravatar.com\/avatar\/74a3870a946f5d774ade3569af61a72308e07ad3346f370c4b468ee2a9858658?s=96&d=mm&r=g\",\"caption\":\"Direcci\u00f3n de Comunicaci\u00f3n\"}}]}<\/script>\n<!-- \/ Yoast SEO plugin. -->","yoast_head_json":{"title":"Prefectura concluy\u00f3 mejoramiento vial en la \u201cY\u201d de la Laguna - Gobierno Aut\u00f3nomo Descentralizado de la Provincia de Esmeraldas","robots":{"index":"index","follow":"follow","max-snippet":"max-snippet:-1","max-image-preview":"max-image-preview:large","max-video-preview":"max-video-preview:-1"},"canonical":"https:\/\/prefecturadeesmeraldas.gob.ec\/index.php\/2020\/01\/23\/prefectura-concluyo-mejoramiento-vial-en-la-y-de-la-laguna\/","og_locale":"es_ES","og_type":"article","og_title":"Prefectura concluy\u00f3 mejoramiento vial en la \u201cY\u201d de la Laguna - Gobierno Aut\u00f3nomo Descentralizado de la Provincia de Esmeraldas","og_description":"El equipo t\u00e9cnico de la Prefectura de Esmeraldas concluy\u00f3 con \u00e9xito el mejoramiento del camino vecinal que inicia desde el kil\u00f3metro 80 de la E20 y conduce hasta La Y de La Laguna en la parroquia Rosa Z\u00e1rate del cant\u00f3n Quinind\u00e9. Esta intervenci\u00f3n fue ejecutada como parte de los acuerdos de trabajo suscritos entre la [&hellip;]","og_url":"https:\/\/prefecturadeesmeraldas.gob.ec\/index.php\/2020\/01\/23\/prefectura-concluyo-mejoramiento-vial-en-la-y-de-la-laguna\/","og_site_name":"Gobierno Aut\u00f3nomo Descentralizado de la Provincia de Esmeraldas","article_publisher":"https:\/\/www.facebook.com\/PrefecturaEsmeraldas\/","article_published_time":"2020-01-23T20:07:29+00:00","article_modified_time":"2020-01-23T20:07:42+00:00","og_image":[{"width":1350,"height":900,"url":"https:\/\/prefecturadeesmeraldas.gob.ec\/wp-content\/uploads\/2020\/01\/BOLETIN64.jpg","type":"image\/jpeg"}],"author":"Direcci\u00f3n de Comunicaci\u00f3n","twitter_card":"summary_large_image","twitter_misc":{"Escrito por":"Direcci\u00f3n de Comunicaci\u00f3n","Tiempo de lectura":"1 minuto"},"schema":{"@context":"https:\/\/schema.org","@graph":[{"@type":"Article","@id":"https:\/\/prefecturadeesmeraldas.gob.ec\/index.php\/2020\/01\/23\/prefectura-concluyo-mejoramiento-vial-en-la-y-de-la-laguna\/#article","isPartOf":{"@id":"https:\/\/prefecturadeesmeraldas.gob.ec\/index.php\/2020\/01\/23\/prefectura-concluyo-mejoramiento-vial-en-la-y-de-la-laguna\/"},"author":{"name":"Direcci\u00f3n de Comunicaci\u00f3n","@id":"https:\/\/prefecturadeesmeraldas.gob.ec\/#\/schema\/person\/b0c9e7b1ead7725994d1e319e8825234"},"headline":"Prefectura concluy\u00f3 mejoramiento vial en la \u201cY\u201d de la Laguna","datePublished":"2020-01-23T20:07:29+00:00","dateModified":"2020-01-23T20:07:42+00:00","mainEntityOfPage":{"@id":"https:\/\/prefecturadeesmeraldas.gob.ec\/index.php\/2020\/01\/23\/prefectura-concluyo-mejoramiento-vial-en-la-y-de-la-laguna\/"},"wordCount":294,"publisher":{"@id":"https:\/\/prefecturadeesmeraldas.gob.ec\/#organization"},"image":{"@id":"https:\/\/prefecturadeesmeraldas.gob.ec\/index.php\/2020\/01\/23\/prefectura-concluyo-mejoramiento-vial-en-la-y-de-la-laguna\/#primaryimage"},"thumbnailUrl":"https:\/\/prefecturadeesmeraldas.gob.ec\/wp-content\/uploads\/2020\/01\/BOLETIN64.jpg","articleSection":["Vialidad"],"inLanguage":"es"},{"@type":"WebPage","@id":"https:\/\/prefecturadeesmeraldas.gob.ec\/index.php\/2020\/01\/23\/prefectura-concluyo-mejoramiento-vial-en-la-y-de-la-laguna\/","url":"https:\/\/prefecturadeesmeraldas.gob.ec\/index.php\/2020\/01\/23\/prefectura-concluyo-mejoramiento-vial-en-la-y-de-la-laguna\/","name":"Prefectura concluy\u00f3 mejoramiento vial en la \u201cY\u201d de la Laguna - Gobierno Aut\u00f3nomo Descentralizado de la Provincia de Esmeraldas","isPartOf":{"@id":"https:\/\/prefecturadeesmeraldas.gob.ec\/#website"},"primaryImageOfPage":{"@id":"https:\/\/prefecturadeesmeraldas.gob.ec\/index.php\/2020\/01\/23\/prefectura-concluyo-mejoramiento-vial-en-la-y-de-la-laguna\/#primaryimage"},"image":{"@id":"https:\/\/prefecturadeesmeraldas.gob.ec\/index.php\/2020\/01\/23\/prefectura-concluyo-mejoramiento-vial-en-la-y-de-la-laguna\/#primaryimage"},"thumbnailUrl":"https:\/\/prefecturadeesmeraldas.gob.ec\/wp-content\/uploads\/2020\/01\/BOLETIN64.jpg","datePublished":"2020-01-23T20:07:29+00:00","dateModified":"2020-01-23T20:07:42+00:00","breadcrumb":{"@id":"https:\/\/prefecturadeesmeraldas.gob.ec\/index.php\/2020\/01\/23\/prefectura-concluyo-mejoramiento-vial-en-la-y-de-la-laguna\/#breadcrumb"},"inLanguage":"es","potentialAction":[{"@type":"ReadAction","target":["https:\/\/prefecturadeesmeraldas.gob.ec\/index.php\/2020\/01\/23\/prefectura-concluyo-mejoramiento-vial-en-la-y-de-la-laguna\/"]}]},{"@type":"ImageObject","inLanguage":"es","@id":"https:\/\/prefecturadeesmeraldas.gob.ec\/index.php\/2020\/01\/23\/prefectura-concluyo-mejoramiento-vial-en-la-y-de-la-laguna\/#primaryimage","url":"https:\/\/prefecturadeesmeraldas.gob.ec\/wp-content\/uploads\/2020\/01\/BOLETIN64.jpg","contentUrl":"https:\/\/prefecturadeesmeraldas.gob.ec\/wp-content\/uploads\/2020\/01\/BOLETIN64.jpg","width":1350,"height":900},{"@type":"BreadcrumbList","@id":"https:\/\/prefecturadeesmeraldas.gob.ec\/index.php\/2020\/01\/23\/prefectura-concluyo-mejoramiento-vial-en-la-y-de-la-laguna\/#breadcrumb","itemListElement":[{"@type":"ListItem","position":1,"name":"Home","item":"https:\/\/prefecturadeesmeraldas.gob.ec\/"},{"@type":"ListItem","position":2,"name":"Prefectura concluy\u00f3 mejoramiento vial en la \u201cY\u201d de la Laguna"}]},{"@type":"WebSite","@id":"https:\/\/prefecturadeesmeraldas.gob.ec\/#website","url":"https:\/\/prefecturadeesmeraldas.gob.ec\/","name":"Gobierno Aut\u00f3nomo Descentralizado de la Provincia de Esmeraldas","description":"Gobierno Aut\u00f3nomo Descentralizado de la Provincia de Esmeraldas","publisher":{"@id":"https:\/\/prefecturadeesmeraldas.gob.ec\/#organization"},"potentialAction":[{"@type":"SearchAction","target":{"@type":"EntryPoint","urlTemplate":"https:\/\/prefecturadeesmeraldas.gob.ec\/?s={search_term_string}"},"query-input":{"@type":"PropertyValueSpecification","valueRequired":true,"valueName":"search_term_string"}}],"inLanguage":"es"},{"@type":"Organization","@id":"https:\/\/prefecturadeesmeraldas.gob.ec\/#organization","name":"Gobierno Aut\u00f3nomo Descentralizado de la Provincia de Esmeraldas","url":"https:\/\/prefecturadeesmeraldas.gob.ec\/","logo":{"@type":"ImageObject","inLanguage":"es","@id":"https:\/\/prefecturadeesmeraldas.gob.ec\/#\/schema\/logo\/image\/","url":"https:\/\/prefecturadeesmeraldas.gob.ec\/wp-content\/uploads\/2019\/06\/logo.png","contentUrl":"https:\/\/prefecturadeesmeraldas.gob.ec\/wp-content\/uploads\/2019\/06\/logo.png","width":859,"height":448,"caption":"Gobierno Aut\u00f3nomo Descentralizado de la Provincia de Esmeraldas"},"image":{"@id":"https:\/\/prefecturadeesmeraldas.gob.ec\/#\/schema\/logo\/image\/"},"sameAs":["https:\/\/www.facebook.com\/PrefecturaEsmeraldas\/"]},{"@type":"Person","@id":"https:\/\/prefecturadeesmeraldas.gob.ec\/#\/schema\/person\/b0c9e7b1ead7725994d1e319e8825234","name":"Direcci\u00f3n de Comunicaci\u00f3n","image":{"@type":"ImageObject","inLanguage":"es","@id":"https:\/\/prefecturadeesmeraldas.gob.ec\/#\/schema\/person\/image\/","url":"https:\/\/secure.gravatar.com\/avatar\/74a3870a946f5d774ade3569af61a72308e07ad3346f370c4b468ee2a9858658?s=96&d=mm&r=g","contentUrl":"https:\/\/secure.gravatar.com\/avatar\/74a3870a946f5d774ade3569af61a72308e07ad3346f370c4b468ee2a9858658?s=96&d=mm&r=g","caption":"Direcci\u00f3n de Comunicaci\u00f3n"}}]}},"_links":{"self":[{"href":"https:\/\/prefecturadeesmeraldas.gob.ec\/index.php\/wp-json\/wp\/v2\/posts\/2889","targetHints":{"allow":["GET"]}}],"collection":[{"href":"https:\/\/prefecturadeesmeraldas.gob.ec\/index.php\/wp-json\/wp\/v2\/posts"}],"about":[{"href":"https:\/\/prefecturadeesmeraldas.gob.ec\/index.php\/wp-json\/wp\/v2\/types\/post"}],"author":[{"embeddable":true,"href":"https:\/\/prefecturadeesmeraldas.gob.ec\/index.php\/wp-json\/wp\/v2\/users\/2"}],"replies":[{"embeddable":true,"href":"https:\/\/prefecturadeesmeraldas.gob.ec\/index.php\/wp-json\/wp\/v2\/comments?post=2889"}],"version-history":[{"count":0,"href":"https:\/\/prefecturadeesmeraldas.gob.ec\/index.php\/wp-json\/wp\/v2\/posts\/2889\/revisions"}],"wp:featuredmedia":[{"embeddable":true,"href":"https:\/\/prefecturadeesmeraldas.gob.ec\/index.php\/wp-json\/wp\/v2\/media\/2890"}],"wp:attachment":[{"href":"https:\/\/prefecturadeesmeraldas.gob.ec\/index.php\/wp-json\/wp\/v2\/media?parent=2889"}],"wp:term":[{"taxonomy":"category","embeddable":true,"href":"https:\/\/prefecturadeesmeraldas.gob.ec\/index.php\/wp-json\/wp\/v2\/categories?post=2889"},{"taxonomy":"post_tag","embeddable":true,"href":"https:\/\/prefecturadeesmeraldas.gob.ec\/index.php\/wp-json\/wp\/v2\/tags?post=2889"}],"curies":[{"name":"wp","href":"https:\/\/api.w.org\/{rel}","templated":true}]}}