{"id":28858,"date":"2025-02-03T14:24:21","date_gmt":"2025-02-03T19:24:21","guid":{"rendered":"https:\/\/prefecturadeesmeraldas.gob.ec\/?p=28858"},"modified":"2025-02-03T14:25:59","modified_gmt":"2025-02-03T19:25:59","slug":"el-puente-de-pircuta-mejorara-la-conectividad-y-calidad-de-vida-en-la-parroquia-cube","status":"publish","type":"post","link":"https:\/\/prefecturadeesmeraldas.gob.ec\/index.php\/2025\/02\/03\/el-puente-de-pircuta-mejorara-la-conectividad-y-calidad-de-vida-en-la-parroquia-cube\/","title":{"rendered":"El puente de Pircuta mejorar\u00e1 la conectividad y calidad de vida en la parroquia Cube."},"content":{"rendered":"\t\t<div data-elementor-type=\"wp-post\" data-elementor-id=\"28858\" class=\"elementor elementor-28858\">\n\t\t\t\t<div class=\"elementor-element elementor-element-a73886e e-flex e-con-boxed e-con e-parent\" data-id=\"a73886e\" data-element_type=\"container\">\n\t\t\t\t\t<div class=\"e-con-inner\">\n\t\t\t\t<div class=\"elementor-element elementor-element-fba50f3 elementor-widget elementor-widget-image\" data-id=\"fba50f3\" data-element_type=\"widget\" data-widget_type=\"image.default\">\n\t\t\t\t<div class=\"elementor-widget-container\">\n\t\t\t\t\t\t\t\t\t\t\t\t\t\t\t<img fetchpriority=\"high\" decoding=\"async\" width=\"893\" height=\"670\" src=\"https:\/\/prefecturadeesmeraldas.gob.ec\/wp-content\/uploads\/2025\/02\/111.jpg\" class=\"attachment-large size-large wp-image-28860\" alt=\"\" srcset=\"https:\/\/prefecturadeesmeraldas.gob.ec\/wp-content\/uploads\/2025\/02\/111.jpg 893w, https:\/\/prefecturadeesmeraldas.gob.ec\/wp-content\/uploads\/2025\/02\/111-300x225.jpg 300w, https:\/\/prefecturadeesmeraldas.gob.ec\/wp-content\/uploads\/2025\/02\/111-768x576.jpg 768w\" sizes=\"(max-width: 893px) 100vw, 893px\" \/>\t\t\t\t\t\t\t\t\t\t\t\t\t\t\t<\/div>\n\t\t\t\t<\/div>\n\t\t\t\t\t<\/div>\n\t\t\t\t<\/div>\n\t\t<div class=\"elementor-element elementor-element-3889611 e-flex e-con-boxed e-con e-parent\" data-id=\"3889611\" data-element_type=\"container\">\n\t\t\t\t\t<div class=\"e-con-inner\">\n\t\t\t\t<div class=\"elementor-element elementor-element-e10e867 elementor-widget elementor-widget-text-editor\" data-id=\"e10e867\" data-element_type=\"widget\" data-widget_type=\"text-editor.default\">\n\t\t\t\t<div class=\"elementor-widget-container\">\n\t\t\t\t\t\t\t\t\t<p>Para los habitantes de la comunidad de Pircuta y sus alrededores, en la parroquia Cube del cant\u00f3n Quinind\u00e9, la construcci\u00f3n del puente sobre el r\u00edo Viche, ejecutada por la Prefectura de Esmeraldas, representa una soluci\u00f3n definitiva a los problemas de movilidad que enfrentaban, especialmente durante la temporada de lluvias.<\/p><p>La obra, que se encuentra en su fase final, beneficiar\u00e1 a m\u00e1s de 15 comunidades rurales, facilitando el transporte de productos agr\u00edcolas y el acceso a servicios b\u00e1sicos. <strong>Fabricio Rodr\u00edguez<\/strong>, habitante de Pircuta, expres\u00f3 su gratitud por esta importante infraestructura: <em>\u201cEstamos muy agradecidos con la Prefecta por esta obra. En invierno, era imposible sacar nuestros productos debido a la falta de un puente. Adem\u00e1s, muchos de nosotros hemos tenido la oportunidad de trabajar en la construcci\u00f3n, lo que nos ha permitido llevar un sustento extra a nuestras familias\u201d, dijo<\/em><em>.<\/em><\/p><p>Por su parte, <strong>\u00c1ngel Guagua<\/strong>, presidente de la comunidad de Pircuta, destac\u00f3 el impacto positivo que tendr\u00e1 el puente en la vida diaria de los habitantes: <em>\u201cYa falta muy poco para ver hecho realidad este sue\u00f1o. Con el puente terminado, no tendremos m\u00e1s inconvenientes para cruzar el estero, especialmente cuando el r\u00edo crece y nos deja incomunicados\u201d<\/em><em>.<\/em><\/p><p>Entre las comunidades que se ver\u00e1n directamente beneficiadas con esta obra se encuentran <strong>La Guinea, Cheche, Colorado, Bunca, Matapalo, Bambe, Bambe Adentro, Bolivarense , Tres V\u00edas<\/strong>, entre otras. La mejora en la infraestructura vial no solo garantiza una mayor integraci\u00f3n entre estas localidades, sino que tambi\u00e9n fortalece el desarrollo econ\u00f3mico y social de la parroquia Cube y del cant\u00f3n Quinind\u00e9 en su conjunto.<\/p><p>La construcci\u00f3n del puente sobre el r\u00edo Viche forma parte de la estrategia de la <strong>Prefectura de Esmeraldas<\/strong> para impulsar el desarrollo sostenible en las zonas rurales, asegurando el acceso a v\u00edas seguras y confiables que permitan mejorar la calidad de vida de los esmeralde\u00f1os. <\/p>\t\t\t\t\t\t\t\t<\/div>\n\t\t\t\t<\/div>\n\t\t\t\t\t<\/div>\n\t\t\t\t<\/div>\n\t\t\t\t<\/div>\n\t\t","protected":false},"excerpt":{"rendered":"<p>Para los habitantes de la comunidad de Pircuta y sus alrededores, en la parroquia Cube del cant\u00f3n Quinind\u00e9, la construcci\u00f3n del puente sobre el r\u00edo Viche, ejecutada por la Prefectura de Esmeraldas, representa una soluci\u00f3n definitiva a los problemas de movilidad que enfrentaban, especialmente durante la temporada de lluvias. La obra, que se encuentra en [&hellip;]<\/p>\n","protected":false},"author":2,"featured_media":28860,"comment_status":"closed","ping_status":"open","sticky":false,"template":"","format":"standard","meta":{"footnotes":""},"categories":[14],"tags":[],"class_list":["post-28858","post","type-post","status-publish","format-standard","has-post-thumbnail","hentry","category-vialidad"],"yoast_head":"<!-- This site is optimized with the Yoast SEO plugin v25.7 - https:\/\/yoast.com\/wordpress\/plugins\/seo\/ -->\n<title>El puente de Pircuta mejorar\u00e1 la conectividad y calidad de vida en la parroquia Cube. - Gobierno Aut\u00f3nomo Descentralizado de la Provincia de Esmeraldas<\/title>\n<meta name=\"robots\" content=\"index, follow, max-snippet:-1, max-image-preview:large, max-video-preview:-1\" \/>\n<link rel=\"canonical\" href=\"https:\/\/prefecturadeesmeraldas.gob.ec\/index.php\/2025\/02\/03\/el-puente-de-pircuta-mejorara-la-conectividad-y-calidad-de-vida-en-la-parroquia-cube\/\" \/>\n<meta property=\"og:locale\" content=\"es_ES\" \/>\n<meta property=\"og:type\" content=\"article\" \/>\n<meta property=\"og:title\" content=\"El puente de Pircuta mejorar\u00e1 la conectividad y calidad de vida en la parroquia Cube. - Gobierno Aut\u00f3nomo Descentralizado de la Provincia de Esmeraldas\" \/>\n<meta property=\"og:description\" content=\"Para los habitantes de la comunidad de Pircuta y sus alrededores, en la parroquia Cube del cant\u00f3n Quinind\u00e9, la construcci\u00f3n del puente sobre el r\u00edo Viche, ejecutada por la Prefectura de Esmeraldas, representa una soluci\u00f3n definitiva a los problemas de movilidad que enfrentaban, especialmente durante la temporada de lluvias. La obra, que se encuentra en [&hellip;]\" \/>\n<meta property=\"og:url\" content=\"https:\/\/prefecturadeesmeraldas.gob.ec\/index.php\/2025\/02\/03\/el-puente-de-pircuta-mejorara-la-conectividad-y-calidad-de-vida-en-la-parroquia-cube\/\" \/>\n<meta property=\"og:site_name\" content=\"Gobierno Aut\u00f3nomo Descentralizado de la Provincia de Esmeraldas\" \/>\n<meta property=\"article:publisher\" content=\"https:\/\/www.facebook.com\/PrefecturaEsmeraldas\/\" \/>\n<meta property=\"article:published_time\" content=\"2025-02-03T19:24:21+00:00\" \/>\n<meta property=\"article:modified_time\" content=\"2025-02-03T19:25:59+00:00\" \/>\n<meta property=\"og:image\" content=\"https:\/\/prefecturadeesmeraldas.gob.ec\/wp-content\/uploads\/2025\/02\/111.jpg\" \/>\n\t<meta property=\"og:image:width\" content=\"893\" \/>\n\t<meta property=\"og:image:height\" content=\"670\" \/>\n\t<meta property=\"og:image:type\" content=\"image\/jpeg\" \/>\n<meta name=\"author\" content=\"Direcci\u00f3n de Comunicaci\u00f3n\" \/>\n<meta name=\"twitter:card\" content=\"summary_large_image\" \/>\n<meta name=\"twitter:label1\" content=\"Escrito por\" \/>\n\t<meta name=\"twitter:data1\" content=\"Direcci\u00f3n de Comunicaci\u00f3n\" \/>\n\t<meta name=\"twitter:label2\" content=\"Tiempo de lectura\" \/>\n\t<meta name=\"twitter:data2\" content=\"2 minutos\" \/>\n<script type=\"application\/ld+json\" class=\"yoast-schema-graph\">{\"@context\":\"https:\/\/schema.org\",\"@graph\":[{\"@type\":\"Article\",\"@id\":\"https:\/\/prefecturadeesmeraldas.gob.ec\/index.php\/2025\/02\/03\/el-puente-de-pircuta-mejorara-la-conectividad-y-calidad-de-vida-en-la-parroquia-cube\/#article\",\"isPartOf\":{\"@id\":\"https:\/\/prefecturadeesmeraldas.gob.ec\/index.php\/2025\/02\/03\/el-puente-de-pircuta-mejorara-la-conectividad-y-calidad-de-vida-en-la-parroquia-cube\/\"},\"author\":{\"name\":\"Direcci\u00f3n de Comunicaci\u00f3n\",\"@id\":\"https:\/\/prefecturadeesmeraldas.gob.ec\/#\/schema\/person\/b0c9e7b1ead7725994d1e319e8825234\"},\"headline\":\"El puente de Pircuta mejorar\u00e1 la conectividad y calidad de vida en la parroquia Cube.\",\"datePublished\":\"2025-02-03T19:24:21+00:00\",\"dateModified\":\"2025-02-03T19:25:59+00:00\",\"mainEntityOfPage\":{\"@id\":\"https:\/\/prefecturadeesmeraldas.gob.ec\/index.php\/2025\/02\/03\/el-puente-de-pircuta-mejorara-la-conectividad-y-calidad-de-vida-en-la-parroquia-cube\/\"},\"wordCount\":339,\"publisher\":{\"@id\":\"https:\/\/prefecturadeesmeraldas.gob.ec\/#organization\"},\"image\":{\"@id\":\"https:\/\/prefecturadeesmeraldas.gob.ec\/index.php\/2025\/02\/03\/el-puente-de-pircuta-mejorara-la-conectividad-y-calidad-de-vida-en-la-parroquia-cube\/#primaryimage\"},\"thumbnailUrl\":\"https:\/\/prefecturadeesmeraldas.gob.ec\/wp-content\/uploads\/2025\/02\/111.jpg\",\"articleSection\":[\"Vialidad\"],\"inLanguage\":\"es\"},{\"@type\":\"WebPage\",\"@id\":\"https:\/\/prefecturadeesmeraldas.gob.ec\/index.php\/2025\/02\/03\/el-puente-de-pircuta-mejorara-la-conectividad-y-calidad-de-vida-en-la-parroquia-cube\/\",\"url\":\"https:\/\/prefecturadeesmeraldas.gob.ec\/index.php\/2025\/02\/03\/el-puente-de-pircuta-mejorara-la-conectividad-y-calidad-de-vida-en-la-parroquia-cube\/\",\"name\":\"El puente de Pircuta mejorar\u00e1 la conectividad y calidad de vida en la parroquia Cube. - Gobierno Aut\u00f3nomo Descentralizado de la Provincia de Esmeraldas\",\"isPartOf\":{\"@id\":\"https:\/\/prefecturadeesmeraldas.gob.ec\/#website\"},\"primaryImageOfPage\":{\"@id\":\"https:\/\/prefecturadeesmeraldas.gob.ec\/index.php\/2025\/02\/03\/el-puente-de-pircuta-mejorara-la-conectividad-y-calidad-de-vida-en-la-parroquia-cube\/#primaryimage\"},\"image\":{\"@id\":\"https:\/\/prefecturadeesmeraldas.gob.ec\/index.php\/2025\/02\/03\/el-puente-de-pircuta-mejorara-la-conectividad-y-calidad-de-vida-en-la-parroquia-cube\/#primaryimage\"},\"thumbnailUrl\":\"https:\/\/prefecturadeesmeraldas.gob.ec\/wp-content\/uploads\/2025\/02\/111.jpg\",\"datePublished\":\"2025-02-03T19:24:21+00:00\",\"dateModified\":\"2025-02-03T19:25:59+00:00\",\"breadcrumb\":{\"@id\":\"https:\/\/prefecturadeesmeraldas.gob.ec\/index.php\/2025\/02\/03\/el-puente-de-pircuta-mejorara-la-conectividad-y-calidad-de-vida-en-la-parroquia-cube\/#breadcrumb\"},\"inLanguage\":\"es\",\"potentialAction\":[{\"@type\":\"ReadAction\",\"target\":[\"https:\/\/prefecturadeesmeraldas.gob.ec\/index.php\/2025\/02\/03\/el-puente-de-pircuta-mejorara-la-conectividad-y-calidad-de-vida-en-la-parroquia-cube\/\"]}]},{\"@type\":\"ImageObject\",\"inLanguage\":\"es\",\"@id\":\"https:\/\/prefecturadeesmeraldas.gob.ec\/index.php\/2025\/02\/03\/el-puente-de-pircuta-mejorara-la-conectividad-y-calidad-de-vida-en-la-parroquia-cube\/#primaryimage\",\"url\":\"https:\/\/prefecturadeesmeraldas.gob.ec\/wp-content\/uploads\/2025\/02\/111.jpg\",\"contentUrl\":\"https:\/\/prefecturadeesmeraldas.gob.ec\/wp-content\/uploads\/2025\/02\/111.jpg\",\"width\":893,\"height\":670},{\"@type\":\"BreadcrumbList\",\"@id\":\"https:\/\/prefecturadeesmeraldas.gob.ec\/index.php\/2025\/02\/03\/el-puente-de-pircuta-mejorara-la-conectividad-y-calidad-de-vida-en-la-parroquia-cube\/#breadcrumb\",\"itemListElement\":[{\"@type\":\"ListItem\",\"position\":1,\"name\":\"Home\",\"item\":\"https:\/\/prefecturadeesmeraldas.gob.ec\/\"},{\"@type\":\"ListItem\",\"position\":2,\"name\":\"El puente de Pircuta mejorar\u00e1 la conectividad y calidad de vida en la parroquia Cube.\"}]},{\"@type\":\"WebSite\",\"@id\":\"https:\/\/prefecturadeesmeraldas.gob.ec\/#website\",\"url\":\"https:\/\/prefecturadeesmeraldas.gob.ec\/\",\"name\":\"Gobierno Aut\u00f3nomo Descentralizado de la Provincia de Esmeraldas\",\"description\":\"Gobierno Aut\u00f3nomo Descentralizado de la Provincia de Esmeraldas\",\"publisher\":{\"@id\":\"https:\/\/prefecturadeesmeraldas.gob.ec\/#organization\"},\"potentialAction\":[{\"@type\":\"SearchAction\",\"target\":{\"@type\":\"EntryPoint\",\"urlTemplate\":\"https:\/\/prefecturadeesmeraldas.gob.ec\/?s={search_term_string}\"},\"query-input\":{\"@type\":\"PropertyValueSpecification\",\"valueRequired\":true,\"valueName\":\"search_term_string\"}}],\"inLanguage\":\"es\"},{\"@type\":\"Organization\",\"@id\":\"https:\/\/prefecturadeesmeraldas.gob.ec\/#organization\",\"name\":\"Gobierno Aut\u00f3nomo Descentralizado de la Provincia de Esmeraldas\",\"url\":\"https:\/\/prefecturadeesmeraldas.gob.ec\/\",\"logo\":{\"@type\":\"ImageObject\",\"inLanguage\":\"es\",\"@id\":\"https:\/\/prefecturadeesmeraldas.gob.ec\/#\/schema\/logo\/image\/\",\"url\":\"https:\/\/prefecturadeesmeraldas.gob.ec\/wp-content\/uploads\/2019\/06\/logo.png\",\"contentUrl\":\"https:\/\/prefecturadeesmeraldas.gob.ec\/wp-content\/uploads\/2019\/06\/logo.png\",\"width\":859,\"height\":448,\"caption\":\"Gobierno Aut\u00f3nomo Descentralizado de la Provincia de Esmeraldas\"},\"image\":{\"@id\":\"https:\/\/prefecturadeesmeraldas.gob.ec\/#\/schema\/logo\/image\/\"},\"sameAs\":[\"https:\/\/www.facebook.com\/PrefecturaEsmeraldas\/\"]},{\"@type\":\"Person\",\"@id\":\"https:\/\/prefecturadeesmeraldas.gob.ec\/#\/schema\/person\/b0c9e7b1ead7725994d1e319e8825234\",\"name\":\"Direcci\u00f3n de Comunicaci\u00f3n\",\"image\":{\"@type\":\"ImageObject\",\"inLanguage\":\"es\",\"@id\":\"https:\/\/prefecturadeesmeraldas.gob.ec\/#\/schema\/person\/image\/\",\"url\":\"https:\/\/secure.gravatar.com\/avatar\/74a3870a946f5d774ade3569af61a72308e07ad3346f370c4b468ee2a9858658?s=96&d=mm&r=g\",\"contentUrl\":\"https:\/\/secure.gravatar.com\/avatar\/74a3870a946f5d774ade3569af61a72308e07ad3346f370c4b468ee2a9858658?s=96&d=mm&r=g\",\"caption\":\"Direcci\u00f3n de Comunicaci\u00f3n\"}}]}<\/script>\n<!-- \/ Yoast SEO plugin. -->","yoast_head_json":{"title":"El puente de Pircuta mejorar\u00e1 la conectividad y calidad de vida en la parroquia Cube. - Gobierno Aut\u00f3nomo Descentralizado de la Provincia de Esmeraldas","robots":{"index":"index","follow":"follow","max-snippet":"max-snippet:-1","max-image-preview":"max-image-preview:large","max-video-preview":"max-video-preview:-1"},"canonical":"https:\/\/prefecturadeesmeraldas.gob.ec\/index.php\/2025\/02\/03\/el-puente-de-pircuta-mejorara-la-conectividad-y-calidad-de-vida-en-la-parroquia-cube\/","og_locale":"es_ES","og_type":"article","og_title":"El puente de Pircuta mejorar\u00e1 la conectividad y calidad de vida en la parroquia Cube. - Gobierno Aut\u00f3nomo Descentralizado de la Provincia de Esmeraldas","og_description":"Para los habitantes de la comunidad de Pircuta y sus alrededores, en la parroquia Cube del cant\u00f3n Quinind\u00e9, la construcci\u00f3n del puente sobre el r\u00edo Viche, ejecutada por la Prefectura de Esmeraldas, representa una soluci\u00f3n definitiva a los problemas de movilidad que enfrentaban, especialmente durante la temporada de lluvias. La obra, que se encuentra en [&hellip;]","og_url":"https:\/\/prefecturadeesmeraldas.gob.ec\/index.php\/2025\/02\/03\/el-puente-de-pircuta-mejorara-la-conectividad-y-calidad-de-vida-en-la-parroquia-cube\/","og_site_name":"Gobierno Aut\u00f3nomo Descentralizado de la Provincia de Esmeraldas","article_publisher":"https:\/\/www.facebook.com\/PrefecturaEsmeraldas\/","article_published_time":"2025-02-03T19:24:21+00:00","article_modified_time":"2025-02-03T19:25:59+00:00","og_image":[{"width":893,"height":670,"url":"https:\/\/prefecturadeesmeraldas.gob.ec\/wp-content\/uploads\/2025\/02\/111.jpg","type":"image\/jpeg"}],"author":"Direcci\u00f3n de Comunicaci\u00f3n","twitter_card":"summary_large_image","twitter_misc":{"Escrito por":"Direcci\u00f3n de Comunicaci\u00f3n","Tiempo de lectura":"2 minutos"},"schema":{"@context":"https:\/\/schema.org","@graph":[{"@type":"Article","@id":"https:\/\/prefecturadeesmeraldas.gob.ec\/index.php\/2025\/02\/03\/el-puente-de-pircuta-mejorara-la-conectividad-y-calidad-de-vida-en-la-parroquia-cube\/#article","isPartOf":{"@id":"https:\/\/prefecturadeesmeraldas.gob.ec\/index.php\/2025\/02\/03\/el-puente-de-pircuta-mejorara-la-conectividad-y-calidad-de-vida-en-la-parroquia-cube\/"},"author":{"name":"Direcci\u00f3n de Comunicaci\u00f3n","@id":"https:\/\/prefecturadeesmeraldas.gob.ec\/#\/schema\/person\/b0c9e7b1ead7725994d1e319e8825234"},"headline":"El puente de Pircuta mejorar\u00e1 la conectividad y calidad de vida en la parroquia Cube.","datePublished":"2025-02-03T19:24:21+00:00","dateModified":"2025-02-03T19:25:59+00:00","mainEntityOfPage":{"@id":"https:\/\/prefecturadeesmeraldas.gob.ec\/index.php\/2025\/02\/03\/el-puente-de-pircuta-mejorara-la-conectividad-y-calidad-de-vida-en-la-parroquia-cube\/"},"wordCount":339,"publisher":{"@id":"https:\/\/prefecturadeesmeraldas.gob.ec\/#organization"},"image":{"@id":"https:\/\/prefecturadeesmeraldas.gob.ec\/index.php\/2025\/02\/03\/el-puente-de-pircuta-mejorara-la-conectividad-y-calidad-de-vida-en-la-parroquia-cube\/#primaryimage"},"thumbnailUrl":"https:\/\/prefecturadeesmeraldas.gob.ec\/wp-content\/uploads\/2025\/02\/111.jpg","articleSection":["Vialidad"],"inLanguage":"es"},{"@type":"WebPage","@id":"https:\/\/prefecturadeesmeraldas.gob.ec\/index.php\/2025\/02\/03\/el-puente-de-pircuta-mejorara-la-conectividad-y-calidad-de-vida-en-la-parroquia-cube\/","url":"https:\/\/prefecturadeesmeraldas.gob.ec\/index.php\/2025\/02\/03\/el-puente-de-pircuta-mejorara-la-conectividad-y-calidad-de-vida-en-la-parroquia-cube\/","name":"El puente de Pircuta mejorar\u00e1 la conectividad y calidad de vida en la parroquia Cube. - Gobierno Aut\u00f3nomo Descentralizado de la Provincia de Esmeraldas","isPartOf":{"@id":"https:\/\/prefecturadeesmeraldas.gob.ec\/#website"},"primaryImageOfPage":{"@id":"https:\/\/prefecturadeesmeraldas.gob.ec\/index.php\/2025\/02\/03\/el-puente-de-pircuta-mejorara-la-conectividad-y-calidad-de-vida-en-la-parroquia-cube\/#primaryimage"},"image":{"@id":"https:\/\/prefecturadeesmeraldas.gob.ec\/index.php\/2025\/02\/03\/el-puente-de-pircuta-mejorara-la-conectividad-y-calidad-de-vida-en-la-parroquia-cube\/#primaryimage"},"thumbnailUrl":"https:\/\/prefecturadeesmeraldas.gob.ec\/wp-content\/uploads\/2025\/02\/111.jpg","datePublished":"2025-02-03T19:24:21+00:00","dateModified":"2025-02-03T19:25:59+00:00","breadcrumb":{"@id":"https:\/\/prefecturadeesmeraldas.gob.ec\/index.php\/2025\/02\/03\/el-puente-de-pircuta-mejorara-la-conectividad-y-calidad-de-vida-en-la-parroquia-cube\/#breadcrumb"},"inLanguage":"es","potentialAction":[{"@type":"ReadAction","target":["https:\/\/prefecturadeesmeraldas.gob.ec\/index.php\/2025\/02\/03\/el-puente-de-pircuta-mejorara-la-conectividad-y-calidad-de-vida-en-la-parroquia-cube\/"]}]},{"@type":"ImageObject","inLanguage":"es","@id":"https:\/\/prefecturadeesmeraldas.gob.ec\/index.php\/2025\/02\/03\/el-puente-de-pircuta-mejorara-la-conectividad-y-calidad-de-vida-en-la-parroquia-cube\/#primaryimage","url":"https:\/\/prefecturadeesmeraldas.gob.ec\/wp-content\/uploads\/2025\/02\/111.jpg","contentUrl":"https:\/\/prefecturadeesmeraldas.gob.ec\/wp-content\/uploads\/2025\/02\/111.jpg","width":893,"height":670},{"@type":"BreadcrumbList","@id":"https:\/\/prefecturadeesmeraldas.gob.ec\/index.php\/2025\/02\/03\/el-puente-de-pircuta-mejorara-la-conectividad-y-calidad-de-vida-en-la-parroquia-cube\/#breadcrumb","itemListElement":[{"@type":"ListItem","position":1,"name":"Home","item":"https:\/\/prefecturadeesmeraldas.gob.ec\/"},{"@type":"ListItem","position":2,"name":"El puente de Pircuta mejorar\u00e1 la conectividad y calidad de vida en la parroquia Cube."}]},{"@type":"WebSite","@id":"https:\/\/prefecturadeesmeraldas.gob.ec\/#website","url":"https:\/\/prefecturadeesmeraldas.gob.ec\/","name":"Gobierno Aut\u00f3nomo Descentralizado de la Provincia de Esmeraldas","description":"Gobierno Aut\u00f3nomo Descentralizado de la Provincia de Esmeraldas","publisher":{"@id":"https:\/\/prefecturadeesmeraldas.gob.ec\/#organization"},"potentialAction":[{"@type":"SearchAction","target":{"@type":"EntryPoint","urlTemplate":"https:\/\/prefecturadeesmeraldas.gob.ec\/?s={search_term_string}"},"query-input":{"@type":"PropertyValueSpecification","valueRequired":true,"valueName":"search_term_string"}}],"inLanguage":"es"},{"@type":"Organization","@id":"https:\/\/prefecturadeesmeraldas.gob.ec\/#organization","name":"Gobierno Aut\u00f3nomo Descentralizado de la Provincia de Esmeraldas","url":"https:\/\/prefecturadeesmeraldas.gob.ec\/","logo":{"@type":"ImageObject","inLanguage":"es","@id":"https:\/\/prefecturadeesmeraldas.gob.ec\/#\/schema\/logo\/image\/","url":"https:\/\/prefecturadeesmeraldas.gob.ec\/wp-content\/uploads\/2019\/06\/logo.png","contentUrl":"https:\/\/prefecturadeesmeraldas.gob.ec\/wp-content\/uploads\/2019\/06\/logo.png","width":859,"height":448,"caption":"Gobierno Aut\u00f3nomo Descentralizado de la Provincia de Esmeraldas"},"image":{"@id":"https:\/\/prefecturadeesmeraldas.gob.ec\/#\/schema\/logo\/image\/"},"sameAs":["https:\/\/www.facebook.com\/PrefecturaEsmeraldas\/"]},{"@type":"Person","@id":"https:\/\/prefecturadeesmeraldas.gob.ec\/#\/schema\/person\/b0c9e7b1ead7725994d1e319e8825234","name":"Direcci\u00f3n de Comunicaci\u00f3n","image":{"@type":"ImageObject","inLanguage":"es","@id":"https:\/\/prefecturadeesmeraldas.gob.ec\/#\/schema\/person\/image\/","url":"https:\/\/secure.gravatar.com\/avatar\/74a3870a946f5d774ade3569af61a72308e07ad3346f370c4b468ee2a9858658?s=96&d=mm&r=g","contentUrl":"https:\/\/secure.gravatar.com\/avatar\/74a3870a946f5d774ade3569af61a72308e07ad3346f370c4b468ee2a9858658?s=96&d=mm&r=g","caption":"Direcci\u00f3n de Comunicaci\u00f3n"}}]}},"_links":{"self":[{"href":"https:\/\/prefecturadeesmeraldas.gob.ec\/index.php\/wp-json\/wp\/v2\/posts\/28858","targetHints":{"allow":["GET"]}}],"collection":[{"href":"https:\/\/prefecturadeesmeraldas.gob.ec\/index.php\/wp-json\/wp\/v2\/posts"}],"about":[{"href":"https:\/\/prefecturadeesmeraldas.gob.ec\/index.php\/wp-json\/wp\/v2\/types\/post"}],"author":[{"embeddable":true,"href":"https:\/\/prefecturadeesmeraldas.gob.ec\/index.php\/wp-json\/wp\/v2\/users\/2"}],"replies":[{"embeddable":true,"href":"https:\/\/prefecturadeesmeraldas.gob.ec\/index.php\/wp-json\/wp\/v2\/comments?post=28858"}],"version-history":[{"count":4,"href":"https:\/\/prefecturadeesmeraldas.gob.ec\/index.php\/wp-json\/wp\/v2\/posts\/28858\/revisions"}],"predecessor-version":[{"id":28863,"href":"https:\/\/prefecturadeesmeraldas.gob.ec\/index.php\/wp-json\/wp\/v2\/posts\/28858\/revisions\/28863"}],"wp:featuredmedia":[{"embeddable":true,"href":"https:\/\/prefecturadeesmeraldas.gob.ec\/index.php\/wp-json\/wp\/v2\/media\/28860"}],"wp:attachment":[{"href":"https:\/\/prefecturadeesmeraldas.gob.ec\/index.php\/wp-json\/wp\/v2\/media?parent=28858"}],"wp:term":[{"taxonomy":"category","embeddable":true,"href":"https:\/\/prefecturadeesmeraldas.gob.ec\/index.php\/wp-json\/wp\/v2\/categories?post=28858"},{"taxonomy":"post_tag","embeddable":true,"href":"https:\/\/prefecturadeesmeraldas.gob.ec\/index.php\/wp-json\/wp\/v2\/tags?post=28858"}],"curies":[{"name":"wp","href":"https:\/\/api.w.org\/{rel}","templated":true}]}}