{"id":28600,"date":"2024-12-27T11:39:25","date_gmt":"2024-12-27T16:39:25","guid":{"rendered":"https:\/\/prefecturadeesmeraldas.gob.ec\/?p=28600"},"modified":"2024-12-27T11:41:40","modified_gmt":"2024-12-27T16:41:40","slug":"prefectura-de-esmeraldas-cumple-con-la-ejecucion-del-puente-sobre-el-rio-majua","status":"publish","type":"post","link":"https:\/\/prefecturadeesmeraldas.gob.ec\/index.php\/2024\/12\/27\/prefectura-de-esmeraldas-cumple-con-la-ejecucion-del-puente-sobre-el-rio-majua\/","title":{"rendered":"Prefectura de Esmeraldas cumple con la ejecuci\u00f3n del puente sobre el r\u00edo Majua."},"content":{"rendered":"\t\t<div data-elementor-type=\"wp-post\" data-elementor-id=\"28600\" class=\"elementor elementor-28600\">\n\t\t\t\t<div class=\"elementor-element elementor-element-1e2fb90 e-flex e-con-boxed e-con e-parent\" data-id=\"1e2fb90\" data-element_type=\"container\">\n\t\t\t\t\t<div class=\"e-con-inner\">\n\t\t\t\t<div class=\"elementor-element elementor-element-953fcc4 elementor-widget elementor-widget-image\" data-id=\"953fcc4\" data-element_type=\"widget\" data-widget_type=\"image.default\">\n\t\t\t\t<div class=\"elementor-widget-container\">\n\t\t\t\t\t\t\t\t\t\t\t\t\t\t\t<img fetchpriority=\"high\" decoding=\"async\" width=\"1600\" height=\"1600\" src=\"https:\/\/prefecturadeesmeraldas.gob.ec\/wp-content\/uploads\/2024\/12\/WhatsApp-Image-2024-12-24-at-17.21.29.jpeg\" class=\"attachment-large size-large wp-image-28605\" alt=\"\" srcset=\"https:\/\/prefecturadeesmeraldas.gob.ec\/wp-content\/uploads\/2024\/12\/WhatsApp-Image-2024-12-24-at-17.21.29.jpeg 1600w, https:\/\/prefecturadeesmeraldas.gob.ec\/wp-content\/uploads\/2024\/12\/WhatsApp-Image-2024-12-24-at-17.21.29-300x300.jpeg 300w, https:\/\/prefecturadeesmeraldas.gob.ec\/wp-content\/uploads\/2024\/12\/WhatsApp-Image-2024-12-24-at-17.21.29-150x150.jpeg 150w, https:\/\/prefecturadeesmeraldas.gob.ec\/wp-content\/uploads\/2024\/12\/WhatsApp-Image-2024-12-24-at-17.21.29-768x768.jpeg 768w, https:\/\/prefecturadeesmeraldas.gob.ec\/wp-content\/uploads\/2024\/12\/WhatsApp-Image-2024-12-24-at-17.21.29-1536x1536.jpeg 1536w, https:\/\/prefecturadeesmeraldas.gob.ec\/wp-content\/uploads\/2024\/12\/WhatsApp-Image-2024-12-24-at-17.21.29-440x440.jpeg 440w, https:\/\/prefecturadeesmeraldas.gob.ec\/wp-content\/uploads\/2024\/12\/WhatsApp-Image-2024-12-24-at-17.21.29-180x180.jpeg 180w, https:\/\/prefecturadeesmeraldas.gob.ec\/wp-content\/uploads\/2024\/12\/WhatsApp-Image-2024-12-24-at-17.21.29-120x120.jpeg 120w\" sizes=\"(max-width: 1600px) 100vw, 1600px\" \/>\t\t\t\t\t\t\t\t\t\t\t\t\t\t\t<\/div>\n\t\t\t\t<\/div>\n\t\t\t\t\t<\/div>\n\t\t\t\t<\/div>\n\t\t<div class=\"elementor-element elementor-element-5e4a53f e-flex e-con-boxed e-con e-parent\" data-id=\"5e4a53f\" data-element_type=\"container\">\n\t\t\t\t\t<div class=\"e-con-inner\">\n\t\t\t\t<div class=\"elementor-element elementor-element-780e37e elementor-widget elementor-widget-text-editor\" data-id=\"780e37e\" data-element_type=\"widget\" data-widget_type=\"text-editor.default\">\n\t\t\t\t<div class=\"elementor-widget-container\">\n\t\t\t\t\t\t\t\t\t<p>La Prefectura de Esmeraldas con financiamiento con el Banco de Desarrollo del Ecuador, avanza en la construcci\u00f3n del puente sobre el R\u00edo Majua, jurisdicci\u00f3n del cant\u00f3n Esmeraldas.<\/p><p>Esta obra cuenta con una longitud de 50 metros y capacidad para 48 toneladas. Adem\u00e1s, el puente cuenta con vigas met\u00e1licas y una estructura a base de hormig\u00f3n armado.<\/p><p><strong>\u00a0<\/strong>\u201cGracias a la prefecta, Roberta Zambrano, tenemos bienestar, reactivamos la econ\u00f3mica y fortalecemos nuestra productividad\u201d, explic\u00f3 el agricultor, Abel Cevallos.<\/p><p>Adem\u00e1s, Jimmy Alc\u00edvar, vocal del Gad Parroquial de Majua, indic\u00f3 que las familias de los sectores beneficiados se encuentran muy felices porque luego de d\u00e9cadas de abandono, al fin se cristaliza esta majestuosa obra, resaltando que, la Prefectura de Esmeraldas s\u00ed cumple con las comunidades rurales.<\/p>\t\t\t\t\t\t\t\t<\/div>\n\t\t\t\t<\/div>\n\t\t\t\t\t<\/div>\n\t\t\t\t<\/div>\n\t\t\t\t<\/div>\n\t\t","protected":false},"excerpt":{"rendered":"<p>La Prefectura de Esmeraldas con financiamiento con el Banco de Desarrollo del Ecuador, avanza en la construcci\u00f3n del puente sobre el R\u00edo Majua, jurisdicci\u00f3n del cant\u00f3n Esmeraldas. Esta obra cuenta con una longitud de 50 metros y capacidad para 48 toneladas. Adem\u00e1s, el puente cuenta con vigas met\u00e1licas y una estructura a base de hormig\u00f3n [&hellip;]<\/p>\n","protected":false},"author":2,"featured_media":28605,"comment_status":"closed","ping_status":"open","sticky":false,"template":"","format":"standard","meta":{"footnotes":""},"categories":[14],"tags":[],"class_list":["post-28600","post","type-post","status-publish","format-standard","has-post-thumbnail","hentry","category-vialidad"],"yoast_head":"<!-- This site is optimized with the Yoast SEO plugin v25.7 - https:\/\/yoast.com\/wordpress\/plugins\/seo\/ -->\n<title>Prefectura de Esmeraldas cumple con la ejecuci\u00f3n del puente sobre el r\u00edo Majua. - Gobierno Aut\u00f3nomo Descentralizado de la Provincia de Esmeraldas<\/title>\n<meta name=\"robots\" content=\"index, follow, max-snippet:-1, max-image-preview:large, max-video-preview:-1\" \/>\n<link rel=\"canonical\" href=\"https:\/\/prefecturadeesmeraldas.gob.ec\/index.php\/2024\/12\/27\/prefectura-de-esmeraldas-cumple-con-la-ejecucion-del-puente-sobre-el-rio-majua\/\" \/>\n<meta property=\"og:locale\" content=\"es_ES\" \/>\n<meta property=\"og:type\" content=\"article\" \/>\n<meta property=\"og:title\" content=\"Prefectura de Esmeraldas cumple con la ejecuci\u00f3n del puente sobre el r\u00edo Majua. - Gobierno Aut\u00f3nomo Descentralizado de la Provincia de Esmeraldas\" \/>\n<meta property=\"og:description\" content=\"La Prefectura de Esmeraldas con financiamiento con el Banco de Desarrollo del Ecuador, avanza en la construcci\u00f3n del puente sobre el R\u00edo Majua, jurisdicci\u00f3n del cant\u00f3n Esmeraldas. Esta obra cuenta con una longitud de 50 metros y capacidad para 48 toneladas. Adem\u00e1s, el puente cuenta con vigas met\u00e1licas y una estructura a base de hormig\u00f3n [&hellip;]\" \/>\n<meta property=\"og:url\" content=\"https:\/\/prefecturadeesmeraldas.gob.ec\/index.php\/2024\/12\/27\/prefectura-de-esmeraldas-cumple-con-la-ejecucion-del-puente-sobre-el-rio-majua\/\" \/>\n<meta property=\"og:site_name\" content=\"Gobierno Aut\u00f3nomo Descentralizado de la Provincia de Esmeraldas\" \/>\n<meta property=\"article:publisher\" content=\"https:\/\/www.facebook.com\/PrefecturaEsmeraldas\/\" \/>\n<meta property=\"article:published_time\" content=\"2024-12-27T16:39:25+00:00\" \/>\n<meta property=\"article:modified_time\" content=\"2024-12-27T16:41:40+00:00\" \/>\n<meta property=\"og:image\" content=\"https:\/\/prefecturadeesmeraldas.gob.ec\/wp-content\/uploads\/2024\/12\/WhatsApp-Image-2024-12-24-at-17.21.29.jpeg\" \/>\n\t<meta property=\"og:image:width\" content=\"1600\" \/>\n\t<meta property=\"og:image:height\" content=\"1600\" \/>\n\t<meta property=\"og:image:type\" content=\"image\/jpeg\" \/>\n<meta name=\"author\" content=\"Direcci\u00f3n de Comunicaci\u00f3n\" \/>\n<meta name=\"twitter:card\" content=\"summary_large_image\" \/>\n<meta name=\"twitter:label1\" content=\"Escrito por\" \/>\n\t<meta name=\"twitter:data1\" content=\"Direcci\u00f3n de Comunicaci\u00f3n\" \/>\n\t<meta name=\"twitter:label2\" content=\"Tiempo de lectura\" \/>\n\t<meta name=\"twitter:data2\" content=\"1 minuto\" \/>\n<script type=\"application\/ld+json\" class=\"yoast-schema-graph\">{\"@context\":\"https:\/\/schema.org\",\"@graph\":[{\"@type\":\"Article\",\"@id\":\"https:\/\/prefecturadeesmeraldas.gob.ec\/index.php\/2024\/12\/27\/prefectura-de-esmeraldas-cumple-con-la-ejecucion-del-puente-sobre-el-rio-majua\/#article\",\"isPartOf\":{\"@id\":\"https:\/\/prefecturadeesmeraldas.gob.ec\/index.php\/2024\/12\/27\/prefectura-de-esmeraldas-cumple-con-la-ejecucion-del-puente-sobre-el-rio-majua\/\"},\"author\":{\"name\":\"Direcci\u00f3n de Comunicaci\u00f3n\",\"@id\":\"https:\/\/prefecturadeesmeraldas.gob.ec\/#\/schema\/person\/b0c9e7b1ead7725994d1e319e8825234\"},\"headline\":\"Prefectura de Esmeraldas cumple con la ejecuci\u00f3n del puente sobre el r\u00edo Majua.\",\"datePublished\":\"2024-12-27T16:39:25+00:00\",\"dateModified\":\"2024-12-27T16:41:40+00:00\",\"mainEntityOfPage\":{\"@id\":\"https:\/\/prefecturadeesmeraldas.gob.ec\/index.php\/2024\/12\/27\/prefectura-de-esmeraldas-cumple-con-la-ejecucion-del-puente-sobre-el-rio-majua\/\"},\"wordCount\":146,\"publisher\":{\"@id\":\"https:\/\/prefecturadeesmeraldas.gob.ec\/#organization\"},\"image\":{\"@id\":\"https:\/\/prefecturadeesmeraldas.gob.ec\/index.php\/2024\/12\/27\/prefectura-de-esmeraldas-cumple-con-la-ejecucion-del-puente-sobre-el-rio-majua\/#primaryimage\"},\"thumbnailUrl\":\"https:\/\/prefecturadeesmeraldas.gob.ec\/wp-content\/uploads\/2024\/12\/WhatsApp-Image-2024-12-24-at-17.21.29.jpeg\",\"articleSection\":[\"Vialidad\"],\"inLanguage\":\"es\"},{\"@type\":\"WebPage\",\"@id\":\"https:\/\/prefecturadeesmeraldas.gob.ec\/index.php\/2024\/12\/27\/prefectura-de-esmeraldas-cumple-con-la-ejecucion-del-puente-sobre-el-rio-majua\/\",\"url\":\"https:\/\/prefecturadeesmeraldas.gob.ec\/index.php\/2024\/12\/27\/prefectura-de-esmeraldas-cumple-con-la-ejecucion-del-puente-sobre-el-rio-majua\/\",\"name\":\"Prefectura de Esmeraldas cumple con la ejecuci\u00f3n del puente sobre el r\u00edo Majua. - Gobierno Aut\u00f3nomo Descentralizado de la Provincia de Esmeraldas\",\"isPartOf\":{\"@id\":\"https:\/\/prefecturadeesmeraldas.gob.ec\/#website\"},\"primaryImageOfPage\":{\"@id\":\"https:\/\/prefecturadeesmeraldas.gob.ec\/index.php\/2024\/12\/27\/prefectura-de-esmeraldas-cumple-con-la-ejecucion-del-puente-sobre-el-rio-majua\/#primaryimage\"},\"image\":{\"@id\":\"https:\/\/prefecturadeesmeraldas.gob.ec\/index.php\/2024\/12\/27\/prefectura-de-esmeraldas-cumple-con-la-ejecucion-del-puente-sobre-el-rio-majua\/#primaryimage\"},\"thumbnailUrl\":\"https:\/\/prefecturadeesmeraldas.gob.ec\/wp-content\/uploads\/2024\/12\/WhatsApp-Image-2024-12-24-at-17.21.29.jpeg\",\"datePublished\":\"2024-12-27T16:39:25+00:00\",\"dateModified\":\"2024-12-27T16:41:40+00:00\",\"breadcrumb\":{\"@id\":\"https:\/\/prefecturadeesmeraldas.gob.ec\/index.php\/2024\/12\/27\/prefectura-de-esmeraldas-cumple-con-la-ejecucion-del-puente-sobre-el-rio-majua\/#breadcrumb\"},\"inLanguage\":\"es\",\"potentialAction\":[{\"@type\":\"ReadAction\",\"target\":[\"https:\/\/prefecturadeesmeraldas.gob.ec\/index.php\/2024\/12\/27\/prefectura-de-esmeraldas-cumple-con-la-ejecucion-del-puente-sobre-el-rio-majua\/\"]}]},{\"@type\":\"ImageObject\",\"inLanguage\":\"es\",\"@id\":\"https:\/\/prefecturadeesmeraldas.gob.ec\/index.php\/2024\/12\/27\/prefectura-de-esmeraldas-cumple-con-la-ejecucion-del-puente-sobre-el-rio-majua\/#primaryimage\",\"url\":\"https:\/\/prefecturadeesmeraldas.gob.ec\/wp-content\/uploads\/2024\/12\/WhatsApp-Image-2024-12-24-at-17.21.29.jpeg\",\"contentUrl\":\"https:\/\/prefecturadeesmeraldas.gob.ec\/wp-content\/uploads\/2024\/12\/WhatsApp-Image-2024-12-24-at-17.21.29.jpeg\",\"width\":1600,\"height\":1600},{\"@type\":\"BreadcrumbList\",\"@id\":\"https:\/\/prefecturadeesmeraldas.gob.ec\/index.php\/2024\/12\/27\/prefectura-de-esmeraldas-cumple-con-la-ejecucion-del-puente-sobre-el-rio-majua\/#breadcrumb\",\"itemListElement\":[{\"@type\":\"ListItem\",\"position\":1,\"name\":\"Home\",\"item\":\"https:\/\/prefecturadeesmeraldas.gob.ec\/\"},{\"@type\":\"ListItem\",\"position\":2,\"name\":\"Prefectura de Esmeraldas cumple con la ejecuci\u00f3n del puente sobre el r\u00edo Majua.\"}]},{\"@type\":\"WebSite\",\"@id\":\"https:\/\/prefecturadeesmeraldas.gob.ec\/#website\",\"url\":\"https:\/\/prefecturadeesmeraldas.gob.ec\/\",\"name\":\"Gobierno Aut\u00f3nomo Descentralizado de la Provincia de Esmeraldas\",\"description\":\"Gobierno Aut\u00f3nomo Descentralizado de la Provincia de Esmeraldas\",\"publisher\":{\"@id\":\"https:\/\/prefecturadeesmeraldas.gob.ec\/#organization\"},\"potentialAction\":[{\"@type\":\"SearchAction\",\"target\":{\"@type\":\"EntryPoint\",\"urlTemplate\":\"https:\/\/prefecturadeesmeraldas.gob.ec\/?s={search_term_string}\"},\"query-input\":{\"@type\":\"PropertyValueSpecification\",\"valueRequired\":true,\"valueName\":\"search_term_string\"}}],\"inLanguage\":\"es\"},{\"@type\":\"Organization\",\"@id\":\"https:\/\/prefecturadeesmeraldas.gob.ec\/#organization\",\"name\":\"Gobierno Aut\u00f3nomo Descentralizado de la Provincia de Esmeraldas\",\"url\":\"https:\/\/prefecturadeesmeraldas.gob.ec\/\",\"logo\":{\"@type\":\"ImageObject\",\"inLanguage\":\"es\",\"@id\":\"https:\/\/prefecturadeesmeraldas.gob.ec\/#\/schema\/logo\/image\/\",\"url\":\"https:\/\/prefecturadeesmeraldas.gob.ec\/wp-content\/uploads\/2019\/06\/logo.png\",\"contentUrl\":\"https:\/\/prefecturadeesmeraldas.gob.ec\/wp-content\/uploads\/2019\/06\/logo.png\",\"width\":859,\"height\":448,\"caption\":\"Gobierno Aut\u00f3nomo Descentralizado de la Provincia de Esmeraldas\"},\"image\":{\"@id\":\"https:\/\/prefecturadeesmeraldas.gob.ec\/#\/schema\/logo\/image\/\"},\"sameAs\":[\"https:\/\/www.facebook.com\/PrefecturaEsmeraldas\/\"]},{\"@type\":\"Person\",\"@id\":\"https:\/\/prefecturadeesmeraldas.gob.ec\/#\/schema\/person\/b0c9e7b1ead7725994d1e319e8825234\",\"name\":\"Direcci\u00f3n de Comunicaci\u00f3n\",\"image\":{\"@type\":\"ImageObject\",\"inLanguage\":\"es\",\"@id\":\"https:\/\/prefecturadeesmeraldas.gob.ec\/#\/schema\/person\/image\/\",\"url\":\"https:\/\/secure.gravatar.com\/avatar\/74a3870a946f5d774ade3569af61a72308e07ad3346f370c4b468ee2a9858658?s=96&d=mm&r=g\",\"contentUrl\":\"https:\/\/secure.gravatar.com\/avatar\/74a3870a946f5d774ade3569af61a72308e07ad3346f370c4b468ee2a9858658?s=96&d=mm&r=g\",\"caption\":\"Direcci\u00f3n de Comunicaci\u00f3n\"}}]}<\/script>\n<!-- \/ Yoast SEO plugin. -->","yoast_head_json":{"title":"Prefectura de Esmeraldas cumple con la ejecuci\u00f3n del puente sobre el r\u00edo Majua. - Gobierno Aut\u00f3nomo Descentralizado de la Provincia de Esmeraldas","robots":{"index":"index","follow":"follow","max-snippet":"max-snippet:-1","max-image-preview":"max-image-preview:large","max-video-preview":"max-video-preview:-1"},"canonical":"https:\/\/prefecturadeesmeraldas.gob.ec\/index.php\/2024\/12\/27\/prefectura-de-esmeraldas-cumple-con-la-ejecucion-del-puente-sobre-el-rio-majua\/","og_locale":"es_ES","og_type":"article","og_title":"Prefectura de Esmeraldas cumple con la ejecuci\u00f3n del puente sobre el r\u00edo Majua. - Gobierno Aut\u00f3nomo Descentralizado de la Provincia de Esmeraldas","og_description":"La Prefectura de Esmeraldas con financiamiento con el Banco de Desarrollo del Ecuador, avanza en la construcci\u00f3n del puente sobre el R\u00edo Majua, jurisdicci\u00f3n del cant\u00f3n Esmeraldas. Esta obra cuenta con una longitud de 50 metros y capacidad para 48 toneladas. Adem\u00e1s, el puente cuenta con vigas met\u00e1licas y una estructura a base de hormig\u00f3n [&hellip;]","og_url":"https:\/\/prefecturadeesmeraldas.gob.ec\/index.php\/2024\/12\/27\/prefectura-de-esmeraldas-cumple-con-la-ejecucion-del-puente-sobre-el-rio-majua\/","og_site_name":"Gobierno Aut\u00f3nomo Descentralizado de la Provincia de Esmeraldas","article_publisher":"https:\/\/www.facebook.com\/PrefecturaEsmeraldas\/","article_published_time":"2024-12-27T16:39:25+00:00","article_modified_time":"2024-12-27T16:41:40+00:00","og_image":[{"width":1600,"height":1600,"url":"https:\/\/prefecturadeesmeraldas.gob.ec\/wp-content\/uploads\/2024\/12\/WhatsApp-Image-2024-12-24-at-17.21.29.jpeg","type":"image\/jpeg"}],"author":"Direcci\u00f3n de Comunicaci\u00f3n","twitter_card":"summary_large_image","twitter_misc":{"Escrito por":"Direcci\u00f3n de Comunicaci\u00f3n","Tiempo de lectura":"1 minuto"},"schema":{"@context":"https:\/\/schema.org","@graph":[{"@type":"Article","@id":"https:\/\/prefecturadeesmeraldas.gob.ec\/index.php\/2024\/12\/27\/prefectura-de-esmeraldas-cumple-con-la-ejecucion-del-puente-sobre-el-rio-majua\/#article","isPartOf":{"@id":"https:\/\/prefecturadeesmeraldas.gob.ec\/index.php\/2024\/12\/27\/prefectura-de-esmeraldas-cumple-con-la-ejecucion-del-puente-sobre-el-rio-majua\/"},"author":{"name":"Direcci\u00f3n de Comunicaci\u00f3n","@id":"https:\/\/prefecturadeesmeraldas.gob.ec\/#\/schema\/person\/b0c9e7b1ead7725994d1e319e8825234"},"headline":"Prefectura de Esmeraldas cumple con la ejecuci\u00f3n del puente sobre el r\u00edo Majua.","datePublished":"2024-12-27T16:39:25+00:00","dateModified":"2024-12-27T16:41:40+00:00","mainEntityOfPage":{"@id":"https:\/\/prefecturadeesmeraldas.gob.ec\/index.php\/2024\/12\/27\/prefectura-de-esmeraldas-cumple-con-la-ejecucion-del-puente-sobre-el-rio-majua\/"},"wordCount":146,"publisher":{"@id":"https:\/\/prefecturadeesmeraldas.gob.ec\/#organization"},"image":{"@id":"https:\/\/prefecturadeesmeraldas.gob.ec\/index.php\/2024\/12\/27\/prefectura-de-esmeraldas-cumple-con-la-ejecucion-del-puente-sobre-el-rio-majua\/#primaryimage"},"thumbnailUrl":"https:\/\/prefecturadeesmeraldas.gob.ec\/wp-content\/uploads\/2024\/12\/WhatsApp-Image-2024-12-24-at-17.21.29.jpeg","articleSection":["Vialidad"],"inLanguage":"es"},{"@type":"WebPage","@id":"https:\/\/prefecturadeesmeraldas.gob.ec\/index.php\/2024\/12\/27\/prefectura-de-esmeraldas-cumple-con-la-ejecucion-del-puente-sobre-el-rio-majua\/","url":"https:\/\/prefecturadeesmeraldas.gob.ec\/index.php\/2024\/12\/27\/prefectura-de-esmeraldas-cumple-con-la-ejecucion-del-puente-sobre-el-rio-majua\/","name":"Prefectura de Esmeraldas cumple con la ejecuci\u00f3n del puente sobre el r\u00edo Majua. - Gobierno Aut\u00f3nomo Descentralizado de la Provincia de Esmeraldas","isPartOf":{"@id":"https:\/\/prefecturadeesmeraldas.gob.ec\/#website"},"primaryImageOfPage":{"@id":"https:\/\/prefecturadeesmeraldas.gob.ec\/index.php\/2024\/12\/27\/prefectura-de-esmeraldas-cumple-con-la-ejecucion-del-puente-sobre-el-rio-majua\/#primaryimage"},"image":{"@id":"https:\/\/prefecturadeesmeraldas.gob.ec\/index.php\/2024\/12\/27\/prefectura-de-esmeraldas-cumple-con-la-ejecucion-del-puente-sobre-el-rio-majua\/#primaryimage"},"thumbnailUrl":"https:\/\/prefecturadeesmeraldas.gob.ec\/wp-content\/uploads\/2024\/12\/WhatsApp-Image-2024-12-24-at-17.21.29.jpeg","datePublished":"2024-12-27T16:39:25+00:00","dateModified":"2024-12-27T16:41:40+00:00","breadcrumb":{"@id":"https:\/\/prefecturadeesmeraldas.gob.ec\/index.php\/2024\/12\/27\/prefectura-de-esmeraldas-cumple-con-la-ejecucion-del-puente-sobre-el-rio-majua\/#breadcrumb"},"inLanguage":"es","potentialAction":[{"@type":"ReadAction","target":["https:\/\/prefecturadeesmeraldas.gob.ec\/index.php\/2024\/12\/27\/prefectura-de-esmeraldas-cumple-con-la-ejecucion-del-puente-sobre-el-rio-majua\/"]}]},{"@type":"ImageObject","inLanguage":"es","@id":"https:\/\/prefecturadeesmeraldas.gob.ec\/index.php\/2024\/12\/27\/prefectura-de-esmeraldas-cumple-con-la-ejecucion-del-puente-sobre-el-rio-majua\/#primaryimage","url":"https:\/\/prefecturadeesmeraldas.gob.ec\/wp-content\/uploads\/2024\/12\/WhatsApp-Image-2024-12-24-at-17.21.29.jpeg","contentUrl":"https:\/\/prefecturadeesmeraldas.gob.ec\/wp-content\/uploads\/2024\/12\/WhatsApp-Image-2024-12-24-at-17.21.29.jpeg","width":1600,"height":1600},{"@type":"BreadcrumbList","@id":"https:\/\/prefecturadeesmeraldas.gob.ec\/index.php\/2024\/12\/27\/prefectura-de-esmeraldas-cumple-con-la-ejecucion-del-puente-sobre-el-rio-majua\/#breadcrumb","itemListElement":[{"@type":"ListItem","position":1,"name":"Home","item":"https:\/\/prefecturadeesmeraldas.gob.ec\/"},{"@type":"ListItem","position":2,"name":"Prefectura de Esmeraldas cumple con la ejecuci\u00f3n del puente sobre el r\u00edo Majua."}]},{"@type":"WebSite","@id":"https:\/\/prefecturadeesmeraldas.gob.ec\/#website","url":"https:\/\/prefecturadeesmeraldas.gob.ec\/","name":"Gobierno Aut\u00f3nomo Descentralizado de la Provincia de Esmeraldas","description":"Gobierno Aut\u00f3nomo Descentralizado de la Provincia de Esmeraldas","publisher":{"@id":"https:\/\/prefecturadeesmeraldas.gob.ec\/#organization"},"potentialAction":[{"@type":"SearchAction","target":{"@type":"EntryPoint","urlTemplate":"https:\/\/prefecturadeesmeraldas.gob.ec\/?s={search_term_string}"},"query-input":{"@type":"PropertyValueSpecification","valueRequired":true,"valueName":"search_term_string"}}],"inLanguage":"es"},{"@type":"Organization","@id":"https:\/\/prefecturadeesmeraldas.gob.ec\/#organization","name":"Gobierno Aut\u00f3nomo Descentralizado de la Provincia de Esmeraldas","url":"https:\/\/prefecturadeesmeraldas.gob.ec\/","logo":{"@type":"ImageObject","inLanguage":"es","@id":"https:\/\/prefecturadeesmeraldas.gob.ec\/#\/schema\/logo\/image\/","url":"https:\/\/prefecturadeesmeraldas.gob.ec\/wp-content\/uploads\/2019\/06\/logo.png","contentUrl":"https:\/\/prefecturadeesmeraldas.gob.ec\/wp-content\/uploads\/2019\/06\/logo.png","width":859,"height":448,"caption":"Gobierno Aut\u00f3nomo Descentralizado de la Provincia de Esmeraldas"},"image":{"@id":"https:\/\/prefecturadeesmeraldas.gob.ec\/#\/schema\/logo\/image\/"},"sameAs":["https:\/\/www.facebook.com\/PrefecturaEsmeraldas\/"]},{"@type":"Person","@id":"https:\/\/prefecturadeesmeraldas.gob.ec\/#\/schema\/person\/b0c9e7b1ead7725994d1e319e8825234","name":"Direcci\u00f3n de Comunicaci\u00f3n","image":{"@type":"ImageObject","inLanguage":"es","@id":"https:\/\/prefecturadeesmeraldas.gob.ec\/#\/schema\/person\/image\/","url":"https:\/\/secure.gravatar.com\/avatar\/74a3870a946f5d774ade3569af61a72308e07ad3346f370c4b468ee2a9858658?s=96&d=mm&r=g","contentUrl":"https:\/\/secure.gravatar.com\/avatar\/74a3870a946f5d774ade3569af61a72308e07ad3346f370c4b468ee2a9858658?s=96&d=mm&r=g","caption":"Direcci\u00f3n de Comunicaci\u00f3n"}}]}},"_links":{"self":[{"href":"https:\/\/prefecturadeesmeraldas.gob.ec\/index.php\/wp-json\/wp\/v2\/posts\/28600","targetHints":{"allow":["GET"]}}],"collection":[{"href":"https:\/\/prefecturadeesmeraldas.gob.ec\/index.php\/wp-json\/wp\/v2\/posts"}],"about":[{"href":"https:\/\/prefecturadeesmeraldas.gob.ec\/index.php\/wp-json\/wp\/v2\/types\/post"}],"author":[{"embeddable":true,"href":"https:\/\/prefecturadeesmeraldas.gob.ec\/index.php\/wp-json\/wp\/v2\/users\/2"}],"replies":[{"embeddable":true,"href":"https:\/\/prefecturadeesmeraldas.gob.ec\/index.php\/wp-json\/wp\/v2\/comments?post=28600"}],"version-history":[{"count":4,"href":"https:\/\/prefecturadeesmeraldas.gob.ec\/index.php\/wp-json\/wp\/v2\/posts\/28600\/revisions"}],"predecessor-version":[{"id":28608,"href":"https:\/\/prefecturadeesmeraldas.gob.ec\/index.php\/wp-json\/wp\/v2\/posts\/28600\/revisions\/28608"}],"wp:featuredmedia":[{"embeddable":true,"href":"https:\/\/prefecturadeesmeraldas.gob.ec\/index.php\/wp-json\/wp\/v2\/media\/28605"}],"wp:attachment":[{"href":"https:\/\/prefecturadeesmeraldas.gob.ec\/index.php\/wp-json\/wp\/v2\/media?parent=28600"}],"wp:term":[{"taxonomy":"category","embeddable":true,"href":"https:\/\/prefecturadeesmeraldas.gob.ec\/index.php\/wp-json\/wp\/v2\/categories?post=28600"},{"taxonomy":"post_tag","embeddable":true,"href":"https:\/\/prefecturadeesmeraldas.gob.ec\/index.php\/wp-json\/wp\/v2\/tags?post=28600"}],"curies":[{"name":"wp","href":"https:\/\/api.w.org\/{rel}","templated":true}]}}