{"id":2857,"date":"2020-01-22T15:55:16","date_gmt":"2020-01-22T20:55:16","guid":{"rendered":"http:\/\/prefecturadeesmeraldas.gob.ec\/?p=2857"},"modified":"2020-01-22T15:55:53","modified_gmt":"2020-01-22T20:55:53","slug":"unamydesc-refuerza-atencion-medica-preventiva-por-temporada-invernal","status":"publish","type":"post","link":"https:\/\/prefecturadeesmeraldas.gob.ec\/index.php\/2020\/01\/22\/unamydesc-refuerza-atencion-medica-preventiva-por-temporada-invernal\/","title":{"rendered":"UNAMYDESC refuerza atenci\u00f3n m\u00e9dica preventiva por temporada invernal"},"content":{"rendered":"\t\t<div data-elementor-type=\"wp-post\" data-elementor-id=\"2857\" class=\"elementor elementor-2857\">\n\t\t\t\t\t\t<section class=\"elementor-section elementor-top-section elementor-element elementor-element-f675094 elementor-section-boxed elementor-section-height-default elementor-section-height-default\" data-id=\"f675094\" data-element_type=\"section\">\n\t\t\t\t\t\t<div class=\"elementor-container elementor-column-gap-default\">\n\t\t\t\t\t<div class=\"elementor-column elementor-col-100 elementor-top-column elementor-element elementor-element-b91056a\" data-id=\"b91056a\" data-element_type=\"column\">\n\t\t\t<div class=\"elementor-widget-wrap elementor-element-populated\">\n\t\t\t\t\t\t<div class=\"elementor-element elementor-element-1329bab elementor-widget elementor-widget-image\" data-id=\"1329bab\" data-element_type=\"widget\" data-widget_type=\"image.default\">\n\t\t\t\t<div class=\"elementor-widget-container\">\n\t\t\t\t\t\t\t\t\t\t\t\t\t\t\t<img fetchpriority=\"high\" decoding=\"async\" width=\"1024\" height=\"584\" src=\"https:\/\/prefecturadeesmeraldas.gob.ec\/wp-content\/uploads\/2020\/01\/BOLETIN70-1024x584.jpg\" class=\"attachment-large size-large wp-image-2851\" alt=\"\" srcset=\"https:\/\/prefecturadeesmeraldas.gob.ec\/wp-content\/uploads\/2020\/01\/BOLETIN70-1024x584.jpg 1024w, https:\/\/prefecturadeesmeraldas.gob.ec\/wp-content\/uploads\/2020\/01\/BOLETIN70-1080x616.jpg 1080w, https:\/\/prefecturadeesmeraldas.gob.ec\/wp-content\/uploads\/2020\/01\/BOLETIN70-300x171.jpg 300w, https:\/\/prefecturadeesmeraldas.gob.ec\/wp-content\/uploads\/2020\/01\/BOLETIN70-768x438.jpg 768w, https:\/\/prefecturadeesmeraldas.gob.ec\/wp-content\/uploads\/2020\/01\/BOLETIN70.jpg 1299w\" sizes=\"(max-width: 1024px) 100vw, 1024px\" \/>\t\t\t\t\t\t\t\t\t\t\t\t\t\t\t<\/div>\n\t\t\t\t<\/div>\n\t\t\t\t\t<\/div>\n\t\t<\/div>\n\t\t\t\t\t<\/div>\n\t\t<\/section>\n\t\t\t\t<section class=\"elementor-section elementor-top-section elementor-element elementor-element-9de0c69 elementor-section-boxed elementor-section-height-default elementor-section-height-default\" data-id=\"9de0c69\" data-element_type=\"section\">\n\t\t\t\t\t\t<div class=\"elementor-container elementor-column-gap-default\">\n\t\t\t\t\t<div class=\"elementor-column elementor-col-100 elementor-top-column elementor-element elementor-element-65884d6\" data-id=\"65884d6\" data-element_type=\"column\">\n\t\t\t<div class=\"elementor-widget-wrap elementor-element-populated\">\n\t\t\t\t\t\t<div class=\"elementor-element elementor-element-6cffbfc elementor-widget elementor-widget-text-editor\" data-id=\"6cffbfc\" data-element_type=\"widget\" data-widget_type=\"text-editor.default\">\n\t\t\t\t<div class=\"elementor-widget-container\">\n\t\t\t\t\t\t\t\t\t<p>Con la temporada invernal empiezan a registrarse los primeros brotes de enfermedades respiratorias en la ni\u00f1ez esmeralde\u00f1a, las mismas, que est\u00e1n siendo atendidas de manera oportuna en el Centro de Especialidades de <strong>UNAMYDESC<\/strong> de la Prefectura de Esmeraldas.<\/p><p><\/p><p>El galeno del Centro de Especialidades, <strong>Segundo Salas Guzm\u00e1n<\/strong>, refiri\u00f3 que en esta \u00e9poca se presentan constantemente enfermedades en los ni\u00f1os como: <strong>Gripe o influenza, faringitis, amigdalitis, bronquitis, neumon\u00eda o pulmon\u00eda, otitis y bronquiolitis<\/strong>; por lo tanto, las madres deben tomar las respectivas medidas de precauci\u00f3n.<\/p><p><\/p><p><strong>El especialista, Salas Guzm\u00e1n, recomend\u00f3 a los padres que apliquen la vacuna contra la influenza a la ni\u00f1ez<\/strong>, y si se presentara alg\u00fan s\u00edntoma de problemas respiratorios deben acudir al m\u00e9dico, para que \u00e9ste le recete el medicamento correspondiente al paciente, no obstante, agreg\u00f3 que se debe dar vitamina C, y si llegara a tener fiebre, suministrarle paracetamol, con la finalidad de controlar la temperatura en el cuerpo del ni\u00f1o.<\/p><p><\/p><p>Por su parte, las madres de familias, Eliana Quispe, de la calle Malec\u00f3n y 10 de Agosto; y Cindy Ortiz, de la calle Malec\u00f3n y Juan Montalvo; manifestaron que est\u00e1n contentas con la atenci\u00f3n que entrega el m\u00e9dico, por lo que agradecieron a la prefecta, Roberta Zambrano, por estar siempre preocupada por la salud de los esmeralde\u00f1os, augur\u00e1ndole \u00e9xito en su administraci\u00f3n.<\/p>\t\t\t\t\t\t\t\t<\/div>\n\t\t\t\t<\/div>\n\t\t\t\t\t<\/div>\n\t\t<\/div>\n\t\t\t\t\t<\/div>\n\t\t<\/section>\n\t\t\t\t<\/div>\n\t\t","protected":false},"excerpt":{"rendered":"<p>Con la temporada invernal empiezan a registrarse los primeros brotes de enfermedades respiratorias en la ni\u00f1ez esmeralde\u00f1a, las mismas, que est\u00e1n siendo atendidas de manera oportuna en el Centro de Especialidades de UNAMYDESC de la Prefectura de Esmeraldas. El galeno del Centro de Especialidades, Segundo Salas Guzm\u00e1n, refiri\u00f3 que en esta \u00e9poca se presentan constantemente [&hellip;]<\/p>\n","protected":false},"author":2,"featured_media":2851,"comment_status":"closed","ping_status":"open","sticky":false,"template":"","format":"standard","meta":{"footnotes":""},"categories":[13],"tags":[],"class_list":["post-2857","post","type-post","status-publish","format-standard","has-post-thumbnail","hentry","category-patronato"],"yoast_head":"<!-- This site is optimized with the Yoast SEO plugin v25.7 - https:\/\/yoast.com\/wordpress\/plugins\/seo\/ -->\n<title>UNAMYDESC refuerza atenci\u00f3n m\u00e9dica preventiva por temporada invernal - Gobierno Aut\u00f3nomo Descentralizado de la Provincia de Esmeraldas<\/title>\n<meta name=\"robots\" content=\"index, follow, max-snippet:-1, max-image-preview:large, max-video-preview:-1\" \/>\n<link rel=\"canonical\" href=\"https:\/\/prefecturadeesmeraldas.gob.ec\/index.php\/2020\/01\/22\/unamydesc-refuerza-atencion-medica-preventiva-por-temporada-invernal\/\" \/>\n<meta property=\"og:locale\" content=\"es_ES\" \/>\n<meta property=\"og:type\" content=\"article\" \/>\n<meta property=\"og:title\" content=\"UNAMYDESC refuerza atenci\u00f3n m\u00e9dica preventiva por temporada invernal - Gobierno Aut\u00f3nomo Descentralizado de la Provincia de Esmeraldas\" \/>\n<meta property=\"og:description\" content=\"Con la temporada invernal empiezan a registrarse los primeros brotes de enfermedades respiratorias en la ni\u00f1ez esmeralde\u00f1a, las mismas, que est\u00e1n siendo atendidas de manera oportuna en el Centro de Especialidades de UNAMYDESC de la Prefectura de Esmeraldas. El galeno del Centro de Especialidades, Segundo Salas Guzm\u00e1n, refiri\u00f3 que en esta \u00e9poca se presentan constantemente [&hellip;]\" \/>\n<meta property=\"og:url\" content=\"https:\/\/prefecturadeesmeraldas.gob.ec\/index.php\/2020\/01\/22\/unamydesc-refuerza-atencion-medica-preventiva-por-temporada-invernal\/\" \/>\n<meta property=\"og:site_name\" content=\"Gobierno Aut\u00f3nomo Descentralizado de la Provincia de Esmeraldas\" \/>\n<meta property=\"article:publisher\" content=\"https:\/\/www.facebook.com\/PrefecturaEsmeraldas\/\" \/>\n<meta property=\"article:published_time\" content=\"2020-01-22T20:55:16+00:00\" \/>\n<meta property=\"article:modified_time\" content=\"2020-01-22T20:55:53+00:00\" \/>\n<meta property=\"og:image\" content=\"https:\/\/prefecturadeesmeraldas.gob.ec\/wp-content\/uploads\/2020\/01\/BOLETIN70.jpg\" \/>\n\t<meta property=\"og:image:width\" content=\"1299\" \/>\n\t<meta property=\"og:image:height\" content=\"741\" \/>\n\t<meta property=\"og:image:type\" content=\"image\/jpeg\" \/>\n<meta name=\"author\" content=\"Direcci\u00f3n de Comunicaci\u00f3n\" \/>\n<meta name=\"twitter:card\" content=\"summary_large_image\" \/>\n<meta name=\"twitter:label1\" content=\"Escrito por\" \/>\n\t<meta name=\"twitter:data1\" content=\"Direcci\u00f3n de Comunicaci\u00f3n\" \/>\n\t<meta name=\"twitter:label2\" content=\"Tiempo de lectura\" \/>\n\t<meta name=\"twitter:data2\" content=\"1 minuto\" \/>\n<script type=\"application\/ld+json\" class=\"yoast-schema-graph\">{\"@context\":\"https:\/\/schema.org\",\"@graph\":[{\"@type\":\"Article\",\"@id\":\"https:\/\/prefecturadeesmeraldas.gob.ec\/index.php\/2020\/01\/22\/unamydesc-refuerza-atencion-medica-preventiva-por-temporada-invernal\/#article\",\"isPartOf\":{\"@id\":\"https:\/\/prefecturadeesmeraldas.gob.ec\/index.php\/2020\/01\/22\/unamydesc-refuerza-atencion-medica-preventiva-por-temporada-invernal\/\"},\"author\":{\"name\":\"Direcci\u00f3n de Comunicaci\u00f3n\",\"@id\":\"https:\/\/prefecturadeesmeraldas.gob.ec\/#\/schema\/person\/b0c9e7b1ead7725994d1e319e8825234\"},\"headline\":\"UNAMYDESC refuerza atenci\u00f3n m\u00e9dica preventiva por temporada invernal\",\"datePublished\":\"2020-01-22T20:55:16+00:00\",\"dateModified\":\"2020-01-22T20:55:53+00:00\",\"mainEntityOfPage\":{\"@id\":\"https:\/\/prefecturadeesmeraldas.gob.ec\/index.php\/2020\/01\/22\/unamydesc-refuerza-atencion-medica-preventiva-por-temporada-invernal\/\"},\"wordCount\":247,\"publisher\":{\"@id\":\"https:\/\/prefecturadeesmeraldas.gob.ec\/#organization\"},\"image\":{\"@id\":\"https:\/\/prefecturadeesmeraldas.gob.ec\/index.php\/2020\/01\/22\/unamydesc-refuerza-atencion-medica-preventiva-por-temporada-invernal\/#primaryimage\"},\"thumbnailUrl\":\"https:\/\/prefecturadeesmeraldas.gob.ec\/wp-content\/uploads\/2020\/01\/BOLETIN70.jpg\",\"articleSection\":[\"UNAMYDESC\"],\"inLanguage\":\"es\"},{\"@type\":\"WebPage\",\"@id\":\"https:\/\/prefecturadeesmeraldas.gob.ec\/index.php\/2020\/01\/22\/unamydesc-refuerza-atencion-medica-preventiva-por-temporada-invernal\/\",\"url\":\"https:\/\/prefecturadeesmeraldas.gob.ec\/index.php\/2020\/01\/22\/unamydesc-refuerza-atencion-medica-preventiva-por-temporada-invernal\/\",\"name\":\"UNAMYDESC refuerza atenci\u00f3n m\u00e9dica preventiva por temporada invernal - Gobierno Aut\u00f3nomo Descentralizado de la Provincia de Esmeraldas\",\"isPartOf\":{\"@id\":\"https:\/\/prefecturadeesmeraldas.gob.ec\/#website\"},\"primaryImageOfPage\":{\"@id\":\"https:\/\/prefecturadeesmeraldas.gob.ec\/index.php\/2020\/01\/22\/unamydesc-refuerza-atencion-medica-preventiva-por-temporada-invernal\/#primaryimage\"},\"image\":{\"@id\":\"https:\/\/prefecturadeesmeraldas.gob.ec\/index.php\/2020\/01\/22\/unamydesc-refuerza-atencion-medica-preventiva-por-temporada-invernal\/#primaryimage\"},\"thumbnailUrl\":\"https:\/\/prefecturadeesmeraldas.gob.ec\/wp-content\/uploads\/2020\/01\/BOLETIN70.jpg\",\"datePublished\":\"2020-01-22T20:55:16+00:00\",\"dateModified\":\"2020-01-22T20:55:53+00:00\",\"breadcrumb\":{\"@id\":\"https:\/\/prefecturadeesmeraldas.gob.ec\/index.php\/2020\/01\/22\/unamydesc-refuerza-atencion-medica-preventiva-por-temporada-invernal\/#breadcrumb\"},\"inLanguage\":\"es\",\"potentialAction\":[{\"@type\":\"ReadAction\",\"target\":[\"https:\/\/prefecturadeesmeraldas.gob.ec\/index.php\/2020\/01\/22\/unamydesc-refuerza-atencion-medica-preventiva-por-temporada-invernal\/\"]}]},{\"@type\":\"ImageObject\",\"inLanguage\":\"es\",\"@id\":\"https:\/\/prefecturadeesmeraldas.gob.ec\/index.php\/2020\/01\/22\/unamydesc-refuerza-atencion-medica-preventiva-por-temporada-invernal\/#primaryimage\",\"url\":\"https:\/\/prefecturadeesmeraldas.gob.ec\/wp-content\/uploads\/2020\/01\/BOLETIN70.jpg\",\"contentUrl\":\"https:\/\/prefecturadeesmeraldas.gob.ec\/wp-content\/uploads\/2020\/01\/BOLETIN70.jpg\",\"width\":1299,\"height\":741},{\"@type\":\"BreadcrumbList\",\"@id\":\"https:\/\/prefecturadeesmeraldas.gob.ec\/index.php\/2020\/01\/22\/unamydesc-refuerza-atencion-medica-preventiva-por-temporada-invernal\/#breadcrumb\",\"itemListElement\":[{\"@type\":\"ListItem\",\"position\":1,\"name\":\"Home\",\"item\":\"https:\/\/prefecturadeesmeraldas.gob.ec\/\"},{\"@type\":\"ListItem\",\"position\":2,\"name\":\"UNAMYDESC refuerza atenci\u00f3n m\u00e9dica preventiva por temporada invernal\"}]},{\"@type\":\"WebSite\",\"@id\":\"https:\/\/prefecturadeesmeraldas.gob.ec\/#website\",\"url\":\"https:\/\/prefecturadeesmeraldas.gob.ec\/\",\"name\":\"Gobierno Aut\u00f3nomo Descentralizado de la Provincia de Esmeraldas\",\"description\":\"Gobierno Aut\u00f3nomo Descentralizado de la Provincia de Esmeraldas\",\"publisher\":{\"@id\":\"https:\/\/prefecturadeesmeraldas.gob.ec\/#organization\"},\"potentialAction\":[{\"@type\":\"SearchAction\",\"target\":{\"@type\":\"EntryPoint\",\"urlTemplate\":\"https:\/\/prefecturadeesmeraldas.gob.ec\/?s={search_term_string}\"},\"query-input\":{\"@type\":\"PropertyValueSpecification\",\"valueRequired\":true,\"valueName\":\"search_term_string\"}}],\"inLanguage\":\"es\"},{\"@type\":\"Organization\",\"@id\":\"https:\/\/prefecturadeesmeraldas.gob.ec\/#organization\",\"name\":\"Gobierno Aut\u00f3nomo Descentralizado de la Provincia de Esmeraldas\",\"url\":\"https:\/\/prefecturadeesmeraldas.gob.ec\/\",\"logo\":{\"@type\":\"ImageObject\",\"inLanguage\":\"es\",\"@id\":\"https:\/\/prefecturadeesmeraldas.gob.ec\/#\/schema\/logo\/image\/\",\"url\":\"https:\/\/prefecturadeesmeraldas.gob.ec\/wp-content\/uploads\/2019\/06\/logo.png\",\"contentUrl\":\"https:\/\/prefecturadeesmeraldas.gob.ec\/wp-content\/uploads\/2019\/06\/logo.png\",\"width\":859,\"height\":448,\"caption\":\"Gobierno Aut\u00f3nomo Descentralizado de la Provincia de Esmeraldas\"},\"image\":{\"@id\":\"https:\/\/prefecturadeesmeraldas.gob.ec\/#\/schema\/logo\/image\/\"},\"sameAs\":[\"https:\/\/www.facebook.com\/PrefecturaEsmeraldas\/\"]},{\"@type\":\"Person\",\"@id\":\"https:\/\/prefecturadeesmeraldas.gob.ec\/#\/schema\/person\/b0c9e7b1ead7725994d1e319e8825234\",\"name\":\"Direcci\u00f3n de Comunicaci\u00f3n\",\"image\":{\"@type\":\"ImageObject\",\"inLanguage\":\"es\",\"@id\":\"https:\/\/prefecturadeesmeraldas.gob.ec\/#\/schema\/person\/image\/\",\"url\":\"https:\/\/secure.gravatar.com\/avatar\/74a3870a946f5d774ade3569af61a72308e07ad3346f370c4b468ee2a9858658?s=96&d=mm&r=g\",\"contentUrl\":\"https:\/\/secure.gravatar.com\/avatar\/74a3870a946f5d774ade3569af61a72308e07ad3346f370c4b468ee2a9858658?s=96&d=mm&r=g\",\"caption\":\"Direcci\u00f3n de Comunicaci\u00f3n\"}}]}<\/script>\n<!-- \/ Yoast SEO plugin. -->","yoast_head_json":{"title":"UNAMYDESC refuerza atenci\u00f3n m\u00e9dica preventiva por temporada invernal - Gobierno Aut\u00f3nomo Descentralizado de la Provincia de Esmeraldas","robots":{"index":"index","follow":"follow","max-snippet":"max-snippet:-1","max-image-preview":"max-image-preview:large","max-video-preview":"max-video-preview:-1"},"canonical":"https:\/\/prefecturadeesmeraldas.gob.ec\/index.php\/2020\/01\/22\/unamydesc-refuerza-atencion-medica-preventiva-por-temporada-invernal\/","og_locale":"es_ES","og_type":"article","og_title":"UNAMYDESC refuerza atenci\u00f3n m\u00e9dica preventiva por temporada invernal - Gobierno Aut\u00f3nomo Descentralizado de la Provincia de Esmeraldas","og_description":"Con la temporada invernal empiezan a registrarse los primeros brotes de enfermedades respiratorias en la ni\u00f1ez esmeralde\u00f1a, las mismas, que est\u00e1n siendo atendidas de manera oportuna en el Centro de Especialidades de UNAMYDESC de la Prefectura de Esmeraldas. El galeno del Centro de Especialidades, Segundo Salas Guzm\u00e1n, refiri\u00f3 que en esta \u00e9poca se presentan constantemente [&hellip;]","og_url":"https:\/\/prefecturadeesmeraldas.gob.ec\/index.php\/2020\/01\/22\/unamydesc-refuerza-atencion-medica-preventiva-por-temporada-invernal\/","og_site_name":"Gobierno Aut\u00f3nomo Descentralizado de la Provincia de Esmeraldas","article_publisher":"https:\/\/www.facebook.com\/PrefecturaEsmeraldas\/","article_published_time":"2020-01-22T20:55:16+00:00","article_modified_time":"2020-01-22T20:55:53+00:00","og_image":[{"width":1299,"height":741,"url":"https:\/\/prefecturadeesmeraldas.gob.ec\/wp-content\/uploads\/2020\/01\/BOLETIN70.jpg","type":"image\/jpeg"}],"author":"Direcci\u00f3n de Comunicaci\u00f3n","twitter_card":"summary_large_image","twitter_misc":{"Escrito por":"Direcci\u00f3n de Comunicaci\u00f3n","Tiempo de lectura":"1 minuto"},"schema":{"@context":"https:\/\/schema.org","@graph":[{"@type":"Article","@id":"https:\/\/prefecturadeesmeraldas.gob.ec\/index.php\/2020\/01\/22\/unamydesc-refuerza-atencion-medica-preventiva-por-temporada-invernal\/#article","isPartOf":{"@id":"https:\/\/prefecturadeesmeraldas.gob.ec\/index.php\/2020\/01\/22\/unamydesc-refuerza-atencion-medica-preventiva-por-temporada-invernal\/"},"author":{"name":"Direcci\u00f3n de Comunicaci\u00f3n","@id":"https:\/\/prefecturadeesmeraldas.gob.ec\/#\/schema\/person\/b0c9e7b1ead7725994d1e319e8825234"},"headline":"UNAMYDESC refuerza atenci\u00f3n m\u00e9dica preventiva por temporada invernal","datePublished":"2020-01-22T20:55:16+00:00","dateModified":"2020-01-22T20:55:53+00:00","mainEntityOfPage":{"@id":"https:\/\/prefecturadeesmeraldas.gob.ec\/index.php\/2020\/01\/22\/unamydesc-refuerza-atencion-medica-preventiva-por-temporada-invernal\/"},"wordCount":247,"publisher":{"@id":"https:\/\/prefecturadeesmeraldas.gob.ec\/#organization"},"image":{"@id":"https:\/\/prefecturadeesmeraldas.gob.ec\/index.php\/2020\/01\/22\/unamydesc-refuerza-atencion-medica-preventiva-por-temporada-invernal\/#primaryimage"},"thumbnailUrl":"https:\/\/prefecturadeesmeraldas.gob.ec\/wp-content\/uploads\/2020\/01\/BOLETIN70.jpg","articleSection":["UNAMYDESC"],"inLanguage":"es"},{"@type":"WebPage","@id":"https:\/\/prefecturadeesmeraldas.gob.ec\/index.php\/2020\/01\/22\/unamydesc-refuerza-atencion-medica-preventiva-por-temporada-invernal\/","url":"https:\/\/prefecturadeesmeraldas.gob.ec\/index.php\/2020\/01\/22\/unamydesc-refuerza-atencion-medica-preventiva-por-temporada-invernal\/","name":"UNAMYDESC refuerza atenci\u00f3n m\u00e9dica preventiva por temporada invernal - Gobierno Aut\u00f3nomo Descentralizado de la Provincia de Esmeraldas","isPartOf":{"@id":"https:\/\/prefecturadeesmeraldas.gob.ec\/#website"},"primaryImageOfPage":{"@id":"https:\/\/prefecturadeesmeraldas.gob.ec\/index.php\/2020\/01\/22\/unamydesc-refuerza-atencion-medica-preventiva-por-temporada-invernal\/#primaryimage"},"image":{"@id":"https:\/\/prefecturadeesmeraldas.gob.ec\/index.php\/2020\/01\/22\/unamydesc-refuerza-atencion-medica-preventiva-por-temporada-invernal\/#primaryimage"},"thumbnailUrl":"https:\/\/prefecturadeesmeraldas.gob.ec\/wp-content\/uploads\/2020\/01\/BOLETIN70.jpg","datePublished":"2020-01-22T20:55:16+00:00","dateModified":"2020-01-22T20:55:53+00:00","breadcrumb":{"@id":"https:\/\/prefecturadeesmeraldas.gob.ec\/index.php\/2020\/01\/22\/unamydesc-refuerza-atencion-medica-preventiva-por-temporada-invernal\/#breadcrumb"},"inLanguage":"es","potentialAction":[{"@type":"ReadAction","target":["https:\/\/prefecturadeesmeraldas.gob.ec\/index.php\/2020\/01\/22\/unamydesc-refuerza-atencion-medica-preventiva-por-temporada-invernal\/"]}]},{"@type":"ImageObject","inLanguage":"es","@id":"https:\/\/prefecturadeesmeraldas.gob.ec\/index.php\/2020\/01\/22\/unamydesc-refuerza-atencion-medica-preventiva-por-temporada-invernal\/#primaryimage","url":"https:\/\/prefecturadeesmeraldas.gob.ec\/wp-content\/uploads\/2020\/01\/BOLETIN70.jpg","contentUrl":"https:\/\/prefecturadeesmeraldas.gob.ec\/wp-content\/uploads\/2020\/01\/BOLETIN70.jpg","width":1299,"height":741},{"@type":"BreadcrumbList","@id":"https:\/\/prefecturadeesmeraldas.gob.ec\/index.php\/2020\/01\/22\/unamydesc-refuerza-atencion-medica-preventiva-por-temporada-invernal\/#breadcrumb","itemListElement":[{"@type":"ListItem","position":1,"name":"Home","item":"https:\/\/prefecturadeesmeraldas.gob.ec\/"},{"@type":"ListItem","position":2,"name":"UNAMYDESC refuerza atenci\u00f3n m\u00e9dica preventiva por temporada invernal"}]},{"@type":"WebSite","@id":"https:\/\/prefecturadeesmeraldas.gob.ec\/#website","url":"https:\/\/prefecturadeesmeraldas.gob.ec\/","name":"Gobierno Aut\u00f3nomo Descentralizado de la Provincia de Esmeraldas","description":"Gobierno Aut\u00f3nomo Descentralizado de la Provincia de Esmeraldas","publisher":{"@id":"https:\/\/prefecturadeesmeraldas.gob.ec\/#organization"},"potentialAction":[{"@type":"SearchAction","target":{"@type":"EntryPoint","urlTemplate":"https:\/\/prefecturadeesmeraldas.gob.ec\/?s={search_term_string}"},"query-input":{"@type":"PropertyValueSpecification","valueRequired":true,"valueName":"search_term_string"}}],"inLanguage":"es"},{"@type":"Organization","@id":"https:\/\/prefecturadeesmeraldas.gob.ec\/#organization","name":"Gobierno Aut\u00f3nomo Descentralizado de la Provincia de Esmeraldas","url":"https:\/\/prefecturadeesmeraldas.gob.ec\/","logo":{"@type":"ImageObject","inLanguage":"es","@id":"https:\/\/prefecturadeesmeraldas.gob.ec\/#\/schema\/logo\/image\/","url":"https:\/\/prefecturadeesmeraldas.gob.ec\/wp-content\/uploads\/2019\/06\/logo.png","contentUrl":"https:\/\/prefecturadeesmeraldas.gob.ec\/wp-content\/uploads\/2019\/06\/logo.png","width":859,"height":448,"caption":"Gobierno Aut\u00f3nomo Descentralizado de la Provincia de Esmeraldas"},"image":{"@id":"https:\/\/prefecturadeesmeraldas.gob.ec\/#\/schema\/logo\/image\/"},"sameAs":["https:\/\/www.facebook.com\/PrefecturaEsmeraldas\/"]},{"@type":"Person","@id":"https:\/\/prefecturadeesmeraldas.gob.ec\/#\/schema\/person\/b0c9e7b1ead7725994d1e319e8825234","name":"Direcci\u00f3n de Comunicaci\u00f3n","image":{"@type":"ImageObject","inLanguage":"es","@id":"https:\/\/prefecturadeesmeraldas.gob.ec\/#\/schema\/person\/image\/","url":"https:\/\/secure.gravatar.com\/avatar\/74a3870a946f5d774ade3569af61a72308e07ad3346f370c4b468ee2a9858658?s=96&d=mm&r=g","contentUrl":"https:\/\/secure.gravatar.com\/avatar\/74a3870a946f5d774ade3569af61a72308e07ad3346f370c4b468ee2a9858658?s=96&d=mm&r=g","caption":"Direcci\u00f3n de Comunicaci\u00f3n"}}]}},"_links":{"self":[{"href":"https:\/\/prefecturadeesmeraldas.gob.ec\/index.php\/wp-json\/wp\/v2\/posts\/2857","targetHints":{"allow":["GET"]}}],"collection":[{"href":"https:\/\/prefecturadeesmeraldas.gob.ec\/index.php\/wp-json\/wp\/v2\/posts"}],"about":[{"href":"https:\/\/prefecturadeesmeraldas.gob.ec\/index.php\/wp-json\/wp\/v2\/types\/post"}],"author":[{"embeddable":true,"href":"https:\/\/prefecturadeesmeraldas.gob.ec\/index.php\/wp-json\/wp\/v2\/users\/2"}],"replies":[{"embeddable":true,"href":"https:\/\/prefecturadeesmeraldas.gob.ec\/index.php\/wp-json\/wp\/v2\/comments?post=2857"}],"version-history":[{"count":0,"href":"https:\/\/prefecturadeesmeraldas.gob.ec\/index.php\/wp-json\/wp\/v2\/posts\/2857\/revisions"}],"wp:featuredmedia":[{"embeddable":true,"href":"https:\/\/prefecturadeesmeraldas.gob.ec\/index.php\/wp-json\/wp\/v2\/media\/2851"}],"wp:attachment":[{"href":"https:\/\/prefecturadeesmeraldas.gob.ec\/index.php\/wp-json\/wp\/v2\/media?parent=2857"}],"wp:term":[{"taxonomy":"category","embeddable":true,"href":"https:\/\/prefecturadeesmeraldas.gob.ec\/index.php\/wp-json\/wp\/v2\/categories?post=2857"},{"taxonomy":"post_tag","embeddable":true,"href":"https:\/\/prefecturadeesmeraldas.gob.ec\/index.php\/wp-json\/wp\/v2\/tags?post=2857"}],"curies":[{"name":"wp","href":"https:\/\/api.w.org\/{rel}","templated":true}]}}