{"id":2844,"date":"2020-01-22T09:45:22","date_gmt":"2020-01-22T14:45:22","guid":{"rendered":"http:\/\/prefecturadeesmeraldas.gob.ec\/?p=2844"},"modified":"2020-01-22T09:48:42","modified_gmt":"2020-01-22T14:48:42","slug":"toman-alternativas-para-mitigar-embates-del-invierno-en-la-parroquia-chura","status":"publish","type":"post","link":"https:\/\/prefecturadeesmeraldas.gob.ec\/index.php\/2020\/01\/22\/toman-alternativas-para-mitigar-embates-del-invierno-en-la-parroquia-chura\/","title":{"rendered":"Toman alternativas para mitigar embates del invierno en la parroquia Chura"},"content":{"rendered":"\t\t<div data-elementor-type=\"wp-post\" data-elementor-id=\"2844\" class=\"elementor elementor-2844\">\n\t\t\t\t\t\t<section class=\"elementor-section elementor-top-section elementor-element elementor-element-c088538 elementor-section-boxed elementor-section-height-default elementor-section-height-default\" data-id=\"c088538\" data-element_type=\"section\">\n\t\t\t\t\t\t<div class=\"elementor-container elementor-column-gap-default\">\n\t\t\t\t\t<div class=\"elementor-column elementor-col-100 elementor-top-column elementor-element elementor-element-8ea8224\" data-id=\"8ea8224\" data-element_type=\"column\">\n\t\t\t<div class=\"elementor-widget-wrap elementor-element-populated\">\n\t\t\t\t\t\t<div class=\"elementor-element elementor-element-123c86b elementor-widget elementor-widget-image\" data-id=\"123c86b\" data-element_type=\"widget\" data-widget_type=\"image.default\">\n\t\t\t\t<div class=\"elementor-widget-container\">\n\t\t\t\t\t\t\t\t\t\t\t\t<figure class=\"wp-caption\">\n\t\t\t\t\t\t\t\t\t\t<img fetchpriority=\"high\" decoding=\"async\" width=\"1024\" height=\"576\" src=\"https:\/\/prefecturadeesmeraldas.gob.ec\/wp-content\/uploads\/2020\/01\/5553bbba-152e-4efb-abfc-22d83b4bc09a-1024x576.jpg\" class=\"attachment-large size-large wp-image-2846\" alt=\"\" srcset=\"https:\/\/prefecturadeesmeraldas.gob.ec\/wp-content\/uploads\/2020\/01\/5553bbba-152e-4efb-abfc-22d83b4bc09a-1024x576.jpg 1024w, https:\/\/prefecturadeesmeraldas.gob.ec\/wp-content\/uploads\/2020\/01\/5553bbba-152e-4efb-abfc-22d83b4bc09a-1080x608.jpg 1080w, https:\/\/prefecturadeesmeraldas.gob.ec\/wp-content\/uploads\/2020\/01\/5553bbba-152e-4efb-abfc-22d83b4bc09a-300x169.jpg 300w, https:\/\/prefecturadeesmeraldas.gob.ec\/wp-content\/uploads\/2020\/01\/5553bbba-152e-4efb-abfc-22d83b4bc09a-768x432.jpg 768w, https:\/\/prefecturadeesmeraldas.gob.ec\/wp-content\/uploads\/2020\/01\/5553bbba-152e-4efb-abfc-22d83b4bc09a.jpg 1280w\" sizes=\"(max-width: 1024px) 100vw, 1024px\" \/>\t\t\t\t\t\t\t\t\t\t\t<figcaption class=\"widget-image-caption wp-caption-text\">Diego Zambrano, viceprefecto, supervisando los trabajos en la parroquia Chura del cant\u00f3n Quinind\u00e9<\/figcaption>\n\t\t\t\t\t\t\t\t\t\t<\/figure>\n\t\t\t\t\t\t\t\t\t<\/div>\n\t\t\t\t<\/div>\n\t\t\t\t\t<\/div>\n\t\t<\/div>\n\t\t\t\t\t<\/div>\n\t\t<\/section>\n\t\t\t\t<section class=\"elementor-section elementor-top-section elementor-element elementor-element-a8e7ef0 elementor-section-boxed elementor-section-height-default elementor-section-height-default\" data-id=\"a8e7ef0\" data-element_type=\"section\">\n\t\t\t\t\t\t<div class=\"elementor-container elementor-column-gap-default\">\n\t\t\t\t\t<div class=\"elementor-column elementor-col-100 elementor-top-column elementor-element elementor-element-937b891\" data-id=\"937b891\" data-element_type=\"column\">\n\t\t\t<div class=\"elementor-widget-wrap elementor-element-populated\">\n\t\t\t\t\t\t<div class=\"elementor-element elementor-element-3e813a0 elementor-widget elementor-widget-text-editor\" data-id=\"3e813a0\" data-element_type=\"widget\" data-widget_type=\"text-editor.default\">\n\t\t\t\t<div class=\"elementor-widget-container\">\n\t\t\t\t\t\t\t\t\t<p>Cientos de moradores de recintos y comunidades de la <strong>parroquia Chura del cant\u00f3n Quinind\u00e9<\/strong>, fueron testigos de los trabajos que ejecuta la Prefectura de Esmeraldas, en la correcci\u00f3n del cabezal de salida de una alcantarilla triple de 2000 mil\u00edmetros. Adem\u00e1s, se realiz\u00f3 el encausamiento de los esteros Chiva y Colorado con el fin de evitar inundaciones por la acumulaci\u00f3n de sedimentos.<\/p><p>Enrique Delgado, presidente de la Junta Parroquial de Chura, expres\u00f3 que realiz\u00f3 un pedido urgente a la prefecta de Esmeraldas, <strong>Roberta Zambrano<\/strong>, para tomar los correctivos sobre las malas condiciones en que se encontraban las alcantarillas que une a su parroquia con las dem\u00e1s. Este inconveniente se lo ha vivido durante muchos a\u00f1os, donde las comunidades se quedaban incomunicadas cada vez que llega la etapa invernal.<\/p><p><strong>\u201cGracias a la Prefectura de Esmeraldas y a una mujer que tiene esa predisposici\u00f3n de ayudar al sector rural como lo es Roberta Zambrano, se est\u00e1 trabajando para evitar las inundaciones\u201d<\/strong>, dijo Gonzalo Bravo, vocal del Gobierno Parroquial. Tambi\u00e9n, manifest\u00f3 que ya no correr\u00e1n riesgos ni sufrir\u00e1n p\u00e9rdidas econ\u00f3micas.<\/p><p><\/p>\t\t\t\t\t\t\t\t<\/div>\n\t\t\t\t<\/div>\n\t\t\t\t\t<\/div>\n\t\t<\/div>\n\t\t\t\t\t<\/div>\n\t\t<\/section>\n\t\t\t\t<section class=\"elementor-section elementor-top-section elementor-element elementor-element-e6b461c elementor-section-boxed elementor-section-height-default elementor-section-height-default\" data-id=\"e6b461c\" data-element_type=\"section\">\n\t\t\t\t\t\t<div class=\"elementor-container elementor-column-gap-default\">\n\t\t\t\t\t<div class=\"elementor-column elementor-col-100 elementor-top-column elementor-element elementor-element-385f358\" data-id=\"385f358\" data-element_type=\"column\">\n\t\t\t<div class=\"elementor-widget-wrap elementor-element-populated\">\n\t\t\t\t\t\t<div class=\"elementor-element elementor-element-81cfaab elementor-widget elementor-widget-image\" data-id=\"81cfaab\" data-element_type=\"widget\" data-widget_type=\"image.default\">\n\t\t\t\t<div class=\"elementor-widget-container\">\n\t\t\t\t\t\t\t\t\t\t\t\t\t\t\t<img decoding=\"async\" width=\"1024\" height=\"576\" src=\"https:\/\/prefecturadeesmeraldas.gob.ec\/wp-content\/uploads\/2020\/01\/9d720cd0-434e-41e8-ab59-790ad3e592e5-1024x576.jpg\" class=\"attachment-large size-large wp-image-2847\" alt=\"\" srcset=\"https:\/\/prefecturadeesmeraldas.gob.ec\/wp-content\/uploads\/2020\/01\/9d720cd0-434e-41e8-ab59-790ad3e592e5-1024x576.jpg 1024w, https:\/\/prefecturadeesmeraldas.gob.ec\/wp-content\/uploads\/2020\/01\/9d720cd0-434e-41e8-ab59-790ad3e592e5-1080x608.jpg 1080w, https:\/\/prefecturadeesmeraldas.gob.ec\/wp-content\/uploads\/2020\/01\/9d720cd0-434e-41e8-ab59-790ad3e592e5-300x169.jpg 300w, https:\/\/prefecturadeesmeraldas.gob.ec\/wp-content\/uploads\/2020\/01\/9d720cd0-434e-41e8-ab59-790ad3e592e5-768x432.jpg 768w, https:\/\/prefecturadeesmeraldas.gob.ec\/wp-content\/uploads\/2020\/01\/9d720cd0-434e-41e8-ab59-790ad3e592e5.jpg 1280w\" sizes=\"(max-width: 1024px) 100vw, 1024px\" \/>\t\t\t\t\t\t\t\t\t\t\t\t\t\t\t<\/div>\n\t\t\t\t<\/div>\n\t\t\t\t\t<\/div>\n\t\t<\/div>\n\t\t\t\t\t<\/div>\n\t\t<\/section>\n\t\t\t\t<section class=\"elementor-section elementor-top-section elementor-element elementor-element-65ccdc1 elementor-section-boxed elementor-section-height-default elementor-section-height-default\" data-id=\"65ccdc1\" data-element_type=\"section\">\n\t\t\t\t\t\t<div class=\"elementor-container elementor-column-gap-default\">\n\t\t\t\t\t<div class=\"elementor-column elementor-col-100 elementor-top-column elementor-element elementor-element-74afa05\" data-id=\"74afa05\" data-element_type=\"column\">\n\t\t\t<div class=\"elementor-widget-wrap elementor-element-populated\">\n\t\t\t\t\t\t<div class=\"elementor-element elementor-element-2b17f67 elementor-widget elementor-widget-text-editor\" data-id=\"2b17f67\" data-element_type=\"widget\" data-widget_type=\"text-editor.default\">\n\t\t\t\t<div class=\"elementor-widget-container\">\n\t\t\t\t\t\t\t\t\t<p>Wellington Lucio, morador del sector, indic\u00f3 que en el a\u00f1o 2005 pidi\u00f3 a la administraci\u00f3n de Luc\u00eda Sosa la construcci\u00f3n de un camino vecinal de 5 kil\u00f3metros de longitud y, durante los 14 a\u00f1os que estuvo al frente Sosa, nunca cumpli\u00f3.<\/p><p><strong>Diego Zambrano<\/strong>, viceprefecto de Esmeraldas, indic\u00f3 que el prop\u00f3sito es estar en territorio para palpar los diferentes problemas viales y buscar soluciones, En torno a la alcantarilla afectada, se han realizado de manera inmediata los correctivos tomando en cuenta las recomendaciones de los t\u00e9cnicos del Gobierno Provincial. <\/p>\t\t\t\t\t\t\t\t<\/div>\n\t\t\t\t<\/div>\n\t\t\t\t\t<\/div>\n\t\t<\/div>\n\t\t\t\t\t<\/div>\n\t\t<\/section>\n\t\t\t\t<\/div>\n\t\t","protected":false},"excerpt":{"rendered":"<p>Diego Zambrano, viceprefecto, supervisando los trabajos en la parroquia Chura del cant\u00f3n Quinind\u00e9 Cientos de moradores de recintos y comunidades de la parroquia Chura del cant\u00f3n Quinind\u00e9, fueron testigos de los trabajos que ejecuta la Prefectura de Esmeraldas, en la correcci\u00f3n del cabezal de salida de una alcantarilla triple de 2000 mil\u00edmetros. Adem\u00e1s, se realiz\u00f3 [&hellip;]<\/p>\n","protected":false},"author":2,"featured_media":2843,"comment_status":"closed","ping_status":"open","sticky":false,"template":"","format":"standard","meta":{"footnotes":""},"categories":[3],"tags":[],"class_list":["post-2844","post","type-post","status-publish","format-standard","has-post-thumbnail","hentry","category-institucional"],"yoast_head":"<!-- This site is optimized with the Yoast SEO plugin v25.7 - https:\/\/yoast.com\/wordpress\/plugins\/seo\/ -->\n<title>Toman alternativas para mitigar embates del invierno en la parroquia Chura - Gobierno Aut\u00f3nomo Descentralizado de la Provincia de Esmeraldas<\/title>\n<meta name=\"robots\" content=\"index, follow, max-snippet:-1, max-image-preview:large, max-video-preview:-1\" \/>\n<link rel=\"canonical\" href=\"https:\/\/prefecturadeesmeraldas.gob.ec\/index.php\/2020\/01\/22\/toman-alternativas-para-mitigar-embates-del-invierno-en-la-parroquia-chura\/\" \/>\n<meta property=\"og:locale\" content=\"es_ES\" \/>\n<meta property=\"og:type\" content=\"article\" \/>\n<meta property=\"og:title\" content=\"Toman alternativas para mitigar embates del invierno en la parroquia Chura - Gobierno Aut\u00f3nomo Descentralizado de la Provincia de Esmeraldas\" \/>\n<meta property=\"og:description\" content=\"Diego Zambrano, viceprefecto, supervisando los trabajos en la parroquia Chura del cant\u00f3n Quinind\u00e9 Cientos de moradores de recintos y comunidades de la parroquia Chura del cant\u00f3n Quinind\u00e9, fueron testigos de los trabajos que ejecuta la Prefectura de Esmeraldas, en la correcci\u00f3n del cabezal de salida de una alcantarilla triple de 2000 mil\u00edmetros. Adem\u00e1s, se realiz\u00f3 [&hellip;]\" \/>\n<meta property=\"og:url\" content=\"https:\/\/prefecturadeesmeraldas.gob.ec\/index.php\/2020\/01\/22\/toman-alternativas-para-mitigar-embates-del-invierno-en-la-parroquia-chura\/\" \/>\n<meta property=\"og:site_name\" content=\"Gobierno Aut\u00f3nomo Descentralizado de la Provincia de Esmeraldas\" \/>\n<meta property=\"article:publisher\" content=\"https:\/\/www.facebook.com\/PrefecturaEsmeraldas\/\" \/>\n<meta property=\"article:published_time\" content=\"2020-01-22T14:45:22+00:00\" \/>\n<meta property=\"article:modified_time\" content=\"2020-01-22T14:48:42+00:00\" \/>\n<meta property=\"og:image\" content=\"https:\/\/prefecturadeesmeraldas.gob.ec\/wp-content\/uploads\/2020\/01\/BOLETIN69.jpg\" \/>\n\t<meta property=\"og:image:width\" content=\"612\" \/>\n\t<meta property=\"og:image:height\" content=\"413\" \/>\n\t<meta property=\"og:image:type\" content=\"image\/jpeg\" \/>\n<meta name=\"author\" content=\"Direcci\u00f3n de Comunicaci\u00f3n\" \/>\n<meta name=\"twitter:card\" content=\"summary_large_image\" \/>\n<meta name=\"twitter:label1\" content=\"Escrito por\" \/>\n\t<meta name=\"twitter:data1\" content=\"Direcci\u00f3n de Comunicaci\u00f3n\" \/>\n\t<meta name=\"twitter:label2\" content=\"Tiempo de lectura\" \/>\n\t<meta name=\"twitter:data2\" content=\"1 minuto\" \/>\n<script type=\"application\/ld+json\" class=\"yoast-schema-graph\">{\"@context\":\"https:\/\/schema.org\",\"@graph\":[{\"@type\":\"Article\",\"@id\":\"https:\/\/prefecturadeesmeraldas.gob.ec\/index.php\/2020\/01\/22\/toman-alternativas-para-mitigar-embates-del-invierno-en-la-parroquia-chura\/#article\",\"isPartOf\":{\"@id\":\"https:\/\/prefecturadeesmeraldas.gob.ec\/index.php\/2020\/01\/22\/toman-alternativas-para-mitigar-embates-del-invierno-en-la-parroquia-chura\/\"},\"author\":{\"name\":\"Direcci\u00f3n de Comunicaci\u00f3n\",\"@id\":\"https:\/\/prefecturadeesmeraldas.gob.ec\/#\/schema\/person\/b0c9e7b1ead7725994d1e319e8825234\"},\"headline\":\"Toman alternativas para mitigar embates del invierno en la parroquia Chura\",\"datePublished\":\"2020-01-22T14:45:22+00:00\",\"dateModified\":\"2020-01-22T14:48:42+00:00\",\"mainEntityOfPage\":{\"@id\":\"https:\/\/prefecturadeesmeraldas.gob.ec\/index.php\/2020\/01\/22\/toman-alternativas-para-mitigar-embates-del-invierno-en-la-parroquia-chura\/\"},\"wordCount\":306,\"publisher\":{\"@id\":\"https:\/\/prefecturadeesmeraldas.gob.ec\/#organization\"},\"image\":{\"@id\":\"https:\/\/prefecturadeesmeraldas.gob.ec\/index.php\/2020\/01\/22\/toman-alternativas-para-mitigar-embates-del-invierno-en-la-parroquia-chura\/#primaryimage\"},\"thumbnailUrl\":\"https:\/\/prefecturadeesmeraldas.gob.ec\/wp-content\/uploads\/2020\/01\/BOLETIN69.jpg\",\"articleSection\":[\"Institucional\"],\"inLanguage\":\"es\"},{\"@type\":\"WebPage\",\"@id\":\"https:\/\/prefecturadeesmeraldas.gob.ec\/index.php\/2020\/01\/22\/toman-alternativas-para-mitigar-embates-del-invierno-en-la-parroquia-chura\/\",\"url\":\"https:\/\/prefecturadeesmeraldas.gob.ec\/index.php\/2020\/01\/22\/toman-alternativas-para-mitigar-embates-del-invierno-en-la-parroquia-chura\/\",\"name\":\"Toman alternativas para mitigar embates del invierno en la parroquia Chura - Gobierno Aut\u00f3nomo Descentralizado de la Provincia de Esmeraldas\",\"isPartOf\":{\"@id\":\"https:\/\/prefecturadeesmeraldas.gob.ec\/#website\"},\"primaryImageOfPage\":{\"@id\":\"https:\/\/prefecturadeesmeraldas.gob.ec\/index.php\/2020\/01\/22\/toman-alternativas-para-mitigar-embates-del-invierno-en-la-parroquia-chura\/#primaryimage\"},\"image\":{\"@id\":\"https:\/\/prefecturadeesmeraldas.gob.ec\/index.php\/2020\/01\/22\/toman-alternativas-para-mitigar-embates-del-invierno-en-la-parroquia-chura\/#primaryimage\"},\"thumbnailUrl\":\"https:\/\/prefecturadeesmeraldas.gob.ec\/wp-content\/uploads\/2020\/01\/BOLETIN69.jpg\",\"datePublished\":\"2020-01-22T14:45:22+00:00\",\"dateModified\":\"2020-01-22T14:48:42+00:00\",\"breadcrumb\":{\"@id\":\"https:\/\/prefecturadeesmeraldas.gob.ec\/index.php\/2020\/01\/22\/toman-alternativas-para-mitigar-embates-del-invierno-en-la-parroquia-chura\/#breadcrumb\"},\"inLanguage\":\"es\",\"potentialAction\":[{\"@type\":\"ReadAction\",\"target\":[\"https:\/\/prefecturadeesmeraldas.gob.ec\/index.php\/2020\/01\/22\/toman-alternativas-para-mitigar-embates-del-invierno-en-la-parroquia-chura\/\"]}]},{\"@type\":\"ImageObject\",\"inLanguage\":\"es\",\"@id\":\"https:\/\/prefecturadeesmeraldas.gob.ec\/index.php\/2020\/01\/22\/toman-alternativas-para-mitigar-embates-del-invierno-en-la-parroquia-chura\/#primaryimage\",\"url\":\"https:\/\/prefecturadeesmeraldas.gob.ec\/wp-content\/uploads\/2020\/01\/BOLETIN69.jpg\",\"contentUrl\":\"https:\/\/prefecturadeesmeraldas.gob.ec\/wp-content\/uploads\/2020\/01\/BOLETIN69.jpg\",\"width\":612,\"height\":413},{\"@type\":\"BreadcrumbList\",\"@id\":\"https:\/\/prefecturadeesmeraldas.gob.ec\/index.php\/2020\/01\/22\/toman-alternativas-para-mitigar-embates-del-invierno-en-la-parroquia-chura\/#breadcrumb\",\"itemListElement\":[{\"@type\":\"ListItem\",\"position\":1,\"name\":\"Home\",\"item\":\"https:\/\/prefecturadeesmeraldas.gob.ec\/\"},{\"@type\":\"ListItem\",\"position\":2,\"name\":\"Toman alternativas para mitigar embates del invierno en la parroquia Chura\"}]},{\"@type\":\"WebSite\",\"@id\":\"https:\/\/prefecturadeesmeraldas.gob.ec\/#website\",\"url\":\"https:\/\/prefecturadeesmeraldas.gob.ec\/\",\"name\":\"Gobierno Aut\u00f3nomo Descentralizado de la Provincia de Esmeraldas\",\"description\":\"Gobierno Aut\u00f3nomo Descentralizado de la Provincia de Esmeraldas\",\"publisher\":{\"@id\":\"https:\/\/prefecturadeesmeraldas.gob.ec\/#organization\"},\"potentialAction\":[{\"@type\":\"SearchAction\",\"target\":{\"@type\":\"EntryPoint\",\"urlTemplate\":\"https:\/\/prefecturadeesmeraldas.gob.ec\/?s={search_term_string}\"},\"query-input\":{\"@type\":\"PropertyValueSpecification\",\"valueRequired\":true,\"valueName\":\"search_term_string\"}}],\"inLanguage\":\"es\"},{\"@type\":\"Organization\",\"@id\":\"https:\/\/prefecturadeesmeraldas.gob.ec\/#organization\",\"name\":\"Gobierno Aut\u00f3nomo Descentralizado de la Provincia de Esmeraldas\",\"url\":\"https:\/\/prefecturadeesmeraldas.gob.ec\/\",\"logo\":{\"@type\":\"ImageObject\",\"inLanguage\":\"es\",\"@id\":\"https:\/\/prefecturadeesmeraldas.gob.ec\/#\/schema\/logo\/image\/\",\"url\":\"https:\/\/prefecturadeesmeraldas.gob.ec\/wp-content\/uploads\/2019\/06\/logo.png\",\"contentUrl\":\"https:\/\/prefecturadeesmeraldas.gob.ec\/wp-content\/uploads\/2019\/06\/logo.png\",\"width\":859,\"height\":448,\"caption\":\"Gobierno Aut\u00f3nomo Descentralizado de la Provincia de Esmeraldas\"},\"image\":{\"@id\":\"https:\/\/prefecturadeesmeraldas.gob.ec\/#\/schema\/logo\/image\/\"},\"sameAs\":[\"https:\/\/www.facebook.com\/PrefecturaEsmeraldas\/\"]},{\"@type\":\"Person\",\"@id\":\"https:\/\/prefecturadeesmeraldas.gob.ec\/#\/schema\/person\/b0c9e7b1ead7725994d1e319e8825234\",\"name\":\"Direcci\u00f3n de Comunicaci\u00f3n\",\"image\":{\"@type\":\"ImageObject\",\"inLanguage\":\"es\",\"@id\":\"https:\/\/prefecturadeesmeraldas.gob.ec\/#\/schema\/person\/image\/\",\"url\":\"https:\/\/secure.gravatar.com\/avatar\/74a3870a946f5d774ade3569af61a72308e07ad3346f370c4b468ee2a9858658?s=96&d=mm&r=g\",\"contentUrl\":\"https:\/\/secure.gravatar.com\/avatar\/74a3870a946f5d774ade3569af61a72308e07ad3346f370c4b468ee2a9858658?s=96&d=mm&r=g\",\"caption\":\"Direcci\u00f3n de Comunicaci\u00f3n\"}}]}<\/script>\n<!-- \/ Yoast SEO plugin. -->","yoast_head_json":{"title":"Toman alternativas para mitigar embates del invierno en la parroquia Chura - Gobierno Aut\u00f3nomo Descentralizado de la Provincia de Esmeraldas","robots":{"index":"index","follow":"follow","max-snippet":"max-snippet:-1","max-image-preview":"max-image-preview:large","max-video-preview":"max-video-preview:-1"},"canonical":"https:\/\/prefecturadeesmeraldas.gob.ec\/index.php\/2020\/01\/22\/toman-alternativas-para-mitigar-embates-del-invierno-en-la-parroquia-chura\/","og_locale":"es_ES","og_type":"article","og_title":"Toman alternativas para mitigar embates del invierno en la parroquia Chura - Gobierno Aut\u00f3nomo Descentralizado de la Provincia de Esmeraldas","og_description":"Diego Zambrano, viceprefecto, supervisando los trabajos en la parroquia Chura del cant\u00f3n Quinind\u00e9 Cientos de moradores de recintos y comunidades de la parroquia Chura del cant\u00f3n Quinind\u00e9, fueron testigos de los trabajos que ejecuta la Prefectura de Esmeraldas, en la correcci\u00f3n del cabezal de salida de una alcantarilla triple de 2000 mil\u00edmetros. Adem\u00e1s, se realiz\u00f3 [&hellip;]","og_url":"https:\/\/prefecturadeesmeraldas.gob.ec\/index.php\/2020\/01\/22\/toman-alternativas-para-mitigar-embates-del-invierno-en-la-parroquia-chura\/","og_site_name":"Gobierno Aut\u00f3nomo Descentralizado de la Provincia de Esmeraldas","article_publisher":"https:\/\/www.facebook.com\/PrefecturaEsmeraldas\/","article_published_time":"2020-01-22T14:45:22+00:00","article_modified_time":"2020-01-22T14:48:42+00:00","og_image":[{"width":612,"height":413,"url":"https:\/\/prefecturadeesmeraldas.gob.ec\/wp-content\/uploads\/2020\/01\/BOLETIN69.jpg","type":"image\/jpeg"}],"author":"Direcci\u00f3n de Comunicaci\u00f3n","twitter_card":"summary_large_image","twitter_misc":{"Escrito por":"Direcci\u00f3n de Comunicaci\u00f3n","Tiempo de lectura":"1 minuto"},"schema":{"@context":"https:\/\/schema.org","@graph":[{"@type":"Article","@id":"https:\/\/prefecturadeesmeraldas.gob.ec\/index.php\/2020\/01\/22\/toman-alternativas-para-mitigar-embates-del-invierno-en-la-parroquia-chura\/#article","isPartOf":{"@id":"https:\/\/prefecturadeesmeraldas.gob.ec\/index.php\/2020\/01\/22\/toman-alternativas-para-mitigar-embates-del-invierno-en-la-parroquia-chura\/"},"author":{"name":"Direcci\u00f3n de Comunicaci\u00f3n","@id":"https:\/\/prefecturadeesmeraldas.gob.ec\/#\/schema\/person\/b0c9e7b1ead7725994d1e319e8825234"},"headline":"Toman alternativas para mitigar embates del invierno en la parroquia Chura","datePublished":"2020-01-22T14:45:22+00:00","dateModified":"2020-01-22T14:48:42+00:00","mainEntityOfPage":{"@id":"https:\/\/prefecturadeesmeraldas.gob.ec\/index.php\/2020\/01\/22\/toman-alternativas-para-mitigar-embates-del-invierno-en-la-parroquia-chura\/"},"wordCount":306,"publisher":{"@id":"https:\/\/prefecturadeesmeraldas.gob.ec\/#organization"},"image":{"@id":"https:\/\/prefecturadeesmeraldas.gob.ec\/index.php\/2020\/01\/22\/toman-alternativas-para-mitigar-embates-del-invierno-en-la-parroquia-chura\/#primaryimage"},"thumbnailUrl":"https:\/\/prefecturadeesmeraldas.gob.ec\/wp-content\/uploads\/2020\/01\/BOLETIN69.jpg","articleSection":["Institucional"],"inLanguage":"es"},{"@type":"WebPage","@id":"https:\/\/prefecturadeesmeraldas.gob.ec\/index.php\/2020\/01\/22\/toman-alternativas-para-mitigar-embates-del-invierno-en-la-parroquia-chura\/","url":"https:\/\/prefecturadeesmeraldas.gob.ec\/index.php\/2020\/01\/22\/toman-alternativas-para-mitigar-embates-del-invierno-en-la-parroquia-chura\/","name":"Toman alternativas para mitigar embates del invierno en la parroquia Chura - Gobierno Aut\u00f3nomo Descentralizado de la Provincia de Esmeraldas","isPartOf":{"@id":"https:\/\/prefecturadeesmeraldas.gob.ec\/#website"},"primaryImageOfPage":{"@id":"https:\/\/prefecturadeesmeraldas.gob.ec\/index.php\/2020\/01\/22\/toman-alternativas-para-mitigar-embates-del-invierno-en-la-parroquia-chura\/#primaryimage"},"image":{"@id":"https:\/\/prefecturadeesmeraldas.gob.ec\/index.php\/2020\/01\/22\/toman-alternativas-para-mitigar-embates-del-invierno-en-la-parroquia-chura\/#primaryimage"},"thumbnailUrl":"https:\/\/prefecturadeesmeraldas.gob.ec\/wp-content\/uploads\/2020\/01\/BOLETIN69.jpg","datePublished":"2020-01-22T14:45:22+00:00","dateModified":"2020-01-22T14:48:42+00:00","breadcrumb":{"@id":"https:\/\/prefecturadeesmeraldas.gob.ec\/index.php\/2020\/01\/22\/toman-alternativas-para-mitigar-embates-del-invierno-en-la-parroquia-chura\/#breadcrumb"},"inLanguage":"es","potentialAction":[{"@type":"ReadAction","target":["https:\/\/prefecturadeesmeraldas.gob.ec\/index.php\/2020\/01\/22\/toman-alternativas-para-mitigar-embates-del-invierno-en-la-parroquia-chura\/"]}]},{"@type":"ImageObject","inLanguage":"es","@id":"https:\/\/prefecturadeesmeraldas.gob.ec\/index.php\/2020\/01\/22\/toman-alternativas-para-mitigar-embates-del-invierno-en-la-parroquia-chura\/#primaryimage","url":"https:\/\/prefecturadeesmeraldas.gob.ec\/wp-content\/uploads\/2020\/01\/BOLETIN69.jpg","contentUrl":"https:\/\/prefecturadeesmeraldas.gob.ec\/wp-content\/uploads\/2020\/01\/BOLETIN69.jpg","width":612,"height":413},{"@type":"BreadcrumbList","@id":"https:\/\/prefecturadeesmeraldas.gob.ec\/index.php\/2020\/01\/22\/toman-alternativas-para-mitigar-embates-del-invierno-en-la-parroquia-chura\/#breadcrumb","itemListElement":[{"@type":"ListItem","position":1,"name":"Home","item":"https:\/\/prefecturadeesmeraldas.gob.ec\/"},{"@type":"ListItem","position":2,"name":"Toman alternativas para mitigar embates del invierno en la parroquia Chura"}]},{"@type":"WebSite","@id":"https:\/\/prefecturadeesmeraldas.gob.ec\/#website","url":"https:\/\/prefecturadeesmeraldas.gob.ec\/","name":"Gobierno Aut\u00f3nomo Descentralizado de la Provincia de Esmeraldas","description":"Gobierno Aut\u00f3nomo Descentralizado de la Provincia de Esmeraldas","publisher":{"@id":"https:\/\/prefecturadeesmeraldas.gob.ec\/#organization"},"potentialAction":[{"@type":"SearchAction","target":{"@type":"EntryPoint","urlTemplate":"https:\/\/prefecturadeesmeraldas.gob.ec\/?s={search_term_string}"},"query-input":{"@type":"PropertyValueSpecification","valueRequired":true,"valueName":"search_term_string"}}],"inLanguage":"es"},{"@type":"Organization","@id":"https:\/\/prefecturadeesmeraldas.gob.ec\/#organization","name":"Gobierno Aut\u00f3nomo Descentralizado de la Provincia de Esmeraldas","url":"https:\/\/prefecturadeesmeraldas.gob.ec\/","logo":{"@type":"ImageObject","inLanguage":"es","@id":"https:\/\/prefecturadeesmeraldas.gob.ec\/#\/schema\/logo\/image\/","url":"https:\/\/prefecturadeesmeraldas.gob.ec\/wp-content\/uploads\/2019\/06\/logo.png","contentUrl":"https:\/\/prefecturadeesmeraldas.gob.ec\/wp-content\/uploads\/2019\/06\/logo.png","width":859,"height":448,"caption":"Gobierno Aut\u00f3nomo Descentralizado de la Provincia de Esmeraldas"},"image":{"@id":"https:\/\/prefecturadeesmeraldas.gob.ec\/#\/schema\/logo\/image\/"},"sameAs":["https:\/\/www.facebook.com\/PrefecturaEsmeraldas\/"]},{"@type":"Person","@id":"https:\/\/prefecturadeesmeraldas.gob.ec\/#\/schema\/person\/b0c9e7b1ead7725994d1e319e8825234","name":"Direcci\u00f3n de Comunicaci\u00f3n","image":{"@type":"ImageObject","inLanguage":"es","@id":"https:\/\/prefecturadeesmeraldas.gob.ec\/#\/schema\/person\/image\/","url":"https:\/\/secure.gravatar.com\/avatar\/74a3870a946f5d774ade3569af61a72308e07ad3346f370c4b468ee2a9858658?s=96&d=mm&r=g","contentUrl":"https:\/\/secure.gravatar.com\/avatar\/74a3870a946f5d774ade3569af61a72308e07ad3346f370c4b468ee2a9858658?s=96&d=mm&r=g","caption":"Direcci\u00f3n de Comunicaci\u00f3n"}}]}},"_links":{"self":[{"href":"https:\/\/prefecturadeesmeraldas.gob.ec\/index.php\/wp-json\/wp\/v2\/posts\/2844","targetHints":{"allow":["GET"]}}],"collection":[{"href":"https:\/\/prefecturadeesmeraldas.gob.ec\/index.php\/wp-json\/wp\/v2\/posts"}],"about":[{"href":"https:\/\/prefecturadeesmeraldas.gob.ec\/index.php\/wp-json\/wp\/v2\/types\/post"}],"author":[{"embeddable":true,"href":"https:\/\/prefecturadeesmeraldas.gob.ec\/index.php\/wp-json\/wp\/v2\/users\/2"}],"replies":[{"embeddable":true,"href":"https:\/\/prefecturadeesmeraldas.gob.ec\/index.php\/wp-json\/wp\/v2\/comments?post=2844"}],"version-history":[{"count":0,"href":"https:\/\/prefecturadeesmeraldas.gob.ec\/index.php\/wp-json\/wp\/v2\/posts\/2844\/revisions"}],"wp:featuredmedia":[{"embeddable":true,"href":"https:\/\/prefecturadeesmeraldas.gob.ec\/index.php\/wp-json\/wp\/v2\/media\/2843"}],"wp:attachment":[{"href":"https:\/\/prefecturadeesmeraldas.gob.ec\/index.php\/wp-json\/wp\/v2\/media?parent=2844"}],"wp:term":[{"taxonomy":"category","embeddable":true,"href":"https:\/\/prefecturadeesmeraldas.gob.ec\/index.php\/wp-json\/wp\/v2\/categories?post=2844"},{"taxonomy":"post_tag","embeddable":true,"href":"https:\/\/prefecturadeesmeraldas.gob.ec\/index.php\/wp-json\/wp\/v2\/tags?post=2844"}],"curies":[{"name":"wp","href":"https:\/\/api.w.org\/{rel}","templated":true}]}}