{"id":28267,"date":"2024-11-21T09:41:54","date_gmt":"2024-11-21T14:41:54","guid":{"rendered":"https:\/\/prefecturadeesmeraldas.gob.ec\/?p=28267"},"modified":"2024-11-21T09:44:19","modified_gmt":"2024-11-21T14:44:19","slug":"presidente-de-la-republica-participo-en-la-sesion-solemne-por-los-177-anos-de-provincializacion","status":"publish","type":"post","link":"https:\/\/prefecturadeesmeraldas.gob.ec\/index.php\/2024\/11\/21\/presidente-de-la-republica-participo-en-la-sesion-solemne-por-los-177-anos-de-provincializacion\/","title":{"rendered":"Presidente de la Rep\u00fablica particip\u00f3 en la Sesi\u00f3n Solemne por los 177 a\u00f1os de Provincializaci\u00f3n."},"content":{"rendered":"\t\t<div data-elementor-type=\"wp-post\" data-elementor-id=\"28267\" class=\"elementor elementor-28267\">\n\t\t\t\t<div class=\"elementor-element elementor-element-68c51ff e-flex e-con-boxed e-con e-parent\" data-id=\"68c51ff\" data-element_type=\"container\">\n\t\t\t\t\t<div class=\"e-con-inner\">\n\t\t\t\t<div class=\"elementor-element elementor-element-0c544fa elementor-widget elementor-widget-image\" data-id=\"0c544fa\" data-element_type=\"widget\" data-widget_type=\"image.default\">\n\t\t\t\t<div class=\"elementor-widget-container\">\n\t\t\t\t\t\t\t\t\t\t\t\t\t\t\t<img fetchpriority=\"high\" decoding=\"async\" width=\"2560\" height=\"1800\" src=\"https:\/\/prefecturadeesmeraldas.gob.ec\/wp-content\/uploads\/2024\/11\/WhatsApp-Image-2024-11-20-at-14.21.10-scaled-e1732200247973.jpeg\" class=\"attachment-large size-large wp-image-28268\" alt=\"\" srcset=\"https:\/\/prefecturadeesmeraldas.gob.ec\/wp-content\/uploads\/2024\/11\/WhatsApp-Image-2024-11-20-at-14.21.10-scaled-e1732200247973.jpeg 2560w, https:\/\/prefecturadeesmeraldas.gob.ec\/wp-content\/uploads\/2024\/11\/WhatsApp-Image-2024-11-20-at-14.21.10-scaled-e1732200247973-300x211.jpeg 300w, https:\/\/prefecturadeesmeraldas.gob.ec\/wp-content\/uploads\/2024\/11\/WhatsApp-Image-2024-11-20-at-14.21.10-scaled-e1732200247973-768x540.jpeg 768w, https:\/\/prefecturadeesmeraldas.gob.ec\/wp-content\/uploads\/2024\/11\/WhatsApp-Image-2024-11-20-at-14.21.10-scaled-e1732200247973-1536x1080.jpeg 1536w, https:\/\/prefecturadeesmeraldas.gob.ec\/wp-content\/uploads\/2024\/11\/WhatsApp-Image-2024-11-20-at-14.21.10-scaled-e1732200247973-2048x1440.jpeg 2048w\" sizes=\"(max-width: 2560px) 100vw, 2560px\" \/>\t\t\t\t\t\t\t\t\t\t\t\t\t\t\t<\/div>\n\t\t\t\t<\/div>\n\t\t\t\t\t<\/div>\n\t\t\t\t<\/div>\n\t\t<div class=\"elementor-element elementor-element-30ff0e6 e-flex e-con-boxed e-con e-parent\" data-id=\"30ff0e6\" data-element_type=\"container\">\n\t\t\t\t\t<div class=\"e-con-inner\">\n\t\t\t\t<div class=\"elementor-element elementor-element-aa120ea elementor-widget elementor-widget-text-editor\" data-id=\"aa120ea\" data-element_type=\"widget\" data-widget_type=\"text-editor.default\">\n\t\t\t\t<div class=\"elementor-widget-container\">\n\t\t\t\t\t\t\t\t\t<p>El primer mandatario del Ecuador, <strong>Daniel Noboa Azin<\/strong>, particip\u00f3 en la Sesi\u00f3n Solemne por la conmemoraci\u00f3n de los 177 a\u00f1os de provincializaci\u00f3n de Esmeraldas.<\/p><p>Durante el evento, el presidente de la Rep\u00fablica recibi\u00f3 de manos de la prefecta, <strong>Roberta Zambrano<\/strong>, la \u201cPresea 20 de Noviembre\u201d, un reconocimiento a su liderazgo y compromiso por el desarrollo de la provincia y la seguridad del pa\u00eds.<\/p><p>El presidente, <strong>Daniel Noboa<\/strong>, resalt\u00f3 que, gracias al liderazgo de <strong>Roberta Zambrano Ortiz<\/strong>, la provincia de Esmeraldas avanza y trabaja junto con autoridades serias para seguir construyendo la nueva historia. Adem\u00e1s, destac\u00f3 la riqueza natural, cultural y gastron\u00f3mica, siendo una de las provincias m\u00e1s emblem\u00e1ticas del Ecuador.<\/p><p>\u201c<strong>Gracias a la seguridad y esperanza que nos brinda el presidente, Daniel Noboa, tendremos d\u00edas mejores. Con la suscripci\u00f3n de estos nuevos acuerdos, construiremos v\u00edas y ejecutaremos obras que contribuir\u00e1n al desarrollo de nuestra provincia<\/strong>\u201d, manifest\u00f3 en su discurso la prefecta, Roberta Zambrano.<\/p><p>El evento se realiz\u00f3 a cabo en el Malec\u00f3n del balneario Las Palmas, en medio de un ambiente de alegr\u00eda, esperanza y entusiasmo. Durante la ceremonia, se suscribieron importantes convenios y acuerdos entre la Prefectura de Esmeraldas y el Gobierno Nacional, para la construcci\u00f3n de un futuro mejor para los esmeralde\u00f1os.<\/p><p>Entre las obras que se ejecutar\u00e1n para el a\u00f1o 2025, gracias\u00a0 a la gesti\u00f3n y planificaci\u00f3n de la Prefectura de Esmeraldas en articulaci\u00f3n con el Gobierno Nacional, se construir\u00e1 el primer mega Parque Polideportivo en la zona urbana de la parroquia Tachina, construcciones de las v\u00edas E20 \u2013 Cascajal en el cant\u00f3n Atacames; E15 \u2013 Bol\u00edvar en el cant\u00f3n Muisne; v\u00eda Roto \u2013 Cube en el cant\u00f3n Quinind\u00e9; v\u00eda Chontaduro \u2013 Chumund\u00e9 en el cant\u00f3n Rioverde; sistemas de transporte de gabarras en los cantones Muisne y Eloy Alfaro, Anillo vial en el cant\u00f3n San Lorenzo y adquisici\u00f3n de nuevas maquinarias.<\/p>\t\t\t\t\t\t\t\t<\/div>\n\t\t\t\t<\/div>\n\t\t\t\t\t<\/div>\n\t\t\t\t<\/div>\n\t\t\t\t<\/div>\n\t\t","protected":false},"excerpt":{"rendered":"<p>El primer mandatario del Ecuador, Daniel Noboa Azin, particip\u00f3 en la Sesi\u00f3n Solemne por la conmemoraci\u00f3n de los 177 a\u00f1os de provincializaci\u00f3n de Esmeraldas. Durante el evento, el presidente de la Rep\u00fablica recibi\u00f3 de manos de la prefecta, Roberta Zambrano, la \u201cPresea 20 de Noviembre\u201d, un reconocimiento a su liderazgo y compromiso por el desarrollo [&hellip;]<\/p>\n","protected":false},"author":2,"featured_media":28268,"comment_status":"closed","ping_status":"open","sticky":false,"template":"","format":"standard","meta":{"footnotes":""},"categories":[3],"tags":[],"class_list":["post-28267","post","type-post","status-publish","format-standard","has-post-thumbnail","hentry","category-institucional"],"yoast_head":"<!-- This site is optimized with the Yoast SEO plugin v25.7 - https:\/\/yoast.com\/wordpress\/plugins\/seo\/ -->\n<title>Presidente de la Rep\u00fablica particip\u00f3 en la Sesi\u00f3n Solemne por los 177 a\u00f1os de Provincializaci\u00f3n. - Gobierno Aut\u00f3nomo Descentralizado de la Provincia de Esmeraldas<\/title>\n<meta name=\"robots\" content=\"index, follow, max-snippet:-1, max-image-preview:large, max-video-preview:-1\" \/>\n<link rel=\"canonical\" href=\"https:\/\/prefecturadeesmeraldas.gob.ec\/index.php\/2024\/11\/21\/presidente-de-la-republica-participo-en-la-sesion-solemne-por-los-177-anos-de-provincializacion\/\" \/>\n<meta property=\"og:locale\" content=\"es_ES\" \/>\n<meta property=\"og:type\" content=\"article\" \/>\n<meta property=\"og:title\" content=\"Presidente de la Rep\u00fablica particip\u00f3 en la Sesi\u00f3n Solemne por los 177 a\u00f1os de Provincializaci\u00f3n. - Gobierno Aut\u00f3nomo Descentralizado de la Provincia de Esmeraldas\" \/>\n<meta property=\"og:description\" content=\"El primer mandatario del Ecuador, Daniel Noboa Azin, particip\u00f3 en la Sesi\u00f3n Solemne por la conmemoraci\u00f3n de los 177 a\u00f1os de provincializaci\u00f3n de Esmeraldas. Durante el evento, el presidente de la Rep\u00fablica recibi\u00f3 de manos de la prefecta, Roberta Zambrano, la \u201cPresea 20 de Noviembre\u201d, un reconocimiento a su liderazgo y compromiso por el desarrollo [&hellip;]\" \/>\n<meta property=\"og:url\" content=\"https:\/\/prefecturadeesmeraldas.gob.ec\/index.php\/2024\/11\/21\/presidente-de-la-republica-participo-en-la-sesion-solemne-por-los-177-anos-de-provincializacion\/\" \/>\n<meta property=\"og:site_name\" content=\"Gobierno Aut\u00f3nomo Descentralizado de la Provincia de Esmeraldas\" \/>\n<meta property=\"article:publisher\" content=\"https:\/\/www.facebook.com\/PrefecturaEsmeraldas\/\" \/>\n<meta property=\"article:published_time\" content=\"2024-11-21T14:41:54+00:00\" \/>\n<meta property=\"article:modified_time\" content=\"2024-11-21T14:44:19+00:00\" \/>\n<meta property=\"og:image\" content=\"https:\/\/prefecturadeesmeraldas.gob.ec\/wp-content\/uploads\/2024\/11\/WhatsApp-Image-2024-11-20-at-14.21.10-scaled-e1732200247973.jpeg\" \/>\n\t<meta property=\"og:image:width\" content=\"2560\" \/>\n\t<meta property=\"og:image:height\" content=\"1800\" \/>\n\t<meta property=\"og:image:type\" content=\"image\/jpeg\" \/>\n<meta name=\"author\" content=\"Direcci\u00f3n de Comunicaci\u00f3n\" \/>\n<meta name=\"twitter:card\" content=\"summary_large_image\" \/>\n<meta name=\"twitter:label1\" content=\"Escrito por\" \/>\n\t<meta name=\"twitter:data1\" content=\"Direcci\u00f3n de Comunicaci\u00f3n\" \/>\n\t<meta name=\"twitter:label2\" content=\"Tiempo de lectura\" \/>\n\t<meta name=\"twitter:data2\" content=\"2 minutos\" \/>\n<script type=\"application\/ld+json\" class=\"yoast-schema-graph\">{\"@context\":\"https:\/\/schema.org\",\"@graph\":[{\"@type\":\"Article\",\"@id\":\"https:\/\/prefecturadeesmeraldas.gob.ec\/index.php\/2024\/11\/21\/presidente-de-la-republica-participo-en-la-sesion-solemne-por-los-177-anos-de-provincializacion\/#article\",\"isPartOf\":{\"@id\":\"https:\/\/prefecturadeesmeraldas.gob.ec\/index.php\/2024\/11\/21\/presidente-de-la-republica-participo-en-la-sesion-solemne-por-los-177-anos-de-provincializacion\/\"},\"author\":{\"name\":\"Direcci\u00f3n de Comunicaci\u00f3n\",\"@id\":\"https:\/\/prefecturadeesmeraldas.gob.ec\/#\/schema\/person\/b0c9e7b1ead7725994d1e319e8825234\"},\"headline\":\"Presidente de la Rep\u00fablica particip\u00f3 en la Sesi\u00f3n Solemne por los 177 a\u00f1os de Provincializaci\u00f3n.\",\"datePublished\":\"2024-11-21T14:41:54+00:00\",\"dateModified\":\"2024-11-21T14:44:19+00:00\",\"mainEntityOfPage\":{\"@id\":\"https:\/\/prefecturadeesmeraldas.gob.ec\/index.php\/2024\/11\/21\/presidente-de-la-republica-participo-en-la-sesion-solemne-por-los-177-anos-de-provincializacion\/\"},\"wordCount\":348,\"publisher\":{\"@id\":\"https:\/\/prefecturadeesmeraldas.gob.ec\/#organization\"},\"image\":{\"@id\":\"https:\/\/prefecturadeesmeraldas.gob.ec\/index.php\/2024\/11\/21\/presidente-de-la-republica-participo-en-la-sesion-solemne-por-los-177-anos-de-provincializacion\/#primaryimage\"},\"thumbnailUrl\":\"https:\/\/prefecturadeesmeraldas.gob.ec\/wp-content\/uploads\/2024\/11\/WhatsApp-Image-2024-11-20-at-14.21.10-scaled-e1732200247973.jpeg\",\"articleSection\":[\"Institucional\"],\"inLanguage\":\"es\"},{\"@type\":\"WebPage\",\"@id\":\"https:\/\/prefecturadeesmeraldas.gob.ec\/index.php\/2024\/11\/21\/presidente-de-la-republica-participo-en-la-sesion-solemne-por-los-177-anos-de-provincializacion\/\",\"url\":\"https:\/\/prefecturadeesmeraldas.gob.ec\/index.php\/2024\/11\/21\/presidente-de-la-republica-participo-en-la-sesion-solemne-por-los-177-anos-de-provincializacion\/\",\"name\":\"Presidente de la Rep\u00fablica particip\u00f3 en la Sesi\u00f3n Solemne por los 177 a\u00f1os de Provincializaci\u00f3n. - Gobierno Aut\u00f3nomo Descentralizado de la Provincia de Esmeraldas\",\"isPartOf\":{\"@id\":\"https:\/\/prefecturadeesmeraldas.gob.ec\/#website\"},\"primaryImageOfPage\":{\"@id\":\"https:\/\/prefecturadeesmeraldas.gob.ec\/index.php\/2024\/11\/21\/presidente-de-la-republica-participo-en-la-sesion-solemne-por-los-177-anos-de-provincializacion\/#primaryimage\"},\"image\":{\"@id\":\"https:\/\/prefecturadeesmeraldas.gob.ec\/index.php\/2024\/11\/21\/presidente-de-la-republica-participo-en-la-sesion-solemne-por-los-177-anos-de-provincializacion\/#primaryimage\"},\"thumbnailUrl\":\"https:\/\/prefecturadeesmeraldas.gob.ec\/wp-content\/uploads\/2024\/11\/WhatsApp-Image-2024-11-20-at-14.21.10-scaled-e1732200247973.jpeg\",\"datePublished\":\"2024-11-21T14:41:54+00:00\",\"dateModified\":\"2024-11-21T14:44:19+00:00\",\"breadcrumb\":{\"@id\":\"https:\/\/prefecturadeesmeraldas.gob.ec\/index.php\/2024\/11\/21\/presidente-de-la-republica-participo-en-la-sesion-solemne-por-los-177-anos-de-provincializacion\/#breadcrumb\"},\"inLanguage\":\"es\",\"potentialAction\":[{\"@type\":\"ReadAction\",\"target\":[\"https:\/\/prefecturadeesmeraldas.gob.ec\/index.php\/2024\/11\/21\/presidente-de-la-republica-participo-en-la-sesion-solemne-por-los-177-anos-de-provincializacion\/\"]}]},{\"@type\":\"ImageObject\",\"inLanguage\":\"es\",\"@id\":\"https:\/\/prefecturadeesmeraldas.gob.ec\/index.php\/2024\/11\/21\/presidente-de-la-republica-participo-en-la-sesion-solemne-por-los-177-anos-de-provincializacion\/#primaryimage\",\"url\":\"https:\/\/prefecturadeesmeraldas.gob.ec\/wp-content\/uploads\/2024\/11\/WhatsApp-Image-2024-11-20-at-14.21.10-scaled-e1732200247973.jpeg\",\"contentUrl\":\"https:\/\/prefecturadeesmeraldas.gob.ec\/wp-content\/uploads\/2024\/11\/WhatsApp-Image-2024-11-20-at-14.21.10-scaled-e1732200247973.jpeg\",\"width\":2560,\"height\":1800},{\"@type\":\"BreadcrumbList\",\"@id\":\"https:\/\/prefecturadeesmeraldas.gob.ec\/index.php\/2024\/11\/21\/presidente-de-la-republica-participo-en-la-sesion-solemne-por-los-177-anos-de-provincializacion\/#breadcrumb\",\"itemListElement\":[{\"@type\":\"ListItem\",\"position\":1,\"name\":\"Home\",\"item\":\"https:\/\/prefecturadeesmeraldas.gob.ec\/\"},{\"@type\":\"ListItem\",\"position\":2,\"name\":\"Presidente de la Rep\u00fablica particip\u00f3 en la Sesi\u00f3n Solemne por los 177 a\u00f1os de Provincializaci\u00f3n.\"}]},{\"@type\":\"WebSite\",\"@id\":\"https:\/\/prefecturadeesmeraldas.gob.ec\/#website\",\"url\":\"https:\/\/prefecturadeesmeraldas.gob.ec\/\",\"name\":\"Gobierno Aut\u00f3nomo Descentralizado de la Provincia de Esmeraldas\",\"description\":\"Gobierno Aut\u00f3nomo Descentralizado de la Provincia de Esmeraldas\",\"publisher\":{\"@id\":\"https:\/\/prefecturadeesmeraldas.gob.ec\/#organization\"},\"potentialAction\":[{\"@type\":\"SearchAction\",\"target\":{\"@type\":\"EntryPoint\",\"urlTemplate\":\"https:\/\/prefecturadeesmeraldas.gob.ec\/?s={search_term_string}\"},\"query-input\":{\"@type\":\"PropertyValueSpecification\",\"valueRequired\":true,\"valueName\":\"search_term_string\"}}],\"inLanguage\":\"es\"},{\"@type\":\"Organization\",\"@id\":\"https:\/\/prefecturadeesmeraldas.gob.ec\/#organization\",\"name\":\"Gobierno Aut\u00f3nomo Descentralizado de la Provincia de Esmeraldas\",\"url\":\"https:\/\/prefecturadeesmeraldas.gob.ec\/\",\"logo\":{\"@type\":\"ImageObject\",\"inLanguage\":\"es\",\"@id\":\"https:\/\/prefecturadeesmeraldas.gob.ec\/#\/schema\/logo\/image\/\",\"url\":\"https:\/\/prefecturadeesmeraldas.gob.ec\/wp-content\/uploads\/2019\/06\/logo.png\",\"contentUrl\":\"https:\/\/prefecturadeesmeraldas.gob.ec\/wp-content\/uploads\/2019\/06\/logo.png\",\"width\":859,\"height\":448,\"caption\":\"Gobierno Aut\u00f3nomo Descentralizado de la Provincia de Esmeraldas\"},\"image\":{\"@id\":\"https:\/\/prefecturadeesmeraldas.gob.ec\/#\/schema\/logo\/image\/\"},\"sameAs\":[\"https:\/\/www.facebook.com\/PrefecturaEsmeraldas\/\"]},{\"@type\":\"Person\",\"@id\":\"https:\/\/prefecturadeesmeraldas.gob.ec\/#\/schema\/person\/b0c9e7b1ead7725994d1e319e8825234\",\"name\":\"Direcci\u00f3n de Comunicaci\u00f3n\",\"image\":{\"@type\":\"ImageObject\",\"inLanguage\":\"es\",\"@id\":\"https:\/\/prefecturadeesmeraldas.gob.ec\/#\/schema\/person\/image\/\",\"url\":\"https:\/\/secure.gravatar.com\/avatar\/74a3870a946f5d774ade3569af61a72308e07ad3346f370c4b468ee2a9858658?s=96&d=mm&r=g\",\"contentUrl\":\"https:\/\/secure.gravatar.com\/avatar\/74a3870a946f5d774ade3569af61a72308e07ad3346f370c4b468ee2a9858658?s=96&d=mm&r=g\",\"caption\":\"Direcci\u00f3n de Comunicaci\u00f3n\"}}]}<\/script>\n<!-- \/ Yoast SEO plugin. -->","yoast_head_json":{"title":"Presidente de la Rep\u00fablica particip\u00f3 en la Sesi\u00f3n Solemne por los 177 a\u00f1os de Provincializaci\u00f3n. - Gobierno Aut\u00f3nomo Descentralizado de la Provincia de Esmeraldas","robots":{"index":"index","follow":"follow","max-snippet":"max-snippet:-1","max-image-preview":"max-image-preview:large","max-video-preview":"max-video-preview:-1"},"canonical":"https:\/\/prefecturadeesmeraldas.gob.ec\/index.php\/2024\/11\/21\/presidente-de-la-republica-participo-en-la-sesion-solemne-por-los-177-anos-de-provincializacion\/","og_locale":"es_ES","og_type":"article","og_title":"Presidente de la Rep\u00fablica particip\u00f3 en la Sesi\u00f3n Solemne por los 177 a\u00f1os de Provincializaci\u00f3n. - Gobierno Aut\u00f3nomo Descentralizado de la Provincia de Esmeraldas","og_description":"El primer mandatario del Ecuador, Daniel Noboa Azin, particip\u00f3 en la Sesi\u00f3n Solemne por la conmemoraci\u00f3n de los 177 a\u00f1os de provincializaci\u00f3n de Esmeraldas. Durante el evento, el presidente de la Rep\u00fablica recibi\u00f3 de manos de la prefecta, Roberta Zambrano, la \u201cPresea 20 de Noviembre\u201d, un reconocimiento a su liderazgo y compromiso por el desarrollo [&hellip;]","og_url":"https:\/\/prefecturadeesmeraldas.gob.ec\/index.php\/2024\/11\/21\/presidente-de-la-republica-participo-en-la-sesion-solemne-por-los-177-anos-de-provincializacion\/","og_site_name":"Gobierno Aut\u00f3nomo Descentralizado de la Provincia de Esmeraldas","article_publisher":"https:\/\/www.facebook.com\/PrefecturaEsmeraldas\/","article_published_time":"2024-11-21T14:41:54+00:00","article_modified_time":"2024-11-21T14:44:19+00:00","og_image":[{"width":2560,"height":1800,"url":"https:\/\/prefecturadeesmeraldas.gob.ec\/wp-content\/uploads\/2024\/11\/WhatsApp-Image-2024-11-20-at-14.21.10-scaled-e1732200247973.jpeg","type":"image\/jpeg"}],"author":"Direcci\u00f3n de Comunicaci\u00f3n","twitter_card":"summary_large_image","twitter_misc":{"Escrito por":"Direcci\u00f3n de Comunicaci\u00f3n","Tiempo de lectura":"2 minutos"},"schema":{"@context":"https:\/\/schema.org","@graph":[{"@type":"Article","@id":"https:\/\/prefecturadeesmeraldas.gob.ec\/index.php\/2024\/11\/21\/presidente-de-la-republica-participo-en-la-sesion-solemne-por-los-177-anos-de-provincializacion\/#article","isPartOf":{"@id":"https:\/\/prefecturadeesmeraldas.gob.ec\/index.php\/2024\/11\/21\/presidente-de-la-republica-participo-en-la-sesion-solemne-por-los-177-anos-de-provincializacion\/"},"author":{"name":"Direcci\u00f3n de Comunicaci\u00f3n","@id":"https:\/\/prefecturadeesmeraldas.gob.ec\/#\/schema\/person\/b0c9e7b1ead7725994d1e319e8825234"},"headline":"Presidente de la Rep\u00fablica particip\u00f3 en la Sesi\u00f3n Solemne por los 177 a\u00f1os de Provincializaci\u00f3n.","datePublished":"2024-11-21T14:41:54+00:00","dateModified":"2024-11-21T14:44:19+00:00","mainEntityOfPage":{"@id":"https:\/\/prefecturadeesmeraldas.gob.ec\/index.php\/2024\/11\/21\/presidente-de-la-republica-participo-en-la-sesion-solemne-por-los-177-anos-de-provincializacion\/"},"wordCount":348,"publisher":{"@id":"https:\/\/prefecturadeesmeraldas.gob.ec\/#organization"},"image":{"@id":"https:\/\/prefecturadeesmeraldas.gob.ec\/index.php\/2024\/11\/21\/presidente-de-la-republica-participo-en-la-sesion-solemne-por-los-177-anos-de-provincializacion\/#primaryimage"},"thumbnailUrl":"https:\/\/prefecturadeesmeraldas.gob.ec\/wp-content\/uploads\/2024\/11\/WhatsApp-Image-2024-11-20-at-14.21.10-scaled-e1732200247973.jpeg","articleSection":["Institucional"],"inLanguage":"es"},{"@type":"WebPage","@id":"https:\/\/prefecturadeesmeraldas.gob.ec\/index.php\/2024\/11\/21\/presidente-de-la-republica-participo-en-la-sesion-solemne-por-los-177-anos-de-provincializacion\/","url":"https:\/\/prefecturadeesmeraldas.gob.ec\/index.php\/2024\/11\/21\/presidente-de-la-republica-participo-en-la-sesion-solemne-por-los-177-anos-de-provincializacion\/","name":"Presidente de la Rep\u00fablica particip\u00f3 en la Sesi\u00f3n Solemne por los 177 a\u00f1os de Provincializaci\u00f3n. - Gobierno Aut\u00f3nomo Descentralizado de la Provincia de Esmeraldas","isPartOf":{"@id":"https:\/\/prefecturadeesmeraldas.gob.ec\/#website"},"primaryImageOfPage":{"@id":"https:\/\/prefecturadeesmeraldas.gob.ec\/index.php\/2024\/11\/21\/presidente-de-la-republica-participo-en-la-sesion-solemne-por-los-177-anos-de-provincializacion\/#primaryimage"},"image":{"@id":"https:\/\/prefecturadeesmeraldas.gob.ec\/index.php\/2024\/11\/21\/presidente-de-la-republica-participo-en-la-sesion-solemne-por-los-177-anos-de-provincializacion\/#primaryimage"},"thumbnailUrl":"https:\/\/prefecturadeesmeraldas.gob.ec\/wp-content\/uploads\/2024\/11\/WhatsApp-Image-2024-11-20-at-14.21.10-scaled-e1732200247973.jpeg","datePublished":"2024-11-21T14:41:54+00:00","dateModified":"2024-11-21T14:44:19+00:00","breadcrumb":{"@id":"https:\/\/prefecturadeesmeraldas.gob.ec\/index.php\/2024\/11\/21\/presidente-de-la-republica-participo-en-la-sesion-solemne-por-los-177-anos-de-provincializacion\/#breadcrumb"},"inLanguage":"es","potentialAction":[{"@type":"ReadAction","target":["https:\/\/prefecturadeesmeraldas.gob.ec\/index.php\/2024\/11\/21\/presidente-de-la-republica-participo-en-la-sesion-solemne-por-los-177-anos-de-provincializacion\/"]}]},{"@type":"ImageObject","inLanguage":"es","@id":"https:\/\/prefecturadeesmeraldas.gob.ec\/index.php\/2024\/11\/21\/presidente-de-la-republica-participo-en-la-sesion-solemne-por-los-177-anos-de-provincializacion\/#primaryimage","url":"https:\/\/prefecturadeesmeraldas.gob.ec\/wp-content\/uploads\/2024\/11\/WhatsApp-Image-2024-11-20-at-14.21.10-scaled-e1732200247973.jpeg","contentUrl":"https:\/\/prefecturadeesmeraldas.gob.ec\/wp-content\/uploads\/2024\/11\/WhatsApp-Image-2024-11-20-at-14.21.10-scaled-e1732200247973.jpeg","width":2560,"height":1800},{"@type":"BreadcrumbList","@id":"https:\/\/prefecturadeesmeraldas.gob.ec\/index.php\/2024\/11\/21\/presidente-de-la-republica-participo-en-la-sesion-solemne-por-los-177-anos-de-provincializacion\/#breadcrumb","itemListElement":[{"@type":"ListItem","position":1,"name":"Home","item":"https:\/\/prefecturadeesmeraldas.gob.ec\/"},{"@type":"ListItem","position":2,"name":"Presidente de la Rep\u00fablica particip\u00f3 en la Sesi\u00f3n Solemne por los 177 a\u00f1os de Provincializaci\u00f3n."}]},{"@type":"WebSite","@id":"https:\/\/prefecturadeesmeraldas.gob.ec\/#website","url":"https:\/\/prefecturadeesmeraldas.gob.ec\/","name":"Gobierno Aut\u00f3nomo Descentralizado de la Provincia de Esmeraldas","description":"Gobierno Aut\u00f3nomo Descentralizado de la Provincia de Esmeraldas","publisher":{"@id":"https:\/\/prefecturadeesmeraldas.gob.ec\/#organization"},"potentialAction":[{"@type":"SearchAction","target":{"@type":"EntryPoint","urlTemplate":"https:\/\/prefecturadeesmeraldas.gob.ec\/?s={search_term_string}"},"query-input":{"@type":"PropertyValueSpecification","valueRequired":true,"valueName":"search_term_string"}}],"inLanguage":"es"},{"@type":"Organization","@id":"https:\/\/prefecturadeesmeraldas.gob.ec\/#organization","name":"Gobierno Aut\u00f3nomo Descentralizado de la Provincia de Esmeraldas","url":"https:\/\/prefecturadeesmeraldas.gob.ec\/","logo":{"@type":"ImageObject","inLanguage":"es","@id":"https:\/\/prefecturadeesmeraldas.gob.ec\/#\/schema\/logo\/image\/","url":"https:\/\/prefecturadeesmeraldas.gob.ec\/wp-content\/uploads\/2019\/06\/logo.png","contentUrl":"https:\/\/prefecturadeesmeraldas.gob.ec\/wp-content\/uploads\/2019\/06\/logo.png","width":859,"height":448,"caption":"Gobierno Aut\u00f3nomo Descentralizado de la Provincia de Esmeraldas"},"image":{"@id":"https:\/\/prefecturadeesmeraldas.gob.ec\/#\/schema\/logo\/image\/"},"sameAs":["https:\/\/www.facebook.com\/PrefecturaEsmeraldas\/"]},{"@type":"Person","@id":"https:\/\/prefecturadeesmeraldas.gob.ec\/#\/schema\/person\/b0c9e7b1ead7725994d1e319e8825234","name":"Direcci\u00f3n de Comunicaci\u00f3n","image":{"@type":"ImageObject","inLanguage":"es","@id":"https:\/\/prefecturadeesmeraldas.gob.ec\/#\/schema\/person\/image\/","url":"https:\/\/secure.gravatar.com\/avatar\/74a3870a946f5d774ade3569af61a72308e07ad3346f370c4b468ee2a9858658?s=96&d=mm&r=g","contentUrl":"https:\/\/secure.gravatar.com\/avatar\/74a3870a946f5d774ade3569af61a72308e07ad3346f370c4b468ee2a9858658?s=96&d=mm&r=g","caption":"Direcci\u00f3n de Comunicaci\u00f3n"}}]}},"_links":{"self":[{"href":"https:\/\/prefecturadeesmeraldas.gob.ec\/index.php\/wp-json\/wp\/v2\/posts\/28267","targetHints":{"allow":["GET"]}}],"collection":[{"href":"https:\/\/prefecturadeesmeraldas.gob.ec\/index.php\/wp-json\/wp\/v2\/posts"}],"about":[{"href":"https:\/\/prefecturadeesmeraldas.gob.ec\/index.php\/wp-json\/wp\/v2\/types\/post"}],"author":[{"embeddable":true,"href":"https:\/\/prefecturadeesmeraldas.gob.ec\/index.php\/wp-json\/wp\/v2\/users\/2"}],"replies":[{"embeddable":true,"href":"https:\/\/prefecturadeesmeraldas.gob.ec\/index.php\/wp-json\/wp\/v2\/comments?post=28267"}],"version-history":[{"count":3,"href":"https:\/\/prefecturadeesmeraldas.gob.ec\/index.php\/wp-json\/wp\/v2\/posts\/28267\/revisions"}],"predecessor-version":[{"id":28271,"href":"https:\/\/prefecturadeesmeraldas.gob.ec\/index.php\/wp-json\/wp\/v2\/posts\/28267\/revisions\/28271"}],"wp:featuredmedia":[{"embeddable":true,"href":"https:\/\/prefecturadeesmeraldas.gob.ec\/index.php\/wp-json\/wp\/v2\/media\/28268"}],"wp:attachment":[{"href":"https:\/\/prefecturadeesmeraldas.gob.ec\/index.php\/wp-json\/wp\/v2\/media?parent=28267"}],"wp:term":[{"taxonomy":"category","embeddable":true,"href":"https:\/\/prefecturadeesmeraldas.gob.ec\/index.php\/wp-json\/wp\/v2\/categories?post=28267"},{"taxonomy":"post_tag","embeddable":true,"href":"https:\/\/prefecturadeesmeraldas.gob.ec\/index.php\/wp-json\/wp\/v2\/tags?post=28267"}],"curies":[{"name":"wp","href":"https:\/\/api.w.org\/{rel}","templated":true}]}}