{"id":28259,"date":"2024-11-21T09:34:00","date_gmt":"2024-11-21T14:34:00","guid":{"rendered":"https:\/\/prefecturadeesmeraldas.gob.ec\/?p=28259"},"modified":"2024-11-21T09:38:16","modified_gmt":"2024-11-21T14:38:16","slug":"historica-sesion-solemne-por-los-177-anos-de-provincializacion-de-esmeraldas","status":"publish","type":"post","link":"https:\/\/prefecturadeesmeraldas.gob.ec\/index.php\/2024\/11\/21\/historica-sesion-solemne-por-los-177-anos-de-provincializacion-de-esmeraldas\/","title":{"rendered":"Hist\u00f3rica Sesi\u00f3n Solemne por los 177 a\u00f1os de provincializaci\u00f3n de Esmeraldas."},"content":{"rendered":"\t\t<div data-elementor-type=\"wp-post\" data-elementor-id=\"28259\" class=\"elementor elementor-28259\">\n\t\t\t\t<div class=\"elementor-element elementor-element-9942393 e-flex e-con-boxed e-con e-parent\" data-id=\"9942393\" data-element_type=\"container\">\n\t\t\t\t\t<div class=\"e-con-inner\">\n\t\t\t\t<div class=\"elementor-element elementor-element-2d253bf elementor-widget elementor-widget-image\" data-id=\"2d253bf\" data-element_type=\"widget\" data-widget_type=\"image.default\">\n\t\t\t\t<div class=\"elementor-widget-container\">\n\t\t\t\t\t\t\t\t\t\t\t\t\t\t\t<img fetchpriority=\"high\" decoding=\"async\" width=\"2560\" height=\"1800\" src=\"https:\/\/prefecturadeesmeraldas.gob.ec\/wp-content\/uploads\/2024\/11\/WhatsApp-Image-2024-11-20-at-14.21.22-2-scaled-e1732199950446.jpeg\" class=\"attachment-large size-large wp-image-28261\" alt=\"\" srcset=\"https:\/\/prefecturadeesmeraldas.gob.ec\/wp-content\/uploads\/2024\/11\/WhatsApp-Image-2024-11-20-at-14.21.22-2-scaled-e1732199950446.jpeg 2560w, https:\/\/prefecturadeesmeraldas.gob.ec\/wp-content\/uploads\/2024\/11\/WhatsApp-Image-2024-11-20-at-14.21.22-2-scaled-e1732199950446-300x211.jpeg 300w, https:\/\/prefecturadeesmeraldas.gob.ec\/wp-content\/uploads\/2024\/11\/WhatsApp-Image-2024-11-20-at-14.21.22-2-scaled-e1732199950446-768x540.jpeg 768w, https:\/\/prefecturadeesmeraldas.gob.ec\/wp-content\/uploads\/2024\/11\/WhatsApp-Image-2024-11-20-at-14.21.22-2-scaled-e1732199950446-1536x1080.jpeg 1536w, https:\/\/prefecturadeesmeraldas.gob.ec\/wp-content\/uploads\/2024\/11\/WhatsApp-Image-2024-11-20-at-14.21.22-2-scaled-e1732199950446-2048x1440.jpeg 2048w\" sizes=\"(max-width: 2560px) 100vw, 2560px\" \/>\t\t\t\t\t\t\t\t\t\t\t\t\t\t\t<\/div>\n\t\t\t\t<\/div>\n\t\t\t\t\t<\/div>\n\t\t\t\t<\/div>\n\t\t<div class=\"elementor-element elementor-element-a538c0e e-flex e-con-boxed e-con e-parent\" data-id=\"a538c0e\" data-element_type=\"container\">\n\t\t\t\t\t<div class=\"e-con-inner\">\n\t\t\t\t<div class=\"elementor-element elementor-element-e0a7b23 elementor-widget elementor-widget-text-editor\" data-id=\"e0a7b23\" data-element_type=\"widget\" data-widget_type=\"text-editor.default\">\n\t\t\t\t<div class=\"elementor-widget-container\">\n\t\t\t\t\t\t\t\t\t<p>El Presidente Constitucional de la Rep\u00fablica, Mag\u00edster <strong>Daniel Noboa Az\u00edn<\/strong>, acompa\u00f1ado de la Abogada <strong>Roberta Zambrano<\/strong>, Prefecta de Esmeraldas, y el Viceprefecto <strong>Diego Zambrano<\/strong>, presidi\u00f3 la Sesi\u00f3n Solemne en conmemoraci\u00f3n de los 177 a\u00f1os de provincializaci\u00f3n de Esmeraldas. Este significativo evento se llev\u00f3 a cabo este mi\u00e9rcoles 20 de noviembre, al mediod\u00eda, en el emblem\u00e1tico Malec\u00f3n de Las Palmas.<\/p><p>Distinguidas autoridades e invitados especiales se dieron cita en esta ceremonia, demostrando su liderazgo y compromiso con el desarrollo y bienestar de nuestra provincia.<\/p><p>En un momento hist\u00f3rico y lleno de emoci\u00f3n, la Prefecta Roberta Zambrano propuso al Presidente Noboa trabajar juntos para hacer realidad el <strong>primer parque deportivo de Esmeraldas<\/strong>, que estar\u00e1 ubicado en la parroquia Tachina. Este ambicioso proyecto, que contar\u00e1 con canchas de f\u00fatbol, v\u00f3ley, b\u00e1squet, una ruta cicl\u00edstica, camerinos, parqueaderos y m\u00e1s, recibi\u00f3 la aceptaci\u00f3n del Presidente Noboa, quien se comprometi\u00f3 a financiar su construcci\u00f3n.<\/p><p>Esmeraldas celebra 177 a\u00f1os de historia, marcada por el esfuerzo de su gente aguerrida, emprendedora y alegre, siendo un pilar fundamental del transporte mar\u00edtimo ecuatoriano.<\/p>\t\t\t\t\t\t\t\t<\/div>\n\t\t\t\t<\/div>\n\t\t\t\t\t<\/div>\n\t\t\t\t<\/div>\n\t\t<div class=\"elementor-element elementor-element-858c939 e-flex e-con-boxed e-con e-parent\" data-id=\"858c939\" data-element_type=\"container\">\n\t\t\t\t\t<div class=\"e-con-inner\">\n\t\t<div class=\"elementor-element elementor-element-e815960 e-con-full e-flex e-con e-child\" data-id=\"e815960\" data-element_type=\"container\">\n\t\t\t\t<div class=\"elementor-element elementor-element-5b4bcba elementor-widget elementor-widget-image\" data-id=\"5b4bcba\" data-element_type=\"widget\" data-widget_type=\"image.default\">\n\t\t\t\t<div class=\"elementor-widget-container\">\n\t\t\t\t\t\t\t\t\t\t\t\t\t\t\t<img decoding=\"async\" width=\"2560\" height=\"2560\" src=\"https:\/\/prefecturadeesmeraldas.gob.ec\/wp-content\/uploads\/2024\/11\/WhatsApp-Image-2024-11-20-at-14.21.21-2-scaled.jpeg\" class=\"attachment-large size-large wp-image-28262\" alt=\"\" srcset=\"https:\/\/prefecturadeesmeraldas.gob.ec\/wp-content\/uploads\/2024\/11\/WhatsApp-Image-2024-11-20-at-14.21.21-2-scaled.jpeg 2560w, https:\/\/prefecturadeesmeraldas.gob.ec\/wp-content\/uploads\/2024\/11\/WhatsApp-Image-2024-11-20-at-14.21.21-2-300x300.jpeg 300w, https:\/\/prefecturadeesmeraldas.gob.ec\/wp-content\/uploads\/2024\/11\/WhatsApp-Image-2024-11-20-at-14.21.21-2-150x150.jpeg 150w, https:\/\/prefecturadeesmeraldas.gob.ec\/wp-content\/uploads\/2024\/11\/WhatsApp-Image-2024-11-20-at-14.21.21-2-768x768.jpeg 768w, https:\/\/prefecturadeesmeraldas.gob.ec\/wp-content\/uploads\/2024\/11\/WhatsApp-Image-2024-11-20-at-14.21.21-2-1536x1536.jpeg 1536w, https:\/\/prefecturadeesmeraldas.gob.ec\/wp-content\/uploads\/2024\/11\/WhatsApp-Image-2024-11-20-at-14.21.21-2-2048x2048.jpeg 2048w, https:\/\/prefecturadeesmeraldas.gob.ec\/wp-content\/uploads\/2024\/11\/WhatsApp-Image-2024-11-20-at-14.21.21-2-440x440.jpeg 440w, https:\/\/prefecturadeesmeraldas.gob.ec\/wp-content\/uploads\/2024\/11\/WhatsApp-Image-2024-11-20-at-14.21.21-2-180x180.jpeg 180w, https:\/\/prefecturadeesmeraldas.gob.ec\/wp-content\/uploads\/2024\/11\/WhatsApp-Image-2024-11-20-at-14.21.21-2-120x120.jpeg 120w\" sizes=\"(max-width: 2560px) 100vw, 2560px\" \/>\t\t\t\t\t\t\t\t\t\t\t\t\t\t\t<\/div>\n\t\t\t\t<\/div>\n\t\t\t\t<\/div>\n\t\t<div class=\"elementor-element elementor-element-72d96a3 e-con-full e-flex e-con e-child\" data-id=\"72d96a3\" data-element_type=\"container\">\n\t\t\t\t<div class=\"elementor-element elementor-element-d1cd375 elementor-widget elementor-widget-image\" data-id=\"d1cd375\" data-element_type=\"widget\" data-widget_type=\"image.default\">\n\t\t\t\t<div class=\"elementor-widget-container\">\n\t\t\t\t\t\t\t\t\t\t\t\t\t\t\t<img decoding=\"async\" width=\"2560\" height=\"2560\" src=\"https:\/\/prefecturadeesmeraldas.gob.ec\/wp-content\/uploads\/2024\/11\/WhatsApp-Image-2024-11-20-at-14.21.22-5-scaled.jpeg\" class=\"attachment-large size-large wp-image-28263\" alt=\"\" srcset=\"https:\/\/prefecturadeesmeraldas.gob.ec\/wp-content\/uploads\/2024\/11\/WhatsApp-Image-2024-11-20-at-14.21.22-5-scaled.jpeg 2560w, https:\/\/prefecturadeesmeraldas.gob.ec\/wp-content\/uploads\/2024\/11\/WhatsApp-Image-2024-11-20-at-14.21.22-5-300x300.jpeg 300w, https:\/\/prefecturadeesmeraldas.gob.ec\/wp-content\/uploads\/2024\/11\/WhatsApp-Image-2024-11-20-at-14.21.22-5-150x150.jpeg 150w, https:\/\/prefecturadeesmeraldas.gob.ec\/wp-content\/uploads\/2024\/11\/WhatsApp-Image-2024-11-20-at-14.21.22-5-768x768.jpeg 768w, https:\/\/prefecturadeesmeraldas.gob.ec\/wp-content\/uploads\/2024\/11\/WhatsApp-Image-2024-11-20-at-14.21.22-5-1536x1536.jpeg 1536w, https:\/\/prefecturadeesmeraldas.gob.ec\/wp-content\/uploads\/2024\/11\/WhatsApp-Image-2024-11-20-at-14.21.22-5-2048x2048.jpeg 2048w, https:\/\/prefecturadeesmeraldas.gob.ec\/wp-content\/uploads\/2024\/11\/WhatsApp-Image-2024-11-20-at-14.21.22-5-440x440.jpeg 440w, https:\/\/prefecturadeesmeraldas.gob.ec\/wp-content\/uploads\/2024\/11\/WhatsApp-Image-2024-11-20-at-14.21.22-5-180x180.jpeg 180w, https:\/\/prefecturadeesmeraldas.gob.ec\/wp-content\/uploads\/2024\/11\/WhatsApp-Image-2024-11-20-at-14.21.22-5-120x120.jpeg 120w\" sizes=\"(max-width: 2560px) 100vw, 2560px\" \/>\t\t\t\t\t\t\t\t\t\t\t\t\t\t\t<\/div>\n\t\t\t\t<\/div>\n\t\t\t\t<\/div>\n\t\t\t\t\t<\/div>\n\t\t\t\t<\/div>\n\t\t<div class=\"elementor-element elementor-element-79c354e e-flex e-con-boxed e-con e-parent\" data-id=\"79c354e\" data-element_type=\"container\">\n\t\t\t\t\t<div class=\"e-con-inner\">\n\t\t\t\t<div class=\"elementor-element elementor-element-f41d125 elementor-widget elementor-widget-text-editor\" data-id=\"f41d125\" data-element_type=\"widget\" data-widget_type=\"text-editor.default\">\n\t\t\t\t<div class=\"elementor-widget-container\">\n\t\t\t\t\t\t\t\t\t<p>Durante el acto solemne, se rindi\u00f3 homenaje a personalidades e instituciones que, con su dedicaci\u00f3n y compromiso, han contribuido significativamente al progreso de la provincia. En este marco, se entregaron condecoraciones en las siguientes categor\u00edas:<\/p><ul><li><strong>M\u00e9rito Ciudadano:<\/strong> Reconociendo a personas que han dejado un impacto positivo y ejemplar en la sociedad.<\/li><li><strong>M\u00e9rito Institucional y Profesional:<\/strong> Valorando el aporte al desarrollo y bienestar de la comunidad.<\/li><\/ul><p>El momento cumbre de la sesi\u00f3n fue la entrega de la <strong>Presea 20 de Noviembre<\/strong>, la m\u00e1xima condecoraci\u00f3n otorgada por la Prefectura de Esmeraldas, al Presidente Daniel Noboa Az\u00edn, en reconocimiento a su liderazgo y compromiso con el desarrollo de nuestra provincia.<\/p><p>Este aniversario no solo conmemora la rica historia de Esmeraldas, sino que renueva el compromiso de todos sus habitantes y autoridades para seguir trabajando por un futuro pr\u00f3spero y lleno de oportunidades. <\/p>\t\t\t\t\t\t\t\t<\/div>\n\t\t\t\t<\/div>\n\t\t\t\t\t<\/div>\n\t\t\t\t<\/div>\n\t\t\t\t<\/div>\n\t\t","protected":false},"excerpt":{"rendered":"<p>El Presidente Constitucional de la Rep\u00fablica, Mag\u00edster Daniel Noboa Az\u00edn, acompa\u00f1ado de la Abogada Roberta Zambrano, Prefecta de Esmeraldas, y el Viceprefecto Diego Zambrano, presidi\u00f3 la Sesi\u00f3n Solemne en conmemoraci\u00f3n de los 177 a\u00f1os de provincializaci\u00f3n de Esmeraldas. Este significativo evento se llev\u00f3 a cabo este mi\u00e9rcoles 20 de noviembre, al mediod\u00eda, en el emblem\u00e1tico [&hellip;]<\/p>\n","protected":false},"author":2,"featured_media":28261,"comment_status":"closed","ping_status":"open","sticky":false,"template":"","format":"standard","meta":{"footnotes":""},"categories":[3],"tags":[],"class_list":["post-28259","post","type-post","status-publish","format-standard","has-post-thumbnail","hentry","category-institucional"],"yoast_head":"<!-- This site is optimized with the Yoast SEO plugin v25.7 - https:\/\/yoast.com\/wordpress\/plugins\/seo\/ -->\n<title>Hist\u00f3rica Sesi\u00f3n Solemne por los 177 a\u00f1os de provincializaci\u00f3n de Esmeraldas. - Gobierno Aut\u00f3nomo Descentralizado de la Provincia de Esmeraldas<\/title>\n<meta name=\"robots\" content=\"index, follow, max-snippet:-1, max-image-preview:large, max-video-preview:-1\" \/>\n<link rel=\"canonical\" href=\"https:\/\/prefecturadeesmeraldas.gob.ec\/index.php\/2024\/11\/21\/historica-sesion-solemne-por-los-177-anos-de-provincializacion-de-esmeraldas\/\" \/>\n<meta property=\"og:locale\" content=\"es_ES\" \/>\n<meta property=\"og:type\" content=\"article\" \/>\n<meta property=\"og:title\" content=\"Hist\u00f3rica Sesi\u00f3n Solemne por los 177 a\u00f1os de provincializaci\u00f3n de Esmeraldas. - Gobierno Aut\u00f3nomo Descentralizado de la Provincia de Esmeraldas\" \/>\n<meta property=\"og:description\" content=\"El Presidente Constitucional de la Rep\u00fablica, Mag\u00edster Daniel Noboa Az\u00edn, acompa\u00f1ado de la Abogada Roberta Zambrano, Prefecta de Esmeraldas, y el Viceprefecto Diego Zambrano, presidi\u00f3 la Sesi\u00f3n Solemne en conmemoraci\u00f3n de los 177 a\u00f1os de provincializaci\u00f3n de Esmeraldas. Este significativo evento se llev\u00f3 a cabo este mi\u00e9rcoles 20 de noviembre, al mediod\u00eda, en el emblem\u00e1tico [&hellip;]\" \/>\n<meta property=\"og:url\" content=\"https:\/\/prefecturadeesmeraldas.gob.ec\/index.php\/2024\/11\/21\/historica-sesion-solemne-por-los-177-anos-de-provincializacion-de-esmeraldas\/\" \/>\n<meta property=\"og:site_name\" content=\"Gobierno Aut\u00f3nomo Descentralizado de la Provincia de Esmeraldas\" \/>\n<meta property=\"article:publisher\" content=\"https:\/\/www.facebook.com\/PrefecturaEsmeraldas\/\" \/>\n<meta property=\"article:published_time\" content=\"2024-11-21T14:34:00+00:00\" \/>\n<meta property=\"article:modified_time\" content=\"2024-11-21T14:38:16+00:00\" \/>\n<meta property=\"og:image\" content=\"https:\/\/prefecturadeesmeraldas.gob.ec\/wp-content\/uploads\/2024\/11\/WhatsApp-Image-2024-11-20-at-14.21.22-2-scaled.jpeg\" \/>\n\t<meta property=\"og:image:width\" content=\"2560\" \/>\n\t<meta property=\"og:image:height\" content=\"2560\" \/>\n\t<meta property=\"og:image:type\" content=\"image\/jpeg\" \/>\n<meta name=\"author\" content=\"Direcci\u00f3n de Comunicaci\u00f3n\" \/>\n<meta name=\"twitter:card\" content=\"summary_large_image\" \/>\n<meta name=\"twitter:label1\" content=\"Escrito por\" \/>\n\t<meta name=\"twitter:data1\" content=\"Direcci\u00f3n de Comunicaci\u00f3n\" \/>\n\t<meta name=\"twitter:label2\" content=\"Tiempo de lectura\" \/>\n\t<meta name=\"twitter:data2\" content=\"3 minutos\" \/>\n<script type=\"application\/ld+json\" class=\"yoast-schema-graph\">{\"@context\":\"https:\/\/schema.org\",\"@graph\":[{\"@type\":\"Article\",\"@id\":\"https:\/\/prefecturadeesmeraldas.gob.ec\/index.php\/2024\/11\/21\/historica-sesion-solemne-por-los-177-anos-de-provincializacion-de-esmeraldas\/#article\",\"isPartOf\":{\"@id\":\"https:\/\/prefecturadeesmeraldas.gob.ec\/index.php\/2024\/11\/21\/historica-sesion-solemne-por-los-177-anos-de-provincializacion-de-esmeraldas\/\"},\"author\":{\"name\":\"Direcci\u00f3n de Comunicaci\u00f3n\",\"@id\":\"https:\/\/prefecturadeesmeraldas.gob.ec\/#\/schema\/person\/b0c9e7b1ead7725994d1e319e8825234\"},\"headline\":\"Hist\u00f3rica Sesi\u00f3n Solemne por los 177 a\u00f1os de provincializaci\u00f3n de Esmeraldas.\",\"datePublished\":\"2024-11-21T14:34:00+00:00\",\"dateModified\":\"2024-11-21T14:38:16+00:00\",\"mainEntityOfPage\":{\"@id\":\"https:\/\/prefecturadeesmeraldas.gob.ec\/index.php\/2024\/11\/21\/historica-sesion-solemne-por-los-177-anos-de-provincializacion-de-esmeraldas\/\"},\"wordCount\":354,\"publisher\":{\"@id\":\"https:\/\/prefecturadeesmeraldas.gob.ec\/#organization\"},\"image\":{\"@id\":\"https:\/\/prefecturadeesmeraldas.gob.ec\/index.php\/2024\/11\/21\/historica-sesion-solemne-por-los-177-anos-de-provincializacion-de-esmeraldas\/#primaryimage\"},\"thumbnailUrl\":\"https:\/\/prefecturadeesmeraldas.gob.ec\/wp-content\/uploads\/2024\/11\/WhatsApp-Image-2024-11-20-at-14.21.22-2-scaled-e1732199950446.jpeg\",\"articleSection\":[\"Institucional\"],\"inLanguage\":\"es\"},{\"@type\":\"WebPage\",\"@id\":\"https:\/\/prefecturadeesmeraldas.gob.ec\/index.php\/2024\/11\/21\/historica-sesion-solemne-por-los-177-anos-de-provincializacion-de-esmeraldas\/\",\"url\":\"https:\/\/prefecturadeesmeraldas.gob.ec\/index.php\/2024\/11\/21\/historica-sesion-solemne-por-los-177-anos-de-provincializacion-de-esmeraldas\/\",\"name\":\"Hist\u00f3rica Sesi\u00f3n Solemne por los 177 a\u00f1os de provincializaci\u00f3n de Esmeraldas. - Gobierno Aut\u00f3nomo Descentralizado de la Provincia de Esmeraldas\",\"isPartOf\":{\"@id\":\"https:\/\/prefecturadeesmeraldas.gob.ec\/#website\"},\"primaryImageOfPage\":{\"@id\":\"https:\/\/prefecturadeesmeraldas.gob.ec\/index.php\/2024\/11\/21\/historica-sesion-solemne-por-los-177-anos-de-provincializacion-de-esmeraldas\/#primaryimage\"},\"image\":{\"@id\":\"https:\/\/prefecturadeesmeraldas.gob.ec\/index.php\/2024\/11\/21\/historica-sesion-solemne-por-los-177-anos-de-provincializacion-de-esmeraldas\/#primaryimage\"},\"thumbnailUrl\":\"https:\/\/prefecturadeesmeraldas.gob.ec\/wp-content\/uploads\/2024\/11\/WhatsApp-Image-2024-11-20-at-14.21.22-2-scaled-e1732199950446.jpeg\",\"datePublished\":\"2024-11-21T14:34:00+00:00\",\"dateModified\":\"2024-11-21T14:38:16+00:00\",\"breadcrumb\":{\"@id\":\"https:\/\/prefecturadeesmeraldas.gob.ec\/index.php\/2024\/11\/21\/historica-sesion-solemne-por-los-177-anos-de-provincializacion-de-esmeraldas\/#breadcrumb\"},\"inLanguage\":\"es\",\"potentialAction\":[{\"@type\":\"ReadAction\",\"target\":[\"https:\/\/prefecturadeesmeraldas.gob.ec\/index.php\/2024\/11\/21\/historica-sesion-solemne-por-los-177-anos-de-provincializacion-de-esmeraldas\/\"]}]},{\"@type\":\"ImageObject\",\"inLanguage\":\"es\",\"@id\":\"https:\/\/prefecturadeesmeraldas.gob.ec\/index.php\/2024\/11\/21\/historica-sesion-solemne-por-los-177-anos-de-provincializacion-de-esmeraldas\/#primaryimage\",\"url\":\"https:\/\/prefecturadeesmeraldas.gob.ec\/wp-content\/uploads\/2024\/11\/WhatsApp-Image-2024-11-20-at-14.21.22-2-scaled-e1732199950446.jpeg\",\"contentUrl\":\"https:\/\/prefecturadeesmeraldas.gob.ec\/wp-content\/uploads\/2024\/11\/WhatsApp-Image-2024-11-20-at-14.21.22-2-scaled-e1732199950446.jpeg\",\"width\":2560,\"height\":1800},{\"@type\":\"BreadcrumbList\",\"@id\":\"https:\/\/prefecturadeesmeraldas.gob.ec\/index.php\/2024\/11\/21\/historica-sesion-solemne-por-los-177-anos-de-provincializacion-de-esmeraldas\/#breadcrumb\",\"itemListElement\":[{\"@type\":\"ListItem\",\"position\":1,\"name\":\"Home\",\"item\":\"https:\/\/prefecturadeesmeraldas.gob.ec\/\"},{\"@type\":\"ListItem\",\"position\":2,\"name\":\"Hist\u00f3rica Sesi\u00f3n Solemne por los 177 a\u00f1os de provincializaci\u00f3n de Esmeraldas.\"}]},{\"@type\":\"WebSite\",\"@id\":\"https:\/\/prefecturadeesmeraldas.gob.ec\/#website\",\"url\":\"https:\/\/prefecturadeesmeraldas.gob.ec\/\",\"name\":\"Gobierno Aut\u00f3nomo Descentralizado de la Provincia de Esmeraldas\",\"description\":\"Gobierno Aut\u00f3nomo Descentralizado de la Provincia de Esmeraldas\",\"publisher\":{\"@id\":\"https:\/\/prefecturadeesmeraldas.gob.ec\/#organization\"},\"potentialAction\":[{\"@type\":\"SearchAction\",\"target\":{\"@type\":\"EntryPoint\",\"urlTemplate\":\"https:\/\/prefecturadeesmeraldas.gob.ec\/?s={search_term_string}\"},\"query-input\":{\"@type\":\"PropertyValueSpecification\",\"valueRequired\":true,\"valueName\":\"search_term_string\"}}],\"inLanguage\":\"es\"},{\"@type\":\"Organization\",\"@id\":\"https:\/\/prefecturadeesmeraldas.gob.ec\/#organization\",\"name\":\"Gobierno Aut\u00f3nomo Descentralizado de la Provincia de Esmeraldas\",\"url\":\"https:\/\/prefecturadeesmeraldas.gob.ec\/\",\"logo\":{\"@type\":\"ImageObject\",\"inLanguage\":\"es\",\"@id\":\"https:\/\/prefecturadeesmeraldas.gob.ec\/#\/schema\/logo\/image\/\",\"url\":\"https:\/\/prefecturadeesmeraldas.gob.ec\/wp-content\/uploads\/2019\/06\/logo.png\",\"contentUrl\":\"https:\/\/prefecturadeesmeraldas.gob.ec\/wp-content\/uploads\/2019\/06\/logo.png\",\"width\":859,\"height\":448,\"caption\":\"Gobierno Aut\u00f3nomo Descentralizado de la Provincia de Esmeraldas\"},\"image\":{\"@id\":\"https:\/\/prefecturadeesmeraldas.gob.ec\/#\/schema\/logo\/image\/\"},\"sameAs\":[\"https:\/\/www.facebook.com\/PrefecturaEsmeraldas\/\"]},{\"@type\":\"Person\",\"@id\":\"https:\/\/prefecturadeesmeraldas.gob.ec\/#\/schema\/person\/b0c9e7b1ead7725994d1e319e8825234\",\"name\":\"Direcci\u00f3n de Comunicaci\u00f3n\",\"image\":{\"@type\":\"ImageObject\",\"inLanguage\":\"es\",\"@id\":\"https:\/\/prefecturadeesmeraldas.gob.ec\/#\/schema\/person\/image\/\",\"url\":\"https:\/\/secure.gravatar.com\/avatar\/74a3870a946f5d774ade3569af61a72308e07ad3346f370c4b468ee2a9858658?s=96&d=mm&r=g\",\"contentUrl\":\"https:\/\/secure.gravatar.com\/avatar\/74a3870a946f5d774ade3569af61a72308e07ad3346f370c4b468ee2a9858658?s=96&d=mm&r=g\",\"caption\":\"Direcci\u00f3n de Comunicaci\u00f3n\"}}]}<\/script>\n<!-- \/ Yoast SEO plugin. -->","yoast_head_json":{"title":"Hist\u00f3rica Sesi\u00f3n Solemne por los 177 a\u00f1os de provincializaci\u00f3n de Esmeraldas. - Gobierno Aut\u00f3nomo Descentralizado de la Provincia de Esmeraldas","robots":{"index":"index","follow":"follow","max-snippet":"max-snippet:-1","max-image-preview":"max-image-preview:large","max-video-preview":"max-video-preview:-1"},"canonical":"https:\/\/prefecturadeesmeraldas.gob.ec\/index.php\/2024\/11\/21\/historica-sesion-solemne-por-los-177-anos-de-provincializacion-de-esmeraldas\/","og_locale":"es_ES","og_type":"article","og_title":"Hist\u00f3rica Sesi\u00f3n Solemne por los 177 a\u00f1os de provincializaci\u00f3n de Esmeraldas. - Gobierno Aut\u00f3nomo Descentralizado de la Provincia de Esmeraldas","og_description":"El Presidente Constitucional de la Rep\u00fablica, Mag\u00edster Daniel Noboa Az\u00edn, acompa\u00f1ado de la Abogada Roberta Zambrano, Prefecta de Esmeraldas, y el Viceprefecto Diego Zambrano, presidi\u00f3 la Sesi\u00f3n Solemne en conmemoraci\u00f3n de los 177 a\u00f1os de provincializaci\u00f3n de Esmeraldas. Este significativo evento se llev\u00f3 a cabo este mi\u00e9rcoles 20 de noviembre, al mediod\u00eda, en el emblem\u00e1tico [&hellip;]","og_url":"https:\/\/prefecturadeesmeraldas.gob.ec\/index.php\/2024\/11\/21\/historica-sesion-solemne-por-los-177-anos-de-provincializacion-de-esmeraldas\/","og_site_name":"Gobierno Aut\u00f3nomo Descentralizado de la Provincia de Esmeraldas","article_publisher":"https:\/\/www.facebook.com\/PrefecturaEsmeraldas\/","article_published_time":"2024-11-21T14:34:00+00:00","article_modified_time":"2024-11-21T14:38:16+00:00","og_image":[{"width":2560,"height":2560,"url":"https:\/\/prefecturadeesmeraldas.gob.ec\/wp-content\/uploads\/2024\/11\/WhatsApp-Image-2024-11-20-at-14.21.22-2-scaled.jpeg","type":"image\/jpeg"}],"author":"Direcci\u00f3n de Comunicaci\u00f3n","twitter_card":"summary_large_image","twitter_misc":{"Escrito por":"Direcci\u00f3n de Comunicaci\u00f3n","Tiempo de lectura":"3 minutos"},"schema":{"@context":"https:\/\/schema.org","@graph":[{"@type":"Article","@id":"https:\/\/prefecturadeesmeraldas.gob.ec\/index.php\/2024\/11\/21\/historica-sesion-solemne-por-los-177-anos-de-provincializacion-de-esmeraldas\/#article","isPartOf":{"@id":"https:\/\/prefecturadeesmeraldas.gob.ec\/index.php\/2024\/11\/21\/historica-sesion-solemne-por-los-177-anos-de-provincializacion-de-esmeraldas\/"},"author":{"name":"Direcci\u00f3n de Comunicaci\u00f3n","@id":"https:\/\/prefecturadeesmeraldas.gob.ec\/#\/schema\/person\/b0c9e7b1ead7725994d1e319e8825234"},"headline":"Hist\u00f3rica Sesi\u00f3n Solemne por los 177 a\u00f1os de provincializaci\u00f3n de Esmeraldas.","datePublished":"2024-11-21T14:34:00+00:00","dateModified":"2024-11-21T14:38:16+00:00","mainEntityOfPage":{"@id":"https:\/\/prefecturadeesmeraldas.gob.ec\/index.php\/2024\/11\/21\/historica-sesion-solemne-por-los-177-anos-de-provincializacion-de-esmeraldas\/"},"wordCount":354,"publisher":{"@id":"https:\/\/prefecturadeesmeraldas.gob.ec\/#organization"},"image":{"@id":"https:\/\/prefecturadeesmeraldas.gob.ec\/index.php\/2024\/11\/21\/historica-sesion-solemne-por-los-177-anos-de-provincializacion-de-esmeraldas\/#primaryimage"},"thumbnailUrl":"https:\/\/prefecturadeesmeraldas.gob.ec\/wp-content\/uploads\/2024\/11\/WhatsApp-Image-2024-11-20-at-14.21.22-2-scaled-e1732199950446.jpeg","articleSection":["Institucional"],"inLanguage":"es"},{"@type":"WebPage","@id":"https:\/\/prefecturadeesmeraldas.gob.ec\/index.php\/2024\/11\/21\/historica-sesion-solemne-por-los-177-anos-de-provincializacion-de-esmeraldas\/","url":"https:\/\/prefecturadeesmeraldas.gob.ec\/index.php\/2024\/11\/21\/historica-sesion-solemne-por-los-177-anos-de-provincializacion-de-esmeraldas\/","name":"Hist\u00f3rica Sesi\u00f3n Solemne por los 177 a\u00f1os de provincializaci\u00f3n de Esmeraldas. - Gobierno Aut\u00f3nomo Descentralizado de la Provincia de Esmeraldas","isPartOf":{"@id":"https:\/\/prefecturadeesmeraldas.gob.ec\/#website"},"primaryImageOfPage":{"@id":"https:\/\/prefecturadeesmeraldas.gob.ec\/index.php\/2024\/11\/21\/historica-sesion-solemne-por-los-177-anos-de-provincializacion-de-esmeraldas\/#primaryimage"},"image":{"@id":"https:\/\/prefecturadeesmeraldas.gob.ec\/index.php\/2024\/11\/21\/historica-sesion-solemne-por-los-177-anos-de-provincializacion-de-esmeraldas\/#primaryimage"},"thumbnailUrl":"https:\/\/prefecturadeesmeraldas.gob.ec\/wp-content\/uploads\/2024\/11\/WhatsApp-Image-2024-11-20-at-14.21.22-2-scaled-e1732199950446.jpeg","datePublished":"2024-11-21T14:34:00+00:00","dateModified":"2024-11-21T14:38:16+00:00","breadcrumb":{"@id":"https:\/\/prefecturadeesmeraldas.gob.ec\/index.php\/2024\/11\/21\/historica-sesion-solemne-por-los-177-anos-de-provincializacion-de-esmeraldas\/#breadcrumb"},"inLanguage":"es","potentialAction":[{"@type":"ReadAction","target":["https:\/\/prefecturadeesmeraldas.gob.ec\/index.php\/2024\/11\/21\/historica-sesion-solemne-por-los-177-anos-de-provincializacion-de-esmeraldas\/"]}]},{"@type":"ImageObject","inLanguage":"es","@id":"https:\/\/prefecturadeesmeraldas.gob.ec\/index.php\/2024\/11\/21\/historica-sesion-solemne-por-los-177-anos-de-provincializacion-de-esmeraldas\/#primaryimage","url":"https:\/\/prefecturadeesmeraldas.gob.ec\/wp-content\/uploads\/2024\/11\/WhatsApp-Image-2024-11-20-at-14.21.22-2-scaled-e1732199950446.jpeg","contentUrl":"https:\/\/prefecturadeesmeraldas.gob.ec\/wp-content\/uploads\/2024\/11\/WhatsApp-Image-2024-11-20-at-14.21.22-2-scaled-e1732199950446.jpeg","width":2560,"height":1800},{"@type":"BreadcrumbList","@id":"https:\/\/prefecturadeesmeraldas.gob.ec\/index.php\/2024\/11\/21\/historica-sesion-solemne-por-los-177-anos-de-provincializacion-de-esmeraldas\/#breadcrumb","itemListElement":[{"@type":"ListItem","position":1,"name":"Home","item":"https:\/\/prefecturadeesmeraldas.gob.ec\/"},{"@type":"ListItem","position":2,"name":"Hist\u00f3rica Sesi\u00f3n Solemne por los 177 a\u00f1os de provincializaci\u00f3n de Esmeraldas."}]},{"@type":"WebSite","@id":"https:\/\/prefecturadeesmeraldas.gob.ec\/#website","url":"https:\/\/prefecturadeesmeraldas.gob.ec\/","name":"Gobierno Aut\u00f3nomo Descentralizado de la Provincia de Esmeraldas","description":"Gobierno Aut\u00f3nomo Descentralizado de la Provincia de Esmeraldas","publisher":{"@id":"https:\/\/prefecturadeesmeraldas.gob.ec\/#organization"},"potentialAction":[{"@type":"SearchAction","target":{"@type":"EntryPoint","urlTemplate":"https:\/\/prefecturadeesmeraldas.gob.ec\/?s={search_term_string}"},"query-input":{"@type":"PropertyValueSpecification","valueRequired":true,"valueName":"search_term_string"}}],"inLanguage":"es"},{"@type":"Organization","@id":"https:\/\/prefecturadeesmeraldas.gob.ec\/#organization","name":"Gobierno Aut\u00f3nomo Descentralizado de la Provincia de Esmeraldas","url":"https:\/\/prefecturadeesmeraldas.gob.ec\/","logo":{"@type":"ImageObject","inLanguage":"es","@id":"https:\/\/prefecturadeesmeraldas.gob.ec\/#\/schema\/logo\/image\/","url":"https:\/\/prefecturadeesmeraldas.gob.ec\/wp-content\/uploads\/2019\/06\/logo.png","contentUrl":"https:\/\/prefecturadeesmeraldas.gob.ec\/wp-content\/uploads\/2019\/06\/logo.png","width":859,"height":448,"caption":"Gobierno Aut\u00f3nomo Descentralizado de la Provincia de Esmeraldas"},"image":{"@id":"https:\/\/prefecturadeesmeraldas.gob.ec\/#\/schema\/logo\/image\/"},"sameAs":["https:\/\/www.facebook.com\/PrefecturaEsmeraldas\/"]},{"@type":"Person","@id":"https:\/\/prefecturadeesmeraldas.gob.ec\/#\/schema\/person\/b0c9e7b1ead7725994d1e319e8825234","name":"Direcci\u00f3n de Comunicaci\u00f3n","image":{"@type":"ImageObject","inLanguage":"es","@id":"https:\/\/prefecturadeesmeraldas.gob.ec\/#\/schema\/person\/image\/","url":"https:\/\/secure.gravatar.com\/avatar\/74a3870a946f5d774ade3569af61a72308e07ad3346f370c4b468ee2a9858658?s=96&d=mm&r=g","contentUrl":"https:\/\/secure.gravatar.com\/avatar\/74a3870a946f5d774ade3569af61a72308e07ad3346f370c4b468ee2a9858658?s=96&d=mm&r=g","caption":"Direcci\u00f3n de Comunicaci\u00f3n"}}]}},"_links":{"self":[{"href":"https:\/\/prefecturadeesmeraldas.gob.ec\/index.php\/wp-json\/wp\/v2\/posts\/28259","targetHints":{"allow":["GET"]}}],"collection":[{"href":"https:\/\/prefecturadeesmeraldas.gob.ec\/index.php\/wp-json\/wp\/v2\/posts"}],"about":[{"href":"https:\/\/prefecturadeesmeraldas.gob.ec\/index.php\/wp-json\/wp\/v2\/types\/post"}],"author":[{"embeddable":true,"href":"https:\/\/prefecturadeesmeraldas.gob.ec\/index.php\/wp-json\/wp\/v2\/users\/2"}],"replies":[{"embeddable":true,"href":"https:\/\/prefecturadeesmeraldas.gob.ec\/index.php\/wp-json\/wp\/v2\/comments?post=28259"}],"version-history":[{"count":4,"href":"https:\/\/prefecturadeesmeraldas.gob.ec\/index.php\/wp-json\/wp\/v2\/posts\/28259\/revisions"}],"predecessor-version":[{"id":28266,"href":"https:\/\/prefecturadeesmeraldas.gob.ec\/index.php\/wp-json\/wp\/v2\/posts\/28259\/revisions\/28266"}],"wp:featuredmedia":[{"embeddable":true,"href":"https:\/\/prefecturadeesmeraldas.gob.ec\/index.php\/wp-json\/wp\/v2\/media\/28261"}],"wp:attachment":[{"href":"https:\/\/prefecturadeesmeraldas.gob.ec\/index.php\/wp-json\/wp\/v2\/media?parent=28259"}],"wp:term":[{"taxonomy":"category","embeddable":true,"href":"https:\/\/prefecturadeesmeraldas.gob.ec\/index.php\/wp-json\/wp\/v2\/categories?post=28259"},{"taxonomy":"post_tag","embeddable":true,"href":"https:\/\/prefecturadeesmeraldas.gob.ec\/index.php\/wp-json\/wp\/v2\/tags?post=28259"}],"curies":[{"name":"wp","href":"https:\/\/api.w.org\/{rel}","templated":true}]}}