{"id":28241,"date":"2024-11-19T15:03:57","date_gmt":"2024-11-19T20:03:57","guid":{"rendered":"https:\/\/prefecturadeesmeraldas.gob.ec\/?p=28241"},"modified":"2024-11-19T15:04:54","modified_gmt":"2024-11-19T20:04:54","slug":"avance-del-62-en-la-obra-de-asfaltado-las-penas-la-tola-transforma-la-economia-en-eloy-alfaro","status":"publish","type":"post","link":"https:\/\/prefecturadeesmeraldas.gob.ec\/index.php\/2024\/11\/19\/avance-del-62-en-la-obra-de-asfaltado-las-penas-la-tola-transforma-la-economia-en-eloy-alfaro\/","title":{"rendered":"Avance del 62% en la obra de asfaltado Las Pe\u00f1as \u2013 La Tola transforma la econom\u00eda en Eloy Alfaro."},"content":{"rendered":"\t\t<div data-elementor-type=\"wp-post\" data-elementor-id=\"28241\" class=\"elementor elementor-28241\">\n\t\t\t\t<div class=\"elementor-element elementor-element-eb9eef0 e-flex e-con-boxed e-con e-parent\" data-id=\"eb9eef0\" data-element_type=\"container\">\n\t\t\t\t\t<div class=\"e-con-inner\">\n\t\t\t\t<div class=\"elementor-element elementor-element-54e4bf3 elementor-widget elementor-widget-image\" data-id=\"54e4bf3\" data-element_type=\"widget\" data-widget_type=\"image.default\">\n\t\t\t\t<div class=\"elementor-widget-container\">\n\t\t\t\t\t\t\t\t\t\t\t\t\t\t\t<img fetchpriority=\"high\" decoding=\"async\" width=\"1280\" height=\"1280\" src=\"https:\/\/prefecturadeesmeraldas.gob.ec\/wp-content\/uploads\/2024\/11\/WhatsApp-Image-2024-11-19-at-08.53.48.jpeg\" class=\"attachment-large size-large wp-image-28243\" alt=\"\" srcset=\"https:\/\/prefecturadeesmeraldas.gob.ec\/wp-content\/uploads\/2024\/11\/WhatsApp-Image-2024-11-19-at-08.53.48.jpeg 1280w, https:\/\/prefecturadeesmeraldas.gob.ec\/wp-content\/uploads\/2024\/11\/WhatsApp-Image-2024-11-19-at-08.53.48-300x300.jpeg 300w, https:\/\/prefecturadeesmeraldas.gob.ec\/wp-content\/uploads\/2024\/11\/WhatsApp-Image-2024-11-19-at-08.53.48-150x150.jpeg 150w, https:\/\/prefecturadeesmeraldas.gob.ec\/wp-content\/uploads\/2024\/11\/WhatsApp-Image-2024-11-19-at-08.53.48-768x768.jpeg 768w, https:\/\/prefecturadeesmeraldas.gob.ec\/wp-content\/uploads\/2024\/11\/WhatsApp-Image-2024-11-19-at-08.53.48-440x440.jpeg 440w, https:\/\/prefecturadeesmeraldas.gob.ec\/wp-content\/uploads\/2024\/11\/WhatsApp-Image-2024-11-19-at-08.53.48-180x180.jpeg 180w, https:\/\/prefecturadeesmeraldas.gob.ec\/wp-content\/uploads\/2024\/11\/WhatsApp-Image-2024-11-19-at-08.53.48-120x120.jpeg 120w\" sizes=\"(max-width: 1280px) 100vw, 1280px\" \/>\t\t\t\t\t\t\t\t\t\t\t\t\t\t\t<\/div>\n\t\t\t\t<\/div>\n\t\t\t\t\t<\/div>\n\t\t\t\t<\/div>\n\t\t<div class=\"elementor-element elementor-element-3733875 e-flex e-con-boxed e-con e-parent\" data-id=\"3733875\" data-element_type=\"container\">\n\t\t\t\t\t<div class=\"e-con-inner\">\n\t\t\t\t<div class=\"elementor-element elementor-element-ab8fc47 elementor-widget elementor-widget-text-editor\" data-id=\"ab8fc47\" data-element_type=\"widget\" data-widget_type=\"text-editor.default\">\n\t\t\t\t<div class=\"elementor-widget-container\">\n\t\t\t\t\t\t\t\t\t<p>La obra de asfaltado de la carretera Las Pe\u00f1as \u2013 La Tola, que conecta al cant\u00f3n Eloy Alfaro en la zona norte de la provincia de Esmeraldas, avanza a paso firme con un 62% de ejecuci\u00f3n. Este proyecto, que abarca 15.2 kil\u00f3metros de v\u00eda, representa una inversi\u00f3n de 4.6 millones de d\u00f3lares financiada a trav\u00e9s del Banco de Desarrollo del Ecuador (BDE) y se proyecta como un cambio significativo para la econom\u00eda y la calidad de vida de miles de campesinos.<\/p><p>G\u00e9nesis Torres, residente de la obra, destac\u00f3 que el avance se encuentra dentro del cronograma establecido, resaltando el uso de dos equipos camineros que trabajan de manera simult\u00e1nea para garantizar el ancho y espesor de la carpeta asf\u00e1ltica. Seg\u00fan Torres, incluso se ha logrado adelantar ciertos procesos, lo que augura una entrega dentro de los plazos previstos.<\/p><p>Por su parte, Julio C\u00e9sar M\u00e1rquez, presidente del GAD Parroquial de La Tola, expres\u00f3 la alegr\u00eda y gratitud de la comunidad por esta obra. \u201cLa carretera estaba en p\u00e9simas condiciones, lo que restring\u00eda el tr\u00e1fico y afectaba gravemente nuestra econom\u00eda. Ahora vemos c\u00f3mo el progreso llega hasta nosotros gracias al compromiso de la Prefecta Roberta Zambrano,\u201d afirm\u00f3 M\u00e1rquez.<\/p><p>El asfaltado de la carretera Las Pe\u00f1as \u2013 La Tola no solo mejora la conectividad de esta zona estrat\u00e9gica, sino que tambi\u00e9n se convierte en un catalizador para la producci\u00f3n agr\u00edcola y el comercio local, dinamizando la econom\u00eda de una regi\u00f3n hist\u00f3ricamente relegada.<\/p><p>La Prefectura de Esmeraldas, bajo el liderazgo de <strong>Roberta Zambrano<\/strong>, contin\u00faa consolidando su rol en el desarrollo integral de la provincia, apostando por proyectos de infraestructura que impactan positivamente en la vida de sus habitantes. <\/p>\t\t\t\t\t\t\t\t<\/div>\n\t\t\t\t<\/div>\n\t\t\t\t\t<\/div>\n\t\t\t\t<\/div>\n\t\t\t\t<\/div>\n\t\t","protected":false},"excerpt":{"rendered":"<p>La obra de asfaltado de la carretera Las Pe\u00f1as \u2013 La Tola, que conecta al cant\u00f3n Eloy Alfaro en la zona norte de la provincia de Esmeraldas, avanza a paso firme con un 62% de ejecuci\u00f3n. Este proyecto, que abarca 15.2 kil\u00f3metros de v\u00eda, representa una inversi\u00f3n de 4.6 millones de d\u00f3lares financiada a trav\u00e9s [&hellip;]<\/p>\n","protected":false},"author":2,"featured_media":28245,"comment_status":"closed","ping_status":"open","sticky":false,"template":"","format":"standard","meta":{"footnotes":""},"categories":[14],"tags":[],"class_list":["post-28241","post","type-post","status-publish","format-standard","has-post-thumbnail","hentry","category-vialidad"],"yoast_head":"<!-- This site is optimized with the Yoast SEO plugin v25.7 - https:\/\/yoast.com\/wordpress\/plugins\/seo\/ -->\n<title>Avance del 62% en la obra de asfaltado Las Pe\u00f1as \u2013 La Tola transforma la econom\u00eda en Eloy Alfaro. - Gobierno Aut\u00f3nomo Descentralizado de la Provincia de Esmeraldas<\/title>\n<meta name=\"robots\" content=\"index, follow, max-snippet:-1, max-image-preview:large, max-video-preview:-1\" \/>\n<link rel=\"canonical\" href=\"https:\/\/prefecturadeesmeraldas.gob.ec\/index.php\/2024\/11\/19\/avance-del-62-en-la-obra-de-asfaltado-las-penas-la-tola-transforma-la-economia-en-eloy-alfaro\/\" \/>\n<meta property=\"og:locale\" content=\"es_ES\" \/>\n<meta property=\"og:type\" content=\"article\" \/>\n<meta property=\"og:title\" content=\"Avance del 62% en la obra de asfaltado Las Pe\u00f1as \u2013 La Tola transforma la econom\u00eda en Eloy Alfaro. - Gobierno Aut\u00f3nomo Descentralizado de la Provincia de Esmeraldas\" \/>\n<meta property=\"og:description\" content=\"La obra de asfaltado de la carretera Las Pe\u00f1as \u2013 La Tola, que conecta al cant\u00f3n Eloy Alfaro en la zona norte de la provincia de Esmeraldas, avanza a paso firme con un 62% de ejecuci\u00f3n. Este proyecto, que abarca 15.2 kil\u00f3metros de v\u00eda, representa una inversi\u00f3n de 4.6 millones de d\u00f3lares financiada a trav\u00e9s [&hellip;]\" \/>\n<meta property=\"og:url\" content=\"https:\/\/prefecturadeesmeraldas.gob.ec\/index.php\/2024\/11\/19\/avance-del-62-en-la-obra-de-asfaltado-las-penas-la-tola-transforma-la-economia-en-eloy-alfaro\/\" \/>\n<meta property=\"og:site_name\" content=\"Gobierno Aut\u00f3nomo Descentralizado de la Provincia de Esmeraldas\" \/>\n<meta property=\"article:publisher\" content=\"https:\/\/www.facebook.com\/PrefecturaEsmeraldas\/\" \/>\n<meta property=\"article:published_time\" content=\"2024-11-19T20:03:57+00:00\" \/>\n<meta property=\"article:modified_time\" content=\"2024-11-19T20:04:54+00:00\" \/>\n<meta property=\"og:image\" content=\"https:\/\/prefecturadeesmeraldas.gob.ec\/wp-content\/uploads\/2024\/11\/WhatsApp-Image-2024-11-19-at-08.53.49.jpeg\" \/>\n\t<meta property=\"og:image:width\" content=\"1280\" \/>\n\t<meta property=\"og:image:height\" content=\"1280\" \/>\n\t<meta property=\"og:image:type\" content=\"image\/jpeg\" \/>\n<meta name=\"author\" content=\"Direcci\u00f3n de Comunicaci\u00f3n\" \/>\n<meta name=\"twitter:card\" content=\"summary_large_image\" \/>\n<meta name=\"twitter:label1\" content=\"Escrito por\" \/>\n\t<meta name=\"twitter:data1\" content=\"Direcci\u00f3n de Comunicaci\u00f3n\" \/>\n\t<meta name=\"twitter:label2\" content=\"Tiempo de lectura\" \/>\n\t<meta name=\"twitter:data2\" content=\"2 minutos\" \/>\n<script type=\"application\/ld+json\" class=\"yoast-schema-graph\">{\"@context\":\"https:\/\/schema.org\",\"@graph\":[{\"@type\":\"Article\",\"@id\":\"https:\/\/prefecturadeesmeraldas.gob.ec\/index.php\/2024\/11\/19\/avance-del-62-en-la-obra-de-asfaltado-las-penas-la-tola-transforma-la-economia-en-eloy-alfaro\/#article\",\"isPartOf\":{\"@id\":\"https:\/\/prefecturadeesmeraldas.gob.ec\/index.php\/2024\/11\/19\/avance-del-62-en-la-obra-de-asfaltado-las-penas-la-tola-transforma-la-economia-en-eloy-alfaro\/\"},\"author\":{\"name\":\"Direcci\u00f3n de Comunicaci\u00f3n\",\"@id\":\"https:\/\/prefecturadeesmeraldas.gob.ec\/#\/schema\/person\/b0c9e7b1ead7725994d1e319e8825234\"},\"headline\":\"Avance del 62% en la obra de asfaltado Las Pe\u00f1as \u2013 La Tola transforma la econom\u00eda en Eloy Alfaro.\",\"datePublished\":\"2024-11-19T20:03:57+00:00\",\"dateModified\":\"2024-11-19T20:04:54+00:00\",\"mainEntityOfPage\":{\"@id\":\"https:\/\/prefecturadeesmeraldas.gob.ec\/index.php\/2024\/11\/19\/avance-del-62-en-la-obra-de-asfaltado-las-penas-la-tola-transforma-la-economia-en-eloy-alfaro\/\"},\"wordCount\":319,\"publisher\":{\"@id\":\"https:\/\/prefecturadeesmeraldas.gob.ec\/#organization\"},\"image\":{\"@id\":\"https:\/\/prefecturadeesmeraldas.gob.ec\/index.php\/2024\/11\/19\/avance-del-62-en-la-obra-de-asfaltado-las-penas-la-tola-transforma-la-economia-en-eloy-alfaro\/#primaryimage\"},\"thumbnailUrl\":\"https:\/\/prefecturadeesmeraldas.gob.ec\/wp-content\/uploads\/2024\/11\/WhatsApp-Image-2024-11-19-at-08.53.49.jpeg\",\"articleSection\":[\"Vialidad\"],\"inLanguage\":\"es\"},{\"@type\":\"WebPage\",\"@id\":\"https:\/\/prefecturadeesmeraldas.gob.ec\/index.php\/2024\/11\/19\/avance-del-62-en-la-obra-de-asfaltado-las-penas-la-tola-transforma-la-economia-en-eloy-alfaro\/\",\"url\":\"https:\/\/prefecturadeesmeraldas.gob.ec\/index.php\/2024\/11\/19\/avance-del-62-en-la-obra-de-asfaltado-las-penas-la-tola-transforma-la-economia-en-eloy-alfaro\/\",\"name\":\"Avance del 62% en la obra de asfaltado Las Pe\u00f1as \u2013 La Tola transforma la econom\u00eda en Eloy Alfaro. - Gobierno Aut\u00f3nomo Descentralizado de la Provincia de Esmeraldas\",\"isPartOf\":{\"@id\":\"https:\/\/prefecturadeesmeraldas.gob.ec\/#website\"},\"primaryImageOfPage\":{\"@id\":\"https:\/\/prefecturadeesmeraldas.gob.ec\/index.php\/2024\/11\/19\/avance-del-62-en-la-obra-de-asfaltado-las-penas-la-tola-transforma-la-economia-en-eloy-alfaro\/#primaryimage\"},\"image\":{\"@id\":\"https:\/\/prefecturadeesmeraldas.gob.ec\/index.php\/2024\/11\/19\/avance-del-62-en-la-obra-de-asfaltado-las-penas-la-tola-transforma-la-economia-en-eloy-alfaro\/#primaryimage\"},\"thumbnailUrl\":\"https:\/\/prefecturadeesmeraldas.gob.ec\/wp-content\/uploads\/2024\/11\/WhatsApp-Image-2024-11-19-at-08.53.49.jpeg\",\"datePublished\":\"2024-11-19T20:03:57+00:00\",\"dateModified\":\"2024-11-19T20:04:54+00:00\",\"breadcrumb\":{\"@id\":\"https:\/\/prefecturadeesmeraldas.gob.ec\/index.php\/2024\/11\/19\/avance-del-62-en-la-obra-de-asfaltado-las-penas-la-tola-transforma-la-economia-en-eloy-alfaro\/#breadcrumb\"},\"inLanguage\":\"es\",\"potentialAction\":[{\"@type\":\"ReadAction\",\"target\":[\"https:\/\/prefecturadeesmeraldas.gob.ec\/index.php\/2024\/11\/19\/avance-del-62-en-la-obra-de-asfaltado-las-penas-la-tola-transforma-la-economia-en-eloy-alfaro\/\"]}]},{\"@type\":\"ImageObject\",\"inLanguage\":\"es\",\"@id\":\"https:\/\/prefecturadeesmeraldas.gob.ec\/index.php\/2024\/11\/19\/avance-del-62-en-la-obra-de-asfaltado-las-penas-la-tola-transforma-la-economia-en-eloy-alfaro\/#primaryimage\",\"url\":\"https:\/\/prefecturadeesmeraldas.gob.ec\/wp-content\/uploads\/2024\/11\/WhatsApp-Image-2024-11-19-at-08.53.49.jpeg\",\"contentUrl\":\"https:\/\/prefecturadeesmeraldas.gob.ec\/wp-content\/uploads\/2024\/11\/WhatsApp-Image-2024-11-19-at-08.53.49.jpeg\",\"width\":1280,\"height\":1280},{\"@type\":\"BreadcrumbList\",\"@id\":\"https:\/\/prefecturadeesmeraldas.gob.ec\/index.php\/2024\/11\/19\/avance-del-62-en-la-obra-de-asfaltado-las-penas-la-tola-transforma-la-economia-en-eloy-alfaro\/#breadcrumb\",\"itemListElement\":[{\"@type\":\"ListItem\",\"position\":1,\"name\":\"Home\",\"item\":\"https:\/\/prefecturadeesmeraldas.gob.ec\/\"},{\"@type\":\"ListItem\",\"position\":2,\"name\":\"Avance del 62% en la obra de asfaltado Las Pe\u00f1as \u2013 La Tola transforma la econom\u00eda en Eloy Alfaro.\"}]},{\"@type\":\"WebSite\",\"@id\":\"https:\/\/prefecturadeesmeraldas.gob.ec\/#website\",\"url\":\"https:\/\/prefecturadeesmeraldas.gob.ec\/\",\"name\":\"Gobierno Aut\u00f3nomo Descentralizado de la Provincia de Esmeraldas\",\"description\":\"Gobierno Aut\u00f3nomo Descentralizado de la Provincia de Esmeraldas\",\"publisher\":{\"@id\":\"https:\/\/prefecturadeesmeraldas.gob.ec\/#organization\"},\"potentialAction\":[{\"@type\":\"SearchAction\",\"target\":{\"@type\":\"EntryPoint\",\"urlTemplate\":\"https:\/\/prefecturadeesmeraldas.gob.ec\/?s={search_term_string}\"},\"query-input\":{\"@type\":\"PropertyValueSpecification\",\"valueRequired\":true,\"valueName\":\"search_term_string\"}}],\"inLanguage\":\"es\"},{\"@type\":\"Organization\",\"@id\":\"https:\/\/prefecturadeesmeraldas.gob.ec\/#organization\",\"name\":\"Gobierno Aut\u00f3nomo Descentralizado de la Provincia de Esmeraldas\",\"url\":\"https:\/\/prefecturadeesmeraldas.gob.ec\/\",\"logo\":{\"@type\":\"ImageObject\",\"inLanguage\":\"es\",\"@id\":\"https:\/\/prefecturadeesmeraldas.gob.ec\/#\/schema\/logo\/image\/\",\"url\":\"https:\/\/prefecturadeesmeraldas.gob.ec\/wp-content\/uploads\/2019\/06\/logo.png\",\"contentUrl\":\"https:\/\/prefecturadeesmeraldas.gob.ec\/wp-content\/uploads\/2019\/06\/logo.png\",\"width\":859,\"height\":448,\"caption\":\"Gobierno Aut\u00f3nomo Descentralizado de la Provincia de Esmeraldas\"},\"image\":{\"@id\":\"https:\/\/prefecturadeesmeraldas.gob.ec\/#\/schema\/logo\/image\/\"},\"sameAs\":[\"https:\/\/www.facebook.com\/PrefecturaEsmeraldas\/\"]},{\"@type\":\"Person\",\"@id\":\"https:\/\/prefecturadeesmeraldas.gob.ec\/#\/schema\/person\/b0c9e7b1ead7725994d1e319e8825234\",\"name\":\"Direcci\u00f3n de Comunicaci\u00f3n\",\"image\":{\"@type\":\"ImageObject\",\"inLanguage\":\"es\",\"@id\":\"https:\/\/prefecturadeesmeraldas.gob.ec\/#\/schema\/person\/image\/\",\"url\":\"https:\/\/secure.gravatar.com\/avatar\/74a3870a946f5d774ade3569af61a72308e07ad3346f370c4b468ee2a9858658?s=96&d=mm&r=g\",\"contentUrl\":\"https:\/\/secure.gravatar.com\/avatar\/74a3870a946f5d774ade3569af61a72308e07ad3346f370c4b468ee2a9858658?s=96&d=mm&r=g\",\"caption\":\"Direcci\u00f3n de Comunicaci\u00f3n\"}}]}<\/script>\n<!-- \/ Yoast SEO plugin. -->","yoast_head_json":{"title":"Avance del 62% en la obra de asfaltado Las Pe\u00f1as \u2013 La Tola transforma la econom\u00eda en Eloy Alfaro. - Gobierno Aut\u00f3nomo Descentralizado de la Provincia de Esmeraldas","robots":{"index":"index","follow":"follow","max-snippet":"max-snippet:-1","max-image-preview":"max-image-preview:large","max-video-preview":"max-video-preview:-1"},"canonical":"https:\/\/prefecturadeesmeraldas.gob.ec\/index.php\/2024\/11\/19\/avance-del-62-en-la-obra-de-asfaltado-las-penas-la-tola-transforma-la-economia-en-eloy-alfaro\/","og_locale":"es_ES","og_type":"article","og_title":"Avance del 62% en la obra de asfaltado Las Pe\u00f1as \u2013 La Tola transforma la econom\u00eda en Eloy Alfaro. - Gobierno Aut\u00f3nomo Descentralizado de la Provincia de Esmeraldas","og_description":"La obra de asfaltado de la carretera Las Pe\u00f1as \u2013 La Tola, que conecta al cant\u00f3n Eloy Alfaro en la zona norte de la provincia de Esmeraldas, avanza a paso firme con un 62% de ejecuci\u00f3n. Este proyecto, que abarca 15.2 kil\u00f3metros de v\u00eda, representa una inversi\u00f3n de 4.6 millones de d\u00f3lares financiada a trav\u00e9s [&hellip;]","og_url":"https:\/\/prefecturadeesmeraldas.gob.ec\/index.php\/2024\/11\/19\/avance-del-62-en-la-obra-de-asfaltado-las-penas-la-tola-transforma-la-economia-en-eloy-alfaro\/","og_site_name":"Gobierno Aut\u00f3nomo Descentralizado de la Provincia de Esmeraldas","article_publisher":"https:\/\/www.facebook.com\/PrefecturaEsmeraldas\/","article_published_time":"2024-11-19T20:03:57+00:00","article_modified_time":"2024-11-19T20:04:54+00:00","og_image":[{"width":1280,"height":1280,"url":"https:\/\/prefecturadeesmeraldas.gob.ec\/wp-content\/uploads\/2024\/11\/WhatsApp-Image-2024-11-19-at-08.53.49.jpeg","type":"image\/jpeg"}],"author":"Direcci\u00f3n de Comunicaci\u00f3n","twitter_card":"summary_large_image","twitter_misc":{"Escrito por":"Direcci\u00f3n de Comunicaci\u00f3n","Tiempo de lectura":"2 minutos"},"schema":{"@context":"https:\/\/schema.org","@graph":[{"@type":"Article","@id":"https:\/\/prefecturadeesmeraldas.gob.ec\/index.php\/2024\/11\/19\/avance-del-62-en-la-obra-de-asfaltado-las-penas-la-tola-transforma-la-economia-en-eloy-alfaro\/#article","isPartOf":{"@id":"https:\/\/prefecturadeesmeraldas.gob.ec\/index.php\/2024\/11\/19\/avance-del-62-en-la-obra-de-asfaltado-las-penas-la-tola-transforma-la-economia-en-eloy-alfaro\/"},"author":{"name":"Direcci\u00f3n de Comunicaci\u00f3n","@id":"https:\/\/prefecturadeesmeraldas.gob.ec\/#\/schema\/person\/b0c9e7b1ead7725994d1e319e8825234"},"headline":"Avance del 62% en la obra de asfaltado Las Pe\u00f1as \u2013 La Tola transforma la econom\u00eda en Eloy Alfaro.","datePublished":"2024-11-19T20:03:57+00:00","dateModified":"2024-11-19T20:04:54+00:00","mainEntityOfPage":{"@id":"https:\/\/prefecturadeesmeraldas.gob.ec\/index.php\/2024\/11\/19\/avance-del-62-en-la-obra-de-asfaltado-las-penas-la-tola-transforma-la-economia-en-eloy-alfaro\/"},"wordCount":319,"publisher":{"@id":"https:\/\/prefecturadeesmeraldas.gob.ec\/#organization"},"image":{"@id":"https:\/\/prefecturadeesmeraldas.gob.ec\/index.php\/2024\/11\/19\/avance-del-62-en-la-obra-de-asfaltado-las-penas-la-tola-transforma-la-economia-en-eloy-alfaro\/#primaryimage"},"thumbnailUrl":"https:\/\/prefecturadeesmeraldas.gob.ec\/wp-content\/uploads\/2024\/11\/WhatsApp-Image-2024-11-19-at-08.53.49.jpeg","articleSection":["Vialidad"],"inLanguage":"es"},{"@type":"WebPage","@id":"https:\/\/prefecturadeesmeraldas.gob.ec\/index.php\/2024\/11\/19\/avance-del-62-en-la-obra-de-asfaltado-las-penas-la-tola-transforma-la-economia-en-eloy-alfaro\/","url":"https:\/\/prefecturadeesmeraldas.gob.ec\/index.php\/2024\/11\/19\/avance-del-62-en-la-obra-de-asfaltado-las-penas-la-tola-transforma-la-economia-en-eloy-alfaro\/","name":"Avance del 62% en la obra de asfaltado Las Pe\u00f1as \u2013 La Tola transforma la econom\u00eda en Eloy Alfaro. - Gobierno Aut\u00f3nomo Descentralizado de la Provincia de Esmeraldas","isPartOf":{"@id":"https:\/\/prefecturadeesmeraldas.gob.ec\/#website"},"primaryImageOfPage":{"@id":"https:\/\/prefecturadeesmeraldas.gob.ec\/index.php\/2024\/11\/19\/avance-del-62-en-la-obra-de-asfaltado-las-penas-la-tola-transforma-la-economia-en-eloy-alfaro\/#primaryimage"},"image":{"@id":"https:\/\/prefecturadeesmeraldas.gob.ec\/index.php\/2024\/11\/19\/avance-del-62-en-la-obra-de-asfaltado-las-penas-la-tola-transforma-la-economia-en-eloy-alfaro\/#primaryimage"},"thumbnailUrl":"https:\/\/prefecturadeesmeraldas.gob.ec\/wp-content\/uploads\/2024\/11\/WhatsApp-Image-2024-11-19-at-08.53.49.jpeg","datePublished":"2024-11-19T20:03:57+00:00","dateModified":"2024-11-19T20:04:54+00:00","breadcrumb":{"@id":"https:\/\/prefecturadeesmeraldas.gob.ec\/index.php\/2024\/11\/19\/avance-del-62-en-la-obra-de-asfaltado-las-penas-la-tola-transforma-la-economia-en-eloy-alfaro\/#breadcrumb"},"inLanguage":"es","potentialAction":[{"@type":"ReadAction","target":["https:\/\/prefecturadeesmeraldas.gob.ec\/index.php\/2024\/11\/19\/avance-del-62-en-la-obra-de-asfaltado-las-penas-la-tola-transforma-la-economia-en-eloy-alfaro\/"]}]},{"@type":"ImageObject","inLanguage":"es","@id":"https:\/\/prefecturadeesmeraldas.gob.ec\/index.php\/2024\/11\/19\/avance-del-62-en-la-obra-de-asfaltado-las-penas-la-tola-transforma-la-economia-en-eloy-alfaro\/#primaryimage","url":"https:\/\/prefecturadeesmeraldas.gob.ec\/wp-content\/uploads\/2024\/11\/WhatsApp-Image-2024-11-19-at-08.53.49.jpeg","contentUrl":"https:\/\/prefecturadeesmeraldas.gob.ec\/wp-content\/uploads\/2024\/11\/WhatsApp-Image-2024-11-19-at-08.53.49.jpeg","width":1280,"height":1280},{"@type":"BreadcrumbList","@id":"https:\/\/prefecturadeesmeraldas.gob.ec\/index.php\/2024\/11\/19\/avance-del-62-en-la-obra-de-asfaltado-las-penas-la-tola-transforma-la-economia-en-eloy-alfaro\/#breadcrumb","itemListElement":[{"@type":"ListItem","position":1,"name":"Home","item":"https:\/\/prefecturadeesmeraldas.gob.ec\/"},{"@type":"ListItem","position":2,"name":"Avance del 62% en la obra de asfaltado Las Pe\u00f1as \u2013 La Tola transforma la econom\u00eda en Eloy Alfaro."}]},{"@type":"WebSite","@id":"https:\/\/prefecturadeesmeraldas.gob.ec\/#website","url":"https:\/\/prefecturadeesmeraldas.gob.ec\/","name":"Gobierno Aut\u00f3nomo Descentralizado de la Provincia de Esmeraldas","description":"Gobierno Aut\u00f3nomo Descentralizado de la Provincia de Esmeraldas","publisher":{"@id":"https:\/\/prefecturadeesmeraldas.gob.ec\/#organization"},"potentialAction":[{"@type":"SearchAction","target":{"@type":"EntryPoint","urlTemplate":"https:\/\/prefecturadeesmeraldas.gob.ec\/?s={search_term_string}"},"query-input":{"@type":"PropertyValueSpecification","valueRequired":true,"valueName":"search_term_string"}}],"inLanguage":"es"},{"@type":"Organization","@id":"https:\/\/prefecturadeesmeraldas.gob.ec\/#organization","name":"Gobierno Aut\u00f3nomo Descentralizado de la Provincia de Esmeraldas","url":"https:\/\/prefecturadeesmeraldas.gob.ec\/","logo":{"@type":"ImageObject","inLanguage":"es","@id":"https:\/\/prefecturadeesmeraldas.gob.ec\/#\/schema\/logo\/image\/","url":"https:\/\/prefecturadeesmeraldas.gob.ec\/wp-content\/uploads\/2019\/06\/logo.png","contentUrl":"https:\/\/prefecturadeesmeraldas.gob.ec\/wp-content\/uploads\/2019\/06\/logo.png","width":859,"height":448,"caption":"Gobierno Aut\u00f3nomo Descentralizado de la Provincia de Esmeraldas"},"image":{"@id":"https:\/\/prefecturadeesmeraldas.gob.ec\/#\/schema\/logo\/image\/"},"sameAs":["https:\/\/www.facebook.com\/PrefecturaEsmeraldas\/"]},{"@type":"Person","@id":"https:\/\/prefecturadeesmeraldas.gob.ec\/#\/schema\/person\/b0c9e7b1ead7725994d1e319e8825234","name":"Direcci\u00f3n de Comunicaci\u00f3n","image":{"@type":"ImageObject","inLanguage":"es","@id":"https:\/\/prefecturadeesmeraldas.gob.ec\/#\/schema\/person\/image\/","url":"https:\/\/secure.gravatar.com\/avatar\/74a3870a946f5d774ade3569af61a72308e07ad3346f370c4b468ee2a9858658?s=96&d=mm&r=g","contentUrl":"https:\/\/secure.gravatar.com\/avatar\/74a3870a946f5d774ade3569af61a72308e07ad3346f370c4b468ee2a9858658?s=96&d=mm&r=g","caption":"Direcci\u00f3n de Comunicaci\u00f3n"}}]}},"_links":{"self":[{"href":"https:\/\/prefecturadeesmeraldas.gob.ec\/index.php\/wp-json\/wp\/v2\/posts\/28241","targetHints":{"allow":["GET"]}}],"collection":[{"href":"https:\/\/prefecturadeesmeraldas.gob.ec\/index.php\/wp-json\/wp\/v2\/posts"}],"about":[{"href":"https:\/\/prefecturadeesmeraldas.gob.ec\/index.php\/wp-json\/wp\/v2\/types\/post"}],"author":[{"embeddable":true,"href":"https:\/\/prefecturadeesmeraldas.gob.ec\/index.php\/wp-json\/wp\/v2\/users\/2"}],"replies":[{"embeddable":true,"href":"https:\/\/prefecturadeesmeraldas.gob.ec\/index.php\/wp-json\/wp\/v2\/comments?post=28241"}],"version-history":[{"count":5,"href":"https:\/\/prefecturadeesmeraldas.gob.ec\/index.php\/wp-json\/wp\/v2\/posts\/28241\/revisions"}],"predecessor-version":[{"id":28249,"href":"https:\/\/prefecturadeesmeraldas.gob.ec\/index.php\/wp-json\/wp\/v2\/posts\/28241\/revisions\/28249"}],"wp:featuredmedia":[{"embeddable":true,"href":"https:\/\/prefecturadeesmeraldas.gob.ec\/index.php\/wp-json\/wp\/v2\/media\/28245"}],"wp:attachment":[{"href":"https:\/\/prefecturadeesmeraldas.gob.ec\/index.php\/wp-json\/wp\/v2\/media?parent=28241"}],"wp:term":[{"taxonomy":"category","embeddable":true,"href":"https:\/\/prefecturadeesmeraldas.gob.ec\/index.php\/wp-json\/wp\/v2\/categories?post=28241"},{"taxonomy":"post_tag","embeddable":true,"href":"https:\/\/prefecturadeesmeraldas.gob.ec\/index.php\/wp-json\/wp\/v2\/tags?post=28241"}],"curies":[{"name":"wp","href":"https:\/\/api.w.org\/{rel}","templated":true}]}}