{"id":28190,"date":"2024-11-14T09:02:47","date_gmt":"2024-11-14T14:02:47","guid":{"rendered":"https:\/\/prefecturadeesmeraldas.gob.ec\/?p=28190"},"modified":"2024-11-14T09:04:02","modified_gmt":"2024-11-14T14:04:02","slug":"se-eligio-a-la-nueva-reina-de-la-provincia-de-esmeraldas-en-una-noche-radiante-de-belleza","status":"publish","type":"post","link":"https:\/\/prefecturadeesmeraldas.gob.ec\/index.php\/2024\/11\/14\/se-eligio-a-la-nueva-reina-de-la-provincia-de-esmeraldas-en-una-noche-radiante-de-belleza\/","title":{"rendered":"Se eligi\u00f3 a la nueva Reina de la Provincia de Esmeraldas en una noche radiante de belleza."},"content":{"rendered":"\t\t<div data-elementor-type=\"wp-post\" data-elementor-id=\"28190\" class=\"elementor elementor-28190\">\n\t\t\t\t<div class=\"elementor-element elementor-element-992f803 e-flex e-con-boxed e-con e-parent\" data-id=\"992f803\" data-element_type=\"container\">\n\t\t\t\t\t<div class=\"e-con-inner\">\n\t\t\t\t<div class=\"elementor-element elementor-element-5bc88aa elementor-widget elementor-widget-image\" data-id=\"5bc88aa\" data-element_type=\"widget\" data-widget_type=\"image.default\">\n\t\t\t\t<div class=\"elementor-widget-container\">\n\t\t\t\t\t\t\t\t\t\t\t\t\t\t\t<img fetchpriority=\"high\" decoding=\"async\" width=\"1280\" height=\"1280\" src=\"https:\/\/prefecturadeesmeraldas.gob.ec\/wp-content\/uploads\/2024\/11\/WhatsApp-Image-2024-11-14-at-09.01.27.jpeg\" class=\"attachment-large size-large wp-image-28194\" alt=\"\" srcset=\"https:\/\/prefecturadeesmeraldas.gob.ec\/wp-content\/uploads\/2024\/11\/WhatsApp-Image-2024-11-14-at-09.01.27.jpeg 1280w, https:\/\/prefecturadeesmeraldas.gob.ec\/wp-content\/uploads\/2024\/11\/WhatsApp-Image-2024-11-14-at-09.01.27-300x300.jpeg 300w, https:\/\/prefecturadeesmeraldas.gob.ec\/wp-content\/uploads\/2024\/11\/WhatsApp-Image-2024-11-14-at-09.01.27-150x150.jpeg 150w, https:\/\/prefecturadeesmeraldas.gob.ec\/wp-content\/uploads\/2024\/11\/WhatsApp-Image-2024-11-14-at-09.01.27-768x768.jpeg 768w, https:\/\/prefecturadeesmeraldas.gob.ec\/wp-content\/uploads\/2024\/11\/WhatsApp-Image-2024-11-14-at-09.01.27-440x440.jpeg 440w, https:\/\/prefecturadeesmeraldas.gob.ec\/wp-content\/uploads\/2024\/11\/WhatsApp-Image-2024-11-14-at-09.01.27-180x180.jpeg 180w, https:\/\/prefecturadeesmeraldas.gob.ec\/wp-content\/uploads\/2024\/11\/WhatsApp-Image-2024-11-14-at-09.01.27-120x120.jpeg 120w\" sizes=\"(max-width: 1280px) 100vw, 1280px\" \/>\t\t\t\t\t\t\t\t\t\t\t\t\t\t\t<\/div>\n\t\t\t\t<\/div>\n\t\t\t\t\t<\/div>\n\t\t\t\t<\/div>\n\t\t<div class=\"elementor-element elementor-element-d6c3a14 e-flex e-con-boxed e-con e-parent\" data-id=\"d6c3a14\" data-element_type=\"container\">\n\t\t\t\t\t<div class=\"e-con-inner\">\n\t\t\t\t<div class=\"elementor-element elementor-element-2355e77 elementor-widget elementor-widget-text-editor\" data-id=\"2355e77\" data-element_type=\"widget\" data-widget_type=\"text-editor.default\">\n\t\t\t\t<div class=\"elementor-widget-container\">\n\t\t\t\t\t\t\t\t\t<p>La ciudad de Quinind\u00e9 brill\u00f3 la noche del s\u00e1bado 9 de noviembre, cuando Frany Delgado, representante del cant\u00f3n Esmeraldas, fue coronada como la nueva Reina de la Provincia de Esmeraldas 2024. Su elegancia y carisma la destacaron en esta competencia, gan\u00e1ndose el reconocimiento y el cari\u00f1o de todos los presentes.<\/p><p>El evento, realizado en un ambiente de alegr\u00eda, belleza y glamour, reuni\u00f3 a autoridades, invitados especiales y a una gran cantidad de ciudadanos que se dieron cita para apoyar a las siete candidatas. Cada una de ellas represent\u00f3 a su cant\u00f3n con orgullo, reflejando la esencia de la provincia en sus presentaciones y cautivando al p\u00fablico desde el primer momento.<\/p><p>En la pasarela de traje de ba\u00f1o, las candidatas deslumbraron con exclusivos dise\u00f1os de la marca Esmeralde\u00f1\u00edsima, creados por Jhakira Recalde e inspirados en princesas. Con cada paso, las j\u00f3venes mostraron el arte y la tradici\u00f3n esmeralde\u00f1a, en una velada que celebr\u00f3 la cultura y el talento local.<\/p><p>Con su coronaci\u00f3n, Frany Delgado se convierte en la representante oficial de la provincia, y se espera que, con su belleza y amor por Esmeraldas, lleve en alto el nombre de su tierra y contin\u00fae promoviendo el orgullo esmeralde\u00f1o. <\/p>\t\t\t\t\t\t\t\t<\/div>\n\t\t\t\t<\/div>\n\t\t\t\t\t<\/div>\n\t\t\t\t<\/div>\n\t\t\t\t<\/div>\n\t\t","protected":false},"excerpt":{"rendered":"<p>La ciudad de Quinind\u00e9 brill\u00f3 la noche del s\u00e1bado 9 de noviembre, cuando Frany Delgado, representante del cant\u00f3n Esmeraldas, fue coronada como la nueva Reina de la Provincia de Esmeraldas 2024. Su elegancia y carisma la destacaron en esta competencia, gan\u00e1ndose el reconocimiento y el cari\u00f1o de todos los presentes. El evento, realizado en un [&hellip;]<\/p>\n","protected":false},"author":2,"featured_media":28193,"comment_status":"closed","ping_status":"open","sticky":false,"template":"","format":"standard","meta":{"footnotes":""},"categories":[25,3],"tags":[],"class_list":["post-28190","post","type-post","status-publish","format-standard","has-post-thumbnail","hentry","category-comunicacion-social","category-institucional"],"yoast_head":"<!-- This site is optimized with the Yoast SEO plugin v25.7 - https:\/\/yoast.com\/wordpress\/plugins\/seo\/ -->\n<title>Se eligi\u00f3 a la nueva Reina de la Provincia de Esmeraldas en una noche radiante de belleza. - Gobierno Aut\u00f3nomo Descentralizado de la Provincia de Esmeraldas<\/title>\n<meta name=\"robots\" content=\"index, follow, max-snippet:-1, max-image-preview:large, max-video-preview:-1\" \/>\n<link rel=\"canonical\" href=\"https:\/\/prefecturadeesmeraldas.gob.ec\/index.php\/2024\/11\/14\/se-eligio-a-la-nueva-reina-de-la-provincia-de-esmeraldas-en-una-noche-radiante-de-belleza\/\" \/>\n<meta property=\"og:locale\" content=\"es_ES\" \/>\n<meta property=\"og:type\" content=\"article\" \/>\n<meta property=\"og:title\" content=\"Se eligi\u00f3 a la nueva Reina de la Provincia de Esmeraldas en una noche radiante de belleza. - Gobierno Aut\u00f3nomo Descentralizado de la Provincia de Esmeraldas\" \/>\n<meta property=\"og:description\" content=\"La ciudad de Quinind\u00e9 brill\u00f3 la noche del s\u00e1bado 9 de noviembre, cuando Frany Delgado, representante del cant\u00f3n Esmeraldas, fue coronada como la nueva Reina de la Provincia de Esmeraldas 2024. Su elegancia y carisma la destacaron en esta competencia, gan\u00e1ndose el reconocimiento y el cari\u00f1o de todos los presentes. El evento, realizado en un [&hellip;]\" \/>\n<meta property=\"og:url\" content=\"https:\/\/prefecturadeesmeraldas.gob.ec\/index.php\/2024\/11\/14\/se-eligio-a-la-nueva-reina-de-la-provincia-de-esmeraldas-en-una-noche-radiante-de-belleza\/\" \/>\n<meta property=\"og:site_name\" content=\"Gobierno Aut\u00f3nomo Descentralizado de la Provincia de Esmeraldas\" \/>\n<meta property=\"article:publisher\" content=\"https:\/\/www.facebook.com\/PrefecturaEsmeraldas\/\" \/>\n<meta property=\"article:published_time\" content=\"2024-11-14T14:02:47+00:00\" \/>\n<meta property=\"article:modified_time\" content=\"2024-11-14T14:04:02+00:00\" \/>\n<meta property=\"og:image\" content=\"https:\/\/prefecturadeesmeraldas.gob.ec\/wp-content\/uploads\/2024\/11\/WhatsApp-Image-2024-11-11-at-20.56.24-1.jpeg\" \/>\n\t<meta property=\"og:image:width\" content=\"1280\" \/>\n\t<meta property=\"og:image:height\" content=\"1280\" \/>\n\t<meta property=\"og:image:type\" content=\"image\/jpeg\" \/>\n<meta name=\"author\" content=\"Direcci\u00f3n de Comunicaci\u00f3n\" \/>\n<meta name=\"twitter:card\" content=\"summary_large_image\" \/>\n<meta name=\"twitter:label1\" content=\"Escrito por\" \/>\n\t<meta name=\"twitter:data1\" content=\"Direcci\u00f3n de Comunicaci\u00f3n\" \/>\n\t<meta name=\"twitter:label2\" content=\"Tiempo de lectura\" \/>\n\t<meta name=\"twitter:data2\" content=\"2 minutos\" \/>\n<script type=\"application\/ld+json\" class=\"yoast-schema-graph\">{\"@context\":\"https:\/\/schema.org\",\"@graph\":[{\"@type\":\"Article\",\"@id\":\"https:\/\/prefecturadeesmeraldas.gob.ec\/index.php\/2024\/11\/14\/se-eligio-a-la-nueva-reina-de-la-provincia-de-esmeraldas-en-una-noche-radiante-de-belleza\/#article\",\"isPartOf\":{\"@id\":\"https:\/\/prefecturadeesmeraldas.gob.ec\/index.php\/2024\/11\/14\/se-eligio-a-la-nueva-reina-de-la-provincia-de-esmeraldas-en-una-noche-radiante-de-belleza\/\"},\"author\":{\"name\":\"Direcci\u00f3n de Comunicaci\u00f3n\",\"@id\":\"https:\/\/prefecturadeesmeraldas.gob.ec\/#\/schema\/person\/b0c9e7b1ead7725994d1e319e8825234\"},\"headline\":\"Se eligi\u00f3 a la nueva Reina de la Provincia de Esmeraldas en una noche radiante de belleza.\",\"datePublished\":\"2024-11-14T14:02:47+00:00\",\"dateModified\":\"2024-11-14T14:04:02+00:00\",\"mainEntityOfPage\":{\"@id\":\"https:\/\/prefecturadeesmeraldas.gob.ec\/index.php\/2024\/11\/14\/se-eligio-a-la-nueva-reina-de-la-provincia-de-esmeraldas-en-una-noche-radiante-de-belleza\/\"},\"wordCount\":228,\"publisher\":{\"@id\":\"https:\/\/prefecturadeesmeraldas.gob.ec\/#organization\"},\"image\":{\"@id\":\"https:\/\/prefecturadeesmeraldas.gob.ec\/index.php\/2024\/11\/14\/se-eligio-a-la-nueva-reina-de-la-provincia-de-esmeraldas-en-una-noche-radiante-de-belleza\/#primaryimage\"},\"thumbnailUrl\":\"https:\/\/prefecturadeesmeraldas.gob.ec\/wp-content\/uploads\/2024\/11\/WhatsApp-Image-2024-11-11-at-20.56.24-1.jpeg\",\"articleSection\":[\"Comunicaci\u00f3n Social\",\"Institucional\"],\"inLanguage\":\"es\"},{\"@type\":\"WebPage\",\"@id\":\"https:\/\/prefecturadeesmeraldas.gob.ec\/index.php\/2024\/11\/14\/se-eligio-a-la-nueva-reina-de-la-provincia-de-esmeraldas-en-una-noche-radiante-de-belleza\/\",\"url\":\"https:\/\/prefecturadeesmeraldas.gob.ec\/index.php\/2024\/11\/14\/se-eligio-a-la-nueva-reina-de-la-provincia-de-esmeraldas-en-una-noche-radiante-de-belleza\/\",\"name\":\"Se eligi\u00f3 a la nueva Reina de la Provincia de Esmeraldas en una noche radiante de belleza. - Gobierno Aut\u00f3nomo Descentralizado de la Provincia de Esmeraldas\",\"isPartOf\":{\"@id\":\"https:\/\/prefecturadeesmeraldas.gob.ec\/#website\"},\"primaryImageOfPage\":{\"@id\":\"https:\/\/prefecturadeesmeraldas.gob.ec\/index.php\/2024\/11\/14\/se-eligio-a-la-nueva-reina-de-la-provincia-de-esmeraldas-en-una-noche-radiante-de-belleza\/#primaryimage\"},\"image\":{\"@id\":\"https:\/\/prefecturadeesmeraldas.gob.ec\/index.php\/2024\/11\/14\/se-eligio-a-la-nueva-reina-de-la-provincia-de-esmeraldas-en-una-noche-radiante-de-belleza\/#primaryimage\"},\"thumbnailUrl\":\"https:\/\/prefecturadeesmeraldas.gob.ec\/wp-content\/uploads\/2024\/11\/WhatsApp-Image-2024-11-11-at-20.56.24-1.jpeg\",\"datePublished\":\"2024-11-14T14:02:47+00:00\",\"dateModified\":\"2024-11-14T14:04:02+00:00\",\"breadcrumb\":{\"@id\":\"https:\/\/prefecturadeesmeraldas.gob.ec\/index.php\/2024\/11\/14\/se-eligio-a-la-nueva-reina-de-la-provincia-de-esmeraldas-en-una-noche-radiante-de-belleza\/#breadcrumb\"},\"inLanguage\":\"es\",\"potentialAction\":[{\"@type\":\"ReadAction\",\"target\":[\"https:\/\/prefecturadeesmeraldas.gob.ec\/index.php\/2024\/11\/14\/se-eligio-a-la-nueva-reina-de-la-provincia-de-esmeraldas-en-una-noche-radiante-de-belleza\/\"]}]},{\"@type\":\"ImageObject\",\"inLanguage\":\"es\",\"@id\":\"https:\/\/prefecturadeesmeraldas.gob.ec\/index.php\/2024\/11\/14\/se-eligio-a-la-nueva-reina-de-la-provincia-de-esmeraldas-en-una-noche-radiante-de-belleza\/#primaryimage\",\"url\":\"https:\/\/prefecturadeesmeraldas.gob.ec\/wp-content\/uploads\/2024\/11\/WhatsApp-Image-2024-11-11-at-20.56.24-1.jpeg\",\"contentUrl\":\"https:\/\/prefecturadeesmeraldas.gob.ec\/wp-content\/uploads\/2024\/11\/WhatsApp-Image-2024-11-11-at-20.56.24-1.jpeg\",\"width\":1280,\"height\":1280},{\"@type\":\"BreadcrumbList\",\"@id\":\"https:\/\/prefecturadeesmeraldas.gob.ec\/index.php\/2024\/11\/14\/se-eligio-a-la-nueva-reina-de-la-provincia-de-esmeraldas-en-una-noche-radiante-de-belleza\/#breadcrumb\",\"itemListElement\":[{\"@type\":\"ListItem\",\"position\":1,\"name\":\"Home\",\"item\":\"https:\/\/prefecturadeesmeraldas.gob.ec\/\"},{\"@type\":\"ListItem\",\"position\":2,\"name\":\"Se eligi\u00f3 a la nueva Reina de la Provincia de Esmeraldas en una noche radiante de belleza.\"}]},{\"@type\":\"WebSite\",\"@id\":\"https:\/\/prefecturadeesmeraldas.gob.ec\/#website\",\"url\":\"https:\/\/prefecturadeesmeraldas.gob.ec\/\",\"name\":\"Gobierno Aut\u00f3nomo Descentralizado de la Provincia de Esmeraldas\",\"description\":\"Gobierno Aut\u00f3nomo Descentralizado de la Provincia de Esmeraldas\",\"publisher\":{\"@id\":\"https:\/\/prefecturadeesmeraldas.gob.ec\/#organization\"},\"potentialAction\":[{\"@type\":\"SearchAction\",\"target\":{\"@type\":\"EntryPoint\",\"urlTemplate\":\"https:\/\/prefecturadeesmeraldas.gob.ec\/?s={search_term_string}\"},\"query-input\":{\"@type\":\"PropertyValueSpecification\",\"valueRequired\":true,\"valueName\":\"search_term_string\"}}],\"inLanguage\":\"es\"},{\"@type\":\"Organization\",\"@id\":\"https:\/\/prefecturadeesmeraldas.gob.ec\/#organization\",\"name\":\"Gobierno Aut\u00f3nomo Descentralizado de la Provincia de Esmeraldas\",\"url\":\"https:\/\/prefecturadeesmeraldas.gob.ec\/\",\"logo\":{\"@type\":\"ImageObject\",\"inLanguage\":\"es\",\"@id\":\"https:\/\/prefecturadeesmeraldas.gob.ec\/#\/schema\/logo\/image\/\",\"url\":\"https:\/\/prefecturadeesmeraldas.gob.ec\/wp-content\/uploads\/2019\/06\/logo.png\",\"contentUrl\":\"https:\/\/prefecturadeesmeraldas.gob.ec\/wp-content\/uploads\/2019\/06\/logo.png\",\"width\":859,\"height\":448,\"caption\":\"Gobierno Aut\u00f3nomo Descentralizado de la Provincia de Esmeraldas\"},\"image\":{\"@id\":\"https:\/\/prefecturadeesmeraldas.gob.ec\/#\/schema\/logo\/image\/\"},\"sameAs\":[\"https:\/\/www.facebook.com\/PrefecturaEsmeraldas\/\"]},{\"@type\":\"Person\",\"@id\":\"https:\/\/prefecturadeesmeraldas.gob.ec\/#\/schema\/person\/b0c9e7b1ead7725994d1e319e8825234\",\"name\":\"Direcci\u00f3n de Comunicaci\u00f3n\",\"image\":{\"@type\":\"ImageObject\",\"inLanguage\":\"es\",\"@id\":\"https:\/\/prefecturadeesmeraldas.gob.ec\/#\/schema\/person\/image\/\",\"url\":\"https:\/\/secure.gravatar.com\/avatar\/74a3870a946f5d774ade3569af61a72308e07ad3346f370c4b468ee2a9858658?s=96&d=mm&r=g\",\"contentUrl\":\"https:\/\/secure.gravatar.com\/avatar\/74a3870a946f5d774ade3569af61a72308e07ad3346f370c4b468ee2a9858658?s=96&d=mm&r=g\",\"caption\":\"Direcci\u00f3n de Comunicaci\u00f3n\"}}]}<\/script>\n<!-- \/ Yoast SEO plugin. -->","yoast_head_json":{"title":"Se eligi\u00f3 a la nueva Reina de la Provincia de Esmeraldas en una noche radiante de belleza. - Gobierno Aut\u00f3nomo Descentralizado de la Provincia de Esmeraldas","robots":{"index":"index","follow":"follow","max-snippet":"max-snippet:-1","max-image-preview":"max-image-preview:large","max-video-preview":"max-video-preview:-1"},"canonical":"https:\/\/prefecturadeesmeraldas.gob.ec\/index.php\/2024\/11\/14\/se-eligio-a-la-nueva-reina-de-la-provincia-de-esmeraldas-en-una-noche-radiante-de-belleza\/","og_locale":"es_ES","og_type":"article","og_title":"Se eligi\u00f3 a la nueva Reina de la Provincia de Esmeraldas en una noche radiante de belleza. - Gobierno Aut\u00f3nomo Descentralizado de la Provincia de Esmeraldas","og_description":"La ciudad de Quinind\u00e9 brill\u00f3 la noche del s\u00e1bado 9 de noviembre, cuando Frany Delgado, representante del cant\u00f3n Esmeraldas, fue coronada como la nueva Reina de la Provincia de Esmeraldas 2024. Su elegancia y carisma la destacaron en esta competencia, gan\u00e1ndose el reconocimiento y el cari\u00f1o de todos los presentes. El evento, realizado en un [&hellip;]","og_url":"https:\/\/prefecturadeesmeraldas.gob.ec\/index.php\/2024\/11\/14\/se-eligio-a-la-nueva-reina-de-la-provincia-de-esmeraldas-en-una-noche-radiante-de-belleza\/","og_site_name":"Gobierno Aut\u00f3nomo Descentralizado de la Provincia de Esmeraldas","article_publisher":"https:\/\/www.facebook.com\/PrefecturaEsmeraldas\/","article_published_time":"2024-11-14T14:02:47+00:00","article_modified_time":"2024-11-14T14:04:02+00:00","og_image":[{"width":1280,"height":1280,"url":"https:\/\/prefecturadeesmeraldas.gob.ec\/wp-content\/uploads\/2024\/11\/WhatsApp-Image-2024-11-11-at-20.56.24-1.jpeg","type":"image\/jpeg"}],"author":"Direcci\u00f3n de Comunicaci\u00f3n","twitter_card":"summary_large_image","twitter_misc":{"Escrito por":"Direcci\u00f3n de Comunicaci\u00f3n","Tiempo de lectura":"2 minutos"},"schema":{"@context":"https:\/\/schema.org","@graph":[{"@type":"Article","@id":"https:\/\/prefecturadeesmeraldas.gob.ec\/index.php\/2024\/11\/14\/se-eligio-a-la-nueva-reina-de-la-provincia-de-esmeraldas-en-una-noche-radiante-de-belleza\/#article","isPartOf":{"@id":"https:\/\/prefecturadeesmeraldas.gob.ec\/index.php\/2024\/11\/14\/se-eligio-a-la-nueva-reina-de-la-provincia-de-esmeraldas-en-una-noche-radiante-de-belleza\/"},"author":{"name":"Direcci\u00f3n de Comunicaci\u00f3n","@id":"https:\/\/prefecturadeesmeraldas.gob.ec\/#\/schema\/person\/b0c9e7b1ead7725994d1e319e8825234"},"headline":"Se eligi\u00f3 a la nueva Reina de la Provincia de Esmeraldas en una noche radiante de belleza.","datePublished":"2024-11-14T14:02:47+00:00","dateModified":"2024-11-14T14:04:02+00:00","mainEntityOfPage":{"@id":"https:\/\/prefecturadeesmeraldas.gob.ec\/index.php\/2024\/11\/14\/se-eligio-a-la-nueva-reina-de-la-provincia-de-esmeraldas-en-una-noche-radiante-de-belleza\/"},"wordCount":228,"publisher":{"@id":"https:\/\/prefecturadeesmeraldas.gob.ec\/#organization"},"image":{"@id":"https:\/\/prefecturadeesmeraldas.gob.ec\/index.php\/2024\/11\/14\/se-eligio-a-la-nueva-reina-de-la-provincia-de-esmeraldas-en-una-noche-radiante-de-belleza\/#primaryimage"},"thumbnailUrl":"https:\/\/prefecturadeesmeraldas.gob.ec\/wp-content\/uploads\/2024\/11\/WhatsApp-Image-2024-11-11-at-20.56.24-1.jpeg","articleSection":["Comunicaci\u00f3n Social","Institucional"],"inLanguage":"es"},{"@type":"WebPage","@id":"https:\/\/prefecturadeesmeraldas.gob.ec\/index.php\/2024\/11\/14\/se-eligio-a-la-nueva-reina-de-la-provincia-de-esmeraldas-en-una-noche-radiante-de-belleza\/","url":"https:\/\/prefecturadeesmeraldas.gob.ec\/index.php\/2024\/11\/14\/se-eligio-a-la-nueva-reina-de-la-provincia-de-esmeraldas-en-una-noche-radiante-de-belleza\/","name":"Se eligi\u00f3 a la nueva Reina de la Provincia de Esmeraldas en una noche radiante de belleza. - Gobierno Aut\u00f3nomo Descentralizado de la Provincia de Esmeraldas","isPartOf":{"@id":"https:\/\/prefecturadeesmeraldas.gob.ec\/#website"},"primaryImageOfPage":{"@id":"https:\/\/prefecturadeesmeraldas.gob.ec\/index.php\/2024\/11\/14\/se-eligio-a-la-nueva-reina-de-la-provincia-de-esmeraldas-en-una-noche-radiante-de-belleza\/#primaryimage"},"image":{"@id":"https:\/\/prefecturadeesmeraldas.gob.ec\/index.php\/2024\/11\/14\/se-eligio-a-la-nueva-reina-de-la-provincia-de-esmeraldas-en-una-noche-radiante-de-belleza\/#primaryimage"},"thumbnailUrl":"https:\/\/prefecturadeesmeraldas.gob.ec\/wp-content\/uploads\/2024\/11\/WhatsApp-Image-2024-11-11-at-20.56.24-1.jpeg","datePublished":"2024-11-14T14:02:47+00:00","dateModified":"2024-11-14T14:04:02+00:00","breadcrumb":{"@id":"https:\/\/prefecturadeesmeraldas.gob.ec\/index.php\/2024\/11\/14\/se-eligio-a-la-nueva-reina-de-la-provincia-de-esmeraldas-en-una-noche-radiante-de-belleza\/#breadcrumb"},"inLanguage":"es","potentialAction":[{"@type":"ReadAction","target":["https:\/\/prefecturadeesmeraldas.gob.ec\/index.php\/2024\/11\/14\/se-eligio-a-la-nueva-reina-de-la-provincia-de-esmeraldas-en-una-noche-radiante-de-belleza\/"]}]},{"@type":"ImageObject","inLanguage":"es","@id":"https:\/\/prefecturadeesmeraldas.gob.ec\/index.php\/2024\/11\/14\/se-eligio-a-la-nueva-reina-de-la-provincia-de-esmeraldas-en-una-noche-radiante-de-belleza\/#primaryimage","url":"https:\/\/prefecturadeesmeraldas.gob.ec\/wp-content\/uploads\/2024\/11\/WhatsApp-Image-2024-11-11-at-20.56.24-1.jpeg","contentUrl":"https:\/\/prefecturadeesmeraldas.gob.ec\/wp-content\/uploads\/2024\/11\/WhatsApp-Image-2024-11-11-at-20.56.24-1.jpeg","width":1280,"height":1280},{"@type":"BreadcrumbList","@id":"https:\/\/prefecturadeesmeraldas.gob.ec\/index.php\/2024\/11\/14\/se-eligio-a-la-nueva-reina-de-la-provincia-de-esmeraldas-en-una-noche-radiante-de-belleza\/#breadcrumb","itemListElement":[{"@type":"ListItem","position":1,"name":"Home","item":"https:\/\/prefecturadeesmeraldas.gob.ec\/"},{"@type":"ListItem","position":2,"name":"Se eligi\u00f3 a la nueva Reina de la Provincia de Esmeraldas en una noche radiante de belleza."}]},{"@type":"WebSite","@id":"https:\/\/prefecturadeesmeraldas.gob.ec\/#website","url":"https:\/\/prefecturadeesmeraldas.gob.ec\/","name":"Gobierno Aut\u00f3nomo Descentralizado de la Provincia de Esmeraldas","description":"Gobierno Aut\u00f3nomo Descentralizado de la Provincia de Esmeraldas","publisher":{"@id":"https:\/\/prefecturadeesmeraldas.gob.ec\/#organization"},"potentialAction":[{"@type":"SearchAction","target":{"@type":"EntryPoint","urlTemplate":"https:\/\/prefecturadeesmeraldas.gob.ec\/?s={search_term_string}"},"query-input":{"@type":"PropertyValueSpecification","valueRequired":true,"valueName":"search_term_string"}}],"inLanguage":"es"},{"@type":"Organization","@id":"https:\/\/prefecturadeesmeraldas.gob.ec\/#organization","name":"Gobierno Aut\u00f3nomo Descentralizado de la Provincia de Esmeraldas","url":"https:\/\/prefecturadeesmeraldas.gob.ec\/","logo":{"@type":"ImageObject","inLanguage":"es","@id":"https:\/\/prefecturadeesmeraldas.gob.ec\/#\/schema\/logo\/image\/","url":"https:\/\/prefecturadeesmeraldas.gob.ec\/wp-content\/uploads\/2019\/06\/logo.png","contentUrl":"https:\/\/prefecturadeesmeraldas.gob.ec\/wp-content\/uploads\/2019\/06\/logo.png","width":859,"height":448,"caption":"Gobierno Aut\u00f3nomo Descentralizado de la Provincia de Esmeraldas"},"image":{"@id":"https:\/\/prefecturadeesmeraldas.gob.ec\/#\/schema\/logo\/image\/"},"sameAs":["https:\/\/www.facebook.com\/PrefecturaEsmeraldas\/"]},{"@type":"Person","@id":"https:\/\/prefecturadeesmeraldas.gob.ec\/#\/schema\/person\/b0c9e7b1ead7725994d1e319e8825234","name":"Direcci\u00f3n de Comunicaci\u00f3n","image":{"@type":"ImageObject","inLanguage":"es","@id":"https:\/\/prefecturadeesmeraldas.gob.ec\/#\/schema\/person\/image\/","url":"https:\/\/secure.gravatar.com\/avatar\/74a3870a946f5d774ade3569af61a72308e07ad3346f370c4b468ee2a9858658?s=96&d=mm&r=g","contentUrl":"https:\/\/secure.gravatar.com\/avatar\/74a3870a946f5d774ade3569af61a72308e07ad3346f370c4b468ee2a9858658?s=96&d=mm&r=g","caption":"Direcci\u00f3n de Comunicaci\u00f3n"}}]}},"_links":{"self":[{"href":"https:\/\/prefecturadeesmeraldas.gob.ec\/index.php\/wp-json\/wp\/v2\/posts\/28190","targetHints":{"allow":["GET"]}}],"collection":[{"href":"https:\/\/prefecturadeesmeraldas.gob.ec\/index.php\/wp-json\/wp\/v2\/posts"}],"about":[{"href":"https:\/\/prefecturadeesmeraldas.gob.ec\/index.php\/wp-json\/wp\/v2\/types\/post"}],"author":[{"embeddable":true,"href":"https:\/\/prefecturadeesmeraldas.gob.ec\/index.php\/wp-json\/wp\/v2\/users\/2"}],"replies":[{"embeddable":true,"href":"https:\/\/prefecturadeesmeraldas.gob.ec\/index.php\/wp-json\/wp\/v2\/comments?post=28190"}],"version-history":[{"count":5,"href":"https:\/\/prefecturadeesmeraldas.gob.ec\/index.php\/wp-json\/wp\/v2\/posts\/28190\/revisions"}],"predecessor-version":[{"id":28197,"href":"https:\/\/prefecturadeesmeraldas.gob.ec\/index.php\/wp-json\/wp\/v2\/posts\/28190\/revisions\/28197"}],"wp:featuredmedia":[{"embeddable":true,"href":"https:\/\/prefecturadeesmeraldas.gob.ec\/index.php\/wp-json\/wp\/v2\/media\/28193"}],"wp:attachment":[{"href":"https:\/\/prefecturadeesmeraldas.gob.ec\/index.php\/wp-json\/wp\/v2\/media?parent=28190"}],"wp:term":[{"taxonomy":"category","embeddable":true,"href":"https:\/\/prefecturadeesmeraldas.gob.ec\/index.php\/wp-json\/wp\/v2\/categories?post=28190"},{"taxonomy":"post_tag","embeddable":true,"href":"https:\/\/prefecturadeesmeraldas.gob.ec\/index.php\/wp-json\/wp\/v2\/tags?post=28190"}],"curies":[{"name":"wp","href":"https:\/\/api.w.org\/{rel}","templated":true}]}}