{"id":28170,"date":"2024-11-07T09:19:12","date_gmt":"2024-11-07T14:19:12","guid":{"rendered":"https:\/\/prefecturadeesmeraldas.gob.ec\/?p=28170"},"modified":"2024-11-07T09:20:38","modified_gmt":"2024-11-07T14:20:38","slug":"feria-de-emprendimientos-yo-yoy-esmeraldas-impulsa-la-economia-de-atacames-y-celebra-177-anos-de-provincializacion","status":"publish","type":"post","link":"https:\/\/prefecturadeesmeraldas.gob.ec\/index.php\/2024\/11\/07\/feria-de-emprendimientos-yo-yoy-esmeraldas-impulsa-la-economia-de-atacames-y-celebra-177-anos-de-provincializacion\/","title":{"rendered":"Feria de emprendimientos \u201cYo Yoy Esmeraldas\u201d impulsa la econom\u00eda de Atacames y celebra 177 a\u00f1os de provincializaci\u00f3n."},"content":{"rendered":"\t\t<div data-elementor-type=\"wp-post\" data-elementor-id=\"28170\" class=\"elementor elementor-28170\">\n\t\t\t\t<div class=\"elementor-element elementor-element-46febef e-flex e-con-boxed e-con e-parent\" data-id=\"46febef\" data-element_type=\"container\">\n\t\t\t\t\t<div class=\"e-con-inner\">\n\t\t\t\t<div class=\"elementor-element elementor-element-9c6f1ef elementor-widget elementor-widget-image\" data-id=\"9c6f1ef\" data-element_type=\"widget\" data-widget_type=\"image.default\">\n\t\t\t\t<div class=\"elementor-widget-container\">\n\t\t\t\t\t\t\t\t\t\t\t\t\t\t\t<img fetchpriority=\"high\" decoding=\"async\" width=\"960\" height=\"1280\" src=\"https:\/\/prefecturadeesmeraldas.gob.ec\/wp-content\/uploads\/2024\/11\/WhatsApp-Image-2024-11-06-at-07.32.49-1.jpeg\" class=\"attachment-large size-large wp-image-28174\" alt=\"\" srcset=\"https:\/\/prefecturadeesmeraldas.gob.ec\/wp-content\/uploads\/2024\/11\/WhatsApp-Image-2024-11-06-at-07.32.49-1.jpeg 960w, https:\/\/prefecturadeesmeraldas.gob.ec\/wp-content\/uploads\/2024\/11\/WhatsApp-Image-2024-11-06-at-07.32.49-1-225x300.jpeg 225w, https:\/\/prefecturadeesmeraldas.gob.ec\/wp-content\/uploads\/2024\/11\/WhatsApp-Image-2024-11-06-at-07.32.49-1-768x1024.jpeg 768w\" sizes=\"(max-width: 960px) 100vw, 960px\" \/>\t\t\t\t\t\t\t\t\t\t\t\t\t\t\t<\/div>\n\t\t\t\t<\/div>\n\t\t\t\t\t<\/div>\n\t\t\t\t<\/div>\n\t\t<div class=\"elementor-element elementor-element-533851d e-flex e-con-boxed e-con e-parent\" data-id=\"533851d\" data-element_type=\"container\">\n\t\t\t\t\t<div class=\"e-con-inner\">\n\t\t\t\t<div class=\"elementor-element elementor-element-ea26741 elementor-widget elementor-widget-text-editor\" data-id=\"ea26741\" data-element_type=\"widget\" data-widget_type=\"text-editor.default\">\n\t\t\t\t<div class=\"elementor-widget-container\">\n\t\t\t\t\t\t\t\t\t<p>Con \u00e9xito se llev\u00f3 a cabo la Feria de Emprendimientos \u201cYo Soy Esmeraldas\u201d en el cant\u00f3n Atacames, organizada por la Prefectura de Esmeraldas como parte de las festividades por los 177 a\u00f1os de provincializaci\u00f3n. El evento reuni\u00f3 a emprendedores locales, turistas y residentes, en una jornada llena de sabor, creatividad y arte, que resalt\u00f3 la riqueza cultural y gastron\u00f3mica de Esmeraldas.<\/p><p>La prefecta de Esmeraldas, <strong>Roberta Zambrano<\/strong>, destac\u00f3 el objetivo central de la feria: reactivar la econom\u00eda de la provincia y apoyar a los emprendedores locales. \u201c<strong>La feria es una plataforma para que nuestros emprendedores puedan mostrar sus productos y servicios, contribuyendo a la reactivaci\u00f3n econ\u00f3mica del sector. Es una celebraci\u00f3n de nuestra cultura y un impulso a la creatividad de nuestra gente<\/strong>\u201d, se\u00f1al\u00f3 Zambrano, quien agradeci\u00f3 el apoyo de los asistentes y la participaci\u00f3n de cada uno de los emprendedores.<\/p><p>El alcalde de Atacames, Williams Mendoza, tambi\u00e9n expres\u00f3 su satisfacci\u00f3n por el evento, subrayando el trabajo en conjunto con la Prefectura de Esmeraldas para garantizar el \u00e9xito de esta y otras actividades en la provincia. \u201c<strong>Trabajar de la mano con la Prefectura ha sido clave para impulsar estas iniciativas que benefician a nuestra gente y fortalecen el turismo en Atacames. La feria ha sido una gran oportunidad para mostrar lo mejor de nuestro cant\u00f3n y fortalecer los lazos entre emprendedores y visitantes<\/strong>\u201d, indic\u00f3 Mendoza.<\/p><p>Los asistentes disfrutaron de una amplia variedad de platos t\u00edpicos, artesan\u00edas y productos elaborados por manos esmeralde\u00f1as, as\u00ed como de presentaciones art\u00edsticas que animaron la jornada. Los visitantes destacaron la importancia de esta feria, que, adem\u00e1s de ofrecer un espacio de entretenimiento, contribuye a la reactivaci\u00f3n econ\u00f3mica del cant\u00f3n y de la provincia. \u201cNos alegra ver esta clase de iniciativas en nuestra comunidad; es un apoyo directo a la econom\u00eda de los emprendedores y nos da la oportunidad de disfrutar de nuestros productos y cultura\u201d, coment\u00f3 una de las asistentes al evento.<\/p><p>La Feria de Emprendimientos \u201cYo Soy Esmeraldas\u201d refleja el compromiso de la Prefectura de Esmeraldas con el desarrollo econ\u00f3mico y social de la provincia, bajo el lema \u201cJuntos Nos Reactivamos\u201d. Esta y otras actividades conmemorativas continuar\u00e1n durante noviembre, invitando a esmeralde\u00f1os y visitantes a celebrar y fortalecer la identidad de una provincia que sigue creciendo. <\/p>\t\t\t\t\t\t\t\t<\/div>\n\t\t\t\t<\/div>\n\t\t\t\t\t<\/div>\n\t\t\t\t<\/div>\n\t\t\t\t<\/div>\n\t\t","protected":false},"excerpt":{"rendered":"<p>Con \u00e9xito se llev\u00f3 a cabo la Feria de Emprendimientos \u201cYo Soy Esmeraldas\u201d en el cant\u00f3n Atacames, organizada por la Prefectura de Esmeraldas como parte de las festividades por los 177 a\u00f1os de provincializaci\u00f3n. El evento reuni\u00f3 a emprendedores locales, turistas y residentes, en una jornada llena de sabor, creatividad y arte, que resalt\u00f3 la [&hellip;]<\/p>\n","protected":false},"author":2,"featured_media":28173,"comment_status":"closed","ping_status":"open","sticky":false,"template":"","format":"standard","meta":{"footnotes":""},"categories":[12,18],"tags":[],"class_list":["post-28170","post","type-post","status-publish","format-standard","has-post-thumbnail","hentry","category-fomento_productivo_2019","category-turismo"],"yoast_head":"<!-- This site is optimized with the Yoast SEO plugin v25.7 - https:\/\/yoast.com\/wordpress\/plugins\/seo\/ -->\n<title>Feria de emprendimientos \u201cYo Yoy Esmeraldas\u201d impulsa la econom\u00eda de Atacames y celebra 177 a\u00f1os de provincializaci\u00f3n. - Gobierno Aut\u00f3nomo Descentralizado de la Provincia de Esmeraldas<\/title>\n<meta name=\"robots\" content=\"index, follow, max-snippet:-1, max-image-preview:large, max-video-preview:-1\" \/>\n<link rel=\"canonical\" href=\"https:\/\/prefecturadeesmeraldas.gob.ec\/index.php\/2024\/11\/07\/feria-de-emprendimientos-yo-yoy-esmeraldas-impulsa-la-economia-de-atacames-y-celebra-177-anos-de-provincializacion\/\" \/>\n<meta property=\"og:locale\" content=\"es_ES\" \/>\n<meta property=\"og:type\" content=\"article\" \/>\n<meta property=\"og:title\" content=\"Feria de emprendimientos \u201cYo Yoy Esmeraldas\u201d impulsa la econom\u00eda de Atacames y celebra 177 a\u00f1os de provincializaci\u00f3n. - Gobierno Aut\u00f3nomo Descentralizado de la Provincia de Esmeraldas\" \/>\n<meta property=\"og:description\" content=\"Con \u00e9xito se llev\u00f3 a cabo la Feria de Emprendimientos \u201cYo Soy Esmeraldas\u201d en el cant\u00f3n Atacames, organizada por la Prefectura de Esmeraldas como parte de las festividades por los 177 a\u00f1os de provincializaci\u00f3n. El evento reuni\u00f3 a emprendedores locales, turistas y residentes, en una jornada llena de sabor, creatividad y arte, que resalt\u00f3 la [&hellip;]\" \/>\n<meta property=\"og:url\" content=\"https:\/\/prefecturadeesmeraldas.gob.ec\/index.php\/2024\/11\/07\/feria-de-emprendimientos-yo-yoy-esmeraldas-impulsa-la-economia-de-atacames-y-celebra-177-anos-de-provincializacion\/\" \/>\n<meta property=\"og:site_name\" content=\"Gobierno Aut\u00f3nomo Descentralizado de la Provincia de Esmeraldas\" \/>\n<meta property=\"article:publisher\" content=\"https:\/\/www.facebook.com\/PrefecturaEsmeraldas\/\" \/>\n<meta property=\"article:published_time\" content=\"2024-11-07T14:19:12+00:00\" \/>\n<meta property=\"article:modified_time\" content=\"2024-11-07T14:20:38+00:00\" \/>\n<meta property=\"og:image\" content=\"https:\/\/prefecturadeesmeraldas.gob.ec\/wp-content\/uploads\/2024\/11\/WhatsApp-Image-2024-11-06-at-07.32.48-1.jpeg\" \/>\n\t<meta property=\"og:image:width\" content=\"1280\" \/>\n\t<meta property=\"og:image:height\" content=\"960\" \/>\n\t<meta property=\"og:image:type\" content=\"image\/jpeg\" \/>\n<meta name=\"author\" content=\"Direcci\u00f3n de Comunicaci\u00f3n\" \/>\n<meta name=\"twitter:card\" content=\"summary_large_image\" \/>\n<meta name=\"twitter:label1\" content=\"Escrito por\" \/>\n\t<meta name=\"twitter:data1\" content=\"Direcci\u00f3n de Comunicaci\u00f3n\" \/>\n\t<meta name=\"twitter:label2\" content=\"Tiempo de lectura\" \/>\n\t<meta name=\"twitter:data2\" content=\"3 minutos\" \/>\n<script type=\"application\/ld+json\" class=\"yoast-schema-graph\">{\"@context\":\"https:\/\/schema.org\",\"@graph\":[{\"@type\":\"Article\",\"@id\":\"https:\/\/prefecturadeesmeraldas.gob.ec\/index.php\/2024\/11\/07\/feria-de-emprendimientos-yo-yoy-esmeraldas-impulsa-la-economia-de-atacames-y-celebra-177-anos-de-provincializacion\/#article\",\"isPartOf\":{\"@id\":\"https:\/\/prefecturadeesmeraldas.gob.ec\/index.php\/2024\/11\/07\/feria-de-emprendimientos-yo-yoy-esmeraldas-impulsa-la-economia-de-atacames-y-celebra-177-anos-de-provincializacion\/\"},\"author\":{\"name\":\"Direcci\u00f3n de Comunicaci\u00f3n\",\"@id\":\"https:\/\/prefecturadeesmeraldas.gob.ec\/#\/schema\/person\/b0c9e7b1ead7725994d1e319e8825234\"},\"headline\":\"Feria de emprendimientos \u201cYo Yoy Esmeraldas\u201d impulsa la econom\u00eda de Atacames y celebra 177 a\u00f1os de provincializaci\u00f3n.\",\"datePublished\":\"2024-11-07T14:19:12+00:00\",\"dateModified\":\"2024-11-07T14:20:38+00:00\",\"mainEntityOfPage\":{\"@id\":\"https:\/\/prefecturadeesmeraldas.gob.ec\/index.php\/2024\/11\/07\/feria-de-emprendimientos-yo-yoy-esmeraldas-impulsa-la-economia-de-atacames-y-celebra-177-anos-de-provincializacion\/\"},\"wordCount\":415,\"publisher\":{\"@id\":\"https:\/\/prefecturadeesmeraldas.gob.ec\/#organization\"},\"image\":{\"@id\":\"https:\/\/prefecturadeesmeraldas.gob.ec\/index.php\/2024\/11\/07\/feria-de-emprendimientos-yo-yoy-esmeraldas-impulsa-la-economia-de-atacames-y-celebra-177-anos-de-provincializacion\/#primaryimage\"},\"thumbnailUrl\":\"https:\/\/prefecturadeesmeraldas.gob.ec\/wp-content\/uploads\/2024\/11\/WhatsApp-Image-2024-11-06-at-07.32.48-1.jpeg\",\"articleSection\":[\"Fomento Productivo\",\"Turismo\"],\"inLanguage\":\"es\"},{\"@type\":\"WebPage\",\"@id\":\"https:\/\/prefecturadeesmeraldas.gob.ec\/index.php\/2024\/11\/07\/feria-de-emprendimientos-yo-yoy-esmeraldas-impulsa-la-economia-de-atacames-y-celebra-177-anos-de-provincializacion\/\",\"url\":\"https:\/\/prefecturadeesmeraldas.gob.ec\/index.php\/2024\/11\/07\/feria-de-emprendimientos-yo-yoy-esmeraldas-impulsa-la-economia-de-atacames-y-celebra-177-anos-de-provincializacion\/\",\"name\":\"Feria de emprendimientos \u201cYo Yoy Esmeraldas\u201d impulsa la econom\u00eda de Atacames y celebra 177 a\u00f1os de provincializaci\u00f3n. - Gobierno Aut\u00f3nomo Descentralizado de la Provincia de Esmeraldas\",\"isPartOf\":{\"@id\":\"https:\/\/prefecturadeesmeraldas.gob.ec\/#website\"},\"primaryImageOfPage\":{\"@id\":\"https:\/\/prefecturadeesmeraldas.gob.ec\/index.php\/2024\/11\/07\/feria-de-emprendimientos-yo-yoy-esmeraldas-impulsa-la-economia-de-atacames-y-celebra-177-anos-de-provincializacion\/#primaryimage\"},\"image\":{\"@id\":\"https:\/\/prefecturadeesmeraldas.gob.ec\/index.php\/2024\/11\/07\/feria-de-emprendimientos-yo-yoy-esmeraldas-impulsa-la-economia-de-atacames-y-celebra-177-anos-de-provincializacion\/#primaryimage\"},\"thumbnailUrl\":\"https:\/\/prefecturadeesmeraldas.gob.ec\/wp-content\/uploads\/2024\/11\/WhatsApp-Image-2024-11-06-at-07.32.48-1.jpeg\",\"datePublished\":\"2024-11-07T14:19:12+00:00\",\"dateModified\":\"2024-11-07T14:20:38+00:00\",\"breadcrumb\":{\"@id\":\"https:\/\/prefecturadeesmeraldas.gob.ec\/index.php\/2024\/11\/07\/feria-de-emprendimientos-yo-yoy-esmeraldas-impulsa-la-economia-de-atacames-y-celebra-177-anos-de-provincializacion\/#breadcrumb\"},\"inLanguage\":\"es\",\"potentialAction\":[{\"@type\":\"ReadAction\",\"target\":[\"https:\/\/prefecturadeesmeraldas.gob.ec\/index.php\/2024\/11\/07\/feria-de-emprendimientos-yo-yoy-esmeraldas-impulsa-la-economia-de-atacames-y-celebra-177-anos-de-provincializacion\/\"]}]},{\"@type\":\"ImageObject\",\"inLanguage\":\"es\",\"@id\":\"https:\/\/prefecturadeesmeraldas.gob.ec\/index.php\/2024\/11\/07\/feria-de-emprendimientos-yo-yoy-esmeraldas-impulsa-la-economia-de-atacames-y-celebra-177-anos-de-provincializacion\/#primaryimage\",\"url\":\"https:\/\/prefecturadeesmeraldas.gob.ec\/wp-content\/uploads\/2024\/11\/WhatsApp-Image-2024-11-06-at-07.32.48-1.jpeg\",\"contentUrl\":\"https:\/\/prefecturadeesmeraldas.gob.ec\/wp-content\/uploads\/2024\/11\/WhatsApp-Image-2024-11-06-at-07.32.48-1.jpeg\",\"width\":1280,\"height\":960},{\"@type\":\"BreadcrumbList\",\"@id\":\"https:\/\/prefecturadeesmeraldas.gob.ec\/index.php\/2024\/11\/07\/feria-de-emprendimientos-yo-yoy-esmeraldas-impulsa-la-economia-de-atacames-y-celebra-177-anos-de-provincializacion\/#breadcrumb\",\"itemListElement\":[{\"@type\":\"ListItem\",\"position\":1,\"name\":\"Home\",\"item\":\"https:\/\/prefecturadeesmeraldas.gob.ec\/\"},{\"@type\":\"ListItem\",\"position\":2,\"name\":\"Feria de emprendimientos \u201cYo Yoy Esmeraldas\u201d impulsa la econom\u00eda de Atacames y celebra 177 a\u00f1os de provincializaci\u00f3n.\"}]},{\"@type\":\"WebSite\",\"@id\":\"https:\/\/prefecturadeesmeraldas.gob.ec\/#website\",\"url\":\"https:\/\/prefecturadeesmeraldas.gob.ec\/\",\"name\":\"Gobierno Aut\u00f3nomo Descentralizado de la Provincia de Esmeraldas\",\"description\":\"Gobierno Aut\u00f3nomo Descentralizado de la Provincia de Esmeraldas\",\"publisher\":{\"@id\":\"https:\/\/prefecturadeesmeraldas.gob.ec\/#organization\"},\"potentialAction\":[{\"@type\":\"SearchAction\",\"target\":{\"@type\":\"EntryPoint\",\"urlTemplate\":\"https:\/\/prefecturadeesmeraldas.gob.ec\/?s={search_term_string}\"},\"query-input\":{\"@type\":\"PropertyValueSpecification\",\"valueRequired\":true,\"valueName\":\"search_term_string\"}}],\"inLanguage\":\"es\"},{\"@type\":\"Organization\",\"@id\":\"https:\/\/prefecturadeesmeraldas.gob.ec\/#organization\",\"name\":\"Gobierno Aut\u00f3nomo Descentralizado de la Provincia de Esmeraldas\",\"url\":\"https:\/\/prefecturadeesmeraldas.gob.ec\/\",\"logo\":{\"@type\":\"ImageObject\",\"inLanguage\":\"es\",\"@id\":\"https:\/\/prefecturadeesmeraldas.gob.ec\/#\/schema\/logo\/image\/\",\"url\":\"https:\/\/prefecturadeesmeraldas.gob.ec\/wp-content\/uploads\/2019\/06\/logo.png\",\"contentUrl\":\"https:\/\/prefecturadeesmeraldas.gob.ec\/wp-content\/uploads\/2019\/06\/logo.png\",\"width\":859,\"height\":448,\"caption\":\"Gobierno Aut\u00f3nomo Descentralizado de la Provincia de Esmeraldas\"},\"image\":{\"@id\":\"https:\/\/prefecturadeesmeraldas.gob.ec\/#\/schema\/logo\/image\/\"},\"sameAs\":[\"https:\/\/www.facebook.com\/PrefecturaEsmeraldas\/\"]},{\"@type\":\"Person\",\"@id\":\"https:\/\/prefecturadeesmeraldas.gob.ec\/#\/schema\/person\/b0c9e7b1ead7725994d1e319e8825234\",\"name\":\"Direcci\u00f3n de Comunicaci\u00f3n\",\"image\":{\"@type\":\"ImageObject\",\"inLanguage\":\"es\",\"@id\":\"https:\/\/prefecturadeesmeraldas.gob.ec\/#\/schema\/person\/image\/\",\"url\":\"https:\/\/secure.gravatar.com\/avatar\/74a3870a946f5d774ade3569af61a72308e07ad3346f370c4b468ee2a9858658?s=96&d=mm&r=g\",\"contentUrl\":\"https:\/\/secure.gravatar.com\/avatar\/74a3870a946f5d774ade3569af61a72308e07ad3346f370c4b468ee2a9858658?s=96&d=mm&r=g\",\"caption\":\"Direcci\u00f3n de Comunicaci\u00f3n\"}}]}<\/script>\n<!-- \/ Yoast SEO plugin. -->","yoast_head_json":{"title":"Feria de emprendimientos \u201cYo Yoy Esmeraldas\u201d impulsa la econom\u00eda de Atacames y celebra 177 a\u00f1os de provincializaci\u00f3n. - Gobierno Aut\u00f3nomo Descentralizado de la Provincia de Esmeraldas","robots":{"index":"index","follow":"follow","max-snippet":"max-snippet:-1","max-image-preview":"max-image-preview:large","max-video-preview":"max-video-preview:-1"},"canonical":"https:\/\/prefecturadeesmeraldas.gob.ec\/index.php\/2024\/11\/07\/feria-de-emprendimientos-yo-yoy-esmeraldas-impulsa-la-economia-de-atacames-y-celebra-177-anos-de-provincializacion\/","og_locale":"es_ES","og_type":"article","og_title":"Feria de emprendimientos \u201cYo Yoy Esmeraldas\u201d impulsa la econom\u00eda de Atacames y celebra 177 a\u00f1os de provincializaci\u00f3n. - Gobierno Aut\u00f3nomo Descentralizado de la Provincia de Esmeraldas","og_description":"Con \u00e9xito se llev\u00f3 a cabo la Feria de Emprendimientos \u201cYo Soy Esmeraldas\u201d en el cant\u00f3n Atacames, organizada por la Prefectura de Esmeraldas como parte de las festividades por los 177 a\u00f1os de provincializaci\u00f3n. El evento reuni\u00f3 a emprendedores locales, turistas y residentes, en una jornada llena de sabor, creatividad y arte, que resalt\u00f3 la [&hellip;]","og_url":"https:\/\/prefecturadeesmeraldas.gob.ec\/index.php\/2024\/11\/07\/feria-de-emprendimientos-yo-yoy-esmeraldas-impulsa-la-economia-de-atacames-y-celebra-177-anos-de-provincializacion\/","og_site_name":"Gobierno Aut\u00f3nomo Descentralizado de la Provincia de Esmeraldas","article_publisher":"https:\/\/www.facebook.com\/PrefecturaEsmeraldas\/","article_published_time":"2024-11-07T14:19:12+00:00","article_modified_time":"2024-11-07T14:20:38+00:00","og_image":[{"width":1280,"height":960,"url":"https:\/\/prefecturadeesmeraldas.gob.ec\/wp-content\/uploads\/2024\/11\/WhatsApp-Image-2024-11-06-at-07.32.48-1.jpeg","type":"image\/jpeg"}],"author":"Direcci\u00f3n de Comunicaci\u00f3n","twitter_card":"summary_large_image","twitter_misc":{"Escrito por":"Direcci\u00f3n de Comunicaci\u00f3n","Tiempo de lectura":"3 minutos"},"schema":{"@context":"https:\/\/schema.org","@graph":[{"@type":"Article","@id":"https:\/\/prefecturadeesmeraldas.gob.ec\/index.php\/2024\/11\/07\/feria-de-emprendimientos-yo-yoy-esmeraldas-impulsa-la-economia-de-atacames-y-celebra-177-anos-de-provincializacion\/#article","isPartOf":{"@id":"https:\/\/prefecturadeesmeraldas.gob.ec\/index.php\/2024\/11\/07\/feria-de-emprendimientos-yo-yoy-esmeraldas-impulsa-la-economia-de-atacames-y-celebra-177-anos-de-provincializacion\/"},"author":{"name":"Direcci\u00f3n de Comunicaci\u00f3n","@id":"https:\/\/prefecturadeesmeraldas.gob.ec\/#\/schema\/person\/b0c9e7b1ead7725994d1e319e8825234"},"headline":"Feria de emprendimientos \u201cYo Yoy Esmeraldas\u201d impulsa la econom\u00eda de Atacames y celebra 177 a\u00f1os de provincializaci\u00f3n.","datePublished":"2024-11-07T14:19:12+00:00","dateModified":"2024-11-07T14:20:38+00:00","mainEntityOfPage":{"@id":"https:\/\/prefecturadeesmeraldas.gob.ec\/index.php\/2024\/11\/07\/feria-de-emprendimientos-yo-yoy-esmeraldas-impulsa-la-economia-de-atacames-y-celebra-177-anos-de-provincializacion\/"},"wordCount":415,"publisher":{"@id":"https:\/\/prefecturadeesmeraldas.gob.ec\/#organization"},"image":{"@id":"https:\/\/prefecturadeesmeraldas.gob.ec\/index.php\/2024\/11\/07\/feria-de-emprendimientos-yo-yoy-esmeraldas-impulsa-la-economia-de-atacames-y-celebra-177-anos-de-provincializacion\/#primaryimage"},"thumbnailUrl":"https:\/\/prefecturadeesmeraldas.gob.ec\/wp-content\/uploads\/2024\/11\/WhatsApp-Image-2024-11-06-at-07.32.48-1.jpeg","articleSection":["Fomento Productivo","Turismo"],"inLanguage":"es"},{"@type":"WebPage","@id":"https:\/\/prefecturadeesmeraldas.gob.ec\/index.php\/2024\/11\/07\/feria-de-emprendimientos-yo-yoy-esmeraldas-impulsa-la-economia-de-atacames-y-celebra-177-anos-de-provincializacion\/","url":"https:\/\/prefecturadeesmeraldas.gob.ec\/index.php\/2024\/11\/07\/feria-de-emprendimientos-yo-yoy-esmeraldas-impulsa-la-economia-de-atacames-y-celebra-177-anos-de-provincializacion\/","name":"Feria de emprendimientos \u201cYo Yoy Esmeraldas\u201d impulsa la econom\u00eda de Atacames y celebra 177 a\u00f1os de provincializaci\u00f3n. - Gobierno Aut\u00f3nomo Descentralizado de la Provincia de Esmeraldas","isPartOf":{"@id":"https:\/\/prefecturadeesmeraldas.gob.ec\/#website"},"primaryImageOfPage":{"@id":"https:\/\/prefecturadeesmeraldas.gob.ec\/index.php\/2024\/11\/07\/feria-de-emprendimientos-yo-yoy-esmeraldas-impulsa-la-economia-de-atacames-y-celebra-177-anos-de-provincializacion\/#primaryimage"},"image":{"@id":"https:\/\/prefecturadeesmeraldas.gob.ec\/index.php\/2024\/11\/07\/feria-de-emprendimientos-yo-yoy-esmeraldas-impulsa-la-economia-de-atacames-y-celebra-177-anos-de-provincializacion\/#primaryimage"},"thumbnailUrl":"https:\/\/prefecturadeesmeraldas.gob.ec\/wp-content\/uploads\/2024\/11\/WhatsApp-Image-2024-11-06-at-07.32.48-1.jpeg","datePublished":"2024-11-07T14:19:12+00:00","dateModified":"2024-11-07T14:20:38+00:00","breadcrumb":{"@id":"https:\/\/prefecturadeesmeraldas.gob.ec\/index.php\/2024\/11\/07\/feria-de-emprendimientos-yo-yoy-esmeraldas-impulsa-la-economia-de-atacames-y-celebra-177-anos-de-provincializacion\/#breadcrumb"},"inLanguage":"es","potentialAction":[{"@type":"ReadAction","target":["https:\/\/prefecturadeesmeraldas.gob.ec\/index.php\/2024\/11\/07\/feria-de-emprendimientos-yo-yoy-esmeraldas-impulsa-la-economia-de-atacames-y-celebra-177-anos-de-provincializacion\/"]}]},{"@type":"ImageObject","inLanguage":"es","@id":"https:\/\/prefecturadeesmeraldas.gob.ec\/index.php\/2024\/11\/07\/feria-de-emprendimientos-yo-yoy-esmeraldas-impulsa-la-economia-de-atacames-y-celebra-177-anos-de-provincializacion\/#primaryimage","url":"https:\/\/prefecturadeesmeraldas.gob.ec\/wp-content\/uploads\/2024\/11\/WhatsApp-Image-2024-11-06-at-07.32.48-1.jpeg","contentUrl":"https:\/\/prefecturadeesmeraldas.gob.ec\/wp-content\/uploads\/2024\/11\/WhatsApp-Image-2024-11-06-at-07.32.48-1.jpeg","width":1280,"height":960},{"@type":"BreadcrumbList","@id":"https:\/\/prefecturadeesmeraldas.gob.ec\/index.php\/2024\/11\/07\/feria-de-emprendimientos-yo-yoy-esmeraldas-impulsa-la-economia-de-atacames-y-celebra-177-anos-de-provincializacion\/#breadcrumb","itemListElement":[{"@type":"ListItem","position":1,"name":"Home","item":"https:\/\/prefecturadeesmeraldas.gob.ec\/"},{"@type":"ListItem","position":2,"name":"Feria de emprendimientos \u201cYo Yoy Esmeraldas\u201d impulsa la econom\u00eda de Atacames y celebra 177 a\u00f1os de provincializaci\u00f3n."}]},{"@type":"WebSite","@id":"https:\/\/prefecturadeesmeraldas.gob.ec\/#website","url":"https:\/\/prefecturadeesmeraldas.gob.ec\/","name":"Gobierno Aut\u00f3nomo Descentralizado de la Provincia de Esmeraldas","description":"Gobierno Aut\u00f3nomo Descentralizado de la Provincia de Esmeraldas","publisher":{"@id":"https:\/\/prefecturadeesmeraldas.gob.ec\/#organization"},"potentialAction":[{"@type":"SearchAction","target":{"@type":"EntryPoint","urlTemplate":"https:\/\/prefecturadeesmeraldas.gob.ec\/?s={search_term_string}"},"query-input":{"@type":"PropertyValueSpecification","valueRequired":true,"valueName":"search_term_string"}}],"inLanguage":"es"},{"@type":"Organization","@id":"https:\/\/prefecturadeesmeraldas.gob.ec\/#organization","name":"Gobierno Aut\u00f3nomo Descentralizado de la Provincia de Esmeraldas","url":"https:\/\/prefecturadeesmeraldas.gob.ec\/","logo":{"@type":"ImageObject","inLanguage":"es","@id":"https:\/\/prefecturadeesmeraldas.gob.ec\/#\/schema\/logo\/image\/","url":"https:\/\/prefecturadeesmeraldas.gob.ec\/wp-content\/uploads\/2019\/06\/logo.png","contentUrl":"https:\/\/prefecturadeesmeraldas.gob.ec\/wp-content\/uploads\/2019\/06\/logo.png","width":859,"height":448,"caption":"Gobierno Aut\u00f3nomo Descentralizado de la Provincia de Esmeraldas"},"image":{"@id":"https:\/\/prefecturadeesmeraldas.gob.ec\/#\/schema\/logo\/image\/"},"sameAs":["https:\/\/www.facebook.com\/PrefecturaEsmeraldas\/"]},{"@type":"Person","@id":"https:\/\/prefecturadeesmeraldas.gob.ec\/#\/schema\/person\/b0c9e7b1ead7725994d1e319e8825234","name":"Direcci\u00f3n de Comunicaci\u00f3n","image":{"@type":"ImageObject","inLanguage":"es","@id":"https:\/\/prefecturadeesmeraldas.gob.ec\/#\/schema\/person\/image\/","url":"https:\/\/secure.gravatar.com\/avatar\/74a3870a946f5d774ade3569af61a72308e07ad3346f370c4b468ee2a9858658?s=96&d=mm&r=g","contentUrl":"https:\/\/secure.gravatar.com\/avatar\/74a3870a946f5d774ade3569af61a72308e07ad3346f370c4b468ee2a9858658?s=96&d=mm&r=g","caption":"Direcci\u00f3n de Comunicaci\u00f3n"}}]}},"_links":{"self":[{"href":"https:\/\/prefecturadeesmeraldas.gob.ec\/index.php\/wp-json\/wp\/v2\/posts\/28170","targetHints":{"allow":["GET"]}}],"collection":[{"href":"https:\/\/prefecturadeesmeraldas.gob.ec\/index.php\/wp-json\/wp\/v2\/posts"}],"about":[{"href":"https:\/\/prefecturadeesmeraldas.gob.ec\/index.php\/wp-json\/wp\/v2\/types\/post"}],"author":[{"embeddable":true,"href":"https:\/\/prefecturadeesmeraldas.gob.ec\/index.php\/wp-json\/wp\/v2\/users\/2"}],"replies":[{"embeddable":true,"href":"https:\/\/prefecturadeesmeraldas.gob.ec\/index.php\/wp-json\/wp\/v2\/comments?post=28170"}],"version-history":[{"count":5,"href":"https:\/\/prefecturadeesmeraldas.gob.ec\/index.php\/wp-json\/wp\/v2\/posts\/28170\/revisions"}],"predecessor-version":[{"id":28177,"href":"https:\/\/prefecturadeesmeraldas.gob.ec\/index.php\/wp-json\/wp\/v2\/posts\/28170\/revisions\/28177"}],"wp:featuredmedia":[{"embeddable":true,"href":"https:\/\/prefecturadeesmeraldas.gob.ec\/index.php\/wp-json\/wp\/v2\/media\/28173"}],"wp:attachment":[{"href":"https:\/\/prefecturadeesmeraldas.gob.ec\/index.php\/wp-json\/wp\/v2\/media?parent=28170"}],"wp:term":[{"taxonomy":"category","embeddable":true,"href":"https:\/\/prefecturadeesmeraldas.gob.ec\/index.php\/wp-json\/wp\/v2\/categories?post=28170"},{"taxonomy":"post_tag","embeddable":true,"href":"https:\/\/prefecturadeesmeraldas.gob.ec\/index.php\/wp-json\/wp\/v2\/tags?post=28170"}],"curies":[{"name":"wp","href":"https:\/\/api.w.org\/{rel}","templated":true}]}}