{"id":28052,"date":"2024-10-10T14:22:27","date_gmt":"2024-10-10T19:22:27","guid":{"rendered":"https:\/\/prefecturadeesmeraldas.gob.ec\/?p=28052"},"modified":"2024-10-10T14:30:56","modified_gmt":"2024-10-10T19:30:56","slug":"tribunal-condena-a-los-responsables-del-asesinato-de-nuestro-companero-jhonatan-sanchez","status":"publish","type":"post","link":"https:\/\/prefecturadeesmeraldas.gob.ec\/index.php\/2024\/10\/10\/tribunal-condena-a-los-responsables-del-asesinato-de-nuestro-companero-jhonatan-sanchez\/","title":{"rendered":"Tribunal condena a los responsables del asesinato de nuestro compa\u00f1ero Jhonatan S\u00e1nchez."},"content":{"rendered":"\t\t<div data-elementor-type=\"wp-post\" data-elementor-id=\"28052\" class=\"elementor elementor-28052\">\n\t\t\t\t<div class=\"elementor-element elementor-element-414bbd6 e-flex e-con-boxed e-con e-parent\" data-id=\"414bbd6\" data-element_type=\"container\">\n\t\t\t\t\t<div class=\"e-con-inner\">\n\t\t\t\t<div class=\"elementor-element elementor-element-0e28cac elementor-widget elementor-widget-image\" data-id=\"0e28cac\" data-element_type=\"widget\" data-widget_type=\"image.default\">\n\t\t\t\t<div class=\"elementor-widget-container\">\n\t\t\t\t\t\t\t\t\t\t\t\t\t\t\t<img fetchpriority=\"high\" decoding=\"async\" width=\"1536\" height=\"1117\" src=\"https:\/\/prefecturadeesmeraldas.gob.ec\/wp-content\/uploads\/2024\/10\/Emotivo-mensaje-de-la-esposa-de-Jonathan-Sanchez-La-Polilla.jpg\" class=\"attachment-large size-large wp-image-28054\" alt=\"\" srcset=\"https:\/\/prefecturadeesmeraldas.gob.ec\/wp-content\/uploads\/2024\/10\/Emotivo-mensaje-de-la-esposa-de-Jonathan-Sanchez-La-Polilla.jpg 1536w, https:\/\/prefecturadeesmeraldas.gob.ec\/wp-content\/uploads\/2024\/10\/Emotivo-mensaje-de-la-esposa-de-Jonathan-Sanchez-La-Polilla-300x218.jpg 300w, https:\/\/prefecturadeesmeraldas.gob.ec\/wp-content\/uploads\/2024\/10\/Emotivo-mensaje-de-la-esposa-de-Jonathan-Sanchez-La-Polilla-768x559.jpg 768w\" sizes=\"(max-width: 1536px) 100vw, 1536px\" \/>\t\t\t\t\t\t\t\t\t\t\t\t\t\t\t<\/div>\n\t\t\t\t<\/div>\n\t\t\t\t\t<\/div>\n\t\t\t\t<\/div>\n\t\t<div class=\"elementor-element elementor-element-34eab82 e-flex e-con-boxed e-con e-parent\" data-id=\"34eab82\" data-element_type=\"container\">\n\t\t\t\t\t<div class=\"e-con-inner\">\n\t\t\t\t<div class=\"elementor-element elementor-element-c5db323 elementor-widget elementor-widget-text-editor\" data-id=\"c5db323\" data-element_type=\"widget\" data-widget_type=\"text-editor.default\">\n\t\t\t\t<div class=\"elementor-widget-container\">\n\t\t\t\t\t\t\t\t\t<p>A dos d\u00edas de conmemorar el primer aniversario del doloroso asesinato de nuestro querido ex colaborador y amigo, <strong>Jhonatan S\u00e1nchez (Polilla)<\/strong>, la Prefectura de Esmeraldas informa a la comunidad que, ayer 9 de octubre del 2024, el Tribunal de Garant\u00edas Penales de Esmeraldas, integrado por el Dr. Washington Estupi\u00f1\u00e1n, Ab. Jhony Bedoya y Ab. Juan Villamar, ha declarado culpables del delito de asesinato a Qui\u00f1\u00f3nez M\u00e9ndez Steven Ariel y Perlaza Saltos Steven Jair, imponiendo una pena privativa de libertad de 34 a\u00f1os y 8 meses.<\/p><p>Este acto de justicia nos brinda un alivio, aunque el recuerdo de este vil y cobarde crimen sigue presente en nuestros corazones. Expresamos nuestra m\u00e1s profunda solidaridad con los familiares de Jhonatan en este dif\u00edcil momento.<\/p><p>Como Prefectura de Esmeraldas, continuaremos liderando la lucha por la seguridad en nuestra comunidad y no cejaremos en nuestro empe\u00f1o de que todos los responsables de actos criminales sean llevados ante la justicia y sancionados con el m\u00e1ximo peso de la ley.<\/p><p>Reiteramos nuestro compromiso con el lema #LosBuenosSomosM\u00e1s, reafirmando que la lucha por un entorno seguro y justo sigue siendo nuestra prioridad.<\/p>\t\t\t\t\t\t\t\t<\/div>\n\t\t\t\t<\/div>\n\t\t\t\t\t<\/div>\n\t\t\t\t<\/div>\n\t\t\t\t<\/div>\n\t\t","protected":false},"excerpt":{"rendered":"<p>A dos d\u00edas de conmemorar el primer aniversario del doloroso asesinato de nuestro querido ex colaborador y amigo, Jhonatan S\u00e1nchez (Polilla), la Prefectura de Esmeraldas informa a la comunidad que, ayer 9 de octubre del 2024, el Tribunal de Garant\u00edas Penales de Esmeraldas, integrado por el Dr. Washington Estupi\u00f1\u00e1n, Ab. Jhony Bedoya y Ab. Juan [&hellip;]<\/p>\n","protected":false},"author":2,"featured_media":28054,"comment_status":"closed","ping_status":"open","sticky":false,"template":"","format":"standard","meta":{"footnotes":""},"categories":[3],"tags":[],"class_list":["post-28052","post","type-post","status-publish","format-standard","has-post-thumbnail","hentry","category-institucional"],"yoast_head":"<!-- This site is optimized with the Yoast SEO plugin v25.7 - https:\/\/yoast.com\/wordpress\/plugins\/seo\/ -->\n<title>Tribunal condena a los responsables del asesinato de nuestro compa\u00f1ero Jhonatan S\u00e1nchez. - Gobierno Aut\u00f3nomo Descentralizado de la Provincia de Esmeraldas<\/title>\n<meta name=\"robots\" content=\"index, follow, max-snippet:-1, max-image-preview:large, max-video-preview:-1\" \/>\n<link rel=\"canonical\" href=\"https:\/\/prefecturadeesmeraldas.gob.ec\/index.php\/2024\/10\/10\/tribunal-condena-a-los-responsables-del-asesinato-de-nuestro-companero-jhonatan-sanchez\/\" \/>\n<meta property=\"og:locale\" content=\"es_ES\" \/>\n<meta property=\"og:type\" content=\"article\" \/>\n<meta property=\"og:title\" content=\"Tribunal condena a los responsables del asesinato de nuestro compa\u00f1ero Jhonatan S\u00e1nchez. - Gobierno Aut\u00f3nomo Descentralizado de la Provincia de Esmeraldas\" \/>\n<meta property=\"og:description\" content=\"A dos d\u00edas de conmemorar el primer aniversario del doloroso asesinato de nuestro querido ex colaborador y amigo, Jhonatan S\u00e1nchez (Polilla), la Prefectura de Esmeraldas informa a la comunidad que, ayer 9 de octubre del 2024, el Tribunal de Garant\u00edas Penales de Esmeraldas, integrado por el Dr. Washington Estupi\u00f1\u00e1n, Ab. Jhony Bedoya y Ab. Juan [&hellip;]\" \/>\n<meta property=\"og:url\" content=\"https:\/\/prefecturadeesmeraldas.gob.ec\/index.php\/2024\/10\/10\/tribunal-condena-a-los-responsables-del-asesinato-de-nuestro-companero-jhonatan-sanchez\/\" \/>\n<meta property=\"og:site_name\" content=\"Gobierno Aut\u00f3nomo Descentralizado de la Provincia de Esmeraldas\" \/>\n<meta property=\"article:publisher\" content=\"https:\/\/www.facebook.com\/PrefecturaEsmeraldas\/\" \/>\n<meta property=\"article:published_time\" content=\"2024-10-10T19:22:27+00:00\" \/>\n<meta property=\"article:modified_time\" content=\"2024-10-10T19:30:56+00:00\" \/>\n<meta property=\"og:image\" content=\"https:\/\/prefecturadeesmeraldas.gob.ec\/wp-content\/uploads\/2024\/10\/Emotivo-mensaje-de-la-esposa-de-Jonathan-Sanchez-La-Polilla.jpg\" \/>\n\t<meta property=\"og:image:width\" content=\"1536\" \/>\n\t<meta property=\"og:image:height\" content=\"1117\" \/>\n\t<meta property=\"og:image:type\" content=\"image\/jpeg\" \/>\n<meta name=\"author\" content=\"Direcci\u00f3n de Comunicaci\u00f3n\" \/>\n<meta name=\"twitter:card\" content=\"summary_large_image\" \/>\n<meta name=\"twitter:label1\" content=\"Escrito por\" \/>\n\t<meta name=\"twitter:data1\" content=\"Direcci\u00f3n de Comunicaci\u00f3n\" \/>\n\t<meta name=\"twitter:label2\" content=\"Tiempo de lectura\" \/>\n\t<meta name=\"twitter:data2\" content=\"1 minuto\" \/>\n<script type=\"application\/ld+json\" class=\"yoast-schema-graph\">{\"@context\":\"https:\/\/schema.org\",\"@graph\":[{\"@type\":\"Article\",\"@id\":\"https:\/\/prefecturadeesmeraldas.gob.ec\/index.php\/2024\/10\/10\/tribunal-condena-a-los-responsables-del-asesinato-de-nuestro-companero-jhonatan-sanchez\/#article\",\"isPartOf\":{\"@id\":\"https:\/\/prefecturadeesmeraldas.gob.ec\/index.php\/2024\/10\/10\/tribunal-condena-a-los-responsables-del-asesinato-de-nuestro-companero-jhonatan-sanchez\/\"},\"author\":{\"name\":\"Direcci\u00f3n de Comunicaci\u00f3n\",\"@id\":\"https:\/\/prefecturadeesmeraldas.gob.ec\/#\/schema\/person\/b0c9e7b1ead7725994d1e319e8825234\"},\"headline\":\"Tribunal condena a los responsables del asesinato de nuestro compa\u00f1ero Jhonatan S\u00e1nchez.\",\"datePublished\":\"2024-10-10T19:22:27+00:00\",\"dateModified\":\"2024-10-10T19:30:56+00:00\",\"mainEntityOfPage\":{\"@id\":\"https:\/\/prefecturadeesmeraldas.gob.ec\/index.php\/2024\/10\/10\/tribunal-condena-a-los-responsables-del-asesinato-de-nuestro-companero-jhonatan-sanchez\/\"},\"wordCount\":206,\"publisher\":{\"@id\":\"https:\/\/prefecturadeesmeraldas.gob.ec\/#organization\"},\"image\":{\"@id\":\"https:\/\/prefecturadeesmeraldas.gob.ec\/index.php\/2024\/10\/10\/tribunal-condena-a-los-responsables-del-asesinato-de-nuestro-companero-jhonatan-sanchez\/#primaryimage\"},\"thumbnailUrl\":\"https:\/\/prefecturadeesmeraldas.gob.ec\/wp-content\/uploads\/2024\/10\/Emotivo-mensaje-de-la-esposa-de-Jonathan-Sanchez-La-Polilla.jpg\",\"articleSection\":[\"Institucional\"],\"inLanguage\":\"es\"},{\"@type\":\"WebPage\",\"@id\":\"https:\/\/prefecturadeesmeraldas.gob.ec\/index.php\/2024\/10\/10\/tribunal-condena-a-los-responsables-del-asesinato-de-nuestro-companero-jhonatan-sanchez\/\",\"url\":\"https:\/\/prefecturadeesmeraldas.gob.ec\/index.php\/2024\/10\/10\/tribunal-condena-a-los-responsables-del-asesinato-de-nuestro-companero-jhonatan-sanchez\/\",\"name\":\"Tribunal condena a los responsables del asesinato de nuestro compa\u00f1ero Jhonatan S\u00e1nchez. - Gobierno Aut\u00f3nomo Descentralizado de la Provincia de Esmeraldas\",\"isPartOf\":{\"@id\":\"https:\/\/prefecturadeesmeraldas.gob.ec\/#website\"},\"primaryImageOfPage\":{\"@id\":\"https:\/\/prefecturadeesmeraldas.gob.ec\/index.php\/2024\/10\/10\/tribunal-condena-a-los-responsables-del-asesinato-de-nuestro-companero-jhonatan-sanchez\/#primaryimage\"},\"image\":{\"@id\":\"https:\/\/prefecturadeesmeraldas.gob.ec\/index.php\/2024\/10\/10\/tribunal-condena-a-los-responsables-del-asesinato-de-nuestro-companero-jhonatan-sanchez\/#primaryimage\"},\"thumbnailUrl\":\"https:\/\/prefecturadeesmeraldas.gob.ec\/wp-content\/uploads\/2024\/10\/Emotivo-mensaje-de-la-esposa-de-Jonathan-Sanchez-La-Polilla.jpg\",\"datePublished\":\"2024-10-10T19:22:27+00:00\",\"dateModified\":\"2024-10-10T19:30:56+00:00\",\"breadcrumb\":{\"@id\":\"https:\/\/prefecturadeesmeraldas.gob.ec\/index.php\/2024\/10\/10\/tribunal-condena-a-los-responsables-del-asesinato-de-nuestro-companero-jhonatan-sanchez\/#breadcrumb\"},\"inLanguage\":\"es\",\"potentialAction\":[{\"@type\":\"ReadAction\",\"target\":[\"https:\/\/prefecturadeesmeraldas.gob.ec\/index.php\/2024\/10\/10\/tribunal-condena-a-los-responsables-del-asesinato-de-nuestro-companero-jhonatan-sanchez\/\"]}]},{\"@type\":\"ImageObject\",\"inLanguage\":\"es\",\"@id\":\"https:\/\/prefecturadeesmeraldas.gob.ec\/index.php\/2024\/10\/10\/tribunal-condena-a-los-responsables-del-asesinato-de-nuestro-companero-jhonatan-sanchez\/#primaryimage\",\"url\":\"https:\/\/prefecturadeesmeraldas.gob.ec\/wp-content\/uploads\/2024\/10\/Emotivo-mensaje-de-la-esposa-de-Jonathan-Sanchez-La-Polilla.jpg\",\"contentUrl\":\"https:\/\/prefecturadeesmeraldas.gob.ec\/wp-content\/uploads\/2024\/10\/Emotivo-mensaje-de-la-esposa-de-Jonathan-Sanchez-La-Polilla.jpg\",\"width\":1536,\"height\":1117},{\"@type\":\"BreadcrumbList\",\"@id\":\"https:\/\/prefecturadeesmeraldas.gob.ec\/index.php\/2024\/10\/10\/tribunal-condena-a-los-responsables-del-asesinato-de-nuestro-companero-jhonatan-sanchez\/#breadcrumb\",\"itemListElement\":[{\"@type\":\"ListItem\",\"position\":1,\"name\":\"Home\",\"item\":\"https:\/\/prefecturadeesmeraldas.gob.ec\/\"},{\"@type\":\"ListItem\",\"position\":2,\"name\":\"Tribunal condena a los responsables del asesinato de nuestro compa\u00f1ero Jhonatan S\u00e1nchez.\"}]},{\"@type\":\"WebSite\",\"@id\":\"https:\/\/prefecturadeesmeraldas.gob.ec\/#website\",\"url\":\"https:\/\/prefecturadeesmeraldas.gob.ec\/\",\"name\":\"Gobierno Aut\u00f3nomo Descentralizado de la Provincia de Esmeraldas\",\"description\":\"Gobierno Aut\u00f3nomo Descentralizado de la Provincia de Esmeraldas\",\"publisher\":{\"@id\":\"https:\/\/prefecturadeesmeraldas.gob.ec\/#organization\"},\"potentialAction\":[{\"@type\":\"SearchAction\",\"target\":{\"@type\":\"EntryPoint\",\"urlTemplate\":\"https:\/\/prefecturadeesmeraldas.gob.ec\/?s={search_term_string}\"},\"query-input\":{\"@type\":\"PropertyValueSpecification\",\"valueRequired\":true,\"valueName\":\"search_term_string\"}}],\"inLanguage\":\"es\"},{\"@type\":\"Organization\",\"@id\":\"https:\/\/prefecturadeesmeraldas.gob.ec\/#organization\",\"name\":\"Gobierno Aut\u00f3nomo Descentralizado de la Provincia de Esmeraldas\",\"url\":\"https:\/\/prefecturadeesmeraldas.gob.ec\/\",\"logo\":{\"@type\":\"ImageObject\",\"inLanguage\":\"es\",\"@id\":\"https:\/\/prefecturadeesmeraldas.gob.ec\/#\/schema\/logo\/image\/\",\"url\":\"https:\/\/prefecturadeesmeraldas.gob.ec\/wp-content\/uploads\/2019\/06\/logo.png\",\"contentUrl\":\"https:\/\/prefecturadeesmeraldas.gob.ec\/wp-content\/uploads\/2019\/06\/logo.png\",\"width\":859,\"height\":448,\"caption\":\"Gobierno Aut\u00f3nomo Descentralizado de la Provincia de Esmeraldas\"},\"image\":{\"@id\":\"https:\/\/prefecturadeesmeraldas.gob.ec\/#\/schema\/logo\/image\/\"},\"sameAs\":[\"https:\/\/www.facebook.com\/PrefecturaEsmeraldas\/\"]},{\"@type\":\"Person\",\"@id\":\"https:\/\/prefecturadeesmeraldas.gob.ec\/#\/schema\/person\/b0c9e7b1ead7725994d1e319e8825234\",\"name\":\"Direcci\u00f3n de Comunicaci\u00f3n\",\"image\":{\"@type\":\"ImageObject\",\"inLanguage\":\"es\",\"@id\":\"https:\/\/prefecturadeesmeraldas.gob.ec\/#\/schema\/person\/image\/\",\"url\":\"https:\/\/secure.gravatar.com\/avatar\/74a3870a946f5d774ade3569af61a72308e07ad3346f370c4b468ee2a9858658?s=96&d=mm&r=g\",\"contentUrl\":\"https:\/\/secure.gravatar.com\/avatar\/74a3870a946f5d774ade3569af61a72308e07ad3346f370c4b468ee2a9858658?s=96&d=mm&r=g\",\"caption\":\"Direcci\u00f3n de Comunicaci\u00f3n\"}}]}<\/script>\n<!-- \/ Yoast SEO plugin. -->","yoast_head_json":{"title":"Tribunal condena a los responsables del asesinato de nuestro compa\u00f1ero Jhonatan S\u00e1nchez. - Gobierno Aut\u00f3nomo Descentralizado de la Provincia de Esmeraldas","robots":{"index":"index","follow":"follow","max-snippet":"max-snippet:-1","max-image-preview":"max-image-preview:large","max-video-preview":"max-video-preview:-1"},"canonical":"https:\/\/prefecturadeesmeraldas.gob.ec\/index.php\/2024\/10\/10\/tribunal-condena-a-los-responsables-del-asesinato-de-nuestro-companero-jhonatan-sanchez\/","og_locale":"es_ES","og_type":"article","og_title":"Tribunal condena a los responsables del asesinato de nuestro compa\u00f1ero Jhonatan S\u00e1nchez. - Gobierno Aut\u00f3nomo Descentralizado de la Provincia de Esmeraldas","og_description":"A dos d\u00edas de conmemorar el primer aniversario del doloroso asesinato de nuestro querido ex colaborador y amigo, Jhonatan S\u00e1nchez (Polilla), la Prefectura de Esmeraldas informa a la comunidad que, ayer 9 de octubre del 2024, el Tribunal de Garant\u00edas Penales de Esmeraldas, integrado por el Dr. Washington Estupi\u00f1\u00e1n, Ab. Jhony Bedoya y Ab. Juan [&hellip;]","og_url":"https:\/\/prefecturadeesmeraldas.gob.ec\/index.php\/2024\/10\/10\/tribunal-condena-a-los-responsables-del-asesinato-de-nuestro-companero-jhonatan-sanchez\/","og_site_name":"Gobierno Aut\u00f3nomo Descentralizado de la Provincia de Esmeraldas","article_publisher":"https:\/\/www.facebook.com\/PrefecturaEsmeraldas\/","article_published_time":"2024-10-10T19:22:27+00:00","article_modified_time":"2024-10-10T19:30:56+00:00","og_image":[{"width":1536,"height":1117,"url":"https:\/\/prefecturadeesmeraldas.gob.ec\/wp-content\/uploads\/2024\/10\/Emotivo-mensaje-de-la-esposa-de-Jonathan-Sanchez-La-Polilla.jpg","type":"image\/jpeg"}],"author":"Direcci\u00f3n de Comunicaci\u00f3n","twitter_card":"summary_large_image","twitter_misc":{"Escrito por":"Direcci\u00f3n de Comunicaci\u00f3n","Tiempo de lectura":"1 minuto"},"schema":{"@context":"https:\/\/schema.org","@graph":[{"@type":"Article","@id":"https:\/\/prefecturadeesmeraldas.gob.ec\/index.php\/2024\/10\/10\/tribunal-condena-a-los-responsables-del-asesinato-de-nuestro-companero-jhonatan-sanchez\/#article","isPartOf":{"@id":"https:\/\/prefecturadeesmeraldas.gob.ec\/index.php\/2024\/10\/10\/tribunal-condena-a-los-responsables-del-asesinato-de-nuestro-companero-jhonatan-sanchez\/"},"author":{"name":"Direcci\u00f3n de Comunicaci\u00f3n","@id":"https:\/\/prefecturadeesmeraldas.gob.ec\/#\/schema\/person\/b0c9e7b1ead7725994d1e319e8825234"},"headline":"Tribunal condena a los responsables del asesinato de nuestro compa\u00f1ero Jhonatan S\u00e1nchez.","datePublished":"2024-10-10T19:22:27+00:00","dateModified":"2024-10-10T19:30:56+00:00","mainEntityOfPage":{"@id":"https:\/\/prefecturadeesmeraldas.gob.ec\/index.php\/2024\/10\/10\/tribunal-condena-a-los-responsables-del-asesinato-de-nuestro-companero-jhonatan-sanchez\/"},"wordCount":206,"publisher":{"@id":"https:\/\/prefecturadeesmeraldas.gob.ec\/#organization"},"image":{"@id":"https:\/\/prefecturadeesmeraldas.gob.ec\/index.php\/2024\/10\/10\/tribunal-condena-a-los-responsables-del-asesinato-de-nuestro-companero-jhonatan-sanchez\/#primaryimage"},"thumbnailUrl":"https:\/\/prefecturadeesmeraldas.gob.ec\/wp-content\/uploads\/2024\/10\/Emotivo-mensaje-de-la-esposa-de-Jonathan-Sanchez-La-Polilla.jpg","articleSection":["Institucional"],"inLanguage":"es"},{"@type":"WebPage","@id":"https:\/\/prefecturadeesmeraldas.gob.ec\/index.php\/2024\/10\/10\/tribunal-condena-a-los-responsables-del-asesinato-de-nuestro-companero-jhonatan-sanchez\/","url":"https:\/\/prefecturadeesmeraldas.gob.ec\/index.php\/2024\/10\/10\/tribunal-condena-a-los-responsables-del-asesinato-de-nuestro-companero-jhonatan-sanchez\/","name":"Tribunal condena a los responsables del asesinato de nuestro compa\u00f1ero Jhonatan S\u00e1nchez. - Gobierno Aut\u00f3nomo Descentralizado de la Provincia de Esmeraldas","isPartOf":{"@id":"https:\/\/prefecturadeesmeraldas.gob.ec\/#website"},"primaryImageOfPage":{"@id":"https:\/\/prefecturadeesmeraldas.gob.ec\/index.php\/2024\/10\/10\/tribunal-condena-a-los-responsables-del-asesinato-de-nuestro-companero-jhonatan-sanchez\/#primaryimage"},"image":{"@id":"https:\/\/prefecturadeesmeraldas.gob.ec\/index.php\/2024\/10\/10\/tribunal-condena-a-los-responsables-del-asesinato-de-nuestro-companero-jhonatan-sanchez\/#primaryimage"},"thumbnailUrl":"https:\/\/prefecturadeesmeraldas.gob.ec\/wp-content\/uploads\/2024\/10\/Emotivo-mensaje-de-la-esposa-de-Jonathan-Sanchez-La-Polilla.jpg","datePublished":"2024-10-10T19:22:27+00:00","dateModified":"2024-10-10T19:30:56+00:00","breadcrumb":{"@id":"https:\/\/prefecturadeesmeraldas.gob.ec\/index.php\/2024\/10\/10\/tribunal-condena-a-los-responsables-del-asesinato-de-nuestro-companero-jhonatan-sanchez\/#breadcrumb"},"inLanguage":"es","potentialAction":[{"@type":"ReadAction","target":["https:\/\/prefecturadeesmeraldas.gob.ec\/index.php\/2024\/10\/10\/tribunal-condena-a-los-responsables-del-asesinato-de-nuestro-companero-jhonatan-sanchez\/"]}]},{"@type":"ImageObject","inLanguage":"es","@id":"https:\/\/prefecturadeesmeraldas.gob.ec\/index.php\/2024\/10\/10\/tribunal-condena-a-los-responsables-del-asesinato-de-nuestro-companero-jhonatan-sanchez\/#primaryimage","url":"https:\/\/prefecturadeesmeraldas.gob.ec\/wp-content\/uploads\/2024\/10\/Emotivo-mensaje-de-la-esposa-de-Jonathan-Sanchez-La-Polilla.jpg","contentUrl":"https:\/\/prefecturadeesmeraldas.gob.ec\/wp-content\/uploads\/2024\/10\/Emotivo-mensaje-de-la-esposa-de-Jonathan-Sanchez-La-Polilla.jpg","width":1536,"height":1117},{"@type":"BreadcrumbList","@id":"https:\/\/prefecturadeesmeraldas.gob.ec\/index.php\/2024\/10\/10\/tribunal-condena-a-los-responsables-del-asesinato-de-nuestro-companero-jhonatan-sanchez\/#breadcrumb","itemListElement":[{"@type":"ListItem","position":1,"name":"Home","item":"https:\/\/prefecturadeesmeraldas.gob.ec\/"},{"@type":"ListItem","position":2,"name":"Tribunal condena a los responsables del asesinato de nuestro compa\u00f1ero Jhonatan S\u00e1nchez."}]},{"@type":"WebSite","@id":"https:\/\/prefecturadeesmeraldas.gob.ec\/#website","url":"https:\/\/prefecturadeesmeraldas.gob.ec\/","name":"Gobierno Aut\u00f3nomo Descentralizado de la Provincia de Esmeraldas","description":"Gobierno Aut\u00f3nomo Descentralizado de la Provincia de Esmeraldas","publisher":{"@id":"https:\/\/prefecturadeesmeraldas.gob.ec\/#organization"},"potentialAction":[{"@type":"SearchAction","target":{"@type":"EntryPoint","urlTemplate":"https:\/\/prefecturadeesmeraldas.gob.ec\/?s={search_term_string}"},"query-input":{"@type":"PropertyValueSpecification","valueRequired":true,"valueName":"search_term_string"}}],"inLanguage":"es"},{"@type":"Organization","@id":"https:\/\/prefecturadeesmeraldas.gob.ec\/#organization","name":"Gobierno Aut\u00f3nomo Descentralizado de la Provincia de Esmeraldas","url":"https:\/\/prefecturadeesmeraldas.gob.ec\/","logo":{"@type":"ImageObject","inLanguage":"es","@id":"https:\/\/prefecturadeesmeraldas.gob.ec\/#\/schema\/logo\/image\/","url":"https:\/\/prefecturadeesmeraldas.gob.ec\/wp-content\/uploads\/2019\/06\/logo.png","contentUrl":"https:\/\/prefecturadeesmeraldas.gob.ec\/wp-content\/uploads\/2019\/06\/logo.png","width":859,"height":448,"caption":"Gobierno Aut\u00f3nomo Descentralizado de la Provincia de Esmeraldas"},"image":{"@id":"https:\/\/prefecturadeesmeraldas.gob.ec\/#\/schema\/logo\/image\/"},"sameAs":["https:\/\/www.facebook.com\/PrefecturaEsmeraldas\/"]},{"@type":"Person","@id":"https:\/\/prefecturadeesmeraldas.gob.ec\/#\/schema\/person\/b0c9e7b1ead7725994d1e319e8825234","name":"Direcci\u00f3n de Comunicaci\u00f3n","image":{"@type":"ImageObject","inLanguage":"es","@id":"https:\/\/prefecturadeesmeraldas.gob.ec\/#\/schema\/person\/image\/","url":"https:\/\/secure.gravatar.com\/avatar\/74a3870a946f5d774ade3569af61a72308e07ad3346f370c4b468ee2a9858658?s=96&d=mm&r=g","contentUrl":"https:\/\/secure.gravatar.com\/avatar\/74a3870a946f5d774ade3569af61a72308e07ad3346f370c4b468ee2a9858658?s=96&d=mm&r=g","caption":"Direcci\u00f3n de Comunicaci\u00f3n"}}]}},"_links":{"self":[{"href":"https:\/\/prefecturadeesmeraldas.gob.ec\/index.php\/wp-json\/wp\/v2\/posts\/28052","targetHints":{"allow":["GET"]}}],"collection":[{"href":"https:\/\/prefecturadeesmeraldas.gob.ec\/index.php\/wp-json\/wp\/v2\/posts"}],"about":[{"href":"https:\/\/prefecturadeesmeraldas.gob.ec\/index.php\/wp-json\/wp\/v2\/types\/post"}],"author":[{"embeddable":true,"href":"https:\/\/prefecturadeesmeraldas.gob.ec\/index.php\/wp-json\/wp\/v2\/users\/2"}],"replies":[{"embeddable":true,"href":"https:\/\/prefecturadeesmeraldas.gob.ec\/index.php\/wp-json\/wp\/v2\/comments?post=28052"}],"version-history":[{"count":7,"href":"https:\/\/prefecturadeesmeraldas.gob.ec\/index.php\/wp-json\/wp\/v2\/posts\/28052\/revisions"}],"predecessor-version":[{"id":28060,"href":"https:\/\/prefecturadeesmeraldas.gob.ec\/index.php\/wp-json\/wp\/v2\/posts\/28052\/revisions\/28060"}],"wp:featuredmedia":[{"embeddable":true,"href":"https:\/\/prefecturadeesmeraldas.gob.ec\/index.php\/wp-json\/wp\/v2\/media\/28054"}],"wp:attachment":[{"href":"https:\/\/prefecturadeesmeraldas.gob.ec\/index.php\/wp-json\/wp\/v2\/media?parent=28052"}],"wp:term":[{"taxonomy":"category","embeddable":true,"href":"https:\/\/prefecturadeesmeraldas.gob.ec\/index.php\/wp-json\/wp\/v2\/categories?post=28052"},{"taxonomy":"post_tag","embeddable":true,"href":"https:\/\/prefecturadeesmeraldas.gob.ec\/index.php\/wp-json\/wp\/v2\/tags?post=28052"}],"curies":[{"name":"wp","href":"https:\/\/api.w.org\/{rel}","templated":true}]}}