{"id":28022,"date":"2024-10-07T14:43:31","date_gmt":"2024-10-07T19:43:31","guid":{"rendered":"https:\/\/prefecturadeesmeraldas.gob.ec\/?p=28022"},"modified":"2024-10-07T14:51:20","modified_gmt":"2024-10-07T19:51:20","slug":"prefecta-participo-de-la-sesion-solemne-por-los-68-anos-de-cantonizacion-de-muisne","status":"publish","type":"post","link":"https:\/\/prefecturadeesmeraldas.gob.ec\/index.php\/2024\/10\/07\/prefecta-participo-de-la-sesion-solemne-por-los-68-anos-de-cantonizacion-de-muisne\/","title":{"rendered":"Prefecta particip\u00f3 de la Sesi\u00f3n Solemne por los 68 a\u00f1os de cantonizaci\u00f3n de Muisne."},"content":{"rendered":"\t\t<div data-elementor-type=\"wp-post\" data-elementor-id=\"28022\" class=\"elementor elementor-28022\">\n\t\t\t\t<div class=\"elementor-element elementor-element-04e7deb e-flex e-con-boxed e-con e-parent\" data-id=\"04e7deb\" data-element_type=\"container\">\n\t\t\t\t\t<div class=\"e-con-inner\">\n\t\t\t\t<div class=\"elementor-element elementor-element-1a27486 elementor-widget elementor-widget-image\" data-id=\"1a27486\" data-element_type=\"widget\" data-widget_type=\"image.default\">\n\t\t\t\t<div class=\"elementor-widget-container\">\n\t\t\t\t\t\t\t\t\t\t\t\t\t\t\t<img fetchpriority=\"high\" decoding=\"async\" width=\"1600\" height=\"1066\" src=\"https:\/\/prefecturadeesmeraldas.gob.ec\/wp-content\/uploads\/2024\/10\/WhatsApp-Image-2024-10-07-at-14.43.18.jpeg\" class=\"attachment-large size-large wp-image-28024\" alt=\"\" srcset=\"https:\/\/prefecturadeesmeraldas.gob.ec\/wp-content\/uploads\/2024\/10\/WhatsApp-Image-2024-10-07-at-14.43.18.jpeg 1600w, https:\/\/prefecturadeesmeraldas.gob.ec\/wp-content\/uploads\/2024\/10\/WhatsApp-Image-2024-10-07-at-14.43.18-300x200.jpeg 300w, https:\/\/prefecturadeesmeraldas.gob.ec\/wp-content\/uploads\/2024\/10\/WhatsApp-Image-2024-10-07-at-14.43.18-768x512.jpeg 768w, https:\/\/prefecturadeesmeraldas.gob.ec\/wp-content\/uploads\/2024\/10\/WhatsApp-Image-2024-10-07-at-14.43.18-1536x1023.jpeg 1536w\" sizes=\"(max-width: 1600px) 100vw, 1600px\" \/>\t\t\t\t\t\t\t\t\t\t\t\t\t\t\t<\/div>\n\t\t\t\t<\/div>\n\t\t\t\t\t<\/div>\n\t\t\t\t<\/div>\n\t\t<div class=\"elementor-element elementor-element-0156018 e-flex e-con-boxed e-con e-parent\" data-id=\"0156018\" data-element_type=\"container\">\n\t\t\t\t\t<div class=\"e-con-inner\">\n\t\t\t\t<div class=\"elementor-element elementor-element-e89b0b2 elementor-widget elementor-widget-text-editor\" data-id=\"e89b0b2\" data-element_type=\"widget\" data-widget_type=\"text-editor.default\">\n\t\t\t\t<div class=\"elementor-widget-container\">\n\t\t\t\t\t\t\t\t\t<p>En una emotiva Sesi\u00f3n Solemne, la Prefecta de Esmeraldas, Roberta Zambrano, conmemor\u00f3 junto a los habitantes y autoridades del cant\u00f3n Muisne el 68\u00b0 aniversario de su cantonizaci\u00f3n, celebrando la riqueza cultural y el civismo de la comunidad.<\/p><p>El evento, que se llev\u00f3 a cabo el 3 de octubre, fecha que marca la elevaci\u00f3n de Muisne a la categor\u00eda de cant\u00f3n en 1956, estuvo lleno de alegr\u00eda y camarader\u00eda, incluyendo un festival bailable que reuni\u00f3 a cientos de ciudadanos.<\/p><p>Durante la Sesi\u00f3n Solmene, la alcaldesa de Muisne, Yuri Colorado, expres\u00f3 su agradecimiento por el apoyo brindado por la Prefectura en su gesti\u00f3n. Resalt\u00f3 que una de sus primeras acciones fue la intervenci\u00f3n de 27 calles en la cabecera cantonal y la rehabilitaci\u00f3n de la entrada a Chamanga, contribuciones significativas para el desarrollo de la comunidad.<\/p><p>La Prefecta Roberta Zambrano, en su intervenci\u00f3n, reafirm\u00f3 su compromiso de seguir apoyando a Muisne. Anunci\u00f3 la realizaci\u00f3n de nuevas obras, tanto de forma directa como a trav\u00e9s de convenios con el Municipio. Zambrano elogi\u00f3 a la alcaldesa Yuri Colorado, destacando su dedicaci\u00f3n y amor por el cant\u00f3n.<\/p><p>Este aniversario no solo celebra la historia de Muisne, sino que tambi\u00e9n sienta las bases para un futuro prometedor, con el compromiso continuo de sus l\u00edderes para mejorar la calidad de vida de sus habitantes.<\/p>\t\t\t\t\t\t\t\t<\/div>\n\t\t\t\t<\/div>\n\t\t\t\t\t<\/div>\n\t\t\t\t<\/div>\n\t\t\t\t<\/div>\n\t\t","protected":false},"excerpt":{"rendered":"<p>En una emotiva Sesi\u00f3n Solemne, la Prefecta de Esmeraldas, Roberta Zambrano, conmemor\u00f3 junto a los habitantes y autoridades del cant\u00f3n Muisne el 68\u00b0 aniversario de su cantonizaci\u00f3n, celebrando la riqueza cultural y el civismo de la comunidad. El evento, que se llev\u00f3 a cabo el 3 de octubre, fecha que marca la elevaci\u00f3n de Muisne [&hellip;]<\/p>\n","protected":false},"author":2,"featured_media":28026,"comment_status":"closed","ping_status":"open","sticky":false,"template":"","format":"standard","meta":{"footnotes":""},"categories":[3],"tags":[],"class_list":["post-28022","post","type-post","status-publish","format-standard","has-post-thumbnail","hentry","category-institucional"],"yoast_head":"<!-- This site is optimized with the Yoast SEO plugin v25.7 - https:\/\/yoast.com\/wordpress\/plugins\/seo\/ -->\n<title>Prefecta particip\u00f3 de la Sesi\u00f3n Solemne por los 68 a\u00f1os de cantonizaci\u00f3n de Muisne. - Gobierno Aut\u00f3nomo Descentralizado de la Provincia de Esmeraldas<\/title>\n<meta name=\"robots\" content=\"index, follow, max-snippet:-1, max-image-preview:large, max-video-preview:-1\" \/>\n<link rel=\"canonical\" href=\"https:\/\/prefecturadeesmeraldas.gob.ec\/index.php\/2024\/10\/07\/prefecta-participo-de-la-sesion-solemne-por-los-68-anos-de-cantonizacion-de-muisne\/\" \/>\n<meta property=\"og:locale\" content=\"es_ES\" \/>\n<meta property=\"og:type\" content=\"article\" \/>\n<meta property=\"og:title\" content=\"Prefecta particip\u00f3 de la Sesi\u00f3n Solemne por los 68 a\u00f1os de cantonizaci\u00f3n de Muisne. - Gobierno Aut\u00f3nomo Descentralizado de la Provincia de Esmeraldas\" \/>\n<meta property=\"og:description\" content=\"En una emotiva Sesi\u00f3n Solemne, la Prefecta de Esmeraldas, Roberta Zambrano, conmemor\u00f3 junto a los habitantes y autoridades del cant\u00f3n Muisne el 68\u00b0 aniversario de su cantonizaci\u00f3n, celebrando la riqueza cultural y el civismo de la comunidad. El evento, que se llev\u00f3 a cabo el 3 de octubre, fecha que marca la elevaci\u00f3n de Muisne [&hellip;]\" \/>\n<meta property=\"og:url\" content=\"https:\/\/prefecturadeesmeraldas.gob.ec\/index.php\/2024\/10\/07\/prefecta-participo-de-la-sesion-solemne-por-los-68-anos-de-cantonizacion-de-muisne\/\" \/>\n<meta property=\"og:site_name\" content=\"Gobierno Aut\u00f3nomo Descentralizado de la Provincia de Esmeraldas\" \/>\n<meta property=\"article:publisher\" content=\"https:\/\/www.facebook.com\/PrefecturaEsmeraldas\/\" \/>\n<meta property=\"article:published_time\" content=\"2024-10-07T19:43:31+00:00\" \/>\n<meta property=\"article:modified_time\" content=\"2024-10-07T19:51:20+00:00\" \/>\n<meta property=\"og:image\" content=\"https:\/\/prefecturadeesmeraldas.gob.ec\/wp-content\/uploads\/2024\/10\/WhatsApp-Image-2024-10-07-at-14.43.18-1.jpeg\" \/>\n\t<meta property=\"og:image:width\" content=\"1600\" \/>\n\t<meta property=\"og:image:height\" content=\"1066\" \/>\n\t<meta property=\"og:image:type\" content=\"image\/jpeg\" \/>\n<meta name=\"author\" content=\"Direcci\u00f3n de Comunicaci\u00f3n\" \/>\n<meta name=\"twitter:card\" content=\"summary_large_image\" \/>\n<meta name=\"twitter:label1\" content=\"Escrito por\" \/>\n\t<meta name=\"twitter:data1\" content=\"Direcci\u00f3n de Comunicaci\u00f3n\" \/>\n<script type=\"application\/ld+json\" class=\"yoast-schema-graph\">{\"@context\":\"https:\/\/schema.org\",\"@graph\":[{\"@type\":\"Article\",\"@id\":\"https:\/\/prefecturadeesmeraldas.gob.ec\/index.php\/2024\/10\/07\/prefecta-participo-de-la-sesion-solemne-por-los-68-anos-de-cantonizacion-de-muisne\/#article\",\"isPartOf\":{\"@id\":\"https:\/\/prefecturadeesmeraldas.gob.ec\/index.php\/2024\/10\/07\/prefecta-participo-de-la-sesion-solemne-por-los-68-anos-de-cantonizacion-de-muisne\/\"},\"author\":{\"name\":\"Direcci\u00f3n de Comunicaci\u00f3n\",\"@id\":\"https:\/\/prefecturadeesmeraldas.gob.ec\/#\/schema\/person\/b0c9e7b1ead7725994d1e319e8825234\"},\"headline\":\"Prefecta particip\u00f3 de la Sesi\u00f3n Solemne por los 68 a\u00f1os de cantonizaci\u00f3n de Muisne.\",\"datePublished\":\"2024-10-07T19:43:31+00:00\",\"dateModified\":\"2024-10-07T19:51:20+00:00\",\"mainEntityOfPage\":{\"@id\":\"https:\/\/prefecturadeesmeraldas.gob.ec\/index.php\/2024\/10\/07\/prefecta-participo-de-la-sesion-solemne-por-los-68-anos-de-cantonizacion-de-muisne\/\"},\"wordCount\":248,\"publisher\":{\"@id\":\"https:\/\/prefecturadeesmeraldas.gob.ec\/#organization\"},\"image\":{\"@id\":\"https:\/\/prefecturadeesmeraldas.gob.ec\/index.php\/2024\/10\/07\/prefecta-participo-de-la-sesion-solemne-por-los-68-anos-de-cantonizacion-de-muisne\/#primaryimage\"},\"thumbnailUrl\":\"https:\/\/prefecturadeesmeraldas.gob.ec\/wp-content\/uploads\/2024\/10\/WhatsApp-Image-2024-10-07-at-14.43.18-1.jpeg\",\"articleSection\":[\"Institucional\"],\"inLanguage\":\"es\"},{\"@type\":\"WebPage\",\"@id\":\"https:\/\/prefecturadeesmeraldas.gob.ec\/index.php\/2024\/10\/07\/prefecta-participo-de-la-sesion-solemne-por-los-68-anos-de-cantonizacion-de-muisne\/\",\"url\":\"https:\/\/prefecturadeesmeraldas.gob.ec\/index.php\/2024\/10\/07\/prefecta-participo-de-la-sesion-solemne-por-los-68-anos-de-cantonizacion-de-muisne\/\",\"name\":\"Prefecta particip\u00f3 de la Sesi\u00f3n Solemne por los 68 a\u00f1os de cantonizaci\u00f3n de Muisne. - Gobierno Aut\u00f3nomo Descentralizado de la Provincia de Esmeraldas\",\"isPartOf\":{\"@id\":\"https:\/\/prefecturadeesmeraldas.gob.ec\/#website\"},\"primaryImageOfPage\":{\"@id\":\"https:\/\/prefecturadeesmeraldas.gob.ec\/index.php\/2024\/10\/07\/prefecta-participo-de-la-sesion-solemne-por-los-68-anos-de-cantonizacion-de-muisne\/#primaryimage\"},\"image\":{\"@id\":\"https:\/\/prefecturadeesmeraldas.gob.ec\/index.php\/2024\/10\/07\/prefecta-participo-de-la-sesion-solemne-por-los-68-anos-de-cantonizacion-de-muisne\/#primaryimage\"},\"thumbnailUrl\":\"https:\/\/prefecturadeesmeraldas.gob.ec\/wp-content\/uploads\/2024\/10\/WhatsApp-Image-2024-10-07-at-14.43.18-1.jpeg\",\"datePublished\":\"2024-10-07T19:43:31+00:00\",\"dateModified\":\"2024-10-07T19:51:20+00:00\",\"breadcrumb\":{\"@id\":\"https:\/\/prefecturadeesmeraldas.gob.ec\/index.php\/2024\/10\/07\/prefecta-participo-de-la-sesion-solemne-por-los-68-anos-de-cantonizacion-de-muisne\/#breadcrumb\"},\"inLanguage\":\"es\",\"potentialAction\":[{\"@type\":\"ReadAction\",\"target\":[\"https:\/\/prefecturadeesmeraldas.gob.ec\/index.php\/2024\/10\/07\/prefecta-participo-de-la-sesion-solemne-por-los-68-anos-de-cantonizacion-de-muisne\/\"]}]},{\"@type\":\"ImageObject\",\"inLanguage\":\"es\",\"@id\":\"https:\/\/prefecturadeesmeraldas.gob.ec\/index.php\/2024\/10\/07\/prefecta-participo-de-la-sesion-solemne-por-los-68-anos-de-cantonizacion-de-muisne\/#primaryimage\",\"url\":\"https:\/\/prefecturadeesmeraldas.gob.ec\/wp-content\/uploads\/2024\/10\/WhatsApp-Image-2024-10-07-at-14.43.18-1.jpeg\",\"contentUrl\":\"https:\/\/prefecturadeesmeraldas.gob.ec\/wp-content\/uploads\/2024\/10\/WhatsApp-Image-2024-10-07-at-14.43.18-1.jpeg\",\"width\":1600,\"height\":1066},{\"@type\":\"BreadcrumbList\",\"@id\":\"https:\/\/prefecturadeesmeraldas.gob.ec\/index.php\/2024\/10\/07\/prefecta-participo-de-la-sesion-solemne-por-los-68-anos-de-cantonizacion-de-muisne\/#breadcrumb\",\"itemListElement\":[{\"@type\":\"ListItem\",\"position\":1,\"name\":\"Home\",\"item\":\"https:\/\/prefecturadeesmeraldas.gob.ec\/\"},{\"@type\":\"ListItem\",\"position\":2,\"name\":\"Prefecta particip\u00f3 de la Sesi\u00f3n Solemne por los 68 a\u00f1os de cantonizaci\u00f3n de Muisne.\"}]},{\"@type\":\"WebSite\",\"@id\":\"https:\/\/prefecturadeesmeraldas.gob.ec\/#website\",\"url\":\"https:\/\/prefecturadeesmeraldas.gob.ec\/\",\"name\":\"Gobierno Aut\u00f3nomo Descentralizado de la Provincia de Esmeraldas\",\"description\":\"Gobierno Aut\u00f3nomo Descentralizado de la Provincia de Esmeraldas\",\"publisher\":{\"@id\":\"https:\/\/prefecturadeesmeraldas.gob.ec\/#organization\"},\"potentialAction\":[{\"@type\":\"SearchAction\",\"target\":{\"@type\":\"EntryPoint\",\"urlTemplate\":\"https:\/\/prefecturadeesmeraldas.gob.ec\/?s={search_term_string}\"},\"query-input\":{\"@type\":\"PropertyValueSpecification\",\"valueRequired\":true,\"valueName\":\"search_term_string\"}}],\"inLanguage\":\"es\"},{\"@type\":\"Organization\",\"@id\":\"https:\/\/prefecturadeesmeraldas.gob.ec\/#organization\",\"name\":\"Gobierno Aut\u00f3nomo Descentralizado de la Provincia de Esmeraldas\",\"url\":\"https:\/\/prefecturadeesmeraldas.gob.ec\/\",\"logo\":{\"@type\":\"ImageObject\",\"inLanguage\":\"es\",\"@id\":\"https:\/\/prefecturadeesmeraldas.gob.ec\/#\/schema\/logo\/image\/\",\"url\":\"https:\/\/prefecturadeesmeraldas.gob.ec\/wp-content\/uploads\/2019\/06\/logo.png\",\"contentUrl\":\"https:\/\/prefecturadeesmeraldas.gob.ec\/wp-content\/uploads\/2019\/06\/logo.png\",\"width\":859,\"height\":448,\"caption\":\"Gobierno Aut\u00f3nomo Descentralizado de la Provincia de Esmeraldas\"},\"image\":{\"@id\":\"https:\/\/prefecturadeesmeraldas.gob.ec\/#\/schema\/logo\/image\/\"},\"sameAs\":[\"https:\/\/www.facebook.com\/PrefecturaEsmeraldas\/\"]},{\"@type\":\"Person\",\"@id\":\"https:\/\/prefecturadeesmeraldas.gob.ec\/#\/schema\/person\/b0c9e7b1ead7725994d1e319e8825234\",\"name\":\"Direcci\u00f3n de Comunicaci\u00f3n\",\"image\":{\"@type\":\"ImageObject\",\"inLanguage\":\"es\",\"@id\":\"https:\/\/prefecturadeesmeraldas.gob.ec\/#\/schema\/person\/image\/\",\"url\":\"https:\/\/secure.gravatar.com\/avatar\/74a3870a946f5d774ade3569af61a72308e07ad3346f370c4b468ee2a9858658?s=96&d=mm&r=g\",\"contentUrl\":\"https:\/\/secure.gravatar.com\/avatar\/74a3870a946f5d774ade3569af61a72308e07ad3346f370c4b468ee2a9858658?s=96&d=mm&r=g\",\"caption\":\"Direcci\u00f3n de Comunicaci\u00f3n\"}}]}<\/script>\n<!-- \/ Yoast SEO plugin. -->","yoast_head_json":{"title":"Prefecta particip\u00f3 de la Sesi\u00f3n Solemne por los 68 a\u00f1os de cantonizaci\u00f3n de Muisne. - Gobierno Aut\u00f3nomo Descentralizado de la Provincia de Esmeraldas","robots":{"index":"index","follow":"follow","max-snippet":"max-snippet:-1","max-image-preview":"max-image-preview:large","max-video-preview":"max-video-preview:-1"},"canonical":"https:\/\/prefecturadeesmeraldas.gob.ec\/index.php\/2024\/10\/07\/prefecta-participo-de-la-sesion-solemne-por-los-68-anos-de-cantonizacion-de-muisne\/","og_locale":"es_ES","og_type":"article","og_title":"Prefecta particip\u00f3 de la Sesi\u00f3n Solemne por los 68 a\u00f1os de cantonizaci\u00f3n de Muisne. - Gobierno Aut\u00f3nomo Descentralizado de la Provincia de Esmeraldas","og_description":"En una emotiva Sesi\u00f3n Solemne, la Prefecta de Esmeraldas, Roberta Zambrano, conmemor\u00f3 junto a los habitantes y autoridades del cant\u00f3n Muisne el 68\u00b0 aniversario de su cantonizaci\u00f3n, celebrando la riqueza cultural y el civismo de la comunidad. El evento, que se llev\u00f3 a cabo el 3 de octubre, fecha que marca la elevaci\u00f3n de Muisne [&hellip;]","og_url":"https:\/\/prefecturadeesmeraldas.gob.ec\/index.php\/2024\/10\/07\/prefecta-participo-de-la-sesion-solemne-por-los-68-anos-de-cantonizacion-de-muisne\/","og_site_name":"Gobierno Aut\u00f3nomo Descentralizado de la Provincia de Esmeraldas","article_publisher":"https:\/\/www.facebook.com\/PrefecturaEsmeraldas\/","article_published_time":"2024-10-07T19:43:31+00:00","article_modified_time":"2024-10-07T19:51:20+00:00","og_image":[{"width":1600,"height":1066,"url":"https:\/\/prefecturadeesmeraldas.gob.ec\/wp-content\/uploads\/2024\/10\/WhatsApp-Image-2024-10-07-at-14.43.18-1.jpeg","type":"image\/jpeg"}],"author":"Direcci\u00f3n de Comunicaci\u00f3n","twitter_card":"summary_large_image","twitter_misc":{"Escrito por":"Direcci\u00f3n de Comunicaci\u00f3n"},"schema":{"@context":"https:\/\/schema.org","@graph":[{"@type":"Article","@id":"https:\/\/prefecturadeesmeraldas.gob.ec\/index.php\/2024\/10\/07\/prefecta-participo-de-la-sesion-solemne-por-los-68-anos-de-cantonizacion-de-muisne\/#article","isPartOf":{"@id":"https:\/\/prefecturadeesmeraldas.gob.ec\/index.php\/2024\/10\/07\/prefecta-participo-de-la-sesion-solemne-por-los-68-anos-de-cantonizacion-de-muisne\/"},"author":{"name":"Direcci\u00f3n de Comunicaci\u00f3n","@id":"https:\/\/prefecturadeesmeraldas.gob.ec\/#\/schema\/person\/b0c9e7b1ead7725994d1e319e8825234"},"headline":"Prefecta particip\u00f3 de la Sesi\u00f3n Solemne por los 68 a\u00f1os de cantonizaci\u00f3n de Muisne.","datePublished":"2024-10-07T19:43:31+00:00","dateModified":"2024-10-07T19:51:20+00:00","mainEntityOfPage":{"@id":"https:\/\/prefecturadeesmeraldas.gob.ec\/index.php\/2024\/10\/07\/prefecta-participo-de-la-sesion-solemne-por-los-68-anos-de-cantonizacion-de-muisne\/"},"wordCount":248,"publisher":{"@id":"https:\/\/prefecturadeesmeraldas.gob.ec\/#organization"},"image":{"@id":"https:\/\/prefecturadeesmeraldas.gob.ec\/index.php\/2024\/10\/07\/prefecta-participo-de-la-sesion-solemne-por-los-68-anos-de-cantonizacion-de-muisne\/#primaryimage"},"thumbnailUrl":"https:\/\/prefecturadeesmeraldas.gob.ec\/wp-content\/uploads\/2024\/10\/WhatsApp-Image-2024-10-07-at-14.43.18-1.jpeg","articleSection":["Institucional"],"inLanguage":"es"},{"@type":"WebPage","@id":"https:\/\/prefecturadeesmeraldas.gob.ec\/index.php\/2024\/10\/07\/prefecta-participo-de-la-sesion-solemne-por-los-68-anos-de-cantonizacion-de-muisne\/","url":"https:\/\/prefecturadeesmeraldas.gob.ec\/index.php\/2024\/10\/07\/prefecta-participo-de-la-sesion-solemne-por-los-68-anos-de-cantonizacion-de-muisne\/","name":"Prefecta particip\u00f3 de la Sesi\u00f3n Solemne por los 68 a\u00f1os de cantonizaci\u00f3n de Muisne. - Gobierno Aut\u00f3nomo Descentralizado de la Provincia de Esmeraldas","isPartOf":{"@id":"https:\/\/prefecturadeesmeraldas.gob.ec\/#website"},"primaryImageOfPage":{"@id":"https:\/\/prefecturadeesmeraldas.gob.ec\/index.php\/2024\/10\/07\/prefecta-participo-de-la-sesion-solemne-por-los-68-anos-de-cantonizacion-de-muisne\/#primaryimage"},"image":{"@id":"https:\/\/prefecturadeesmeraldas.gob.ec\/index.php\/2024\/10\/07\/prefecta-participo-de-la-sesion-solemne-por-los-68-anos-de-cantonizacion-de-muisne\/#primaryimage"},"thumbnailUrl":"https:\/\/prefecturadeesmeraldas.gob.ec\/wp-content\/uploads\/2024\/10\/WhatsApp-Image-2024-10-07-at-14.43.18-1.jpeg","datePublished":"2024-10-07T19:43:31+00:00","dateModified":"2024-10-07T19:51:20+00:00","breadcrumb":{"@id":"https:\/\/prefecturadeesmeraldas.gob.ec\/index.php\/2024\/10\/07\/prefecta-participo-de-la-sesion-solemne-por-los-68-anos-de-cantonizacion-de-muisne\/#breadcrumb"},"inLanguage":"es","potentialAction":[{"@type":"ReadAction","target":["https:\/\/prefecturadeesmeraldas.gob.ec\/index.php\/2024\/10\/07\/prefecta-participo-de-la-sesion-solemne-por-los-68-anos-de-cantonizacion-de-muisne\/"]}]},{"@type":"ImageObject","inLanguage":"es","@id":"https:\/\/prefecturadeesmeraldas.gob.ec\/index.php\/2024\/10\/07\/prefecta-participo-de-la-sesion-solemne-por-los-68-anos-de-cantonizacion-de-muisne\/#primaryimage","url":"https:\/\/prefecturadeesmeraldas.gob.ec\/wp-content\/uploads\/2024\/10\/WhatsApp-Image-2024-10-07-at-14.43.18-1.jpeg","contentUrl":"https:\/\/prefecturadeesmeraldas.gob.ec\/wp-content\/uploads\/2024\/10\/WhatsApp-Image-2024-10-07-at-14.43.18-1.jpeg","width":1600,"height":1066},{"@type":"BreadcrumbList","@id":"https:\/\/prefecturadeesmeraldas.gob.ec\/index.php\/2024\/10\/07\/prefecta-participo-de-la-sesion-solemne-por-los-68-anos-de-cantonizacion-de-muisne\/#breadcrumb","itemListElement":[{"@type":"ListItem","position":1,"name":"Home","item":"https:\/\/prefecturadeesmeraldas.gob.ec\/"},{"@type":"ListItem","position":2,"name":"Prefecta particip\u00f3 de la Sesi\u00f3n Solemne por los 68 a\u00f1os de cantonizaci\u00f3n de Muisne."}]},{"@type":"WebSite","@id":"https:\/\/prefecturadeesmeraldas.gob.ec\/#website","url":"https:\/\/prefecturadeesmeraldas.gob.ec\/","name":"Gobierno Aut\u00f3nomo Descentralizado de la Provincia de Esmeraldas","description":"Gobierno Aut\u00f3nomo Descentralizado de la Provincia de Esmeraldas","publisher":{"@id":"https:\/\/prefecturadeesmeraldas.gob.ec\/#organization"},"potentialAction":[{"@type":"SearchAction","target":{"@type":"EntryPoint","urlTemplate":"https:\/\/prefecturadeesmeraldas.gob.ec\/?s={search_term_string}"},"query-input":{"@type":"PropertyValueSpecification","valueRequired":true,"valueName":"search_term_string"}}],"inLanguage":"es"},{"@type":"Organization","@id":"https:\/\/prefecturadeesmeraldas.gob.ec\/#organization","name":"Gobierno Aut\u00f3nomo Descentralizado de la Provincia de Esmeraldas","url":"https:\/\/prefecturadeesmeraldas.gob.ec\/","logo":{"@type":"ImageObject","inLanguage":"es","@id":"https:\/\/prefecturadeesmeraldas.gob.ec\/#\/schema\/logo\/image\/","url":"https:\/\/prefecturadeesmeraldas.gob.ec\/wp-content\/uploads\/2019\/06\/logo.png","contentUrl":"https:\/\/prefecturadeesmeraldas.gob.ec\/wp-content\/uploads\/2019\/06\/logo.png","width":859,"height":448,"caption":"Gobierno Aut\u00f3nomo Descentralizado de la Provincia de Esmeraldas"},"image":{"@id":"https:\/\/prefecturadeesmeraldas.gob.ec\/#\/schema\/logo\/image\/"},"sameAs":["https:\/\/www.facebook.com\/PrefecturaEsmeraldas\/"]},{"@type":"Person","@id":"https:\/\/prefecturadeesmeraldas.gob.ec\/#\/schema\/person\/b0c9e7b1ead7725994d1e319e8825234","name":"Direcci\u00f3n de Comunicaci\u00f3n","image":{"@type":"ImageObject","inLanguage":"es","@id":"https:\/\/prefecturadeesmeraldas.gob.ec\/#\/schema\/person\/image\/","url":"https:\/\/secure.gravatar.com\/avatar\/74a3870a946f5d774ade3569af61a72308e07ad3346f370c4b468ee2a9858658?s=96&d=mm&r=g","contentUrl":"https:\/\/secure.gravatar.com\/avatar\/74a3870a946f5d774ade3569af61a72308e07ad3346f370c4b468ee2a9858658?s=96&d=mm&r=g","caption":"Direcci\u00f3n de Comunicaci\u00f3n"}}]}},"_links":{"self":[{"href":"https:\/\/prefecturadeesmeraldas.gob.ec\/index.php\/wp-json\/wp\/v2\/posts\/28022","targetHints":{"allow":["GET"]}}],"collection":[{"href":"https:\/\/prefecturadeesmeraldas.gob.ec\/index.php\/wp-json\/wp\/v2\/posts"}],"about":[{"href":"https:\/\/prefecturadeesmeraldas.gob.ec\/index.php\/wp-json\/wp\/v2\/types\/post"}],"author":[{"embeddable":true,"href":"https:\/\/prefecturadeesmeraldas.gob.ec\/index.php\/wp-json\/wp\/v2\/users\/2"}],"replies":[{"embeddable":true,"href":"https:\/\/prefecturadeesmeraldas.gob.ec\/index.php\/wp-json\/wp\/v2\/comments?post=28022"}],"version-history":[{"count":10,"href":"https:\/\/prefecturadeesmeraldas.gob.ec\/index.php\/wp-json\/wp\/v2\/posts\/28022\/revisions"}],"predecessor-version":[{"id":28037,"href":"https:\/\/prefecturadeesmeraldas.gob.ec\/index.php\/wp-json\/wp\/v2\/posts\/28022\/revisions\/28037"}],"wp:featuredmedia":[{"embeddable":true,"href":"https:\/\/prefecturadeesmeraldas.gob.ec\/index.php\/wp-json\/wp\/v2\/media\/28026"}],"wp:attachment":[{"href":"https:\/\/prefecturadeesmeraldas.gob.ec\/index.php\/wp-json\/wp\/v2\/media?parent=28022"}],"wp:term":[{"taxonomy":"category","embeddable":true,"href":"https:\/\/prefecturadeesmeraldas.gob.ec\/index.php\/wp-json\/wp\/v2\/categories?post=28022"},{"taxonomy":"post_tag","embeddable":true,"href":"https:\/\/prefecturadeesmeraldas.gob.ec\/index.php\/wp-json\/wp\/v2\/tags?post=28022"}],"curies":[{"name":"wp","href":"https:\/\/api.w.org\/{rel}","templated":true}]}}