{"id":27443,"date":"2024-09-05T13:56:13","date_gmt":"2024-09-05T18:56:13","guid":{"rendered":"https:\/\/prefecturadeesmeraldas.gob.ec\/?p=27443"},"modified":"2024-09-05T13:59:29","modified_gmt":"2024-09-05T18:59:29","slug":"con-optimismo-habitantes-de-la-parroquia-cube-esperan-el-nuevo-puente-vehicular","status":"publish","type":"post","link":"https:\/\/prefecturadeesmeraldas.gob.ec\/index.php\/2024\/09\/05\/con-optimismo-habitantes-de-la-parroquia-cube-esperan-el-nuevo-puente-vehicular\/","title":{"rendered":"Con optimismo, habitantes de la parroquia Cube esperan el nuevo puente vehicular."},"content":{"rendered":"\t\t<div data-elementor-type=\"wp-post\" data-elementor-id=\"27443\" class=\"elementor elementor-27443\">\n\t\t\t\t<div class=\"elementor-element elementor-element-c9d8fe8 e-flex e-con-boxed e-con e-parent\" data-id=\"c9d8fe8\" data-element_type=\"container\">\n\t\t\t\t\t<div class=\"e-con-inner\">\n\t\t<div class=\"elementor-element elementor-element-e35a710 e-con-full e-flex e-con e-child\" data-id=\"e35a710\" data-element_type=\"container\">\n\t\t\t\t<div class=\"elementor-element elementor-element-0f704fd elementor-widget elementor-widget-image\" data-id=\"0f704fd\" data-element_type=\"widget\" data-widget_type=\"image.default\">\n\t\t\t\t<div class=\"elementor-widget-container\">\n\t\t\t\t\t\t\t\t\t\t\t\t\t\t\t<img fetchpriority=\"high\" decoding=\"async\" width=\"1600\" height=\"1600\" src=\"https:\/\/prefecturadeesmeraldas.gob.ec\/wp-content\/uploads\/2024\/09\/WhatsApp-Image-2024-09-03-at-19.41.50.jpeg\" class=\"attachment-large size-large wp-image-27445\" alt=\"\" srcset=\"https:\/\/prefecturadeesmeraldas.gob.ec\/wp-content\/uploads\/2024\/09\/WhatsApp-Image-2024-09-03-at-19.41.50.jpeg 1600w, https:\/\/prefecturadeesmeraldas.gob.ec\/wp-content\/uploads\/2024\/09\/WhatsApp-Image-2024-09-03-at-19.41.50-300x300.jpeg 300w, https:\/\/prefecturadeesmeraldas.gob.ec\/wp-content\/uploads\/2024\/09\/WhatsApp-Image-2024-09-03-at-19.41.50-150x150.jpeg 150w, https:\/\/prefecturadeesmeraldas.gob.ec\/wp-content\/uploads\/2024\/09\/WhatsApp-Image-2024-09-03-at-19.41.50-768x768.jpeg 768w, https:\/\/prefecturadeesmeraldas.gob.ec\/wp-content\/uploads\/2024\/09\/WhatsApp-Image-2024-09-03-at-19.41.50-1536x1536.jpeg 1536w, https:\/\/prefecturadeesmeraldas.gob.ec\/wp-content\/uploads\/2024\/09\/WhatsApp-Image-2024-09-03-at-19.41.50-440x440.jpeg 440w, https:\/\/prefecturadeesmeraldas.gob.ec\/wp-content\/uploads\/2024\/09\/WhatsApp-Image-2024-09-03-at-19.41.50-180x180.jpeg 180w, https:\/\/prefecturadeesmeraldas.gob.ec\/wp-content\/uploads\/2024\/09\/WhatsApp-Image-2024-09-03-at-19.41.50-120x120.jpeg 120w\" sizes=\"(max-width: 1600px) 100vw, 1600px\" \/>\t\t\t\t\t\t\t\t\t\t\t\t\t\t\t<\/div>\n\t\t\t\t<\/div>\n\t\t\t\t<\/div>\n\t\t<div class=\"elementor-element elementor-element-1bf7d26 e-con-full e-flex e-con e-child\" data-id=\"1bf7d26\" data-element_type=\"container\">\n\t\t\t\t<div class=\"elementor-element elementor-element-a62f289 elementor-widget elementor-widget-image\" data-id=\"a62f289\" data-element_type=\"widget\" data-widget_type=\"image.default\">\n\t\t\t\t<div class=\"elementor-widget-container\">\n\t\t\t\t\t\t\t\t\t\t\t\t\t\t\t<img decoding=\"async\" width=\"1600\" height=\"1600\" src=\"https:\/\/prefecturadeesmeraldas.gob.ec\/wp-content\/uploads\/2024\/09\/WhatsApp-Image-2024-09-03-at-19.41.51.jpeg\" class=\"attachment-large size-large wp-image-27447\" alt=\"\" srcset=\"https:\/\/prefecturadeesmeraldas.gob.ec\/wp-content\/uploads\/2024\/09\/WhatsApp-Image-2024-09-03-at-19.41.51.jpeg 1600w, https:\/\/prefecturadeesmeraldas.gob.ec\/wp-content\/uploads\/2024\/09\/WhatsApp-Image-2024-09-03-at-19.41.51-300x300.jpeg 300w, https:\/\/prefecturadeesmeraldas.gob.ec\/wp-content\/uploads\/2024\/09\/WhatsApp-Image-2024-09-03-at-19.41.51-150x150.jpeg 150w, https:\/\/prefecturadeesmeraldas.gob.ec\/wp-content\/uploads\/2024\/09\/WhatsApp-Image-2024-09-03-at-19.41.51-768x768.jpeg 768w, https:\/\/prefecturadeesmeraldas.gob.ec\/wp-content\/uploads\/2024\/09\/WhatsApp-Image-2024-09-03-at-19.41.51-1536x1536.jpeg 1536w, https:\/\/prefecturadeesmeraldas.gob.ec\/wp-content\/uploads\/2024\/09\/WhatsApp-Image-2024-09-03-at-19.41.51-440x440.jpeg 440w, https:\/\/prefecturadeesmeraldas.gob.ec\/wp-content\/uploads\/2024\/09\/WhatsApp-Image-2024-09-03-at-19.41.51-180x180.jpeg 180w, https:\/\/prefecturadeesmeraldas.gob.ec\/wp-content\/uploads\/2024\/09\/WhatsApp-Image-2024-09-03-at-19.41.51-120x120.jpeg 120w\" sizes=\"(max-width: 1600px) 100vw, 1600px\" \/>\t\t\t\t\t\t\t\t\t\t\t\t\t\t\t<\/div>\n\t\t\t\t<\/div>\n\t\t\t\t<\/div>\n\t\t\t\t\t<\/div>\n\t\t\t\t<\/div>\n\t\t<div class=\"elementor-element elementor-element-912291b e-flex e-con-boxed e-con e-parent\" data-id=\"912291b\" data-element_type=\"container\">\n\t\t\t\t\t<div class=\"e-con-inner\">\n\t\t\t\t<div class=\"elementor-element elementor-element-bd8b26c elementor-widget elementor-widget-text-editor\" data-id=\"bd8b26c\" data-element_type=\"widget\" data-widget_type=\"text-editor.default\">\n\t\t\t\t<div class=\"elementor-widget-container\">\n\t\t\t\t\t\t\t\t\t<p>Los habitantes de la parroquia Cube, en el cant\u00f3n Quinind\u00e9, est\u00e1n llenos de optimismo ante la realizaci\u00f3n de los trabajos de construcci\u00f3n de un nuevo puente vehicular de 75 metros de largo. Esta infraestructura conectar\u00e1 la comunidad de Pircuta con la parroquia Cube, facilitando el acceso a mercados locales y promoviendo el desarrollo econ\u00f3mico de la regi\u00f3n.<\/p><p>La Prefectura de Esmeraldas, bajo la direcci\u00f3n de la prefecta Roberta Zambrano, ha impulsado esta obra con el objetivo de integrar a cientos de familias agricultoras que ahora podr\u00e1n acceder de manera \u00e1gil a los mercados para vender sus productos. Esta conexi\u00f3n mejorar\u00e1 significativamente la movilidad y facilitar\u00e1 el transporte de productos agr\u00edcolas, ganaderos y de otras actividades productivas.<\/p><p>La prefecta Roberta Zambrano ha enfatizado que el desarrollo de la provincia es una prioridad durante su administraci\u00f3n. A pesar de las limitaciones econ\u00f3micas y los recortes presupuestarios, su gesti\u00f3n ha estado comprometida con la construcci\u00f3n de puentes y otras infraestructuras esenciales que favorezcan la conectividad y la reactivaci\u00f3n econ\u00f3mica en el sector rural.<\/p><p>El puente vehicular de 75 metros de largo representa un avance notable en la infraestructura del cant\u00f3n Quinind\u00e9, y se espera que mejore significativamente la conectividad y seguridad para los residentes de Cube y Pircuta. Esta obra no solo facilitar\u00e1 el transporte, sino que tambi\u00e9n contribuir\u00e1 al desarrollo econ\u00f3mico y social de ambas comunidades. <\/p>\t\t\t\t\t\t\t\t<\/div>\n\t\t\t\t<\/div>\n\t\t\t\t\t<\/div>\n\t\t\t\t<\/div>\n\t\t\t\t<\/div>\n\t\t","protected":false},"excerpt":{"rendered":"<p>Los habitantes de la parroquia Cube, en el cant\u00f3n Quinind\u00e9, est\u00e1n llenos de optimismo ante la realizaci\u00f3n de los trabajos de construcci\u00f3n de un nuevo puente vehicular de 75 metros de largo. Esta infraestructura conectar\u00e1 la comunidad de Pircuta con la parroquia Cube, facilitando el acceso a mercados locales y promoviendo el desarrollo econ\u00f3mico de [&hellip;]<\/p>\n","protected":false},"author":2,"featured_media":27446,"comment_status":"closed","ping_status":"open","sticky":false,"template":"","format":"standard","meta":{"footnotes":""},"categories":[14],"tags":[],"class_list":["post-27443","post","type-post","status-publish","format-standard","has-post-thumbnail","hentry","category-vialidad"],"yoast_head":"<!-- This site is optimized with the Yoast SEO plugin v25.7 - https:\/\/yoast.com\/wordpress\/plugins\/seo\/ -->\n<title>Con optimismo, habitantes de la parroquia Cube esperan el nuevo puente vehicular. - Gobierno Aut\u00f3nomo Descentralizado de la Provincia de Esmeraldas<\/title>\n<meta name=\"robots\" content=\"index, follow, max-snippet:-1, max-image-preview:large, max-video-preview:-1\" \/>\n<link rel=\"canonical\" href=\"https:\/\/prefecturadeesmeraldas.gob.ec\/index.php\/2024\/09\/05\/con-optimismo-habitantes-de-la-parroquia-cube-esperan-el-nuevo-puente-vehicular\/\" \/>\n<meta property=\"og:locale\" content=\"es_ES\" \/>\n<meta property=\"og:type\" content=\"article\" \/>\n<meta property=\"og:title\" content=\"Con optimismo, habitantes de la parroquia Cube esperan el nuevo puente vehicular. - Gobierno Aut\u00f3nomo Descentralizado de la Provincia de Esmeraldas\" \/>\n<meta property=\"og:description\" content=\"Los habitantes de la parroquia Cube, en el cant\u00f3n Quinind\u00e9, est\u00e1n llenos de optimismo ante la realizaci\u00f3n de los trabajos de construcci\u00f3n de un nuevo puente vehicular de 75 metros de largo. Esta infraestructura conectar\u00e1 la comunidad de Pircuta con la parroquia Cube, facilitando el acceso a mercados locales y promoviendo el desarrollo econ\u00f3mico de [&hellip;]\" \/>\n<meta property=\"og:url\" content=\"https:\/\/prefecturadeesmeraldas.gob.ec\/index.php\/2024\/09\/05\/con-optimismo-habitantes-de-la-parroquia-cube-esperan-el-nuevo-puente-vehicular\/\" \/>\n<meta property=\"og:site_name\" content=\"Gobierno Aut\u00f3nomo Descentralizado de la Provincia de Esmeraldas\" \/>\n<meta property=\"article:publisher\" content=\"https:\/\/www.facebook.com\/PrefecturaEsmeraldas\/\" \/>\n<meta property=\"article:published_time\" content=\"2024-09-05T18:56:13+00:00\" \/>\n<meta property=\"article:modified_time\" content=\"2024-09-05T18:59:29+00:00\" \/>\n<meta property=\"og:image\" content=\"https:\/\/prefecturadeesmeraldas.gob.ec\/wp-content\/uploads\/2024\/09\/WhatsApp-Image-2024-09-03-at-19.41.50-1.jpeg\" \/>\n\t<meta property=\"og:image:width\" content=\"1600\" \/>\n\t<meta property=\"og:image:height\" content=\"1200\" \/>\n\t<meta property=\"og:image:type\" content=\"image\/jpeg\" \/>\n<meta name=\"author\" content=\"Direcci\u00f3n de Comunicaci\u00f3n\" \/>\n<meta name=\"twitter:card\" content=\"summary_large_image\" \/>\n<meta name=\"twitter:label1\" content=\"Escrito por\" \/>\n\t<meta name=\"twitter:data1\" content=\"Direcci\u00f3n de Comunicaci\u00f3n\" \/>\n\t<meta name=\"twitter:label2\" content=\"Tiempo de lectura\" \/>\n\t<meta name=\"twitter:data2\" content=\"2 minutos\" \/>\n<script type=\"application\/ld+json\" class=\"yoast-schema-graph\">{\"@context\":\"https:\/\/schema.org\",\"@graph\":[{\"@type\":\"Article\",\"@id\":\"https:\/\/prefecturadeesmeraldas.gob.ec\/index.php\/2024\/09\/05\/con-optimismo-habitantes-de-la-parroquia-cube-esperan-el-nuevo-puente-vehicular\/#article\",\"isPartOf\":{\"@id\":\"https:\/\/prefecturadeesmeraldas.gob.ec\/index.php\/2024\/09\/05\/con-optimismo-habitantes-de-la-parroquia-cube-esperan-el-nuevo-puente-vehicular\/\"},\"author\":{\"name\":\"Direcci\u00f3n de Comunicaci\u00f3n\",\"@id\":\"https:\/\/prefecturadeesmeraldas.gob.ec\/#\/schema\/person\/b0c9e7b1ead7725994d1e319e8825234\"},\"headline\":\"Con optimismo, habitantes de la parroquia Cube esperan el nuevo puente vehicular.\",\"datePublished\":\"2024-09-05T18:56:13+00:00\",\"dateModified\":\"2024-09-05T18:59:29+00:00\",\"mainEntityOfPage\":{\"@id\":\"https:\/\/prefecturadeesmeraldas.gob.ec\/index.php\/2024\/09\/05\/con-optimismo-habitantes-de-la-parroquia-cube-esperan-el-nuevo-puente-vehicular\/\"},\"wordCount\":253,\"publisher\":{\"@id\":\"https:\/\/prefecturadeesmeraldas.gob.ec\/#organization\"},\"image\":{\"@id\":\"https:\/\/prefecturadeesmeraldas.gob.ec\/index.php\/2024\/09\/05\/con-optimismo-habitantes-de-la-parroquia-cube-esperan-el-nuevo-puente-vehicular\/#primaryimage\"},\"thumbnailUrl\":\"https:\/\/prefecturadeesmeraldas.gob.ec\/wp-content\/uploads\/2024\/09\/WhatsApp-Image-2024-09-03-at-19.41.50-1.jpeg\",\"articleSection\":[\"Vialidad\"],\"inLanguage\":\"es\"},{\"@type\":\"WebPage\",\"@id\":\"https:\/\/prefecturadeesmeraldas.gob.ec\/index.php\/2024\/09\/05\/con-optimismo-habitantes-de-la-parroquia-cube-esperan-el-nuevo-puente-vehicular\/\",\"url\":\"https:\/\/prefecturadeesmeraldas.gob.ec\/index.php\/2024\/09\/05\/con-optimismo-habitantes-de-la-parroquia-cube-esperan-el-nuevo-puente-vehicular\/\",\"name\":\"Con optimismo, habitantes de la parroquia Cube esperan el nuevo puente vehicular. - Gobierno Aut\u00f3nomo Descentralizado de la Provincia de Esmeraldas\",\"isPartOf\":{\"@id\":\"https:\/\/prefecturadeesmeraldas.gob.ec\/#website\"},\"primaryImageOfPage\":{\"@id\":\"https:\/\/prefecturadeesmeraldas.gob.ec\/index.php\/2024\/09\/05\/con-optimismo-habitantes-de-la-parroquia-cube-esperan-el-nuevo-puente-vehicular\/#primaryimage\"},\"image\":{\"@id\":\"https:\/\/prefecturadeesmeraldas.gob.ec\/index.php\/2024\/09\/05\/con-optimismo-habitantes-de-la-parroquia-cube-esperan-el-nuevo-puente-vehicular\/#primaryimage\"},\"thumbnailUrl\":\"https:\/\/prefecturadeesmeraldas.gob.ec\/wp-content\/uploads\/2024\/09\/WhatsApp-Image-2024-09-03-at-19.41.50-1.jpeg\",\"datePublished\":\"2024-09-05T18:56:13+00:00\",\"dateModified\":\"2024-09-05T18:59:29+00:00\",\"breadcrumb\":{\"@id\":\"https:\/\/prefecturadeesmeraldas.gob.ec\/index.php\/2024\/09\/05\/con-optimismo-habitantes-de-la-parroquia-cube-esperan-el-nuevo-puente-vehicular\/#breadcrumb\"},\"inLanguage\":\"es\",\"potentialAction\":[{\"@type\":\"ReadAction\",\"target\":[\"https:\/\/prefecturadeesmeraldas.gob.ec\/index.php\/2024\/09\/05\/con-optimismo-habitantes-de-la-parroquia-cube-esperan-el-nuevo-puente-vehicular\/\"]}]},{\"@type\":\"ImageObject\",\"inLanguage\":\"es\",\"@id\":\"https:\/\/prefecturadeesmeraldas.gob.ec\/index.php\/2024\/09\/05\/con-optimismo-habitantes-de-la-parroquia-cube-esperan-el-nuevo-puente-vehicular\/#primaryimage\",\"url\":\"https:\/\/prefecturadeesmeraldas.gob.ec\/wp-content\/uploads\/2024\/09\/WhatsApp-Image-2024-09-03-at-19.41.50-1.jpeg\",\"contentUrl\":\"https:\/\/prefecturadeesmeraldas.gob.ec\/wp-content\/uploads\/2024\/09\/WhatsApp-Image-2024-09-03-at-19.41.50-1.jpeg\",\"width\":1600,\"height\":1200},{\"@type\":\"BreadcrumbList\",\"@id\":\"https:\/\/prefecturadeesmeraldas.gob.ec\/index.php\/2024\/09\/05\/con-optimismo-habitantes-de-la-parroquia-cube-esperan-el-nuevo-puente-vehicular\/#breadcrumb\",\"itemListElement\":[{\"@type\":\"ListItem\",\"position\":1,\"name\":\"Home\",\"item\":\"https:\/\/prefecturadeesmeraldas.gob.ec\/\"},{\"@type\":\"ListItem\",\"position\":2,\"name\":\"Con optimismo, habitantes de la parroquia Cube esperan el nuevo puente vehicular.\"}]},{\"@type\":\"WebSite\",\"@id\":\"https:\/\/prefecturadeesmeraldas.gob.ec\/#website\",\"url\":\"https:\/\/prefecturadeesmeraldas.gob.ec\/\",\"name\":\"Gobierno Aut\u00f3nomo Descentralizado de la Provincia de Esmeraldas\",\"description\":\"Gobierno Aut\u00f3nomo Descentralizado de la Provincia de Esmeraldas\",\"publisher\":{\"@id\":\"https:\/\/prefecturadeesmeraldas.gob.ec\/#organization\"},\"potentialAction\":[{\"@type\":\"SearchAction\",\"target\":{\"@type\":\"EntryPoint\",\"urlTemplate\":\"https:\/\/prefecturadeesmeraldas.gob.ec\/?s={search_term_string}\"},\"query-input\":{\"@type\":\"PropertyValueSpecification\",\"valueRequired\":true,\"valueName\":\"search_term_string\"}}],\"inLanguage\":\"es\"},{\"@type\":\"Organization\",\"@id\":\"https:\/\/prefecturadeesmeraldas.gob.ec\/#organization\",\"name\":\"Gobierno Aut\u00f3nomo Descentralizado de la Provincia de Esmeraldas\",\"url\":\"https:\/\/prefecturadeesmeraldas.gob.ec\/\",\"logo\":{\"@type\":\"ImageObject\",\"inLanguage\":\"es\",\"@id\":\"https:\/\/prefecturadeesmeraldas.gob.ec\/#\/schema\/logo\/image\/\",\"url\":\"https:\/\/prefecturadeesmeraldas.gob.ec\/wp-content\/uploads\/2019\/06\/logo.png\",\"contentUrl\":\"https:\/\/prefecturadeesmeraldas.gob.ec\/wp-content\/uploads\/2019\/06\/logo.png\",\"width\":859,\"height\":448,\"caption\":\"Gobierno Aut\u00f3nomo Descentralizado de la Provincia de Esmeraldas\"},\"image\":{\"@id\":\"https:\/\/prefecturadeesmeraldas.gob.ec\/#\/schema\/logo\/image\/\"},\"sameAs\":[\"https:\/\/www.facebook.com\/PrefecturaEsmeraldas\/\"]},{\"@type\":\"Person\",\"@id\":\"https:\/\/prefecturadeesmeraldas.gob.ec\/#\/schema\/person\/b0c9e7b1ead7725994d1e319e8825234\",\"name\":\"Direcci\u00f3n de Comunicaci\u00f3n\",\"image\":{\"@type\":\"ImageObject\",\"inLanguage\":\"es\",\"@id\":\"https:\/\/prefecturadeesmeraldas.gob.ec\/#\/schema\/person\/image\/\",\"url\":\"https:\/\/secure.gravatar.com\/avatar\/74a3870a946f5d774ade3569af61a72308e07ad3346f370c4b468ee2a9858658?s=96&d=mm&r=g\",\"contentUrl\":\"https:\/\/secure.gravatar.com\/avatar\/74a3870a946f5d774ade3569af61a72308e07ad3346f370c4b468ee2a9858658?s=96&d=mm&r=g\",\"caption\":\"Direcci\u00f3n de Comunicaci\u00f3n\"}}]}<\/script>\n<!-- \/ Yoast SEO plugin. -->","yoast_head_json":{"title":"Con optimismo, habitantes de la parroquia Cube esperan el nuevo puente vehicular. - Gobierno Aut\u00f3nomo Descentralizado de la Provincia de Esmeraldas","robots":{"index":"index","follow":"follow","max-snippet":"max-snippet:-1","max-image-preview":"max-image-preview:large","max-video-preview":"max-video-preview:-1"},"canonical":"https:\/\/prefecturadeesmeraldas.gob.ec\/index.php\/2024\/09\/05\/con-optimismo-habitantes-de-la-parroquia-cube-esperan-el-nuevo-puente-vehicular\/","og_locale":"es_ES","og_type":"article","og_title":"Con optimismo, habitantes de la parroquia Cube esperan el nuevo puente vehicular. - Gobierno Aut\u00f3nomo Descentralizado de la Provincia de Esmeraldas","og_description":"Los habitantes de la parroquia Cube, en el cant\u00f3n Quinind\u00e9, est\u00e1n llenos de optimismo ante la realizaci\u00f3n de los trabajos de construcci\u00f3n de un nuevo puente vehicular de 75 metros de largo. Esta infraestructura conectar\u00e1 la comunidad de Pircuta con la parroquia Cube, facilitando el acceso a mercados locales y promoviendo el desarrollo econ\u00f3mico de [&hellip;]","og_url":"https:\/\/prefecturadeesmeraldas.gob.ec\/index.php\/2024\/09\/05\/con-optimismo-habitantes-de-la-parroquia-cube-esperan-el-nuevo-puente-vehicular\/","og_site_name":"Gobierno Aut\u00f3nomo Descentralizado de la Provincia de Esmeraldas","article_publisher":"https:\/\/www.facebook.com\/PrefecturaEsmeraldas\/","article_published_time":"2024-09-05T18:56:13+00:00","article_modified_time":"2024-09-05T18:59:29+00:00","og_image":[{"width":1600,"height":1200,"url":"https:\/\/prefecturadeesmeraldas.gob.ec\/wp-content\/uploads\/2024\/09\/WhatsApp-Image-2024-09-03-at-19.41.50-1.jpeg","type":"image\/jpeg"}],"author":"Direcci\u00f3n de Comunicaci\u00f3n","twitter_card":"summary_large_image","twitter_misc":{"Escrito por":"Direcci\u00f3n de Comunicaci\u00f3n","Tiempo de lectura":"2 minutos"},"schema":{"@context":"https:\/\/schema.org","@graph":[{"@type":"Article","@id":"https:\/\/prefecturadeesmeraldas.gob.ec\/index.php\/2024\/09\/05\/con-optimismo-habitantes-de-la-parroquia-cube-esperan-el-nuevo-puente-vehicular\/#article","isPartOf":{"@id":"https:\/\/prefecturadeesmeraldas.gob.ec\/index.php\/2024\/09\/05\/con-optimismo-habitantes-de-la-parroquia-cube-esperan-el-nuevo-puente-vehicular\/"},"author":{"name":"Direcci\u00f3n de Comunicaci\u00f3n","@id":"https:\/\/prefecturadeesmeraldas.gob.ec\/#\/schema\/person\/b0c9e7b1ead7725994d1e319e8825234"},"headline":"Con optimismo, habitantes de la parroquia Cube esperan el nuevo puente vehicular.","datePublished":"2024-09-05T18:56:13+00:00","dateModified":"2024-09-05T18:59:29+00:00","mainEntityOfPage":{"@id":"https:\/\/prefecturadeesmeraldas.gob.ec\/index.php\/2024\/09\/05\/con-optimismo-habitantes-de-la-parroquia-cube-esperan-el-nuevo-puente-vehicular\/"},"wordCount":253,"publisher":{"@id":"https:\/\/prefecturadeesmeraldas.gob.ec\/#organization"},"image":{"@id":"https:\/\/prefecturadeesmeraldas.gob.ec\/index.php\/2024\/09\/05\/con-optimismo-habitantes-de-la-parroquia-cube-esperan-el-nuevo-puente-vehicular\/#primaryimage"},"thumbnailUrl":"https:\/\/prefecturadeesmeraldas.gob.ec\/wp-content\/uploads\/2024\/09\/WhatsApp-Image-2024-09-03-at-19.41.50-1.jpeg","articleSection":["Vialidad"],"inLanguage":"es"},{"@type":"WebPage","@id":"https:\/\/prefecturadeesmeraldas.gob.ec\/index.php\/2024\/09\/05\/con-optimismo-habitantes-de-la-parroquia-cube-esperan-el-nuevo-puente-vehicular\/","url":"https:\/\/prefecturadeesmeraldas.gob.ec\/index.php\/2024\/09\/05\/con-optimismo-habitantes-de-la-parroquia-cube-esperan-el-nuevo-puente-vehicular\/","name":"Con optimismo, habitantes de la parroquia Cube esperan el nuevo puente vehicular. - Gobierno Aut\u00f3nomo Descentralizado de la Provincia de Esmeraldas","isPartOf":{"@id":"https:\/\/prefecturadeesmeraldas.gob.ec\/#website"},"primaryImageOfPage":{"@id":"https:\/\/prefecturadeesmeraldas.gob.ec\/index.php\/2024\/09\/05\/con-optimismo-habitantes-de-la-parroquia-cube-esperan-el-nuevo-puente-vehicular\/#primaryimage"},"image":{"@id":"https:\/\/prefecturadeesmeraldas.gob.ec\/index.php\/2024\/09\/05\/con-optimismo-habitantes-de-la-parroquia-cube-esperan-el-nuevo-puente-vehicular\/#primaryimage"},"thumbnailUrl":"https:\/\/prefecturadeesmeraldas.gob.ec\/wp-content\/uploads\/2024\/09\/WhatsApp-Image-2024-09-03-at-19.41.50-1.jpeg","datePublished":"2024-09-05T18:56:13+00:00","dateModified":"2024-09-05T18:59:29+00:00","breadcrumb":{"@id":"https:\/\/prefecturadeesmeraldas.gob.ec\/index.php\/2024\/09\/05\/con-optimismo-habitantes-de-la-parroquia-cube-esperan-el-nuevo-puente-vehicular\/#breadcrumb"},"inLanguage":"es","potentialAction":[{"@type":"ReadAction","target":["https:\/\/prefecturadeesmeraldas.gob.ec\/index.php\/2024\/09\/05\/con-optimismo-habitantes-de-la-parroquia-cube-esperan-el-nuevo-puente-vehicular\/"]}]},{"@type":"ImageObject","inLanguage":"es","@id":"https:\/\/prefecturadeesmeraldas.gob.ec\/index.php\/2024\/09\/05\/con-optimismo-habitantes-de-la-parroquia-cube-esperan-el-nuevo-puente-vehicular\/#primaryimage","url":"https:\/\/prefecturadeesmeraldas.gob.ec\/wp-content\/uploads\/2024\/09\/WhatsApp-Image-2024-09-03-at-19.41.50-1.jpeg","contentUrl":"https:\/\/prefecturadeesmeraldas.gob.ec\/wp-content\/uploads\/2024\/09\/WhatsApp-Image-2024-09-03-at-19.41.50-1.jpeg","width":1600,"height":1200},{"@type":"BreadcrumbList","@id":"https:\/\/prefecturadeesmeraldas.gob.ec\/index.php\/2024\/09\/05\/con-optimismo-habitantes-de-la-parroquia-cube-esperan-el-nuevo-puente-vehicular\/#breadcrumb","itemListElement":[{"@type":"ListItem","position":1,"name":"Home","item":"https:\/\/prefecturadeesmeraldas.gob.ec\/"},{"@type":"ListItem","position":2,"name":"Con optimismo, habitantes de la parroquia Cube esperan el nuevo puente vehicular."}]},{"@type":"WebSite","@id":"https:\/\/prefecturadeesmeraldas.gob.ec\/#website","url":"https:\/\/prefecturadeesmeraldas.gob.ec\/","name":"Gobierno Aut\u00f3nomo Descentralizado de la Provincia de Esmeraldas","description":"Gobierno Aut\u00f3nomo Descentralizado de la Provincia de Esmeraldas","publisher":{"@id":"https:\/\/prefecturadeesmeraldas.gob.ec\/#organization"},"potentialAction":[{"@type":"SearchAction","target":{"@type":"EntryPoint","urlTemplate":"https:\/\/prefecturadeesmeraldas.gob.ec\/?s={search_term_string}"},"query-input":{"@type":"PropertyValueSpecification","valueRequired":true,"valueName":"search_term_string"}}],"inLanguage":"es"},{"@type":"Organization","@id":"https:\/\/prefecturadeesmeraldas.gob.ec\/#organization","name":"Gobierno Aut\u00f3nomo Descentralizado de la Provincia de Esmeraldas","url":"https:\/\/prefecturadeesmeraldas.gob.ec\/","logo":{"@type":"ImageObject","inLanguage":"es","@id":"https:\/\/prefecturadeesmeraldas.gob.ec\/#\/schema\/logo\/image\/","url":"https:\/\/prefecturadeesmeraldas.gob.ec\/wp-content\/uploads\/2019\/06\/logo.png","contentUrl":"https:\/\/prefecturadeesmeraldas.gob.ec\/wp-content\/uploads\/2019\/06\/logo.png","width":859,"height":448,"caption":"Gobierno Aut\u00f3nomo Descentralizado de la Provincia de Esmeraldas"},"image":{"@id":"https:\/\/prefecturadeesmeraldas.gob.ec\/#\/schema\/logo\/image\/"},"sameAs":["https:\/\/www.facebook.com\/PrefecturaEsmeraldas\/"]},{"@type":"Person","@id":"https:\/\/prefecturadeesmeraldas.gob.ec\/#\/schema\/person\/b0c9e7b1ead7725994d1e319e8825234","name":"Direcci\u00f3n de Comunicaci\u00f3n","image":{"@type":"ImageObject","inLanguage":"es","@id":"https:\/\/prefecturadeesmeraldas.gob.ec\/#\/schema\/person\/image\/","url":"https:\/\/secure.gravatar.com\/avatar\/74a3870a946f5d774ade3569af61a72308e07ad3346f370c4b468ee2a9858658?s=96&d=mm&r=g","contentUrl":"https:\/\/secure.gravatar.com\/avatar\/74a3870a946f5d774ade3569af61a72308e07ad3346f370c4b468ee2a9858658?s=96&d=mm&r=g","caption":"Direcci\u00f3n de Comunicaci\u00f3n"}}]}},"_links":{"self":[{"href":"https:\/\/prefecturadeesmeraldas.gob.ec\/index.php\/wp-json\/wp\/v2\/posts\/27443","targetHints":{"allow":["GET"]}}],"collection":[{"href":"https:\/\/prefecturadeesmeraldas.gob.ec\/index.php\/wp-json\/wp\/v2\/posts"}],"about":[{"href":"https:\/\/prefecturadeesmeraldas.gob.ec\/index.php\/wp-json\/wp\/v2\/types\/post"}],"author":[{"embeddable":true,"href":"https:\/\/prefecturadeesmeraldas.gob.ec\/index.php\/wp-json\/wp\/v2\/users\/2"}],"replies":[{"embeddable":true,"href":"https:\/\/prefecturadeesmeraldas.gob.ec\/index.php\/wp-json\/wp\/v2\/comments?post=27443"}],"version-history":[{"count":5,"href":"https:\/\/prefecturadeesmeraldas.gob.ec\/index.php\/wp-json\/wp\/v2\/posts\/27443\/revisions"}],"predecessor-version":[{"id":27451,"href":"https:\/\/prefecturadeesmeraldas.gob.ec\/index.php\/wp-json\/wp\/v2\/posts\/27443\/revisions\/27451"}],"wp:featuredmedia":[{"embeddable":true,"href":"https:\/\/prefecturadeesmeraldas.gob.ec\/index.php\/wp-json\/wp\/v2\/media\/27446"}],"wp:attachment":[{"href":"https:\/\/prefecturadeesmeraldas.gob.ec\/index.php\/wp-json\/wp\/v2\/media?parent=27443"}],"wp:term":[{"taxonomy":"category","embeddable":true,"href":"https:\/\/prefecturadeesmeraldas.gob.ec\/index.php\/wp-json\/wp\/v2\/categories?post=27443"},{"taxonomy":"post_tag","embeddable":true,"href":"https:\/\/prefecturadeesmeraldas.gob.ec\/index.php\/wp-json\/wp\/v2\/tags?post=27443"}],"curies":[{"name":"wp","href":"https:\/\/api.w.org\/{rel}","templated":true}]}}