{"id":27429,"date":"2024-09-02T10:47:03","date_gmt":"2024-09-02T15:47:03","guid":{"rendered":"https:\/\/prefecturadeesmeraldas.gob.ec\/?p=27429"},"modified":"2024-09-02T10:48:49","modified_gmt":"2024-09-02T15:48:49","slug":"un-nuevo-horizonte-para-la-comunidad-rural-de-majua-tras-la-construccion-de-un-nuevo-puente","status":"publish","type":"post","link":"https:\/\/prefecturadeesmeraldas.gob.ec\/index.php\/2024\/09\/02\/un-nuevo-horizonte-para-la-comunidad-rural-de-majua-tras-la-construccion-de-un-nuevo-puente\/","title":{"rendered":"Un nuevo horizonte para la comunidad rural de Majua tras la construcci\u00f3n de un nuevo puente."},"content":{"rendered":"\t\t<div data-elementor-type=\"wp-post\" data-elementor-id=\"27429\" class=\"elementor elementor-27429\">\n\t\t\t\t<div class=\"elementor-element elementor-element-e5c779e e-flex e-con-boxed e-con e-parent\" data-id=\"e5c779e\" data-element_type=\"container\">\n\t\t\t\t\t<div class=\"e-con-inner\">\n\t\t\t\t<div class=\"elementor-element elementor-element-3d6f591 elementor-widget elementor-widget-image\" data-id=\"3d6f591\" data-element_type=\"widget\" data-widget_type=\"image.default\">\n\t\t\t\t<div class=\"elementor-widget-container\">\n\t\t\t\t\t\t\t\t\t\t\t\t\t\t\t<img fetchpriority=\"high\" decoding=\"async\" width=\"1280\" height=\"1280\" src=\"https:\/\/prefecturadeesmeraldas.gob.ec\/wp-content\/uploads\/2024\/09\/111.jpg\" class=\"attachment-large size-large wp-image-27431\" alt=\"\" srcset=\"https:\/\/prefecturadeesmeraldas.gob.ec\/wp-content\/uploads\/2024\/09\/111.jpg 1280w, https:\/\/prefecturadeesmeraldas.gob.ec\/wp-content\/uploads\/2024\/09\/111-300x300.jpg 300w, https:\/\/prefecturadeesmeraldas.gob.ec\/wp-content\/uploads\/2024\/09\/111-150x150.jpg 150w, https:\/\/prefecturadeesmeraldas.gob.ec\/wp-content\/uploads\/2024\/09\/111-768x768.jpg 768w, https:\/\/prefecturadeesmeraldas.gob.ec\/wp-content\/uploads\/2024\/09\/111-440x440.jpg 440w, https:\/\/prefecturadeesmeraldas.gob.ec\/wp-content\/uploads\/2024\/09\/111-180x180.jpg 180w, https:\/\/prefecturadeesmeraldas.gob.ec\/wp-content\/uploads\/2024\/09\/111-120x120.jpg 120w\" sizes=\"(max-width: 1280px) 100vw, 1280px\" \/>\t\t\t\t\t\t\t\t\t\t\t\t\t\t\t<\/div>\n\t\t\t\t<\/div>\n\t\t\t\t\t<\/div>\n\t\t\t\t<\/div>\n\t\t<div class=\"elementor-element elementor-element-c453cde e-flex e-con-boxed e-con e-parent\" data-id=\"c453cde\" data-element_type=\"container\">\n\t\t\t\t\t<div class=\"e-con-inner\">\n\t\t\t\t<div class=\"elementor-element elementor-element-dcfbcf4 elementor-widget elementor-widget-text-editor\" data-id=\"dcfbcf4\" data-element_type=\"widget\" data-widget_type=\"text-editor.default\">\n\t\t\t\t<div class=\"elementor-widget-container\">\n\t\t\t\t\t\t\t\t\t<p>La construcci\u00f3n del puente de 50 metros sobre el estero Majua, en la parroquia rural Del mismo nombre, cant\u00f3n Esmeraldas, est\u00e1 dando pasos firmes hacia su culminaci\u00f3n con un impresionante avance del 80%. Este proyecto, que se erige como un s\u00edmbolo de progreso, traer\u00e1 beneficios significativos a miles de familias que dependen de la agricultura y la ganader\u00eda en la regi\u00f3n.<\/p><p>La obra ha sido dise\u00f1ada para facilitar el transporte de productos agr\u00edcolas, el acceso escolar para los ni\u00f1os y proporcionar una v\u00eda de evacuaci\u00f3n en situaciones de emergencia, especialmente durante la temporada de lluvias. Hasta la fecha, se han completado diversas tareas preliminares claves, que incluyen la limpieza y nivelaci\u00f3n del terreno, el replanteo, la excavaci\u00f3n para la cimentaci\u00f3n con pilotes y simples, la construcci\u00f3n de estribos, el hormigonado y la edificaci\u00f3n de accesos viales con muro de gaviones.<\/p><p>El equipo est\u00e1 trabajando en la instalaci\u00f3n de las vigas met\u00e1licas, un paso crucial que permitir\u00e1 avanzar con el armado y fundici\u00f3n de la losa, as\u00ed como con la finalizaci\u00f3n de los accesos viales. El puente estar\u00e1 equipado con guardav\u00edas, pasamanos y se\u00f1alizaci\u00f3n tanto vertical como horizontal, garantizando seguridad y funcionalidad para todos los usuarios.<\/p><p>\u00a0\u201cEn cada invierno, el desbordamiento del r\u00edo Majua ha causado p\u00e9rdidas en la producci\u00f3n y ha puesto en riesgo nuestras vidas debido a la falta de una v\u00eda de escape\u201d, explic\u00f3 Anderson Verduga, responsable de la obrta, reflejando la importancia hist\u00f3rica y actual del proyecto para la comunidad.<\/p><p>La construcci\u00f3n del puente sobre el estero Majua es m\u00e1s que una simple obra de infraestructura; es un hito que traer\u00e1 esperanza y oportunidades a las comunidades rurales, marcando un nuevo cap\u00edtulo en su historia de progreso y desarrollo.<\/p>\t\t\t\t\t\t\t\t<\/div>\n\t\t\t\t<\/div>\n\t\t\t\t\t<\/div>\n\t\t\t\t<\/div>\n\t\t\t\t<\/div>\n\t\t","protected":false},"excerpt":{"rendered":"<p>La construcci\u00f3n del puente de 50 metros sobre el estero Majua, en la parroquia rural Del mismo nombre, cant\u00f3n Esmeraldas, est\u00e1 dando pasos firmes hacia su culminaci\u00f3n con un impresionante avance del 80%. Este proyecto, que se erige como un s\u00edmbolo de progreso, traer\u00e1 beneficios significativos a miles de familias que dependen de la agricultura [&hellip;]<\/p>\n","protected":false},"author":2,"featured_media":27431,"comment_status":"closed","ping_status":"open","sticky":false,"template":"","format":"standard","meta":{"footnotes":""},"categories":[14],"tags":[],"class_list":["post-27429","post","type-post","status-publish","format-standard","has-post-thumbnail","hentry","category-vialidad"],"yoast_head":"<!-- This site is optimized with the Yoast SEO plugin v25.7 - https:\/\/yoast.com\/wordpress\/plugins\/seo\/ -->\n<title>Un nuevo horizonte para la comunidad rural de Majua tras la construcci\u00f3n de un nuevo puente. - Gobierno Aut\u00f3nomo Descentralizado de la Provincia de Esmeraldas<\/title>\n<meta name=\"robots\" content=\"index, follow, max-snippet:-1, max-image-preview:large, max-video-preview:-1\" \/>\n<link rel=\"canonical\" href=\"https:\/\/prefecturadeesmeraldas.gob.ec\/index.php\/2024\/09\/02\/un-nuevo-horizonte-para-la-comunidad-rural-de-majua-tras-la-construccion-de-un-nuevo-puente\/\" \/>\n<meta property=\"og:locale\" content=\"es_ES\" \/>\n<meta property=\"og:type\" content=\"article\" \/>\n<meta property=\"og:title\" content=\"Un nuevo horizonte para la comunidad rural de Majua tras la construcci\u00f3n de un nuevo puente. - Gobierno Aut\u00f3nomo Descentralizado de la Provincia de Esmeraldas\" \/>\n<meta property=\"og:description\" content=\"La construcci\u00f3n del puente de 50 metros sobre el estero Majua, en la parroquia rural Del mismo nombre, cant\u00f3n Esmeraldas, est\u00e1 dando pasos firmes hacia su culminaci\u00f3n con un impresionante avance del 80%. Este proyecto, que se erige como un s\u00edmbolo de progreso, traer\u00e1 beneficios significativos a miles de familias que dependen de la agricultura [&hellip;]\" \/>\n<meta property=\"og:url\" content=\"https:\/\/prefecturadeesmeraldas.gob.ec\/index.php\/2024\/09\/02\/un-nuevo-horizonte-para-la-comunidad-rural-de-majua-tras-la-construccion-de-un-nuevo-puente\/\" \/>\n<meta property=\"og:site_name\" content=\"Gobierno Aut\u00f3nomo Descentralizado de la Provincia de Esmeraldas\" \/>\n<meta property=\"article:publisher\" content=\"https:\/\/www.facebook.com\/PrefecturaEsmeraldas\/\" \/>\n<meta property=\"article:published_time\" content=\"2024-09-02T15:47:03+00:00\" \/>\n<meta property=\"article:modified_time\" content=\"2024-09-02T15:48:49+00:00\" \/>\n<meta property=\"og:image\" content=\"https:\/\/prefecturadeesmeraldas.gob.ec\/wp-content\/uploads\/2024\/09\/111.jpg\" \/>\n\t<meta property=\"og:image:width\" content=\"1280\" \/>\n\t<meta property=\"og:image:height\" content=\"1280\" \/>\n\t<meta property=\"og:image:type\" content=\"image\/jpeg\" \/>\n<meta name=\"author\" content=\"Direcci\u00f3n de Comunicaci\u00f3n\" \/>\n<meta name=\"twitter:card\" content=\"summary_large_image\" \/>\n<meta name=\"twitter:label1\" content=\"Escrito por\" \/>\n\t<meta name=\"twitter:data1\" content=\"Direcci\u00f3n de Comunicaci\u00f3n\" \/>\n\t<meta name=\"twitter:label2\" content=\"Tiempo de lectura\" \/>\n\t<meta name=\"twitter:data2\" content=\"2 minutos\" \/>\n<script type=\"application\/ld+json\" class=\"yoast-schema-graph\">{\"@context\":\"https:\/\/schema.org\",\"@graph\":[{\"@type\":\"Article\",\"@id\":\"https:\/\/prefecturadeesmeraldas.gob.ec\/index.php\/2024\/09\/02\/un-nuevo-horizonte-para-la-comunidad-rural-de-majua-tras-la-construccion-de-un-nuevo-puente\/#article\",\"isPartOf\":{\"@id\":\"https:\/\/prefecturadeesmeraldas.gob.ec\/index.php\/2024\/09\/02\/un-nuevo-horizonte-para-la-comunidad-rural-de-majua-tras-la-construccion-de-un-nuevo-puente\/\"},\"author\":{\"name\":\"Direcci\u00f3n de Comunicaci\u00f3n\",\"@id\":\"https:\/\/prefecturadeesmeraldas.gob.ec\/#\/schema\/person\/b0c9e7b1ead7725994d1e319e8825234\"},\"headline\":\"Un nuevo horizonte para la comunidad rural de Majua tras la construcci\u00f3n de un nuevo puente.\",\"datePublished\":\"2024-09-02T15:47:03+00:00\",\"dateModified\":\"2024-09-02T15:48:49+00:00\",\"mainEntityOfPage\":{\"@id\":\"https:\/\/prefecturadeesmeraldas.gob.ec\/index.php\/2024\/09\/02\/un-nuevo-horizonte-para-la-comunidad-rural-de-majua-tras-la-construccion-de-un-nuevo-puente\/\"},\"wordCount\":328,\"publisher\":{\"@id\":\"https:\/\/prefecturadeesmeraldas.gob.ec\/#organization\"},\"image\":{\"@id\":\"https:\/\/prefecturadeesmeraldas.gob.ec\/index.php\/2024\/09\/02\/un-nuevo-horizonte-para-la-comunidad-rural-de-majua-tras-la-construccion-de-un-nuevo-puente\/#primaryimage\"},\"thumbnailUrl\":\"https:\/\/prefecturadeesmeraldas.gob.ec\/wp-content\/uploads\/2024\/09\/111.jpg\",\"articleSection\":[\"Vialidad\"],\"inLanguage\":\"es\"},{\"@type\":\"WebPage\",\"@id\":\"https:\/\/prefecturadeesmeraldas.gob.ec\/index.php\/2024\/09\/02\/un-nuevo-horizonte-para-la-comunidad-rural-de-majua-tras-la-construccion-de-un-nuevo-puente\/\",\"url\":\"https:\/\/prefecturadeesmeraldas.gob.ec\/index.php\/2024\/09\/02\/un-nuevo-horizonte-para-la-comunidad-rural-de-majua-tras-la-construccion-de-un-nuevo-puente\/\",\"name\":\"Un nuevo horizonte para la comunidad rural de Majua tras la construcci\u00f3n de un nuevo puente. - Gobierno Aut\u00f3nomo Descentralizado de la Provincia de Esmeraldas\",\"isPartOf\":{\"@id\":\"https:\/\/prefecturadeesmeraldas.gob.ec\/#website\"},\"primaryImageOfPage\":{\"@id\":\"https:\/\/prefecturadeesmeraldas.gob.ec\/index.php\/2024\/09\/02\/un-nuevo-horizonte-para-la-comunidad-rural-de-majua-tras-la-construccion-de-un-nuevo-puente\/#primaryimage\"},\"image\":{\"@id\":\"https:\/\/prefecturadeesmeraldas.gob.ec\/index.php\/2024\/09\/02\/un-nuevo-horizonte-para-la-comunidad-rural-de-majua-tras-la-construccion-de-un-nuevo-puente\/#primaryimage\"},\"thumbnailUrl\":\"https:\/\/prefecturadeesmeraldas.gob.ec\/wp-content\/uploads\/2024\/09\/111.jpg\",\"datePublished\":\"2024-09-02T15:47:03+00:00\",\"dateModified\":\"2024-09-02T15:48:49+00:00\",\"breadcrumb\":{\"@id\":\"https:\/\/prefecturadeesmeraldas.gob.ec\/index.php\/2024\/09\/02\/un-nuevo-horizonte-para-la-comunidad-rural-de-majua-tras-la-construccion-de-un-nuevo-puente\/#breadcrumb\"},\"inLanguage\":\"es\",\"potentialAction\":[{\"@type\":\"ReadAction\",\"target\":[\"https:\/\/prefecturadeesmeraldas.gob.ec\/index.php\/2024\/09\/02\/un-nuevo-horizonte-para-la-comunidad-rural-de-majua-tras-la-construccion-de-un-nuevo-puente\/\"]}]},{\"@type\":\"ImageObject\",\"inLanguage\":\"es\",\"@id\":\"https:\/\/prefecturadeesmeraldas.gob.ec\/index.php\/2024\/09\/02\/un-nuevo-horizonte-para-la-comunidad-rural-de-majua-tras-la-construccion-de-un-nuevo-puente\/#primaryimage\",\"url\":\"https:\/\/prefecturadeesmeraldas.gob.ec\/wp-content\/uploads\/2024\/09\/111.jpg\",\"contentUrl\":\"https:\/\/prefecturadeesmeraldas.gob.ec\/wp-content\/uploads\/2024\/09\/111.jpg\",\"width\":1280,\"height\":1280},{\"@type\":\"BreadcrumbList\",\"@id\":\"https:\/\/prefecturadeesmeraldas.gob.ec\/index.php\/2024\/09\/02\/un-nuevo-horizonte-para-la-comunidad-rural-de-majua-tras-la-construccion-de-un-nuevo-puente\/#breadcrumb\",\"itemListElement\":[{\"@type\":\"ListItem\",\"position\":1,\"name\":\"Home\",\"item\":\"https:\/\/prefecturadeesmeraldas.gob.ec\/\"},{\"@type\":\"ListItem\",\"position\":2,\"name\":\"Un nuevo horizonte para la comunidad rural de Majua tras la construcci\u00f3n de un nuevo puente.\"}]},{\"@type\":\"WebSite\",\"@id\":\"https:\/\/prefecturadeesmeraldas.gob.ec\/#website\",\"url\":\"https:\/\/prefecturadeesmeraldas.gob.ec\/\",\"name\":\"Gobierno Aut\u00f3nomo Descentralizado de la Provincia de Esmeraldas\",\"description\":\"Gobierno Aut\u00f3nomo Descentralizado de la Provincia de Esmeraldas\",\"publisher\":{\"@id\":\"https:\/\/prefecturadeesmeraldas.gob.ec\/#organization\"},\"potentialAction\":[{\"@type\":\"SearchAction\",\"target\":{\"@type\":\"EntryPoint\",\"urlTemplate\":\"https:\/\/prefecturadeesmeraldas.gob.ec\/?s={search_term_string}\"},\"query-input\":{\"@type\":\"PropertyValueSpecification\",\"valueRequired\":true,\"valueName\":\"search_term_string\"}}],\"inLanguage\":\"es\"},{\"@type\":\"Organization\",\"@id\":\"https:\/\/prefecturadeesmeraldas.gob.ec\/#organization\",\"name\":\"Gobierno Aut\u00f3nomo Descentralizado de la Provincia de Esmeraldas\",\"url\":\"https:\/\/prefecturadeesmeraldas.gob.ec\/\",\"logo\":{\"@type\":\"ImageObject\",\"inLanguage\":\"es\",\"@id\":\"https:\/\/prefecturadeesmeraldas.gob.ec\/#\/schema\/logo\/image\/\",\"url\":\"https:\/\/prefecturadeesmeraldas.gob.ec\/wp-content\/uploads\/2019\/06\/logo.png\",\"contentUrl\":\"https:\/\/prefecturadeesmeraldas.gob.ec\/wp-content\/uploads\/2019\/06\/logo.png\",\"width\":859,\"height\":448,\"caption\":\"Gobierno Aut\u00f3nomo Descentralizado de la Provincia de Esmeraldas\"},\"image\":{\"@id\":\"https:\/\/prefecturadeesmeraldas.gob.ec\/#\/schema\/logo\/image\/\"},\"sameAs\":[\"https:\/\/www.facebook.com\/PrefecturaEsmeraldas\/\"]},{\"@type\":\"Person\",\"@id\":\"https:\/\/prefecturadeesmeraldas.gob.ec\/#\/schema\/person\/b0c9e7b1ead7725994d1e319e8825234\",\"name\":\"Direcci\u00f3n de Comunicaci\u00f3n\",\"image\":{\"@type\":\"ImageObject\",\"inLanguage\":\"es\",\"@id\":\"https:\/\/prefecturadeesmeraldas.gob.ec\/#\/schema\/person\/image\/\",\"url\":\"https:\/\/secure.gravatar.com\/avatar\/74a3870a946f5d774ade3569af61a72308e07ad3346f370c4b468ee2a9858658?s=96&d=mm&r=g\",\"contentUrl\":\"https:\/\/secure.gravatar.com\/avatar\/74a3870a946f5d774ade3569af61a72308e07ad3346f370c4b468ee2a9858658?s=96&d=mm&r=g\",\"caption\":\"Direcci\u00f3n de Comunicaci\u00f3n\"}}]}<\/script>\n<!-- \/ Yoast SEO plugin. -->","yoast_head_json":{"title":"Un nuevo horizonte para la comunidad rural de Majua tras la construcci\u00f3n de un nuevo puente. - Gobierno Aut\u00f3nomo Descentralizado de la Provincia de Esmeraldas","robots":{"index":"index","follow":"follow","max-snippet":"max-snippet:-1","max-image-preview":"max-image-preview:large","max-video-preview":"max-video-preview:-1"},"canonical":"https:\/\/prefecturadeesmeraldas.gob.ec\/index.php\/2024\/09\/02\/un-nuevo-horizonte-para-la-comunidad-rural-de-majua-tras-la-construccion-de-un-nuevo-puente\/","og_locale":"es_ES","og_type":"article","og_title":"Un nuevo horizonte para la comunidad rural de Majua tras la construcci\u00f3n de un nuevo puente. - Gobierno Aut\u00f3nomo Descentralizado de la Provincia de Esmeraldas","og_description":"La construcci\u00f3n del puente de 50 metros sobre el estero Majua, en la parroquia rural Del mismo nombre, cant\u00f3n Esmeraldas, est\u00e1 dando pasos firmes hacia su culminaci\u00f3n con un impresionante avance del 80%. Este proyecto, que se erige como un s\u00edmbolo de progreso, traer\u00e1 beneficios significativos a miles de familias que dependen de la agricultura [&hellip;]","og_url":"https:\/\/prefecturadeesmeraldas.gob.ec\/index.php\/2024\/09\/02\/un-nuevo-horizonte-para-la-comunidad-rural-de-majua-tras-la-construccion-de-un-nuevo-puente\/","og_site_name":"Gobierno Aut\u00f3nomo Descentralizado de la Provincia de Esmeraldas","article_publisher":"https:\/\/www.facebook.com\/PrefecturaEsmeraldas\/","article_published_time":"2024-09-02T15:47:03+00:00","article_modified_time":"2024-09-02T15:48:49+00:00","og_image":[{"width":1280,"height":1280,"url":"https:\/\/prefecturadeesmeraldas.gob.ec\/wp-content\/uploads\/2024\/09\/111.jpg","type":"image\/jpeg"}],"author":"Direcci\u00f3n de Comunicaci\u00f3n","twitter_card":"summary_large_image","twitter_misc":{"Escrito por":"Direcci\u00f3n de Comunicaci\u00f3n","Tiempo de lectura":"2 minutos"},"schema":{"@context":"https:\/\/schema.org","@graph":[{"@type":"Article","@id":"https:\/\/prefecturadeesmeraldas.gob.ec\/index.php\/2024\/09\/02\/un-nuevo-horizonte-para-la-comunidad-rural-de-majua-tras-la-construccion-de-un-nuevo-puente\/#article","isPartOf":{"@id":"https:\/\/prefecturadeesmeraldas.gob.ec\/index.php\/2024\/09\/02\/un-nuevo-horizonte-para-la-comunidad-rural-de-majua-tras-la-construccion-de-un-nuevo-puente\/"},"author":{"name":"Direcci\u00f3n de Comunicaci\u00f3n","@id":"https:\/\/prefecturadeesmeraldas.gob.ec\/#\/schema\/person\/b0c9e7b1ead7725994d1e319e8825234"},"headline":"Un nuevo horizonte para la comunidad rural de Majua tras la construcci\u00f3n de un nuevo puente.","datePublished":"2024-09-02T15:47:03+00:00","dateModified":"2024-09-02T15:48:49+00:00","mainEntityOfPage":{"@id":"https:\/\/prefecturadeesmeraldas.gob.ec\/index.php\/2024\/09\/02\/un-nuevo-horizonte-para-la-comunidad-rural-de-majua-tras-la-construccion-de-un-nuevo-puente\/"},"wordCount":328,"publisher":{"@id":"https:\/\/prefecturadeesmeraldas.gob.ec\/#organization"},"image":{"@id":"https:\/\/prefecturadeesmeraldas.gob.ec\/index.php\/2024\/09\/02\/un-nuevo-horizonte-para-la-comunidad-rural-de-majua-tras-la-construccion-de-un-nuevo-puente\/#primaryimage"},"thumbnailUrl":"https:\/\/prefecturadeesmeraldas.gob.ec\/wp-content\/uploads\/2024\/09\/111.jpg","articleSection":["Vialidad"],"inLanguage":"es"},{"@type":"WebPage","@id":"https:\/\/prefecturadeesmeraldas.gob.ec\/index.php\/2024\/09\/02\/un-nuevo-horizonte-para-la-comunidad-rural-de-majua-tras-la-construccion-de-un-nuevo-puente\/","url":"https:\/\/prefecturadeesmeraldas.gob.ec\/index.php\/2024\/09\/02\/un-nuevo-horizonte-para-la-comunidad-rural-de-majua-tras-la-construccion-de-un-nuevo-puente\/","name":"Un nuevo horizonte para la comunidad rural de Majua tras la construcci\u00f3n de un nuevo puente. - Gobierno Aut\u00f3nomo Descentralizado de la Provincia de Esmeraldas","isPartOf":{"@id":"https:\/\/prefecturadeesmeraldas.gob.ec\/#website"},"primaryImageOfPage":{"@id":"https:\/\/prefecturadeesmeraldas.gob.ec\/index.php\/2024\/09\/02\/un-nuevo-horizonte-para-la-comunidad-rural-de-majua-tras-la-construccion-de-un-nuevo-puente\/#primaryimage"},"image":{"@id":"https:\/\/prefecturadeesmeraldas.gob.ec\/index.php\/2024\/09\/02\/un-nuevo-horizonte-para-la-comunidad-rural-de-majua-tras-la-construccion-de-un-nuevo-puente\/#primaryimage"},"thumbnailUrl":"https:\/\/prefecturadeesmeraldas.gob.ec\/wp-content\/uploads\/2024\/09\/111.jpg","datePublished":"2024-09-02T15:47:03+00:00","dateModified":"2024-09-02T15:48:49+00:00","breadcrumb":{"@id":"https:\/\/prefecturadeesmeraldas.gob.ec\/index.php\/2024\/09\/02\/un-nuevo-horizonte-para-la-comunidad-rural-de-majua-tras-la-construccion-de-un-nuevo-puente\/#breadcrumb"},"inLanguage":"es","potentialAction":[{"@type":"ReadAction","target":["https:\/\/prefecturadeesmeraldas.gob.ec\/index.php\/2024\/09\/02\/un-nuevo-horizonte-para-la-comunidad-rural-de-majua-tras-la-construccion-de-un-nuevo-puente\/"]}]},{"@type":"ImageObject","inLanguage":"es","@id":"https:\/\/prefecturadeesmeraldas.gob.ec\/index.php\/2024\/09\/02\/un-nuevo-horizonte-para-la-comunidad-rural-de-majua-tras-la-construccion-de-un-nuevo-puente\/#primaryimage","url":"https:\/\/prefecturadeesmeraldas.gob.ec\/wp-content\/uploads\/2024\/09\/111.jpg","contentUrl":"https:\/\/prefecturadeesmeraldas.gob.ec\/wp-content\/uploads\/2024\/09\/111.jpg","width":1280,"height":1280},{"@type":"BreadcrumbList","@id":"https:\/\/prefecturadeesmeraldas.gob.ec\/index.php\/2024\/09\/02\/un-nuevo-horizonte-para-la-comunidad-rural-de-majua-tras-la-construccion-de-un-nuevo-puente\/#breadcrumb","itemListElement":[{"@type":"ListItem","position":1,"name":"Home","item":"https:\/\/prefecturadeesmeraldas.gob.ec\/"},{"@type":"ListItem","position":2,"name":"Un nuevo horizonte para la comunidad rural de Majua tras la construcci\u00f3n de un nuevo puente."}]},{"@type":"WebSite","@id":"https:\/\/prefecturadeesmeraldas.gob.ec\/#website","url":"https:\/\/prefecturadeesmeraldas.gob.ec\/","name":"Gobierno Aut\u00f3nomo Descentralizado de la Provincia de Esmeraldas","description":"Gobierno Aut\u00f3nomo Descentralizado de la Provincia de Esmeraldas","publisher":{"@id":"https:\/\/prefecturadeesmeraldas.gob.ec\/#organization"},"potentialAction":[{"@type":"SearchAction","target":{"@type":"EntryPoint","urlTemplate":"https:\/\/prefecturadeesmeraldas.gob.ec\/?s={search_term_string}"},"query-input":{"@type":"PropertyValueSpecification","valueRequired":true,"valueName":"search_term_string"}}],"inLanguage":"es"},{"@type":"Organization","@id":"https:\/\/prefecturadeesmeraldas.gob.ec\/#organization","name":"Gobierno Aut\u00f3nomo Descentralizado de la Provincia de Esmeraldas","url":"https:\/\/prefecturadeesmeraldas.gob.ec\/","logo":{"@type":"ImageObject","inLanguage":"es","@id":"https:\/\/prefecturadeesmeraldas.gob.ec\/#\/schema\/logo\/image\/","url":"https:\/\/prefecturadeesmeraldas.gob.ec\/wp-content\/uploads\/2019\/06\/logo.png","contentUrl":"https:\/\/prefecturadeesmeraldas.gob.ec\/wp-content\/uploads\/2019\/06\/logo.png","width":859,"height":448,"caption":"Gobierno Aut\u00f3nomo Descentralizado de la Provincia de Esmeraldas"},"image":{"@id":"https:\/\/prefecturadeesmeraldas.gob.ec\/#\/schema\/logo\/image\/"},"sameAs":["https:\/\/www.facebook.com\/PrefecturaEsmeraldas\/"]},{"@type":"Person","@id":"https:\/\/prefecturadeesmeraldas.gob.ec\/#\/schema\/person\/b0c9e7b1ead7725994d1e319e8825234","name":"Direcci\u00f3n de Comunicaci\u00f3n","image":{"@type":"ImageObject","inLanguage":"es","@id":"https:\/\/prefecturadeesmeraldas.gob.ec\/#\/schema\/person\/image\/","url":"https:\/\/secure.gravatar.com\/avatar\/74a3870a946f5d774ade3569af61a72308e07ad3346f370c4b468ee2a9858658?s=96&d=mm&r=g","contentUrl":"https:\/\/secure.gravatar.com\/avatar\/74a3870a946f5d774ade3569af61a72308e07ad3346f370c4b468ee2a9858658?s=96&d=mm&r=g","caption":"Direcci\u00f3n de Comunicaci\u00f3n"}}]}},"_links":{"self":[{"href":"https:\/\/prefecturadeesmeraldas.gob.ec\/index.php\/wp-json\/wp\/v2\/posts\/27429","targetHints":{"allow":["GET"]}}],"collection":[{"href":"https:\/\/prefecturadeesmeraldas.gob.ec\/index.php\/wp-json\/wp\/v2\/posts"}],"about":[{"href":"https:\/\/prefecturadeesmeraldas.gob.ec\/index.php\/wp-json\/wp\/v2\/types\/post"}],"author":[{"embeddable":true,"href":"https:\/\/prefecturadeesmeraldas.gob.ec\/index.php\/wp-json\/wp\/v2\/users\/2"}],"replies":[{"embeddable":true,"href":"https:\/\/prefecturadeesmeraldas.gob.ec\/index.php\/wp-json\/wp\/v2\/comments?post=27429"}],"version-history":[{"count":4,"href":"https:\/\/prefecturadeesmeraldas.gob.ec\/index.php\/wp-json\/wp\/v2\/posts\/27429\/revisions"}],"predecessor-version":[{"id":27434,"href":"https:\/\/prefecturadeesmeraldas.gob.ec\/index.php\/wp-json\/wp\/v2\/posts\/27429\/revisions\/27434"}],"wp:featuredmedia":[{"embeddable":true,"href":"https:\/\/prefecturadeesmeraldas.gob.ec\/index.php\/wp-json\/wp\/v2\/media\/27431"}],"wp:attachment":[{"href":"https:\/\/prefecturadeesmeraldas.gob.ec\/index.php\/wp-json\/wp\/v2\/media?parent=27429"}],"wp:term":[{"taxonomy":"category","embeddable":true,"href":"https:\/\/prefecturadeesmeraldas.gob.ec\/index.php\/wp-json\/wp\/v2\/categories?post=27429"},{"taxonomy":"post_tag","embeddable":true,"href":"https:\/\/prefecturadeesmeraldas.gob.ec\/index.php\/wp-json\/wp\/v2\/tags?post=27429"}],"curies":[{"name":"wp","href":"https:\/\/api.w.org\/{rel}","templated":true}]}}