{"id":27289,"date":"2024-08-19T16:21:06","date_gmt":"2024-08-19T21:21:06","guid":{"rendered":"https:\/\/prefecturadeesmeraldas.gob.ec\/?p=27289"},"modified":"2024-08-19T16:22:39","modified_gmt":"2024-08-19T21:22:39","slug":"prefectura-de-esmeraldas-avanza-en-el-mejoramiento-de-la-via-san-mateo-taseche","status":"publish","type":"post","link":"https:\/\/prefecturadeesmeraldas.gob.ec\/index.php\/2024\/08\/19\/prefectura-de-esmeraldas-avanza-en-el-mejoramiento-de-la-via-san-mateo-taseche\/","title":{"rendered":"Prefectura de Esmeraldas avanza en el mejoramiento de la v\u00eda San Mateo \u2013 Taseche."},"content":{"rendered":"\t\t<div data-elementor-type=\"wp-post\" data-elementor-id=\"27289\" class=\"elementor elementor-27289\">\n\t\t\t\t<div class=\"elementor-element elementor-element-5b209ef e-flex e-con-boxed e-con e-parent\" data-id=\"5b209ef\" data-element_type=\"container\">\n\t\t\t\t\t<div class=\"e-con-inner\">\n\t\t\t\t<div class=\"elementor-element elementor-element-3ee111d elementor-widget elementor-widget-image\" data-id=\"3ee111d\" data-element_type=\"widget\" data-widget_type=\"image.default\">\n\t\t\t\t<div class=\"elementor-widget-container\">\n\t\t\t\t\t\t\t\t\t\t\t\t\t\t\t<img fetchpriority=\"high\" decoding=\"async\" width=\"559\" height=\"559\" src=\"https:\/\/prefecturadeesmeraldas.gob.ec\/wp-content\/uploads\/2024\/08\/111-7.jpg\" class=\"attachment-large size-large wp-image-27291\" alt=\"\" srcset=\"https:\/\/prefecturadeesmeraldas.gob.ec\/wp-content\/uploads\/2024\/08\/111-7.jpg 559w, https:\/\/prefecturadeesmeraldas.gob.ec\/wp-content\/uploads\/2024\/08\/111-7-300x300.jpg 300w, https:\/\/prefecturadeesmeraldas.gob.ec\/wp-content\/uploads\/2024\/08\/111-7-150x150.jpg 150w, https:\/\/prefecturadeesmeraldas.gob.ec\/wp-content\/uploads\/2024\/08\/111-7-440x440.jpg 440w, https:\/\/prefecturadeesmeraldas.gob.ec\/wp-content\/uploads\/2024\/08\/111-7-180x180.jpg 180w, https:\/\/prefecturadeesmeraldas.gob.ec\/wp-content\/uploads\/2024\/08\/111-7-120x120.jpg 120w\" sizes=\"(max-width: 559px) 100vw, 559px\" \/>\t\t\t\t\t\t\t\t\t\t\t\t\t\t\t<\/div>\n\t\t\t\t<\/div>\n\t\t\t\t\t<\/div>\n\t\t\t\t<\/div>\n\t\t<div class=\"elementor-element elementor-element-ab3d2b3 e-flex e-con-boxed e-con e-parent\" data-id=\"ab3d2b3\" data-element_type=\"container\">\n\t\t\t\t\t<div class=\"e-con-inner\">\n\t\t\t\t<div class=\"elementor-element elementor-element-475e917 elementor-widget elementor-widget-text-editor\" data-id=\"475e917\" data-element_type=\"widget\" data-widget_type=\"text-editor.default\">\n\t\t\t\t<div class=\"elementor-widget-container\">\n\t\t\t\t\t\t\t\t\t<p>T\u00e9cnicos de la Prefectura de Esmeraldas contin\u00faan avanzando en la ejecuci\u00f3n de los trabajos de mejoramiento de la v\u00eda San Mateo &#8211; Taseche, con el objetivo de optimizar la estructura y preparar el terreno para la futura colocaci\u00f3n de la carpeta asf\u00e1ltica. Los t\u00e9cnicos est\u00e1n trabajando arduamente en la mezcla y compactaci\u00f3n del material para asegurar una base s\u00f3lida y duradera para la carretera.<\/p><p>El proyecto, que abarca un total de 4.6 kil\u00f3metros, ha alcanzado ya un progreso significativo, con la mitad de la v\u00eda completada hasta la fecha en su preparaci\u00f3n. Esta mejora en la infraestructura vial est\u00e1 transformando la calidad de vida de los residentes y facilitando el acceso a mercados y recursos.<\/p><p>C\u00e9sar Jama, agricultor de la comunidad de Estero Medio, expres\u00f3 su satisfacci\u00f3n con los avances. Jama coment\u00f3: \u201cEstoy sorprendido de que Roberta Zambrano haya cumplido su palabra. Antes, no pod\u00eda sacar mis productos a los mercados debido al mal estado de la v\u00eda. Ahora, el carro llega hasta mi propiedad, y puedo comercializar mis productos con mayor facilidad.\u201d<\/p><p>David M\u00e1rquez, productor de cerdo de la comunidad de Villa Rica, tambi\u00e9n destac\u00f3 los beneficios del proyecto. Dijo que, antes, circular por la v\u00eda era muy complicado debido a su mal estado. Roberta Zambrano est\u00e1 demostrando con estos actos que hace realidad todo lo que ofrece. La mejora de la carretera ha sido una gran ayuda para nosotros.<\/p><p>Marcelo Herrera, otro residente beneficiado, subray\u00f3 la importancia de la obra ejecutada por la Prefectura. Record\u00f3 que la v\u00eda estaba en p\u00e9simo estado y no pod\u00eda sacar sus productos. \u201cAhora, con los trabajos en marcha, podemos trabajar con m\u00e1s eficiencia. Agradezco a la Prefecta por el esfuerzo y dedicaci\u00f3n que est\u00e1 poniendo en este proyecto\u201d, dijo.<\/p><p>La Prefectura de Esmeraldas sigue comprometida con el desarrollo y bienestar de sus comunidades, y estos trabajos son una muestra clara del compromiso con la mejora de las infraestructuras vitales para el progreso regional. <\/p>\t\t\t\t\t\t\t\t<\/div>\n\t\t\t\t<\/div>\n\t\t\t\t\t<\/div>\n\t\t\t\t<\/div>\n\t\t\t\t<\/div>\n\t\t","protected":false},"excerpt":{"rendered":"<p>T\u00e9cnicos de la Prefectura de Esmeraldas contin\u00faan avanzando en la ejecuci\u00f3n de los trabajos de mejoramiento de la v\u00eda San Mateo &#8211; Taseche, con el objetivo de optimizar la estructura y preparar el terreno para la futura colocaci\u00f3n de la carpeta asf\u00e1ltica. Los t\u00e9cnicos est\u00e1n trabajando arduamente en la mezcla y compactaci\u00f3n del material para [&hellip;]<\/p>\n","protected":false},"author":2,"featured_media":27291,"comment_status":"closed","ping_status":"open","sticky":false,"template":"","format":"standard","meta":{"footnotes":""},"categories":[14],"tags":[],"class_list":["post-27289","post","type-post","status-publish","format-standard","has-post-thumbnail","hentry","category-vialidad"],"yoast_head":"<!-- This site is optimized with the Yoast SEO plugin v25.7 - https:\/\/yoast.com\/wordpress\/plugins\/seo\/ -->\n<title>Prefectura de Esmeraldas avanza en el mejoramiento de la v\u00eda San Mateo \u2013 Taseche. - Gobierno Aut\u00f3nomo Descentralizado de la Provincia de Esmeraldas<\/title>\n<meta name=\"robots\" content=\"index, follow, max-snippet:-1, max-image-preview:large, max-video-preview:-1\" \/>\n<link rel=\"canonical\" href=\"https:\/\/prefecturadeesmeraldas.gob.ec\/index.php\/2024\/08\/19\/prefectura-de-esmeraldas-avanza-en-el-mejoramiento-de-la-via-san-mateo-taseche\/\" \/>\n<meta property=\"og:locale\" content=\"es_ES\" \/>\n<meta property=\"og:type\" content=\"article\" \/>\n<meta property=\"og:title\" content=\"Prefectura de Esmeraldas avanza en el mejoramiento de la v\u00eda San Mateo \u2013 Taseche. - Gobierno Aut\u00f3nomo Descentralizado de la Provincia de Esmeraldas\" \/>\n<meta property=\"og:description\" content=\"T\u00e9cnicos de la Prefectura de Esmeraldas contin\u00faan avanzando en la ejecuci\u00f3n de los trabajos de mejoramiento de la v\u00eda San Mateo &#8211; Taseche, con el objetivo de optimizar la estructura y preparar el terreno para la futura colocaci\u00f3n de la carpeta asf\u00e1ltica. Los t\u00e9cnicos est\u00e1n trabajando arduamente en la mezcla y compactaci\u00f3n del material para [&hellip;]\" \/>\n<meta property=\"og:url\" content=\"https:\/\/prefecturadeesmeraldas.gob.ec\/index.php\/2024\/08\/19\/prefectura-de-esmeraldas-avanza-en-el-mejoramiento-de-la-via-san-mateo-taseche\/\" \/>\n<meta property=\"og:site_name\" content=\"Gobierno Aut\u00f3nomo Descentralizado de la Provincia de Esmeraldas\" \/>\n<meta property=\"article:publisher\" content=\"https:\/\/www.facebook.com\/PrefecturaEsmeraldas\/\" \/>\n<meta property=\"article:published_time\" content=\"2024-08-19T21:21:06+00:00\" \/>\n<meta property=\"article:modified_time\" content=\"2024-08-19T21:22:39+00:00\" \/>\n<meta property=\"og:image\" content=\"https:\/\/prefecturadeesmeraldas.gob.ec\/wp-content\/uploads\/2024\/08\/111-7.jpg\" \/>\n\t<meta property=\"og:image:width\" content=\"559\" \/>\n\t<meta property=\"og:image:height\" content=\"559\" \/>\n\t<meta property=\"og:image:type\" content=\"image\/jpeg\" \/>\n<meta name=\"author\" content=\"Direcci\u00f3n de Comunicaci\u00f3n\" \/>\n<meta name=\"twitter:card\" content=\"summary_large_image\" \/>\n<meta name=\"twitter:label1\" content=\"Escrito por\" \/>\n\t<meta name=\"twitter:data1\" content=\"Direcci\u00f3n de Comunicaci\u00f3n\" \/>\n\t<meta name=\"twitter:label2\" content=\"Tiempo de lectura\" \/>\n\t<meta name=\"twitter:data2\" content=\"2 minutos\" \/>\n<script type=\"application\/ld+json\" class=\"yoast-schema-graph\">{\"@context\":\"https:\/\/schema.org\",\"@graph\":[{\"@type\":\"Article\",\"@id\":\"https:\/\/prefecturadeesmeraldas.gob.ec\/index.php\/2024\/08\/19\/prefectura-de-esmeraldas-avanza-en-el-mejoramiento-de-la-via-san-mateo-taseche\/#article\",\"isPartOf\":{\"@id\":\"https:\/\/prefecturadeesmeraldas.gob.ec\/index.php\/2024\/08\/19\/prefectura-de-esmeraldas-avanza-en-el-mejoramiento-de-la-via-san-mateo-taseche\/\"},\"author\":{\"name\":\"Direcci\u00f3n de Comunicaci\u00f3n\",\"@id\":\"https:\/\/prefecturadeesmeraldas.gob.ec\/#\/schema\/person\/b0c9e7b1ead7725994d1e319e8825234\"},\"headline\":\"Prefectura de Esmeraldas avanza en el mejoramiento de la v\u00eda San Mateo \u2013 Taseche.\",\"datePublished\":\"2024-08-19T21:21:06+00:00\",\"dateModified\":\"2024-08-19T21:22:39+00:00\",\"mainEntityOfPage\":{\"@id\":\"https:\/\/prefecturadeesmeraldas.gob.ec\/index.php\/2024\/08\/19\/prefectura-de-esmeraldas-avanza-en-el-mejoramiento-de-la-via-san-mateo-taseche\/\"},\"wordCount\":359,\"publisher\":{\"@id\":\"https:\/\/prefecturadeesmeraldas.gob.ec\/#organization\"},\"image\":{\"@id\":\"https:\/\/prefecturadeesmeraldas.gob.ec\/index.php\/2024\/08\/19\/prefectura-de-esmeraldas-avanza-en-el-mejoramiento-de-la-via-san-mateo-taseche\/#primaryimage\"},\"thumbnailUrl\":\"https:\/\/prefecturadeesmeraldas.gob.ec\/wp-content\/uploads\/2024\/08\/111-7.jpg\",\"articleSection\":[\"Vialidad\"],\"inLanguage\":\"es\"},{\"@type\":\"WebPage\",\"@id\":\"https:\/\/prefecturadeesmeraldas.gob.ec\/index.php\/2024\/08\/19\/prefectura-de-esmeraldas-avanza-en-el-mejoramiento-de-la-via-san-mateo-taseche\/\",\"url\":\"https:\/\/prefecturadeesmeraldas.gob.ec\/index.php\/2024\/08\/19\/prefectura-de-esmeraldas-avanza-en-el-mejoramiento-de-la-via-san-mateo-taseche\/\",\"name\":\"Prefectura de Esmeraldas avanza en el mejoramiento de la v\u00eda San Mateo \u2013 Taseche. - Gobierno Aut\u00f3nomo Descentralizado de la Provincia de Esmeraldas\",\"isPartOf\":{\"@id\":\"https:\/\/prefecturadeesmeraldas.gob.ec\/#website\"},\"primaryImageOfPage\":{\"@id\":\"https:\/\/prefecturadeesmeraldas.gob.ec\/index.php\/2024\/08\/19\/prefectura-de-esmeraldas-avanza-en-el-mejoramiento-de-la-via-san-mateo-taseche\/#primaryimage\"},\"image\":{\"@id\":\"https:\/\/prefecturadeesmeraldas.gob.ec\/index.php\/2024\/08\/19\/prefectura-de-esmeraldas-avanza-en-el-mejoramiento-de-la-via-san-mateo-taseche\/#primaryimage\"},\"thumbnailUrl\":\"https:\/\/prefecturadeesmeraldas.gob.ec\/wp-content\/uploads\/2024\/08\/111-7.jpg\",\"datePublished\":\"2024-08-19T21:21:06+00:00\",\"dateModified\":\"2024-08-19T21:22:39+00:00\",\"breadcrumb\":{\"@id\":\"https:\/\/prefecturadeesmeraldas.gob.ec\/index.php\/2024\/08\/19\/prefectura-de-esmeraldas-avanza-en-el-mejoramiento-de-la-via-san-mateo-taseche\/#breadcrumb\"},\"inLanguage\":\"es\",\"potentialAction\":[{\"@type\":\"ReadAction\",\"target\":[\"https:\/\/prefecturadeesmeraldas.gob.ec\/index.php\/2024\/08\/19\/prefectura-de-esmeraldas-avanza-en-el-mejoramiento-de-la-via-san-mateo-taseche\/\"]}]},{\"@type\":\"ImageObject\",\"inLanguage\":\"es\",\"@id\":\"https:\/\/prefecturadeesmeraldas.gob.ec\/index.php\/2024\/08\/19\/prefectura-de-esmeraldas-avanza-en-el-mejoramiento-de-la-via-san-mateo-taseche\/#primaryimage\",\"url\":\"https:\/\/prefecturadeesmeraldas.gob.ec\/wp-content\/uploads\/2024\/08\/111-7.jpg\",\"contentUrl\":\"https:\/\/prefecturadeesmeraldas.gob.ec\/wp-content\/uploads\/2024\/08\/111-7.jpg\",\"width\":559,\"height\":559},{\"@type\":\"BreadcrumbList\",\"@id\":\"https:\/\/prefecturadeesmeraldas.gob.ec\/index.php\/2024\/08\/19\/prefectura-de-esmeraldas-avanza-en-el-mejoramiento-de-la-via-san-mateo-taseche\/#breadcrumb\",\"itemListElement\":[{\"@type\":\"ListItem\",\"position\":1,\"name\":\"Home\",\"item\":\"https:\/\/prefecturadeesmeraldas.gob.ec\/\"},{\"@type\":\"ListItem\",\"position\":2,\"name\":\"Prefectura de Esmeraldas avanza en el mejoramiento de la v\u00eda San Mateo \u2013 Taseche.\"}]},{\"@type\":\"WebSite\",\"@id\":\"https:\/\/prefecturadeesmeraldas.gob.ec\/#website\",\"url\":\"https:\/\/prefecturadeesmeraldas.gob.ec\/\",\"name\":\"Gobierno Aut\u00f3nomo Descentralizado de la Provincia de Esmeraldas\",\"description\":\"Gobierno Aut\u00f3nomo Descentralizado de la Provincia de Esmeraldas\",\"publisher\":{\"@id\":\"https:\/\/prefecturadeesmeraldas.gob.ec\/#organization\"},\"potentialAction\":[{\"@type\":\"SearchAction\",\"target\":{\"@type\":\"EntryPoint\",\"urlTemplate\":\"https:\/\/prefecturadeesmeraldas.gob.ec\/?s={search_term_string}\"},\"query-input\":{\"@type\":\"PropertyValueSpecification\",\"valueRequired\":true,\"valueName\":\"search_term_string\"}}],\"inLanguage\":\"es\"},{\"@type\":\"Organization\",\"@id\":\"https:\/\/prefecturadeesmeraldas.gob.ec\/#organization\",\"name\":\"Gobierno Aut\u00f3nomo Descentralizado de la Provincia de Esmeraldas\",\"url\":\"https:\/\/prefecturadeesmeraldas.gob.ec\/\",\"logo\":{\"@type\":\"ImageObject\",\"inLanguage\":\"es\",\"@id\":\"https:\/\/prefecturadeesmeraldas.gob.ec\/#\/schema\/logo\/image\/\",\"url\":\"https:\/\/prefecturadeesmeraldas.gob.ec\/wp-content\/uploads\/2019\/06\/logo.png\",\"contentUrl\":\"https:\/\/prefecturadeesmeraldas.gob.ec\/wp-content\/uploads\/2019\/06\/logo.png\",\"width\":859,\"height\":448,\"caption\":\"Gobierno Aut\u00f3nomo Descentralizado de la Provincia de Esmeraldas\"},\"image\":{\"@id\":\"https:\/\/prefecturadeesmeraldas.gob.ec\/#\/schema\/logo\/image\/\"},\"sameAs\":[\"https:\/\/www.facebook.com\/PrefecturaEsmeraldas\/\"]},{\"@type\":\"Person\",\"@id\":\"https:\/\/prefecturadeesmeraldas.gob.ec\/#\/schema\/person\/b0c9e7b1ead7725994d1e319e8825234\",\"name\":\"Direcci\u00f3n de Comunicaci\u00f3n\",\"image\":{\"@type\":\"ImageObject\",\"inLanguage\":\"es\",\"@id\":\"https:\/\/prefecturadeesmeraldas.gob.ec\/#\/schema\/person\/image\/\",\"url\":\"https:\/\/secure.gravatar.com\/avatar\/74a3870a946f5d774ade3569af61a72308e07ad3346f370c4b468ee2a9858658?s=96&d=mm&r=g\",\"contentUrl\":\"https:\/\/secure.gravatar.com\/avatar\/74a3870a946f5d774ade3569af61a72308e07ad3346f370c4b468ee2a9858658?s=96&d=mm&r=g\",\"caption\":\"Direcci\u00f3n de Comunicaci\u00f3n\"}}]}<\/script>\n<!-- \/ Yoast SEO plugin. -->","yoast_head_json":{"title":"Prefectura de Esmeraldas avanza en el mejoramiento de la v\u00eda San Mateo \u2013 Taseche. - Gobierno Aut\u00f3nomo Descentralizado de la Provincia de Esmeraldas","robots":{"index":"index","follow":"follow","max-snippet":"max-snippet:-1","max-image-preview":"max-image-preview:large","max-video-preview":"max-video-preview:-1"},"canonical":"https:\/\/prefecturadeesmeraldas.gob.ec\/index.php\/2024\/08\/19\/prefectura-de-esmeraldas-avanza-en-el-mejoramiento-de-la-via-san-mateo-taseche\/","og_locale":"es_ES","og_type":"article","og_title":"Prefectura de Esmeraldas avanza en el mejoramiento de la v\u00eda San Mateo \u2013 Taseche. - Gobierno Aut\u00f3nomo Descentralizado de la Provincia de Esmeraldas","og_description":"T\u00e9cnicos de la Prefectura de Esmeraldas contin\u00faan avanzando en la ejecuci\u00f3n de los trabajos de mejoramiento de la v\u00eda San Mateo &#8211; Taseche, con el objetivo de optimizar la estructura y preparar el terreno para la futura colocaci\u00f3n de la carpeta asf\u00e1ltica. Los t\u00e9cnicos est\u00e1n trabajando arduamente en la mezcla y compactaci\u00f3n del material para [&hellip;]","og_url":"https:\/\/prefecturadeesmeraldas.gob.ec\/index.php\/2024\/08\/19\/prefectura-de-esmeraldas-avanza-en-el-mejoramiento-de-la-via-san-mateo-taseche\/","og_site_name":"Gobierno Aut\u00f3nomo Descentralizado de la Provincia de Esmeraldas","article_publisher":"https:\/\/www.facebook.com\/PrefecturaEsmeraldas\/","article_published_time":"2024-08-19T21:21:06+00:00","article_modified_time":"2024-08-19T21:22:39+00:00","og_image":[{"width":559,"height":559,"url":"https:\/\/prefecturadeesmeraldas.gob.ec\/wp-content\/uploads\/2024\/08\/111-7.jpg","type":"image\/jpeg"}],"author":"Direcci\u00f3n de Comunicaci\u00f3n","twitter_card":"summary_large_image","twitter_misc":{"Escrito por":"Direcci\u00f3n de Comunicaci\u00f3n","Tiempo de lectura":"2 minutos"},"schema":{"@context":"https:\/\/schema.org","@graph":[{"@type":"Article","@id":"https:\/\/prefecturadeesmeraldas.gob.ec\/index.php\/2024\/08\/19\/prefectura-de-esmeraldas-avanza-en-el-mejoramiento-de-la-via-san-mateo-taseche\/#article","isPartOf":{"@id":"https:\/\/prefecturadeesmeraldas.gob.ec\/index.php\/2024\/08\/19\/prefectura-de-esmeraldas-avanza-en-el-mejoramiento-de-la-via-san-mateo-taseche\/"},"author":{"name":"Direcci\u00f3n de Comunicaci\u00f3n","@id":"https:\/\/prefecturadeesmeraldas.gob.ec\/#\/schema\/person\/b0c9e7b1ead7725994d1e319e8825234"},"headline":"Prefectura de Esmeraldas avanza en el mejoramiento de la v\u00eda San Mateo \u2013 Taseche.","datePublished":"2024-08-19T21:21:06+00:00","dateModified":"2024-08-19T21:22:39+00:00","mainEntityOfPage":{"@id":"https:\/\/prefecturadeesmeraldas.gob.ec\/index.php\/2024\/08\/19\/prefectura-de-esmeraldas-avanza-en-el-mejoramiento-de-la-via-san-mateo-taseche\/"},"wordCount":359,"publisher":{"@id":"https:\/\/prefecturadeesmeraldas.gob.ec\/#organization"},"image":{"@id":"https:\/\/prefecturadeesmeraldas.gob.ec\/index.php\/2024\/08\/19\/prefectura-de-esmeraldas-avanza-en-el-mejoramiento-de-la-via-san-mateo-taseche\/#primaryimage"},"thumbnailUrl":"https:\/\/prefecturadeesmeraldas.gob.ec\/wp-content\/uploads\/2024\/08\/111-7.jpg","articleSection":["Vialidad"],"inLanguage":"es"},{"@type":"WebPage","@id":"https:\/\/prefecturadeesmeraldas.gob.ec\/index.php\/2024\/08\/19\/prefectura-de-esmeraldas-avanza-en-el-mejoramiento-de-la-via-san-mateo-taseche\/","url":"https:\/\/prefecturadeesmeraldas.gob.ec\/index.php\/2024\/08\/19\/prefectura-de-esmeraldas-avanza-en-el-mejoramiento-de-la-via-san-mateo-taseche\/","name":"Prefectura de Esmeraldas avanza en el mejoramiento de la v\u00eda San Mateo \u2013 Taseche. - Gobierno Aut\u00f3nomo Descentralizado de la Provincia de Esmeraldas","isPartOf":{"@id":"https:\/\/prefecturadeesmeraldas.gob.ec\/#website"},"primaryImageOfPage":{"@id":"https:\/\/prefecturadeesmeraldas.gob.ec\/index.php\/2024\/08\/19\/prefectura-de-esmeraldas-avanza-en-el-mejoramiento-de-la-via-san-mateo-taseche\/#primaryimage"},"image":{"@id":"https:\/\/prefecturadeesmeraldas.gob.ec\/index.php\/2024\/08\/19\/prefectura-de-esmeraldas-avanza-en-el-mejoramiento-de-la-via-san-mateo-taseche\/#primaryimage"},"thumbnailUrl":"https:\/\/prefecturadeesmeraldas.gob.ec\/wp-content\/uploads\/2024\/08\/111-7.jpg","datePublished":"2024-08-19T21:21:06+00:00","dateModified":"2024-08-19T21:22:39+00:00","breadcrumb":{"@id":"https:\/\/prefecturadeesmeraldas.gob.ec\/index.php\/2024\/08\/19\/prefectura-de-esmeraldas-avanza-en-el-mejoramiento-de-la-via-san-mateo-taseche\/#breadcrumb"},"inLanguage":"es","potentialAction":[{"@type":"ReadAction","target":["https:\/\/prefecturadeesmeraldas.gob.ec\/index.php\/2024\/08\/19\/prefectura-de-esmeraldas-avanza-en-el-mejoramiento-de-la-via-san-mateo-taseche\/"]}]},{"@type":"ImageObject","inLanguage":"es","@id":"https:\/\/prefecturadeesmeraldas.gob.ec\/index.php\/2024\/08\/19\/prefectura-de-esmeraldas-avanza-en-el-mejoramiento-de-la-via-san-mateo-taseche\/#primaryimage","url":"https:\/\/prefecturadeesmeraldas.gob.ec\/wp-content\/uploads\/2024\/08\/111-7.jpg","contentUrl":"https:\/\/prefecturadeesmeraldas.gob.ec\/wp-content\/uploads\/2024\/08\/111-7.jpg","width":559,"height":559},{"@type":"BreadcrumbList","@id":"https:\/\/prefecturadeesmeraldas.gob.ec\/index.php\/2024\/08\/19\/prefectura-de-esmeraldas-avanza-en-el-mejoramiento-de-la-via-san-mateo-taseche\/#breadcrumb","itemListElement":[{"@type":"ListItem","position":1,"name":"Home","item":"https:\/\/prefecturadeesmeraldas.gob.ec\/"},{"@type":"ListItem","position":2,"name":"Prefectura de Esmeraldas avanza en el mejoramiento de la v\u00eda San Mateo \u2013 Taseche."}]},{"@type":"WebSite","@id":"https:\/\/prefecturadeesmeraldas.gob.ec\/#website","url":"https:\/\/prefecturadeesmeraldas.gob.ec\/","name":"Gobierno Aut\u00f3nomo Descentralizado de la Provincia de Esmeraldas","description":"Gobierno Aut\u00f3nomo Descentralizado de la Provincia de Esmeraldas","publisher":{"@id":"https:\/\/prefecturadeesmeraldas.gob.ec\/#organization"},"potentialAction":[{"@type":"SearchAction","target":{"@type":"EntryPoint","urlTemplate":"https:\/\/prefecturadeesmeraldas.gob.ec\/?s={search_term_string}"},"query-input":{"@type":"PropertyValueSpecification","valueRequired":true,"valueName":"search_term_string"}}],"inLanguage":"es"},{"@type":"Organization","@id":"https:\/\/prefecturadeesmeraldas.gob.ec\/#organization","name":"Gobierno Aut\u00f3nomo Descentralizado de la Provincia de Esmeraldas","url":"https:\/\/prefecturadeesmeraldas.gob.ec\/","logo":{"@type":"ImageObject","inLanguage":"es","@id":"https:\/\/prefecturadeesmeraldas.gob.ec\/#\/schema\/logo\/image\/","url":"https:\/\/prefecturadeesmeraldas.gob.ec\/wp-content\/uploads\/2019\/06\/logo.png","contentUrl":"https:\/\/prefecturadeesmeraldas.gob.ec\/wp-content\/uploads\/2019\/06\/logo.png","width":859,"height":448,"caption":"Gobierno Aut\u00f3nomo Descentralizado de la Provincia de Esmeraldas"},"image":{"@id":"https:\/\/prefecturadeesmeraldas.gob.ec\/#\/schema\/logo\/image\/"},"sameAs":["https:\/\/www.facebook.com\/PrefecturaEsmeraldas\/"]},{"@type":"Person","@id":"https:\/\/prefecturadeesmeraldas.gob.ec\/#\/schema\/person\/b0c9e7b1ead7725994d1e319e8825234","name":"Direcci\u00f3n de Comunicaci\u00f3n","image":{"@type":"ImageObject","inLanguage":"es","@id":"https:\/\/prefecturadeesmeraldas.gob.ec\/#\/schema\/person\/image\/","url":"https:\/\/secure.gravatar.com\/avatar\/74a3870a946f5d774ade3569af61a72308e07ad3346f370c4b468ee2a9858658?s=96&d=mm&r=g","contentUrl":"https:\/\/secure.gravatar.com\/avatar\/74a3870a946f5d774ade3569af61a72308e07ad3346f370c4b468ee2a9858658?s=96&d=mm&r=g","caption":"Direcci\u00f3n de Comunicaci\u00f3n"}}]}},"_links":{"self":[{"href":"https:\/\/prefecturadeesmeraldas.gob.ec\/index.php\/wp-json\/wp\/v2\/posts\/27289","targetHints":{"allow":["GET"]}}],"collection":[{"href":"https:\/\/prefecturadeesmeraldas.gob.ec\/index.php\/wp-json\/wp\/v2\/posts"}],"about":[{"href":"https:\/\/prefecturadeesmeraldas.gob.ec\/index.php\/wp-json\/wp\/v2\/types\/post"}],"author":[{"embeddable":true,"href":"https:\/\/prefecturadeesmeraldas.gob.ec\/index.php\/wp-json\/wp\/v2\/users\/2"}],"replies":[{"embeddable":true,"href":"https:\/\/prefecturadeesmeraldas.gob.ec\/index.php\/wp-json\/wp\/v2\/comments?post=27289"}],"version-history":[{"count":4,"href":"https:\/\/prefecturadeesmeraldas.gob.ec\/index.php\/wp-json\/wp\/v2\/posts\/27289\/revisions"}],"predecessor-version":[{"id":27294,"href":"https:\/\/prefecturadeesmeraldas.gob.ec\/index.php\/wp-json\/wp\/v2\/posts\/27289\/revisions\/27294"}],"wp:featuredmedia":[{"embeddable":true,"href":"https:\/\/prefecturadeesmeraldas.gob.ec\/index.php\/wp-json\/wp\/v2\/media\/27291"}],"wp:attachment":[{"href":"https:\/\/prefecturadeesmeraldas.gob.ec\/index.php\/wp-json\/wp\/v2\/media?parent=27289"}],"wp:term":[{"taxonomy":"category","embeddable":true,"href":"https:\/\/prefecturadeesmeraldas.gob.ec\/index.php\/wp-json\/wp\/v2\/categories?post=27289"},{"taxonomy":"post_tag","embeddable":true,"href":"https:\/\/prefecturadeesmeraldas.gob.ec\/index.php\/wp-json\/wp\/v2\/tags?post=27289"}],"curies":[{"name":"wp","href":"https:\/\/api.w.org\/{rel}","templated":true}]}}