{"id":27260,"date":"2024-08-16T14:35:02","date_gmt":"2024-08-16T19:35:02","guid":{"rendered":"https:\/\/prefecturadeesmeraldas.gob.ec\/?p=27260"},"modified":"2024-08-16T14:36:39","modified_gmt":"2024-08-16T19:36:39","slug":"prefecta-roberta-zambrano-explora-nuevas-oportunidades-de-financiamiento-en-el-bid-para-el-desarrollo-de-esmeraldas","status":"publish","type":"post","link":"https:\/\/prefecturadeesmeraldas.gob.ec\/index.php\/2024\/08\/16\/prefecta-roberta-zambrano-explora-nuevas-oportunidades-de-financiamiento-en-el-bid-para-el-desarrollo-de-esmeraldas\/","title":{"rendered":"Prefecta Roberta Zambrano explora nuevas oportunidades de financiamiento en el BID para el desarrollo de Esmeraldas."},"content":{"rendered":"\t\t<div data-elementor-type=\"wp-post\" data-elementor-id=\"27260\" class=\"elementor elementor-27260\">\n\t\t\t\t<div class=\"elementor-element elementor-element-05f570a e-flex e-con-boxed e-con e-parent\" data-id=\"05f570a\" data-element_type=\"container\">\n\t\t\t\t\t<div class=\"e-con-inner\">\n\t\t\t\t<div class=\"elementor-element elementor-element-4d9402a elementor-widget elementor-widget-image\" data-id=\"4d9402a\" data-element_type=\"widget\" data-widget_type=\"image.default\">\n\t\t\t\t<div class=\"elementor-widget-container\">\n\t\t\t\t\t\t\t\t\t\t\t\t\t\t\t<img fetchpriority=\"high\" decoding=\"async\" width=\"759\" height=\"549\" src=\"https:\/\/prefecturadeesmeraldas.gob.ec\/wp-content\/uploads\/2024\/08\/111-6.jpg\" class=\"attachment-large size-large wp-image-27262\" alt=\"\" srcset=\"https:\/\/prefecturadeesmeraldas.gob.ec\/wp-content\/uploads\/2024\/08\/111-6.jpg 759w, https:\/\/prefecturadeesmeraldas.gob.ec\/wp-content\/uploads\/2024\/08\/111-6-300x217.jpg 300w\" sizes=\"(max-width: 759px) 100vw, 759px\" \/>\t\t\t\t\t\t\t\t\t\t\t\t\t\t\t<\/div>\n\t\t\t\t<\/div>\n\t\t\t\t\t<\/div>\n\t\t\t\t<\/div>\n\t\t<div class=\"elementor-element elementor-element-420b45e e-flex e-con-boxed e-con e-parent\" data-id=\"420b45e\" data-element_type=\"container\">\n\t\t\t\t\t<div class=\"e-con-inner\">\n\t\t\t\t<div class=\"elementor-element elementor-element-40ab565 elementor-widget elementor-widget-text-editor\" data-id=\"40ab565\" data-element_type=\"widget\" data-widget_type=\"text-editor.default\">\n\t\t\t\t<div class=\"elementor-widget-container\">\n\t\t\t\t\t\t\t\t\t<p>Con el firme prop\u00f3sito de continuar trabajando por el bienestar y desarrollo de la provincia de Esmeraldas, la prefecta Roberta Zambrano sostuvo una reuni\u00f3n clave con el gerente del Banco Interamericano de Desarrollo (BID), Juan Carlos De La Hoz, y el jefe de operaciones, Vinicio Rodr\u00edguez. El encuentro tuvo como objetivo explorar posibles cr\u00e9ditos que podr\u00edan ser destinados a proyectos estrat\u00e9gicos en la regi\u00f3n.<\/p><p>Durante la reuni\u00f3n, se discutieron los requisitos necesarios para acceder a estos cr\u00e9ditos, as\u00ed como la viabilidad de obtenerlos en beneficio de la provincia. Este primer acercamiento marca un paso importante en la b\u00fasqueda de recursos que contribuir\u00e1n al desarrollo sostenible de Esmeraldas, mejorando la calidad de vida de sus habitantes.<\/p><p>&#8220;Estamos comprometidos con el progreso de nuestra provincia y con la implementaci\u00f3n de proyectos que generen un impacto positivo. Este acercamiento con el BID nos brinda la oportunidad de evaluar nuevas v\u00edas de financiamiento que ser\u00e1n cruciales para impulsar el crecimiento de Esmeraldas&#8221;, afirm\u00f3 la prefecta Roberta Zambrano.<\/p><p>La Prefectura de Esmeraldas seguir\u00e1 gestionando recursos y estableciendo alianzas estrat\u00e9gicas que permitan avanzar en proyectos clave para la regi\u00f3n, con el objetivo de promover un desarrollo equitativo y sostenible.<\/p>\t\t\t\t\t\t\t\t<\/div>\n\t\t\t\t<\/div>\n\t\t\t\t\t<\/div>\n\t\t\t\t<\/div>\n\t\t\t\t<\/div>\n\t\t","protected":false},"excerpt":{"rendered":"<p>Con el firme prop\u00f3sito de continuar trabajando por el bienestar y desarrollo de la provincia de Esmeraldas, la prefecta Roberta Zambrano sostuvo una reuni\u00f3n clave con el gerente del Banco Interamericano de Desarrollo (BID), Juan Carlos De La Hoz, y el jefe de operaciones, Vinicio Rodr\u00edguez. El encuentro tuvo como objetivo explorar posibles cr\u00e9ditos que [&hellip;]<\/p>\n","protected":false},"author":2,"featured_media":27262,"comment_status":"closed","ping_status":"open","sticky":false,"template":"","format":"standard","meta":{"footnotes":""},"categories":[3],"tags":[],"class_list":["post-27260","post","type-post","status-publish","format-standard","has-post-thumbnail","hentry","category-institucional"],"yoast_head":"<!-- This site is optimized with the Yoast SEO plugin v25.7 - https:\/\/yoast.com\/wordpress\/plugins\/seo\/ -->\n<title>Prefecta Roberta Zambrano explora nuevas oportunidades de financiamiento en el BID para el desarrollo de Esmeraldas. - Gobierno Aut\u00f3nomo Descentralizado de la Provincia de Esmeraldas<\/title>\n<meta name=\"robots\" content=\"index, follow, max-snippet:-1, max-image-preview:large, max-video-preview:-1\" \/>\n<link rel=\"canonical\" href=\"https:\/\/prefecturadeesmeraldas.gob.ec\/index.php\/2024\/08\/16\/prefecta-roberta-zambrano-explora-nuevas-oportunidades-de-financiamiento-en-el-bid-para-el-desarrollo-de-esmeraldas\/\" \/>\n<meta property=\"og:locale\" content=\"es_ES\" \/>\n<meta property=\"og:type\" content=\"article\" \/>\n<meta property=\"og:title\" content=\"Prefecta Roberta Zambrano explora nuevas oportunidades de financiamiento en el BID para el desarrollo de Esmeraldas. - Gobierno Aut\u00f3nomo Descentralizado de la Provincia de Esmeraldas\" \/>\n<meta property=\"og:description\" content=\"Con el firme prop\u00f3sito de continuar trabajando por el bienestar y desarrollo de la provincia de Esmeraldas, la prefecta Roberta Zambrano sostuvo una reuni\u00f3n clave con el gerente del Banco Interamericano de Desarrollo (BID), Juan Carlos De La Hoz, y el jefe de operaciones, Vinicio Rodr\u00edguez. El encuentro tuvo como objetivo explorar posibles cr\u00e9ditos que [&hellip;]\" \/>\n<meta property=\"og:url\" content=\"https:\/\/prefecturadeesmeraldas.gob.ec\/index.php\/2024\/08\/16\/prefecta-roberta-zambrano-explora-nuevas-oportunidades-de-financiamiento-en-el-bid-para-el-desarrollo-de-esmeraldas\/\" \/>\n<meta property=\"og:site_name\" content=\"Gobierno Aut\u00f3nomo Descentralizado de la Provincia de Esmeraldas\" \/>\n<meta property=\"article:publisher\" content=\"https:\/\/www.facebook.com\/PrefecturaEsmeraldas\/\" \/>\n<meta property=\"article:published_time\" content=\"2024-08-16T19:35:02+00:00\" \/>\n<meta property=\"article:modified_time\" content=\"2024-08-16T19:36:39+00:00\" \/>\n<meta property=\"og:image\" content=\"https:\/\/prefecturadeesmeraldas.gob.ec\/wp-content\/uploads\/2024\/08\/111-6.jpg\" \/>\n\t<meta property=\"og:image:width\" content=\"759\" \/>\n\t<meta property=\"og:image:height\" content=\"549\" \/>\n\t<meta property=\"og:image:type\" content=\"image\/jpeg\" \/>\n<meta name=\"author\" content=\"Direcci\u00f3n de Comunicaci\u00f3n\" \/>\n<meta name=\"twitter:card\" content=\"summary_large_image\" \/>\n<meta name=\"twitter:label1\" content=\"Escrito por\" \/>\n\t<meta name=\"twitter:data1\" content=\"Direcci\u00f3n de Comunicaci\u00f3n\" \/>\n\t<meta name=\"twitter:label2\" content=\"Tiempo de lectura\" \/>\n\t<meta name=\"twitter:data2\" content=\"2 minutos\" \/>\n<script type=\"application\/ld+json\" class=\"yoast-schema-graph\">{\"@context\":\"https:\/\/schema.org\",\"@graph\":[{\"@type\":\"Article\",\"@id\":\"https:\/\/prefecturadeesmeraldas.gob.ec\/index.php\/2024\/08\/16\/prefecta-roberta-zambrano-explora-nuevas-oportunidades-de-financiamiento-en-el-bid-para-el-desarrollo-de-esmeraldas\/#article\",\"isPartOf\":{\"@id\":\"https:\/\/prefecturadeesmeraldas.gob.ec\/index.php\/2024\/08\/16\/prefecta-roberta-zambrano-explora-nuevas-oportunidades-de-financiamiento-en-el-bid-para-el-desarrollo-de-esmeraldas\/\"},\"author\":{\"name\":\"Direcci\u00f3n de Comunicaci\u00f3n\",\"@id\":\"https:\/\/prefecturadeesmeraldas.gob.ec\/#\/schema\/person\/b0c9e7b1ead7725994d1e319e8825234\"},\"headline\":\"Prefecta Roberta Zambrano explora nuevas oportunidades de financiamiento en el BID para el desarrollo de Esmeraldas.\",\"datePublished\":\"2024-08-16T19:35:02+00:00\",\"dateModified\":\"2024-08-16T19:36:39+00:00\",\"mainEntityOfPage\":{\"@id\":\"https:\/\/prefecturadeesmeraldas.gob.ec\/index.php\/2024\/08\/16\/prefecta-roberta-zambrano-explora-nuevas-oportunidades-de-financiamiento-en-el-bid-para-el-desarrollo-de-esmeraldas\/\"},\"wordCount\":225,\"publisher\":{\"@id\":\"https:\/\/prefecturadeesmeraldas.gob.ec\/#organization\"},\"image\":{\"@id\":\"https:\/\/prefecturadeesmeraldas.gob.ec\/index.php\/2024\/08\/16\/prefecta-roberta-zambrano-explora-nuevas-oportunidades-de-financiamiento-en-el-bid-para-el-desarrollo-de-esmeraldas\/#primaryimage\"},\"thumbnailUrl\":\"https:\/\/prefecturadeesmeraldas.gob.ec\/wp-content\/uploads\/2024\/08\/111-6.jpg\",\"articleSection\":[\"Institucional\"],\"inLanguage\":\"es\"},{\"@type\":\"WebPage\",\"@id\":\"https:\/\/prefecturadeesmeraldas.gob.ec\/index.php\/2024\/08\/16\/prefecta-roberta-zambrano-explora-nuevas-oportunidades-de-financiamiento-en-el-bid-para-el-desarrollo-de-esmeraldas\/\",\"url\":\"https:\/\/prefecturadeesmeraldas.gob.ec\/index.php\/2024\/08\/16\/prefecta-roberta-zambrano-explora-nuevas-oportunidades-de-financiamiento-en-el-bid-para-el-desarrollo-de-esmeraldas\/\",\"name\":\"Prefecta Roberta Zambrano explora nuevas oportunidades de financiamiento en el BID para el desarrollo de Esmeraldas. - Gobierno Aut\u00f3nomo Descentralizado de la Provincia de Esmeraldas\",\"isPartOf\":{\"@id\":\"https:\/\/prefecturadeesmeraldas.gob.ec\/#website\"},\"primaryImageOfPage\":{\"@id\":\"https:\/\/prefecturadeesmeraldas.gob.ec\/index.php\/2024\/08\/16\/prefecta-roberta-zambrano-explora-nuevas-oportunidades-de-financiamiento-en-el-bid-para-el-desarrollo-de-esmeraldas\/#primaryimage\"},\"image\":{\"@id\":\"https:\/\/prefecturadeesmeraldas.gob.ec\/index.php\/2024\/08\/16\/prefecta-roberta-zambrano-explora-nuevas-oportunidades-de-financiamiento-en-el-bid-para-el-desarrollo-de-esmeraldas\/#primaryimage\"},\"thumbnailUrl\":\"https:\/\/prefecturadeesmeraldas.gob.ec\/wp-content\/uploads\/2024\/08\/111-6.jpg\",\"datePublished\":\"2024-08-16T19:35:02+00:00\",\"dateModified\":\"2024-08-16T19:36:39+00:00\",\"breadcrumb\":{\"@id\":\"https:\/\/prefecturadeesmeraldas.gob.ec\/index.php\/2024\/08\/16\/prefecta-roberta-zambrano-explora-nuevas-oportunidades-de-financiamiento-en-el-bid-para-el-desarrollo-de-esmeraldas\/#breadcrumb\"},\"inLanguage\":\"es\",\"potentialAction\":[{\"@type\":\"ReadAction\",\"target\":[\"https:\/\/prefecturadeesmeraldas.gob.ec\/index.php\/2024\/08\/16\/prefecta-roberta-zambrano-explora-nuevas-oportunidades-de-financiamiento-en-el-bid-para-el-desarrollo-de-esmeraldas\/\"]}]},{\"@type\":\"ImageObject\",\"inLanguage\":\"es\",\"@id\":\"https:\/\/prefecturadeesmeraldas.gob.ec\/index.php\/2024\/08\/16\/prefecta-roberta-zambrano-explora-nuevas-oportunidades-de-financiamiento-en-el-bid-para-el-desarrollo-de-esmeraldas\/#primaryimage\",\"url\":\"https:\/\/prefecturadeesmeraldas.gob.ec\/wp-content\/uploads\/2024\/08\/111-6.jpg\",\"contentUrl\":\"https:\/\/prefecturadeesmeraldas.gob.ec\/wp-content\/uploads\/2024\/08\/111-6.jpg\",\"width\":759,\"height\":549},{\"@type\":\"BreadcrumbList\",\"@id\":\"https:\/\/prefecturadeesmeraldas.gob.ec\/index.php\/2024\/08\/16\/prefecta-roberta-zambrano-explora-nuevas-oportunidades-de-financiamiento-en-el-bid-para-el-desarrollo-de-esmeraldas\/#breadcrumb\",\"itemListElement\":[{\"@type\":\"ListItem\",\"position\":1,\"name\":\"Home\",\"item\":\"https:\/\/prefecturadeesmeraldas.gob.ec\/\"},{\"@type\":\"ListItem\",\"position\":2,\"name\":\"Prefecta Roberta Zambrano explora nuevas oportunidades de financiamiento en el BID para el desarrollo de Esmeraldas.\"}]},{\"@type\":\"WebSite\",\"@id\":\"https:\/\/prefecturadeesmeraldas.gob.ec\/#website\",\"url\":\"https:\/\/prefecturadeesmeraldas.gob.ec\/\",\"name\":\"Gobierno Aut\u00f3nomo Descentralizado de la Provincia de Esmeraldas\",\"description\":\"Gobierno Aut\u00f3nomo Descentralizado de la Provincia de Esmeraldas\",\"publisher\":{\"@id\":\"https:\/\/prefecturadeesmeraldas.gob.ec\/#organization\"},\"potentialAction\":[{\"@type\":\"SearchAction\",\"target\":{\"@type\":\"EntryPoint\",\"urlTemplate\":\"https:\/\/prefecturadeesmeraldas.gob.ec\/?s={search_term_string}\"},\"query-input\":{\"@type\":\"PropertyValueSpecification\",\"valueRequired\":true,\"valueName\":\"search_term_string\"}}],\"inLanguage\":\"es\"},{\"@type\":\"Organization\",\"@id\":\"https:\/\/prefecturadeesmeraldas.gob.ec\/#organization\",\"name\":\"Gobierno Aut\u00f3nomo Descentralizado de la Provincia de Esmeraldas\",\"url\":\"https:\/\/prefecturadeesmeraldas.gob.ec\/\",\"logo\":{\"@type\":\"ImageObject\",\"inLanguage\":\"es\",\"@id\":\"https:\/\/prefecturadeesmeraldas.gob.ec\/#\/schema\/logo\/image\/\",\"url\":\"https:\/\/prefecturadeesmeraldas.gob.ec\/wp-content\/uploads\/2019\/06\/logo.png\",\"contentUrl\":\"https:\/\/prefecturadeesmeraldas.gob.ec\/wp-content\/uploads\/2019\/06\/logo.png\",\"width\":859,\"height\":448,\"caption\":\"Gobierno Aut\u00f3nomo Descentralizado de la Provincia de Esmeraldas\"},\"image\":{\"@id\":\"https:\/\/prefecturadeesmeraldas.gob.ec\/#\/schema\/logo\/image\/\"},\"sameAs\":[\"https:\/\/www.facebook.com\/PrefecturaEsmeraldas\/\"]},{\"@type\":\"Person\",\"@id\":\"https:\/\/prefecturadeesmeraldas.gob.ec\/#\/schema\/person\/b0c9e7b1ead7725994d1e319e8825234\",\"name\":\"Direcci\u00f3n de Comunicaci\u00f3n\",\"image\":{\"@type\":\"ImageObject\",\"inLanguage\":\"es\",\"@id\":\"https:\/\/prefecturadeesmeraldas.gob.ec\/#\/schema\/person\/image\/\",\"url\":\"https:\/\/secure.gravatar.com\/avatar\/74a3870a946f5d774ade3569af61a72308e07ad3346f370c4b468ee2a9858658?s=96&d=mm&r=g\",\"contentUrl\":\"https:\/\/secure.gravatar.com\/avatar\/74a3870a946f5d774ade3569af61a72308e07ad3346f370c4b468ee2a9858658?s=96&d=mm&r=g\",\"caption\":\"Direcci\u00f3n de Comunicaci\u00f3n\"}}]}<\/script>\n<!-- \/ Yoast SEO plugin. -->","yoast_head_json":{"title":"Prefecta Roberta Zambrano explora nuevas oportunidades de financiamiento en el BID para el desarrollo de Esmeraldas. - Gobierno Aut\u00f3nomo Descentralizado de la Provincia de Esmeraldas","robots":{"index":"index","follow":"follow","max-snippet":"max-snippet:-1","max-image-preview":"max-image-preview:large","max-video-preview":"max-video-preview:-1"},"canonical":"https:\/\/prefecturadeesmeraldas.gob.ec\/index.php\/2024\/08\/16\/prefecta-roberta-zambrano-explora-nuevas-oportunidades-de-financiamiento-en-el-bid-para-el-desarrollo-de-esmeraldas\/","og_locale":"es_ES","og_type":"article","og_title":"Prefecta Roberta Zambrano explora nuevas oportunidades de financiamiento en el BID para el desarrollo de Esmeraldas. - Gobierno Aut\u00f3nomo Descentralizado de la Provincia de Esmeraldas","og_description":"Con el firme prop\u00f3sito de continuar trabajando por el bienestar y desarrollo de la provincia de Esmeraldas, la prefecta Roberta Zambrano sostuvo una reuni\u00f3n clave con el gerente del Banco Interamericano de Desarrollo (BID), Juan Carlos De La Hoz, y el jefe de operaciones, Vinicio Rodr\u00edguez. El encuentro tuvo como objetivo explorar posibles cr\u00e9ditos que [&hellip;]","og_url":"https:\/\/prefecturadeesmeraldas.gob.ec\/index.php\/2024\/08\/16\/prefecta-roberta-zambrano-explora-nuevas-oportunidades-de-financiamiento-en-el-bid-para-el-desarrollo-de-esmeraldas\/","og_site_name":"Gobierno Aut\u00f3nomo Descentralizado de la Provincia de Esmeraldas","article_publisher":"https:\/\/www.facebook.com\/PrefecturaEsmeraldas\/","article_published_time":"2024-08-16T19:35:02+00:00","article_modified_time":"2024-08-16T19:36:39+00:00","og_image":[{"width":759,"height":549,"url":"https:\/\/prefecturadeesmeraldas.gob.ec\/wp-content\/uploads\/2024\/08\/111-6.jpg","type":"image\/jpeg"}],"author":"Direcci\u00f3n de Comunicaci\u00f3n","twitter_card":"summary_large_image","twitter_misc":{"Escrito por":"Direcci\u00f3n de Comunicaci\u00f3n","Tiempo de lectura":"2 minutos"},"schema":{"@context":"https:\/\/schema.org","@graph":[{"@type":"Article","@id":"https:\/\/prefecturadeesmeraldas.gob.ec\/index.php\/2024\/08\/16\/prefecta-roberta-zambrano-explora-nuevas-oportunidades-de-financiamiento-en-el-bid-para-el-desarrollo-de-esmeraldas\/#article","isPartOf":{"@id":"https:\/\/prefecturadeesmeraldas.gob.ec\/index.php\/2024\/08\/16\/prefecta-roberta-zambrano-explora-nuevas-oportunidades-de-financiamiento-en-el-bid-para-el-desarrollo-de-esmeraldas\/"},"author":{"name":"Direcci\u00f3n de Comunicaci\u00f3n","@id":"https:\/\/prefecturadeesmeraldas.gob.ec\/#\/schema\/person\/b0c9e7b1ead7725994d1e319e8825234"},"headline":"Prefecta Roberta Zambrano explora nuevas oportunidades de financiamiento en el BID para el desarrollo de Esmeraldas.","datePublished":"2024-08-16T19:35:02+00:00","dateModified":"2024-08-16T19:36:39+00:00","mainEntityOfPage":{"@id":"https:\/\/prefecturadeesmeraldas.gob.ec\/index.php\/2024\/08\/16\/prefecta-roberta-zambrano-explora-nuevas-oportunidades-de-financiamiento-en-el-bid-para-el-desarrollo-de-esmeraldas\/"},"wordCount":225,"publisher":{"@id":"https:\/\/prefecturadeesmeraldas.gob.ec\/#organization"},"image":{"@id":"https:\/\/prefecturadeesmeraldas.gob.ec\/index.php\/2024\/08\/16\/prefecta-roberta-zambrano-explora-nuevas-oportunidades-de-financiamiento-en-el-bid-para-el-desarrollo-de-esmeraldas\/#primaryimage"},"thumbnailUrl":"https:\/\/prefecturadeesmeraldas.gob.ec\/wp-content\/uploads\/2024\/08\/111-6.jpg","articleSection":["Institucional"],"inLanguage":"es"},{"@type":"WebPage","@id":"https:\/\/prefecturadeesmeraldas.gob.ec\/index.php\/2024\/08\/16\/prefecta-roberta-zambrano-explora-nuevas-oportunidades-de-financiamiento-en-el-bid-para-el-desarrollo-de-esmeraldas\/","url":"https:\/\/prefecturadeesmeraldas.gob.ec\/index.php\/2024\/08\/16\/prefecta-roberta-zambrano-explora-nuevas-oportunidades-de-financiamiento-en-el-bid-para-el-desarrollo-de-esmeraldas\/","name":"Prefecta Roberta Zambrano explora nuevas oportunidades de financiamiento en el BID para el desarrollo de Esmeraldas. - Gobierno Aut\u00f3nomo Descentralizado de la Provincia de Esmeraldas","isPartOf":{"@id":"https:\/\/prefecturadeesmeraldas.gob.ec\/#website"},"primaryImageOfPage":{"@id":"https:\/\/prefecturadeesmeraldas.gob.ec\/index.php\/2024\/08\/16\/prefecta-roberta-zambrano-explora-nuevas-oportunidades-de-financiamiento-en-el-bid-para-el-desarrollo-de-esmeraldas\/#primaryimage"},"image":{"@id":"https:\/\/prefecturadeesmeraldas.gob.ec\/index.php\/2024\/08\/16\/prefecta-roberta-zambrano-explora-nuevas-oportunidades-de-financiamiento-en-el-bid-para-el-desarrollo-de-esmeraldas\/#primaryimage"},"thumbnailUrl":"https:\/\/prefecturadeesmeraldas.gob.ec\/wp-content\/uploads\/2024\/08\/111-6.jpg","datePublished":"2024-08-16T19:35:02+00:00","dateModified":"2024-08-16T19:36:39+00:00","breadcrumb":{"@id":"https:\/\/prefecturadeesmeraldas.gob.ec\/index.php\/2024\/08\/16\/prefecta-roberta-zambrano-explora-nuevas-oportunidades-de-financiamiento-en-el-bid-para-el-desarrollo-de-esmeraldas\/#breadcrumb"},"inLanguage":"es","potentialAction":[{"@type":"ReadAction","target":["https:\/\/prefecturadeesmeraldas.gob.ec\/index.php\/2024\/08\/16\/prefecta-roberta-zambrano-explora-nuevas-oportunidades-de-financiamiento-en-el-bid-para-el-desarrollo-de-esmeraldas\/"]}]},{"@type":"ImageObject","inLanguage":"es","@id":"https:\/\/prefecturadeesmeraldas.gob.ec\/index.php\/2024\/08\/16\/prefecta-roberta-zambrano-explora-nuevas-oportunidades-de-financiamiento-en-el-bid-para-el-desarrollo-de-esmeraldas\/#primaryimage","url":"https:\/\/prefecturadeesmeraldas.gob.ec\/wp-content\/uploads\/2024\/08\/111-6.jpg","contentUrl":"https:\/\/prefecturadeesmeraldas.gob.ec\/wp-content\/uploads\/2024\/08\/111-6.jpg","width":759,"height":549},{"@type":"BreadcrumbList","@id":"https:\/\/prefecturadeesmeraldas.gob.ec\/index.php\/2024\/08\/16\/prefecta-roberta-zambrano-explora-nuevas-oportunidades-de-financiamiento-en-el-bid-para-el-desarrollo-de-esmeraldas\/#breadcrumb","itemListElement":[{"@type":"ListItem","position":1,"name":"Home","item":"https:\/\/prefecturadeesmeraldas.gob.ec\/"},{"@type":"ListItem","position":2,"name":"Prefecta Roberta Zambrano explora nuevas oportunidades de financiamiento en el BID para el desarrollo de Esmeraldas."}]},{"@type":"WebSite","@id":"https:\/\/prefecturadeesmeraldas.gob.ec\/#website","url":"https:\/\/prefecturadeesmeraldas.gob.ec\/","name":"Gobierno Aut\u00f3nomo Descentralizado de la Provincia de Esmeraldas","description":"Gobierno Aut\u00f3nomo Descentralizado de la Provincia de Esmeraldas","publisher":{"@id":"https:\/\/prefecturadeesmeraldas.gob.ec\/#organization"},"potentialAction":[{"@type":"SearchAction","target":{"@type":"EntryPoint","urlTemplate":"https:\/\/prefecturadeesmeraldas.gob.ec\/?s={search_term_string}"},"query-input":{"@type":"PropertyValueSpecification","valueRequired":true,"valueName":"search_term_string"}}],"inLanguage":"es"},{"@type":"Organization","@id":"https:\/\/prefecturadeesmeraldas.gob.ec\/#organization","name":"Gobierno Aut\u00f3nomo Descentralizado de la Provincia de Esmeraldas","url":"https:\/\/prefecturadeesmeraldas.gob.ec\/","logo":{"@type":"ImageObject","inLanguage":"es","@id":"https:\/\/prefecturadeesmeraldas.gob.ec\/#\/schema\/logo\/image\/","url":"https:\/\/prefecturadeesmeraldas.gob.ec\/wp-content\/uploads\/2019\/06\/logo.png","contentUrl":"https:\/\/prefecturadeesmeraldas.gob.ec\/wp-content\/uploads\/2019\/06\/logo.png","width":859,"height":448,"caption":"Gobierno Aut\u00f3nomo Descentralizado de la Provincia de Esmeraldas"},"image":{"@id":"https:\/\/prefecturadeesmeraldas.gob.ec\/#\/schema\/logo\/image\/"},"sameAs":["https:\/\/www.facebook.com\/PrefecturaEsmeraldas\/"]},{"@type":"Person","@id":"https:\/\/prefecturadeesmeraldas.gob.ec\/#\/schema\/person\/b0c9e7b1ead7725994d1e319e8825234","name":"Direcci\u00f3n de Comunicaci\u00f3n","image":{"@type":"ImageObject","inLanguage":"es","@id":"https:\/\/prefecturadeesmeraldas.gob.ec\/#\/schema\/person\/image\/","url":"https:\/\/secure.gravatar.com\/avatar\/74a3870a946f5d774ade3569af61a72308e07ad3346f370c4b468ee2a9858658?s=96&d=mm&r=g","contentUrl":"https:\/\/secure.gravatar.com\/avatar\/74a3870a946f5d774ade3569af61a72308e07ad3346f370c4b468ee2a9858658?s=96&d=mm&r=g","caption":"Direcci\u00f3n de Comunicaci\u00f3n"}}]}},"_links":{"self":[{"href":"https:\/\/prefecturadeesmeraldas.gob.ec\/index.php\/wp-json\/wp\/v2\/posts\/27260","targetHints":{"allow":["GET"]}}],"collection":[{"href":"https:\/\/prefecturadeesmeraldas.gob.ec\/index.php\/wp-json\/wp\/v2\/posts"}],"about":[{"href":"https:\/\/prefecturadeesmeraldas.gob.ec\/index.php\/wp-json\/wp\/v2\/types\/post"}],"author":[{"embeddable":true,"href":"https:\/\/prefecturadeesmeraldas.gob.ec\/index.php\/wp-json\/wp\/v2\/users\/2"}],"replies":[{"embeddable":true,"href":"https:\/\/prefecturadeesmeraldas.gob.ec\/index.php\/wp-json\/wp\/v2\/comments?post=27260"}],"version-history":[{"count":4,"href":"https:\/\/prefecturadeesmeraldas.gob.ec\/index.php\/wp-json\/wp\/v2\/posts\/27260\/revisions"}],"predecessor-version":[{"id":27265,"href":"https:\/\/prefecturadeesmeraldas.gob.ec\/index.php\/wp-json\/wp\/v2\/posts\/27260\/revisions\/27265"}],"wp:featuredmedia":[{"embeddable":true,"href":"https:\/\/prefecturadeesmeraldas.gob.ec\/index.php\/wp-json\/wp\/v2\/media\/27262"}],"wp:attachment":[{"href":"https:\/\/prefecturadeesmeraldas.gob.ec\/index.php\/wp-json\/wp\/v2\/media?parent=27260"}],"wp:term":[{"taxonomy":"category","embeddable":true,"href":"https:\/\/prefecturadeesmeraldas.gob.ec\/index.php\/wp-json\/wp\/v2\/categories?post=27260"},{"taxonomy":"post_tag","embeddable":true,"href":"https:\/\/prefecturadeesmeraldas.gob.ec\/index.php\/wp-json\/wp\/v2\/tags?post=27260"}],"curies":[{"name":"wp","href":"https:\/\/api.w.org\/{rel}","templated":true}]}}