{"id":27238,"date":"2024-08-15T15:14:50","date_gmt":"2024-08-15T20:14:50","guid":{"rendered":"https:\/\/prefecturadeesmeraldas.gob.ec\/?p=27238"},"modified":"2024-08-15T15:18:42","modified_gmt":"2024-08-15T20:18:42","slug":"avance-y-prosperidad-en-muisne-prefectura-de-esmeraldas-transforma-las-vias-en-galera-quingue-y-san-francisco-del-cabo","status":"publish","type":"post","link":"https:\/\/prefecturadeesmeraldas.gob.ec\/index.php\/2024\/08\/15\/avance-y-prosperidad-en-muisne-prefectura-de-esmeraldas-transforma-las-vias-en-galera-quingue-y-san-francisco-del-cabo\/","title":{"rendered":"\u00a1Avance y prosperidad en Muisne! Prefectura de Esmeraldas transforma las v\u00edas en Galera, Quing\u00fce y San Francisco del Cabo."},"content":{"rendered":"\t\t<div data-elementor-type=\"wp-post\" data-elementor-id=\"27238\" class=\"elementor elementor-27238\">\n\t\t\t\t<div class=\"elementor-element elementor-element-c725482 e-flex e-con-boxed e-con e-parent\" data-id=\"c725482\" data-element_type=\"container\">\n\t\t\t\t\t<div class=\"e-con-inner\">\n\t\t\t\t<div class=\"elementor-element elementor-element-ecbe14c elementor-widget elementor-widget-image\" data-id=\"ecbe14c\" data-element_type=\"widget\" data-widget_type=\"image.default\">\n\t\t\t\t<div class=\"elementor-widget-container\">\n\t\t\t\t\t\t\t\t\t\t\t\t\t\t\t<img fetchpriority=\"high\" decoding=\"async\" width=\"739\" height=\"739\" src=\"https:\/\/prefecturadeesmeraldas.gob.ec\/wp-content\/uploads\/2024\/08\/111-4.jpg\" class=\"attachment-large size-large wp-image-27240\" alt=\"\" srcset=\"https:\/\/prefecturadeesmeraldas.gob.ec\/wp-content\/uploads\/2024\/08\/111-4.jpg 739w, https:\/\/prefecturadeesmeraldas.gob.ec\/wp-content\/uploads\/2024\/08\/111-4-300x300.jpg 300w, https:\/\/prefecturadeesmeraldas.gob.ec\/wp-content\/uploads\/2024\/08\/111-4-150x150.jpg 150w, https:\/\/prefecturadeesmeraldas.gob.ec\/wp-content\/uploads\/2024\/08\/111-4-440x440.jpg 440w, https:\/\/prefecturadeesmeraldas.gob.ec\/wp-content\/uploads\/2024\/08\/111-4-180x180.jpg 180w, https:\/\/prefecturadeesmeraldas.gob.ec\/wp-content\/uploads\/2024\/08\/111-4-120x120.jpg 120w\" sizes=\"(max-width: 739px) 100vw, 739px\" \/>\t\t\t\t\t\t\t\t\t\t\t\t\t\t\t<\/div>\n\t\t\t\t<\/div>\n\t\t\t\t\t<\/div>\n\t\t\t\t<\/div>\n\t\t<div class=\"elementor-element elementor-element-8b85a8d e-flex e-con-boxed e-con e-parent\" data-id=\"8b85a8d\" data-element_type=\"container\">\n\t\t\t\t\t<div class=\"e-con-inner\">\n\t\t\t\t<div class=\"elementor-element elementor-element-fbb6f76 elementor-widget elementor-widget-text-editor\" data-id=\"fbb6f76\" data-element_type=\"widget\" data-widget_type=\"text-editor.default\">\n\t\t\t\t<div class=\"elementor-widget-container\">\n\t\t\t\t\t\t\t\t\t<p>La Prefectura de Esmeraldas contin\u00faa su comprometido trabajo en la mejora de la infraestructura vial en las parroquias de Galera, Quing\u00fce y San Francisco del Cabo, situadas en el cant\u00f3n Muisne. Este esfuerzo es posible gracias a un convenio entre las Juntas Parroquiales, el Municipio y la Prefectura, y ha estado en marcha durante los \u00faltimos tres meses.<\/p><p>Las acciones incluyen el mejoramiento del tramo de 17 kil\u00f3metros que conecta Quing\u00fce y Galera, as\u00ed como la rehabilitaci\u00f3n de 400 metros lineales en el acceso a El Manantial. En estas \u00e1reas, se ha realizado la colocaci\u00f3n de cascote y otros materiales destinados a optimizar la calidad de las v\u00edas.<\/p><p>Orlando Borbor, vicepresidente del Gobierno Parroquial de Galera, expres\u00f3 el agradecimiento de la comunidad hacia la Prefecta Roberta Zambrano. \u201cLa comunidad est\u00e1 profundamente agradecida por la disposici\u00f3n de la Prefecta Zambrano de enviar maquinaria a nuestra zona. Este trabajo no solo beneficia a Galera, sino tambi\u00e9n a las parroquias vecinas, mejorando significativamente las v\u00edas principales y secundarias,\u201d coment\u00f3 Borbor.<\/p><p>Adem\u00e1s, Borbor destac\u00f3 que el 3 de junio pasado, un colapso en la v\u00eda a la altura de Playa Escondida interrumpi\u00f3 el tr\u00e1fico. \u201cGracias a la r\u00e1pida intervenci\u00f3n de la Prefectura, que ha estado trabajando con maquinaria en Galera, Quing\u00fce y San Francisco del Cabo durante los \u00faltimos tres meses, logramos restablecer la normalidad en el tr\u00e1fico,\u201d agreg\u00f3.<\/p><p>Este esfuerzo integral subraya el compromiso continuo de la Prefectura de Esmeraldas con el desarrollo y bienestar de las comunidades locales, asegurando un acceso vial seguro y eficiente en toda la regi\u00f3n. <\/p>\t\t\t\t\t\t\t\t<\/div>\n\t\t\t\t<\/div>\n\t\t\t\t\t<\/div>\n\t\t\t\t<\/div>\n\t\t\t\t<\/div>\n\t\t","protected":false},"excerpt":{"rendered":"<p>La Prefectura de Esmeraldas contin\u00faa su comprometido trabajo en la mejora de la infraestructura vial en las parroquias de Galera, Quing\u00fce y San Francisco del Cabo, situadas en el cant\u00f3n Muisne. Este esfuerzo es posible gracias a un convenio entre las Juntas Parroquiales, el Municipio y la Prefectura, y ha estado en marcha durante los [&hellip;]<\/p>\n","protected":false},"author":2,"featured_media":27240,"comment_status":"closed","ping_status":"open","sticky":false,"template":"","format":"standard","meta":{"footnotes":""},"categories":[14],"tags":[],"class_list":["post-27238","post","type-post","status-publish","format-standard","has-post-thumbnail","hentry","category-vialidad"],"yoast_head":"<!-- This site is optimized with the Yoast SEO plugin v25.7 - https:\/\/yoast.com\/wordpress\/plugins\/seo\/ -->\n<title>\u00a1Avance y prosperidad en Muisne! Prefectura de Esmeraldas transforma las v\u00edas en Galera, Quing\u00fce y San Francisco del Cabo. - Gobierno Aut\u00f3nomo Descentralizado de la Provincia de Esmeraldas<\/title>\n<meta name=\"robots\" content=\"index, follow, max-snippet:-1, max-image-preview:large, max-video-preview:-1\" \/>\n<link rel=\"canonical\" href=\"https:\/\/prefecturadeesmeraldas.gob.ec\/index.php\/2024\/08\/15\/avance-y-prosperidad-en-muisne-prefectura-de-esmeraldas-transforma-las-vias-en-galera-quingue-y-san-francisco-del-cabo\/\" \/>\n<meta property=\"og:locale\" content=\"es_ES\" \/>\n<meta property=\"og:type\" content=\"article\" \/>\n<meta property=\"og:title\" content=\"\u00a1Avance y prosperidad en Muisne! Prefectura de Esmeraldas transforma las v\u00edas en Galera, Quing\u00fce y San Francisco del Cabo. - Gobierno Aut\u00f3nomo Descentralizado de la Provincia de Esmeraldas\" \/>\n<meta property=\"og:description\" content=\"La Prefectura de Esmeraldas contin\u00faa su comprometido trabajo en la mejora de la infraestructura vial en las parroquias de Galera, Quing\u00fce y San Francisco del Cabo, situadas en el cant\u00f3n Muisne. Este esfuerzo es posible gracias a un convenio entre las Juntas Parroquiales, el Municipio y la Prefectura, y ha estado en marcha durante los [&hellip;]\" \/>\n<meta property=\"og:url\" content=\"https:\/\/prefecturadeesmeraldas.gob.ec\/index.php\/2024\/08\/15\/avance-y-prosperidad-en-muisne-prefectura-de-esmeraldas-transforma-las-vias-en-galera-quingue-y-san-francisco-del-cabo\/\" \/>\n<meta property=\"og:site_name\" content=\"Gobierno Aut\u00f3nomo Descentralizado de la Provincia de Esmeraldas\" \/>\n<meta property=\"article:publisher\" content=\"https:\/\/www.facebook.com\/PrefecturaEsmeraldas\/\" \/>\n<meta property=\"article:published_time\" content=\"2024-08-15T20:14:50+00:00\" \/>\n<meta property=\"article:modified_time\" content=\"2024-08-15T20:18:42+00:00\" \/>\n<meta property=\"og:image\" content=\"https:\/\/prefecturadeesmeraldas.gob.ec\/wp-content\/uploads\/2024\/08\/111-4.jpg\" \/>\n\t<meta property=\"og:image:width\" content=\"739\" \/>\n\t<meta property=\"og:image:height\" content=\"739\" \/>\n\t<meta property=\"og:image:type\" content=\"image\/jpeg\" \/>\n<meta name=\"author\" content=\"Direcci\u00f3n de Comunicaci\u00f3n\" \/>\n<meta name=\"twitter:card\" content=\"summary_large_image\" \/>\n<meta name=\"twitter:label1\" content=\"Escrito por\" \/>\n\t<meta name=\"twitter:data1\" content=\"Direcci\u00f3n de Comunicaci\u00f3n\" \/>\n\t<meta name=\"twitter:label2\" content=\"Tiempo de lectura\" \/>\n\t<meta name=\"twitter:data2\" content=\"2 minutos\" \/>\n<script type=\"application\/ld+json\" class=\"yoast-schema-graph\">{\"@context\":\"https:\/\/schema.org\",\"@graph\":[{\"@type\":\"Article\",\"@id\":\"https:\/\/prefecturadeesmeraldas.gob.ec\/index.php\/2024\/08\/15\/avance-y-prosperidad-en-muisne-prefectura-de-esmeraldas-transforma-las-vias-en-galera-quingue-y-san-francisco-del-cabo\/#article\",\"isPartOf\":{\"@id\":\"https:\/\/prefecturadeesmeraldas.gob.ec\/index.php\/2024\/08\/15\/avance-y-prosperidad-en-muisne-prefectura-de-esmeraldas-transforma-las-vias-en-galera-quingue-y-san-francisco-del-cabo\/\"},\"author\":{\"name\":\"Direcci\u00f3n de Comunicaci\u00f3n\",\"@id\":\"https:\/\/prefecturadeesmeraldas.gob.ec\/#\/schema\/person\/b0c9e7b1ead7725994d1e319e8825234\"},\"headline\":\"\u00a1Avance y prosperidad en Muisne! Prefectura de Esmeraldas transforma las v\u00edas en Galera, Quing\u00fce y San Francisco del Cabo.\",\"datePublished\":\"2024-08-15T20:14:50+00:00\",\"dateModified\":\"2024-08-15T20:18:42+00:00\",\"mainEntityOfPage\":{\"@id\":\"https:\/\/prefecturadeesmeraldas.gob.ec\/index.php\/2024\/08\/15\/avance-y-prosperidad-en-muisne-prefectura-de-esmeraldas-transforma-las-vias-en-galera-quingue-y-san-francisco-del-cabo\/\"},\"wordCount\":294,\"publisher\":{\"@id\":\"https:\/\/prefecturadeesmeraldas.gob.ec\/#organization\"},\"image\":{\"@id\":\"https:\/\/prefecturadeesmeraldas.gob.ec\/index.php\/2024\/08\/15\/avance-y-prosperidad-en-muisne-prefectura-de-esmeraldas-transforma-las-vias-en-galera-quingue-y-san-francisco-del-cabo\/#primaryimage\"},\"thumbnailUrl\":\"https:\/\/prefecturadeesmeraldas.gob.ec\/wp-content\/uploads\/2024\/08\/111-4.jpg\",\"articleSection\":[\"Vialidad\"],\"inLanguage\":\"es\"},{\"@type\":\"WebPage\",\"@id\":\"https:\/\/prefecturadeesmeraldas.gob.ec\/index.php\/2024\/08\/15\/avance-y-prosperidad-en-muisne-prefectura-de-esmeraldas-transforma-las-vias-en-galera-quingue-y-san-francisco-del-cabo\/\",\"url\":\"https:\/\/prefecturadeesmeraldas.gob.ec\/index.php\/2024\/08\/15\/avance-y-prosperidad-en-muisne-prefectura-de-esmeraldas-transforma-las-vias-en-galera-quingue-y-san-francisco-del-cabo\/\",\"name\":\"\u00a1Avance y prosperidad en Muisne! Prefectura de Esmeraldas transforma las v\u00edas en Galera, Quing\u00fce y San Francisco del Cabo. - Gobierno Aut\u00f3nomo Descentralizado de la Provincia de Esmeraldas\",\"isPartOf\":{\"@id\":\"https:\/\/prefecturadeesmeraldas.gob.ec\/#website\"},\"primaryImageOfPage\":{\"@id\":\"https:\/\/prefecturadeesmeraldas.gob.ec\/index.php\/2024\/08\/15\/avance-y-prosperidad-en-muisne-prefectura-de-esmeraldas-transforma-las-vias-en-galera-quingue-y-san-francisco-del-cabo\/#primaryimage\"},\"image\":{\"@id\":\"https:\/\/prefecturadeesmeraldas.gob.ec\/index.php\/2024\/08\/15\/avance-y-prosperidad-en-muisne-prefectura-de-esmeraldas-transforma-las-vias-en-galera-quingue-y-san-francisco-del-cabo\/#primaryimage\"},\"thumbnailUrl\":\"https:\/\/prefecturadeesmeraldas.gob.ec\/wp-content\/uploads\/2024\/08\/111-4.jpg\",\"datePublished\":\"2024-08-15T20:14:50+00:00\",\"dateModified\":\"2024-08-15T20:18:42+00:00\",\"breadcrumb\":{\"@id\":\"https:\/\/prefecturadeesmeraldas.gob.ec\/index.php\/2024\/08\/15\/avance-y-prosperidad-en-muisne-prefectura-de-esmeraldas-transforma-las-vias-en-galera-quingue-y-san-francisco-del-cabo\/#breadcrumb\"},\"inLanguage\":\"es\",\"potentialAction\":[{\"@type\":\"ReadAction\",\"target\":[\"https:\/\/prefecturadeesmeraldas.gob.ec\/index.php\/2024\/08\/15\/avance-y-prosperidad-en-muisne-prefectura-de-esmeraldas-transforma-las-vias-en-galera-quingue-y-san-francisco-del-cabo\/\"]}]},{\"@type\":\"ImageObject\",\"inLanguage\":\"es\",\"@id\":\"https:\/\/prefecturadeesmeraldas.gob.ec\/index.php\/2024\/08\/15\/avance-y-prosperidad-en-muisne-prefectura-de-esmeraldas-transforma-las-vias-en-galera-quingue-y-san-francisco-del-cabo\/#primaryimage\",\"url\":\"https:\/\/prefecturadeesmeraldas.gob.ec\/wp-content\/uploads\/2024\/08\/111-4.jpg\",\"contentUrl\":\"https:\/\/prefecturadeesmeraldas.gob.ec\/wp-content\/uploads\/2024\/08\/111-4.jpg\",\"width\":739,\"height\":739},{\"@type\":\"BreadcrumbList\",\"@id\":\"https:\/\/prefecturadeesmeraldas.gob.ec\/index.php\/2024\/08\/15\/avance-y-prosperidad-en-muisne-prefectura-de-esmeraldas-transforma-las-vias-en-galera-quingue-y-san-francisco-del-cabo\/#breadcrumb\",\"itemListElement\":[{\"@type\":\"ListItem\",\"position\":1,\"name\":\"Home\",\"item\":\"https:\/\/prefecturadeesmeraldas.gob.ec\/\"},{\"@type\":\"ListItem\",\"position\":2,\"name\":\"\u00a1Avance y prosperidad en Muisne! Prefectura de Esmeraldas transforma las v\u00edas en Galera, Quing\u00fce y San Francisco del Cabo.\"}]},{\"@type\":\"WebSite\",\"@id\":\"https:\/\/prefecturadeesmeraldas.gob.ec\/#website\",\"url\":\"https:\/\/prefecturadeesmeraldas.gob.ec\/\",\"name\":\"Gobierno Aut\u00f3nomo Descentralizado de la Provincia de Esmeraldas\",\"description\":\"Gobierno Aut\u00f3nomo Descentralizado de la Provincia de Esmeraldas\",\"publisher\":{\"@id\":\"https:\/\/prefecturadeesmeraldas.gob.ec\/#organization\"},\"potentialAction\":[{\"@type\":\"SearchAction\",\"target\":{\"@type\":\"EntryPoint\",\"urlTemplate\":\"https:\/\/prefecturadeesmeraldas.gob.ec\/?s={search_term_string}\"},\"query-input\":{\"@type\":\"PropertyValueSpecification\",\"valueRequired\":true,\"valueName\":\"search_term_string\"}}],\"inLanguage\":\"es\"},{\"@type\":\"Organization\",\"@id\":\"https:\/\/prefecturadeesmeraldas.gob.ec\/#organization\",\"name\":\"Gobierno Aut\u00f3nomo Descentralizado de la Provincia de Esmeraldas\",\"url\":\"https:\/\/prefecturadeesmeraldas.gob.ec\/\",\"logo\":{\"@type\":\"ImageObject\",\"inLanguage\":\"es\",\"@id\":\"https:\/\/prefecturadeesmeraldas.gob.ec\/#\/schema\/logo\/image\/\",\"url\":\"https:\/\/prefecturadeesmeraldas.gob.ec\/wp-content\/uploads\/2019\/06\/logo.png\",\"contentUrl\":\"https:\/\/prefecturadeesmeraldas.gob.ec\/wp-content\/uploads\/2019\/06\/logo.png\",\"width\":859,\"height\":448,\"caption\":\"Gobierno Aut\u00f3nomo Descentralizado de la Provincia de Esmeraldas\"},\"image\":{\"@id\":\"https:\/\/prefecturadeesmeraldas.gob.ec\/#\/schema\/logo\/image\/\"},\"sameAs\":[\"https:\/\/www.facebook.com\/PrefecturaEsmeraldas\/\"]},{\"@type\":\"Person\",\"@id\":\"https:\/\/prefecturadeesmeraldas.gob.ec\/#\/schema\/person\/b0c9e7b1ead7725994d1e319e8825234\",\"name\":\"Direcci\u00f3n de Comunicaci\u00f3n\",\"image\":{\"@type\":\"ImageObject\",\"inLanguage\":\"es\",\"@id\":\"https:\/\/prefecturadeesmeraldas.gob.ec\/#\/schema\/person\/image\/\",\"url\":\"https:\/\/secure.gravatar.com\/avatar\/74a3870a946f5d774ade3569af61a72308e07ad3346f370c4b468ee2a9858658?s=96&d=mm&r=g\",\"contentUrl\":\"https:\/\/secure.gravatar.com\/avatar\/74a3870a946f5d774ade3569af61a72308e07ad3346f370c4b468ee2a9858658?s=96&d=mm&r=g\",\"caption\":\"Direcci\u00f3n de Comunicaci\u00f3n\"}}]}<\/script>\n<!-- \/ Yoast SEO plugin. -->","yoast_head_json":{"title":"\u00a1Avance y prosperidad en Muisne! Prefectura de Esmeraldas transforma las v\u00edas en Galera, Quing\u00fce y San Francisco del Cabo. - Gobierno Aut\u00f3nomo Descentralizado de la Provincia de Esmeraldas","robots":{"index":"index","follow":"follow","max-snippet":"max-snippet:-1","max-image-preview":"max-image-preview:large","max-video-preview":"max-video-preview:-1"},"canonical":"https:\/\/prefecturadeesmeraldas.gob.ec\/index.php\/2024\/08\/15\/avance-y-prosperidad-en-muisne-prefectura-de-esmeraldas-transforma-las-vias-en-galera-quingue-y-san-francisco-del-cabo\/","og_locale":"es_ES","og_type":"article","og_title":"\u00a1Avance y prosperidad en Muisne! Prefectura de Esmeraldas transforma las v\u00edas en Galera, Quing\u00fce y San Francisco del Cabo. - Gobierno Aut\u00f3nomo Descentralizado de la Provincia de Esmeraldas","og_description":"La Prefectura de Esmeraldas contin\u00faa su comprometido trabajo en la mejora de la infraestructura vial en las parroquias de Galera, Quing\u00fce y San Francisco del Cabo, situadas en el cant\u00f3n Muisne. Este esfuerzo es posible gracias a un convenio entre las Juntas Parroquiales, el Municipio y la Prefectura, y ha estado en marcha durante los [&hellip;]","og_url":"https:\/\/prefecturadeesmeraldas.gob.ec\/index.php\/2024\/08\/15\/avance-y-prosperidad-en-muisne-prefectura-de-esmeraldas-transforma-las-vias-en-galera-quingue-y-san-francisco-del-cabo\/","og_site_name":"Gobierno Aut\u00f3nomo Descentralizado de la Provincia de Esmeraldas","article_publisher":"https:\/\/www.facebook.com\/PrefecturaEsmeraldas\/","article_published_time":"2024-08-15T20:14:50+00:00","article_modified_time":"2024-08-15T20:18:42+00:00","og_image":[{"width":739,"height":739,"url":"https:\/\/prefecturadeesmeraldas.gob.ec\/wp-content\/uploads\/2024\/08\/111-4.jpg","type":"image\/jpeg"}],"author":"Direcci\u00f3n de Comunicaci\u00f3n","twitter_card":"summary_large_image","twitter_misc":{"Escrito por":"Direcci\u00f3n de Comunicaci\u00f3n","Tiempo de lectura":"2 minutos"},"schema":{"@context":"https:\/\/schema.org","@graph":[{"@type":"Article","@id":"https:\/\/prefecturadeesmeraldas.gob.ec\/index.php\/2024\/08\/15\/avance-y-prosperidad-en-muisne-prefectura-de-esmeraldas-transforma-las-vias-en-galera-quingue-y-san-francisco-del-cabo\/#article","isPartOf":{"@id":"https:\/\/prefecturadeesmeraldas.gob.ec\/index.php\/2024\/08\/15\/avance-y-prosperidad-en-muisne-prefectura-de-esmeraldas-transforma-las-vias-en-galera-quingue-y-san-francisco-del-cabo\/"},"author":{"name":"Direcci\u00f3n de Comunicaci\u00f3n","@id":"https:\/\/prefecturadeesmeraldas.gob.ec\/#\/schema\/person\/b0c9e7b1ead7725994d1e319e8825234"},"headline":"\u00a1Avance y prosperidad en Muisne! Prefectura de Esmeraldas transforma las v\u00edas en Galera, Quing\u00fce y San Francisco del Cabo.","datePublished":"2024-08-15T20:14:50+00:00","dateModified":"2024-08-15T20:18:42+00:00","mainEntityOfPage":{"@id":"https:\/\/prefecturadeesmeraldas.gob.ec\/index.php\/2024\/08\/15\/avance-y-prosperidad-en-muisne-prefectura-de-esmeraldas-transforma-las-vias-en-galera-quingue-y-san-francisco-del-cabo\/"},"wordCount":294,"publisher":{"@id":"https:\/\/prefecturadeesmeraldas.gob.ec\/#organization"},"image":{"@id":"https:\/\/prefecturadeesmeraldas.gob.ec\/index.php\/2024\/08\/15\/avance-y-prosperidad-en-muisne-prefectura-de-esmeraldas-transforma-las-vias-en-galera-quingue-y-san-francisco-del-cabo\/#primaryimage"},"thumbnailUrl":"https:\/\/prefecturadeesmeraldas.gob.ec\/wp-content\/uploads\/2024\/08\/111-4.jpg","articleSection":["Vialidad"],"inLanguage":"es"},{"@type":"WebPage","@id":"https:\/\/prefecturadeesmeraldas.gob.ec\/index.php\/2024\/08\/15\/avance-y-prosperidad-en-muisne-prefectura-de-esmeraldas-transforma-las-vias-en-galera-quingue-y-san-francisco-del-cabo\/","url":"https:\/\/prefecturadeesmeraldas.gob.ec\/index.php\/2024\/08\/15\/avance-y-prosperidad-en-muisne-prefectura-de-esmeraldas-transforma-las-vias-en-galera-quingue-y-san-francisco-del-cabo\/","name":"\u00a1Avance y prosperidad en Muisne! Prefectura de Esmeraldas transforma las v\u00edas en Galera, Quing\u00fce y San Francisco del Cabo. - Gobierno Aut\u00f3nomo Descentralizado de la Provincia de Esmeraldas","isPartOf":{"@id":"https:\/\/prefecturadeesmeraldas.gob.ec\/#website"},"primaryImageOfPage":{"@id":"https:\/\/prefecturadeesmeraldas.gob.ec\/index.php\/2024\/08\/15\/avance-y-prosperidad-en-muisne-prefectura-de-esmeraldas-transforma-las-vias-en-galera-quingue-y-san-francisco-del-cabo\/#primaryimage"},"image":{"@id":"https:\/\/prefecturadeesmeraldas.gob.ec\/index.php\/2024\/08\/15\/avance-y-prosperidad-en-muisne-prefectura-de-esmeraldas-transforma-las-vias-en-galera-quingue-y-san-francisco-del-cabo\/#primaryimage"},"thumbnailUrl":"https:\/\/prefecturadeesmeraldas.gob.ec\/wp-content\/uploads\/2024\/08\/111-4.jpg","datePublished":"2024-08-15T20:14:50+00:00","dateModified":"2024-08-15T20:18:42+00:00","breadcrumb":{"@id":"https:\/\/prefecturadeesmeraldas.gob.ec\/index.php\/2024\/08\/15\/avance-y-prosperidad-en-muisne-prefectura-de-esmeraldas-transforma-las-vias-en-galera-quingue-y-san-francisco-del-cabo\/#breadcrumb"},"inLanguage":"es","potentialAction":[{"@type":"ReadAction","target":["https:\/\/prefecturadeesmeraldas.gob.ec\/index.php\/2024\/08\/15\/avance-y-prosperidad-en-muisne-prefectura-de-esmeraldas-transforma-las-vias-en-galera-quingue-y-san-francisco-del-cabo\/"]}]},{"@type":"ImageObject","inLanguage":"es","@id":"https:\/\/prefecturadeesmeraldas.gob.ec\/index.php\/2024\/08\/15\/avance-y-prosperidad-en-muisne-prefectura-de-esmeraldas-transforma-las-vias-en-galera-quingue-y-san-francisco-del-cabo\/#primaryimage","url":"https:\/\/prefecturadeesmeraldas.gob.ec\/wp-content\/uploads\/2024\/08\/111-4.jpg","contentUrl":"https:\/\/prefecturadeesmeraldas.gob.ec\/wp-content\/uploads\/2024\/08\/111-4.jpg","width":739,"height":739},{"@type":"BreadcrumbList","@id":"https:\/\/prefecturadeesmeraldas.gob.ec\/index.php\/2024\/08\/15\/avance-y-prosperidad-en-muisne-prefectura-de-esmeraldas-transforma-las-vias-en-galera-quingue-y-san-francisco-del-cabo\/#breadcrumb","itemListElement":[{"@type":"ListItem","position":1,"name":"Home","item":"https:\/\/prefecturadeesmeraldas.gob.ec\/"},{"@type":"ListItem","position":2,"name":"\u00a1Avance y prosperidad en Muisne! Prefectura de Esmeraldas transforma las v\u00edas en Galera, Quing\u00fce y San Francisco del Cabo."}]},{"@type":"WebSite","@id":"https:\/\/prefecturadeesmeraldas.gob.ec\/#website","url":"https:\/\/prefecturadeesmeraldas.gob.ec\/","name":"Gobierno Aut\u00f3nomo Descentralizado de la Provincia de Esmeraldas","description":"Gobierno Aut\u00f3nomo Descentralizado de la Provincia de Esmeraldas","publisher":{"@id":"https:\/\/prefecturadeesmeraldas.gob.ec\/#organization"},"potentialAction":[{"@type":"SearchAction","target":{"@type":"EntryPoint","urlTemplate":"https:\/\/prefecturadeesmeraldas.gob.ec\/?s={search_term_string}"},"query-input":{"@type":"PropertyValueSpecification","valueRequired":true,"valueName":"search_term_string"}}],"inLanguage":"es"},{"@type":"Organization","@id":"https:\/\/prefecturadeesmeraldas.gob.ec\/#organization","name":"Gobierno Aut\u00f3nomo Descentralizado de la Provincia de Esmeraldas","url":"https:\/\/prefecturadeesmeraldas.gob.ec\/","logo":{"@type":"ImageObject","inLanguage":"es","@id":"https:\/\/prefecturadeesmeraldas.gob.ec\/#\/schema\/logo\/image\/","url":"https:\/\/prefecturadeesmeraldas.gob.ec\/wp-content\/uploads\/2019\/06\/logo.png","contentUrl":"https:\/\/prefecturadeesmeraldas.gob.ec\/wp-content\/uploads\/2019\/06\/logo.png","width":859,"height":448,"caption":"Gobierno Aut\u00f3nomo Descentralizado de la Provincia de Esmeraldas"},"image":{"@id":"https:\/\/prefecturadeesmeraldas.gob.ec\/#\/schema\/logo\/image\/"},"sameAs":["https:\/\/www.facebook.com\/PrefecturaEsmeraldas\/"]},{"@type":"Person","@id":"https:\/\/prefecturadeesmeraldas.gob.ec\/#\/schema\/person\/b0c9e7b1ead7725994d1e319e8825234","name":"Direcci\u00f3n de Comunicaci\u00f3n","image":{"@type":"ImageObject","inLanguage":"es","@id":"https:\/\/prefecturadeesmeraldas.gob.ec\/#\/schema\/person\/image\/","url":"https:\/\/secure.gravatar.com\/avatar\/74a3870a946f5d774ade3569af61a72308e07ad3346f370c4b468ee2a9858658?s=96&d=mm&r=g","contentUrl":"https:\/\/secure.gravatar.com\/avatar\/74a3870a946f5d774ade3569af61a72308e07ad3346f370c4b468ee2a9858658?s=96&d=mm&r=g","caption":"Direcci\u00f3n de Comunicaci\u00f3n"}}]}},"_links":{"self":[{"href":"https:\/\/prefecturadeesmeraldas.gob.ec\/index.php\/wp-json\/wp\/v2\/posts\/27238","targetHints":{"allow":["GET"]}}],"collection":[{"href":"https:\/\/prefecturadeesmeraldas.gob.ec\/index.php\/wp-json\/wp\/v2\/posts"}],"about":[{"href":"https:\/\/prefecturadeesmeraldas.gob.ec\/index.php\/wp-json\/wp\/v2\/types\/post"}],"author":[{"embeddable":true,"href":"https:\/\/prefecturadeesmeraldas.gob.ec\/index.php\/wp-json\/wp\/v2\/users\/2"}],"replies":[{"embeddable":true,"href":"https:\/\/prefecturadeesmeraldas.gob.ec\/index.php\/wp-json\/wp\/v2\/comments?post=27238"}],"version-history":[{"count":4,"href":"https:\/\/prefecturadeesmeraldas.gob.ec\/index.php\/wp-json\/wp\/v2\/posts\/27238\/revisions"}],"predecessor-version":[{"id":27243,"href":"https:\/\/prefecturadeesmeraldas.gob.ec\/index.php\/wp-json\/wp\/v2\/posts\/27238\/revisions\/27243"}],"wp:featuredmedia":[{"embeddable":true,"href":"https:\/\/prefecturadeesmeraldas.gob.ec\/index.php\/wp-json\/wp\/v2\/media\/27240"}],"wp:attachment":[{"href":"https:\/\/prefecturadeesmeraldas.gob.ec\/index.php\/wp-json\/wp\/v2\/media?parent=27238"}],"wp:term":[{"taxonomy":"category","embeddable":true,"href":"https:\/\/prefecturadeesmeraldas.gob.ec\/index.php\/wp-json\/wp\/v2\/categories?post=27238"},{"taxonomy":"post_tag","embeddable":true,"href":"https:\/\/prefecturadeesmeraldas.gob.ec\/index.php\/wp-json\/wp\/v2\/tags?post=27238"}],"curies":[{"name":"wp","href":"https:\/\/api.w.org\/{rel}","templated":true}]}}