{"id":27073,"date":"2024-08-08T10:47:20","date_gmt":"2024-08-08T15:47:20","guid":{"rendered":"https:\/\/prefecturadeesmeraldas.gob.ec\/?p=27073"},"modified":"2024-08-08T10:52:15","modified_gmt":"2024-08-08T15:52:15","slug":"vuelve-la-fiesta-gastronomica-a-galera-con-la-realizacion-del-primer-festival-de-la-langosta","status":"publish","type":"post","link":"https:\/\/prefecturadeesmeraldas.gob.ec\/index.php\/2024\/08\/08\/vuelve-la-fiesta-gastronomica-a-galera-con-la-realizacion-del-primer-festival-de-la-langosta\/","title":{"rendered":"Vuelve la fiesta gastron\u00f3mica a Galera con la realizaci\u00f3n del primer festival de la Langosta."},"content":{"rendered":"\t\t<div data-elementor-type=\"wp-post\" data-elementor-id=\"27073\" class=\"elementor elementor-27073\">\n\t\t\t\t<div class=\"elementor-element elementor-element-5f2b60f e-flex e-con-boxed e-con e-parent\" data-id=\"5f2b60f\" data-element_type=\"container\">\n\t\t\t\t\t<div class=\"e-con-inner\">\n\t\t\t\t<div class=\"elementor-element elementor-element-763a934 elementor-widget elementor-widget-image\" data-id=\"763a934\" data-element_type=\"widget\" data-widget_type=\"image.default\">\n\t\t\t\t<div class=\"elementor-widget-container\">\n\t\t\t\t\t\t\t\t\t\t\t\t\t\t\t<img fetchpriority=\"high\" decoding=\"async\" width=\"1926\" height=\"2560\" src=\"https:\/\/prefecturadeesmeraldas.gob.ec\/wp-content\/uploads\/2024\/08\/WhatsApp-Image-2024-08-08-at-10.49.11-scaled.jpeg\" class=\"attachment-large size-large wp-image-27075\" alt=\"\" srcset=\"https:\/\/prefecturadeesmeraldas.gob.ec\/wp-content\/uploads\/2024\/08\/WhatsApp-Image-2024-08-08-at-10.49.11-scaled.jpeg 1926w, https:\/\/prefecturadeesmeraldas.gob.ec\/wp-content\/uploads\/2024\/08\/WhatsApp-Image-2024-08-08-at-10.49.11-226x300.jpeg 226w, https:\/\/prefecturadeesmeraldas.gob.ec\/wp-content\/uploads\/2024\/08\/WhatsApp-Image-2024-08-08-at-10.49.11-768x1021.jpeg 768w, https:\/\/prefecturadeesmeraldas.gob.ec\/wp-content\/uploads\/2024\/08\/WhatsApp-Image-2024-08-08-at-10.49.11-1156x1536.jpeg 1156w, https:\/\/prefecturadeesmeraldas.gob.ec\/wp-content\/uploads\/2024\/08\/WhatsApp-Image-2024-08-08-at-10.49.11-1541x2048.jpeg 1541w\" sizes=\"(max-width: 1926px) 100vw, 1926px\" \/>\t\t\t\t\t\t\t\t\t\t\t\t\t\t\t<\/div>\n\t\t\t\t<\/div>\n\t\t\t\t\t<\/div>\n\t\t\t\t<\/div>\n\t\t<div class=\"elementor-element elementor-element-8a2406e e-flex e-con-boxed e-con e-parent\" data-id=\"8a2406e\" data-element_type=\"container\">\n\t\t\t\t\t<div class=\"e-con-inner\">\n\t\t\t\t<div class=\"elementor-element elementor-element-f95b0eb elementor-widget elementor-widget-text-editor\" data-id=\"f95b0eb\" data-element_type=\"widget\" data-widget_type=\"text-editor.default\">\n\t\t\t\t<div class=\"elementor-widget-container\">\n\t\t\t\t\t\t\t\t\t<p>Este <strong>domingo 11 de agosto<\/strong>, la parroquia Galera del cant\u00f3n Muisne ser\u00e1 el epicentro de la Tercera Edici\u00f3n de la Feria Gastron\u00f3mica &#8220;<strong>Yo Soy Esmeraldas<\/strong>&#8221; y el Primer Festival de la Langosta, un evento organizado por la Prefectura de Esmeraldas a trav\u00e9s de su Gesti\u00f3n de Fomento y Desarrollo Productivo.<\/p><p>Carlos Valencia, t\u00e9cnico de Fomento y Desarrollo Productivo de la Prefectura de Esmeraldas, ha compartido que este emocionante Festival Gastron\u00f3mico contar\u00e1 con la participaci\u00f3n de emprendedores de todas las Juntas Parroquiales del cant\u00f3n Muisne y de nativos de Galera, incluyendo a las integrantes del Grupo de Mujeres Guerreras de Galera.<\/p><p>El evento tiene como objetivo principal fortalecer la reactivaci\u00f3n econ\u00f3mica de la parroquia Galera y del cant\u00f3n Muisne, promoviendo sus productos y el arte culinario local, as\u00ed como incentivar el turismo en la regi\u00f3n. En particular, se busca destacar y posicionar el Festival de la Langosta, con la intenci\u00f3n de convertirlo en una celebraci\u00f3n anual que atraiga a visitantes y realce la riqueza gastron\u00f3mica local.<\/p><p>Este a\u00f1o, la celebraci\u00f3n ser\u00e1 a\u00fan m\u00e1s especial gracias al reciente mejoramiento de las calles y el <strong>Malec\u00f3n de Galera<\/strong>, realizado en un convenio entre la Prefectura de Esmeraldas, el Municipio de Muisne y la Junta Parroquial, que ha transformado el balneario en un atractivo a\u00fan mayor para residentes y turistas por igual.<\/p><p>Los habitantes de Galera y los visitantes est\u00e1n invitados a disfrutar de una jornada llena de sabores, cultura y alegr\u00eda. \u00a1No te pierdas esta oportunidad de celebrar la riqueza de Esmeraldas y apoyar a los emprendedores locales! <\/p>\t\t\t\t\t\t\t\t<\/div>\n\t\t\t\t<\/div>\n\t\t\t\t\t<\/div>\n\t\t\t\t<\/div>\n\t\t\t\t<\/div>\n\t\t","protected":false},"excerpt":{"rendered":"<p>Este domingo 11 de agosto, la parroquia Galera del cant\u00f3n Muisne ser\u00e1 el epicentro de la Tercera Edici\u00f3n de la Feria Gastron\u00f3mica &#8220;Yo Soy Esmeraldas&#8221; y el Primer Festival de la Langosta, un evento organizado por la Prefectura de Esmeraldas a trav\u00e9s de su Gesti\u00f3n de Fomento y Desarrollo Productivo. Carlos Valencia, t\u00e9cnico de Fomento [&hellip;]<\/p>\n","protected":false},"author":2,"featured_media":27079,"comment_status":"closed","ping_status":"open","sticky":false,"template":"","format":"standard","meta":{"footnotes":""},"categories":[18],"tags":[],"class_list":["post-27073","post","type-post","status-publish","format-standard","has-post-thumbnail","hentry","category-turismo"],"yoast_head":"<!-- This site is optimized with the Yoast SEO plugin v25.7 - https:\/\/yoast.com\/wordpress\/plugins\/seo\/ -->\n<title>Vuelve la fiesta gastron\u00f3mica a Galera con la realizaci\u00f3n del primer festival de la Langosta. - Gobierno Aut\u00f3nomo Descentralizado de la Provincia de Esmeraldas<\/title>\n<meta name=\"robots\" content=\"index, follow, max-snippet:-1, max-image-preview:large, max-video-preview:-1\" \/>\n<link rel=\"canonical\" href=\"https:\/\/prefecturadeesmeraldas.gob.ec\/index.php\/2024\/08\/08\/vuelve-la-fiesta-gastronomica-a-galera-con-la-realizacion-del-primer-festival-de-la-langosta\/\" \/>\n<meta property=\"og:locale\" content=\"es_ES\" \/>\n<meta property=\"og:type\" content=\"article\" \/>\n<meta property=\"og:title\" content=\"Vuelve la fiesta gastron\u00f3mica a Galera con la realizaci\u00f3n del primer festival de la Langosta. - Gobierno Aut\u00f3nomo Descentralizado de la Provincia de Esmeraldas\" \/>\n<meta property=\"og:description\" content=\"Este domingo 11 de agosto, la parroquia Galera del cant\u00f3n Muisne ser\u00e1 el epicentro de la Tercera Edici\u00f3n de la Feria Gastron\u00f3mica &#8220;Yo Soy Esmeraldas&#8221; y el Primer Festival de la Langosta, un evento organizado por la Prefectura de Esmeraldas a trav\u00e9s de su Gesti\u00f3n de Fomento y Desarrollo Productivo. Carlos Valencia, t\u00e9cnico de Fomento [&hellip;]\" \/>\n<meta property=\"og:url\" content=\"https:\/\/prefecturadeesmeraldas.gob.ec\/index.php\/2024\/08\/08\/vuelve-la-fiesta-gastronomica-a-galera-con-la-realizacion-del-primer-festival-de-la-langosta\/\" \/>\n<meta property=\"og:site_name\" content=\"Gobierno Aut\u00f3nomo Descentralizado de la Provincia de Esmeraldas\" \/>\n<meta property=\"article:publisher\" content=\"https:\/\/www.facebook.com\/PrefecturaEsmeraldas\/\" \/>\n<meta property=\"article:published_time\" content=\"2024-08-08T15:47:20+00:00\" \/>\n<meta property=\"article:modified_time\" content=\"2024-08-08T15:52:15+00:00\" \/>\n<meta property=\"og:image\" content=\"https:\/\/prefecturadeesmeraldas.gob.ec\/wp-content\/uploads\/2024\/08\/LANGOSTA.jpeg\" \/>\n\t<meta property=\"og:image:width\" content=\"1280\" \/>\n\t<meta property=\"og:image:height\" content=\"850\" \/>\n\t<meta property=\"og:image:type\" content=\"image\/jpeg\" \/>\n<meta name=\"author\" content=\"Direcci\u00f3n de Comunicaci\u00f3n\" \/>\n<meta name=\"twitter:card\" content=\"summary_large_image\" \/>\n<meta name=\"twitter:label1\" content=\"Escrito por\" \/>\n\t<meta name=\"twitter:data1\" content=\"Direcci\u00f3n de Comunicaci\u00f3n\" \/>\n\t<meta name=\"twitter:label2\" content=\"Tiempo de lectura\" \/>\n\t<meta name=\"twitter:data2\" content=\"2 minutos\" \/>\n<script type=\"application\/ld+json\" class=\"yoast-schema-graph\">{\"@context\":\"https:\/\/schema.org\",\"@graph\":[{\"@type\":\"Article\",\"@id\":\"https:\/\/prefecturadeesmeraldas.gob.ec\/index.php\/2024\/08\/08\/vuelve-la-fiesta-gastronomica-a-galera-con-la-realizacion-del-primer-festival-de-la-langosta\/#article\",\"isPartOf\":{\"@id\":\"https:\/\/prefecturadeesmeraldas.gob.ec\/index.php\/2024\/08\/08\/vuelve-la-fiesta-gastronomica-a-galera-con-la-realizacion-del-primer-festival-de-la-langosta\/\"},\"author\":{\"name\":\"Direcci\u00f3n de Comunicaci\u00f3n\",\"@id\":\"https:\/\/prefecturadeesmeraldas.gob.ec\/#\/schema\/person\/b0c9e7b1ead7725994d1e319e8825234\"},\"headline\":\"Vuelve la fiesta gastron\u00f3mica a Galera con la realizaci\u00f3n del primer festival de la Langosta.\",\"datePublished\":\"2024-08-08T15:47:20+00:00\",\"dateModified\":\"2024-08-08T15:52:15+00:00\",\"mainEntityOfPage\":{\"@id\":\"https:\/\/prefecturadeesmeraldas.gob.ec\/index.php\/2024\/08\/08\/vuelve-la-fiesta-gastronomica-a-galera-con-la-realizacion-del-primer-festival-de-la-langosta\/\"},\"wordCount\":295,\"publisher\":{\"@id\":\"https:\/\/prefecturadeesmeraldas.gob.ec\/#organization\"},\"image\":{\"@id\":\"https:\/\/prefecturadeesmeraldas.gob.ec\/index.php\/2024\/08\/08\/vuelve-la-fiesta-gastronomica-a-galera-con-la-realizacion-del-primer-festival-de-la-langosta\/#primaryimage\"},\"thumbnailUrl\":\"https:\/\/prefecturadeesmeraldas.gob.ec\/wp-content\/uploads\/2024\/08\/LANGOSTA.jpeg\",\"articleSection\":[\"Turismo\"],\"inLanguage\":\"es\"},{\"@type\":\"WebPage\",\"@id\":\"https:\/\/prefecturadeesmeraldas.gob.ec\/index.php\/2024\/08\/08\/vuelve-la-fiesta-gastronomica-a-galera-con-la-realizacion-del-primer-festival-de-la-langosta\/\",\"url\":\"https:\/\/prefecturadeesmeraldas.gob.ec\/index.php\/2024\/08\/08\/vuelve-la-fiesta-gastronomica-a-galera-con-la-realizacion-del-primer-festival-de-la-langosta\/\",\"name\":\"Vuelve la fiesta gastron\u00f3mica a Galera con la realizaci\u00f3n del primer festival de la Langosta. - Gobierno Aut\u00f3nomo Descentralizado de la Provincia de Esmeraldas\",\"isPartOf\":{\"@id\":\"https:\/\/prefecturadeesmeraldas.gob.ec\/#website\"},\"primaryImageOfPage\":{\"@id\":\"https:\/\/prefecturadeesmeraldas.gob.ec\/index.php\/2024\/08\/08\/vuelve-la-fiesta-gastronomica-a-galera-con-la-realizacion-del-primer-festival-de-la-langosta\/#primaryimage\"},\"image\":{\"@id\":\"https:\/\/prefecturadeesmeraldas.gob.ec\/index.php\/2024\/08\/08\/vuelve-la-fiesta-gastronomica-a-galera-con-la-realizacion-del-primer-festival-de-la-langosta\/#primaryimage\"},\"thumbnailUrl\":\"https:\/\/prefecturadeesmeraldas.gob.ec\/wp-content\/uploads\/2024\/08\/LANGOSTA.jpeg\",\"datePublished\":\"2024-08-08T15:47:20+00:00\",\"dateModified\":\"2024-08-08T15:52:15+00:00\",\"breadcrumb\":{\"@id\":\"https:\/\/prefecturadeesmeraldas.gob.ec\/index.php\/2024\/08\/08\/vuelve-la-fiesta-gastronomica-a-galera-con-la-realizacion-del-primer-festival-de-la-langosta\/#breadcrumb\"},\"inLanguage\":\"es\",\"potentialAction\":[{\"@type\":\"ReadAction\",\"target\":[\"https:\/\/prefecturadeesmeraldas.gob.ec\/index.php\/2024\/08\/08\/vuelve-la-fiesta-gastronomica-a-galera-con-la-realizacion-del-primer-festival-de-la-langosta\/\"]}]},{\"@type\":\"ImageObject\",\"inLanguage\":\"es\",\"@id\":\"https:\/\/prefecturadeesmeraldas.gob.ec\/index.php\/2024\/08\/08\/vuelve-la-fiesta-gastronomica-a-galera-con-la-realizacion-del-primer-festival-de-la-langosta\/#primaryimage\",\"url\":\"https:\/\/prefecturadeesmeraldas.gob.ec\/wp-content\/uploads\/2024\/08\/LANGOSTA.jpeg\",\"contentUrl\":\"https:\/\/prefecturadeesmeraldas.gob.ec\/wp-content\/uploads\/2024\/08\/LANGOSTA.jpeg\",\"width\":1280,\"height\":850},{\"@type\":\"BreadcrumbList\",\"@id\":\"https:\/\/prefecturadeesmeraldas.gob.ec\/index.php\/2024\/08\/08\/vuelve-la-fiesta-gastronomica-a-galera-con-la-realizacion-del-primer-festival-de-la-langosta\/#breadcrumb\",\"itemListElement\":[{\"@type\":\"ListItem\",\"position\":1,\"name\":\"Home\",\"item\":\"https:\/\/prefecturadeesmeraldas.gob.ec\/\"},{\"@type\":\"ListItem\",\"position\":2,\"name\":\"Vuelve la fiesta gastron\u00f3mica a Galera con la realizaci\u00f3n del primer festival de la Langosta.\"}]},{\"@type\":\"WebSite\",\"@id\":\"https:\/\/prefecturadeesmeraldas.gob.ec\/#website\",\"url\":\"https:\/\/prefecturadeesmeraldas.gob.ec\/\",\"name\":\"Gobierno Aut\u00f3nomo Descentralizado de la Provincia de Esmeraldas\",\"description\":\"Gobierno Aut\u00f3nomo Descentralizado de la Provincia de Esmeraldas\",\"publisher\":{\"@id\":\"https:\/\/prefecturadeesmeraldas.gob.ec\/#organization\"},\"potentialAction\":[{\"@type\":\"SearchAction\",\"target\":{\"@type\":\"EntryPoint\",\"urlTemplate\":\"https:\/\/prefecturadeesmeraldas.gob.ec\/?s={search_term_string}\"},\"query-input\":{\"@type\":\"PropertyValueSpecification\",\"valueRequired\":true,\"valueName\":\"search_term_string\"}}],\"inLanguage\":\"es\"},{\"@type\":\"Organization\",\"@id\":\"https:\/\/prefecturadeesmeraldas.gob.ec\/#organization\",\"name\":\"Gobierno Aut\u00f3nomo Descentralizado de la Provincia de Esmeraldas\",\"url\":\"https:\/\/prefecturadeesmeraldas.gob.ec\/\",\"logo\":{\"@type\":\"ImageObject\",\"inLanguage\":\"es\",\"@id\":\"https:\/\/prefecturadeesmeraldas.gob.ec\/#\/schema\/logo\/image\/\",\"url\":\"https:\/\/prefecturadeesmeraldas.gob.ec\/wp-content\/uploads\/2019\/06\/logo.png\",\"contentUrl\":\"https:\/\/prefecturadeesmeraldas.gob.ec\/wp-content\/uploads\/2019\/06\/logo.png\",\"width\":859,\"height\":448,\"caption\":\"Gobierno Aut\u00f3nomo Descentralizado de la Provincia de Esmeraldas\"},\"image\":{\"@id\":\"https:\/\/prefecturadeesmeraldas.gob.ec\/#\/schema\/logo\/image\/\"},\"sameAs\":[\"https:\/\/www.facebook.com\/PrefecturaEsmeraldas\/\"]},{\"@type\":\"Person\",\"@id\":\"https:\/\/prefecturadeesmeraldas.gob.ec\/#\/schema\/person\/b0c9e7b1ead7725994d1e319e8825234\",\"name\":\"Direcci\u00f3n de Comunicaci\u00f3n\",\"image\":{\"@type\":\"ImageObject\",\"inLanguage\":\"es\",\"@id\":\"https:\/\/prefecturadeesmeraldas.gob.ec\/#\/schema\/person\/image\/\",\"url\":\"https:\/\/secure.gravatar.com\/avatar\/74a3870a946f5d774ade3569af61a72308e07ad3346f370c4b468ee2a9858658?s=96&d=mm&r=g\",\"contentUrl\":\"https:\/\/secure.gravatar.com\/avatar\/74a3870a946f5d774ade3569af61a72308e07ad3346f370c4b468ee2a9858658?s=96&d=mm&r=g\",\"caption\":\"Direcci\u00f3n de Comunicaci\u00f3n\"}}]}<\/script>\n<!-- \/ Yoast SEO plugin. -->","yoast_head_json":{"title":"Vuelve la fiesta gastron\u00f3mica a Galera con la realizaci\u00f3n del primer festival de la Langosta. - Gobierno Aut\u00f3nomo Descentralizado de la Provincia de Esmeraldas","robots":{"index":"index","follow":"follow","max-snippet":"max-snippet:-1","max-image-preview":"max-image-preview:large","max-video-preview":"max-video-preview:-1"},"canonical":"https:\/\/prefecturadeesmeraldas.gob.ec\/index.php\/2024\/08\/08\/vuelve-la-fiesta-gastronomica-a-galera-con-la-realizacion-del-primer-festival-de-la-langosta\/","og_locale":"es_ES","og_type":"article","og_title":"Vuelve la fiesta gastron\u00f3mica a Galera con la realizaci\u00f3n del primer festival de la Langosta. - Gobierno Aut\u00f3nomo Descentralizado de la Provincia de Esmeraldas","og_description":"Este domingo 11 de agosto, la parroquia Galera del cant\u00f3n Muisne ser\u00e1 el epicentro de la Tercera Edici\u00f3n de la Feria Gastron\u00f3mica &#8220;Yo Soy Esmeraldas&#8221; y el Primer Festival de la Langosta, un evento organizado por la Prefectura de Esmeraldas a trav\u00e9s de su Gesti\u00f3n de Fomento y Desarrollo Productivo. Carlos Valencia, t\u00e9cnico de Fomento [&hellip;]","og_url":"https:\/\/prefecturadeesmeraldas.gob.ec\/index.php\/2024\/08\/08\/vuelve-la-fiesta-gastronomica-a-galera-con-la-realizacion-del-primer-festival-de-la-langosta\/","og_site_name":"Gobierno Aut\u00f3nomo Descentralizado de la Provincia de Esmeraldas","article_publisher":"https:\/\/www.facebook.com\/PrefecturaEsmeraldas\/","article_published_time":"2024-08-08T15:47:20+00:00","article_modified_time":"2024-08-08T15:52:15+00:00","og_image":[{"width":1280,"height":850,"url":"https:\/\/prefecturadeesmeraldas.gob.ec\/wp-content\/uploads\/2024\/08\/LANGOSTA.jpeg","type":"image\/jpeg"}],"author":"Direcci\u00f3n de Comunicaci\u00f3n","twitter_card":"summary_large_image","twitter_misc":{"Escrito por":"Direcci\u00f3n de Comunicaci\u00f3n","Tiempo de lectura":"2 minutos"},"schema":{"@context":"https:\/\/schema.org","@graph":[{"@type":"Article","@id":"https:\/\/prefecturadeesmeraldas.gob.ec\/index.php\/2024\/08\/08\/vuelve-la-fiesta-gastronomica-a-galera-con-la-realizacion-del-primer-festival-de-la-langosta\/#article","isPartOf":{"@id":"https:\/\/prefecturadeesmeraldas.gob.ec\/index.php\/2024\/08\/08\/vuelve-la-fiesta-gastronomica-a-galera-con-la-realizacion-del-primer-festival-de-la-langosta\/"},"author":{"name":"Direcci\u00f3n de Comunicaci\u00f3n","@id":"https:\/\/prefecturadeesmeraldas.gob.ec\/#\/schema\/person\/b0c9e7b1ead7725994d1e319e8825234"},"headline":"Vuelve la fiesta gastron\u00f3mica a Galera con la realizaci\u00f3n del primer festival de la Langosta.","datePublished":"2024-08-08T15:47:20+00:00","dateModified":"2024-08-08T15:52:15+00:00","mainEntityOfPage":{"@id":"https:\/\/prefecturadeesmeraldas.gob.ec\/index.php\/2024\/08\/08\/vuelve-la-fiesta-gastronomica-a-galera-con-la-realizacion-del-primer-festival-de-la-langosta\/"},"wordCount":295,"publisher":{"@id":"https:\/\/prefecturadeesmeraldas.gob.ec\/#organization"},"image":{"@id":"https:\/\/prefecturadeesmeraldas.gob.ec\/index.php\/2024\/08\/08\/vuelve-la-fiesta-gastronomica-a-galera-con-la-realizacion-del-primer-festival-de-la-langosta\/#primaryimage"},"thumbnailUrl":"https:\/\/prefecturadeesmeraldas.gob.ec\/wp-content\/uploads\/2024\/08\/LANGOSTA.jpeg","articleSection":["Turismo"],"inLanguage":"es"},{"@type":"WebPage","@id":"https:\/\/prefecturadeesmeraldas.gob.ec\/index.php\/2024\/08\/08\/vuelve-la-fiesta-gastronomica-a-galera-con-la-realizacion-del-primer-festival-de-la-langosta\/","url":"https:\/\/prefecturadeesmeraldas.gob.ec\/index.php\/2024\/08\/08\/vuelve-la-fiesta-gastronomica-a-galera-con-la-realizacion-del-primer-festival-de-la-langosta\/","name":"Vuelve la fiesta gastron\u00f3mica a Galera con la realizaci\u00f3n del primer festival de la Langosta. - Gobierno Aut\u00f3nomo Descentralizado de la Provincia de Esmeraldas","isPartOf":{"@id":"https:\/\/prefecturadeesmeraldas.gob.ec\/#website"},"primaryImageOfPage":{"@id":"https:\/\/prefecturadeesmeraldas.gob.ec\/index.php\/2024\/08\/08\/vuelve-la-fiesta-gastronomica-a-galera-con-la-realizacion-del-primer-festival-de-la-langosta\/#primaryimage"},"image":{"@id":"https:\/\/prefecturadeesmeraldas.gob.ec\/index.php\/2024\/08\/08\/vuelve-la-fiesta-gastronomica-a-galera-con-la-realizacion-del-primer-festival-de-la-langosta\/#primaryimage"},"thumbnailUrl":"https:\/\/prefecturadeesmeraldas.gob.ec\/wp-content\/uploads\/2024\/08\/LANGOSTA.jpeg","datePublished":"2024-08-08T15:47:20+00:00","dateModified":"2024-08-08T15:52:15+00:00","breadcrumb":{"@id":"https:\/\/prefecturadeesmeraldas.gob.ec\/index.php\/2024\/08\/08\/vuelve-la-fiesta-gastronomica-a-galera-con-la-realizacion-del-primer-festival-de-la-langosta\/#breadcrumb"},"inLanguage":"es","potentialAction":[{"@type":"ReadAction","target":["https:\/\/prefecturadeesmeraldas.gob.ec\/index.php\/2024\/08\/08\/vuelve-la-fiesta-gastronomica-a-galera-con-la-realizacion-del-primer-festival-de-la-langosta\/"]}]},{"@type":"ImageObject","inLanguage":"es","@id":"https:\/\/prefecturadeesmeraldas.gob.ec\/index.php\/2024\/08\/08\/vuelve-la-fiesta-gastronomica-a-galera-con-la-realizacion-del-primer-festival-de-la-langosta\/#primaryimage","url":"https:\/\/prefecturadeesmeraldas.gob.ec\/wp-content\/uploads\/2024\/08\/LANGOSTA.jpeg","contentUrl":"https:\/\/prefecturadeesmeraldas.gob.ec\/wp-content\/uploads\/2024\/08\/LANGOSTA.jpeg","width":1280,"height":850},{"@type":"BreadcrumbList","@id":"https:\/\/prefecturadeesmeraldas.gob.ec\/index.php\/2024\/08\/08\/vuelve-la-fiesta-gastronomica-a-galera-con-la-realizacion-del-primer-festival-de-la-langosta\/#breadcrumb","itemListElement":[{"@type":"ListItem","position":1,"name":"Home","item":"https:\/\/prefecturadeesmeraldas.gob.ec\/"},{"@type":"ListItem","position":2,"name":"Vuelve la fiesta gastron\u00f3mica a Galera con la realizaci\u00f3n del primer festival de la Langosta."}]},{"@type":"WebSite","@id":"https:\/\/prefecturadeesmeraldas.gob.ec\/#website","url":"https:\/\/prefecturadeesmeraldas.gob.ec\/","name":"Gobierno Aut\u00f3nomo Descentralizado de la Provincia de Esmeraldas","description":"Gobierno Aut\u00f3nomo Descentralizado de la Provincia de Esmeraldas","publisher":{"@id":"https:\/\/prefecturadeesmeraldas.gob.ec\/#organization"},"potentialAction":[{"@type":"SearchAction","target":{"@type":"EntryPoint","urlTemplate":"https:\/\/prefecturadeesmeraldas.gob.ec\/?s={search_term_string}"},"query-input":{"@type":"PropertyValueSpecification","valueRequired":true,"valueName":"search_term_string"}}],"inLanguage":"es"},{"@type":"Organization","@id":"https:\/\/prefecturadeesmeraldas.gob.ec\/#organization","name":"Gobierno Aut\u00f3nomo Descentralizado de la Provincia de Esmeraldas","url":"https:\/\/prefecturadeesmeraldas.gob.ec\/","logo":{"@type":"ImageObject","inLanguage":"es","@id":"https:\/\/prefecturadeesmeraldas.gob.ec\/#\/schema\/logo\/image\/","url":"https:\/\/prefecturadeesmeraldas.gob.ec\/wp-content\/uploads\/2019\/06\/logo.png","contentUrl":"https:\/\/prefecturadeesmeraldas.gob.ec\/wp-content\/uploads\/2019\/06\/logo.png","width":859,"height":448,"caption":"Gobierno Aut\u00f3nomo Descentralizado de la Provincia de Esmeraldas"},"image":{"@id":"https:\/\/prefecturadeesmeraldas.gob.ec\/#\/schema\/logo\/image\/"},"sameAs":["https:\/\/www.facebook.com\/PrefecturaEsmeraldas\/"]},{"@type":"Person","@id":"https:\/\/prefecturadeesmeraldas.gob.ec\/#\/schema\/person\/b0c9e7b1ead7725994d1e319e8825234","name":"Direcci\u00f3n de Comunicaci\u00f3n","image":{"@type":"ImageObject","inLanguage":"es","@id":"https:\/\/prefecturadeesmeraldas.gob.ec\/#\/schema\/person\/image\/","url":"https:\/\/secure.gravatar.com\/avatar\/74a3870a946f5d774ade3569af61a72308e07ad3346f370c4b468ee2a9858658?s=96&d=mm&r=g","contentUrl":"https:\/\/secure.gravatar.com\/avatar\/74a3870a946f5d774ade3569af61a72308e07ad3346f370c4b468ee2a9858658?s=96&d=mm&r=g","caption":"Direcci\u00f3n de Comunicaci\u00f3n"}}]}},"_links":{"self":[{"href":"https:\/\/prefecturadeesmeraldas.gob.ec\/index.php\/wp-json\/wp\/v2\/posts\/27073","targetHints":{"allow":["GET"]}}],"collection":[{"href":"https:\/\/prefecturadeesmeraldas.gob.ec\/index.php\/wp-json\/wp\/v2\/posts"}],"about":[{"href":"https:\/\/prefecturadeesmeraldas.gob.ec\/index.php\/wp-json\/wp\/v2\/types\/post"}],"author":[{"embeddable":true,"href":"https:\/\/prefecturadeesmeraldas.gob.ec\/index.php\/wp-json\/wp\/v2\/users\/2"}],"replies":[{"embeddable":true,"href":"https:\/\/prefecturadeesmeraldas.gob.ec\/index.php\/wp-json\/wp\/v2\/comments?post=27073"}],"version-history":[{"count":4,"href":"https:\/\/prefecturadeesmeraldas.gob.ec\/index.php\/wp-json\/wp\/v2\/posts\/27073\/revisions"}],"predecessor-version":[{"id":27078,"href":"https:\/\/prefecturadeesmeraldas.gob.ec\/index.php\/wp-json\/wp\/v2\/posts\/27073\/revisions\/27078"}],"wp:featuredmedia":[{"embeddable":true,"href":"https:\/\/prefecturadeesmeraldas.gob.ec\/index.php\/wp-json\/wp\/v2\/media\/27079"}],"wp:attachment":[{"href":"https:\/\/prefecturadeesmeraldas.gob.ec\/index.php\/wp-json\/wp\/v2\/media?parent=27073"}],"wp:term":[{"taxonomy":"category","embeddable":true,"href":"https:\/\/prefecturadeesmeraldas.gob.ec\/index.php\/wp-json\/wp\/v2\/categories?post=27073"},{"taxonomy":"post_tag","embeddable":true,"href":"https:\/\/prefecturadeesmeraldas.gob.ec\/index.php\/wp-json\/wp\/v2\/tags?post=27073"}],"curies":[{"name":"wp","href":"https:\/\/api.w.org\/{rel}","templated":true}]}}