{"id":26949,"date":"2024-07-30T15:58:09","date_gmt":"2024-07-30T20:58:09","guid":{"rendered":"https:\/\/prefecturadeesmeraldas.gob.ec\/?p=26949"},"modified":"2024-07-30T15:59:42","modified_gmt":"2024-07-30T20:59:42","slug":"prefectura-de-esmeraldas-mejora-la-via-hebron-del-mache-el-porvenir-3-de-julio","status":"publish","type":"post","link":"https:\/\/prefecturadeesmeraldas.gob.ec\/index.php\/2024\/07\/30\/prefectura-de-esmeraldas-mejora-la-via-hebron-del-mache-el-porvenir-3-de-julio\/","title":{"rendered":"Prefectura de Esmeraldas mejora la v\u00eda Hebr\u00f3n del Mache \u2013 El Porvenir \u2013 3 de Julio."},"content":{"rendered":"\t\t<div data-elementor-type=\"wp-post\" data-elementor-id=\"26949\" class=\"elementor elementor-26949\">\n\t\t\t\t<div class=\"elementor-element elementor-element-c3b413b e-flex e-con-boxed e-con e-parent\" data-id=\"c3b413b\" data-element_type=\"container\">\n\t\t\t\t\t<div class=\"e-con-inner\">\n\t\t\t\t<div class=\"elementor-element elementor-element-918c4e9 elementor-widget elementor-widget-image\" data-id=\"918c4e9\" data-element_type=\"widget\" data-widget_type=\"image.default\">\n\t\t\t\t<div class=\"elementor-widget-container\">\n\t\t\t\t\t\t\t\t\t\t\t\t\t\t\t<img fetchpriority=\"high\" decoding=\"async\" width=\"891\" height=\"891\" src=\"https:\/\/prefecturadeesmeraldas.gob.ec\/wp-content\/uploads\/2024\/07\/111-18.jpg\" class=\"attachment-large size-large wp-image-26951\" alt=\"\" srcset=\"https:\/\/prefecturadeesmeraldas.gob.ec\/wp-content\/uploads\/2024\/07\/111-18.jpg 891w, https:\/\/prefecturadeesmeraldas.gob.ec\/wp-content\/uploads\/2024\/07\/111-18-300x300.jpg 300w, https:\/\/prefecturadeesmeraldas.gob.ec\/wp-content\/uploads\/2024\/07\/111-18-150x150.jpg 150w, https:\/\/prefecturadeesmeraldas.gob.ec\/wp-content\/uploads\/2024\/07\/111-18-768x768.jpg 768w, https:\/\/prefecturadeesmeraldas.gob.ec\/wp-content\/uploads\/2024\/07\/111-18-440x440.jpg 440w, https:\/\/prefecturadeesmeraldas.gob.ec\/wp-content\/uploads\/2024\/07\/111-18-180x180.jpg 180w, https:\/\/prefecturadeesmeraldas.gob.ec\/wp-content\/uploads\/2024\/07\/111-18-120x120.jpg 120w\" sizes=\"(max-width: 891px) 100vw, 891px\" \/>\t\t\t\t\t\t\t\t\t\t\t\t\t\t\t<\/div>\n\t\t\t\t<\/div>\n\t\t\t\t\t<\/div>\n\t\t\t\t<\/div>\n\t\t<div class=\"elementor-element elementor-element-1f2f88a e-flex e-con-boxed e-con e-parent\" data-id=\"1f2f88a\" data-element_type=\"container\">\n\t\t\t\t\t<div class=\"e-con-inner\">\n\t\t\t\t<div class=\"elementor-element elementor-element-0d270da elementor-widget elementor-widget-text-editor\" data-id=\"0d270da\" data-element_type=\"widget\" data-widget_type=\"text-editor.default\">\n\t\t\t\t<div class=\"elementor-widget-container\">\n\t\t\t\t\t\t\t\t\t<p>En un esfuerzo continuo por mejorar la conectividad en el sector rural, t\u00e9cnicos de la Prefectura de Esmeraldas realizaron trabajos de mantenimiento en los 6 kil\u00f3metros de la v\u00eda Hebr\u00f3n del Mache &#8211; El Porvenir &#8211; 3 de Julio, ubicada en la parroquia La Uni\u00f3n del cant\u00f3n Quinind\u00e9. Las labores incluyeron la limpieza de cunetas, salidas de agua, minado y transporte de material de lastre de r\u00edo en las partes cr\u00edticas, as\u00ed como la reconformaci\u00f3n de la subrasante.<\/p><p>Kevin V\u00e9liz, habitante del recinto 3 de Julio, destac\u00f3 la importancia de estos trabajos, asegurando que la v\u00eda se encontraba en p\u00e9simas condiciones y que, gracias a la Prefectura de Esmeraldas, ahora pueden sacar los productos cosechados en el sector para su comercializaci\u00f3n. &#8220;La v\u00eda estaba en muy mal estado, pero ahora podemos transportar nuestros productos con facilidad&#8221;, mencion\u00f3 V\u00e9liz.<\/p><p>Jos\u00e9 Zambrano, otro de los beneficiarios, expres\u00f3 su agradecimiento a la prefecta Roberta Zambrano, afirmando que, &#8220;el camino ha quedado lindo&#8221;, y que estos trabajos mejoran significativamente la calidad de vida de los habitantes.<\/p><p>Fernando Junco, profesor del recinto El Porvenir del Mache, indic\u00f3 que los residentes del sector se sienten felices por la reparaci\u00f3n del camino, una mejora largamente esperada por la comunidad. &#8220;Por fin se nos arregl\u00f3 el camino, algo que anhel\u00e1bamos desde hace mucho tiempo&#8221;, coment\u00f3 Junco.<\/p><p>Esthela Ch\u00e1vez, otra de las habitantes del lugar, elogi\u00f3 la calidad del trabajo realizado, resaltando que la v\u00eda estaba muy deteriorada antes de las mejoras. Daniela Quintana, tambi\u00e9n beneficiaria, expres\u00f3 su satisfacci\u00f3n con los trabajos realizados por la Prefectura de Esmeraldas, mencionando lo felices que est\u00e1n con la nueva condici\u00f3n de la v\u00eda. <\/p>\t\t\t\t\t\t\t\t<\/div>\n\t\t\t\t<\/div>\n\t\t\t\t\t<\/div>\n\t\t\t\t<\/div>\n\t\t\t\t<\/div>\n\t\t","protected":false},"excerpt":{"rendered":"<p>En un esfuerzo continuo por mejorar la conectividad en el sector rural, t\u00e9cnicos de la Prefectura de Esmeraldas realizaron trabajos de mantenimiento en los 6 kil\u00f3metros de la v\u00eda Hebr\u00f3n del Mache &#8211; El Porvenir &#8211; 3 de Julio, ubicada en la parroquia La Uni\u00f3n del cant\u00f3n Quinind\u00e9. Las labores incluyeron la limpieza de cunetas, [&hellip;]<\/p>\n","protected":false},"author":2,"featured_media":26951,"comment_status":"closed","ping_status":"open","sticky":false,"template":"","format":"standard","meta":{"footnotes":""},"categories":[14],"tags":[],"class_list":["post-26949","post","type-post","status-publish","format-standard","has-post-thumbnail","hentry","category-vialidad"],"yoast_head":"<!-- This site is optimized with the Yoast SEO plugin v25.7 - https:\/\/yoast.com\/wordpress\/plugins\/seo\/ -->\n<title>Prefectura de Esmeraldas mejora la v\u00eda Hebr\u00f3n del Mache \u2013 El Porvenir \u2013 3 de Julio. - Gobierno Aut\u00f3nomo Descentralizado de la Provincia de Esmeraldas<\/title>\n<meta name=\"robots\" content=\"index, follow, max-snippet:-1, max-image-preview:large, max-video-preview:-1\" \/>\n<link rel=\"canonical\" href=\"https:\/\/prefecturadeesmeraldas.gob.ec\/index.php\/2024\/07\/30\/prefectura-de-esmeraldas-mejora-la-via-hebron-del-mache-el-porvenir-3-de-julio\/\" \/>\n<meta property=\"og:locale\" content=\"es_ES\" \/>\n<meta property=\"og:type\" content=\"article\" \/>\n<meta property=\"og:title\" content=\"Prefectura de Esmeraldas mejora la v\u00eda Hebr\u00f3n del Mache \u2013 El Porvenir \u2013 3 de Julio. - Gobierno Aut\u00f3nomo Descentralizado de la Provincia de Esmeraldas\" \/>\n<meta property=\"og:description\" content=\"En un esfuerzo continuo por mejorar la conectividad en el sector rural, t\u00e9cnicos de la Prefectura de Esmeraldas realizaron trabajos de mantenimiento en los 6 kil\u00f3metros de la v\u00eda Hebr\u00f3n del Mache &#8211; El Porvenir &#8211; 3 de Julio, ubicada en la parroquia La Uni\u00f3n del cant\u00f3n Quinind\u00e9. Las labores incluyeron la limpieza de cunetas, [&hellip;]\" \/>\n<meta property=\"og:url\" content=\"https:\/\/prefecturadeesmeraldas.gob.ec\/index.php\/2024\/07\/30\/prefectura-de-esmeraldas-mejora-la-via-hebron-del-mache-el-porvenir-3-de-julio\/\" \/>\n<meta property=\"og:site_name\" content=\"Gobierno Aut\u00f3nomo Descentralizado de la Provincia de Esmeraldas\" \/>\n<meta property=\"article:publisher\" content=\"https:\/\/www.facebook.com\/PrefecturaEsmeraldas\/\" \/>\n<meta property=\"article:published_time\" content=\"2024-07-30T20:58:09+00:00\" \/>\n<meta property=\"article:modified_time\" content=\"2024-07-30T20:59:42+00:00\" \/>\n<meta property=\"og:image\" content=\"https:\/\/prefecturadeesmeraldas.gob.ec\/wp-content\/uploads\/2024\/07\/111-18.jpg\" \/>\n\t<meta property=\"og:image:width\" content=\"891\" \/>\n\t<meta property=\"og:image:height\" content=\"891\" \/>\n\t<meta property=\"og:image:type\" content=\"image\/jpeg\" \/>\n<meta name=\"author\" content=\"Direcci\u00f3n de Comunicaci\u00f3n\" \/>\n<meta name=\"twitter:card\" content=\"summary_large_image\" \/>\n<meta name=\"twitter:label1\" content=\"Escrito por\" \/>\n\t<meta name=\"twitter:data1\" content=\"Direcci\u00f3n de Comunicaci\u00f3n\" \/>\n\t<meta name=\"twitter:label2\" content=\"Tiempo de lectura\" \/>\n\t<meta name=\"twitter:data2\" content=\"2 minutos\" \/>\n<script type=\"application\/ld+json\" class=\"yoast-schema-graph\">{\"@context\":\"https:\/\/schema.org\",\"@graph\":[{\"@type\":\"Article\",\"@id\":\"https:\/\/prefecturadeesmeraldas.gob.ec\/index.php\/2024\/07\/30\/prefectura-de-esmeraldas-mejora-la-via-hebron-del-mache-el-porvenir-3-de-julio\/#article\",\"isPartOf\":{\"@id\":\"https:\/\/prefecturadeesmeraldas.gob.ec\/index.php\/2024\/07\/30\/prefectura-de-esmeraldas-mejora-la-via-hebron-del-mache-el-porvenir-3-de-julio\/\"},\"author\":{\"name\":\"Direcci\u00f3n de Comunicaci\u00f3n\",\"@id\":\"https:\/\/prefecturadeesmeraldas.gob.ec\/#\/schema\/person\/b0c9e7b1ead7725994d1e319e8825234\"},\"headline\":\"Prefectura de Esmeraldas mejora la v\u00eda Hebr\u00f3n del Mache \u2013 El Porvenir \u2013 3 de Julio.\",\"datePublished\":\"2024-07-30T20:58:09+00:00\",\"dateModified\":\"2024-07-30T20:59:42+00:00\",\"mainEntityOfPage\":{\"@id\":\"https:\/\/prefecturadeesmeraldas.gob.ec\/index.php\/2024\/07\/30\/prefectura-de-esmeraldas-mejora-la-via-hebron-del-mache-el-porvenir-3-de-julio\/\"},\"wordCount\":307,\"publisher\":{\"@id\":\"https:\/\/prefecturadeesmeraldas.gob.ec\/#organization\"},\"image\":{\"@id\":\"https:\/\/prefecturadeesmeraldas.gob.ec\/index.php\/2024\/07\/30\/prefectura-de-esmeraldas-mejora-la-via-hebron-del-mache-el-porvenir-3-de-julio\/#primaryimage\"},\"thumbnailUrl\":\"https:\/\/prefecturadeesmeraldas.gob.ec\/wp-content\/uploads\/2024\/07\/111-18.jpg\",\"articleSection\":[\"Vialidad\"],\"inLanguage\":\"es\"},{\"@type\":\"WebPage\",\"@id\":\"https:\/\/prefecturadeesmeraldas.gob.ec\/index.php\/2024\/07\/30\/prefectura-de-esmeraldas-mejora-la-via-hebron-del-mache-el-porvenir-3-de-julio\/\",\"url\":\"https:\/\/prefecturadeesmeraldas.gob.ec\/index.php\/2024\/07\/30\/prefectura-de-esmeraldas-mejora-la-via-hebron-del-mache-el-porvenir-3-de-julio\/\",\"name\":\"Prefectura de Esmeraldas mejora la v\u00eda Hebr\u00f3n del Mache \u2013 El Porvenir \u2013 3 de Julio. - Gobierno Aut\u00f3nomo Descentralizado de la Provincia de Esmeraldas\",\"isPartOf\":{\"@id\":\"https:\/\/prefecturadeesmeraldas.gob.ec\/#website\"},\"primaryImageOfPage\":{\"@id\":\"https:\/\/prefecturadeesmeraldas.gob.ec\/index.php\/2024\/07\/30\/prefectura-de-esmeraldas-mejora-la-via-hebron-del-mache-el-porvenir-3-de-julio\/#primaryimage\"},\"image\":{\"@id\":\"https:\/\/prefecturadeesmeraldas.gob.ec\/index.php\/2024\/07\/30\/prefectura-de-esmeraldas-mejora-la-via-hebron-del-mache-el-porvenir-3-de-julio\/#primaryimage\"},\"thumbnailUrl\":\"https:\/\/prefecturadeesmeraldas.gob.ec\/wp-content\/uploads\/2024\/07\/111-18.jpg\",\"datePublished\":\"2024-07-30T20:58:09+00:00\",\"dateModified\":\"2024-07-30T20:59:42+00:00\",\"breadcrumb\":{\"@id\":\"https:\/\/prefecturadeesmeraldas.gob.ec\/index.php\/2024\/07\/30\/prefectura-de-esmeraldas-mejora-la-via-hebron-del-mache-el-porvenir-3-de-julio\/#breadcrumb\"},\"inLanguage\":\"es\",\"potentialAction\":[{\"@type\":\"ReadAction\",\"target\":[\"https:\/\/prefecturadeesmeraldas.gob.ec\/index.php\/2024\/07\/30\/prefectura-de-esmeraldas-mejora-la-via-hebron-del-mache-el-porvenir-3-de-julio\/\"]}]},{\"@type\":\"ImageObject\",\"inLanguage\":\"es\",\"@id\":\"https:\/\/prefecturadeesmeraldas.gob.ec\/index.php\/2024\/07\/30\/prefectura-de-esmeraldas-mejora-la-via-hebron-del-mache-el-porvenir-3-de-julio\/#primaryimage\",\"url\":\"https:\/\/prefecturadeesmeraldas.gob.ec\/wp-content\/uploads\/2024\/07\/111-18.jpg\",\"contentUrl\":\"https:\/\/prefecturadeesmeraldas.gob.ec\/wp-content\/uploads\/2024\/07\/111-18.jpg\",\"width\":891,\"height\":891},{\"@type\":\"BreadcrumbList\",\"@id\":\"https:\/\/prefecturadeesmeraldas.gob.ec\/index.php\/2024\/07\/30\/prefectura-de-esmeraldas-mejora-la-via-hebron-del-mache-el-porvenir-3-de-julio\/#breadcrumb\",\"itemListElement\":[{\"@type\":\"ListItem\",\"position\":1,\"name\":\"Home\",\"item\":\"https:\/\/prefecturadeesmeraldas.gob.ec\/\"},{\"@type\":\"ListItem\",\"position\":2,\"name\":\"Prefectura de Esmeraldas mejora la v\u00eda Hebr\u00f3n del Mache \u2013 El Porvenir \u2013 3 de Julio.\"}]},{\"@type\":\"WebSite\",\"@id\":\"https:\/\/prefecturadeesmeraldas.gob.ec\/#website\",\"url\":\"https:\/\/prefecturadeesmeraldas.gob.ec\/\",\"name\":\"Gobierno Aut\u00f3nomo Descentralizado de la Provincia de Esmeraldas\",\"description\":\"Gobierno Aut\u00f3nomo Descentralizado de la Provincia de Esmeraldas\",\"publisher\":{\"@id\":\"https:\/\/prefecturadeesmeraldas.gob.ec\/#organization\"},\"potentialAction\":[{\"@type\":\"SearchAction\",\"target\":{\"@type\":\"EntryPoint\",\"urlTemplate\":\"https:\/\/prefecturadeesmeraldas.gob.ec\/?s={search_term_string}\"},\"query-input\":{\"@type\":\"PropertyValueSpecification\",\"valueRequired\":true,\"valueName\":\"search_term_string\"}}],\"inLanguage\":\"es\"},{\"@type\":\"Organization\",\"@id\":\"https:\/\/prefecturadeesmeraldas.gob.ec\/#organization\",\"name\":\"Gobierno Aut\u00f3nomo Descentralizado de la Provincia de Esmeraldas\",\"url\":\"https:\/\/prefecturadeesmeraldas.gob.ec\/\",\"logo\":{\"@type\":\"ImageObject\",\"inLanguage\":\"es\",\"@id\":\"https:\/\/prefecturadeesmeraldas.gob.ec\/#\/schema\/logo\/image\/\",\"url\":\"https:\/\/prefecturadeesmeraldas.gob.ec\/wp-content\/uploads\/2019\/06\/logo.png\",\"contentUrl\":\"https:\/\/prefecturadeesmeraldas.gob.ec\/wp-content\/uploads\/2019\/06\/logo.png\",\"width\":859,\"height\":448,\"caption\":\"Gobierno Aut\u00f3nomo Descentralizado de la Provincia de Esmeraldas\"},\"image\":{\"@id\":\"https:\/\/prefecturadeesmeraldas.gob.ec\/#\/schema\/logo\/image\/\"},\"sameAs\":[\"https:\/\/www.facebook.com\/PrefecturaEsmeraldas\/\"]},{\"@type\":\"Person\",\"@id\":\"https:\/\/prefecturadeesmeraldas.gob.ec\/#\/schema\/person\/b0c9e7b1ead7725994d1e319e8825234\",\"name\":\"Direcci\u00f3n de Comunicaci\u00f3n\",\"image\":{\"@type\":\"ImageObject\",\"inLanguage\":\"es\",\"@id\":\"https:\/\/prefecturadeesmeraldas.gob.ec\/#\/schema\/person\/image\/\",\"url\":\"https:\/\/secure.gravatar.com\/avatar\/74a3870a946f5d774ade3569af61a72308e07ad3346f370c4b468ee2a9858658?s=96&d=mm&r=g\",\"contentUrl\":\"https:\/\/secure.gravatar.com\/avatar\/74a3870a946f5d774ade3569af61a72308e07ad3346f370c4b468ee2a9858658?s=96&d=mm&r=g\",\"caption\":\"Direcci\u00f3n de Comunicaci\u00f3n\"}}]}<\/script>\n<!-- \/ Yoast SEO plugin. -->","yoast_head_json":{"title":"Prefectura de Esmeraldas mejora la v\u00eda Hebr\u00f3n del Mache \u2013 El Porvenir \u2013 3 de Julio. - Gobierno Aut\u00f3nomo Descentralizado de la Provincia de Esmeraldas","robots":{"index":"index","follow":"follow","max-snippet":"max-snippet:-1","max-image-preview":"max-image-preview:large","max-video-preview":"max-video-preview:-1"},"canonical":"https:\/\/prefecturadeesmeraldas.gob.ec\/index.php\/2024\/07\/30\/prefectura-de-esmeraldas-mejora-la-via-hebron-del-mache-el-porvenir-3-de-julio\/","og_locale":"es_ES","og_type":"article","og_title":"Prefectura de Esmeraldas mejora la v\u00eda Hebr\u00f3n del Mache \u2013 El Porvenir \u2013 3 de Julio. - Gobierno Aut\u00f3nomo Descentralizado de la Provincia de Esmeraldas","og_description":"En un esfuerzo continuo por mejorar la conectividad en el sector rural, t\u00e9cnicos de la Prefectura de Esmeraldas realizaron trabajos de mantenimiento en los 6 kil\u00f3metros de la v\u00eda Hebr\u00f3n del Mache &#8211; El Porvenir &#8211; 3 de Julio, ubicada en la parroquia La Uni\u00f3n del cant\u00f3n Quinind\u00e9. Las labores incluyeron la limpieza de cunetas, [&hellip;]","og_url":"https:\/\/prefecturadeesmeraldas.gob.ec\/index.php\/2024\/07\/30\/prefectura-de-esmeraldas-mejora-la-via-hebron-del-mache-el-porvenir-3-de-julio\/","og_site_name":"Gobierno Aut\u00f3nomo Descentralizado de la Provincia de Esmeraldas","article_publisher":"https:\/\/www.facebook.com\/PrefecturaEsmeraldas\/","article_published_time":"2024-07-30T20:58:09+00:00","article_modified_time":"2024-07-30T20:59:42+00:00","og_image":[{"width":891,"height":891,"url":"https:\/\/prefecturadeesmeraldas.gob.ec\/wp-content\/uploads\/2024\/07\/111-18.jpg","type":"image\/jpeg"}],"author":"Direcci\u00f3n de Comunicaci\u00f3n","twitter_card":"summary_large_image","twitter_misc":{"Escrito por":"Direcci\u00f3n de Comunicaci\u00f3n","Tiempo de lectura":"2 minutos"},"schema":{"@context":"https:\/\/schema.org","@graph":[{"@type":"Article","@id":"https:\/\/prefecturadeesmeraldas.gob.ec\/index.php\/2024\/07\/30\/prefectura-de-esmeraldas-mejora-la-via-hebron-del-mache-el-porvenir-3-de-julio\/#article","isPartOf":{"@id":"https:\/\/prefecturadeesmeraldas.gob.ec\/index.php\/2024\/07\/30\/prefectura-de-esmeraldas-mejora-la-via-hebron-del-mache-el-porvenir-3-de-julio\/"},"author":{"name":"Direcci\u00f3n de Comunicaci\u00f3n","@id":"https:\/\/prefecturadeesmeraldas.gob.ec\/#\/schema\/person\/b0c9e7b1ead7725994d1e319e8825234"},"headline":"Prefectura de Esmeraldas mejora la v\u00eda Hebr\u00f3n del Mache \u2013 El Porvenir \u2013 3 de Julio.","datePublished":"2024-07-30T20:58:09+00:00","dateModified":"2024-07-30T20:59:42+00:00","mainEntityOfPage":{"@id":"https:\/\/prefecturadeesmeraldas.gob.ec\/index.php\/2024\/07\/30\/prefectura-de-esmeraldas-mejora-la-via-hebron-del-mache-el-porvenir-3-de-julio\/"},"wordCount":307,"publisher":{"@id":"https:\/\/prefecturadeesmeraldas.gob.ec\/#organization"},"image":{"@id":"https:\/\/prefecturadeesmeraldas.gob.ec\/index.php\/2024\/07\/30\/prefectura-de-esmeraldas-mejora-la-via-hebron-del-mache-el-porvenir-3-de-julio\/#primaryimage"},"thumbnailUrl":"https:\/\/prefecturadeesmeraldas.gob.ec\/wp-content\/uploads\/2024\/07\/111-18.jpg","articleSection":["Vialidad"],"inLanguage":"es"},{"@type":"WebPage","@id":"https:\/\/prefecturadeesmeraldas.gob.ec\/index.php\/2024\/07\/30\/prefectura-de-esmeraldas-mejora-la-via-hebron-del-mache-el-porvenir-3-de-julio\/","url":"https:\/\/prefecturadeesmeraldas.gob.ec\/index.php\/2024\/07\/30\/prefectura-de-esmeraldas-mejora-la-via-hebron-del-mache-el-porvenir-3-de-julio\/","name":"Prefectura de Esmeraldas mejora la v\u00eda Hebr\u00f3n del Mache \u2013 El Porvenir \u2013 3 de Julio. - Gobierno Aut\u00f3nomo Descentralizado de la Provincia de Esmeraldas","isPartOf":{"@id":"https:\/\/prefecturadeesmeraldas.gob.ec\/#website"},"primaryImageOfPage":{"@id":"https:\/\/prefecturadeesmeraldas.gob.ec\/index.php\/2024\/07\/30\/prefectura-de-esmeraldas-mejora-la-via-hebron-del-mache-el-porvenir-3-de-julio\/#primaryimage"},"image":{"@id":"https:\/\/prefecturadeesmeraldas.gob.ec\/index.php\/2024\/07\/30\/prefectura-de-esmeraldas-mejora-la-via-hebron-del-mache-el-porvenir-3-de-julio\/#primaryimage"},"thumbnailUrl":"https:\/\/prefecturadeesmeraldas.gob.ec\/wp-content\/uploads\/2024\/07\/111-18.jpg","datePublished":"2024-07-30T20:58:09+00:00","dateModified":"2024-07-30T20:59:42+00:00","breadcrumb":{"@id":"https:\/\/prefecturadeesmeraldas.gob.ec\/index.php\/2024\/07\/30\/prefectura-de-esmeraldas-mejora-la-via-hebron-del-mache-el-porvenir-3-de-julio\/#breadcrumb"},"inLanguage":"es","potentialAction":[{"@type":"ReadAction","target":["https:\/\/prefecturadeesmeraldas.gob.ec\/index.php\/2024\/07\/30\/prefectura-de-esmeraldas-mejora-la-via-hebron-del-mache-el-porvenir-3-de-julio\/"]}]},{"@type":"ImageObject","inLanguage":"es","@id":"https:\/\/prefecturadeesmeraldas.gob.ec\/index.php\/2024\/07\/30\/prefectura-de-esmeraldas-mejora-la-via-hebron-del-mache-el-porvenir-3-de-julio\/#primaryimage","url":"https:\/\/prefecturadeesmeraldas.gob.ec\/wp-content\/uploads\/2024\/07\/111-18.jpg","contentUrl":"https:\/\/prefecturadeesmeraldas.gob.ec\/wp-content\/uploads\/2024\/07\/111-18.jpg","width":891,"height":891},{"@type":"BreadcrumbList","@id":"https:\/\/prefecturadeesmeraldas.gob.ec\/index.php\/2024\/07\/30\/prefectura-de-esmeraldas-mejora-la-via-hebron-del-mache-el-porvenir-3-de-julio\/#breadcrumb","itemListElement":[{"@type":"ListItem","position":1,"name":"Home","item":"https:\/\/prefecturadeesmeraldas.gob.ec\/"},{"@type":"ListItem","position":2,"name":"Prefectura de Esmeraldas mejora la v\u00eda Hebr\u00f3n del Mache \u2013 El Porvenir \u2013 3 de Julio."}]},{"@type":"WebSite","@id":"https:\/\/prefecturadeesmeraldas.gob.ec\/#website","url":"https:\/\/prefecturadeesmeraldas.gob.ec\/","name":"Gobierno Aut\u00f3nomo Descentralizado de la Provincia de Esmeraldas","description":"Gobierno Aut\u00f3nomo Descentralizado de la Provincia de Esmeraldas","publisher":{"@id":"https:\/\/prefecturadeesmeraldas.gob.ec\/#organization"},"potentialAction":[{"@type":"SearchAction","target":{"@type":"EntryPoint","urlTemplate":"https:\/\/prefecturadeesmeraldas.gob.ec\/?s={search_term_string}"},"query-input":{"@type":"PropertyValueSpecification","valueRequired":true,"valueName":"search_term_string"}}],"inLanguage":"es"},{"@type":"Organization","@id":"https:\/\/prefecturadeesmeraldas.gob.ec\/#organization","name":"Gobierno Aut\u00f3nomo Descentralizado de la Provincia de Esmeraldas","url":"https:\/\/prefecturadeesmeraldas.gob.ec\/","logo":{"@type":"ImageObject","inLanguage":"es","@id":"https:\/\/prefecturadeesmeraldas.gob.ec\/#\/schema\/logo\/image\/","url":"https:\/\/prefecturadeesmeraldas.gob.ec\/wp-content\/uploads\/2019\/06\/logo.png","contentUrl":"https:\/\/prefecturadeesmeraldas.gob.ec\/wp-content\/uploads\/2019\/06\/logo.png","width":859,"height":448,"caption":"Gobierno Aut\u00f3nomo Descentralizado de la Provincia de Esmeraldas"},"image":{"@id":"https:\/\/prefecturadeesmeraldas.gob.ec\/#\/schema\/logo\/image\/"},"sameAs":["https:\/\/www.facebook.com\/PrefecturaEsmeraldas\/"]},{"@type":"Person","@id":"https:\/\/prefecturadeesmeraldas.gob.ec\/#\/schema\/person\/b0c9e7b1ead7725994d1e319e8825234","name":"Direcci\u00f3n de Comunicaci\u00f3n","image":{"@type":"ImageObject","inLanguage":"es","@id":"https:\/\/prefecturadeesmeraldas.gob.ec\/#\/schema\/person\/image\/","url":"https:\/\/secure.gravatar.com\/avatar\/74a3870a946f5d774ade3569af61a72308e07ad3346f370c4b468ee2a9858658?s=96&d=mm&r=g","contentUrl":"https:\/\/secure.gravatar.com\/avatar\/74a3870a946f5d774ade3569af61a72308e07ad3346f370c4b468ee2a9858658?s=96&d=mm&r=g","caption":"Direcci\u00f3n de Comunicaci\u00f3n"}}]}},"_links":{"self":[{"href":"https:\/\/prefecturadeesmeraldas.gob.ec\/index.php\/wp-json\/wp\/v2\/posts\/26949","targetHints":{"allow":["GET"]}}],"collection":[{"href":"https:\/\/prefecturadeesmeraldas.gob.ec\/index.php\/wp-json\/wp\/v2\/posts"}],"about":[{"href":"https:\/\/prefecturadeesmeraldas.gob.ec\/index.php\/wp-json\/wp\/v2\/types\/post"}],"author":[{"embeddable":true,"href":"https:\/\/prefecturadeesmeraldas.gob.ec\/index.php\/wp-json\/wp\/v2\/users\/2"}],"replies":[{"embeddable":true,"href":"https:\/\/prefecturadeesmeraldas.gob.ec\/index.php\/wp-json\/wp\/v2\/comments?post=26949"}],"version-history":[{"count":4,"href":"https:\/\/prefecturadeesmeraldas.gob.ec\/index.php\/wp-json\/wp\/v2\/posts\/26949\/revisions"}],"predecessor-version":[{"id":26954,"href":"https:\/\/prefecturadeesmeraldas.gob.ec\/index.php\/wp-json\/wp\/v2\/posts\/26949\/revisions\/26954"}],"wp:featuredmedia":[{"embeddable":true,"href":"https:\/\/prefecturadeesmeraldas.gob.ec\/index.php\/wp-json\/wp\/v2\/media\/26951"}],"wp:attachment":[{"href":"https:\/\/prefecturadeesmeraldas.gob.ec\/index.php\/wp-json\/wp\/v2\/media?parent=26949"}],"wp:term":[{"taxonomy":"category","embeddable":true,"href":"https:\/\/prefecturadeesmeraldas.gob.ec\/index.php\/wp-json\/wp\/v2\/categories?post=26949"},{"taxonomy":"post_tag","embeddable":true,"href":"https:\/\/prefecturadeesmeraldas.gob.ec\/index.php\/wp-json\/wp\/v2\/tags?post=26949"}],"curies":[{"name":"wp","href":"https:\/\/api.w.org\/{rel}","templated":true}]}}