{"id":26915,"date":"2024-07-24T11:02:14","date_gmt":"2024-07-24T16:02:14","guid":{"rendered":"https:\/\/prefecturadeesmeraldas.gob.ec\/?p=26915"},"modified":"2024-07-24T11:36:29","modified_gmt":"2024-07-24T16:36:29","slug":"prefectura-de-esmeraldas-realiza-mantenimiento-vial-en-estero-de-platano","status":"publish","type":"post","link":"https:\/\/prefecturadeesmeraldas.gob.ec\/index.php\/2024\/07\/24\/prefectura-de-esmeraldas-realiza-mantenimiento-vial-en-estero-de-platano\/","title":{"rendered":"Prefectura de Esmeraldas realiza mantenimiento vial en Estero de Pl\u00e1tano."},"content":{"rendered":"\t\t<div data-elementor-type=\"wp-post\" data-elementor-id=\"26915\" class=\"elementor elementor-26915\">\n\t\t\t\t<div class=\"elementor-element elementor-element-de08da5 e-flex e-con-boxed e-con e-parent\" data-id=\"de08da5\" data-element_type=\"container\">\n\t\t\t\t\t<div class=\"e-con-inner\">\n\t\t\t\t<div class=\"elementor-element elementor-element-f7d1c9b elementor-widget elementor-widget-image\" data-id=\"f7d1c9b\" data-element_type=\"widget\" data-widget_type=\"image.default\">\n\t\t\t\t<div class=\"elementor-widget-container\">\n\t\t\t\t\t\t\t\t\t\t\t\t\t\t\t<img fetchpriority=\"high\" decoding=\"async\" width=\"1280\" height=\"1280\" src=\"https:\/\/prefecturadeesmeraldas.gob.ec\/wp-content\/uploads\/2024\/07\/111-15.jpg\" class=\"attachment-large size-large wp-image-26917\" alt=\"\" srcset=\"https:\/\/prefecturadeesmeraldas.gob.ec\/wp-content\/uploads\/2024\/07\/111-15.jpg 1280w, https:\/\/prefecturadeesmeraldas.gob.ec\/wp-content\/uploads\/2024\/07\/111-15-300x300.jpg 300w, https:\/\/prefecturadeesmeraldas.gob.ec\/wp-content\/uploads\/2024\/07\/111-15-150x150.jpg 150w, https:\/\/prefecturadeesmeraldas.gob.ec\/wp-content\/uploads\/2024\/07\/111-15-768x768.jpg 768w, https:\/\/prefecturadeesmeraldas.gob.ec\/wp-content\/uploads\/2024\/07\/111-15-440x440.jpg 440w, https:\/\/prefecturadeesmeraldas.gob.ec\/wp-content\/uploads\/2024\/07\/111-15-180x180.jpg 180w, https:\/\/prefecturadeesmeraldas.gob.ec\/wp-content\/uploads\/2024\/07\/111-15-120x120.jpg 120w\" sizes=\"(max-width: 1280px) 100vw, 1280px\" \/>\t\t\t\t\t\t\t\t\t\t\t\t\t\t\t<\/div>\n\t\t\t\t<\/div>\n\t\t\t\t\t<\/div>\n\t\t\t\t<\/div>\n\t\t<div class=\"elementor-element elementor-element-67b973f e-flex e-con-boxed e-con e-parent\" data-id=\"67b973f\" data-element_type=\"container\">\n\t\t\t\t\t<div class=\"e-con-inner\">\n\t\t\t\t<div class=\"elementor-element elementor-element-d4a8f6d elementor-widget elementor-widget-text-editor\" data-id=\"d4a8f6d\" data-element_type=\"widget\" data-widget_type=\"text-editor.default\">\n\t\t\t\t<div class=\"elementor-widget-container\">\n\t\t\t\t\t\t\t\t\t<p>Realizamos trabajos prioritarios de mantenimiento vial en diversas comunidades del sur de la provincia, afectadas por las lluvias recientes. Estos esfuerzos se centran en el balneario de Estero de Pl\u00e1tano y en la v\u00eda de acceso al barrio San Jos\u00e9, perteneciente a la parroquia Galera, del cant\u00f3n Muisne.<\/p>\n<p>En respuesta a la solicitud de los dirigentes locales, la Prefectura ha mejorado la rasante del malec\u00f3n de Estero de Pl\u00e1tano, un sitio tur\u00edstico importante. Los trabajos realizados incluyen la colocaci\u00f3n de cascote y material de mejoramiento a lo largo de 200 metros, la limpieza de espaldones y el acabado de obra b\u00e1sica con cascote y lastre amarillo.<\/p>\n<p>Lucinda Sosa, habitante de Estero de Pl\u00e1tano, destac\u00f3 la predisposici\u00f3n de la prefecta Roberta Zambrano para ayudarlos de manera inmediata. Coment\u00f3 que antes de las obras, la v\u00eda de acceso se encontraba en malas condiciones y no hab\u00eda servicio de buses, pero ahora, gracias a los trabajos realizados, los buses ya est\u00e1n llegando al sector.<\/p>\n<p>Doris Micolta, otra residente del sector, expres\u00f3 su satisfacci\u00f3n con las intervenciones. Agradeci\u00f3 la pronta respuesta de la prefecta Roberta Zambrano, quien dispuso la intervenci\u00f3n inmediata.<\/p>\n<p>Mientras que, en el barrio San Jos\u00e9 de la parroquia Galera, la Prefectura ha llevado a cabo la ampliaci\u00f3n de 150 metros lineales de v\u00eda, con la colocaci\u00f3n de cascote y el acabado de obra b\u00e1sica. Walter Arteaga, residente del barrio, manifest\u00f3 su agradecimiento por la atenci\u00f3n recibida, resaltando que llevaban muchos a\u00f1os esperando por esta mejora.<\/p>\n<p>Gloria Guerrero y Alfonso Zamora, habitantes de Estero de Pl\u00e1tano, destacaron que gracias a la intervenci\u00f3n de la Prefectura y a la coordinaci\u00f3n con el GAD Parroquial, los veh\u00edculos ya pueden circular sin problemas.<\/p>\n<p>Adicionalmente, se han realizado trabajos de mejoramiento en la v\u00eda Galera \u2013 Estero de Pl\u00e1tano, donde se ha colocado material de mejoramiento en las partes puntuales. Este material ha sido extra\u00eddo de la mina de Estero de Pl\u00e1tano.<\/p>\n<p>La Prefectura de Esmeraldas reafirma su compromiso con el bienestar y desarrollo de las comunidades, asegurando que las v\u00edas de acceso se mantengan en \u00f3ptimas condiciones para facilitar el tr\u00e1nsito y mejorar la calidad de vida de los habitantes.<\/p>\t\t\t\t\t\t\t\t<\/div>\n\t\t\t\t<\/div>\n\t\t\t\t\t<\/div>\n\t\t\t\t<\/div>\n\t\t\t\t<\/div>\n\t\t","protected":false},"excerpt":{"rendered":"<p>Realizamos trabajos prioritarios de mantenimiento vial en diversas comunidades del sur de la provincia, afectadas por las lluvias recientes. Estos esfuerzos se centran en el balneario de Estero de Pl\u00e1tano y en la v\u00eda de acceso al barrio San Jos\u00e9, perteneciente a la parroquia Galera, del cant\u00f3n Muisne. En respuesta a la solicitud de los [&hellip;]<\/p>\n","protected":false},"author":2,"featured_media":26917,"comment_status":"closed","ping_status":"open","sticky":false,"template":"","format":"standard","meta":{"footnotes":""},"categories":[14],"tags":[],"class_list":["post-26915","post","type-post","status-publish","format-standard","has-post-thumbnail","hentry","category-vialidad"],"yoast_head":"<!-- This site is optimized with the Yoast SEO plugin v25.7 - https:\/\/yoast.com\/wordpress\/plugins\/seo\/ -->\n<title>Prefectura de Esmeraldas realiza mantenimiento vial en Estero de Pl\u00e1tano. - Gobierno Aut\u00f3nomo Descentralizado de la Provincia de Esmeraldas<\/title>\n<meta name=\"robots\" content=\"index, follow, max-snippet:-1, max-image-preview:large, max-video-preview:-1\" \/>\n<link rel=\"canonical\" href=\"https:\/\/prefecturadeesmeraldas.gob.ec\/index.php\/2024\/07\/24\/prefectura-de-esmeraldas-realiza-mantenimiento-vial-en-estero-de-platano\/\" \/>\n<meta property=\"og:locale\" content=\"es_ES\" \/>\n<meta property=\"og:type\" content=\"article\" \/>\n<meta property=\"og:title\" content=\"Prefectura de Esmeraldas realiza mantenimiento vial en Estero de Pl\u00e1tano. - Gobierno Aut\u00f3nomo Descentralizado de la Provincia de Esmeraldas\" \/>\n<meta property=\"og:description\" content=\"Realizamos trabajos prioritarios de mantenimiento vial en diversas comunidades del sur de la provincia, afectadas por las lluvias recientes. Estos esfuerzos se centran en el balneario de Estero de Pl\u00e1tano y en la v\u00eda de acceso al barrio San Jos\u00e9, perteneciente a la parroquia Galera, del cant\u00f3n Muisne. En respuesta a la solicitud de los [&hellip;]\" \/>\n<meta property=\"og:url\" content=\"https:\/\/prefecturadeesmeraldas.gob.ec\/index.php\/2024\/07\/24\/prefectura-de-esmeraldas-realiza-mantenimiento-vial-en-estero-de-platano\/\" \/>\n<meta property=\"og:site_name\" content=\"Gobierno Aut\u00f3nomo Descentralizado de la Provincia de Esmeraldas\" \/>\n<meta property=\"article:publisher\" content=\"https:\/\/www.facebook.com\/PrefecturaEsmeraldas\/\" \/>\n<meta property=\"article:published_time\" content=\"2024-07-24T16:02:14+00:00\" \/>\n<meta property=\"article:modified_time\" content=\"2024-07-24T16:36:29+00:00\" \/>\n<meta property=\"og:image\" content=\"https:\/\/prefecturadeesmeraldas.gob.ec\/wp-content\/uploads\/2024\/07\/111-15.jpg\" \/>\n\t<meta property=\"og:image:width\" content=\"1280\" \/>\n\t<meta property=\"og:image:height\" content=\"1280\" \/>\n\t<meta property=\"og:image:type\" content=\"image\/jpeg\" \/>\n<meta name=\"author\" content=\"Direcci\u00f3n de Comunicaci\u00f3n\" \/>\n<meta name=\"twitter:card\" content=\"summary_large_image\" \/>\n<meta name=\"twitter:label1\" content=\"Escrito por\" \/>\n\t<meta name=\"twitter:data1\" content=\"Direcci\u00f3n de Comunicaci\u00f3n\" \/>\n\t<meta name=\"twitter:label2\" content=\"Tiempo de lectura\" \/>\n\t<meta name=\"twitter:data2\" content=\"3 minutos\" \/>\n<script type=\"application\/ld+json\" class=\"yoast-schema-graph\">{\"@context\":\"https:\/\/schema.org\",\"@graph\":[{\"@type\":\"Article\",\"@id\":\"https:\/\/prefecturadeesmeraldas.gob.ec\/index.php\/2024\/07\/24\/prefectura-de-esmeraldas-realiza-mantenimiento-vial-en-estero-de-platano\/#article\",\"isPartOf\":{\"@id\":\"https:\/\/prefecturadeesmeraldas.gob.ec\/index.php\/2024\/07\/24\/prefectura-de-esmeraldas-realiza-mantenimiento-vial-en-estero-de-platano\/\"},\"author\":{\"name\":\"Direcci\u00f3n de Comunicaci\u00f3n\",\"@id\":\"https:\/\/prefecturadeesmeraldas.gob.ec\/#\/schema\/person\/b0c9e7b1ead7725994d1e319e8825234\"},\"headline\":\"Prefectura de Esmeraldas realiza mantenimiento vial en Estero de Pl\u00e1tano.\",\"datePublished\":\"2024-07-24T16:02:14+00:00\",\"dateModified\":\"2024-07-24T16:36:29+00:00\",\"mainEntityOfPage\":{\"@id\":\"https:\/\/prefecturadeesmeraldas.gob.ec\/index.php\/2024\/07\/24\/prefectura-de-esmeraldas-realiza-mantenimiento-vial-en-estero-de-platano\/\"},\"wordCount\":394,\"publisher\":{\"@id\":\"https:\/\/prefecturadeesmeraldas.gob.ec\/#organization\"},\"image\":{\"@id\":\"https:\/\/prefecturadeesmeraldas.gob.ec\/index.php\/2024\/07\/24\/prefectura-de-esmeraldas-realiza-mantenimiento-vial-en-estero-de-platano\/#primaryimage\"},\"thumbnailUrl\":\"https:\/\/prefecturadeesmeraldas.gob.ec\/wp-content\/uploads\/2024\/07\/111-15.jpg\",\"articleSection\":[\"Vialidad\"],\"inLanguage\":\"es\"},{\"@type\":\"WebPage\",\"@id\":\"https:\/\/prefecturadeesmeraldas.gob.ec\/index.php\/2024\/07\/24\/prefectura-de-esmeraldas-realiza-mantenimiento-vial-en-estero-de-platano\/\",\"url\":\"https:\/\/prefecturadeesmeraldas.gob.ec\/index.php\/2024\/07\/24\/prefectura-de-esmeraldas-realiza-mantenimiento-vial-en-estero-de-platano\/\",\"name\":\"Prefectura de Esmeraldas realiza mantenimiento vial en Estero de Pl\u00e1tano. - Gobierno Aut\u00f3nomo Descentralizado de la Provincia de Esmeraldas\",\"isPartOf\":{\"@id\":\"https:\/\/prefecturadeesmeraldas.gob.ec\/#website\"},\"primaryImageOfPage\":{\"@id\":\"https:\/\/prefecturadeesmeraldas.gob.ec\/index.php\/2024\/07\/24\/prefectura-de-esmeraldas-realiza-mantenimiento-vial-en-estero-de-platano\/#primaryimage\"},\"image\":{\"@id\":\"https:\/\/prefecturadeesmeraldas.gob.ec\/index.php\/2024\/07\/24\/prefectura-de-esmeraldas-realiza-mantenimiento-vial-en-estero-de-platano\/#primaryimage\"},\"thumbnailUrl\":\"https:\/\/prefecturadeesmeraldas.gob.ec\/wp-content\/uploads\/2024\/07\/111-15.jpg\",\"datePublished\":\"2024-07-24T16:02:14+00:00\",\"dateModified\":\"2024-07-24T16:36:29+00:00\",\"breadcrumb\":{\"@id\":\"https:\/\/prefecturadeesmeraldas.gob.ec\/index.php\/2024\/07\/24\/prefectura-de-esmeraldas-realiza-mantenimiento-vial-en-estero-de-platano\/#breadcrumb\"},\"inLanguage\":\"es\",\"potentialAction\":[{\"@type\":\"ReadAction\",\"target\":[\"https:\/\/prefecturadeesmeraldas.gob.ec\/index.php\/2024\/07\/24\/prefectura-de-esmeraldas-realiza-mantenimiento-vial-en-estero-de-platano\/\"]}]},{\"@type\":\"ImageObject\",\"inLanguage\":\"es\",\"@id\":\"https:\/\/prefecturadeesmeraldas.gob.ec\/index.php\/2024\/07\/24\/prefectura-de-esmeraldas-realiza-mantenimiento-vial-en-estero-de-platano\/#primaryimage\",\"url\":\"https:\/\/prefecturadeesmeraldas.gob.ec\/wp-content\/uploads\/2024\/07\/111-15.jpg\",\"contentUrl\":\"https:\/\/prefecturadeesmeraldas.gob.ec\/wp-content\/uploads\/2024\/07\/111-15.jpg\",\"width\":1280,\"height\":1280},{\"@type\":\"BreadcrumbList\",\"@id\":\"https:\/\/prefecturadeesmeraldas.gob.ec\/index.php\/2024\/07\/24\/prefectura-de-esmeraldas-realiza-mantenimiento-vial-en-estero-de-platano\/#breadcrumb\",\"itemListElement\":[{\"@type\":\"ListItem\",\"position\":1,\"name\":\"Home\",\"item\":\"https:\/\/prefecturadeesmeraldas.gob.ec\/\"},{\"@type\":\"ListItem\",\"position\":2,\"name\":\"Prefectura de Esmeraldas realiza mantenimiento vial en Estero de Pl\u00e1tano.\"}]},{\"@type\":\"WebSite\",\"@id\":\"https:\/\/prefecturadeesmeraldas.gob.ec\/#website\",\"url\":\"https:\/\/prefecturadeesmeraldas.gob.ec\/\",\"name\":\"Gobierno Aut\u00f3nomo Descentralizado de la Provincia de Esmeraldas\",\"description\":\"Gobierno Aut\u00f3nomo Descentralizado de la Provincia de Esmeraldas\",\"publisher\":{\"@id\":\"https:\/\/prefecturadeesmeraldas.gob.ec\/#organization\"},\"potentialAction\":[{\"@type\":\"SearchAction\",\"target\":{\"@type\":\"EntryPoint\",\"urlTemplate\":\"https:\/\/prefecturadeesmeraldas.gob.ec\/?s={search_term_string}\"},\"query-input\":{\"@type\":\"PropertyValueSpecification\",\"valueRequired\":true,\"valueName\":\"search_term_string\"}}],\"inLanguage\":\"es\"},{\"@type\":\"Organization\",\"@id\":\"https:\/\/prefecturadeesmeraldas.gob.ec\/#organization\",\"name\":\"Gobierno Aut\u00f3nomo Descentralizado de la Provincia de Esmeraldas\",\"url\":\"https:\/\/prefecturadeesmeraldas.gob.ec\/\",\"logo\":{\"@type\":\"ImageObject\",\"inLanguage\":\"es\",\"@id\":\"https:\/\/prefecturadeesmeraldas.gob.ec\/#\/schema\/logo\/image\/\",\"url\":\"https:\/\/prefecturadeesmeraldas.gob.ec\/wp-content\/uploads\/2019\/06\/logo.png\",\"contentUrl\":\"https:\/\/prefecturadeesmeraldas.gob.ec\/wp-content\/uploads\/2019\/06\/logo.png\",\"width\":859,\"height\":448,\"caption\":\"Gobierno Aut\u00f3nomo Descentralizado de la Provincia de Esmeraldas\"},\"image\":{\"@id\":\"https:\/\/prefecturadeesmeraldas.gob.ec\/#\/schema\/logo\/image\/\"},\"sameAs\":[\"https:\/\/www.facebook.com\/PrefecturaEsmeraldas\/\"]},{\"@type\":\"Person\",\"@id\":\"https:\/\/prefecturadeesmeraldas.gob.ec\/#\/schema\/person\/b0c9e7b1ead7725994d1e319e8825234\",\"name\":\"Direcci\u00f3n de Comunicaci\u00f3n\",\"image\":{\"@type\":\"ImageObject\",\"inLanguage\":\"es\",\"@id\":\"https:\/\/prefecturadeesmeraldas.gob.ec\/#\/schema\/person\/image\/\",\"url\":\"https:\/\/secure.gravatar.com\/avatar\/74a3870a946f5d774ade3569af61a72308e07ad3346f370c4b468ee2a9858658?s=96&d=mm&r=g\",\"contentUrl\":\"https:\/\/secure.gravatar.com\/avatar\/74a3870a946f5d774ade3569af61a72308e07ad3346f370c4b468ee2a9858658?s=96&d=mm&r=g\",\"caption\":\"Direcci\u00f3n de Comunicaci\u00f3n\"}}]}<\/script>\n<!-- \/ Yoast SEO plugin. -->","yoast_head_json":{"title":"Prefectura de Esmeraldas realiza mantenimiento vial en Estero de Pl\u00e1tano. - Gobierno Aut\u00f3nomo Descentralizado de la Provincia de Esmeraldas","robots":{"index":"index","follow":"follow","max-snippet":"max-snippet:-1","max-image-preview":"max-image-preview:large","max-video-preview":"max-video-preview:-1"},"canonical":"https:\/\/prefecturadeesmeraldas.gob.ec\/index.php\/2024\/07\/24\/prefectura-de-esmeraldas-realiza-mantenimiento-vial-en-estero-de-platano\/","og_locale":"es_ES","og_type":"article","og_title":"Prefectura de Esmeraldas realiza mantenimiento vial en Estero de Pl\u00e1tano. - Gobierno Aut\u00f3nomo Descentralizado de la Provincia de Esmeraldas","og_description":"Realizamos trabajos prioritarios de mantenimiento vial en diversas comunidades del sur de la provincia, afectadas por las lluvias recientes. Estos esfuerzos se centran en el balneario de Estero de Pl\u00e1tano y en la v\u00eda de acceso al barrio San Jos\u00e9, perteneciente a la parroquia Galera, del cant\u00f3n Muisne. En respuesta a la solicitud de los [&hellip;]","og_url":"https:\/\/prefecturadeesmeraldas.gob.ec\/index.php\/2024\/07\/24\/prefectura-de-esmeraldas-realiza-mantenimiento-vial-en-estero-de-platano\/","og_site_name":"Gobierno Aut\u00f3nomo Descentralizado de la Provincia de Esmeraldas","article_publisher":"https:\/\/www.facebook.com\/PrefecturaEsmeraldas\/","article_published_time":"2024-07-24T16:02:14+00:00","article_modified_time":"2024-07-24T16:36:29+00:00","og_image":[{"width":1280,"height":1280,"url":"https:\/\/prefecturadeesmeraldas.gob.ec\/wp-content\/uploads\/2024\/07\/111-15.jpg","type":"image\/jpeg"}],"author":"Direcci\u00f3n de Comunicaci\u00f3n","twitter_card":"summary_large_image","twitter_misc":{"Escrito por":"Direcci\u00f3n de Comunicaci\u00f3n","Tiempo de lectura":"3 minutos"},"schema":{"@context":"https:\/\/schema.org","@graph":[{"@type":"Article","@id":"https:\/\/prefecturadeesmeraldas.gob.ec\/index.php\/2024\/07\/24\/prefectura-de-esmeraldas-realiza-mantenimiento-vial-en-estero-de-platano\/#article","isPartOf":{"@id":"https:\/\/prefecturadeesmeraldas.gob.ec\/index.php\/2024\/07\/24\/prefectura-de-esmeraldas-realiza-mantenimiento-vial-en-estero-de-platano\/"},"author":{"name":"Direcci\u00f3n de Comunicaci\u00f3n","@id":"https:\/\/prefecturadeesmeraldas.gob.ec\/#\/schema\/person\/b0c9e7b1ead7725994d1e319e8825234"},"headline":"Prefectura de Esmeraldas realiza mantenimiento vial en Estero de Pl\u00e1tano.","datePublished":"2024-07-24T16:02:14+00:00","dateModified":"2024-07-24T16:36:29+00:00","mainEntityOfPage":{"@id":"https:\/\/prefecturadeesmeraldas.gob.ec\/index.php\/2024\/07\/24\/prefectura-de-esmeraldas-realiza-mantenimiento-vial-en-estero-de-platano\/"},"wordCount":394,"publisher":{"@id":"https:\/\/prefecturadeesmeraldas.gob.ec\/#organization"},"image":{"@id":"https:\/\/prefecturadeesmeraldas.gob.ec\/index.php\/2024\/07\/24\/prefectura-de-esmeraldas-realiza-mantenimiento-vial-en-estero-de-platano\/#primaryimage"},"thumbnailUrl":"https:\/\/prefecturadeesmeraldas.gob.ec\/wp-content\/uploads\/2024\/07\/111-15.jpg","articleSection":["Vialidad"],"inLanguage":"es"},{"@type":"WebPage","@id":"https:\/\/prefecturadeesmeraldas.gob.ec\/index.php\/2024\/07\/24\/prefectura-de-esmeraldas-realiza-mantenimiento-vial-en-estero-de-platano\/","url":"https:\/\/prefecturadeesmeraldas.gob.ec\/index.php\/2024\/07\/24\/prefectura-de-esmeraldas-realiza-mantenimiento-vial-en-estero-de-platano\/","name":"Prefectura de Esmeraldas realiza mantenimiento vial en Estero de Pl\u00e1tano. - Gobierno Aut\u00f3nomo Descentralizado de la Provincia de Esmeraldas","isPartOf":{"@id":"https:\/\/prefecturadeesmeraldas.gob.ec\/#website"},"primaryImageOfPage":{"@id":"https:\/\/prefecturadeesmeraldas.gob.ec\/index.php\/2024\/07\/24\/prefectura-de-esmeraldas-realiza-mantenimiento-vial-en-estero-de-platano\/#primaryimage"},"image":{"@id":"https:\/\/prefecturadeesmeraldas.gob.ec\/index.php\/2024\/07\/24\/prefectura-de-esmeraldas-realiza-mantenimiento-vial-en-estero-de-platano\/#primaryimage"},"thumbnailUrl":"https:\/\/prefecturadeesmeraldas.gob.ec\/wp-content\/uploads\/2024\/07\/111-15.jpg","datePublished":"2024-07-24T16:02:14+00:00","dateModified":"2024-07-24T16:36:29+00:00","breadcrumb":{"@id":"https:\/\/prefecturadeesmeraldas.gob.ec\/index.php\/2024\/07\/24\/prefectura-de-esmeraldas-realiza-mantenimiento-vial-en-estero-de-platano\/#breadcrumb"},"inLanguage":"es","potentialAction":[{"@type":"ReadAction","target":["https:\/\/prefecturadeesmeraldas.gob.ec\/index.php\/2024\/07\/24\/prefectura-de-esmeraldas-realiza-mantenimiento-vial-en-estero-de-platano\/"]}]},{"@type":"ImageObject","inLanguage":"es","@id":"https:\/\/prefecturadeesmeraldas.gob.ec\/index.php\/2024\/07\/24\/prefectura-de-esmeraldas-realiza-mantenimiento-vial-en-estero-de-platano\/#primaryimage","url":"https:\/\/prefecturadeesmeraldas.gob.ec\/wp-content\/uploads\/2024\/07\/111-15.jpg","contentUrl":"https:\/\/prefecturadeesmeraldas.gob.ec\/wp-content\/uploads\/2024\/07\/111-15.jpg","width":1280,"height":1280},{"@type":"BreadcrumbList","@id":"https:\/\/prefecturadeesmeraldas.gob.ec\/index.php\/2024\/07\/24\/prefectura-de-esmeraldas-realiza-mantenimiento-vial-en-estero-de-platano\/#breadcrumb","itemListElement":[{"@type":"ListItem","position":1,"name":"Home","item":"https:\/\/prefecturadeesmeraldas.gob.ec\/"},{"@type":"ListItem","position":2,"name":"Prefectura de Esmeraldas realiza mantenimiento vial en Estero de Pl\u00e1tano."}]},{"@type":"WebSite","@id":"https:\/\/prefecturadeesmeraldas.gob.ec\/#website","url":"https:\/\/prefecturadeesmeraldas.gob.ec\/","name":"Gobierno Aut\u00f3nomo Descentralizado de la Provincia de Esmeraldas","description":"Gobierno Aut\u00f3nomo Descentralizado de la Provincia de Esmeraldas","publisher":{"@id":"https:\/\/prefecturadeesmeraldas.gob.ec\/#organization"},"potentialAction":[{"@type":"SearchAction","target":{"@type":"EntryPoint","urlTemplate":"https:\/\/prefecturadeesmeraldas.gob.ec\/?s={search_term_string}"},"query-input":{"@type":"PropertyValueSpecification","valueRequired":true,"valueName":"search_term_string"}}],"inLanguage":"es"},{"@type":"Organization","@id":"https:\/\/prefecturadeesmeraldas.gob.ec\/#organization","name":"Gobierno Aut\u00f3nomo Descentralizado de la Provincia de Esmeraldas","url":"https:\/\/prefecturadeesmeraldas.gob.ec\/","logo":{"@type":"ImageObject","inLanguage":"es","@id":"https:\/\/prefecturadeesmeraldas.gob.ec\/#\/schema\/logo\/image\/","url":"https:\/\/prefecturadeesmeraldas.gob.ec\/wp-content\/uploads\/2019\/06\/logo.png","contentUrl":"https:\/\/prefecturadeesmeraldas.gob.ec\/wp-content\/uploads\/2019\/06\/logo.png","width":859,"height":448,"caption":"Gobierno Aut\u00f3nomo Descentralizado de la Provincia de Esmeraldas"},"image":{"@id":"https:\/\/prefecturadeesmeraldas.gob.ec\/#\/schema\/logo\/image\/"},"sameAs":["https:\/\/www.facebook.com\/PrefecturaEsmeraldas\/"]},{"@type":"Person","@id":"https:\/\/prefecturadeesmeraldas.gob.ec\/#\/schema\/person\/b0c9e7b1ead7725994d1e319e8825234","name":"Direcci\u00f3n de Comunicaci\u00f3n","image":{"@type":"ImageObject","inLanguage":"es","@id":"https:\/\/prefecturadeesmeraldas.gob.ec\/#\/schema\/person\/image\/","url":"https:\/\/secure.gravatar.com\/avatar\/74a3870a946f5d774ade3569af61a72308e07ad3346f370c4b468ee2a9858658?s=96&d=mm&r=g","contentUrl":"https:\/\/secure.gravatar.com\/avatar\/74a3870a946f5d774ade3569af61a72308e07ad3346f370c4b468ee2a9858658?s=96&d=mm&r=g","caption":"Direcci\u00f3n de Comunicaci\u00f3n"}}]}},"_links":{"self":[{"href":"https:\/\/prefecturadeesmeraldas.gob.ec\/index.php\/wp-json\/wp\/v2\/posts\/26915","targetHints":{"allow":["GET"]}}],"collection":[{"href":"https:\/\/prefecturadeesmeraldas.gob.ec\/index.php\/wp-json\/wp\/v2\/posts"}],"about":[{"href":"https:\/\/prefecturadeesmeraldas.gob.ec\/index.php\/wp-json\/wp\/v2\/types\/post"}],"author":[{"embeddable":true,"href":"https:\/\/prefecturadeesmeraldas.gob.ec\/index.php\/wp-json\/wp\/v2\/users\/2"}],"replies":[{"embeddable":true,"href":"https:\/\/prefecturadeesmeraldas.gob.ec\/index.php\/wp-json\/wp\/v2\/comments?post=26915"}],"version-history":[{"count":0,"href":"https:\/\/prefecturadeesmeraldas.gob.ec\/index.php\/wp-json\/wp\/v2\/posts\/26915\/revisions"}],"wp:featuredmedia":[{"embeddable":true,"href":"https:\/\/prefecturadeesmeraldas.gob.ec\/index.php\/wp-json\/wp\/v2\/media\/26917"}],"wp:attachment":[{"href":"https:\/\/prefecturadeesmeraldas.gob.ec\/index.php\/wp-json\/wp\/v2\/media?parent=26915"}],"wp:term":[{"taxonomy":"category","embeddable":true,"href":"https:\/\/prefecturadeesmeraldas.gob.ec\/index.php\/wp-json\/wp\/v2\/categories?post=26915"},{"taxonomy":"post_tag","embeddable":true,"href":"https:\/\/prefecturadeesmeraldas.gob.ec\/index.php\/wp-json\/wp\/v2\/tags?post=26915"}],"curies":[{"name":"wp","href":"https:\/\/api.w.org\/{rel}","templated":true}]}}