{"id":26493,"date":"2024-06-17T14:08:45","date_gmt":"2024-06-17T19:08:45","guid":{"rendered":"https:\/\/prefecturadeesmeraldas.gob.ec\/?p=26493"},"modified":"2024-06-17T14:10:19","modified_gmt":"2024-06-17T19:10:19","slug":"habitantes-de-muisne-reaccionan-positivamente-tras-el-mejoramiento-de-varias-calles","status":"publish","type":"post","link":"https:\/\/prefecturadeesmeraldas.gob.ec\/index.php\/2024\/06\/17\/habitantes-de-muisne-reaccionan-positivamente-tras-el-mejoramiento-de-varias-calles\/","title":{"rendered":"Habitantes de Muisne reaccionan positivamente tras el mejoramiento de varias calles."},"content":{"rendered":"\t\t<div data-elementor-type=\"wp-post\" data-elementor-id=\"26493\" class=\"elementor elementor-26493\">\n\t\t\t\t<div class=\"elementor-element elementor-element-d295596 e-flex e-con-boxed e-con e-parent\" data-id=\"d295596\" data-element_type=\"container\">\n\t\t\t\t\t<div class=\"e-con-inner\">\n\t\t\t\t<div class=\"elementor-element elementor-element-c460144 elementor-widget elementor-widget-image\" data-id=\"c460144\" data-element_type=\"widget\" data-widget_type=\"image.default\">\n\t\t\t\t<div class=\"elementor-widget-container\">\n\t\t\t\t\t\t\t\t\t\t\t\t\t\t\t<img fetchpriority=\"high\" decoding=\"async\" width=\"565\" height=\"370\" src=\"https:\/\/prefecturadeesmeraldas.gob.ec\/wp-content\/uploads\/2024\/06\/111-7.jpg\" class=\"attachment-large size-large wp-image-26495\" alt=\"\" srcset=\"https:\/\/prefecturadeesmeraldas.gob.ec\/wp-content\/uploads\/2024\/06\/111-7.jpg 565w, https:\/\/prefecturadeesmeraldas.gob.ec\/wp-content\/uploads\/2024\/06\/111-7-300x196.jpg 300w\" sizes=\"(max-width: 565px) 100vw, 565px\" \/>\t\t\t\t\t\t\t\t\t\t\t\t\t\t\t<\/div>\n\t\t\t\t<\/div>\n\t\t\t\t\t<\/div>\n\t\t\t\t<\/div>\n\t\t<div class=\"elementor-element elementor-element-5f697a7 e-flex e-con-boxed e-con e-parent\" data-id=\"5f697a7\" data-element_type=\"container\">\n\t\t\t\t\t<div class=\"e-con-inner\">\n\t\t\t\t<div class=\"elementor-element elementor-element-b0456c5 elementor-widget elementor-widget-text-editor\" data-id=\"b0456c5\" data-element_type=\"widget\" data-widget_type=\"text-editor.default\">\n\t\t\t\t<div class=\"elementor-widget-container\">\n\t\t\t\t\t\t\t\t\t<p>Los habitantes de los barrios donde se interviene con obras de mejoramiento urbano mediante un convenio entre la Prefectura de Esmeraldas y la Alcald\u00eda de Muisne, reaccionan positivamente. La intervenci\u00f3n de estas 27 calles de la Isla de Muisne se cumple gracias al apoyo incondicional de la prefecta Roberta Zambrano Ortiz, que se ha comprometido con la recuperaci\u00f3n del sure\u00f1o cant\u00f3n.<\/p><p><strong>Marcos Panezo<\/strong>, morador del sector, se\u00f1al\u00f3 que con la administraci\u00f3n de Roberta Zambrano se ha evidenciado un gran cambio en Muisne, con los convenios que se ejecutan entre prefectura y alcald\u00eda, por lo que agradeci\u00f3 por el trabajo que se viene realizando, permitiendo que m\u00e1s turistas visiten el cant\u00f3n.<\/p><p>El transporte tambi\u00e9n se ha visto beneficiado con estos trabajos de mejoramiento, que han facilitado el acceso a los veh\u00edculos, ya que antes era imposible de transitar, explic\u00f3 <strong>Jos\u00e9 Enrique Angulo<\/strong>.<\/p><p>Al ser Muisne, un cant\u00f3n netamente tur\u00edstico, <strong>Karina Sol\u00f3rzano<\/strong> se\u00f1al\u00f3 que con el arreglo de las calles se fortalece la visita de propios y extra\u00f1os, dinamizando la econom\u00eda de los operadores gastron\u00f3micos, por lo que felicit\u00f3 la gesti\u00f3n de la prefecta por enfocarse en Muisne, que hab\u00eda sido olvidado por muchos a\u00f1os. <\/p>\t\t\t\t\t\t\t\t<\/div>\n\t\t\t\t<\/div>\n\t\t\t\t\t<\/div>\n\t\t\t\t<\/div>\n\t\t\t\t<\/div>\n\t\t","protected":false},"excerpt":{"rendered":"<p>Los habitantes de los barrios donde se interviene con obras de mejoramiento urbano mediante un convenio entre la Prefectura de Esmeraldas y la Alcald\u00eda de Muisne, reaccionan positivamente. La intervenci\u00f3n de estas 27 calles de la Isla de Muisne se cumple gracias al apoyo incondicional de la prefecta Roberta Zambrano Ortiz, que se ha comprometido [&hellip;]<\/p>\n","protected":false},"author":2,"featured_media":26495,"comment_status":"closed","ping_status":"open","sticky":false,"template":"","format":"standard","meta":{"footnotes":""},"categories":[14],"tags":[],"class_list":["post-26493","post","type-post","status-publish","format-standard","has-post-thumbnail","hentry","category-vialidad"],"yoast_head":"<!-- This site is optimized with the Yoast SEO plugin v25.7 - https:\/\/yoast.com\/wordpress\/plugins\/seo\/ -->\n<title>Habitantes de Muisne reaccionan positivamente tras el mejoramiento de varias calles. - Gobierno Aut\u00f3nomo Descentralizado de la Provincia de Esmeraldas<\/title>\n<meta name=\"robots\" content=\"index, follow, max-snippet:-1, max-image-preview:large, max-video-preview:-1\" \/>\n<link rel=\"canonical\" href=\"https:\/\/prefecturadeesmeraldas.gob.ec\/index.php\/2024\/06\/17\/habitantes-de-muisne-reaccionan-positivamente-tras-el-mejoramiento-de-varias-calles\/\" \/>\n<meta property=\"og:locale\" content=\"es_ES\" \/>\n<meta property=\"og:type\" content=\"article\" \/>\n<meta property=\"og:title\" content=\"Habitantes de Muisne reaccionan positivamente tras el mejoramiento de varias calles. - Gobierno Aut\u00f3nomo Descentralizado de la Provincia de Esmeraldas\" \/>\n<meta property=\"og:description\" content=\"Los habitantes de los barrios donde se interviene con obras de mejoramiento urbano mediante un convenio entre la Prefectura de Esmeraldas y la Alcald\u00eda de Muisne, reaccionan positivamente. La intervenci\u00f3n de estas 27 calles de la Isla de Muisne se cumple gracias al apoyo incondicional de la prefecta Roberta Zambrano Ortiz, que se ha comprometido [&hellip;]\" \/>\n<meta property=\"og:url\" content=\"https:\/\/prefecturadeesmeraldas.gob.ec\/index.php\/2024\/06\/17\/habitantes-de-muisne-reaccionan-positivamente-tras-el-mejoramiento-de-varias-calles\/\" \/>\n<meta property=\"og:site_name\" content=\"Gobierno Aut\u00f3nomo Descentralizado de la Provincia de Esmeraldas\" \/>\n<meta property=\"article:publisher\" content=\"https:\/\/www.facebook.com\/PrefecturaEsmeraldas\/\" \/>\n<meta property=\"article:published_time\" content=\"2024-06-17T19:08:45+00:00\" \/>\n<meta property=\"article:modified_time\" content=\"2024-06-17T19:10:19+00:00\" \/>\n<meta property=\"og:image\" content=\"https:\/\/prefecturadeesmeraldas.gob.ec\/wp-content\/uploads\/2024\/06\/111-7.jpg\" \/>\n\t<meta property=\"og:image:width\" content=\"565\" \/>\n\t<meta property=\"og:image:height\" content=\"370\" \/>\n\t<meta property=\"og:image:type\" content=\"image\/jpeg\" \/>\n<meta name=\"author\" content=\"Direcci\u00f3n de Comunicaci\u00f3n\" \/>\n<meta name=\"twitter:card\" content=\"summary_large_image\" \/>\n<meta name=\"twitter:label1\" content=\"Escrito por\" \/>\n\t<meta name=\"twitter:data1\" content=\"Direcci\u00f3n de Comunicaci\u00f3n\" \/>\n\t<meta name=\"twitter:label2\" content=\"Tiempo de lectura\" \/>\n\t<meta name=\"twitter:data2\" content=\"2 minutos\" \/>\n<script type=\"application\/ld+json\" class=\"yoast-schema-graph\">{\"@context\":\"https:\/\/schema.org\",\"@graph\":[{\"@type\":\"Article\",\"@id\":\"https:\/\/prefecturadeesmeraldas.gob.ec\/index.php\/2024\/06\/17\/habitantes-de-muisne-reaccionan-positivamente-tras-el-mejoramiento-de-varias-calles\/#article\",\"isPartOf\":{\"@id\":\"https:\/\/prefecturadeesmeraldas.gob.ec\/index.php\/2024\/06\/17\/habitantes-de-muisne-reaccionan-positivamente-tras-el-mejoramiento-de-varias-calles\/\"},\"author\":{\"name\":\"Direcci\u00f3n de Comunicaci\u00f3n\",\"@id\":\"https:\/\/prefecturadeesmeraldas.gob.ec\/#\/schema\/person\/b0c9e7b1ead7725994d1e319e8825234\"},\"headline\":\"Habitantes de Muisne reaccionan positivamente tras el mejoramiento de varias calles.\",\"datePublished\":\"2024-06-17T19:08:45+00:00\",\"dateModified\":\"2024-06-17T19:10:19+00:00\",\"mainEntityOfPage\":{\"@id\":\"https:\/\/prefecturadeesmeraldas.gob.ec\/index.php\/2024\/06\/17\/habitantes-de-muisne-reaccionan-positivamente-tras-el-mejoramiento-de-varias-calles\/\"},\"wordCount\":225,\"publisher\":{\"@id\":\"https:\/\/prefecturadeesmeraldas.gob.ec\/#organization\"},\"image\":{\"@id\":\"https:\/\/prefecturadeesmeraldas.gob.ec\/index.php\/2024\/06\/17\/habitantes-de-muisne-reaccionan-positivamente-tras-el-mejoramiento-de-varias-calles\/#primaryimage\"},\"thumbnailUrl\":\"https:\/\/prefecturadeesmeraldas.gob.ec\/wp-content\/uploads\/2024\/06\/111-7.jpg\",\"articleSection\":[\"Vialidad\"],\"inLanguage\":\"es\"},{\"@type\":\"WebPage\",\"@id\":\"https:\/\/prefecturadeesmeraldas.gob.ec\/index.php\/2024\/06\/17\/habitantes-de-muisne-reaccionan-positivamente-tras-el-mejoramiento-de-varias-calles\/\",\"url\":\"https:\/\/prefecturadeesmeraldas.gob.ec\/index.php\/2024\/06\/17\/habitantes-de-muisne-reaccionan-positivamente-tras-el-mejoramiento-de-varias-calles\/\",\"name\":\"Habitantes de Muisne reaccionan positivamente tras el mejoramiento de varias calles. - Gobierno Aut\u00f3nomo Descentralizado de la Provincia de Esmeraldas\",\"isPartOf\":{\"@id\":\"https:\/\/prefecturadeesmeraldas.gob.ec\/#website\"},\"primaryImageOfPage\":{\"@id\":\"https:\/\/prefecturadeesmeraldas.gob.ec\/index.php\/2024\/06\/17\/habitantes-de-muisne-reaccionan-positivamente-tras-el-mejoramiento-de-varias-calles\/#primaryimage\"},\"image\":{\"@id\":\"https:\/\/prefecturadeesmeraldas.gob.ec\/index.php\/2024\/06\/17\/habitantes-de-muisne-reaccionan-positivamente-tras-el-mejoramiento-de-varias-calles\/#primaryimage\"},\"thumbnailUrl\":\"https:\/\/prefecturadeesmeraldas.gob.ec\/wp-content\/uploads\/2024\/06\/111-7.jpg\",\"datePublished\":\"2024-06-17T19:08:45+00:00\",\"dateModified\":\"2024-06-17T19:10:19+00:00\",\"breadcrumb\":{\"@id\":\"https:\/\/prefecturadeesmeraldas.gob.ec\/index.php\/2024\/06\/17\/habitantes-de-muisne-reaccionan-positivamente-tras-el-mejoramiento-de-varias-calles\/#breadcrumb\"},\"inLanguage\":\"es\",\"potentialAction\":[{\"@type\":\"ReadAction\",\"target\":[\"https:\/\/prefecturadeesmeraldas.gob.ec\/index.php\/2024\/06\/17\/habitantes-de-muisne-reaccionan-positivamente-tras-el-mejoramiento-de-varias-calles\/\"]}]},{\"@type\":\"ImageObject\",\"inLanguage\":\"es\",\"@id\":\"https:\/\/prefecturadeesmeraldas.gob.ec\/index.php\/2024\/06\/17\/habitantes-de-muisne-reaccionan-positivamente-tras-el-mejoramiento-de-varias-calles\/#primaryimage\",\"url\":\"https:\/\/prefecturadeesmeraldas.gob.ec\/wp-content\/uploads\/2024\/06\/111-7.jpg\",\"contentUrl\":\"https:\/\/prefecturadeesmeraldas.gob.ec\/wp-content\/uploads\/2024\/06\/111-7.jpg\",\"width\":565,\"height\":370},{\"@type\":\"BreadcrumbList\",\"@id\":\"https:\/\/prefecturadeesmeraldas.gob.ec\/index.php\/2024\/06\/17\/habitantes-de-muisne-reaccionan-positivamente-tras-el-mejoramiento-de-varias-calles\/#breadcrumb\",\"itemListElement\":[{\"@type\":\"ListItem\",\"position\":1,\"name\":\"Home\",\"item\":\"https:\/\/prefecturadeesmeraldas.gob.ec\/\"},{\"@type\":\"ListItem\",\"position\":2,\"name\":\"Habitantes de Muisne reaccionan positivamente tras el mejoramiento de varias calles.\"}]},{\"@type\":\"WebSite\",\"@id\":\"https:\/\/prefecturadeesmeraldas.gob.ec\/#website\",\"url\":\"https:\/\/prefecturadeesmeraldas.gob.ec\/\",\"name\":\"Gobierno Aut\u00f3nomo Descentralizado de la Provincia de Esmeraldas\",\"description\":\"Gobierno Aut\u00f3nomo Descentralizado de la Provincia de Esmeraldas\",\"publisher\":{\"@id\":\"https:\/\/prefecturadeesmeraldas.gob.ec\/#organization\"},\"potentialAction\":[{\"@type\":\"SearchAction\",\"target\":{\"@type\":\"EntryPoint\",\"urlTemplate\":\"https:\/\/prefecturadeesmeraldas.gob.ec\/?s={search_term_string}\"},\"query-input\":{\"@type\":\"PropertyValueSpecification\",\"valueRequired\":true,\"valueName\":\"search_term_string\"}}],\"inLanguage\":\"es\"},{\"@type\":\"Organization\",\"@id\":\"https:\/\/prefecturadeesmeraldas.gob.ec\/#organization\",\"name\":\"Gobierno Aut\u00f3nomo Descentralizado de la Provincia de Esmeraldas\",\"url\":\"https:\/\/prefecturadeesmeraldas.gob.ec\/\",\"logo\":{\"@type\":\"ImageObject\",\"inLanguage\":\"es\",\"@id\":\"https:\/\/prefecturadeesmeraldas.gob.ec\/#\/schema\/logo\/image\/\",\"url\":\"https:\/\/prefecturadeesmeraldas.gob.ec\/wp-content\/uploads\/2019\/06\/logo.png\",\"contentUrl\":\"https:\/\/prefecturadeesmeraldas.gob.ec\/wp-content\/uploads\/2019\/06\/logo.png\",\"width\":859,\"height\":448,\"caption\":\"Gobierno Aut\u00f3nomo Descentralizado de la Provincia de Esmeraldas\"},\"image\":{\"@id\":\"https:\/\/prefecturadeesmeraldas.gob.ec\/#\/schema\/logo\/image\/\"},\"sameAs\":[\"https:\/\/www.facebook.com\/PrefecturaEsmeraldas\/\"]},{\"@type\":\"Person\",\"@id\":\"https:\/\/prefecturadeesmeraldas.gob.ec\/#\/schema\/person\/b0c9e7b1ead7725994d1e319e8825234\",\"name\":\"Direcci\u00f3n de Comunicaci\u00f3n\",\"image\":{\"@type\":\"ImageObject\",\"inLanguage\":\"es\",\"@id\":\"https:\/\/prefecturadeesmeraldas.gob.ec\/#\/schema\/person\/image\/\",\"url\":\"https:\/\/secure.gravatar.com\/avatar\/74a3870a946f5d774ade3569af61a72308e07ad3346f370c4b468ee2a9858658?s=96&d=mm&r=g\",\"contentUrl\":\"https:\/\/secure.gravatar.com\/avatar\/74a3870a946f5d774ade3569af61a72308e07ad3346f370c4b468ee2a9858658?s=96&d=mm&r=g\",\"caption\":\"Direcci\u00f3n de Comunicaci\u00f3n\"}}]}<\/script>\n<!-- \/ Yoast SEO plugin. -->","yoast_head_json":{"title":"Habitantes de Muisne reaccionan positivamente tras el mejoramiento de varias calles. - Gobierno Aut\u00f3nomo Descentralizado de la Provincia de Esmeraldas","robots":{"index":"index","follow":"follow","max-snippet":"max-snippet:-1","max-image-preview":"max-image-preview:large","max-video-preview":"max-video-preview:-1"},"canonical":"https:\/\/prefecturadeesmeraldas.gob.ec\/index.php\/2024\/06\/17\/habitantes-de-muisne-reaccionan-positivamente-tras-el-mejoramiento-de-varias-calles\/","og_locale":"es_ES","og_type":"article","og_title":"Habitantes de Muisne reaccionan positivamente tras el mejoramiento de varias calles. - Gobierno Aut\u00f3nomo Descentralizado de la Provincia de Esmeraldas","og_description":"Los habitantes de los barrios donde se interviene con obras de mejoramiento urbano mediante un convenio entre la Prefectura de Esmeraldas y la Alcald\u00eda de Muisne, reaccionan positivamente. La intervenci\u00f3n de estas 27 calles de la Isla de Muisne se cumple gracias al apoyo incondicional de la prefecta Roberta Zambrano Ortiz, que se ha comprometido [&hellip;]","og_url":"https:\/\/prefecturadeesmeraldas.gob.ec\/index.php\/2024\/06\/17\/habitantes-de-muisne-reaccionan-positivamente-tras-el-mejoramiento-de-varias-calles\/","og_site_name":"Gobierno Aut\u00f3nomo Descentralizado de la Provincia de Esmeraldas","article_publisher":"https:\/\/www.facebook.com\/PrefecturaEsmeraldas\/","article_published_time":"2024-06-17T19:08:45+00:00","article_modified_time":"2024-06-17T19:10:19+00:00","og_image":[{"width":565,"height":370,"url":"https:\/\/prefecturadeesmeraldas.gob.ec\/wp-content\/uploads\/2024\/06\/111-7.jpg","type":"image\/jpeg"}],"author":"Direcci\u00f3n de Comunicaci\u00f3n","twitter_card":"summary_large_image","twitter_misc":{"Escrito por":"Direcci\u00f3n de Comunicaci\u00f3n","Tiempo de lectura":"2 minutos"},"schema":{"@context":"https:\/\/schema.org","@graph":[{"@type":"Article","@id":"https:\/\/prefecturadeesmeraldas.gob.ec\/index.php\/2024\/06\/17\/habitantes-de-muisne-reaccionan-positivamente-tras-el-mejoramiento-de-varias-calles\/#article","isPartOf":{"@id":"https:\/\/prefecturadeesmeraldas.gob.ec\/index.php\/2024\/06\/17\/habitantes-de-muisne-reaccionan-positivamente-tras-el-mejoramiento-de-varias-calles\/"},"author":{"name":"Direcci\u00f3n de Comunicaci\u00f3n","@id":"https:\/\/prefecturadeesmeraldas.gob.ec\/#\/schema\/person\/b0c9e7b1ead7725994d1e319e8825234"},"headline":"Habitantes de Muisne reaccionan positivamente tras el mejoramiento de varias calles.","datePublished":"2024-06-17T19:08:45+00:00","dateModified":"2024-06-17T19:10:19+00:00","mainEntityOfPage":{"@id":"https:\/\/prefecturadeesmeraldas.gob.ec\/index.php\/2024\/06\/17\/habitantes-de-muisne-reaccionan-positivamente-tras-el-mejoramiento-de-varias-calles\/"},"wordCount":225,"publisher":{"@id":"https:\/\/prefecturadeesmeraldas.gob.ec\/#organization"},"image":{"@id":"https:\/\/prefecturadeesmeraldas.gob.ec\/index.php\/2024\/06\/17\/habitantes-de-muisne-reaccionan-positivamente-tras-el-mejoramiento-de-varias-calles\/#primaryimage"},"thumbnailUrl":"https:\/\/prefecturadeesmeraldas.gob.ec\/wp-content\/uploads\/2024\/06\/111-7.jpg","articleSection":["Vialidad"],"inLanguage":"es"},{"@type":"WebPage","@id":"https:\/\/prefecturadeesmeraldas.gob.ec\/index.php\/2024\/06\/17\/habitantes-de-muisne-reaccionan-positivamente-tras-el-mejoramiento-de-varias-calles\/","url":"https:\/\/prefecturadeesmeraldas.gob.ec\/index.php\/2024\/06\/17\/habitantes-de-muisne-reaccionan-positivamente-tras-el-mejoramiento-de-varias-calles\/","name":"Habitantes de Muisne reaccionan positivamente tras el mejoramiento de varias calles. - Gobierno Aut\u00f3nomo Descentralizado de la Provincia de Esmeraldas","isPartOf":{"@id":"https:\/\/prefecturadeesmeraldas.gob.ec\/#website"},"primaryImageOfPage":{"@id":"https:\/\/prefecturadeesmeraldas.gob.ec\/index.php\/2024\/06\/17\/habitantes-de-muisne-reaccionan-positivamente-tras-el-mejoramiento-de-varias-calles\/#primaryimage"},"image":{"@id":"https:\/\/prefecturadeesmeraldas.gob.ec\/index.php\/2024\/06\/17\/habitantes-de-muisne-reaccionan-positivamente-tras-el-mejoramiento-de-varias-calles\/#primaryimage"},"thumbnailUrl":"https:\/\/prefecturadeesmeraldas.gob.ec\/wp-content\/uploads\/2024\/06\/111-7.jpg","datePublished":"2024-06-17T19:08:45+00:00","dateModified":"2024-06-17T19:10:19+00:00","breadcrumb":{"@id":"https:\/\/prefecturadeesmeraldas.gob.ec\/index.php\/2024\/06\/17\/habitantes-de-muisne-reaccionan-positivamente-tras-el-mejoramiento-de-varias-calles\/#breadcrumb"},"inLanguage":"es","potentialAction":[{"@type":"ReadAction","target":["https:\/\/prefecturadeesmeraldas.gob.ec\/index.php\/2024\/06\/17\/habitantes-de-muisne-reaccionan-positivamente-tras-el-mejoramiento-de-varias-calles\/"]}]},{"@type":"ImageObject","inLanguage":"es","@id":"https:\/\/prefecturadeesmeraldas.gob.ec\/index.php\/2024\/06\/17\/habitantes-de-muisne-reaccionan-positivamente-tras-el-mejoramiento-de-varias-calles\/#primaryimage","url":"https:\/\/prefecturadeesmeraldas.gob.ec\/wp-content\/uploads\/2024\/06\/111-7.jpg","contentUrl":"https:\/\/prefecturadeesmeraldas.gob.ec\/wp-content\/uploads\/2024\/06\/111-7.jpg","width":565,"height":370},{"@type":"BreadcrumbList","@id":"https:\/\/prefecturadeesmeraldas.gob.ec\/index.php\/2024\/06\/17\/habitantes-de-muisne-reaccionan-positivamente-tras-el-mejoramiento-de-varias-calles\/#breadcrumb","itemListElement":[{"@type":"ListItem","position":1,"name":"Home","item":"https:\/\/prefecturadeesmeraldas.gob.ec\/"},{"@type":"ListItem","position":2,"name":"Habitantes de Muisne reaccionan positivamente tras el mejoramiento de varias calles."}]},{"@type":"WebSite","@id":"https:\/\/prefecturadeesmeraldas.gob.ec\/#website","url":"https:\/\/prefecturadeesmeraldas.gob.ec\/","name":"Gobierno Aut\u00f3nomo Descentralizado de la Provincia de Esmeraldas","description":"Gobierno Aut\u00f3nomo Descentralizado de la Provincia de Esmeraldas","publisher":{"@id":"https:\/\/prefecturadeesmeraldas.gob.ec\/#organization"},"potentialAction":[{"@type":"SearchAction","target":{"@type":"EntryPoint","urlTemplate":"https:\/\/prefecturadeesmeraldas.gob.ec\/?s={search_term_string}"},"query-input":{"@type":"PropertyValueSpecification","valueRequired":true,"valueName":"search_term_string"}}],"inLanguage":"es"},{"@type":"Organization","@id":"https:\/\/prefecturadeesmeraldas.gob.ec\/#organization","name":"Gobierno Aut\u00f3nomo Descentralizado de la Provincia de Esmeraldas","url":"https:\/\/prefecturadeesmeraldas.gob.ec\/","logo":{"@type":"ImageObject","inLanguage":"es","@id":"https:\/\/prefecturadeesmeraldas.gob.ec\/#\/schema\/logo\/image\/","url":"https:\/\/prefecturadeesmeraldas.gob.ec\/wp-content\/uploads\/2019\/06\/logo.png","contentUrl":"https:\/\/prefecturadeesmeraldas.gob.ec\/wp-content\/uploads\/2019\/06\/logo.png","width":859,"height":448,"caption":"Gobierno Aut\u00f3nomo Descentralizado de la Provincia de Esmeraldas"},"image":{"@id":"https:\/\/prefecturadeesmeraldas.gob.ec\/#\/schema\/logo\/image\/"},"sameAs":["https:\/\/www.facebook.com\/PrefecturaEsmeraldas\/"]},{"@type":"Person","@id":"https:\/\/prefecturadeesmeraldas.gob.ec\/#\/schema\/person\/b0c9e7b1ead7725994d1e319e8825234","name":"Direcci\u00f3n de Comunicaci\u00f3n","image":{"@type":"ImageObject","inLanguage":"es","@id":"https:\/\/prefecturadeesmeraldas.gob.ec\/#\/schema\/person\/image\/","url":"https:\/\/secure.gravatar.com\/avatar\/74a3870a946f5d774ade3569af61a72308e07ad3346f370c4b468ee2a9858658?s=96&d=mm&r=g","contentUrl":"https:\/\/secure.gravatar.com\/avatar\/74a3870a946f5d774ade3569af61a72308e07ad3346f370c4b468ee2a9858658?s=96&d=mm&r=g","caption":"Direcci\u00f3n de Comunicaci\u00f3n"}}]}},"_links":{"self":[{"href":"https:\/\/prefecturadeesmeraldas.gob.ec\/index.php\/wp-json\/wp\/v2\/posts\/26493","targetHints":{"allow":["GET"]}}],"collection":[{"href":"https:\/\/prefecturadeesmeraldas.gob.ec\/index.php\/wp-json\/wp\/v2\/posts"}],"about":[{"href":"https:\/\/prefecturadeesmeraldas.gob.ec\/index.php\/wp-json\/wp\/v2\/types\/post"}],"author":[{"embeddable":true,"href":"https:\/\/prefecturadeesmeraldas.gob.ec\/index.php\/wp-json\/wp\/v2\/users\/2"}],"replies":[{"embeddable":true,"href":"https:\/\/prefecturadeesmeraldas.gob.ec\/index.php\/wp-json\/wp\/v2\/comments?post=26493"}],"version-history":[{"count":0,"href":"https:\/\/prefecturadeesmeraldas.gob.ec\/index.php\/wp-json\/wp\/v2\/posts\/26493\/revisions"}],"wp:featuredmedia":[{"embeddable":true,"href":"https:\/\/prefecturadeesmeraldas.gob.ec\/index.php\/wp-json\/wp\/v2\/media\/26495"}],"wp:attachment":[{"href":"https:\/\/prefecturadeesmeraldas.gob.ec\/index.php\/wp-json\/wp\/v2\/media?parent=26493"}],"wp:term":[{"taxonomy":"category","embeddable":true,"href":"https:\/\/prefecturadeesmeraldas.gob.ec\/index.php\/wp-json\/wp\/v2\/categories?post=26493"},{"taxonomy":"post_tag","embeddable":true,"href":"https:\/\/prefecturadeesmeraldas.gob.ec\/index.php\/wp-json\/wp\/v2\/tags?post=26493"}],"curies":[{"name":"wp","href":"https:\/\/api.w.org\/{rel}","templated":true}]}}