{"id":25714,"date":"2024-05-07T09:52:43","date_gmt":"2024-05-07T14:52:43","guid":{"rendered":"https:\/\/prefecturadeesmeraldas.gob.ec\/?p=25714"},"modified":"2024-05-07T09:55:10","modified_gmt":"2024-05-07T14:55:10","slug":"prefecta-roberta-zambrano-destaca-inversion-en-obras-durante-el-acto-de-rendicion-de-cuentas","status":"publish","type":"post","link":"https:\/\/prefecturadeesmeraldas.gob.ec\/index.php\/2024\/05\/07\/prefecta-roberta-zambrano-destaca-inversion-en-obras-durante-el-acto-de-rendicion-de-cuentas\/","title":{"rendered":"Prefecta Roberta Zambrano destaca inversi\u00f3n en obras durante el acto de rendici\u00f3n de cuentas"},"content":{"rendered":"\t\t<div data-elementor-type=\"wp-post\" data-elementor-id=\"25714\" class=\"elementor elementor-25714\">\n\t\t\t\t<div class=\"elementor-element elementor-element-a8741dc e-flex e-con-boxed e-con e-parent\" data-id=\"a8741dc\" data-element_type=\"container\">\n\t\t\t\t\t<div class=\"e-con-inner\">\n\t\t\t\t<div class=\"elementor-element elementor-element-89bb029 elementor-widget elementor-widget-image\" data-id=\"89bb029\" data-element_type=\"widget\" data-widget_type=\"image.default\">\n\t\t\t\t<div class=\"elementor-widget-container\">\n\t\t\t\t\t\t\t\t\t\t\t\t\t\t\t<img fetchpriority=\"high\" decoding=\"async\" width=\"1280\" height=\"853\" src=\"https:\/\/prefecturadeesmeraldas.gob.ec\/wp-content\/uploads\/2024\/05\/WhatsApp-Image-2024-05-06-at-16.30.16.jpeg\" class=\"attachment-large size-large wp-image-25716\" alt=\"\" srcset=\"https:\/\/prefecturadeesmeraldas.gob.ec\/wp-content\/uploads\/2024\/05\/WhatsApp-Image-2024-05-06-at-16.30.16.jpeg 1280w, https:\/\/prefecturadeesmeraldas.gob.ec\/wp-content\/uploads\/2024\/05\/WhatsApp-Image-2024-05-06-at-16.30.16-300x200.jpeg 300w, https:\/\/prefecturadeesmeraldas.gob.ec\/wp-content\/uploads\/2024\/05\/WhatsApp-Image-2024-05-06-at-16.30.16-768x512.jpeg 768w\" sizes=\"(max-width: 1280px) 100vw, 1280px\" \/>\t\t\t\t\t\t\t\t\t\t\t\t\t\t\t<\/div>\n\t\t\t\t<\/div>\n\t\t\t\t\t<\/div>\n\t\t\t\t<\/div>\n\t\t<div class=\"elementor-element elementor-element-8ddf502 e-flex e-con-boxed e-con e-parent\" data-id=\"8ddf502\" data-element_type=\"container\">\n\t\t\t\t\t<div class=\"e-con-inner\">\n\t\t\t\t<div class=\"elementor-element elementor-element-c2b7bc1 elementor-widget elementor-widget-text-editor\" data-id=\"c2b7bc1\" data-element_type=\"widget\" data-widget_type=\"text-editor.default\">\n\t\t\t\t<div class=\"elementor-widget-container\">\n\t\t\t\t\t\t\t\t\t<p>La ma\u00f1ana de hoy, el Gobierno Aut\u00f3nomo Descentralizado de la Provincia de Esmeraldas realiz\u00f3 su acto de Rendici\u00f3n de Cuentas correspondiente al a\u00f1o 2023, destacando el compromiso y la labor incansable de la Prefecta Roberta Zambrano en favor del desarrollo de la provincia.<\/p><p><strong>Roberta Zambrano<\/strong>, una l\u00edder que ha demostrado capacidad, compromiso y amor por su pueblo, ofreci\u00f3 un discurso en el que resalt\u00f3 el trabajo realizado durante el a\u00f1o anterior. Su accionar ha sido reconocido tanto a nivel nacional como internacional, siendo galardonada por su entrega y dedicaci\u00f3n hacia su comunidad. Con su lema &#8220;Los buenos somos m\u00e1s&#8221;, ha liderado un gobierno transparente y participativo, donde la voz de los ciudadanos tiene un papel fundamental.<\/p><p>Durante su intervenci\u00f3n, la Prefecta Zambrano destac\u00f3 la inversi\u00f3n realizada en obras de gran envergadura, con un enfoque especial en el impulso al fomento productivo, la mejora de la vialidad, el desarrollo tur\u00edstico, la pesca y la conectividad, entre otros aspectos fundamentales para el crecimiento y bienestar de la provincia de Esmeraldas.<\/p><p>Este acto de transparencia y participaci\u00f3n ciudadana, en concordancia con lo establecido en la Ley Org\u00e1nica del Consejo de Participaci\u00f3n Ciudadana y Control Social, permiti\u00f3 que los asistentes tuvieran la oportunidad de realizar preguntas y expresar sus inquietudes, fortaleciendo as\u00ed la gobernabilidad y el di\u00e1logo democr\u00e1tico en la provincia.<\/p><p>Se contin\u00faa trabajando arduamente para seguir construyendo un futuro pr\u00f3spero y equitativo para Esmeraldas.<\/p>\t\t\t\t\t\t\t\t<\/div>\n\t\t\t\t<\/div>\n\t\t\t\t\t<\/div>\n\t\t\t\t<\/div>\n\t\t\t\t<\/div>\n\t\t","protected":false},"excerpt":{"rendered":"<p>La ma\u00f1ana de hoy, el Gobierno Aut\u00f3nomo Descentralizado de la Provincia de Esmeraldas realiz\u00f3 su acto de Rendici\u00f3n de Cuentas correspondiente al a\u00f1o 2023, destacando el compromiso y la labor incansable de la Prefecta Roberta Zambrano en favor del desarrollo de la provincia. Roberta Zambrano, una l\u00edder que ha demostrado capacidad, compromiso y amor por [&hellip;]<\/p>\n","protected":false},"author":2,"featured_media":25716,"comment_status":"closed","ping_status":"open","sticky":false,"template":"","format":"standard","meta":{"footnotes":""},"categories":[3],"tags":[],"class_list":["post-25714","post","type-post","status-publish","format-standard","has-post-thumbnail","hentry","category-institucional"],"yoast_head":"<!-- This site is optimized with the Yoast SEO plugin v25.7 - https:\/\/yoast.com\/wordpress\/plugins\/seo\/ -->\n<title>Prefecta Roberta Zambrano destaca inversi\u00f3n en obras durante el acto de rendici\u00f3n de cuentas - Gobierno Aut\u00f3nomo Descentralizado de la Provincia de Esmeraldas<\/title>\n<meta name=\"robots\" content=\"index, follow, max-snippet:-1, max-image-preview:large, max-video-preview:-1\" \/>\n<link rel=\"canonical\" href=\"https:\/\/prefecturadeesmeraldas.gob.ec\/index.php\/2024\/05\/07\/prefecta-roberta-zambrano-destaca-inversion-en-obras-durante-el-acto-de-rendicion-de-cuentas\/\" \/>\n<meta property=\"og:locale\" content=\"es_ES\" \/>\n<meta property=\"og:type\" content=\"article\" \/>\n<meta property=\"og:title\" content=\"Prefecta Roberta Zambrano destaca inversi\u00f3n en obras durante el acto de rendici\u00f3n de cuentas - Gobierno Aut\u00f3nomo Descentralizado de la Provincia de Esmeraldas\" \/>\n<meta property=\"og:description\" content=\"La ma\u00f1ana de hoy, el Gobierno Aut\u00f3nomo Descentralizado de la Provincia de Esmeraldas realiz\u00f3 su acto de Rendici\u00f3n de Cuentas correspondiente al a\u00f1o 2023, destacando el compromiso y la labor incansable de la Prefecta Roberta Zambrano en favor del desarrollo de la provincia. Roberta Zambrano, una l\u00edder que ha demostrado capacidad, compromiso y amor por [&hellip;]\" \/>\n<meta property=\"og:url\" content=\"https:\/\/prefecturadeesmeraldas.gob.ec\/index.php\/2024\/05\/07\/prefecta-roberta-zambrano-destaca-inversion-en-obras-durante-el-acto-de-rendicion-de-cuentas\/\" \/>\n<meta property=\"og:site_name\" content=\"Gobierno Aut\u00f3nomo Descentralizado de la Provincia de Esmeraldas\" \/>\n<meta property=\"article:publisher\" content=\"https:\/\/www.facebook.com\/PrefecturaEsmeraldas\/\" \/>\n<meta property=\"article:published_time\" content=\"2024-05-07T14:52:43+00:00\" \/>\n<meta property=\"article:modified_time\" content=\"2024-05-07T14:55:10+00:00\" \/>\n<meta property=\"og:image\" content=\"https:\/\/prefecturadeesmeraldas.gob.ec\/wp-content\/uploads\/2024\/05\/WhatsApp-Image-2024-05-06-at-16.30.16.jpeg\" \/>\n\t<meta property=\"og:image:width\" content=\"1280\" \/>\n\t<meta property=\"og:image:height\" content=\"853\" \/>\n\t<meta property=\"og:image:type\" content=\"image\/jpeg\" \/>\n<meta name=\"author\" content=\"Direcci\u00f3n de Comunicaci\u00f3n\" \/>\n<meta name=\"twitter:card\" content=\"summary_large_image\" \/>\n<meta name=\"twitter:label1\" content=\"Escrito por\" \/>\n\t<meta name=\"twitter:data1\" content=\"Direcci\u00f3n de Comunicaci\u00f3n\" \/>\n\t<meta name=\"twitter:label2\" content=\"Tiempo de lectura\" \/>\n\t<meta name=\"twitter:data2\" content=\"2 minutos\" \/>\n<script type=\"application\/ld+json\" class=\"yoast-schema-graph\">{\"@context\":\"https:\/\/schema.org\",\"@graph\":[{\"@type\":\"Article\",\"@id\":\"https:\/\/prefecturadeesmeraldas.gob.ec\/index.php\/2024\/05\/07\/prefecta-roberta-zambrano-destaca-inversion-en-obras-durante-el-acto-de-rendicion-de-cuentas\/#article\",\"isPartOf\":{\"@id\":\"https:\/\/prefecturadeesmeraldas.gob.ec\/index.php\/2024\/05\/07\/prefecta-roberta-zambrano-destaca-inversion-en-obras-durante-el-acto-de-rendicion-de-cuentas\/\"},\"author\":{\"name\":\"Direcci\u00f3n de Comunicaci\u00f3n\",\"@id\":\"https:\/\/prefecturadeesmeraldas.gob.ec\/#\/schema\/person\/b0c9e7b1ead7725994d1e319e8825234\"},\"headline\":\"Prefecta Roberta Zambrano destaca inversi\u00f3n en obras durante el acto de rendici\u00f3n de cuentas\",\"datePublished\":\"2024-05-07T14:52:43+00:00\",\"dateModified\":\"2024-05-07T14:55:10+00:00\",\"mainEntityOfPage\":{\"@id\":\"https:\/\/prefecturadeesmeraldas.gob.ec\/index.php\/2024\/05\/07\/prefecta-roberta-zambrano-destaca-inversion-en-obras-durante-el-acto-de-rendicion-de-cuentas\/\"},\"wordCount\":264,\"publisher\":{\"@id\":\"https:\/\/prefecturadeesmeraldas.gob.ec\/#organization\"},\"image\":{\"@id\":\"https:\/\/prefecturadeesmeraldas.gob.ec\/index.php\/2024\/05\/07\/prefecta-roberta-zambrano-destaca-inversion-en-obras-durante-el-acto-de-rendicion-de-cuentas\/#primaryimage\"},\"thumbnailUrl\":\"https:\/\/prefecturadeesmeraldas.gob.ec\/wp-content\/uploads\/2024\/05\/WhatsApp-Image-2024-05-06-at-16.30.16.jpeg\",\"articleSection\":[\"Institucional\"],\"inLanguage\":\"es\"},{\"@type\":\"WebPage\",\"@id\":\"https:\/\/prefecturadeesmeraldas.gob.ec\/index.php\/2024\/05\/07\/prefecta-roberta-zambrano-destaca-inversion-en-obras-durante-el-acto-de-rendicion-de-cuentas\/\",\"url\":\"https:\/\/prefecturadeesmeraldas.gob.ec\/index.php\/2024\/05\/07\/prefecta-roberta-zambrano-destaca-inversion-en-obras-durante-el-acto-de-rendicion-de-cuentas\/\",\"name\":\"Prefecta Roberta Zambrano destaca inversi\u00f3n en obras durante el acto de rendici\u00f3n de cuentas - Gobierno Aut\u00f3nomo Descentralizado de la Provincia de Esmeraldas\",\"isPartOf\":{\"@id\":\"https:\/\/prefecturadeesmeraldas.gob.ec\/#website\"},\"primaryImageOfPage\":{\"@id\":\"https:\/\/prefecturadeesmeraldas.gob.ec\/index.php\/2024\/05\/07\/prefecta-roberta-zambrano-destaca-inversion-en-obras-durante-el-acto-de-rendicion-de-cuentas\/#primaryimage\"},\"image\":{\"@id\":\"https:\/\/prefecturadeesmeraldas.gob.ec\/index.php\/2024\/05\/07\/prefecta-roberta-zambrano-destaca-inversion-en-obras-durante-el-acto-de-rendicion-de-cuentas\/#primaryimage\"},\"thumbnailUrl\":\"https:\/\/prefecturadeesmeraldas.gob.ec\/wp-content\/uploads\/2024\/05\/WhatsApp-Image-2024-05-06-at-16.30.16.jpeg\",\"datePublished\":\"2024-05-07T14:52:43+00:00\",\"dateModified\":\"2024-05-07T14:55:10+00:00\",\"breadcrumb\":{\"@id\":\"https:\/\/prefecturadeesmeraldas.gob.ec\/index.php\/2024\/05\/07\/prefecta-roberta-zambrano-destaca-inversion-en-obras-durante-el-acto-de-rendicion-de-cuentas\/#breadcrumb\"},\"inLanguage\":\"es\",\"potentialAction\":[{\"@type\":\"ReadAction\",\"target\":[\"https:\/\/prefecturadeesmeraldas.gob.ec\/index.php\/2024\/05\/07\/prefecta-roberta-zambrano-destaca-inversion-en-obras-durante-el-acto-de-rendicion-de-cuentas\/\"]}]},{\"@type\":\"ImageObject\",\"inLanguage\":\"es\",\"@id\":\"https:\/\/prefecturadeesmeraldas.gob.ec\/index.php\/2024\/05\/07\/prefecta-roberta-zambrano-destaca-inversion-en-obras-durante-el-acto-de-rendicion-de-cuentas\/#primaryimage\",\"url\":\"https:\/\/prefecturadeesmeraldas.gob.ec\/wp-content\/uploads\/2024\/05\/WhatsApp-Image-2024-05-06-at-16.30.16.jpeg\",\"contentUrl\":\"https:\/\/prefecturadeesmeraldas.gob.ec\/wp-content\/uploads\/2024\/05\/WhatsApp-Image-2024-05-06-at-16.30.16.jpeg\",\"width\":1280,\"height\":853},{\"@type\":\"BreadcrumbList\",\"@id\":\"https:\/\/prefecturadeesmeraldas.gob.ec\/index.php\/2024\/05\/07\/prefecta-roberta-zambrano-destaca-inversion-en-obras-durante-el-acto-de-rendicion-de-cuentas\/#breadcrumb\",\"itemListElement\":[{\"@type\":\"ListItem\",\"position\":1,\"name\":\"Home\",\"item\":\"https:\/\/prefecturadeesmeraldas.gob.ec\/\"},{\"@type\":\"ListItem\",\"position\":2,\"name\":\"Prefecta Roberta Zambrano destaca inversi\u00f3n en obras durante el acto de rendici\u00f3n de cuentas\"}]},{\"@type\":\"WebSite\",\"@id\":\"https:\/\/prefecturadeesmeraldas.gob.ec\/#website\",\"url\":\"https:\/\/prefecturadeesmeraldas.gob.ec\/\",\"name\":\"Gobierno Aut\u00f3nomo Descentralizado de la Provincia de Esmeraldas\",\"description\":\"Gobierno Aut\u00f3nomo Descentralizado de la Provincia de Esmeraldas\",\"publisher\":{\"@id\":\"https:\/\/prefecturadeesmeraldas.gob.ec\/#organization\"},\"potentialAction\":[{\"@type\":\"SearchAction\",\"target\":{\"@type\":\"EntryPoint\",\"urlTemplate\":\"https:\/\/prefecturadeesmeraldas.gob.ec\/?s={search_term_string}\"},\"query-input\":{\"@type\":\"PropertyValueSpecification\",\"valueRequired\":true,\"valueName\":\"search_term_string\"}}],\"inLanguage\":\"es\"},{\"@type\":\"Organization\",\"@id\":\"https:\/\/prefecturadeesmeraldas.gob.ec\/#organization\",\"name\":\"Gobierno Aut\u00f3nomo Descentralizado de la Provincia de Esmeraldas\",\"url\":\"https:\/\/prefecturadeesmeraldas.gob.ec\/\",\"logo\":{\"@type\":\"ImageObject\",\"inLanguage\":\"es\",\"@id\":\"https:\/\/prefecturadeesmeraldas.gob.ec\/#\/schema\/logo\/image\/\",\"url\":\"https:\/\/prefecturadeesmeraldas.gob.ec\/wp-content\/uploads\/2019\/06\/logo.png\",\"contentUrl\":\"https:\/\/prefecturadeesmeraldas.gob.ec\/wp-content\/uploads\/2019\/06\/logo.png\",\"width\":859,\"height\":448,\"caption\":\"Gobierno Aut\u00f3nomo Descentralizado de la Provincia de Esmeraldas\"},\"image\":{\"@id\":\"https:\/\/prefecturadeesmeraldas.gob.ec\/#\/schema\/logo\/image\/\"},\"sameAs\":[\"https:\/\/www.facebook.com\/PrefecturaEsmeraldas\/\"]},{\"@type\":\"Person\",\"@id\":\"https:\/\/prefecturadeesmeraldas.gob.ec\/#\/schema\/person\/b0c9e7b1ead7725994d1e319e8825234\",\"name\":\"Direcci\u00f3n de Comunicaci\u00f3n\",\"image\":{\"@type\":\"ImageObject\",\"inLanguage\":\"es\",\"@id\":\"https:\/\/prefecturadeesmeraldas.gob.ec\/#\/schema\/person\/image\/\",\"url\":\"https:\/\/secure.gravatar.com\/avatar\/74a3870a946f5d774ade3569af61a72308e07ad3346f370c4b468ee2a9858658?s=96&d=mm&r=g\",\"contentUrl\":\"https:\/\/secure.gravatar.com\/avatar\/74a3870a946f5d774ade3569af61a72308e07ad3346f370c4b468ee2a9858658?s=96&d=mm&r=g\",\"caption\":\"Direcci\u00f3n de Comunicaci\u00f3n\"}}]}<\/script>\n<!-- \/ Yoast SEO plugin. -->","yoast_head_json":{"title":"Prefecta Roberta Zambrano destaca inversi\u00f3n en obras durante el acto de rendici\u00f3n de cuentas - Gobierno Aut\u00f3nomo Descentralizado de la Provincia de Esmeraldas","robots":{"index":"index","follow":"follow","max-snippet":"max-snippet:-1","max-image-preview":"max-image-preview:large","max-video-preview":"max-video-preview:-1"},"canonical":"https:\/\/prefecturadeesmeraldas.gob.ec\/index.php\/2024\/05\/07\/prefecta-roberta-zambrano-destaca-inversion-en-obras-durante-el-acto-de-rendicion-de-cuentas\/","og_locale":"es_ES","og_type":"article","og_title":"Prefecta Roberta Zambrano destaca inversi\u00f3n en obras durante el acto de rendici\u00f3n de cuentas - Gobierno Aut\u00f3nomo Descentralizado de la Provincia de Esmeraldas","og_description":"La ma\u00f1ana de hoy, el Gobierno Aut\u00f3nomo Descentralizado de la Provincia de Esmeraldas realiz\u00f3 su acto de Rendici\u00f3n de Cuentas correspondiente al a\u00f1o 2023, destacando el compromiso y la labor incansable de la Prefecta Roberta Zambrano en favor del desarrollo de la provincia. Roberta Zambrano, una l\u00edder que ha demostrado capacidad, compromiso y amor por [&hellip;]","og_url":"https:\/\/prefecturadeesmeraldas.gob.ec\/index.php\/2024\/05\/07\/prefecta-roberta-zambrano-destaca-inversion-en-obras-durante-el-acto-de-rendicion-de-cuentas\/","og_site_name":"Gobierno Aut\u00f3nomo Descentralizado de la Provincia de Esmeraldas","article_publisher":"https:\/\/www.facebook.com\/PrefecturaEsmeraldas\/","article_published_time":"2024-05-07T14:52:43+00:00","article_modified_time":"2024-05-07T14:55:10+00:00","og_image":[{"width":1280,"height":853,"url":"https:\/\/prefecturadeesmeraldas.gob.ec\/wp-content\/uploads\/2024\/05\/WhatsApp-Image-2024-05-06-at-16.30.16.jpeg","type":"image\/jpeg"}],"author":"Direcci\u00f3n de Comunicaci\u00f3n","twitter_card":"summary_large_image","twitter_misc":{"Escrito por":"Direcci\u00f3n de Comunicaci\u00f3n","Tiempo de lectura":"2 minutos"},"schema":{"@context":"https:\/\/schema.org","@graph":[{"@type":"Article","@id":"https:\/\/prefecturadeesmeraldas.gob.ec\/index.php\/2024\/05\/07\/prefecta-roberta-zambrano-destaca-inversion-en-obras-durante-el-acto-de-rendicion-de-cuentas\/#article","isPartOf":{"@id":"https:\/\/prefecturadeesmeraldas.gob.ec\/index.php\/2024\/05\/07\/prefecta-roberta-zambrano-destaca-inversion-en-obras-durante-el-acto-de-rendicion-de-cuentas\/"},"author":{"name":"Direcci\u00f3n de Comunicaci\u00f3n","@id":"https:\/\/prefecturadeesmeraldas.gob.ec\/#\/schema\/person\/b0c9e7b1ead7725994d1e319e8825234"},"headline":"Prefecta Roberta Zambrano destaca inversi\u00f3n en obras durante el acto de rendici\u00f3n de cuentas","datePublished":"2024-05-07T14:52:43+00:00","dateModified":"2024-05-07T14:55:10+00:00","mainEntityOfPage":{"@id":"https:\/\/prefecturadeesmeraldas.gob.ec\/index.php\/2024\/05\/07\/prefecta-roberta-zambrano-destaca-inversion-en-obras-durante-el-acto-de-rendicion-de-cuentas\/"},"wordCount":264,"publisher":{"@id":"https:\/\/prefecturadeesmeraldas.gob.ec\/#organization"},"image":{"@id":"https:\/\/prefecturadeesmeraldas.gob.ec\/index.php\/2024\/05\/07\/prefecta-roberta-zambrano-destaca-inversion-en-obras-durante-el-acto-de-rendicion-de-cuentas\/#primaryimage"},"thumbnailUrl":"https:\/\/prefecturadeesmeraldas.gob.ec\/wp-content\/uploads\/2024\/05\/WhatsApp-Image-2024-05-06-at-16.30.16.jpeg","articleSection":["Institucional"],"inLanguage":"es"},{"@type":"WebPage","@id":"https:\/\/prefecturadeesmeraldas.gob.ec\/index.php\/2024\/05\/07\/prefecta-roberta-zambrano-destaca-inversion-en-obras-durante-el-acto-de-rendicion-de-cuentas\/","url":"https:\/\/prefecturadeesmeraldas.gob.ec\/index.php\/2024\/05\/07\/prefecta-roberta-zambrano-destaca-inversion-en-obras-durante-el-acto-de-rendicion-de-cuentas\/","name":"Prefecta Roberta Zambrano destaca inversi\u00f3n en obras durante el acto de rendici\u00f3n de cuentas - Gobierno Aut\u00f3nomo Descentralizado de la Provincia de Esmeraldas","isPartOf":{"@id":"https:\/\/prefecturadeesmeraldas.gob.ec\/#website"},"primaryImageOfPage":{"@id":"https:\/\/prefecturadeesmeraldas.gob.ec\/index.php\/2024\/05\/07\/prefecta-roberta-zambrano-destaca-inversion-en-obras-durante-el-acto-de-rendicion-de-cuentas\/#primaryimage"},"image":{"@id":"https:\/\/prefecturadeesmeraldas.gob.ec\/index.php\/2024\/05\/07\/prefecta-roberta-zambrano-destaca-inversion-en-obras-durante-el-acto-de-rendicion-de-cuentas\/#primaryimage"},"thumbnailUrl":"https:\/\/prefecturadeesmeraldas.gob.ec\/wp-content\/uploads\/2024\/05\/WhatsApp-Image-2024-05-06-at-16.30.16.jpeg","datePublished":"2024-05-07T14:52:43+00:00","dateModified":"2024-05-07T14:55:10+00:00","breadcrumb":{"@id":"https:\/\/prefecturadeesmeraldas.gob.ec\/index.php\/2024\/05\/07\/prefecta-roberta-zambrano-destaca-inversion-en-obras-durante-el-acto-de-rendicion-de-cuentas\/#breadcrumb"},"inLanguage":"es","potentialAction":[{"@type":"ReadAction","target":["https:\/\/prefecturadeesmeraldas.gob.ec\/index.php\/2024\/05\/07\/prefecta-roberta-zambrano-destaca-inversion-en-obras-durante-el-acto-de-rendicion-de-cuentas\/"]}]},{"@type":"ImageObject","inLanguage":"es","@id":"https:\/\/prefecturadeesmeraldas.gob.ec\/index.php\/2024\/05\/07\/prefecta-roberta-zambrano-destaca-inversion-en-obras-durante-el-acto-de-rendicion-de-cuentas\/#primaryimage","url":"https:\/\/prefecturadeesmeraldas.gob.ec\/wp-content\/uploads\/2024\/05\/WhatsApp-Image-2024-05-06-at-16.30.16.jpeg","contentUrl":"https:\/\/prefecturadeesmeraldas.gob.ec\/wp-content\/uploads\/2024\/05\/WhatsApp-Image-2024-05-06-at-16.30.16.jpeg","width":1280,"height":853},{"@type":"BreadcrumbList","@id":"https:\/\/prefecturadeesmeraldas.gob.ec\/index.php\/2024\/05\/07\/prefecta-roberta-zambrano-destaca-inversion-en-obras-durante-el-acto-de-rendicion-de-cuentas\/#breadcrumb","itemListElement":[{"@type":"ListItem","position":1,"name":"Home","item":"https:\/\/prefecturadeesmeraldas.gob.ec\/"},{"@type":"ListItem","position":2,"name":"Prefecta Roberta Zambrano destaca inversi\u00f3n en obras durante el acto de rendici\u00f3n de cuentas"}]},{"@type":"WebSite","@id":"https:\/\/prefecturadeesmeraldas.gob.ec\/#website","url":"https:\/\/prefecturadeesmeraldas.gob.ec\/","name":"Gobierno Aut\u00f3nomo Descentralizado de la Provincia de Esmeraldas","description":"Gobierno Aut\u00f3nomo Descentralizado de la Provincia de Esmeraldas","publisher":{"@id":"https:\/\/prefecturadeesmeraldas.gob.ec\/#organization"},"potentialAction":[{"@type":"SearchAction","target":{"@type":"EntryPoint","urlTemplate":"https:\/\/prefecturadeesmeraldas.gob.ec\/?s={search_term_string}"},"query-input":{"@type":"PropertyValueSpecification","valueRequired":true,"valueName":"search_term_string"}}],"inLanguage":"es"},{"@type":"Organization","@id":"https:\/\/prefecturadeesmeraldas.gob.ec\/#organization","name":"Gobierno Aut\u00f3nomo Descentralizado de la Provincia de Esmeraldas","url":"https:\/\/prefecturadeesmeraldas.gob.ec\/","logo":{"@type":"ImageObject","inLanguage":"es","@id":"https:\/\/prefecturadeesmeraldas.gob.ec\/#\/schema\/logo\/image\/","url":"https:\/\/prefecturadeesmeraldas.gob.ec\/wp-content\/uploads\/2019\/06\/logo.png","contentUrl":"https:\/\/prefecturadeesmeraldas.gob.ec\/wp-content\/uploads\/2019\/06\/logo.png","width":859,"height":448,"caption":"Gobierno Aut\u00f3nomo Descentralizado de la Provincia de Esmeraldas"},"image":{"@id":"https:\/\/prefecturadeesmeraldas.gob.ec\/#\/schema\/logo\/image\/"},"sameAs":["https:\/\/www.facebook.com\/PrefecturaEsmeraldas\/"]},{"@type":"Person","@id":"https:\/\/prefecturadeesmeraldas.gob.ec\/#\/schema\/person\/b0c9e7b1ead7725994d1e319e8825234","name":"Direcci\u00f3n de Comunicaci\u00f3n","image":{"@type":"ImageObject","inLanguage":"es","@id":"https:\/\/prefecturadeesmeraldas.gob.ec\/#\/schema\/person\/image\/","url":"https:\/\/secure.gravatar.com\/avatar\/74a3870a946f5d774ade3569af61a72308e07ad3346f370c4b468ee2a9858658?s=96&d=mm&r=g","contentUrl":"https:\/\/secure.gravatar.com\/avatar\/74a3870a946f5d774ade3569af61a72308e07ad3346f370c4b468ee2a9858658?s=96&d=mm&r=g","caption":"Direcci\u00f3n de Comunicaci\u00f3n"}}]}},"_links":{"self":[{"href":"https:\/\/prefecturadeesmeraldas.gob.ec\/index.php\/wp-json\/wp\/v2\/posts\/25714","targetHints":{"allow":["GET"]}}],"collection":[{"href":"https:\/\/prefecturadeesmeraldas.gob.ec\/index.php\/wp-json\/wp\/v2\/posts"}],"about":[{"href":"https:\/\/prefecturadeesmeraldas.gob.ec\/index.php\/wp-json\/wp\/v2\/types\/post"}],"author":[{"embeddable":true,"href":"https:\/\/prefecturadeesmeraldas.gob.ec\/index.php\/wp-json\/wp\/v2\/users\/2"}],"replies":[{"embeddable":true,"href":"https:\/\/prefecturadeesmeraldas.gob.ec\/index.php\/wp-json\/wp\/v2\/comments?post=25714"}],"version-history":[{"count":0,"href":"https:\/\/prefecturadeesmeraldas.gob.ec\/index.php\/wp-json\/wp\/v2\/posts\/25714\/revisions"}],"wp:featuredmedia":[{"embeddable":true,"href":"https:\/\/prefecturadeesmeraldas.gob.ec\/index.php\/wp-json\/wp\/v2\/media\/25716"}],"wp:attachment":[{"href":"https:\/\/prefecturadeesmeraldas.gob.ec\/index.php\/wp-json\/wp\/v2\/media?parent=25714"}],"wp:term":[{"taxonomy":"category","embeddable":true,"href":"https:\/\/prefecturadeesmeraldas.gob.ec\/index.php\/wp-json\/wp\/v2\/categories?post=25714"},{"taxonomy":"post_tag","embeddable":true,"href":"https:\/\/prefecturadeesmeraldas.gob.ec\/index.php\/wp-json\/wp\/v2\/tags?post=25714"}],"curies":[{"name":"wp","href":"https:\/\/api.w.org\/{rel}","templated":true}]}}