{"id":25624,"date":"2024-04-25T10:26:06","date_gmt":"2024-04-25T15:26:06","guid":{"rendered":"https:\/\/prefecturadeesmeraldas.gob.ec\/?p=25624"},"modified":"2024-04-25T11:07:20","modified_gmt":"2024-04-25T16:07:20","slug":"prefectura-de-esmeraldas-continua-brindando-su-apoyo-al-cultivo-de-cacao-en-la-provincia","status":"publish","type":"post","link":"https:\/\/prefecturadeesmeraldas.gob.ec\/index.php\/2024\/04\/25\/prefectura-de-esmeraldas-continua-brindando-su-apoyo-al-cultivo-de-cacao-en-la-provincia\/","title":{"rendered":"Prefectura de Esmeraldas contin\u00faa brindando su apoyo al cultivo de cacao en la provincia."},"content":{"rendered":"\t\t<div data-elementor-type=\"wp-post\" data-elementor-id=\"25624\" class=\"elementor elementor-25624\">\n\t\t\t\t<div class=\"elementor-element elementor-element-e0d2d68 e-flex e-con-boxed e-con e-parent\" data-id=\"e0d2d68\" data-element_type=\"container\">\n\t\t\t\t\t<div class=\"e-con-inner\">\n\t\t\t\t<div class=\"elementor-element elementor-element-52d25ca elementor-widget elementor-widget-image\" data-id=\"52d25ca\" data-element_type=\"widget\" data-widget_type=\"image.default\">\n\t\t\t\t<div class=\"elementor-widget-container\">\n\t\t\t\t\t\t\t\t\t\t\t\t\t\t\t<img fetchpriority=\"high\" decoding=\"async\" width=\"1280\" height=\"720\" src=\"https:\/\/prefecturadeesmeraldas.gob.ec\/wp-content\/uploads\/2024\/04\/111-1.png\" class=\"attachment-large size-large wp-image-25626\" alt=\"\" srcset=\"https:\/\/prefecturadeesmeraldas.gob.ec\/wp-content\/uploads\/2024\/04\/111-1.png 1280w, https:\/\/prefecturadeesmeraldas.gob.ec\/wp-content\/uploads\/2024\/04\/111-1-300x169.png 300w, https:\/\/prefecturadeesmeraldas.gob.ec\/wp-content\/uploads\/2024\/04\/111-1-768x432.png 768w\" sizes=\"(max-width: 1280px) 100vw, 1280px\" \/>\t\t\t\t\t\t\t\t\t\t\t\t\t\t\t<\/div>\n\t\t\t\t<\/div>\n\t\t\t\t\t<\/div>\n\t\t\t\t<\/div>\n\t\t<div class=\"elementor-element elementor-element-6ecc971 e-flex e-con-boxed e-con e-parent\" data-id=\"6ecc971\" data-element_type=\"container\">\n\t\t\t\t\t<div class=\"e-con-inner\">\n\t\t\t\t<div class=\"elementor-element elementor-element-d1a5939 elementor-widget elementor-widget-text-editor\" data-id=\"d1a5939\" data-element_type=\"widget\" data-widget_type=\"text-editor.default\">\n\t\t\t\t<div class=\"elementor-widget-container\">\n\t\t\t\t\t\t\t\t\t<p>La Direcci\u00f3n de Fomento y Desarrollo Productivo de la Prefectura de Esmeraldas, en coordinaci\u00f3n directa con la Prefecta Roberta Zambrano, contin\u00faa fortaleciendo el sector agr\u00edcola de la provincia a trav\u00e9s de iniciativas de apoyo al cultivo de cacao. En este contexto, se destaca la reciente cosecha de \u00e9xitos obtenida por los agricultores locales, quienes han apostado al cultivo de este preciado producto.<\/p><p>La provincia de Esmeraldas, conocida por su biodiversidad y condiciones clim\u00e1ticas favorables, se ha posicionado como un importante productor de cacao de alta calidad. Con el objetivo de potenciar este cultivo, la Direcci\u00f3n de Fomento y Desarrollo Productivo ha brindado apoyo integral a los agricultores, ofreciendo asistencia t\u00e9cnica, capacitaci\u00f3n y recursos para mejorar sus pr\u00e1cticas agr\u00edcolas.<\/p><p>La administraci\u00f3n de Roberta Zambrano, Prefecta de Esmeraldas, ha reafirmado su compromiso con el desarrollo sostenible y la promoci\u00f3n de la agricultura local, reconociendo al cacao como un cultivo estrat\u00e9gico para la econom\u00eda provincial.<\/p><p>Entre las acciones llevadas a cabo para apoyar a los agricultores de cacao, se destacan:<\/p><p>Capacitaci\u00f3n t\u00e9cnica: Se han impartido talleres y jornadas de capacitaci\u00f3n sobre buenas pr\u00e1cticas agr\u00edcolas, manejo integrado de plagas y enfermedades, y t\u00e9cnicas de post cosecha, con el fin de mejorar la calidad y productividad del cacao.<\/p><p>Acceso a insumos y recursos: La Prefectura ha facilitado el acceso a insumos agr\u00edcolas de calidad, as\u00ed como a financiamiento y programas de incentivos para la adquisici\u00f3n de herramientas y maquinaria necesarias para el cultivo y procesamiento del cacao.<\/p><p>Promoci\u00f3n y comercializaci\u00f3n: Se han desarrollado estrategias de promoci\u00f3n y comercializaci\u00f3n del cacao de Esmeraldas a nivel nacional e internacional, buscando ampliar los mercados y mejorar los precios para los productores locales.<\/p><p>Apoyo log\u00edstico: Se han implementado medidas para mejorar la infraestructura y la log\u00edstica de transporte en las zonas rurales, facilitando el acceso de los agricultores al mercado y reduciendo los costos de distribuci\u00f3n.<\/p><p>Gracias al compromiso y trabajo conjunto entre la Direcci\u00f3n de Fomento y Desarrollo Productivo de la Prefectura de Esmeraldas y los agricultores locales, se ha logrado una exitosa cosecha de cacao, impulsando el desarrollo econ\u00f3mico y social de la provincia.<\/p>\t\t\t\t\t\t\t\t<\/div>\n\t\t\t\t<\/div>\n\t\t\t\t\t<\/div>\n\t\t\t\t<\/div>\n\t\t\t\t<\/div>\n\t\t","protected":false},"excerpt":{"rendered":"<p>La Direcci\u00f3n de Fomento y Desarrollo Productivo de la Prefectura de Esmeraldas, en coordinaci\u00f3n directa con la Prefecta Roberta Zambrano, contin\u00faa fortaleciendo el sector agr\u00edcola de la provincia a trav\u00e9s de iniciativas de apoyo al cultivo de cacao. En este contexto, se destaca la reciente cosecha de \u00e9xitos obtenida por los agricultores locales, quienes han [&hellip;]<\/p>\n","protected":false},"author":2,"featured_media":25626,"comment_status":"closed","ping_status":"open","sticky":false,"template":"","format":"standard","meta":{"footnotes":""},"categories":[12],"tags":[],"class_list":["post-25624","post","type-post","status-publish","format-standard","has-post-thumbnail","hentry","category-fomento_productivo_2019"],"yoast_head":"<!-- This site is optimized with the Yoast SEO plugin v25.7 - https:\/\/yoast.com\/wordpress\/plugins\/seo\/ -->\n<title>Prefectura de Esmeraldas contin\u00faa brindando su apoyo al cultivo de cacao en la provincia. - Gobierno Aut\u00f3nomo Descentralizado de la Provincia de Esmeraldas<\/title>\n<meta name=\"robots\" content=\"index, follow, max-snippet:-1, max-image-preview:large, max-video-preview:-1\" \/>\n<link rel=\"canonical\" href=\"https:\/\/prefecturadeesmeraldas.gob.ec\/index.php\/2024\/04\/25\/prefectura-de-esmeraldas-continua-brindando-su-apoyo-al-cultivo-de-cacao-en-la-provincia\/\" \/>\n<meta property=\"og:locale\" content=\"es_ES\" \/>\n<meta property=\"og:type\" content=\"article\" \/>\n<meta property=\"og:title\" content=\"Prefectura de Esmeraldas contin\u00faa brindando su apoyo al cultivo de cacao en la provincia. - Gobierno Aut\u00f3nomo Descentralizado de la Provincia de Esmeraldas\" \/>\n<meta property=\"og:description\" content=\"La Direcci\u00f3n de Fomento y Desarrollo Productivo de la Prefectura de Esmeraldas, en coordinaci\u00f3n directa con la Prefecta Roberta Zambrano, contin\u00faa fortaleciendo el sector agr\u00edcola de la provincia a trav\u00e9s de iniciativas de apoyo al cultivo de cacao. En este contexto, se destaca la reciente cosecha de \u00e9xitos obtenida por los agricultores locales, quienes han [&hellip;]\" \/>\n<meta property=\"og:url\" content=\"https:\/\/prefecturadeesmeraldas.gob.ec\/index.php\/2024\/04\/25\/prefectura-de-esmeraldas-continua-brindando-su-apoyo-al-cultivo-de-cacao-en-la-provincia\/\" \/>\n<meta property=\"og:site_name\" content=\"Gobierno Aut\u00f3nomo Descentralizado de la Provincia de Esmeraldas\" \/>\n<meta property=\"article:publisher\" content=\"https:\/\/www.facebook.com\/PrefecturaEsmeraldas\/\" \/>\n<meta property=\"article:published_time\" content=\"2024-04-25T15:26:06+00:00\" \/>\n<meta property=\"article:modified_time\" content=\"2024-04-25T16:07:20+00:00\" \/>\n<meta property=\"og:image\" content=\"https:\/\/prefecturadeesmeraldas.gob.ec\/wp-content\/uploads\/2024\/04\/111-1.png\" \/>\n\t<meta property=\"og:image:width\" content=\"1280\" \/>\n\t<meta property=\"og:image:height\" content=\"720\" \/>\n\t<meta property=\"og:image:type\" content=\"image\/png\" \/>\n<meta name=\"author\" content=\"Direcci\u00f3n de Comunicaci\u00f3n\" \/>\n<meta name=\"twitter:card\" content=\"summary_large_image\" \/>\n<meta name=\"twitter:label1\" content=\"Escrito por\" \/>\n\t<meta name=\"twitter:data1\" content=\"Direcci\u00f3n de Comunicaci\u00f3n\" \/>\n\t<meta name=\"twitter:label2\" content=\"Tiempo de lectura\" \/>\n\t<meta name=\"twitter:data2\" content=\"2 minutos\" \/>\n<script type=\"application\/ld+json\" class=\"yoast-schema-graph\">{\"@context\":\"https:\/\/schema.org\",\"@graph\":[{\"@type\":\"Article\",\"@id\":\"https:\/\/prefecturadeesmeraldas.gob.ec\/index.php\/2024\/04\/25\/prefectura-de-esmeraldas-continua-brindando-su-apoyo-al-cultivo-de-cacao-en-la-provincia\/#article\",\"isPartOf\":{\"@id\":\"https:\/\/prefecturadeesmeraldas.gob.ec\/index.php\/2024\/04\/25\/prefectura-de-esmeraldas-continua-brindando-su-apoyo-al-cultivo-de-cacao-en-la-provincia\/\"},\"author\":{\"name\":\"Direcci\u00f3n de Comunicaci\u00f3n\",\"@id\":\"https:\/\/prefecturadeesmeraldas.gob.ec\/#\/schema\/person\/b0c9e7b1ead7725994d1e319e8825234\"},\"headline\":\"Prefectura de Esmeraldas contin\u00faa brindando su apoyo al cultivo de cacao en la provincia.\",\"datePublished\":\"2024-04-25T15:26:06+00:00\",\"dateModified\":\"2024-04-25T16:07:20+00:00\",\"mainEntityOfPage\":{\"@id\":\"https:\/\/prefecturadeesmeraldas.gob.ec\/index.php\/2024\/04\/25\/prefectura-de-esmeraldas-continua-brindando-su-apoyo-al-cultivo-de-cacao-en-la-provincia\/\"},\"wordCount\":394,\"publisher\":{\"@id\":\"https:\/\/prefecturadeesmeraldas.gob.ec\/#organization\"},\"image\":{\"@id\":\"https:\/\/prefecturadeesmeraldas.gob.ec\/index.php\/2024\/04\/25\/prefectura-de-esmeraldas-continua-brindando-su-apoyo-al-cultivo-de-cacao-en-la-provincia\/#primaryimage\"},\"thumbnailUrl\":\"https:\/\/prefecturadeesmeraldas.gob.ec\/wp-content\/uploads\/2024\/04\/111-1.png\",\"articleSection\":[\"Fomento Productivo\"],\"inLanguage\":\"es\"},{\"@type\":\"WebPage\",\"@id\":\"https:\/\/prefecturadeesmeraldas.gob.ec\/index.php\/2024\/04\/25\/prefectura-de-esmeraldas-continua-brindando-su-apoyo-al-cultivo-de-cacao-en-la-provincia\/\",\"url\":\"https:\/\/prefecturadeesmeraldas.gob.ec\/index.php\/2024\/04\/25\/prefectura-de-esmeraldas-continua-brindando-su-apoyo-al-cultivo-de-cacao-en-la-provincia\/\",\"name\":\"Prefectura de Esmeraldas contin\u00faa brindando su apoyo al cultivo de cacao en la provincia. - Gobierno Aut\u00f3nomo Descentralizado de la Provincia de Esmeraldas\",\"isPartOf\":{\"@id\":\"https:\/\/prefecturadeesmeraldas.gob.ec\/#website\"},\"primaryImageOfPage\":{\"@id\":\"https:\/\/prefecturadeesmeraldas.gob.ec\/index.php\/2024\/04\/25\/prefectura-de-esmeraldas-continua-brindando-su-apoyo-al-cultivo-de-cacao-en-la-provincia\/#primaryimage\"},\"image\":{\"@id\":\"https:\/\/prefecturadeesmeraldas.gob.ec\/index.php\/2024\/04\/25\/prefectura-de-esmeraldas-continua-brindando-su-apoyo-al-cultivo-de-cacao-en-la-provincia\/#primaryimage\"},\"thumbnailUrl\":\"https:\/\/prefecturadeesmeraldas.gob.ec\/wp-content\/uploads\/2024\/04\/111-1.png\",\"datePublished\":\"2024-04-25T15:26:06+00:00\",\"dateModified\":\"2024-04-25T16:07:20+00:00\",\"breadcrumb\":{\"@id\":\"https:\/\/prefecturadeesmeraldas.gob.ec\/index.php\/2024\/04\/25\/prefectura-de-esmeraldas-continua-brindando-su-apoyo-al-cultivo-de-cacao-en-la-provincia\/#breadcrumb\"},\"inLanguage\":\"es\",\"potentialAction\":[{\"@type\":\"ReadAction\",\"target\":[\"https:\/\/prefecturadeesmeraldas.gob.ec\/index.php\/2024\/04\/25\/prefectura-de-esmeraldas-continua-brindando-su-apoyo-al-cultivo-de-cacao-en-la-provincia\/\"]}]},{\"@type\":\"ImageObject\",\"inLanguage\":\"es\",\"@id\":\"https:\/\/prefecturadeesmeraldas.gob.ec\/index.php\/2024\/04\/25\/prefectura-de-esmeraldas-continua-brindando-su-apoyo-al-cultivo-de-cacao-en-la-provincia\/#primaryimage\",\"url\":\"https:\/\/prefecturadeesmeraldas.gob.ec\/wp-content\/uploads\/2024\/04\/111-1.png\",\"contentUrl\":\"https:\/\/prefecturadeesmeraldas.gob.ec\/wp-content\/uploads\/2024\/04\/111-1.png\",\"width\":1280,\"height\":720},{\"@type\":\"BreadcrumbList\",\"@id\":\"https:\/\/prefecturadeesmeraldas.gob.ec\/index.php\/2024\/04\/25\/prefectura-de-esmeraldas-continua-brindando-su-apoyo-al-cultivo-de-cacao-en-la-provincia\/#breadcrumb\",\"itemListElement\":[{\"@type\":\"ListItem\",\"position\":1,\"name\":\"Home\",\"item\":\"https:\/\/prefecturadeesmeraldas.gob.ec\/\"},{\"@type\":\"ListItem\",\"position\":2,\"name\":\"Prefectura de Esmeraldas contin\u00faa brindando su apoyo al cultivo de cacao en la provincia.\"}]},{\"@type\":\"WebSite\",\"@id\":\"https:\/\/prefecturadeesmeraldas.gob.ec\/#website\",\"url\":\"https:\/\/prefecturadeesmeraldas.gob.ec\/\",\"name\":\"Gobierno Aut\u00f3nomo Descentralizado de la Provincia de Esmeraldas\",\"description\":\"Gobierno Aut\u00f3nomo Descentralizado de la Provincia de Esmeraldas\",\"publisher\":{\"@id\":\"https:\/\/prefecturadeesmeraldas.gob.ec\/#organization\"},\"potentialAction\":[{\"@type\":\"SearchAction\",\"target\":{\"@type\":\"EntryPoint\",\"urlTemplate\":\"https:\/\/prefecturadeesmeraldas.gob.ec\/?s={search_term_string}\"},\"query-input\":{\"@type\":\"PropertyValueSpecification\",\"valueRequired\":true,\"valueName\":\"search_term_string\"}}],\"inLanguage\":\"es\"},{\"@type\":\"Organization\",\"@id\":\"https:\/\/prefecturadeesmeraldas.gob.ec\/#organization\",\"name\":\"Gobierno Aut\u00f3nomo Descentralizado de la Provincia de Esmeraldas\",\"url\":\"https:\/\/prefecturadeesmeraldas.gob.ec\/\",\"logo\":{\"@type\":\"ImageObject\",\"inLanguage\":\"es\",\"@id\":\"https:\/\/prefecturadeesmeraldas.gob.ec\/#\/schema\/logo\/image\/\",\"url\":\"https:\/\/prefecturadeesmeraldas.gob.ec\/wp-content\/uploads\/2019\/06\/logo.png\",\"contentUrl\":\"https:\/\/prefecturadeesmeraldas.gob.ec\/wp-content\/uploads\/2019\/06\/logo.png\",\"width\":859,\"height\":448,\"caption\":\"Gobierno Aut\u00f3nomo Descentralizado de la Provincia de Esmeraldas\"},\"image\":{\"@id\":\"https:\/\/prefecturadeesmeraldas.gob.ec\/#\/schema\/logo\/image\/\"},\"sameAs\":[\"https:\/\/www.facebook.com\/PrefecturaEsmeraldas\/\"]},{\"@type\":\"Person\",\"@id\":\"https:\/\/prefecturadeesmeraldas.gob.ec\/#\/schema\/person\/b0c9e7b1ead7725994d1e319e8825234\",\"name\":\"Direcci\u00f3n de Comunicaci\u00f3n\",\"image\":{\"@type\":\"ImageObject\",\"inLanguage\":\"es\",\"@id\":\"https:\/\/prefecturadeesmeraldas.gob.ec\/#\/schema\/person\/image\/\",\"url\":\"https:\/\/secure.gravatar.com\/avatar\/74a3870a946f5d774ade3569af61a72308e07ad3346f370c4b468ee2a9858658?s=96&d=mm&r=g\",\"contentUrl\":\"https:\/\/secure.gravatar.com\/avatar\/74a3870a946f5d774ade3569af61a72308e07ad3346f370c4b468ee2a9858658?s=96&d=mm&r=g\",\"caption\":\"Direcci\u00f3n de Comunicaci\u00f3n\"}}]}<\/script>\n<!-- \/ Yoast SEO plugin. -->","yoast_head_json":{"title":"Prefectura de Esmeraldas contin\u00faa brindando su apoyo al cultivo de cacao en la provincia. - Gobierno Aut\u00f3nomo Descentralizado de la Provincia de Esmeraldas","robots":{"index":"index","follow":"follow","max-snippet":"max-snippet:-1","max-image-preview":"max-image-preview:large","max-video-preview":"max-video-preview:-1"},"canonical":"https:\/\/prefecturadeesmeraldas.gob.ec\/index.php\/2024\/04\/25\/prefectura-de-esmeraldas-continua-brindando-su-apoyo-al-cultivo-de-cacao-en-la-provincia\/","og_locale":"es_ES","og_type":"article","og_title":"Prefectura de Esmeraldas contin\u00faa brindando su apoyo al cultivo de cacao en la provincia. - Gobierno Aut\u00f3nomo Descentralizado de la Provincia de Esmeraldas","og_description":"La Direcci\u00f3n de Fomento y Desarrollo Productivo de la Prefectura de Esmeraldas, en coordinaci\u00f3n directa con la Prefecta Roberta Zambrano, contin\u00faa fortaleciendo el sector agr\u00edcola de la provincia a trav\u00e9s de iniciativas de apoyo al cultivo de cacao. En este contexto, se destaca la reciente cosecha de \u00e9xitos obtenida por los agricultores locales, quienes han [&hellip;]","og_url":"https:\/\/prefecturadeesmeraldas.gob.ec\/index.php\/2024\/04\/25\/prefectura-de-esmeraldas-continua-brindando-su-apoyo-al-cultivo-de-cacao-en-la-provincia\/","og_site_name":"Gobierno Aut\u00f3nomo Descentralizado de la Provincia de Esmeraldas","article_publisher":"https:\/\/www.facebook.com\/PrefecturaEsmeraldas\/","article_published_time":"2024-04-25T15:26:06+00:00","article_modified_time":"2024-04-25T16:07:20+00:00","og_image":[{"url":"https:\/\/prefecturadeesmeraldas.gob.ec\/wp-content\/uploads\/2024\/04\/111-1.png","width":1280,"height":720,"type":"image\/png"}],"author":"Direcci\u00f3n de Comunicaci\u00f3n","twitter_card":"summary_large_image","twitter_misc":{"Escrito por":"Direcci\u00f3n de Comunicaci\u00f3n","Tiempo de lectura":"2 minutos"},"schema":{"@context":"https:\/\/schema.org","@graph":[{"@type":"Article","@id":"https:\/\/prefecturadeesmeraldas.gob.ec\/index.php\/2024\/04\/25\/prefectura-de-esmeraldas-continua-brindando-su-apoyo-al-cultivo-de-cacao-en-la-provincia\/#article","isPartOf":{"@id":"https:\/\/prefecturadeesmeraldas.gob.ec\/index.php\/2024\/04\/25\/prefectura-de-esmeraldas-continua-brindando-su-apoyo-al-cultivo-de-cacao-en-la-provincia\/"},"author":{"name":"Direcci\u00f3n de Comunicaci\u00f3n","@id":"https:\/\/prefecturadeesmeraldas.gob.ec\/#\/schema\/person\/b0c9e7b1ead7725994d1e319e8825234"},"headline":"Prefectura de Esmeraldas contin\u00faa brindando su apoyo al cultivo de cacao en la provincia.","datePublished":"2024-04-25T15:26:06+00:00","dateModified":"2024-04-25T16:07:20+00:00","mainEntityOfPage":{"@id":"https:\/\/prefecturadeesmeraldas.gob.ec\/index.php\/2024\/04\/25\/prefectura-de-esmeraldas-continua-brindando-su-apoyo-al-cultivo-de-cacao-en-la-provincia\/"},"wordCount":394,"publisher":{"@id":"https:\/\/prefecturadeesmeraldas.gob.ec\/#organization"},"image":{"@id":"https:\/\/prefecturadeesmeraldas.gob.ec\/index.php\/2024\/04\/25\/prefectura-de-esmeraldas-continua-brindando-su-apoyo-al-cultivo-de-cacao-en-la-provincia\/#primaryimage"},"thumbnailUrl":"https:\/\/prefecturadeesmeraldas.gob.ec\/wp-content\/uploads\/2024\/04\/111-1.png","articleSection":["Fomento Productivo"],"inLanguage":"es"},{"@type":"WebPage","@id":"https:\/\/prefecturadeesmeraldas.gob.ec\/index.php\/2024\/04\/25\/prefectura-de-esmeraldas-continua-brindando-su-apoyo-al-cultivo-de-cacao-en-la-provincia\/","url":"https:\/\/prefecturadeesmeraldas.gob.ec\/index.php\/2024\/04\/25\/prefectura-de-esmeraldas-continua-brindando-su-apoyo-al-cultivo-de-cacao-en-la-provincia\/","name":"Prefectura de Esmeraldas contin\u00faa brindando su apoyo al cultivo de cacao en la provincia. - Gobierno Aut\u00f3nomo Descentralizado de la Provincia de Esmeraldas","isPartOf":{"@id":"https:\/\/prefecturadeesmeraldas.gob.ec\/#website"},"primaryImageOfPage":{"@id":"https:\/\/prefecturadeesmeraldas.gob.ec\/index.php\/2024\/04\/25\/prefectura-de-esmeraldas-continua-brindando-su-apoyo-al-cultivo-de-cacao-en-la-provincia\/#primaryimage"},"image":{"@id":"https:\/\/prefecturadeesmeraldas.gob.ec\/index.php\/2024\/04\/25\/prefectura-de-esmeraldas-continua-brindando-su-apoyo-al-cultivo-de-cacao-en-la-provincia\/#primaryimage"},"thumbnailUrl":"https:\/\/prefecturadeesmeraldas.gob.ec\/wp-content\/uploads\/2024\/04\/111-1.png","datePublished":"2024-04-25T15:26:06+00:00","dateModified":"2024-04-25T16:07:20+00:00","breadcrumb":{"@id":"https:\/\/prefecturadeesmeraldas.gob.ec\/index.php\/2024\/04\/25\/prefectura-de-esmeraldas-continua-brindando-su-apoyo-al-cultivo-de-cacao-en-la-provincia\/#breadcrumb"},"inLanguage":"es","potentialAction":[{"@type":"ReadAction","target":["https:\/\/prefecturadeesmeraldas.gob.ec\/index.php\/2024\/04\/25\/prefectura-de-esmeraldas-continua-brindando-su-apoyo-al-cultivo-de-cacao-en-la-provincia\/"]}]},{"@type":"ImageObject","inLanguage":"es","@id":"https:\/\/prefecturadeesmeraldas.gob.ec\/index.php\/2024\/04\/25\/prefectura-de-esmeraldas-continua-brindando-su-apoyo-al-cultivo-de-cacao-en-la-provincia\/#primaryimage","url":"https:\/\/prefecturadeesmeraldas.gob.ec\/wp-content\/uploads\/2024\/04\/111-1.png","contentUrl":"https:\/\/prefecturadeesmeraldas.gob.ec\/wp-content\/uploads\/2024\/04\/111-1.png","width":1280,"height":720},{"@type":"BreadcrumbList","@id":"https:\/\/prefecturadeesmeraldas.gob.ec\/index.php\/2024\/04\/25\/prefectura-de-esmeraldas-continua-brindando-su-apoyo-al-cultivo-de-cacao-en-la-provincia\/#breadcrumb","itemListElement":[{"@type":"ListItem","position":1,"name":"Home","item":"https:\/\/prefecturadeesmeraldas.gob.ec\/"},{"@type":"ListItem","position":2,"name":"Prefectura de Esmeraldas contin\u00faa brindando su apoyo al cultivo de cacao en la provincia."}]},{"@type":"WebSite","@id":"https:\/\/prefecturadeesmeraldas.gob.ec\/#website","url":"https:\/\/prefecturadeesmeraldas.gob.ec\/","name":"Gobierno Aut\u00f3nomo Descentralizado de la Provincia de Esmeraldas","description":"Gobierno Aut\u00f3nomo Descentralizado de la Provincia de Esmeraldas","publisher":{"@id":"https:\/\/prefecturadeesmeraldas.gob.ec\/#organization"},"potentialAction":[{"@type":"SearchAction","target":{"@type":"EntryPoint","urlTemplate":"https:\/\/prefecturadeesmeraldas.gob.ec\/?s={search_term_string}"},"query-input":{"@type":"PropertyValueSpecification","valueRequired":true,"valueName":"search_term_string"}}],"inLanguage":"es"},{"@type":"Organization","@id":"https:\/\/prefecturadeesmeraldas.gob.ec\/#organization","name":"Gobierno Aut\u00f3nomo Descentralizado de la Provincia de Esmeraldas","url":"https:\/\/prefecturadeesmeraldas.gob.ec\/","logo":{"@type":"ImageObject","inLanguage":"es","@id":"https:\/\/prefecturadeesmeraldas.gob.ec\/#\/schema\/logo\/image\/","url":"https:\/\/prefecturadeesmeraldas.gob.ec\/wp-content\/uploads\/2019\/06\/logo.png","contentUrl":"https:\/\/prefecturadeesmeraldas.gob.ec\/wp-content\/uploads\/2019\/06\/logo.png","width":859,"height":448,"caption":"Gobierno Aut\u00f3nomo Descentralizado de la Provincia de Esmeraldas"},"image":{"@id":"https:\/\/prefecturadeesmeraldas.gob.ec\/#\/schema\/logo\/image\/"},"sameAs":["https:\/\/www.facebook.com\/PrefecturaEsmeraldas\/"]},{"@type":"Person","@id":"https:\/\/prefecturadeesmeraldas.gob.ec\/#\/schema\/person\/b0c9e7b1ead7725994d1e319e8825234","name":"Direcci\u00f3n de Comunicaci\u00f3n","image":{"@type":"ImageObject","inLanguage":"es","@id":"https:\/\/prefecturadeesmeraldas.gob.ec\/#\/schema\/person\/image\/","url":"https:\/\/secure.gravatar.com\/avatar\/74a3870a946f5d774ade3569af61a72308e07ad3346f370c4b468ee2a9858658?s=96&d=mm&r=g","contentUrl":"https:\/\/secure.gravatar.com\/avatar\/74a3870a946f5d774ade3569af61a72308e07ad3346f370c4b468ee2a9858658?s=96&d=mm&r=g","caption":"Direcci\u00f3n de Comunicaci\u00f3n"}}]}},"_links":{"self":[{"href":"https:\/\/prefecturadeesmeraldas.gob.ec\/index.php\/wp-json\/wp\/v2\/posts\/25624","targetHints":{"allow":["GET"]}}],"collection":[{"href":"https:\/\/prefecturadeesmeraldas.gob.ec\/index.php\/wp-json\/wp\/v2\/posts"}],"about":[{"href":"https:\/\/prefecturadeesmeraldas.gob.ec\/index.php\/wp-json\/wp\/v2\/types\/post"}],"author":[{"embeddable":true,"href":"https:\/\/prefecturadeesmeraldas.gob.ec\/index.php\/wp-json\/wp\/v2\/users\/2"}],"replies":[{"embeddable":true,"href":"https:\/\/prefecturadeesmeraldas.gob.ec\/index.php\/wp-json\/wp\/v2\/comments?post=25624"}],"version-history":[{"count":0,"href":"https:\/\/prefecturadeesmeraldas.gob.ec\/index.php\/wp-json\/wp\/v2\/posts\/25624\/revisions"}],"wp:featuredmedia":[{"embeddable":true,"href":"https:\/\/prefecturadeesmeraldas.gob.ec\/index.php\/wp-json\/wp\/v2\/media\/25626"}],"wp:attachment":[{"href":"https:\/\/prefecturadeesmeraldas.gob.ec\/index.php\/wp-json\/wp\/v2\/media?parent=25624"}],"wp:term":[{"taxonomy":"category","embeddable":true,"href":"https:\/\/prefecturadeesmeraldas.gob.ec\/index.php\/wp-json\/wp\/v2\/categories?post=25624"},{"taxonomy":"post_tag","embeddable":true,"href":"https:\/\/prefecturadeesmeraldas.gob.ec\/index.php\/wp-json\/wp\/v2\/tags?post=25624"}],"curies":[{"name":"wp","href":"https:\/\/api.w.org\/{rel}","templated":true}]}}