{"id":25587,"date":"2024-04-23T09:21:17","date_gmt":"2024-04-23T14:21:17","guid":{"rendered":"https:\/\/prefecturadeesmeraldas.gob.ec\/?p=25587"},"modified":"2024-04-23T09:23:12","modified_gmt":"2024-04-23T14:23:12","slug":"prefectura-esmeralda-atendio-a-habitantes-de-la-parroquia-daule-en-salud-preventiva","status":"publish","type":"post","link":"https:\/\/prefecturadeesmeraldas.gob.ec\/index.php\/2024\/04\/23\/prefectura-esmeralda-atendio-a-habitantes-de-la-parroquia-daule-en-salud-preventiva\/","title":{"rendered":"Prefectura Esmeralda atendi\u00f3 a habitantes de la parroquia Daule en salud preventiva."},"content":{"rendered":"\t\t<div data-elementor-type=\"wp-post\" data-elementor-id=\"25587\" class=\"elementor elementor-25587\">\n\t\t\t\t<div class=\"elementor-element elementor-element-efa0478 e-flex e-con-boxed e-con e-parent\" data-id=\"efa0478\" data-element_type=\"container\">\n\t\t\t\t\t<div class=\"e-con-inner\">\n\t\t\t\t<div class=\"elementor-element elementor-element-f014498 elementor-widget elementor-widget-image\" data-id=\"f014498\" data-element_type=\"widget\" data-widget_type=\"image.default\">\n\t\t\t\t<div class=\"elementor-widget-container\">\n\t\t\t\t\t\t\t\t\t\t\t\t\t\t\t<img fetchpriority=\"high\" decoding=\"async\" width=\"1280\" height=\"1280\" src=\"https:\/\/prefecturadeesmeraldas.gob.ec\/wp-content\/uploads\/2024\/04\/WhatsApp-Image-2024-04-22-at-20.29.52-3.jpeg\" class=\"attachment-large size-large wp-image-25589\" alt=\"\" srcset=\"https:\/\/prefecturadeesmeraldas.gob.ec\/wp-content\/uploads\/2024\/04\/WhatsApp-Image-2024-04-22-at-20.29.52-3.jpeg 1280w, https:\/\/prefecturadeesmeraldas.gob.ec\/wp-content\/uploads\/2024\/04\/WhatsApp-Image-2024-04-22-at-20.29.52-3-300x300.jpeg 300w, https:\/\/prefecturadeesmeraldas.gob.ec\/wp-content\/uploads\/2024\/04\/WhatsApp-Image-2024-04-22-at-20.29.52-3-150x150.jpeg 150w, https:\/\/prefecturadeesmeraldas.gob.ec\/wp-content\/uploads\/2024\/04\/WhatsApp-Image-2024-04-22-at-20.29.52-3-768x768.jpeg 768w, https:\/\/prefecturadeesmeraldas.gob.ec\/wp-content\/uploads\/2024\/04\/WhatsApp-Image-2024-04-22-at-20.29.52-3-440x440.jpeg 440w, https:\/\/prefecturadeesmeraldas.gob.ec\/wp-content\/uploads\/2024\/04\/WhatsApp-Image-2024-04-22-at-20.29.52-3-180x180.jpeg 180w, https:\/\/prefecturadeesmeraldas.gob.ec\/wp-content\/uploads\/2024\/04\/WhatsApp-Image-2024-04-22-at-20.29.52-3-120x120.jpeg 120w\" sizes=\"(max-width: 1280px) 100vw, 1280px\" \/>\t\t\t\t\t\t\t\t\t\t\t\t\t\t\t<\/div>\n\t\t\t\t<\/div>\n\t\t\t\t\t<\/div>\n\t\t\t\t<\/div>\n\t\t<div class=\"elementor-element elementor-element-0e60782 e-flex e-con-boxed e-con e-parent\" data-id=\"0e60782\" data-element_type=\"container\">\n\t\t\t\t\t<div class=\"e-con-inner\">\n\t\t\t\t<div class=\"elementor-element elementor-element-b1688a7 elementor-widget elementor-widget-text-editor\" data-id=\"b1688a7\" data-element_type=\"widget\" data-widget_type=\"text-editor.default\">\n\t\t\t\t<div class=\"elementor-widget-container\">\n\t\t\t\t\t\t\t\t\t<p>La Prefectura de Esmeraldas, a trav\u00e9s de UNAMYDESC y en coordinaci\u00f3n con la Junta Parroquial de Daule atendi\u00f3 a los habitantes de todo el sector con una brigada m\u00e9dica, contemplada dentro de la Ruta de la salud. M\u00e1s 350 personas recibieron atenci\u00f3n y se entregaron medicamentos gratuitos. Se atendi\u00f3 en medicina general, pediatr\u00eda, odontolog\u00eda y ginecolog\u00eda; tambi\u00e9n se realizaron ex\u00e1menes de glucosa y toma de presi\u00f3n arterial.<\/p><p>Mar\u00eda Cabezas, trabajadora social de UNAMYDESC, dijo que estas brigadas m\u00e9dicas llegar\u00e1n a los 7 cantones de la provincia de Esmeraldas seg\u00fan el cronograma para atender a las comunidades con poblaci\u00f3n vulnerable.<\/p><p>Fernando Estrada, presidente de Daule, manifest\u00f3 estar agradecido por el trabajo que est\u00e1 realizando Roberta Zambrano, y dice que brigada se realiza justo en el momento que se est\u00e1n presentando enfermedades gripales, de la piel e infecciones intestinales.<\/p><p>Daisy Demera, una de las beneficiadas, dijo que la brigada m\u00e9dica ha sido de gran beneficio para toda la poblaci\u00f3n, mientras que Mar\u00eda Cabo, opin\u00f3 que esta brigada m\u00e9dica, fue sumamente importante para la salud de su familia, ya que pudieron atenderse y conseguir los medicamentos gratis.<\/p><p>Carmen Mar\u00edn, otra de las beneficiadas, agradeci\u00f3 a la prefecta, Roberta Zambrano por llegar a las comunidades rurales con atenci\u00f3n m\u00e9dica; mientras que, Ana Mar\u00edn, junto a sus cinco hijos, destac\u00f3 que es bueno contar con esta clase de ayudas dirigida a los m\u00e1s desprotegidos.<\/p>\t\t\t\t\t\t\t\t<\/div>\n\t\t\t\t<\/div>\n\t\t\t\t\t<\/div>\n\t\t\t\t<\/div>\n\t\t\t\t<\/div>\n\t\t","protected":false},"excerpt":{"rendered":"<p>La Prefectura de Esmeraldas, a trav\u00e9s de UNAMYDESC y en coordinaci\u00f3n con la Junta Parroquial de Daule atendi\u00f3 a los habitantes de todo el sector con una brigada m\u00e9dica, contemplada dentro de la Ruta de la salud. M\u00e1s 350 personas recibieron atenci\u00f3n y se entregaron medicamentos gratuitos. Se atendi\u00f3 en medicina general, pediatr\u00eda, odontolog\u00eda y [&hellip;]<\/p>\n","protected":false},"author":2,"featured_media":25590,"comment_status":"closed","ping_status":"open","sticky":false,"template":"","format":"standard","meta":{"footnotes":""},"categories":[13],"tags":[],"class_list":["post-25587","post","type-post","status-publish","format-standard","has-post-thumbnail","hentry","category-patronato"],"yoast_head":"<!-- This site is optimized with the Yoast SEO plugin v25.7 - https:\/\/yoast.com\/wordpress\/plugins\/seo\/ -->\n<title>Prefectura Esmeralda atendi\u00f3 a habitantes de la parroquia Daule en salud preventiva. - Gobierno Aut\u00f3nomo Descentralizado de la Provincia de Esmeraldas<\/title>\n<meta name=\"robots\" content=\"index, follow, max-snippet:-1, max-image-preview:large, max-video-preview:-1\" \/>\n<link rel=\"canonical\" href=\"https:\/\/prefecturadeesmeraldas.gob.ec\/index.php\/2024\/04\/23\/prefectura-esmeralda-atendio-a-habitantes-de-la-parroquia-daule-en-salud-preventiva\/\" \/>\n<meta property=\"og:locale\" content=\"es_ES\" \/>\n<meta property=\"og:type\" content=\"article\" \/>\n<meta property=\"og:title\" content=\"Prefectura Esmeralda atendi\u00f3 a habitantes de la parroquia Daule en salud preventiva. - Gobierno Aut\u00f3nomo Descentralizado de la Provincia de Esmeraldas\" \/>\n<meta property=\"og:description\" content=\"La Prefectura de Esmeraldas, a trav\u00e9s de UNAMYDESC y en coordinaci\u00f3n con la Junta Parroquial de Daule atendi\u00f3 a los habitantes de todo el sector con una brigada m\u00e9dica, contemplada dentro de la Ruta de la salud. M\u00e1s 350 personas recibieron atenci\u00f3n y se entregaron medicamentos gratuitos. Se atendi\u00f3 en medicina general, pediatr\u00eda, odontolog\u00eda y [&hellip;]\" \/>\n<meta property=\"og:url\" content=\"https:\/\/prefecturadeesmeraldas.gob.ec\/index.php\/2024\/04\/23\/prefectura-esmeralda-atendio-a-habitantes-de-la-parroquia-daule-en-salud-preventiva\/\" \/>\n<meta property=\"og:site_name\" content=\"Gobierno Aut\u00f3nomo Descentralizado de la Provincia de Esmeraldas\" \/>\n<meta property=\"article:publisher\" content=\"https:\/\/www.facebook.com\/PrefecturaEsmeraldas\/\" \/>\n<meta property=\"article:published_time\" content=\"2024-04-23T14:21:17+00:00\" \/>\n<meta property=\"article:modified_time\" content=\"2024-04-23T14:23:12+00:00\" \/>\n<meta property=\"og:image\" content=\"https:\/\/prefecturadeesmeraldas.gob.ec\/wp-content\/uploads\/2024\/04\/WhatsApp-Image-2024-04-22-at-20.29.52-1.jpeg\" \/>\n\t<meta property=\"og:image:width\" content=\"1280\" \/>\n\t<meta property=\"og:image:height\" content=\"1280\" \/>\n\t<meta property=\"og:image:type\" content=\"image\/jpeg\" \/>\n<meta name=\"author\" content=\"Direcci\u00f3n de Comunicaci\u00f3n\" \/>\n<meta name=\"twitter:card\" content=\"summary_large_image\" \/>\n<meta name=\"twitter:label1\" content=\"Escrito por\" \/>\n\t<meta name=\"twitter:data1\" content=\"Direcci\u00f3n de Comunicaci\u00f3n\" \/>\n\t<meta name=\"twitter:label2\" content=\"Tiempo de lectura\" \/>\n\t<meta name=\"twitter:data2\" content=\"2 minutos\" \/>\n<script type=\"application\/ld+json\" class=\"yoast-schema-graph\">{\"@context\":\"https:\/\/schema.org\",\"@graph\":[{\"@type\":\"Article\",\"@id\":\"https:\/\/prefecturadeesmeraldas.gob.ec\/index.php\/2024\/04\/23\/prefectura-esmeralda-atendio-a-habitantes-de-la-parroquia-daule-en-salud-preventiva\/#article\",\"isPartOf\":{\"@id\":\"https:\/\/prefecturadeesmeraldas.gob.ec\/index.php\/2024\/04\/23\/prefectura-esmeralda-atendio-a-habitantes-de-la-parroquia-daule-en-salud-preventiva\/\"},\"author\":{\"name\":\"Direcci\u00f3n de Comunicaci\u00f3n\",\"@id\":\"https:\/\/prefecturadeesmeraldas.gob.ec\/#\/schema\/person\/b0c9e7b1ead7725994d1e319e8825234\"},\"headline\":\"Prefectura Esmeralda atendi\u00f3 a habitantes de la parroquia Daule en salud preventiva.\",\"datePublished\":\"2024-04-23T14:21:17+00:00\",\"dateModified\":\"2024-04-23T14:23:12+00:00\",\"mainEntityOfPage\":{\"@id\":\"https:\/\/prefecturadeesmeraldas.gob.ec\/index.php\/2024\/04\/23\/prefectura-esmeralda-atendio-a-habitantes-de-la-parroquia-daule-en-salud-preventiva\/\"},\"wordCount\":265,\"publisher\":{\"@id\":\"https:\/\/prefecturadeesmeraldas.gob.ec\/#organization\"},\"image\":{\"@id\":\"https:\/\/prefecturadeesmeraldas.gob.ec\/index.php\/2024\/04\/23\/prefectura-esmeralda-atendio-a-habitantes-de-la-parroquia-daule-en-salud-preventiva\/#primaryimage\"},\"thumbnailUrl\":\"https:\/\/prefecturadeesmeraldas.gob.ec\/wp-content\/uploads\/2024\/04\/WhatsApp-Image-2024-04-22-at-20.29.52-1.jpeg\",\"articleSection\":[\"UNAMYDESC\"],\"inLanguage\":\"es\"},{\"@type\":\"WebPage\",\"@id\":\"https:\/\/prefecturadeesmeraldas.gob.ec\/index.php\/2024\/04\/23\/prefectura-esmeralda-atendio-a-habitantes-de-la-parroquia-daule-en-salud-preventiva\/\",\"url\":\"https:\/\/prefecturadeesmeraldas.gob.ec\/index.php\/2024\/04\/23\/prefectura-esmeralda-atendio-a-habitantes-de-la-parroquia-daule-en-salud-preventiva\/\",\"name\":\"Prefectura Esmeralda atendi\u00f3 a habitantes de la parroquia Daule en salud preventiva. - Gobierno Aut\u00f3nomo Descentralizado de la Provincia de Esmeraldas\",\"isPartOf\":{\"@id\":\"https:\/\/prefecturadeesmeraldas.gob.ec\/#website\"},\"primaryImageOfPage\":{\"@id\":\"https:\/\/prefecturadeesmeraldas.gob.ec\/index.php\/2024\/04\/23\/prefectura-esmeralda-atendio-a-habitantes-de-la-parroquia-daule-en-salud-preventiva\/#primaryimage\"},\"image\":{\"@id\":\"https:\/\/prefecturadeesmeraldas.gob.ec\/index.php\/2024\/04\/23\/prefectura-esmeralda-atendio-a-habitantes-de-la-parroquia-daule-en-salud-preventiva\/#primaryimage\"},\"thumbnailUrl\":\"https:\/\/prefecturadeesmeraldas.gob.ec\/wp-content\/uploads\/2024\/04\/WhatsApp-Image-2024-04-22-at-20.29.52-1.jpeg\",\"datePublished\":\"2024-04-23T14:21:17+00:00\",\"dateModified\":\"2024-04-23T14:23:12+00:00\",\"breadcrumb\":{\"@id\":\"https:\/\/prefecturadeesmeraldas.gob.ec\/index.php\/2024\/04\/23\/prefectura-esmeralda-atendio-a-habitantes-de-la-parroquia-daule-en-salud-preventiva\/#breadcrumb\"},\"inLanguage\":\"es\",\"potentialAction\":[{\"@type\":\"ReadAction\",\"target\":[\"https:\/\/prefecturadeesmeraldas.gob.ec\/index.php\/2024\/04\/23\/prefectura-esmeralda-atendio-a-habitantes-de-la-parroquia-daule-en-salud-preventiva\/\"]}]},{\"@type\":\"ImageObject\",\"inLanguage\":\"es\",\"@id\":\"https:\/\/prefecturadeesmeraldas.gob.ec\/index.php\/2024\/04\/23\/prefectura-esmeralda-atendio-a-habitantes-de-la-parroquia-daule-en-salud-preventiva\/#primaryimage\",\"url\":\"https:\/\/prefecturadeesmeraldas.gob.ec\/wp-content\/uploads\/2024\/04\/WhatsApp-Image-2024-04-22-at-20.29.52-1.jpeg\",\"contentUrl\":\"https:\/\/prefecturadeesmeraldas.gob.ec\/wp-content\/uploads\/2024\/04\/WhatsApp-Image-2024-04-22-at-20.29.52-1.jpeg\",\"width\":1280,\"height\":1280},{\"@type\":\"BreadcrumbList\",\"@id\":\"https:\/\/prefecturadeesmeraldas.gob.ec\/index.php\/2024\/04\/23\/prefectura-esmeralda-atendio-a-habitantes-de-la-parroquia-daule-en-salud-preventiva\/#breadcrumb\",\"itemListElement\":[{\"@type\":\"ListItem\",\"position\":1,\"name\":\"Home\",\"item\":\"https:\/\/prefecturadeesmeraldas.gob.ec\/\"},{\"@type\":\"ListItem\",\"position\":2,\"name\":\"Prefectura Esmeralda atendi\u00f3 a habitantes de la parroquia Daule en salud preventiva.\"}]},{\"@type\":\"WebSite\",\"@id\":\"https:\/\/prefecturadeesmeraldas.gob.ec\/#website\",\"url\":\"https:\/\/prefecturadeesmeraldas.gob.ec\/\",\"name\":\"Gobierno Aut\u00f3nomo Descentralizado de la Provincia de Esmeraldas\",\"description\":\"Gobierno Aut\u00f3nomo Descentralizado de la Provincia de Esmeraldas\",\"publisher\":{\"@id\":\"https:\/\/prefecturadeesmeraldas.gob.ec\/#organization\"},\"potentialAction\":[{\"@type\":\"SearchAction\",\"target\":{\"@type\":\"EntryPoint\",\"urlTemplate\":\"https:\/\/prefecturadeesmeraldas.gob.ec\/?s={search_term_string}\"},\"query-input\":{\"@type\":\"PropertyValueSpecification\",\"valueRequired\":true,\"valueName\":\"search_term_string\"}}],\"inLanguage\":\"es\"},{\"@type\":\"Organization\",\"@id\":\"https:\/\/prefecturadeesmeraldas.gob.ec\/#organization\",\"name\":\"Gobierno Aut\u00f3nomo Descentralizado de la Provincia de Esmeraldas\",\"url\":\"https:\/\/prefecturadeesmeraldas.gob.ec\/\",\"logo\":{\"@type\":\"ImageObject\",\"inLanguage\":\"es\",\"@id\":\"https:\/\/prefecturadeesmeraldas.gob.ec\/#\/schema\/logo\/image\/\",\"url\":\"https:\/\/prefecturadeesmeraldas.gob.ec\/wp-content\/uploads\/2019\/06\/logo.png\",\"contentUrl\":\"https:\/\/prefecturadeesmeraldas.gob.ec\/wp-content\/uploads\/2019\/06\/logo.png\",\"width\":859,\"height\":448,\"caption\":\"Gobierno Aut\u00f3nomo Descentralizado de la Provincia de Esmeraldas\"},\"image\":{\"@id\":\"https:\/\/prefecturadeesmeraldas.gob.ec\/#\/schema\/logo\/image\/\"},\"sameAs\":[\"https:\/\/www.facebook.com\/PrefecturaEsmeraldas\/\"]},{\"@type\":\"Person\",\"@id\":\"https:\/\/prefecturadeesmeraldas.gob.ec\/#\/schema\/person\/b0c9e7b1ead7725994d1e319e8825234\",\"name\":\"Direcci\u00f3n de Comunicaci\u00f3n\",\"image\":{\"@type\":\"ImageObject\",\"inLanguage\":\"es\",\"@id\":\"https:\/\/prefecturadeesmeraldas.gob.ec\/#\/schema\/person\/image\/\",\"url\":\"https:\/\/secure.gravatar.com\/avatar\/74a3870a946f5d774ade3569af61a72308e07ad3346f370c4b468ee2a9858658?s=96&d=mm&r=g\",\"contentUrl\":\"https:\/\/secure.gravatar.com\/avatar\/74a3870a946f5d774ade3569af61a72308e07ad3346f370c4b468ee2a9858658?s=96&d=mm&r=g\",\"caption\":\"Direcci\u00f3n de Comunicaci\u00f3n\"}}]}<\/script>\n<!-- \/ Yoast SEO plugin. -->","yoast_head_json":{"title":"Prefectura Esmeralda atendi\u00f3 a habitantes de la parroquia Daule en salud preventiva. - Gobierno Aut\u00f3nomo Descentralizado de la Provincia de Esmeraldas","robots":{"index":"index","follow":"follow","max-snippet":"max-snippet:-1","max-image-preview":"max-image-preview:large","max-video-preview":"max-video-preview:-1"},"canonical":"https:\/\/prefecturadeesmeraldas.gob.ec\/index.php\/2024\/04\/23\/prefectura-esmeralda-atendio-a-habitantes-de-la-parroquia-daule-en-salud-preventiva\/","og_locale":"es_ES","og_type":"article","og_title":"Prefectura Esmeralda atendi\u00f3 a habitantes de la parroquia Daule en salud preventiva. - Gobierno Aut\u00f3nomo Descentralizado de la Provincia de Esmeraldas","og_description":"La Prefectura de Esmeraldas, a trav\u00e9s de UNAMYDESC y en coordinaci\u00f3n con la Junta Parroquial de Daule atendi\u00f3 a los habitantes de todo el sector con una brigada m\u00e9dica, contemplada dentro de la Ruta de la salud. M\u00e1s 350 personas recibieron atenci\u00f3n y se entregaron medicamentos gratuitos. Se atendi\u00f3 en medicina general, pediatr\u00eda, odontolog\u00eda y [&hellip;]","og_url":"https:\/\/prefecturadeesmeraldas.gob.ec\/index.php\/2024\/04\/23\/prefectura-esmeralda-atendio-a-habitantes-de-la-parroquia-daule-en-salud-preventiva\/","og_site_name":"Gobierno Aut\u00f3nomo Descentralizado de la Provincia de Esmeraldas","article_publisher":"https:\/\/www.facebook.com\/PrefecturaEsmeraldas\/","article_published_time":"2024-04-23T14:21:17+00:00","article_modified_time":"2024-04-23T14:23:12+00:00","og_image":[{"width":1280,"height":1280,"url":"https:\/\/prefecturadeesmeraldas.gob.ec\/wp-content\/uploads\/2024\/04\/WhatsApp-Image-2024-04-22-at-20.29.52-1.jpeg","type":"image\/jpeg"}],"author":"Direcci\u00f3n de Comunicaci\u00f3n","twitter_card":"summary_large_image","twitter_misc":{"Escrito por":"Direcci\u00f3n de Comunicaci\u00f3n","Tiempo de lectura":"2 minutos"},"schema":{"@context":"https:\/\/schema.org","@graph":[{"@type":"Article","@id":"https:\/\/prefecturadeesmeraldas.gob.ec\/index.php\/2024\/04\/23\/prefectura-esmeralda-atendio-a-habitantes-de-la-parroquia-daule-en-salud-preventiva\/#article","isPartOf":{"@id":"https:\/\/prefecturadeesmeraldas.gob.ec\/index.php\/2024\/04\/23\/prefectura-esmeralda-atendio-a-habitantes-de-la-parroquia-daule-en-salud-preventiva\/"},"author":{"name":"Direcci\u00f3n de Comunicaci\u00f3n","@id":"https:\/\/prefecturadeesmeraldas.gob.ec\/#\/schema\/person\/b0c9e7b1ead7725994d1e319e8825234"},"headline":"Prefectura Esmeralda atendi\u00f3 a habitantes de la parroquia Daule en salud preventiva.","datePublished":"2024-04-23T14:21:17+00:00","dateModified":"2024-04-23T14:23:12+00:00","mainEntityOfPage":{"@id":"https:\/\/prefecturadeesmeraldas.gob.ec\/index.php\/2024\/04\/23\/prefectura-esmeralda-atendio-a-habitantes-de-la-parroquia-daule-en-salud-preventiva\/"},"wordCount":265,"publisher":{"@id":"https:\/\/prefecturadeesmeraldas.gob.ec\/#organization"},"image":{"@id":"https:\/\/prefecturadeesmeraldas.gob.ec\/index.php\/2024\/04\/23\/prefectura-esmeralda-atendio-a-habitantes-de-la-parroquia-daule-en-salud-preventiva\/#primaryimage"},"thumbnailUrl":"https:\/\/prefecturadeesmeraldas.gob.ec\/wp-content\/uploads\/2024\/04\/WhatsApp-Image-2024-04-22-at-20.29.52-1.jpeg","articleSection":["UNAMYDESC"],"inLanguage":"es"},{"@type":"WebPage","@id":"https:\/\/prefecturadeesmeraldas.gob.ec\/index.php\/2024\/04\/23\/prefectura-esmeralda-atendio-a-habitantes-de-la-parroquia-daule-en-salud-preventiva\/","url":"https:\/\/prefecturadeesmeraldas.gob.ec\/index.php\/2024\/04\/23\/prefectura-esmeralda-atendio-a-habitantes-de-la-parroquia-daule-en-salud-preventiva\/","name":"Prefectura Esmeralda atendi\u00f3 a habitantes de la parroquia Daule en salud preventiva. - Gobierno Aut\u00f3nomo Descentralizado de la Provincia de Esmeraldas","isPartOf":{"@id":"https:\/\/prefecturadeesmeraldas.gob.ec\/#website"},"primaryImageOfPage":{"@id":"https:\/\/prefecturadeesmeraldas.gob.ec\/index.php\/2024\/04\/23\/prefectura-esmeralda-atendio-a-habitantes-de-la-parroquia-daule-en-salud-preventiva\/#primaryimage"},"image":{"@id":"https:\/\/prefecturadeesmeraldas.gob.ec\/index.php\/2024\/04\/23\/prefectura-esmeralda-atendio-a-habitantes-de-la-parroquia-daule-en-salud-preventiva\/#primaryimage"},"thumbnailUrl":"https:\/\/prefecturadeesmeraldas.gob.ec\/wp-content\/uploads\/2024\/04\/WhatsApp-Image-2024-04-22-at-20.29.52-1.jpeg","datePublished":"2024-04-23T14:21:17+00:00","dateModified":"2024-04-23T14:23:12+00:00","breadcrumb":{"@id":"https:\/\/prefecturadeesmeraldas.gob.ec\/index.php\/2024\/04\/23\/prefectura-esmeralda-atendio-a-habitantes-de-la-parroquia-daule-en-salud-preventiva\/#breadcrumb"},"inLanguage":"es","potentialAction":[{"@type":"ReadAction","target":["https:\/\/prefecturadeesmeraldas.gob.ec\/index.php\/2024\/04\/23\/prefectura-esmeralda-atendio-a-habitantes-de-la-parroquia-daule-en-salud-preventiva\/"]}]},{"@type":"ImageObject","inLanguage":"es","@id":"https:\/\/prefecturadeesmeraldas.gob.ec\/index.php\/2024\/04\/23\/prefectura-esmeralda-atendio-a-habitantes-de-la-parroquia-daule-en-salud-preventiva\/#primaryimage","url":"https:\/\/prefecturadeesmeraldas.gob.ec\/wp-content\/uploads\/2024\/04\/WhatsApp-Image-2024-04-22-at-20.29.52-1.jpeg","contentUrl":"https:\/\/prefecturadeesmeraldas.gob.ec\/wp-content\/uploads\/2024\/04\/WhatsApp-Image-2024-04-22-at-20.29.52-1.jpeg","width":1280,"height":1280},{"@type":"BreadcrumbList","@id":"https:\/\/prefecturadeesmeraldas.gob.ec\/index.php\/2024\/04\/23\/prefectura-esmeralda-atendio-a-habitantes-de-la-parroquia-daule-en-salud-preventiva\/#breadcrumb","itemListElement":[{"@type":"ListItem","position":1,"name":"Home","item":"https:\/\/prefecturadeesmeraldas.gob.ec\/"},{"@type":"ListItem","position":2,"name":"Prefectura Esmeralda atendi\u00f3 a habitantes de la parroquia Daule en salud preventiva."}]},{"@type":"WebSite","@id":"https:\/\/prefecturadeesmeraldas.gob.ec\/#website","url":"https:\/\/prefecturadeesmeraldas.gob.ec\/","name":"Gobierno Aut\u00f3nomo Descentralizado de la Provincia de Esmeraldas","description":"Gobierno Aut\u00f3nomo Descentralizado de la Provincia de Esmeraldas","publisher":{"@id":"https:\/\/prefecturadeesmeraldas.gob.ec\/#organization"},"potentialAction":[{"@type":"SearchAction","target":{"@type":"EntryPoint","urlTemplate":"https:\/\/prefecturadeesmeraldas.gob.ec\/?s={search_term_string}"},"query-input":{"@type":"PropertyValueSpecification","valueRequired":true,"valueName":"search_term_string"}}],"inLanguage":"es"},{"@type":"Organization","@id":"https:\/\/prefecturadeesmeraldas.gob.ec\/#organization","name":"Gobierno Aut\u00f3nomo Descentralizado de la Provincia de Esmeraldas","url":"https:\/\/prefecturadeesmeraldas.gob.ec\/","logo":{"@type":"ImageObject","inLanguage":"es","@id":"https:\/\/prefecturadeesmeraldas.gob.ec\/#\/schema\/logo\/image\/","url":"https:\/\/prefecturadeesmeraldas.gob.ec\/wp-content\/uploads\/2019\/06\/logo.png","contentUrl":"https:\/\/prefecturadeesmeraldas.gob.ec\/wp-content\/uploads\/2019\/06\/logo.png","width":859,"height":448,"caption":"Gobierno Aut\u00f3nomo Descentralizado de la Provincia de Esmeraldas"},"image":{"@id":"https:\/\/prefecturadeesmeraldas.gob.ec\/#\/schema\/logo\/image\/"},"sameAs":["https:\/\/www.facebook.com\/PrefecturaEsmeraldas\/"]},{"@type":"Person","@id":"https:\/\/prefecturadeesmeraldas.gob.ec\/#\/schema\/person\/b0c9e7b1ead7725994d1e319e8825234","name":"Direcci\u00f3n de Comunicaci\u00f3n","image":{"@type":"ImageObject","inLanguage":"es","@id":"https:\/\/prefecturadeesmeraldas.gob.ec\/#\/schema\/person\/image\/","url":"https:\/\/secure.gravatar.com\/avatar\/74a3870a946f5d774ade3569af61a72308e07ad3346f370c4b468ee2a9858658?s=96&d=mm&r=g","contentUrl":"https:\/\/secure.gravatar.com\/avatar\/74a3870a946f5d774ade3569af61a72308e07ad3346f370c4b468ee2a9858658?s=96&d=mm&r=g","caption":"Direcci\u00f3n de Comunicaci\u00f3n"}}]}},"_links":{"self":[{"href":"https:\/\/prefecturadeesmeraldas.gob.ec\/index.php\/wp-json\/wp\/v2\/posts\/25587","targetHints":{"allow":["GET"]}}],"collection":[{"href":"https:\/\/prefecturadeesmeraldas.gob.ec\/index.php\/wp-json\/wp\/v2\/posts"}],"about":[{"href":"https:\/\/prefecturadeesmeraldas.gob.ec\/index.php\/wp-json\/wp\/v2\/types\/post"}],"author":[{"embeddable":true,"href":"https:\/\/prefecturadeesmeraldas.gob.ec\/index.php\/wp-json\/wp\/v2\/users\/2"}],"replies":[{"embeddable":true,"href":"https:\/\/prefecturadeesmeraldas.gob.ec\/index.php\/wp-json\/wp\/v2\/comments?post=25587"}],"version-history":[{"count":0,"href":"https:\/\/prefecturadeesmeraldas.gob.ec\/index.php\/wp-json\/wp\/v2\/posts\/25587\/revisions"}],"wp:featuredmedia":[{"embeddable":true,"href":"https:\/\/prefecturadeesmeraldas.gob.ec\/index.php\/wp-json\/wp\/v2\/media\/25590"}],"wp:attachment":[{"href":"https:\/\/prefecturadeesmeraldas.gob.ec\/index.php\/wp-json\/wp\/v2\/media?parent=25587"}],"wp:term":[{"taxonomy":"category","embeddable":true,"href":"https:\/\/prefecturadeesmeraldas.gob.ec\/index.php\/wp-json\/wp\/v2\/categories?post=25587"},{"taxonomy":"post_tag","embeddable":true,"href":"https:\/\/prefecturadeesmeraldas.gob.ec\/index.php\/wp-json\/wp\/v2\/tags?post=25587"}],"curies":[{"name":"wp","href":"https:\/\/api.w.org\/{rel}","templated":true}]}}