{"id":25541,"date":"2024-04-12T13:51:10","date_gmt":"2024-04-12T18:51:10","guid":{"rendered":"https:\/\/prefecturadeesmeraldas.gob.ec\/?p=25541"},"modified":"2024-04-12T13:53:10","modified_gmt":"2024-04-12T18:53:10","slug":"prefectura-realiza-mantenimiento-y-limpieza-de-la-via-estero-de-platano-quingue","status":"publish","type":"post","link":"https:\/\/prefecturadeesmeraldas.gob.ec\/index.php\/2024\/04\/12\/prefectura-realiza-mantenimiento-y-limpieza-de-la-via-estero-de-platano-quingue\/","title":{"rendered":"Prefectura realiza mantenimiento y limpieza de la v\u00eda Estero de Pl\u00e1tano \u2013 Quingue."},"content":{"rendered":"\t\t<div data-elementor-type=\"wp-post\" data-elementor-id=\"25541\" class=\"elementor elementor-25541\">\n\t\t\t\t<div class=\"elementor-element elementor-element-941f8e3 e-flex e-con-boxed e-con e-parent\" data-id=\"941f8e3\" data-element_type=\"container\">\n\t\t\t\t\t<div class=\"e-con-inner\">\n\t\t\t\t<div class=\"elementor-element elementor-element-6b47ac5 elementor-widget elementor-widget-image\" data-id=\"6b47ac5\" data-element_type=\"widget\" data-widget_type=\"image.default\">\n\t\t\t\t<div class=\"elementor-widget-container\">\n\t\t\t\t\t\t\t\t\t\t\t\t\t\t\t<img fetchpriority=\"high\" decoding=\"async\" width=\"1280\" height=\"1280\" src=\"https:\/\/prefecturadeesmeraldas.gob.ec\/wp-content\/uploads\/2024\/04\/WhatsApp-Image-2024-04-11-at-11.53.16.jpeg\" class=\"attachment-large size-large wp-image-25544\" alt=\"\" srcset=\"https:\/\/prefecturadeesmeraldas.gob.ec\/wp-content\/uploads\/2024\/04\/WhatsApp-Image-2024-04-11-at-11.53.16.jpeg 1280w, https:\/\/prefecturadeesmeraldas.gob.ec\/wp-content\/uploads\/2024\/04\/WhatsApp-Image-2024-04-11-at-11.53.16-300x300.jpeg 300w, https:\/\/prefecturadeesmeraldas.gob.ec\/wp-content\/uploads\/2024\/04\/WhatsApp-Image-2024-04-11-at-11.53.16-150x150.jpeg 150w, https:\/\/prefecturadeesmeraldas.gob.ec\/wp-content\/uploads\/2024\/04\/WhatsApp-Image-2024-04-11-at-11.53.16-768x768.jpeg 768w, https:\/\/prefecturadeesmeraldas.gob.ec\/wp-content\/uploads\/2024\/04\/WhatsApp-Image-2024-04-11-at-11.53.16-440x440.jpeg 440w, https:\/\/prefecturadeesmeraldas.gob.ec\/wp-content\/uploads\/2024\/04\/WhatsApp-Image-2024-04-11-at-11.53.16-180x180.jpeg 180w, https:\/\/prefecturadeesmeraldas.gob.ec\/wp-content\/uploads\/2024\/04\/WhatsApp-Image-2024-04-11-at-11.53.16-120x120.jpeg 120w\" sizes=\"(max-width: 1280px) 100vw, 1280px\" \/>\t\t\t\t\t\t\t\t\t\t\t\t\t\t\t<\/div>\n\t\t\t\t<\/div>\n\t\t\t\t\t<\/div>\n\t\t\t\t<\/div>\n\t\t<div class=\"elementor-element elementor-element-b3ac80b e-flex e-con-boxed e-con e-parent\" data-id=\"b3ac80b\" data-element_type=\"container\">\n\t\t\t\t\t<div class=\"e-con-inner\">\n\t\t\t\t<div class=\"elementor-element elementor-element-740adad elementor-widget elementor-widget-text-editor\" data-id=\"740adad\" data-element_type=\"widget\" data-widget_type=\"text-editor.default\">\n\t\t\t\t<div class=\"elementor-widget-container\">\n\t\t\t\t\t\t\t\t\t<p>En el tramo vial Estero de Pl\u00e1tano &#8211; Quingue en el cant\u00f3n Muisne, el equipo t\u00e9cnico de la Prefectura de Esmeraldas est\u00e1 realizando trabajos de mantenimiento de la capa de rodadura, limpieza de la maleza y retiro de escombros, facilitando el acceso a miles de familias agricultoras, ganaderas y de emprendimiento tur\u00edstico que ten\u00edan dificultad para transitar debido al mal estado de la v\u00eda.<\/p><p>Para esto trabajo, el equipo de Infraestructura Vial de la Prefectura de Esmeraldas, se encuentra utilizando maquinaria pesada como retroexcavadoras, rodillo y volquetas.<\/p><p>Hern\u00e1n Ram\u00edrez Proa\u00f1o, vicepresidente del GAD de Quingue, manifest\u00f3 que, la prefecta de Esmeraldas dispuso que se realicen los trabajos de limpieza contribuyendo al acceso vial, lo que significa que sigue la dinamizaci\u00f3n econ\u00f3mica de miles de familias dedicadas a diversas actividades productivas en esta zona de la provincia.<\/p><p>Para Nubia Arce, emprendedora local, con esta acci\u00f3n se les ayuda mucho ya que, debido a las constantes lluvias estaban incomunicados teniendo p\u00e9rdidas, y es gracias a la prefectura de Esmeraldas, que se facilita que contin\u00fae el desarrollo de la poblaci\u00f3n.<\/p><p>Nilber Garc\u00eda, otro habitante local, felicit\u00f3 a la prefecta, Roberta Zambrano, por ser una autoridad que est\u00e1 pendiente de cada una de las comunidades para intervenir oportunamente con la finalidad que no se detenga el desarrollo.<\/p>\t\t\t\t\t\t\t\t<\/div>\n\t\t\t\t<\/div>\n\t\t\t\t\t<\/div>\n\t\t\t\t<\/div>\n\t\t\t\t<\/div>\n\t\t","protected":false},"excerpt":{"rendered":"<p>En el tramo vial Estero de Pl\u00e1tano &#8211; Quingue en el cant\u00f3n Muisne, el equipo t\u00e9cnico de la Prefectura de Esmeraldas est\u00e1 realizando trabajos de mantenimiento de la capa de rodadura, limpieza de la maleza y retiro de escombros, facilitando el acceso a miles de familias agricultoras, ganaderas y de emprendimiento tur\u00edstico que ten\u00edan dificultad [&hellip;]<\/p>\n","protected":false},"author":2,"featured_media":25543,"comment_status":"closed","ping_status":"open","sticky":false,"template":"","format":"standard","meta":{"footnotes":""},"categories":[14],"tags":[],"class_list":["post-25541","post","type-post","status-publish","format-standard","has-post-thumbnail","hentry","category-vialidad"],"yoast_head":"<!-- This site is optimized with the Yoast SEO plugin v25.7 - https:\/\/yoast.com\/wordpress\/plugins\/seo\/ -->\n<title>Prefectura realiza mantenimiento y limpieza de la v\u00eda Estero de Pl\u00e1tano \u2013 Quingue. - Gobierno Aut\u00f3nomo Descentralizado de la Provincia de Esmeraldas<\/title>\n<meta name=\"robots\" content=\"index, follow, max-snippet:-1, max-image-preview:large, max-video-preview:-1\" \/>\n<link rel=\"canonical\" href=\"https:\/\/prefecturadeesmeraldas.gob.ec\/index.php\/2024\/04\/12\/prefectura-realiza-mantenimiento-y-limpieza-de-la-via-estero-de-platano-quingue\/\" \/>\n<meta property=\"og:locale\" content=\"es_ES\" \/>\n<meta property=\"og:type\" content=\"article\" \/>\n<meta property=\"og:title\" content=\"Prefectura realiza mantenimiento y limpieza de la v\u00eda Estero de Pl\u00e1tano \u2013 Quingue. - Gobierno Aut\u00f3nomo Descentralizado de la Provincia de Esmeraldas\" \/>\n<meta property=\"og:description\" content=\"En el tramo vial Estero de Pl\u00e1tano &#8211; Quingue en el cant\u00f3n Muisne, el equipo t\u00e9cnico de la Prefectura de Esmeraldas est\u00e1 realizando trabajos de mantenimiento de la capa de rodadura, limpieza de la maleza y retiro de escombros, facilitando el acceso a miles de familias agricultoras, ganaderas y de emprendimiento tur\u00edstico que ten\u00edan dificultad [&hellip;]\" \/>\n<meta property=\"og:url\" content=\"https:\/\/prefecturadeesmeraldas.gob.ec\/index.php\/2024\/04\/12\/prefectura-realiza-mantenimiento-y-limpieza-de-la-via-estero-de-platano-quingue\/\" \/>\n<meta property=\"og:site_name\" content=\"Gobierno Aut\u00f3nomo Descentralizado de la Provincia de Esmeraldas\" \/>\n<meta property=\"article:publisher\" content=\"https:\/\/www.facebook.com\/PrefecturaEsmeraldas\/\" \/>\n<meta property=\"article:published_time\" content=\"2024-04-12T18:51:10+00:00\" \/>\n<meta property=\"article:modified_time\" content=\"2024-04-12T18:53:10+00:00\" \/>\n<meta property=\"og:image\" content=\"https:\/\/prefecturadeesmeraldas.gob.ec\/wp-content\/uploads\/2024\/04\/WhatsApp-Image-2024-04-11-at-11.53.17-1.jpeg\" \/>\n\t<meta property=\"og:image:width\" content=\"1280\" \/>\n\t<meta property=\"og:image:height\" content=\"1280\" \/>\n\t<meta property=\"og:image:type\" content=\"image\/jpeg\" \/>\n<meta name=\"author\" content=\"Direcci\u00f3n de Comunicaci\u00f3n\" \/>\n<meta name=\"twitter:card\" content=\"summary_large_image\" \/>\n<meta name=\"twitter:label1\" content=\"Escrito por\" \/>\n\t<meta name=\"twitter:data1\" content=\"Direcci\u00f3n de Comunicaci\u00f3n\" \/>\n\t<meta name=\"twitter:label2\" content=\"Tiempo de lectura\" \/>\n\t<meta name=\"twitter:data2\" content=\"2 minutos\" \/>\n<script type=\"application\/ld+json\" class=\"yoast-schema-graph\">{\"@context\":\"https:\/\/schema.org\",\"@graph\":[{\"@type\":\"Article\",\"@id\":\"https:\/\/prefecturadeesmeraldas.gob.ec\/index.php\/2024\/04\/12\/prefectura-realiza-mantenimiento-y-limpieza-de-la-via-estero-de-platano-quingue\/#article\",\"isPartOf\":{\"@id\":\"https:\/\/prefecturadeesmeraldas.gob.ec\/index.php\/2024\/04\/12\/prefectura-realiza-mantenimiento-y-limpieza-de-la-via-estero-de-platano-quingue\/\"},\"author\":{\"name\":\"Direcci\u00f3n de Comunicaci\u00f3n\",\"@id\":\"https:\/\/prefecturadeesmeraldas.gob.ec\/#\/schema\/person\/b0c9e7b1ead7725994d1e319e8825234\"},\"headline\":\"Prefectura realiza mantenimiento y limpieza de la v\u00eda Estero de Pl\u00e1tano \u2013 Quingue.\",\"datePublished\":\"2024-04-12T18:51:10+00:00\",\"dateModified\":\"2024-04-12T18:53:10+00:00\",\"mainEntityOfPage\":{\"@id\":\"https:\/\/prefecturadeesmeraldas.gob.ec\/index.php\/2024\/04\/12\/prefectura-realiza-mantenimiento-y-limpieza-de-la-via-estero-de-platano-quingue\/\"},\"wordCount\":243,\"publisher\":{\"@id\":\"https:\/\/prefecturadeesmeraldas.gob.ec\/#organization\"},\"image\":{\"@id\":\"https:\/\/prefecturadeesmeraldas.gob.ec\/index.php\/2024\/04\/12\/prefectura-realiza-mantenimiento-y-limpieza-de-la-via-estero-de-platano-quingue\/#primaryimage\"},\"thumbnailUrl\":\"https:\/\/prefecturadeesmeraldas.gob.ec\/wp-content\/uploads\/2024\/04\/WhatsApp-Image-2024-04-11-at-11.53.17-1.jpeg\",\"articleSection\":[\"Vialidad\"],\"inLanguage\":\"es\"},{\"@type\":\"WebPage\",\"@id\":\"https:\/\/prefecturadeesmeraldas.gob.ec\/index.php\/2024\/04\/12\/prefectura-realiza-mantenimiento-y-limpieza-de-la-via-estero-de-platano-quingue\/\",\"url\":\"https:\/\/prefecturadeesmeraldas.gob.ec\/index.php\/2024\/04\/12\/prefectura-realiza-mantenimiento-y-limpieza-de-la-via-estero-de-platano-quingue\/\",\"name\":\"Prefectura realiza mantenimiento y limpieza de la v\u00eda Estero de Pl\u00e1tano \u2013 Quingue. - Gobierno Aut\u00f3nomo Descentralizado de la Provincia de Esmeraldas\",\"isPartOf\":{\"@id\":\"https:\/\/prefecturadeesmeraldas.gob.ec\/#website\"},\"primaryImageOfPage\":{\"@id\":\"https:\/\/prefecturadeesmeraldas.gob.ec\/index.php\/2024\/04\/12\/prefectura-realiza-mantenimiento-y-limpieza-de-la-via-estero-de-platano-quingue\/#primaryimage\"},\"image\":{\"@id\":\"https:\/\/prefecturadeesmeraldas.gob.ec\/index.php\/2024\/04\/12\/prefectura-realiza-mantenimiento-y-limpieza-de-la-via-estero-de-platano-quingue\/#primaryimage\"},\"thumbnailUrl\":\"https:\/\/prefecturadeesmeraldas.gob.ec\/wp-content\/uploads\/2024\/04\/WhatsApp-Image-2024-04-11-at-11.53.17-1.jpeg\",\"datePublished\":\"2024-04-12T18:51:10+00:00\",\"dateModified\":\"2024-04-12T18:53:10+00:00\",\"breadcrumb\":{\"@id\":\"https:\/\/prefecturadeesmeraldas.gob.ec\/index.php\/2024\/04\/12\/prefectura-realiza-mantenimiento-y-limpieza-de-la-via-estero-de-platano-quingue\/#breadcrumb\"},\"inLanguage\":\"es\",\"potentialAction\":[{\"@type\":\"ReadAction\",\"target\":[\"https:\/\/prefecturadeesmeraldas.gob.ec\/index.php\/2024\/04\/12\/prefectura-realiza-mantenimiento-y-limpieza-de-la-via-estero-de-platano-quingue\/\"]}]},{\"@type\":\"ImageObject\",\"inLanguage\":\"es\",\"@id\":\"https:\/\/prefecturadeesmeraldas.gob.ec\/index.php\/2024\/04\/12\/prefectura-realiza-mantenimiento-y-limpieza-de-la-via-estero-de-platano-quingue\/#primaryimage\",\"url\":\"https:\/\/prefecturadeesmeraldas.gob.ec\/wp-content\/uploads\/2024\/04\/WhatsApp-Image-2024-04-11-at-11.53.17-1.jpeg\",\"contentUrl\":\"https:\/\/prefecturadeesmeraldas.gob.ec\/wp-content\/uploads\/2024\/04\/WhatsApp-Image-2024-04-11-at-11.53.17-1.jpeg\",\"width\":1280,\"height\":1280},{\"@type\":\"BreadcrumbList\",\"@id\":\"https:\/\/prefecturadeesmeraldas.gob.ec\/index.php\/2024\/04\/12\/prefectura-realiza-mantenimiento-y-limpieza-de-la-via-estero-de-platano-quingue\/#breadcrumb\",\"itemListElement\":[{\"@type\":\"ListItem\",\"position\":1,\"name\":\"Home\",\"item\":\"https:\/\/prefecturadeesmeraldas.gob.ec\/\"},{\"@type\":\"ListItem\",\"position\":2,\"name\":\"Prefectura realiza mantenimiento y limpieza de la v\u00eda Estero de Pl\u00e1tano \u2013 Quingue.\"}]},{\"@type\":\"WebSite\",\"@id\":\"https:\/\/prefecturadeesmeraldas.gob.ec\/#website\",\"url\":\"https:\/\/prefecturadeesmeraldas.gob.ec\/\",\"name\":\"Gobierno Aut\u00f3nomo Descentralizado de la Provincia de Esmeraldas\",\"description\":\"Gobierno Aut\u00f3nomo Descentralizado de la Provincia de Esmeraldas\",\"publisher\":{\"@id\":\"https:\/\/prefecturadeesmeraldas.gob.ec\/#organization\"},\"potentialAction\":[{\"@type\":\"SearchAction\",\"target\":{\"@type\":\"EntryPoint\",\"urlTemplate\":\"https:\/\/prefecturadeesmeraldas.gob.ec\/?s={search_term_string}\"},\"query-input\":{\"@type\":\"PropertyValueSpecification\",\"valueRequired\":true,\"valueName\":\"search_term_string\"}}],\"inLanguage\":\"es\"},{\"@type\":\"Organization\",\"@id\":\"https:\/\/prefecturadeesmeraldas.gob.ec\/#organization\",\"name\":\"Gobierno Aut\u00f3nomo Descentralizado de la Provincia de Esmeraldas\",\"url\":\"https:\/\/prefecturadeesmeraldas.gob.ec\/\",\"logo\":{\"@type\":\"ImageObject\",\"inLanguage\":\"es\",\"@id\":\"https:\/\/prefecturadeesmeraldas.gob.ec\/#\/schema\/logo\/image\/\",\"url\":\"https:\/\/prefecturadeesmeraldas.gob.ec\/wp-content\/uploads\/2019\/06\/logo.png\",\"contentUrl\":\"https:\/\/prefecturadeesmeraldas.gob.ec\/wp-content\/uploads\/2019\/06\/logo.png\",\"width\":859,\"height\":448,\"caption\":\"Gobierno Aut\u00f3nomo Descentralizado de la Provincia de Esmeraldas\"},\"image\":{\"@id\":\"https:\/\/prefecturadeesmeraldas.gob.ec\/#\/schema\/logo\/image\/\"},\"sameAs\":[\"https:\/\/www.facebook.com\/PrefecturaEsmeraldas\/\"]},{\"@type\":\"Person\",\"@id\":\"https:\/\/prefecturadeesmeraldas.gob.ec\/#\/schema\/person\/b0c9e7b1ead7725994d1e319e8825234\",\"name\":\"Direcci\u00f3n de Comunicaci\u00f3n\",\"image\":{\"@type\":\"ImageObject\",\"inLanguage\":\"es\",\"@id\":\"https:\/\/prefecturadeesmeraldas.gob.ec\/#\/schema\/person\/image\/\",\"url\":\"https:\/\/secure.gravatar.com\/avatar\/74a3870a946f5d774ade3569af61a72308e07ad3346f370c4b468ee2a9858658?s=96&d=mm&r=g\",\"contentUrl\":\"https:\/\/secure.gravatar.com\/avatar\/74a3870a946f5d774ade3569af61a72308e07ad3346f370c4b468ee2a9858658?s=96&d=mm&r=g\",\"caption\":\"Direcci\u00f3n de Comunicaci\u00f3n\"}}]}<\/script>\n<!-- \/ Yoast SEO plugin. -->","yoast_head_json":{"title":"Prefectura realiza mantenimiento y limpieza de la v\u00eda Estero de Pl\u00e1tano \u2013 Quingue. - Gobierno Aut\u00f3nomo Descentralizado de la Provincia de Esmeraldas","robots":{"index":"index","follow":"follow","max-snippet":"max-snippet:-1","max-image-preview":"max-image-preview:large","max-video-preview":"max-video-preview:-1"},"canonical":"https:\/\/prefecturadeesmeraldas.gob.ec\/index.php\/2024\/04\/12\/prefectura-realiza-mantenimiento-y-limpieza-de-la-via-estero-de-platano-quingue\/","og_locale":"es_ES","og_type":"article","og_title":"Prefectura realiza mantenimiento y limpieza de la v\u00eda Estero de Pl\u00e1tano \u2013 Quingue. - Gobierno Aut\u00f3nomo Descentralizado de la Provincia de Esmeraldas","og_description":"En el tramo vial Estero de Pl\u00e1tano &#8211; Quingue en el cant\u00f3n Muisne, el equipo t\u00e9cnico de la Prefectura de Esmeraldas est\u00e1 realizando trabajos de mantenimiento de la capa de rodadura, limpieza de la maleza y retiro de escombros, facilitando el acceso a miles de familias agricultoras, ganaderas y de emprendimiento tur\u00edstico que ten\u00edan dificultad [&hellip;]","og_url":"https:\/\/prefecturadeesmeraldas.gob.ec\/index.php\/2024\/04\/12\/prefectura-realiza-mantenimiento-y-limpieza-de-la-via-estero-de-platano-quingue\/","og_site_name":"Gobierno Aut\u00f3nomo Descentralizado de la Provincia de Esmeraldas","article_publisher":"https:\/\/www.facebook.com\/PrefecturaEsmeraldas\/","article_published_time":"2024-04-12T18:51:10+00:00","article_modified_time":"2024-04-12T18:53:10+00:00","og_image":[{"width":1280,"height":1280,"url":"https:\/\/prefecturadeesmeraldas.gob.ec\/wp-content\/uploads\/2024\/04\/WhatsApp-Image-2024-04-11-at-11.53.17-1.jpeg","type":"image\/jpeg"}],"author":"Direcci\u00f3n de Comunicaci\u00f3n","twitter_card":"summary_large_image","twitter_misc":{"Escrito por":"Direcci\u00f3n de Comunicaci\u00f3n","Tiempo de lectura":"2 minutos"},"schema":{"@context":"https:\/\/schema.org","@graph":[{"@type":"Article","@id":"https:\/\/prefecturadeesmeraldas.gob.ec\/index.php\/2024\/04\/12\/prefectura-realiza-mantenimiento-y-limpieza-de-la-via-estero-de-platano-quingue\/#article","isPartOf":{"@id":"https:\/\/prefecturadeesmeraldas.gob.ec\/index.php\/2024\/04\/12\/prefectura-realiza-mantenimiento-y-limpieza-de-la-via-estero-de-platano-quingue\/"},"author":{"name":"Direcci\u00f3n de Comunicaci\u00f3n","@id":"https:\/\/prefecturadeesmeraldas.gob.ec\/#\/schema\/person\/b0c9e7b1ead7725994d1e319e8825234"},"headline":"Prefectura realiza mantenimiento y limpieza de la v\u00eda Estero de Pl\u00e1tano \u2013 Quingue.","datePublished":"2024-04-12T18:51:10+00:00","dateModified":"2024-04-12T18:53:10+00:00","mainEntityOfPage":{"@id":"https:\/\/prefecturadeesmeraldas.gob.ec\/index.php\/2024\/04\/12\/prefectura-realiza-mantenimiento-y-limpieza-de-la-via-estero-de-platano-quingue\/"},"wordCount":243,"publisher":{"@id":"https:\/\/prefecturadeesmeraldas.gob.ec\/#organization"},"image":{"@id":"https:\/\/prefecturadeesmeraldas.gob.ec\/index.php\/2024\/04\/12\/prefectura-realiza-mantenimiento-y-limpieza-de-la-via-estero-de-platano-quingue\/#primaryimage"},"thumbnailUrl":"https:\/\/prefecturadeesmeraldas.gob.ec\/wp-content\/uploads\/2024\/04\/WhatsApp-Image-2024-04-11-at-11.53.17-1.jpeg","articleSection":["Vialidad"],"inLanguage":"es"},{"@type":"WebPage","@id":"https:\/\/prefecturadeesmeraldas.gob.ec\/index.php\/2024\/04\/12\/prefectura-realiza-mantenimiento-y-limpieza-de-la-via-estero-de-platano-quingue\/","url":"https:\/\/prefecturadeesmeraldas.gob.ec\/index.php\/2024\/04\/12\/prefectura-realiza-mantenimiento-y-limpieza-de-la-via-estero-de-platano-quingue\/","name":"Prefectura realiza mantenimiento y limpieza de la v\u00eda Estero de Pl\u00e1tano \u2013 Quingue. - Gobierno Aut\u00f3nomo Descentralizado de la Provincia de Esmeraldas","isPartOf":{"@id":"https:\/\/prefecturadeesmeraldas.gob.ec\/#website"},"primaryImageOfPage":{"@id":"https:\/\/prefecturadeesmeraldas.gob.ec\/index.php\/2024\/04\/12\/prefectura-realiza-mantenimiento-y-limpieza-de-la-via-estero-de-platano-quingue\/#primaryimage"},"image":{"@id":"https:\/\/prefecturadeesmeraldas.gob.ec\/index.php\/2024\/04\/12\/prefectura-realiza-mantenimiento-y-limpieza-de-la-via-estero-de-platano-quingue\/#primaryimage"},"thumbnailUrl":"https:\/\/prefecturadeesmeraldas.gob.ec\/wp-content\/uploads\/2024\/04\/WhatsApp-Image-2024-04-11-at-11.53.17-1.jpeg","datePublished":"2024-04-12T18:51:10+00:00","dateModified":"2024-04-12T18:53:10+00:00","breadcrumb":{"@id":"https:\/\/prefecturadeesmeraldas.gob.ec\/index.php\/2024\/04\/12\/prefectura-realiza-mantenimiento-y-limpieza-de-la-via-estero-de-platano-quingue\/#breadcrumb"},"inLanguage":"es","potentialAction":[{"@type":"ReadAction","target":["https:\/\/prefecturadeesmeraldas.gob.ec\/index.php\/2024\/04\/12\/prefectura-realiza-mantenimiento-y-limpieza-de-la-via-estero-de-platano-quingue\/"]}]},{"@type":"ImageObject","inLanguage":"es","@id":"https:\/\/prefecturadeesmeraldas.gob.ec\/index.php\/2024\/04\/12\/prefectura-realiza-mantenimiento-y-limpieza-de-la-via-estero-de-platano-quingue\/#primaryimage","url":"https:\/\/prefecturadeesmeraldas.gob.ec\/wp-content\/uploads\/2024\/04\/WhatsApp-Image-2024-04-11-at-11.53.17-1.jpeg","contentUrl":"https:\/\/prefecturadeesmeraldas.gob.ec\/wp-content\/uploads\/2024\/04\/WhatsApp-Image-2024-04-11-at-11.53.17-1.jpeg","width":1280,"height":1280},{"@type":"BreadcrumbList","@id":"https:\/\/prefecturadeesmeraldas.gob.ec\/index.php\/2024\/04\/12\/prefectura-realiza-mantenimiento-y-limpieza-de-la-via-estero-de-platano-quingue\/#breadcrumb","itemListElement":[{"@type":"ListItem","position":1,"name":"Home","item":"https:\/\/prefecturadeesmeraldas.gob.ec\/"},{"@type":"ListItem","position":2,"name":"Prefectura realiza mantenimiento y limpieza de la v\u00eda Estero de Pl\u00e1tano \u2013 Quingue."}]},{"@type":"WebSite","@id":"https:\/\/prefecturadeesmeraldas.gob.ec\/#website","url":"https:\/\/prefecturadeesmeraldas.gob.ec\/","name":"Gobierno Aut\u00f3nomo Descentralizado de la Provincia de Esmeraldas","description":"Gobierno Aut\u00f3nomo Descentralizado de la Provincia de Esmeraldas","publisher":{"@id":"https:\/\/prefecturadeesmeraldas.gob.ec\/#organization"},"potentialAction":[{"@type":"SearchAction","target":{"@type":"EntryPoint","urlTemplate":"https:\/\/prefecturadeesmeraldas.gob.ec\/?s={search_term_string}"},"query-input":{"@type":"PropertyValueSpecification","valueRequired":true,"valueName":"search_term_string"}}],"inLanguage":"es"},{"@type":"Organization","@id":"https:\/\/prefecturadeesmeraldas.gob.ec\/#organization","name":"Gobierno Aut\u00f3nomo Descentralizado de la Provincia de Esmeraldas","url":"https:\/\/prefecturadeesmeraldas.gob.ec\/","logo":{"@type":"ImageObject","inLanguage":"es","@id":"https:\/\/prefecturadeesmeraldas.gob.ec\/#\/schema\/logo\/image\/","url":"https:\/\/prefecturadeesmeraldas.gob.ec\/wp-content\/uploads\/2019\/06\/logo.png","contentUrl":"https:\/\/prefecturadeesmeraldas.gob.ec\/wp-content\/uploads\/2019\/06\/logo.png","width":859,"height":448,"caption":"Gobierno Aut\u00f3nomo Descentralizado de la Provincia de Esmeraldas"},"image":{"@id":"https:\/\/prefecturadeesmeraldas.gob.ec\/#\/schema\/logo\/image\/"},"sameAs":["https:\/\/www.facebook.com\/PrefecturaEsmeraldas\/"]},{"@type":"Person","@id":"https:\/\/prefecturadeesmeraldas.gob.ec\/#\/schema\/person\/b0c9e7b1ead7725994d1e319e8825234","name":"Direcci\u00f3n de Comunicaci\u00f3n","image":{"@type":"ImageObject","inLanguage":"es","@id":"https:\/\/prefecturadeesmeraldas.gob.ec\/#\/schema\/person\/image\/","url":"https:\/\/secure.gravatar.com\/avatar\/74a3870a946f5d774ade3569af61a72308e07ad3346f370c4b468ee2a9858658?s=96&d=mm&r=g","contentUrl":"https:\/\/secure.gravatar.com\/avatar\/74a3870a946f5d774ade3569af61a72308e07ad3346f370c4b468ee2a9858658?s=96&d=mm&r=g","caption":"Direcci\u00f3n de Comunicaci\u00f3n"}}]}},"_links":{"self":[{"href":"https:\/\/prefecturadeesmeraldas.gob.ec\/index.php\/wp-json\/wp\/v2\/posts\/25541","targetHints":{"allow":["GET"]}}],"collection":[{"href":"https:\/\/prefecturadeesmeraldas.gob.ec\/index.php\/wp-json\/wp\/v2\/posts"}],"about":[{"href":"https:\/\/prefecturadeesmeraldas.gob.ec\/index.php\/wp-json\/wp\/v2\/types\/post"}],"author":[{"embeddable":true,"href":"https:\/\/prefecturadeesmeraldas.gob.ec\/index.php\/wp-json\/wp\/v2\/users\/2"}],"replies":[{"embeddable":true,"href":"https:\/\/prefecturadeesmeraldas.gob.ec\/index.php\/wp-json\/wp\/v2\/comments?post=25541"}],"version-history":[{"count":0,"href":"https:\/\/prefecturadeesmeraldas.gob.ec\/index.php\/wp-json\/wp\/v2\/posts\/25541\/revisions"}],"wp:featuredmedia":[{"embeddable":true,"href":"https:\/\/prefecturadeesmeraldas.gob.ec\/index.php\/wp-json\/wp\/v2\/media\/25543"}],"wp:attachment":[{"href":"https:\/\/prefecturadeesmeraldas.gob.ec\/index.php\/wp-json\/wp\/v2\/media?parent=25541"}],"wp:term":[{"taxonomy":"category","embeddable":true,"href":"https:\/\/prefecturadeesmeraldas.gob.ec\/index.php\/wp-json\/wp\/v2\/categories?post=25541"},{"taxonomy":"post_tag","embeddable":true,"href":"https:\/\/prefecturadeesmeraldas.gob.ec\/index.php\/wp-json\/wp\/v2\/tags?post=25541"}],"curies":[{"name":"wp","href":"https:\/\/api.w.org\/{rel}","templated":true}]}}