{"id":25521,"date":"2024-04-10T10:48:05","date_gmt":"2024-04-10T15:48:05","guid":{"rendered":"https:\/\/prefecturadeesmeraldas.gob.ec\/?p=25521"},"modified":"2024-04-10T10:50:43","modified_gmt":"2024-04-10T15:50:43","slug":"prefecta-participo-como-invitada-especial-en-la-posesion-de-la-directiva-de-la-asociacion-de-ganaderos-esmeraldas","status":"publish","type":"post","link":"https:\/\/prefecturadeesmeraldas.gob.ec\/index.php\/2024\/04\/10\/prefecta-participo-como-invitada-especial-en-la-posesion-de-la-directiva-de-la-asociacion-de-ganaderos-esmeraldas\/","title":{"rendered":"Prefecta particip\u00f3 como invitada especial en la posesi\u00f3n de la directiva de la Asociaci\u00f3n de Ganaderos Esmeraldas."},"content":{"rendered":"\t\t<div data-elementor-type=\"wp-post\" data-elementor-id=\"25521\" class=\"elementor elementor-25521\">\n\t\t\t\t<div class=\"elementor-element elementor-element-96db15d e-flex e-con-boxed e-con e-parent\" data-id=\"96db15d\" data-element_type=\"container\">\n\t\t\t\t\t<div class=\"e-con-inner\">\n\t\t\t\t<div class=\"elementor-element elementor-element-b03b761 elementor-widget elementor-widget-image\" data-id=\"b03b761\" data-element_type=\"widget\" data-widget_type=\"image.default\">\n\t\t\t\t<div class=\"elementor-widget-container\">\n\t\t\t\t\t\t\t\t\t\t\t\t\t\t\t<img fetchpriority=\"high\" decoding=\"async\" width=\"1280\" height=\"852\" src=\"https:\/\/prefecturadeesmeraldas.gob.ec\/wp-content\/uploads\/2024\/04\/WhatsApp-Image-2024-04-09-at-13.10.09-1.jpeg\" class=\"attachment-large size-large wp-image-25524\" alt=\"\" srcset=\"https:\/\/prefecturadeesmeraldas.gob.ec\/wp-content\/uploads\/2024\/04\/WhatsApp-Image-2024-04-09-at-13.10.09-1.jpeg 1280w, https:\/\/prefecturadeesmeraldas.gob.ec\/wp-content\/uploads\/2024\/04\/WhatsApp-Image-2024-04-09-at-13.10.09-1-300x200.jpeg 300w, https:\/\/prefecturadeesmeraldas.gob.ec\/wp-content\/uploads\/2024\/04\/WhatsApp-Image-2024-04-09-at-13.10.09-1-768x511.jpeg 768w\" sizes=\"(max-width: 1280px) 100vw, 1280px\" \/>\t\t\t\t\t\t\t\t\t\t\t\t\t\t\t<\/div>\n\t\t\t\t<\/div>\n\t\t\t\t\t<\/div>\n\t\t\t\t<\/div>\n\t\t<div class=\"elementor-element elementor-element-bae64e6 e-flex e-con-boxed e-con e-parent\" data-id=\"bae64e6\" data-element_type=\"container\">\n\t\t\t\t\t<div class=\"e-con-inner\">\n\t\t\t\t<div class=\"elementor-element elementor-element-67c5e35 elementor-widget elementor-widget-text-editor\" data-id=\"67c5e35\" data-element_type=\"widget\" data-widget_type=\"text-editor.default\">\n\t\t\t\t<div class=\"elementor-widget-container\">\n\t\t\t\t\t\t\t\t\t<p>La labor que viene realizando la abogada Roberta Zambrano, desde la Prefectura de Esmeraldas, en beneficio del sector ganadero de la provincia, fue reconocido por el presidente de la asociaci\u00f3n, a trav\u00e9s de un presente donde se destac\u00f3 el empe\u00f1o que se ha puesto por sacar adelante y fomentar el desarrollo productivo a trav\u00e9s de la ganader\u00eda.<\/p><p>En el evento de posesi\u00f3n de la nueva directiva de la Asociaci\u00f3n Provincial de Ganaderos de Esmeraldas, el presidente David Pacheco, se\u00f1al\u00f3 que la provincia es una potencia ganadera, con una enorme perspectiva de crecimiento, por lo que resalt\u00f3 el compromiso de trabajar en conjunto con la prefecta y as\u00ed mismo hizo la entrega de un reconocimiento que rend\u00eda homenaje a la autoridad por su valioso aporte en beneficio de la ciudadan\u00eda esmeralde\u00f1a, en especial por su apoyo al gremio ganadero.<\/p><p>La prefecta se\u00f1al\u00f3 que \u201clos esmeralde\u00f1os debemos tener orgullo\u201d y estar siempre unidos para luchar por lo que mereceremos, ya que solo as\u00ed lograremos ocupar siempre el primer lugar y destacar en todos los \u00e1mbitos. <\/p>\t\t\t\t\t\t\t\t<\/div>\n\t\t\t\t<\/div>\n\t\t\t\t\t<\/div>\n\t\t\t\t<\/div>\n\t\t\t\t<\/div>\n\t\t","protected":false},"excerpt":{"rendered":"<p>La labor que viene realizando la abogada Roberta Zambrano, desde la Prefectura de Esmeraldas, en beneficio del sector ganadero de la provincia, fue reconocido por el presidente de la asociaci\u00f3n, a trav\u00e9s de un presente donde se destac\u00f3 el empe\u00f1o que se ha puesto por sacar adelante y fomentar el desarrollo productivo a trav\u00e9s de [&hellip;]<\/p>\n","protected":false},"author":2,"featured_media":25523,"comment_status":"closed","ping_status":"open","sticky":false,"template":"","format":"standard","meta":{"footnotes":""},"categories":[3],"tags":[],"class_list":["post-25521","post","type-post","status-publish","format-standard","has-post-thumbnail","hentry","category-institucional"],"yoast_head":"<!-- This site is optimized with the Yoast SEO plugin v25.7 - https:\/\/yoast.com\/wordpress\/plugins\/seo\/ -->\n<title>Prefecta particip\u00f3 como invitada especial en la posesi\u00f3n de la directiva de la Asociaci\u00f3n de Ganaderos Esmeraldas. - Gobierno Aut\u00f3nomo Descentralizado de la Provincia de Esmeraldas<\/title>\n<meta name=\"robots\" content=\"index, follow, max-snippet:-1, max-image-preview:large, max-video-preview:-1\" \/>\n<link rel=\"canonical\" href=\"https:\/\/prefecturadeesmeraldas.gob.ec\/index.php\/2024\/04\/10\/prefecta-participo-como-invitada-especial-en-la-posesion-de-la-directiva-de-la-asociacion-de-ganaderos-esmeraldas\/\" \/>\n<meta property=\"og:locale\" content=\"es_ES\" \/>\n<meta property=\"og:type\" content=\"article\" \/>\n<meta property=\"og:title\" content=\"Prefecta particip\u00f3 como invitada especial en la posesi\u00f3n de la directiva de la Asociaci\u00f3n de Ganaderos Esmeraldas. - Gobierno Aut\u00f3nomo Descentralizado de la Provincia de Esmeraldas\" \/>\n<meta property=\"og:description\" content=\"La labor que viene realizando la abogada Roberta Zambrano, desde la Prefectura de Esmeraldas, en beneficio del sector ganadero de la provincia, fue reconocido por el presidente de la asociaci\u00f3n, a trav\u00e9s de un presente donde se destac\u00f3 el empe\u00f1o que se ha puesto por sacar adelante y fomentar el desarrollo productivo a trav\u00e9s de [&hellip;]\" \/>\n<meta property=\"og:url\" content=\"https:\/\/prefecturadeesmeraldas.gob.ec\/index.php\/2024\/04\/10\/prefecta-participo-como-invitada-especial-en-la-posesion-de-la-directiva-de-la-asociacion-de-ganaderos-esmeraldas\/\" \/>\n<meta property=\"og:site_name\" content=\"Gobierno Aut\u00f3nomo Descentralizado de la Provincia de Esmeraldas\" \/>\n<meta property=\"article:publisher\" content=\"https:\/\/www.facebook.com\/PrefecturaEsmeraldas\/\" \/>\n<meta property=\"article:published_time\" content=\"2024-04-10T15:48:05+00:00\" \/>\n<meta property=\"article:modified_time\" content=\"2024-04-10T15:50:43+00:00\" \/>\n<meta property=\"og:image\" content=\"https:\/\/prefecturadeesmeraldas.gob.ec\/wp-content\/uploads\/2024\/04\/WhatsApp-Image-2024-04-09-at-13.10.09.jpeg\" \/>\n\t<meta property=\"og:image:width\" content=\"1280\" \/>\n\t<meta property=\"og:image:height\" content=\"852\" \/>\n\t<meta property=\"og:image:type\" content=\"image\/jpeg\" \/>\n<meta name=\"author\" content=\"Direcci\u00f3n de Comunicaci\u00f3n\" \/>\n<meta name=\"twitter:card\" content=\"summary_large_image\" \/>\n<meta name=\"twitter:label1\" content=\"Escrito por\" \/>\n\t<meta name=\"twitter:data1\" content=\"Direcci\u00f3n de Comunicaci\u00f3n\" \/>\n\t<meta name=\"twitter:label2\" content=\"Tiempo de lectura\" \/>\n\t<meta name=\"twitter:data2\" content=\"2 minutos\" \/>\n<script type=\"application\/ld+json\" class=\"yoast-schema-graph\">{\"@context\":\"https:\/\/schema.org\",\"@graph\":[{\"@type\":\"Article\",\"@id\":\"https:\/\/prefecturadeesmeraldas.gob.ec\/index.php\/2024\/04\/10\/prefecta-participo-como-invitada-especial-en-la-posesion-de-la-directiva-de-la-asociacion-de-ganaderos-esmeraldas\/#article\",\"isPartOf\":{\"@id\":\"https:\/\/prefecturadeesmeraldas.gob.ec\/index.php\/2024\/04\/10\/prefecta-participo-como-invitada-especial-en-la-posesion-de-la-directiva-de-la-asociacion-de-ganaderos-esmeraldas\/\"},\"author\":{\"name\":\"Direcci\u00f3n de Comunicaci\u00f3n\",\"@id\":\"https:\/\/prefecturadeesmeraldas.gob.ec\/#\/schema\/person\/b0c9e7b1ead7725994d1e319e8825234\"},\"headline\":\"Prefecta particip\u00f3 como invitada especial en la posesi\u00f3n de la directiva de la Asociaci\u00f3n de Ganaderos Esmeraldas.\",\"datePublished\":\"2024-04-10T15:48:05+00:00\",\"dateModified\":\"2024-04-10T15:50:43+00:00\",\"mainEntityOfPage\":{\"@id\":\"https:\/\/prefecturadeesmeraldas.gob.ec\/index.php\/2024\/04\/10\/prefecta-participo-como-invitada-especial-en-la-posesion-de-la-directiva-de-la-asociacion-de-ganaderos-esmeraldas\/\"},\"wordCount\":205,\"publisher\":{\"@id\":\"https:\/\/prefecturadeesmeraldas.gob.ec\/#organization\"},\"image\":{\"@id\":\"https:\/\/prefecturadeesmeraldas.gob.ec\/index.php\/2024\/04\/10\/prefecta-participo-como-invitada-especial-en-la-posesion-de-la-directiva-de-la-asociacion-de-ganaderos-esmeraldas\/#primaryimage\"},\"thumbnailUrl\":\"https:\/\/prefecturadeesmeraldas.gob.ec\/wp-content\/uploads\/2024\/04\/WhatsApp-Image-2024-04-09-at-13.10.09.jpeg\",\"articleSection\":[\"Institucional\"],\"inLanguage\":\"es\"},{\"@type\":\"WebPage\",\"@id\":\"https:\/\/prefecturadeesmeraldas.gob.ec\/index.php\/2024\/04\/10\/prefecta-participo-como-invitada-especial-en-la-posesion-de-la-directiva-de-la-asociacion-de-ganaderos-esmeraldas\/\",\"url\":\"https:\/\/prefecturadeesmeraldas.gob.ec\/index.php\/2024\/04\/10\/prefecta-participo-como-invitada-especial-en-la-posesion-de-la-directiva-de-la-asociacion-de-ganaderos-esmeraldas\/\",\"name\":\"Prefecta particip\u00f3 como invitada especial en la posesi\u00f3n de la directiva de la Asociaci\u00f3n de Ganaderos Esmeraldas. - Gobierno Aut\u00f3nomo Descentralizado de la Provincia de Esmeraldas\",\"isPartOf\":{\"@id\":\"https:\/\/prefecturadeesmeraldas.gob.ec\/#website\"},\"primaryImageOfPage\":{\"@id\":\"https:\/\/prefecturadeesmeraldas.gob.ec\/index.php\/2024\/04\/10\/prefecta-participo-como-invitada-especial-en-la-posesion-de-la-directiva-de-la-asociacion-de-ganaderos-esmeraldas\/#primaryimage\"},\"image\":{\"@id\":\"https:\/\/prefecturadeesmeraldas.gob.ec\/index.php\/2024\/04\/10\/prefecta-participo-como-invitada-especial-en-la-posesion-de-la-directiva-de-la-asociacion-de-ganaderos-esmeraldas\/#primaryimage\"},\"thumbnailUrl\":\"https:\/\/prefecturadeesmeraldas.gob.ec\/wp-content\/uploads\/2024\/04\/WhatsApp-Image-2024-04-09-at-13.10.09.jpeg\",\"datePublished\":\"2024-04-10T15:48:05+00:00\",\"dateModified\":\"2024-04-10T15:50:43+00:00\",\"breadcrumb\":{\"@id\":\"https:\/\/prefecturadeesmeraldas.gob.ec\/index.php\/2024\/04\/10\/prefecta-participo-como-invitada-especial-en-la-posesion-de-la-directiva-de-la-asociacion-de-ganaderos-esmeraldas\/#breadcrumb\"},\"inLanguage\":\"es\",\"potentialAction\":[{\"@type\":\"ReadAction\",\"target\":[\"https:\/\/prefecturadeesmeraldas.gob.ec\/index.php\/2024\/04\/10\/prefecta-participo-como-invitada-especial-en-la-posesion-de-la-directiva-de-la-asociacion-de-ganaderos-esmeraldas\/\"]}]},{\"@type\":\"ImageObject\",\"inLanguage\":\"es\",\"@id\":\"https:\/\/prefecturadeesmeraldas.gob.ec\/index.php\/2024\/04\/10\/prefecta-participo-como-invitada-especial-en-la-posesion-de-la-directiva-de-la-asociacion-de-ganaderos-esmeraldas\/#primaryimage\",\"url\":\"https:\/\/prefecturadeesmeraldas.gob.ec\/wp-content\/uploads\/2024\/04\/WhatsApp-Image-2024-04-09-at-13.10.09.jpeg\",\"contentUrl\":\"https:\/\/prefecturadeesmeraldas.gob.ec\/wp-content\/uploads\/2024\/04\/WhatsApp-Image-2024-04-09-at-13.10.09.jpeg\",\"width\":1280,\"height\":852},{\"@type\":\"BreadcrumbList\",\"@id\":\"https:\/\/prefecturadeesmeraldas.gob.ec\/index.php\/2024\/04\/10\/prefecta-participo-como-invitada-especial-en-la-posesion-de-la-directiva-de-la-asociacion-de-ganaderos-esmeraldas\/#breadcrumb\",\"itemListElement\":[{\"@type\":\"ListItem\",\"position\":1,\"name\":\"Home\",\"item\":\"https:\/\/prefecturadeesmeraldas.gob.ec\/\"},{\"@type\":\"ListItem\",\"position\":2,\"name\":\"Prefecta particip\u00f3 como invitada especial en la posesi\u00f3n de la directiva de la Asociaci\u00f3n de Ganaderos Esmeraldas.\"}]},{\"@type\":\"WebSite\",\"@id\":\"https:\/\/prefecturadeesmeraldas.gob.ec\/#website\",\"url\":\"https:\/\/prefecturadeesmeraldas.gob.ec\/\",\"name\":\"Gobierno Aut\u00f3nomo Descentralizado de la Provincia de Esmeraldas\",\"description\":\"Gobierno Aut\u00f3nomo Descentralizado de la Provincia de Esmeraldas\",\"publisher\":{\"@id\":\"https:\/\/prefecturadeesmeraldas.gob.ec\/#organization\"},\"potentialAction\":[{\"@type\":\"SearchAction\",\"target\":{\"@type\":\"EntryPoint\",\"urlTemplate\":\"https:\/\/prefecturadeesmeraldas.gob.ec\/?s={search_term_string}\"},\"query-input\":{\"@type\":\"PropertyValueSpecification\",\"valueRequired\":true,\"valueName\":\"search_term_string\"}}],\"inLanguage\":\"es\"},{\"@type\":\"Organization\",\"@id\":\"https:\/\/prefecturadeesmeraldas.gob.ec\/#organization\",\"name\":\"Gobierno Aut\u00f3nomo Descentralizado de la Provincia de Esmeraldas\",\"url\":\"https:\/\/prefecturadeesmeraldas.gob.ec\/\",\"logo\":{\"@type\":\"ImageObject\",\"inLanguage\":\"es\",\"@id\":\"https:\/\/prefecturadeesmeraldas.gob.ec\/#\/schema\/logo\/image\/\",\"url\":\"https:\/\/prefecturadeesmeraldas.gob.ec\/wp-content\/uploads\/2019\/06\/logo.png\",\"contentUrl\":\"https:\/\/prefecturadeesmeraldas.gob.ec\/wp-content\/uploads\/2019\/06\/logo.png\",\"width\":859,\"height\":448,\"caption\":\"Gobierno Aut\u00f3nomo Descentralizado de la Provincia de Esmeraldas\"},\"image\":{\"@id\":\"https:\/\/prefecturadeesmeraldas.gob.ec\/#\/schema\/logo\/image\/\"},\"sameAs\":[\"https:\/\/www.facebook.com\/PrefecturaEsmeraldas\/\"]},{\"@type\":\"Person\",\"@id\":\"https:\/\/prefecturadeesmeraldas.gob.ec\/#\/schema\/person\/b0c9e7b1ead7725994d1e319e8825234\",\"name\":\"Direcci\u00f3n de Comunicaci\u00f3n\",\"image\":{\"@type\":\"ImageObject\",\"inLanguage\":\"es\",\"@id\":\"https:\/\/prefecturadeesmeraldas.gob.ec\/#\/schema\/person\/image\/\",\"url\":\"https:\/\/secure.gravatar.com\/avatar\/74a3870a946f5d774ade3569af61a72308e07ad3346f370c4b468ee2a9858658?s=96&d=mm&r=g\",\"contentUrl\":\"https:\/\/secure.gravatar.com\/avatar\/74a3870a946f5d774ade3569af61a72308e07ad3346f370c4b468ee2a9858658?s=96&d=mm&r=g\",\"caption\":\"Direcci\u00f3n de Comunicaci\u00f3n\"}}]}<\/script>\n<!-- \/ Yoast SEO plugin. -->","yoast_head_json":{"title":"Prefecta particip\u00f3 como invitada especial en la posesi\u00f3n de la directiva de la Asociaci\u00f3n de Ganaderos Esmeraldas. - Gobierno Aut\u00f3nomo Descentralizado de la Provincia de Esmeraldas","robots":{"index":"index","follow":"follow","max-snippet":"max-snippet:-1","max-image-preview":"max-image-preview:large","max-video-preview":"max-video-preview:-1"},"canonical":"https:\/\/prefecturadeesmeraldas.gob.ec\/index.php\/2024\/04\/10\/prefecta-participo-como-invitada-especial-en-la-posesion-de-la-directiva-de-la-asociacion-de-ganaderos-esmeraldas\/","og_locale":"es_ES","og_type":"article","og_title":"Prefecta particip\u00f3 como invitada especial en la posesi\u00f3n de la directiva de la Asociaci\u00f3n de Ganaderos Esmeraldas. - Gobierno Aut\u00f3nomo Descentralizado de la Provincia de Esmeraldas","og_description":"La labor que viene realizando la abogada Roberta Zambrano, desde la Prefectura de Esmeraldas, en beneficio del sector ganadero de la provincia, fue reconocido por el presidente de la asociaci\u00f3n, a trav\u00e9s de un presente donde se destac\u00f3 el empe\u00f1o que se ha puesto por sacar adelante y fomentar el desarrollo productivo a trav\u00e9s de [&hellip;]","og_url":"https:\/\/prefecturadeesmeraldas.gob.ec\/index.php\/2024\/04\/10\/prefecta-participo-como-invitada-especial-en-la-posesion-de-la-directiva-de-la-asociacion-de-ganaderos-esmeraldas\/","og_site_name":"Gobierno Aut\u00f3nomo Descentralizado de la Provincia de Esmeraldas","article_publisher":"https:\/\/www.facebook.com\/PrefecturaEsmeraldas\/","article_published_time":"2024-04-10T15:48:05+00:00","article_modified_time":"2024-04-10T15:50:43+00:00","og_image":[{"width":1280,"height":852,"url":"https:\/\/prefecturadeesmeraldas.gob.ec\/wp-content\/uploads\/2024\/04\/WhatsApp-Image-2024-04-09-at-13.10.09.jpeg","type":"image\/jpeg"}],"author":"Direcci\u00f3n de Comunicaci\u00f3n","twitter_card":"summary_large_image","twitter_misc":{"Escrito por":"Direcci\u00f3n de Comunicaci\u00f3n","Tiempo de lectura":"2 minutos"},"schema":{"@context":"https:\/\/schema.org","@graph":[{"@type":"Article","@id":"https:\/\/prefecturadeesmeraldas.gob.ec\/index.php\/2024\/04\/10\/prefecta-participo-como-invitada-especial-en-la-posesion-de-la-directiva-de-la-asociacion-de-ganaderos-esmeraldas\/#article","isPartOf":{"@id":"https:\/\/prefecturadeesmeraldas.gob.ec\/index.php\/2024\/04\/10\/prefecta-participo-como-invitada-especial-en-la-posesion-de-la-directiva-de-la-asociacion-de-ganaderos-esmeraldas\/"},"author":{"name":"Direcci\u00f3n de Comunicaci\u00f3n","@id":"https:\/\/prefecturadeesmeraldas.gob.ec\/#\/schema\/person\/b0c9e7b1ead7725994d1e319e8825234"},"headline":"Prefecta particip\u00f3 como invitada especial en la posesi\u00f3n de la directiva de la Asociaci\u00f3n de Ganaderos Esmeraldas.","datePublished":"2024-04-10T15:48:05+00:00","dateModified":"2024-04-10T15:50:43+00:00","mainEntityOfPage":{"@id":"https:\/\/prefecturadeesmeraldas.gob.ec\/index.php\/2024\/04\/10\/prefecta-participo-como-invitada-especial-en-la-posesion-de-la-directiva-de-la-asociacion-de-ganaderos-esmeraldas\/"},"wordCount":205,"publisher":{"@id":"https:\/\/prefecturadeesmeraldas.gob.ec\/#organization"},"image":{"@id":"https:\/\/prefecturadeesmeraldas.gob.ec\/index.php\/2024\/04\/10\/prefecta-participo-como-invitada-especial-en-la-posesion-de-la-directiva-de-la-asociacion-de-ganaderos-esmeraldas\/#primaryimage"},"thumbnailUrl":"https:\/\/prefecturadeesmeraldas.gob.ec\/wp-content\/uploads\/2024\/04\/WhatsApp-Image-2024-04-09-at-13.10.09.jpeg","articleSection":["Institucional"],"inLanguage":"es"},{"@type":"WebPage","@id":"https:\/\/prefecturadeesmeraldas.gob.ec\/index.php\/2024\/04\/10\/prefecta-participo-como-invitada-especial-en-la-posesion-de-la-directiva-de-la-asociacion-de-ganaderos-esmeraldas\/","url":"https:\/\/prefecturadeesmeraldas.gob.ec\/index.php\/2024\/04\/10\/prefecta-participo-como-invitada-especial-en-la-posesion-de-la-directiva-de-la-asociacion-de-ganaderos-esmeraldas\/","name":"Prefecta particip\u00f3 como invitada especial en la posesi\u00f3n de la directiva de la Asociaci\u00f3n de Ganaderos Esmeraldas. - Gobierno Aut\u00f3nomo Descentralizado de la Provincia de Esmeraldas","isPartOf":{"@id":"https:\/\/prefecturadeesmeraldas.gob.ec\/#website"},"primaryImageOfPage":{"@id":"https:\/\/prefecturadeesmeraldas.gob.ec\/index.php\/2024\/04\/10\/prefecta-participo-como-invitada-especial-en-la-posesion-de-la-directiva-de-la-asociacion-de-ganaderos-esmeraldas\/#primaryimage"},"image":{"@id":"https:\/\/prefecturadeesmeraldas.gob.ec\/index.php\/2024\/04\/10\/prefecta-participo-como-invitada-especial-en-la-posesion-de-la-directiva-de-la-asociacion-de-ganaderos-esmeraldas\/#primaryimage"},"thumbnailUrl":"https:\/\/prefecturadeesmeraldas.gob.ec\/wp-content\/uploads\/2024\/04\/WhatsApp-Image-2024-04-09-at-13.10.09.jpeg","datePublished":"2024-04-10T15:48:05+00:00","dateModified":"2024-04-10T15:50:43+00:00","breadcrumb":{"@id":"https:\/\/prefecturadeesmeraldas.gob.ec\/index.php\/2024\/04\/10\/prefecta-participo-como-invitada-especial-en-la-posesion-de-la-directiva-de-la-asociacion-de-ganaderos-esmeraldas\/#breadcrumb"},"inLanguage":"es","potentialAction":[{"@type":"ReadAction","target":["https:\/\/prefecturadeesmeraldas.gob.ec\/index.php\/2024\/04\/10\/prefecta-participo-como-invitada-especial-en-la-posesion-de-la-directiva-de-la-asociacion-de-ganaderos-esmeraldas\/"]}]},{"@type":"ImageObject","inLanguage":"es","@id":"https:\/\/prefecturadeesmeraldas.gob.ec\/index.php\/2024\/04\/10\/prefecta-participo-como-invitada-especial-en-la-posesion-de-la-directiva-de-la-asociacion-de-ganaderos-esmeraldas\/#primaryimage","url":"https:\/\/prefecturadeesmeraldas.gob.ec\/wp-content\/uploads\/2024\/04\/WhatsApp-Image-2024-04-09-at-13.10.09.jpeg","contentUrl":"https:\/\/prefecturadeesmeraldas.gob.ec\/wp-content\/uploads\/2024\/04\/WhatsApp-Image-2024-04-09-at-13.10.09.jpeg","width":1280,"height":852},{"@type":"BreadcrumbList","@id":"https:\/\/prefecturadeesmeraldas.gob.ec\/index.php\/2024\/04\/10\/prefecta-participo-como-invitada-especial-en-la-posesion-de-la-directiva-de-la-asociacion-de-ganaderos-esmeraldas\/#breadcrumb","itemListElement":[{"@type":"ListItem","position":1,"name":"Home","item":"https:\/\/prefecturadeesmeraldas.gob.ec\/"},{"@type":"ListItem","position":2,"name":"Prefecta particip\u00f3 como invitada especial en la posesi\u00f3n de la directiva de la Asociaci\u00f3n de Ganaderos Esmeraldas."}]},{"@type":"WebSite","@id":"https:\/\/prefecturadeesmeraldas.gob.ec\/#website","url":"https:\/\/prefecturadeesmeraldas.gob.ec\/","name":"Gobierno Aut\u00f3nomo Descentralizado de la Provincia de Esmeraldas","description":"Gobierno Aut\u00f3nomo Descentralizado de la Provincia de Esmeraldas","publisher":{"@id":"https:\/\/prefecturadeesmeraldas.gob.ec\/#organization"},"potentialAction":[{"@type":"SearchAction","target":{"@type":"EntryPoint","urlTemplate":"https:\/\/prefecturadeesmeraldas.gob.ec\/?s={search_term_string}"},"query-input":{"@type":"PropertyValueSpecification","valueRequired":true,"valueName":"search_term_string"}}],"inLanguage":"es"},{"@type":"Organization","@id":"https:\/\/prefecturadeesmeraldas.gob.ec\/#organization","name":"Gobierno Aut\u00f3nomo Descentralizado de la Provincia de Esmeraldas","url":"https:\/\/prefecturadeesmeraldas.gob.ec\/","logo":{"@type":"ImageObject","inLanguage":"es","@id":"https:\/\/prefecturadeesmeraldas.gob.ec\/#\/schema\/logo\/image\/","url":"https:\/\/prefecturadeesmeraldas.gob.ec\/wp-content\/uploads\/2019\/06\/logo.png","contentUrl":"https:\/\/prefecturadeesmeraldas.gob.ec\/wp-content\/uploads\/2019\/06\/logo.png","width":859,"height":448,"caption":"Gobierno Aut\u00f3nomo Descentralizado de la Provincia de Esmeraldas"},"image":{"@id":"https:\/\/prefecturadeesmeraldas.gob.ec\/#\/schema\/logo\/image\/"},"sameAs":["https:\/\/www.facebook.com\/PrefecturaEsmeraldas\/"]},{"@type":"Person","@id":"https:\/\/prefecturadeesmeraldas.gob.ec\/#\/schema\/person\/b0c9e7b1ead7725994d1e319e8825234","name":"Direcci\u00f3n de Comunicaci\u00f3n","image":{"@type":"ImageObject","inLanguage":"es","@id":"https:\/\/prefecturadeesmeraldas.gob.ec\/#\/schema\/person\/image\/","url":"https:\/\/secure.gravatar.com\/avatar\/74a3870a946f5d774ade3569af61a72308e07ad3346f370c4b468ee2a9858658?s=96&d=mm&r=g","contentUrl":"https:\/\/secure.gravatar.com\/avatar\/74a3870a946f5d774ade3569af61a72308e07ad3346f370c4b468ee2a9858658?s=96&d=mm&r=g","caption":"Direcci\u00f3n de Comunicaci\u00f3n"}}]}},"_links":{"self":[{"href":"https:\/\/prefecturadeesmeraldas.gob.ec\/index.php\/wp-json\/wp\/v2\/posts\/25521","targetHints":{"allow":["GET"]}}],"collection":[{"href":"https:\/\/prefecturadeesmeraldas.gob.ec\/index.php\/wp-json\/wp\/v2\/posts"}],"about":[{"href":"https:\/\/prefecturadeesmeraldas.gob.ec\/index.php\/wp-json\/wp\/v2\/types\/post"}],"author":[{"embeddable":true,"href":"https:\/\/prefecturadeesmeraldas.gob.ec\/index.php\/wp-json\/wp\/v2\/users\/2"}],"replies":[{"embeddable":true,"href":"https:\/\/prefecturadeesmeraldas.gob.ec\/index.php\/wp-json\/wp\/v2\/comments?post=25521"}],"version-history":[{"count":0,"href":"https:\/\/prefecturadeesmeraldas.gob.ec\/index.php\/wp-json\/wp\/v2\/posts\/25521\/revisions"}],"wp:featuredmedia":[{"embeddable":true,"href":"https:\/\/prefecturadeesmeraldas.gob.ec\/index.php\/wp-json\/wp\/v2\/media\/25523"}],"wp:attachment":[{"href":"https:\/\/prefecturadeesmeraldas.gob.ec\/index.php\/wp-json\/wp\/v2\/media?parent=25521"}],"wp:term":[{"taxonomy":"category","embeddable":true,"href":"https:\/\/prefecturadeesmeraldas.gob.ec\/index.php\/wp-json\/wp\/v2\/categories?post=25521"},{"taxonomy":"post_tag","embeddable":true,"href":"https:\/\/prefecturadeesmeraldas.gob.ec\/index.php\/wp-json\/wp\/v2\/tags?post=25521"}],"curies":[{"name":"wp","href":"https:\/\/api.w.org\/{rel}","templated":true}]}}