{"id":25435,"date":"2024-03-28T12:30:20","date_gmt":"2024-03-28T17:30:20","guid":{"rendered":"https:\/\/prefecturadeesmeraldas.gob.ec\/?p=25435"},"modified":"2024-03-28T12:31:57","modified_gmt":"2024-03-28T17:31:57","slug":"cantones-del-norte-participaran-del-primer-concurso-gastronomico-identidad-con-sabor-esmeraldeno","status":"publish","type":"post","link":"https:\/\/prefecturadeesmeraldas.gob.ec\/index.php\/2024\/03\/28\/cantones-del-norte-participaran-del-primer-concurso-gastronomico-identidad-con-sabor-esmeraldeno\/","title":{"rendered":"Cantones del norte participar\u00e1n del primer concurso gastron\u00f3mico identidad con sabor esmeralde\u00f1o ."},"content":{"rendered":"\t\t<div data-elementor-type=\"wp-post\" data-elementor-id=\"25435\" class=\"elementor elementor-25435\">\n\t\t\t\t<div class=\"elementor-element elementor-element-e5ae09e e-flex e-con-boxed e-con e-parent\" data-id=\"e5ae09e\" data-element_type=\"container\">\n\t\t\t\t\t<div class=\"e-con-inner\">\n\t\t\t\t<div class=\"elementor-element elementor-element-0644680 elementor-widget elementor-widget-image\" data-id=\"0644680\" data-element_type=\"widget\" data-widget_type=\"image.default\">\n\t\t\t\t<div class=\"elementor-widget-container\">\n\t\t\t\t\t\t\t\t\t\t\t\t\t\t\t<img fetchpriority=\"high\" decoding=\"async\" width=\"1280\" height=\"853\" src=\"https:\/\/prefecturadeesmeraldas.gob.ec\/wp-content\/uploads\/2024\/03\/111-1.png\" class=\"attachment-large size-large wp-image-25436\" alt=\"\" srcset=\"https:\/\/prefecturadeesmeraldas.gob.ec\/wp-content\/uploads\/2024\/03\/111-1.png 1280w, https:\/\/prefecturadeesmeraldas.gob.ec\/wp-content\/uploads\/2024\/03\/111-1-300x200.png 300w, https:\/\/prefecturadeesmeraldas.gob.ec\/wp-content\/uploads\/2024\/03\/111-1-768x512.png 768w\" sizes=\"(max-width: 1280px) 100vw, 1280px\" \/>\t\t\t\t\t\t\t\t\t\t\t\t\t\t\t<\/div>\n\t\t\t\t<\/div>\n\t\t\t\t\t<\/div>\n\t\t\t\t<\/div>\n\t\t<div class=\"elementor-element elementor-element-4bd8d49 e-flex e-con-boxed e-con e-parent\" data-id=\"4bd8d49\" data-element_type=\"container\">\n\t\t\t\t\t<div class=\"e-con-inner\">\n\t\t\t\t<div class=\"elementor-element elementor-element-ad401a9 elementor-widget elementor-widget-text-editor\" data-id=\"ad401a9\" data-element_type=\"widget\" data-widget_type=\"text-editor.default\">\n\t\t\t\t<div class=\"elementor-widget-container\">\n\t\t\t\t\t\t\t\t\t<p>Este s\u00e1bado 30 de marzo, la playa de Daule, en el cant\u00f3n Muisne, ser\u00e1 la sede para la realizaci\u00f3n del primer concurso gastron\u00f3mico Identidad con Sabor Esmeralde\u00f1o \u201cYo Soy Esmeraldas, que organiza la Prefectura de Esmeraldas, a trav\u00e9s de la Direcci\u00f3n de Fomento Productivo.<\/p><p>Los cantones del norte de la provincia como San Lorenzo, Eloy Alfaro y Rioverde, participar\u00e1n en este concurso que se realizar\u00e1 a la par con el Tercer Festival Pesca Deportiva del Robalo; y, competir\u00e1n por uno de los tres lugares que ser\u00e1n premiados.<\/p><p>El cant\u00f3n San Lorenzo presentar\u00e1 el Chupe de pescado, que es un tradicional plato esmeralde\u00f1o hecho a base de coco, con la particularidad de que el pescado debe fre\u00edrse para luego con \u00e9l realizar un encocao; adicional se presentar\u00e1 uno de los mariscos m\u00e1s apetecidos que brinda trabajo a varios recolectores, se trata de la concha, la misma que se servir\u00e1 en ceviche y asadas.<\/p><p>El cant\u00f3n Eloy Alfaro tendr\u00e1 su representante de la parroquia Santa Luc\u00eda de Las Pe\u00f1as, qui\u00e9n competir\u00e1 con una Bandeja del Mar, que contiene arroz mixto de concha y camar\u00f3n, langostinos a la plancha, chicharr\u00f3n de pescado, conchas asadas y el acompa\u00f1amiento de patacones; tambi\u00e9n se presentar\u00e1n platos como el encocao de mangle preparado con productos obtenidos en el manglar como el cangrejo y las conchas.<\/p><p>Rioverde presentar\u00e1 una opci\u00f3n diferente a los mariscos, como es el Encocao de Pato Ahumado, que forma parte del emprendimiento \u201cLa Ruta del Pato\u201d que atrae a varios turistas; dicho plato lo sirven acompa\u00f1ado de arroz blanco o una tradicional bala de verde.<\/p><p>Este concurso tiene la finalidad de consolidar a la provincia de Esmeraldas con sus siete cantones, como destino tur\u00edstico competitivo a nivel nacional e internacional. <\/p>\t\t\t\t\t\t\t\t<\/div>\n\t\t\t\t<\/div>\n\t\t\t\t\t<\/div>\n\t\t\t\t<\/div>\n\t\t\t\t<\/div>\n\t\t","protected":false},"excerpt":{"rendered":"<p>Este s\u00e1bado 30 de marzo, la playa de Daule, en el cant\u00f3n Muisne, ser\u00e1 la sede para la realizaci\u00f3n del primer concurso gastron\u00f3mico Identidad con Sabor Esmeralde\u00f1o \u201cYo Soy Esmeraldas, que organiza la Prefectura de Esmeraldas, a trav\u00e9s de la Direcci\u00f3n de Fomento Productivo. Los cantones del norte de la provincia como San Lorenzo, Eloy [&hellip;]<\/p>\n","protected":false},"author":2,"featured_media":25436,"comment_status":"closed","ping_status":"open","sticky":false,"template":"","format":"standard","meta":{"footnotes":""},"categories":[18],"tags":[],"class_list":["post-25435","post","type-post","status-publish","format-standard","has-post-thumbnail","hentry","category-turismo"],"yoast_head":"<!-- This site is optimized with the Yoast SEO plugin v25.7 - https:\/\/yoast.com\/wordpress\/plugins\/seo\/ -->\n<title>Cantones del norte participar\u00e1n del primer concurso gastron\u00f3mico identidad con sabor esmeralde\u00f1o . - Gobierno Aut\u00f3nomo Descentralizado de la Provincia de Esmeraldas<\/title>\n<meta name=\"robots\" content=\"index, follow, max-snippet:-1, max-image-preview:large, max-video-preview:-1\" \/>\n<link rel=\"canonical\" href=\"https:\/\/prefecturadeesmeraldas.gob.ec\/index.php\/2024\/03\/28\/cantones-del-norte-participaran-del-primer-concurso-gastronomico-identidad-con-sabor-esmeraldeno\/\" \/>\n<meta property=\"og:locale\" content=\"es_ES\" \/>\n<meta property=\"og:type\" content=\"article\" \/>\n<meta property=\"og:title\" content=\"Cantones del norte participar\u00e1n del primer concurso gastron\u00f3mico identidad con sabor esmeralde\u00f1o . - Gobierno Aut\u00f3nomo Descentralizado de la Provincia de Esmeraldas\" \/>\n<meta property=\"og:description\" content=\"Este s\u00e1bado 30 de marzo, la playa de Daule, en el cant\u00f3n Muisne, ser\u00e1 la sede para la realizaci\u00f3n del primer concurso gastron\u00f3mico Identidad con Sabor Esmeralde\u00f1o \u201cYo Soy Esmeraldas, que organiza la Prefectura de Esmeraldas, a trav\u00e9s de la Direcci\u00f3n de Fomento Productivo. Los cantones del norte de la provincia como San Lorenzo, Eloy [&hellip;]\" \/>\n<meta property=\"og:url\" content=\"https:\/\/prefecturadeesmeraldas.gob.ec\/index.php\/2024\/03\/28\/cantones-del-norte-participaran-del-primer-concurso-gastronomico-identidad-con-sabor-esmeraldeno\/\" \/>\n<meta property=\"og:site_name\" content=\"Gobierno Aut\u00f3nomo Descentralizado de la Provincia de Esmeraldas\" \/>\n<meta property=\"article:publisher\" content=\"https:\/\/www.facebook.com\/PrefecturaEsmeraldas\/\" \/>\n<meta property=\"article:published_time\" content=\"2024-03-28T17:30:20+00:00\" \/>\n<meta property=\"article:modified_time\" content=\"2024-03-28T17:31:57+00:00\" \/>\n<meta property=\"og:image\" content=\"https:\/\/prefecturadeesmeraldas.gob.ec\/wp-content\/uploads\/2024\/03\/111-1.png\" \/>\n\t<meta property=\"og:image:width\" content=\"1280\" \/>\n\t<meta property=\"og:image:height\" content=\"853\" \/>\n\t<meta property=\"og:image:type\" content=\"image\/png\" \/>\n<meta name=\"author\" content=\"Direcci\u00f3n de Comunicaci\u00f3n\" \/>\n<meta name=\"twitter:card\" content=\"summary_large_image\" \/>\n<meta name=\"twitter:label1\" content=\"Escrito por\" \/>\n\t<meta name=\"twitter:data1\" content=\"Direcci\u00f3n de Comunicaci\u00f3n\" \/>\n\t<meta name=\"twitter:label2\" content=\"Tiempo de lectura\" \/>\n\t<meta name=\"twitter:data2\" content=\"2 minutos\" \/>\n<script type=\"application\/ld+json\" class=\"yoast-schema-graph\">{\"@context\":\"https:\/\/schema.org\",\"@graph\":[{\"@type\":\"Article\",\"@id\":\"https:\/\/prefecturadeesmeraldas.gob.ec\/index.php\/2024\/03\/28\/cantones-del-norte-participaran-del-primer-concurso-gastronomico-identidad-con-sabor-esmeraldeno\/#article\",\"isPartOf\":{\"@id\":\"https:\/\/prefecturadeesmeraldas.gob.ec\/index.php\/2024\/03\/28\/cantones-del-norte-participaran-del-primer-concurso-gastronomico-identidad-con-sabor-esmeraldeno\/\"},\"author\":{\"name\":\"Direcci\u00f3n de Comunicaci\u00f3n\",\"@id\":\"https:\/\/prefecturadeesmeraldas.gob.ec\/#\/schema\/person\/b0c9e7b1ead7725994d1e319e8825234\"},\"headline\":\"Cantones del norte participar\u00e1n del primer concurso gastron\u00f3mico identidad con sabor esmeralde\u00f1o .\",\"datePublished\":\"2024-03-28T17:30:20+00:00\",\"dateModified\":\"2024-03-28T17:31:57+00:00\",\"mainEntityOfPage\":{\"@id\":\"https:\/\/prefecturadeesmeraldas.gob.ec\/index.php\/2024\/03\/28\/cantones-del-norte-participaran-del-primer-concurso-gastronomico-identidad-con-sabor-esmeraldeno\/\"},\"wordCount\":326,\"publisher\":{\"@id\":\"https:\/\/prefecturadeesmeraldas.gob.ec\/#organization\"},\"image\":{\"@id\":\"https:\/\/prefecturadeesmeraldas.gob.ec\/index.php\/2024\/03\/28\/cantones-del-norte-participaran-del-primer-concurso-gastronomico-identidad-con-sabor-esmeraldeno\/#primaryimage\"},\"thumbnailUrl\":\"https:\/\/prefecturadeesmeraldas.gob.ec\/wp-content\/uploads\/2024\/03\/111-1.png\",\"articleSection\":[\"Turismo\"],\"inLanguage\":\"es\"},{\"@type\":\"WebPage\",\"@id\":\"https:\/\/prefecturadeesmeraldas.gob.ec\/index.php\/2024\/03\/28\/cantones-del-norte-participaran-del-primer-concurso-gastronomico-identidad-con-sabor-esmeraldeno\/\",\"url\":\"https:\/\/prefecturadeesmeraldas.gob.ec\/index.php\/2024\/03\/28\/cantones-del-norte-participaran-del-primer-concurso-gastronomico-identidad-con-sabor-esmeraldeno\/\",\"name\":\"Cantones del norte participar\u00e1n del primer concurso gastron\u00f3mico identidad con sabor esmeralde\u00f1o . - Gobierno Aut\u00f3nomo Descentralizado de la Provincia de Esmeraldas\",\"isPartOf\":{\"@id\":\"https:\/\/prefecturadeesmeraldas.gob.ec\/#website\"},\"primaryImageOfPage\":{\"@id\":\"https:\/\/prefecturadeesmeraldas.gob.ec\/index.php\/2024\/03\/28\/cantones-del-norte-participaran-del-primer-concurso-gastronomico-identidad-con-sabor-esmeraldeno\/#primaryimage\"},\"image\":{\"@id\":\"https:\/\/prefecturadeesmeraldas.gob.ec\/index.php\/2024\/03\/28\/cantones-del-norte-participaran-del-primer-concurso-gastronomico-identidad-con-sabor-esmeraldeno\/#primaryimage\"},\"thumbnailUrl\":\"https:\/\/prefecturadeesmeraldas.gob.ec\/wp-content\/uploads\/2024\/03\/111-1.png\",\"datePublished\":\"2024-03-28T17:30:20+00:00\",\"dateModified\":\"2024-03-28T17:31:57+00:00\",\"breadcrumb\":{\"@id\":\"https:\/\/prefecturadeesmeraldas.gob.ec\/index.php\/2024\/03\/28\/cantones-del-norte-participaran-del-primer-concurso-gastronomico-identidad-con-sabor-esmeraldeno\/#breadcrumb\"},\"inLanguage\":\"es\",\"potentialAction\":[{\"@type\":\"ReadAction\",\"target\":[\"https:\/\/prefecturadeesmeraldas.gob.ec\/index.php\/2024\/03\/28\/cantones-del-norte-participaran-del-primer-concurso-gastronomico-identidad-con-sabor-esmeraldeno\/\"]}]},{\"@type\":\"ImageObject\",\"inLanguage\":\"es\",\"@id\":\"https:\/\/prefecturadeesmeraldas.gob.ec\/index.php\/2024\/03\/28\/cantones-del-norte-participaran-del-primer-concurso-gastronomico-identidad-con-sabor-esmeraldeno\/#primaryimage\",\"url\":\"https:\/\/prefecturadeesmeraldas.gob.ec\/wp-content\/uploads\/2024\/03\/111-1.png\",\"contentUrl\":\"https:\/\/prefecturadeesmeraldas.gob.ec\/wp-content\/uploads\/2024\/03\/111-1.png\",\"width\":1280,\"height\":853},{\"@type\":\"BreadcrumbList\",\"@id\":\"https:\/\/prefecturadeesmeraldas.gob.ec\/index.php\/2024\/03\/28\/cantones-del-norte-participaran-del-primer-concurso-gastronomico-identidad-con-sabor-esmeraldeno\/#breadcrumb\",\"itemListElement\":[{\"@type\":\"ListItem\",\"position\":1,\"name\":\"Home\",\"item\":\"https:\/\/prefecturadeesmeraldas.gob.ec\/\"},{\"@type\":\"ListItem\",\"position\":2,\"name\":\"Cantones del norte participar\u00e1n del primer concurso gastron\u00f3mico identidad con sabor esmeralde\u00f1o .\"}]},{\"@type\":\"WebSite\",\"@id\":\"https:\/\/prefecturadeesmeraldas.gob.ec\/#website\",\"url\":\"https:\/\/prefecturadeesmeraldas.gob.ec\/\",\"name\":\"Gobierno Aut\u00f3nomo Descentralizado de la Provincia de Esmeraldas\",\"description\":\"Gobierno Aut\u00f3nomo Descentralizado de la Provincia de Esmeraldas\",\"publisher\":{\"@id\":\"https:\/\/prefecturadeesmeraldas.gob.ec\/#organization\"},\"potentialAction\":[{\"@type\":\"SearchAction\",\"target\":{\"@type\":\"EntryPoint\",\"urlTemplate\":\"https:\/\/prefecturadeesmeraldas.gob.ec\/?s={search_term_string}\"},\"query-input\":{\"@type\":\"PropertyValueSpecification\",\"valueRequired\":true,\"valueName\":\"search_term_string\"}}],\"inLanguage\":\"es\"},{\"@type\":\"Organization\",\"@id\":\"https:\/\/prefecturadeesmeraldas.gob.ec\/#organization\",\"name\":\"Gobierno Aut\u00f3nomo Descentralizado de la Provincia de Esmeraldas\",\"url\":\"https:\/\/prefecturadeesmeraldas.gob.ec\/\",\"logo\":{\"@type\":\"ImageObject\",\"inLanguage\":\"es\",\"@id\":\"https:\/\/prefecturadeesmeraldas.gob.ec\/#\/schema\/logo\/image\/\",\"url\":\"https:\/\/prefecturadeesmeraldas.gob.ec\/wp-content\/uploads\/2019\/06\/logo.png\",\"contentUrl\":\"https:\/\/prefecturadeesmeraldas.gob.ec\/wp-content\/uploads\/2019\/06\/logo.png\",\"width\":859,\"height\":448,\"caption\":\"Gobierno Aut\u00f3nomo Descentralizado de la Provincia de Esmeraldas\"},\"image\":{\"@id\":\"https:\/\/prefecturadeesmeraldas.gob.ec\/#\/schema\/logo\/image\/\"},\"sameAs\":[\"https:\/\/www.facebook.com\/PrefecturaEsmeraldas\/\"]},{\"@type\":\"Person\",\"@id\":\"https:\/\/prefecturadeesmeraldas.gob.ec\/#\/schema\/person\/b0c9e7b1ead7725994d1e319e8825234\",\"name\":\"Direcci\u00f3n de Comunicaci\u00f3n\",\"image\":{\"@type\":\"ImageObject\",\"inLanguage\":\"es\",\"@id\":\"https:\/\/prefecturadeesmeraldas.gob.ec\/#\/schema\/person\/image\/\",\"url\":\"https:\/\/secure.gravatar.com\/avatar\/74a3870a946f5d774ade3569af61a72308e07ad3346f370c4b468ee2a9858658?s=96&d=mm&r=g\",\"contentUrl\":\"https:\/\/secure.gravatar.com\/avatar\/74a3870a946f5d774ade3569af61a72308e07ad3346f370c4b468ee2a9858658?s=96&d=mm&r=g\",\"caption\":\"Direcci\u00f3n de Comunicaci\u00f3n\"}}]}<\/script>\n<!-- \/ Yoast SEO plugin. -->","yoast_head_json":{"title":"Cantones del norte participar\u00e1n del primer concurso gastron\u00f3mico identidad con sabor esmeralde\u00f1o . - Gobierno Aut\u00f3nomo Descentralizado de la Provincia de Esmeraldas","robots":{"index":"index","follow":"follow","max-snippet":"max-snippet:-1","max-image-preview":"max-image-preview:large","max-video-preview":"max-video-preview:-1"},"canonical":"https:\/\/prefecturadeesmeraldas.gob.ec\/index.php\/2024\/03\/28\/cantones-del-norte-participaran-del-primer-concurso-gastronomico-identidad-con-sabor-esmeraldeno\/","og_locale":"es_ES","og_type":"article","og_title":"Cantones del norte participar\u00e1n del primer concurso gastron\u00f3mico identidad con sabor esmeralde\u00f1o . - Gobierno Aut\u00f3nomo Descentralizado de la Provincia de Esmeraldas","og_description":"Este s\u00e1bado 30 de marzo, la playa de Daule, en el cant\u00f3n Muisne, ser\u00e1 la sede para la realizaci\u00f3n del primer concurso gastron\u00f3mico Identidad con Sabor Esmeralde\u00f1o \u201cYo Soy Esmeraldas, que organiza la Prefectura de Esmeraldas, a trav\u00e9s de la Direcci\u00f3n de Fomento Productivo. Los cantones del norte de la provincia como San Lorenzo, Eloy [&hellip;]","og_url":"https:\/\/prefecturadeesmeraldas.gob.ec\/index.php\/2024\/03\/28\/cantones-del-norte-participaran-del-primer-concurso-gastronomico-identidad-con-sabor-esmeraldeno\/","og_site_name":"Gobierno Aut\u00f3nomo Descentralizado de la Provincia de Esmeraldas","article_publisher":"https:\/\/www.facebook.com\/PrefecturaEsmeraldas\/","article_published_time":"2024-03-28T17:30:20+00:00","article_modified_time":"2024-03-28T17:31:57+00:00","og_image":[{"url":"https:\/\/prefecturadeesmeraldas.gob.ec\/wp-content\/uploads\/2024\/03\/111-1.png","width":1280,"height":853,"type":"image\/png"}],"author":"Direcci\u00f3n de Comunicaci\u00f3n","twitter_card":"summary_large_image","twitter_misc":{"Escrito por":"Direcci\u00f3n de Comunicaci\u00f3n","Tiempo de lectura":"2 minutos"},"schema":{"@context":"https:\/\/schema.org","@graph":[{"@type":"Article","@id":"https:\/\/prefecturadeesmeraldas.gob.ec\/index.php\/2024\/03\/28\/cantones-del-norte-participaran-del-primer-concurso-gastronomico-identidad-con-sabor-esmeraldeno\/#article","isPartOf":{"@id":"https:\/\/prefecturadeesmeraldas.gob.ec\/index.php\/2024\/03\/28\/cantones-del-norte-participaran-del-primer-concurso-gastronomico-identidad-con-sabor-esmeraldeno\/"},"author":{"name":"Direcci\u00f3n de Comunicaci\u00f3n","@id":"https:\/\/prefecturadeesmeraldas.gob.ec\/#\/schema\/person\/b0c9e7b1ead7725994d1e319e8825234"},"headline":"Cantones del norte participar\u00e1n del primer concurso gastron\u00f3mico identidad con sabor esmeralde\u00f1o .","datePublished":"2024-03-28T17:30:20+00:00","dateModified":"2024-03-28T17:31:57+00:00","mainEntityOfPage":{"@id":"https:\/\/prefecturadeesmeraldas.gob.ec\/index.php\/2024\/03\/28\/cantones-del-norte-participaran-del-primer-concurso-gastronomico-identidad-con-sabor-esmeraldeno\/"},"wordCount":326,"publisher":{"@id":"https:\/\/prefecturadeesmeraldas.gob.ec\/#organization"},"image":{"@id":"https:\/\/prefecturadeesmeraldas.gob.ec\/index.php\/2024\/03\/28\/cantones-del-norte-participaran-del-primer-concurso-gastronomico-identidad-con-sabor-esmeraldeno\/#primaryimage"},"thumbnailUrl":"https:\/\/prefecturadeesmeraldas.gob.ec\/wp-content\/uploads\/2024\/03\/111-1.png","articleSection":["Turismo"],"inLanguage":"es"},{"@type":"WebPage","@id":"https:\/\/prefecturadeesmeraldas.gob.ec\/index.php\/2024\/03\/28\/cantones-del-norte-participaran-del-primer-concurso-gastronomico-identidad-con-sabor-esmeraldeno\/","url":"https:\/\/prefecturadeesmeraldas.gob.ec\/index.php\/2024\/03\/28\/cantones-del-norte-participaran-del-primer-concurso-gastronomico-identidad-con-sabor-esmeraldeno\/","name":"Cantones del norte participar\u00e1n del primer concurso gastron\u00f3mico identidad con sabor esmeralde\u00f1o . - Gobierno Aut\u00f3nomo Descentralizado de la Provincia de Esmeraldas","isPartOf":{"@id":"https:\/\/prefecturadeesmeraldas.gob.ec\/#website"},"primaryImageOfPage":{"@id":"https:\/\/prefecturadeesmeraldas.gob.ec\/index.php\/2024\/03\/28\/cantones-del-norte-participaran-del-primer-concurso-gastronomico-identidad-con-sabor-esmeraldeno\/#primaryimage"},"image":{"@id":"https:\/\/prefecturadeesmeraldas.gob.ec\/index.php\/2024\/03\/28\/cantones-del-norte-participaran-del-primer-concurso-gastronomico-identidad-con-sabor-esmeraldeno\/#primaryimage"},"thumbnailUrl":"https:\/\/prefecturadeesmeraldas.gob.ec\/wp-content\/uploads\/2024\/03\/111-1.png","datePublished":"2024-03-28T17:30:20+00:00","dateModified":"2024-03-28T17:31:57+00:00","breadcrumb":{"@id":"https:\/\/prefecturadeesmeraldas.gob.ec\/index.php\/2024\/03\/28\/cantones-del-norte-participaran-del-primer-concurso-gastronomico-identidad-con-sabor-esmeraldeno\/#breadcrumb"},"inLanguage":"es","potentialAction":[{"@type":"ReadAction","target":["https:\/\/prefecturadeesmeraldas.gob.ec\/index.php\/2024\/03\/28\/cantones-del-norte-participaran-del-primer-concurso-gastronomico-identidad-con-sabor-esmeraldeno\/"]}]},{"@type":"ImageObject","inLanguage":"es","@id":"https:\/\/prefecturadeesmeraldas.gob.ec\/index.php\/2024\/03\/28\/cantones-del-norte-participaran-del-primer-concurso-gastronomico-identidad-con-sabor-esmeraldeno\/#primaryimage","url":"https:\/\/prefecturadeesmeraldas.gob.ec\/wp-content\/uploads\/2024\/03\/111-1.png","contentUrl":"https:\/\/prefecturadeesmeraldas.gob.ec\/wp-content\/uploads\/2024\/03\/111-1.png","width":1280,"height":853},{"@type":"BreadcrumbList","@id":"https:\/\/prefecturadeesmeraldas.gob.ec\/index.php\/2024\/03\/28\/cantones-del-norte-participaran-del-primer-concurso-gastronomico-identidad-con-sabor-esmeraldeno\/#breadcrumb","itemListElement":[{"@type":"ListItem","position":1,"name":"Home","item":"https:\/\/prefecturadeesmeraldas.gob.ec\/"},{"@type":"ListItem","position":2,"name":"Cantones del norte participar\u00e1n del primer concurso gastron\u00f3mico identidad con sabor esmeralde\u00f1o ."}]},{"@type":"WebSite","@id":"https:\/\/prefecturadeesmeraldas.gob.ec\/#website","url":"https:\/\/prefecturadeesmeraldas.gob.ec\/","name":"Gobierno Aut\u00f3nomo Descentralizado de la Provincia de Esmeraldas","description":"Gobierno Aut\u00f3nomo Descentralizado de la Provincia de Esmeraldas","publisher":{"@id":"https:\/\/prefecturadeesmeraldas.gob.ec\/#organization"},"potentialAction":[{"@type":"SearchAction","target":{"@type":"EntryPoint","urlTemplate":"https:\/\/prefecturadeesmeraldas.gob.ec\/?s={search_term_string}"},"query-input":{"@type":"PropertyValueSpecification","valueRequired":true,"valueName":"search_term_string"}}],"inLanguage":"es"},{"@type":"Organization","@id":"https:\/\/prefecturadeesmeraldas.gob.ec\/#organization","name":"Gobierno Aut\u00f3nomo Descentralizado de la Provincia de Esmeraldas","url":"https:\/\/prefecturadeesmeraldas.gob.ec\/","logo":{"@type":"ImageObject","inLanguage":"es","@id":"https:\/\/prefecturadeesmeraldas.gob.ec\/#\/schema\/logo\/image\/","url":"https:\/\/prefecturadeesmeraldas.gob.ec\/wp-content\/uploads\/2019\/06\/logo.png","contentUrl":"https:\/\/prefecturadeesmeraldas.gob.ec\/wp-content\/uploads\/2019\/06\/logo.png","width":859,"height":448,"caption":"Gobierno Aut\u00f3nomo Descentralizado de la Provincia de Esmeraldas"},"image":{"@id":"https:\/\/prefecturadeesmeraldas.gob.ec\/#\/schema\/logo\/image\/"},"sameAs":["https:\/\/www.facebook.com\/PrefecturaEsmeraldas\/"]},{"@type":"Person","@id":"https:\/\/prefecturadeesmeraldas.gob.ec\/#\/schema\/person\/b0c9e7b1ead7725994d1e319e8825234","name":"Direcci\u00f3n de Comunicaci\u00f3n","image":{"@type":"ImageObject","inLanguage":"es","@id":"https:\/\/prefecturadeesmeraldas.gob.ec\/#\/schema\/person\/image\/","url":"https:\/\/secure.gravatar.com\/avatar\/74a3870a946f5d774ade3569af61a72308e07ad3346f370c4b468ee2a9858658?s=96&d=mm&r=g","contentUrl":"https:\/\/secure.gravatar.com\/avatar\/74a3870a946f5d774ade3569af61a72308e07ad3346f370c4b468ee2a9858658?s=96&d=mm&r=g","caption":"Direcci\u00f3n de Comunicaci\u00f3n"}}]}},"_links":{"self":[{"href":"https:\/\/prefecturadeesmeraldas.gob.ec\/index.php\/wp-json\/wp\/v2\/posts\/25435","targetHints":{"allow":["GET"]}}],"collection":[{"href":"https:\/\/prefecturadeesmeraldas.gob.ec\/index.php\/wp-json\/wp\/v2\/posts"}],"about":[{"href":"https:\/\/prefecturadeesmeraldas.gob.ec\/index.php\/wp-json\/wp\/v2\/types\/post"}],"author":[{"embeddable":true,"href":"https:\/\/prefecturadeesmeraldas.gob.ec\/index.php\/wp-json\/wp\/v2\/users\/2"}],"replies":[{"embeddable":true,"href":"https:\/\/prefecturadeesmeraldas.gob.ec\/index.php\/wp-json\/wp\/v2\/comments?post=25435"}],"version-history":[{"count":0,"href":"https:\/\/prefecturadeesmeraldas.gob.ec\/index.php\/wp-json\/wp\/v2\/posts\/25435\/revisions"}],"wp:featuredmedia":[{"embeddable":true,"href":"https:\/\/prefecturadeesmeraldas.gob.ec\/index.php\/wp-json\/wp\/v2\/media\/25436"}],"wp:attachment":[{"href":"https:\/\/prefecturadeesmeraldas.gob.ec\/index.php\/wp-json\/wp\/v2\/media?parent=25435"}],"wp:term":[{"taxonomy":"category","embeddable":true,"href":"https:\/\/prefecturadeesmeraldas.gob.ec\/index.php\/wp-json\/wp\/v2\/categories?post=25435"},{"taxonomy":"post_tag","embeddable":true,"href":"https:\/\/prefecturadeesmeraldas.gob.ec\/index.php\/wp-json\/wp\/v2\/tags?post=25435"}],"curies":[{"name":"wp","href":"https:\/\/api.w.org\/{rel}","templated":true}]}}