{"id":25171,"date":"2024-02-21T14:13:38","date_gmt":"2024-02-21T19:13:38","guid":{"rendered":"https:\/\/prefecturadeesmeraldas.gob.ec\/?p=25171"},"modified":"2024-02-21T14:16:09","modified_gmt":"2024-02-21T19:16:09","slug":"prefectura-de-esmeraldas-ejecuta-campana-de-reforestacion-en-comunidades-de-la-parroquia-tachina","status":"publish","type":"post","link":"https:\/\/prefecturadeesmeraldas.gob.ec\/index.php\/2024\/02\/21\/prefectura-de-esmeraldas-ejecuta-campana-de-reforestacion-en-comunidades-de-la-parroquia-tachina\/","title":{"rendered":"Prefectura de Esmeraldas ejecuta campa\u00f1a de reforestaci\u00f3n en comunidades de la parroquia Tachina."},"content":{"rendered":"\t\t<div data-elementor-type=\"wp-post\" data-elementor-id=\"25171\" class=\"elementor elementor-25171\">\n\t\t\t\t<div class=\"elementor-element elementor-element-2718d59 e-flex e-con-boxed e-con e-parent\" data-id=\"2718d59\" data-element_type=\"container\">\n\t\t\t\t\t<div class=\"e-con-inner\">\n\t\t\t\t<div class=\"elementor-element elementor-element-7de77c3 elementor-widget elementor-widget-image\" data-id=\"7de77c3\" data-element_type=\"widget\" data-widget_type=\"image.default\">\n\t\t\t\t<div class=\"elementor-widget-container\">\n\t\t\t\t\t\t\t\t\t\t\t\t\t\t\t<img fetchpriority=\"high\" decoding=\"async\" width=\"653\" height=\"653\" src=\"https:\/\/prefecturadeesmeraldas.gob.ec\/wp-content\/uploads\/2024\/02\/111-2.jpg\" class=\"attachment-large size-large wp-image-25173\" alt=\"\" srcset=\"https:\/\/prefecturadeesmeraldas.gob.ec\/wp-content\/uploads\/2024\/02\/111-2.jpg 653w, https:\/\/prefecturadeesmeraldas.gob.ec\/wp-content\/uploads\/2024\/02\/111-2-300x300.jpg 300w, https:\/\/prefecturadeesmeraldas.gob.ec\/wp-content\/uploads\/2024\/02\/111-2-150x150.jpg 150w, https:\/\/prefecturadeesmeraldas.gob.ec\/wp-content\/uploads\/2024\/02\/111-2-440x440.jpg 440w, https:\/\/prefecturadeesmeraldas.gob.ec\/wp-content\/uploads\/2024\/02\/111-2-180x180.jpg 180w, https:\/\/prefecturadeesmeraldas.gob.ec\/wp-content\/uploads\/2024\/02\/111-2-120x120.jpg 120w\" sizes=\"(max-width: 653px) 100vw, 653px\" \/>\t\t\t\t\t\t\t\t\t\t\t\t\t\t\t<\/div>\n\t\t\t\t<\/div>\n\t\t\t\t\t<\/div>\n\t\t\t\t<\/div>\n\t\t<div class=\"elementor-element elementor-element-5cd6e86 e-flex e-con-boxed e-con e-parent\" data-id=\"5cd6e86\" data-element_type=\"container\">\n\t\t\t\t\t<div class=\"e-con-inner\">\n\t\t\t\t<div class=\"elementor-element elementor-element-e5caf79 elementor-widget elementor-widget-text-editor\" data-id=\"e5caf79\" data-element_type=\"widget\" data-widget_type=\"text-editor.default\">\n\t\t\t\t<div class=\"elementor-widget-container\">\n\t\t\t\t\t\t\t\t\t<p>Unidos por el cuidado del ambiente, la Prefectura de Esmeraldas en coordinaci\u00f3n con el Gad Parroquial de Tachina, realizaron una campa\u00f1a de reforestaci\u00f3n con especies nativas como plantas ornamentales y forestales, para la siembra y recuperaci\u00f3n de espacios verdes en el barrio 28 de Agosto.<\/p><p>Con estas acciones, a trav\u00e9s de la Direcci\u00f3n de Gesti\u00f3n Ambiental, la Prefectura de Esmeraldas implementa campa\u00f1as de reforestaci\u00f3n con la finalidad de conservar el ambiente, contar con m\u00e1s espacios verdes y proteger las cuencas hidrogr\u00e1ficas de la provincia.<\/p><p>\u00cdtalo Alegr\u00eda, del sector 28 de Agosto, muy contento, mencion\u00f3 que la Prefectura de Esmeraldas y el GAD Parroquial de Tachina trabajan de la mano para sacar adelante a las zonas rurales.<\/p><p>Adem\u00e1s, Liliana Zamora, presidenta del GAD Parroquial de Tachina, agradeci\u00f3 a la prefecta, Roberta Zambrano por apoyar a poblaciones para que sean beneficiadas de manera directa.<\/p><p>Con el apoyo de la Direcci\u00f3n de Gesti\u00f3n Ambiental se trabaja para distribuir plantas en varias comunidades de la parroquia El Tigre y pronto se reforestar\u00e1 las cuencas h\u00eddricas del r\u00edo del mismo sector.<\/p>\t\t\t\t\t\t\t\t<\/div>\n\t\t\t\t<\/div>\n\t\t\t\t\t<\/div>\n\t\t\t\t<\/div>\n\t\t\t\t<\/div>\n\t\t","protected":false},"excerpt":{"rendered":"<p>Unidos por el cuidado del ambiente, la Prefectura de Esmeraldas en coordinaci\u00f3n con el Gad Parroquial de Tachina, realizaron una campa\u00f1a de reforestaci\u00f3n con especies nativas como plantas ornamentales y forestales, para la siembra y recuperaci\u00f3n de espacios verdes en el barrio 28 de Agosto. Con estas acciones, a trav\u00e9s de la Direcci\u00f3n de Gesti\u00f3n [&hellip;]<\/p>\n","protected":false},"author":2,"featured_media":25173,"comment_status":"closed","ping_status":"open","sticky":false,"template":"","format":"standard","meta":{"footnotes":""},"categories":[16],"tags":[],"class_list":["post-25171","post","type-post","status-publish","format-standard","has-post-thumbnail","hentry","category-ambiental"],"yoast_head":"<!-- This site is optimized with the Yoast SEO plugin v25.7 - https:\/\/yoast.com\/wordpress\/plugins\/seo\/ -->\n<title>Prefectura de Esmeraldas ejecuta campa\u00f1a de reforestaci\u00f3n en comunidades de la parroquia Tachina. - Gobierno Aut\u00f3nomo Descentralizado de la Provincia de Esmeraldas<\/title>\n<meta name=\"robots\" content=\"index, follow, max-snippet:-1, max-image-preview:large, max-video-preview:-1\" \/>\n<link rel=\"canonical\" href=\"https:\/\/prefecturadeesmeraldas.gob.ec\/index.php\/2024\/02\/21\/prefectura-de-esmeraldas-ejecuta-campana-de-reforestacion-en-comunidades-de-la-parroquia-tachina\/\" \/>\n<meta property=\"og:locale\" content=\"es_ES\" \/>\n<meta property=\"og:type\" content=\"article\" \/>\n<meta property=\"og:title\" content=\"Prefectura de Esmeraldas ejecuta campa\u00f1a de reforestaci\u00f3n en comunidades de la parroquia Tachina. - Gobierno Aut\u00f3nomo Descentralizado de la Provincia de Esmeraldas\" \/>\n<meta property=\"og:description\" content=\"Unidos por el cuidado del ambiente, la Prefectura de Esmeraldas en coordinaci\u00f3n con el Gad Parroquial de Tachina, realizaron una campa\u00f1a de reforestaci\u00f3n con especies nativas como plantas ornamentales y forestales, para la siembra y recuperaci\u00f3n de espacios verdes en el barrio 28 de Agosto. Con estas acciones, a trav\u00e9s de la Direcci\u00f3n de Gesti\u00f3n [&hellip;]\" \/>\n<meta property=\"og:url\" content=\"https:\/\/prefecturadeesmeraldas.gob.ec\/index.php\/2024\/02\/21\/prefectura-de-esmeraldas-ejecuta-campana-de-reforestacion-en-comunidades-de-la-parroquia-tachina\/\" \/>\n<meta property=\"og:site_name\" content=\"Gobierno Aut\u00f3nomo Descentralizado de la Provincia de Esmeraldas\" \/>\n<meta property=\"article:publisher\" content=\"https:\/\/www.facebook.com\/PrefecturaEsmeraldas\/\" \/>\n<meta property=\"article:published_time\" content=\"2024-02-21T19:13:38+00:00\" \/>\n<meta property=\"article:modified_time\" content=\"2024-02-21T19:16:09+00:00\" \/>\n<meta property=\"og:image\" content=\"https:\/\/prefecturadeesmeraldas.gob.ec\/wp-content\/uploads\/2024\/02\/111-2.jpg\" \/>\n\t<meta property=\"og:image:width\" content=\"653\" \/>\n\t<meta property=\"og:image:height\" content=\"653\" \/>\n\t<meta property=\"og:image:type\" content=\"image\/jpeg\" \/>\n<meta name=\"author\" content=\"Direcci\u00f3n de Comunicaci\u00f3n\" \/>\n<meta name=\"twitter:card\" content=\"summary_large_image\" \/>\n<meta name=\"twitter:label1\" content=\"Escrito por\" \/>\n\t<meta name=\"twitter:data1\" content=\"Direcci\u00f3n de Comunicaci\u00f3n\" \/>\n\t<meta name=\"twitter:label2\" content=\"Tiempo de lectura\" \/>\n\t<meta name=\"twitter:data2\" content=\"2 minutos\" \/>\n<script type=\"application\/ld+json\" class=\"yoast-schema-graph\">{\"@context\":\"https:\/\/schema.org\",\"@graph\":[{\"@type\":\"Article\",\"@id\":\"https:\/\/prefecturadeesmeraldas.gob.ec\/index.php\/2024\/02\/21\/prefectura-de-esmeraldas-ejecuta-campana-de-reforestacion-en-comunidades-de-la-parroquia-tachina\/#article\",\"isPartOf\":{\"@id\":\"https:\/\/prefecturadeesmeraldas.gob.ec\/index.php\/2024\/02\/21\/prefectura-de-esmeraldas-ejecuta-campana-de-reforestacion-en-comunidades-de-la-parroquia-tachina\/\"},\"author\":{\"name\":\"Direcci\u00f3n de Comunicaci\u00f3n\",\"@id\":\"https:\/\/prefecturadeesmeraldas.gob.ec\/#\/schema\/person\/b0c9e7b1ead7725994d1e319e8825234\"},\"headline\":\"Prefectura de Esmeraldas ejecuta campa\u00f1a de reforestaci\u00f3n en comunidades de la parroquia Tachina.\",\"datePublished\":\"2024-02-21T19:13:38+00:00\",\"dateModified\":\"2024-02-21T19:16:09+00:00\",\"mainEntityOfPage\":{\"@id\":\"https:\/\/prefecturadeesmeraldas.gob.ec\/index.php\/2024\/02\/21\/prefectura-de-esmeraldas-ejecuta-campana-de-reforestacion-en-comunidades-de-la-parroquia-tachina\/\"},\"wordCount\":206,\"publisher\":{\"@id\":\"https:\/\/prefecturadeesmeraldas.gob.ec\/#organization\"},\"image\":{\"@id\":\"https:\/\/prefecturadeesmeraldas.gob.ec\/index.php\/2024\/02\/21\/prefectura-de-esmeraldas-ejecuta-campana-de-reforestacion-en-comunidades-de-la-parroquia-tachina\/#primaryimage\"},\"thumbnailUrl\":\"https:\/\/prefecturadeesmeraldas.gob.ec\/wp-content\/uploads\/2024\/02\/111-2.jpg\",\"articleSection\":[\"Ambiental\"],\"inLanguage\":\"es\"},{\"@type\":\"WebPage\",\"@id\":\"https:\/\/prefecturadeesmeraldas.gob.ec\/index.php\/2024\/02\/21\/prefectura-de-esmeraldas-ejecuta-campana-de-reforestacion-en-comunidades-de-la-parroquia-tachina\/\",\"url\":\"https:\/\/prefecturadeesmeraldas.gob.ec\/index.php\/2024\/02\/21\/prefectura-de-esmeraldas-ejecuta-campana-de-reforestacion-en-comunidades-de-la-parroquia-tachina\/\",\"name\":\"Prefectura de Esmeraldas ejecuta campa\u00f1a de reforestaci\u00f3n en comunidades de la parroquia Tachina. - Gobierno Aut\u00f3nomo Descentralizado de la Provincia de Esmeraldas\",\"isPartOf\":{\"@id\":\"https:\/\/prefecturadeesmeraldas.gob.ec\/#website\"},\"primaryImageOfPage\":{\"@id\":\"https:\/\/prefecturadeesmeraldas.gob.ec\/index.php\/2024\/02\/21\/prefectura-de-esmeraldas-ejecuta-campana-de-reforestacion-en-comunidades-de-la-parroquia-tachina\/#primaryimage\"},\"image\":{\"@id\":\"https:\/\/prefecturadeesmeraldas.gob.ec\/index.php\/2024\/02\/21\/prefectura-de-esmeraldas-ejecuta-campana-de-reforestacion-en-comunidades-de-la-parroquia-tachina\/#primaryimage\"},\"thumbnailUrl\":\"https:\/\/prefecturadeesmeraldas.gob.ec\/wp-content\/uploads\/2024\/02\/111-2.jpg\",\"datePublished\":\"2024-02-21T19:13:38+00:00\",\"dateModified\":\"2024-02-21T19:16:09+00:00\",\"breadcrumb\":{\"@id\":\"https:\/\/prefecturadeesmeraldas.gob.ec\/index.php\/2024\/02\/21\/prefectura-de-esmeraldas-ejecuta-campana-de-reforestacion-en-comunidades-de-la-parroquia-tachina\/#breadcrumb\"},\"inLanguage\":\"es\",\"potentialAction\":[{\"@type\":\"ReadAction\",\"target\":[\"https:\/\/prefecturadeesmeraldas.gob.ec\/index.php\/2024\/02\/21\/prefectura-de-esmeraldas-ejecuta-campana-de-reforestacion-en-comunidades-de-la-parroquia-tachina\/\"]}]},{\"@type\":\"ImageObject\",\"inLanguage\":\"es\",\"@id\":\"https:\/\/prefecturadeesmeraldas.gob.ec\/index.php\/2024\/02\/21\/prefectura-de-esmeraldas-ejecuta-campana-de-reforestacion-en-comunidades-de-la-parroquia-tachina\/#primaryimage\",\"url\":\"https:\/\/prefecturadeesmeraldas.gob.ec\/wp-content\/uploads\/2024\/02\/111-2.jpg\",\"contentUrl\":\"https:\/\/prefecturadeesmeraldas.gob.ec\/wp-content\/uploads\/2024\/02\/111-2.jpg\",\"width\":653,\"height\":653},{\"@type\":\"BreadcrumbList\",\"@id\":\"https:\/\/prefecturadeesmeraldas.gob.ec\/index.php\/2024\/02\/21\/prefectura-de-esmeraldas-ejecuta-campana-de-reforestacion-en-comunidades-de-la-parroquia-tachina\/#breadcrumb\",\"itemListElement\":[{\"@type\":\"ListItem\",\"position\":1,\"name\":\"Home\",\"item\":\"https:\/\/prefecturadeesmeraldas.gob.ec\/\"},{\"@type\":\"ListItem\",\"position\":2,\"name\":\"Prefectura de Esmeraldas ejecuta campa\u00f1a de reforestaci\u00f3n en comunidades de la parroquia Tachina.\"}]},{\"@type\":\"WebSite\",\"@id\":\"https:\/\/prefecturadeesmeraldas.gob.ec\/#website\",\"url\":\"https:\/\/prefecturadeesmeraldas.gob.ec\/\",\"name\":\"Gobierno Aut\u00f3nomo Descentralizado de la Provincia de Esmeraldas\",\"description\":\"Gobierno Aut\u00f3nomo Descentralizado de la Provincia de Esmeraldas\",\"publisher\":{\"@id\":\"https:\/\/prefecturadeesmeraldas.gob.ec\/#organization\"},\"potentialAction\":[{\"@type\":\"SearchAction\",\"target\":{\"@type\":\"EntryPoint\",\"urlTemplate\":\"https:\/\/prefecturadeesmeraldas.gob.ec\/?s={search_term_string}\"},\"query-input\":{\"@type\":\"PropertyValueSpecification\",\"valueRequired\":true,\"valueName\":\"search_term_string\"}}],\"inLanguage\":\"es\"},{\"@type\":\"Organization\",\"@id\":\"https:\/\/prefecturadeesmeraldas.gob.ec\/#organization\",\"name\":\"Gobierno Aut\u00f3nomo Descentralizado de la Provincia de Esmeraldas\",\"url\":\"https:\/\/prefecturadeesmeraldas.gob.ec\/\",\"logo\":{\"@type\":\"ImageObject\",\"inLanguage\":\"es\",\"@id\":\"https:\/\/prefecturadeesmeraldas.gob.ec\/#\/schema\/logo\/image\/\",\"url\":\"https:\/\/prefecturadeesmeraldas.gob.ec\/wp-content\/uploads\/2019\/06\/logo.png\",\"contentUrl\":\"https:\/\/prefecturadeesmeraldas.gob.ec\/wp-content\/uploads\/2019\/06\/logo.png\",\"width\":859,\"height\":448,\"caption\":\"Gobierno Aut\u00f3nomo Descentralizado de la Provincia de Esmeraldas\"},\"image\":{\"@id\":\"https:\/\/prefecturadeesmeraldas.gob.ec\/#\/schema\/logo\/image\/\"},\"sameAs\":[\"https:\/\/www.facebook.com\/PrefecturaEsmeraldas\/\"]},{\"@type\":\"Person\",\"@id\":\"https:\/\/prefecturadeesmeraldas.gob.ec\/#\/schema\/person\/b0c9e7b1ead7725994d1e319e8825234\",\"name\":\"Direcci\u00f3n de Comunicaci\u00f3n\",\"image\":{\"@type\":\"ImageObject\",\"inLanguage\":\"es\",\"@id\":\"https:\/\/prefecturadeesmeraldas.gob.ec\/#\/schema\/person\/image\/\",\"url\":\"https:\/\/secure.gravatar.com\/avatar\/74a3870a946f5d774ade3569af61a72308e07ad3346f370c4b468ee2a9858658?s=96&d=mm&r=g\",\"contentUrl\":\"https:\/\/secure.gravatar.com\/avatar\/74a3870a946f5d774ade3569af61a72308e07ad3346f370c4b468ee2a9858658?s=96&d=mm&r=g\",\"caption\":\"Direcci\u00f3n de Comunicaci\u00f3n\"}}]}<\/script>\n<!-- \/ Yoast SEO plugin. -->","yoast_head_json":{"title":"Prefectura de Esmeraldas ejecuta campa\u00f1a de reforestaci\u00f3n en comunidades de la parroquia Tachina. - Gobierno Aut\u00f3nomo Descentralizado de la Provincia de Esmeraldas","robots":{"index":"index","follow":"follow","max-snippet":"max-snippet:-1","max-image-preview":"max-image-preview:large","max-video-preview":"max-video-preview:-1"},"canonical":"https:\/\/prefecturadeesmeraldas.gob.ec\/index.php\/2024\/02\/21\/prefectura-de-esmeraldas-ejecuta-campana-de-reforestacion-en-comunidades-de-la-parroquia-tachina\/","og_locale":"es_ES","og_type":"article","og_title":"Prefectura de Esmeraldas ejecuta campa\u00f1a de reforestaci\u00f3n en comunidades de la parroquia Tachina. - Gobierno Aut\u00f3nomo Descentralizado de la Provincia de Esmeraldas","og_description":"Unidos por el cuidado del ambiente, la Prefectura de Esmeraldas en coordinaci\u00f3n con el Gad Parroquial de Tachina, realizaron una campa\u00f1a de reforestaci\u00f3n con especies nativas como plantas ornamentales y forestales, para la siembra y recuperaci\u00f3n de espacios verdes en el barrio 28 de Agosto. Con estas acciones, a trav\u00e9s de la Direcci\u00f3n de Gesti\u00f3n [&hellip;]","og_url":"https:\/\/prefecturadeesmeraldas.gob.ec\/index.php\/2024\/02\/21\/prefectura-de-esmeraldas-ejecuta-campana-de-reforestacion-en-comunidades-de-la-parroquia-tachina\/","og_site_name":"Gobierno Aut\u00f3nomo Descentralizado de la Provincia de Esmeraldas","article_publisher":"https:\/\/www.facebook.com\/PrefecturaEsmeraldas\/","article_published_time":"2024-02-21T19:13:38+00:00","article_modified_time":"2024-02-21T19:16:09+00:00","og_image":[{"width":653,"height":653,"url":"https:\/\/prefecturadeesmeraldas.gob.ec\/wp-content\/uploads\/2024\/02\/111-2.jpg","type":"image\/jpeg"}],"author":"Direcci\u00f3n de Comunicaci\u00f3n","twitter_card":"summary_large_image","twitter_misc":{"Escrito por":"Direcci\u00f3n de Comunicaci\u00f3n","Tiempo de lectura":"2 minutos"},"schema":{"@context":"https:\/\/schema.org","@graph":[{"@type":"Article","@id":"https:\/\/prefecturadeesmeraldas.gob.ec\/index.php\/2024\/02\/21\/prefectura-de-esmeraldas-ejecuta-campana-de-reforestacion-en-comunidades-de-la-parroquia-tachina\/#article","isPartOf":{"@id":"https:\/\/prefecturadeesmeraldas.gob.ec\/index.php\/2024\/02\/21\/prefectura-de-esmeraldas-ejecuta-campana-de-reforestacion-en-comunidades-de-la-parroquia-tachina\/"},"author":{"name":"Direcci\u00f3n de Comunicaci\u00f3n","@id":"https:\/\/prefecturadeesmeraldas.gob.ec\/#\/schema\/person\/b0c9e7b1ead7725994d1e319e8825234"},"headline":"Prefectura de Esmeraldas ejecuta campa\u00f1a de reforestaci\u00f3n en comunidades de la parroquia Tachina.","datePublished":"2024-02-21T19:13:38+00:00","dateModified":"2024-02-21T19:16:09+00:00","mainEntityOfPage":{"@id":"https:\/\/prefecturadeesmeraldas.gob.ec\/index.php\/2024\/02\/21\/prefectura-de-esmeraldas-ejecuta-campana-de-reforestacion-en-comunidades-de-la-parroquia-tachina\/"},"wordCount":206,"publisher":{"@id":"https:\/\/prefecturadeesmeraldas.gob.ec\/#organization"},"image":{"@id":"https:\/\/prefecturadeesmeraldas.gob.ec\/index.php\/2024\/02\/21\/prefectura-de-esmeraldas-ejecuta-campana-de-reforestacion-en-comunidades-de-la-parroquia-tachina\/#primaryimage"},"thumbnailUrl":"https:\/\/prefecturadeesmeraldas.gob.ec\/wp-content\/uploads\/2024\/02\/111-2.jpg","articleSection":["Ambiental"],"inLanguage":"es"},{"@type":"WebPage","@id":"https:\/\/prefecturadeesmeraldas.gob.ec\/index.php\/2024\/02\/21\/prefectura-de-esmeraldas-ejecuta-campana-de-reforestacion-en-comunidades-de-la-parroquia-tachina\/","url":"https:\/\/prefecturadeesmeraldas.gob.ec\/index.php\/2024\/02\/21\/prefectura-de-esmeraldas-ejecuta-campana-de-reforestacion-en-comunidades-de-la-parroquia-tachina\/","name":"Prefectura de Esmeraldas ejecuta campa\u00f1a de reforestaci\u00f3n en comunidades de la parroquia Tachina. - Gobierno Aut\u00f3nomo Descentralizado de la Provincia de Esmeraldas","isPartOf":{"@id":"https:\/\/prefecturadeesmeraldas.gob.ec\/#website"},"primaryImageOfPage":{"@id":"https:\/\/prefecturadeesmeraldas.gob.ec\/index.php\/2024\/02\/21\/prefectura-de-esmeraldas-ejecuta-campana-de-reforestacion-en-comunidades-de-la-parroquia-tachina\/#primaryimage"},"image":{"@id":"https:\/\/prefecturadeesmeraldas.gob.ec\/index.php\/2024\/02\/21\/prefectura-de-esmeraldas-ejecuta-campana-de-reforestacion-en-comunidades-de-la-parroquia-tachina\/#primaryimage"},"thumbnailUrl":"https:\/\/prefecturadeesmeraldas.gob.ec\/wp-content\/uploads\/2024\/02\/111-2.jpg","datePublished":"2024-02-21T19:13:38+00:00","dateModified":"2024-02-21T19:16:09+00:00","breadcrumb":{"@id":"https:\/\/prefecturadeesmeraldas.gob.ec\/index.php\/2024\/02\/21\/prefectura-de-esmeraldas-ejecuta-campana-de-reforestacion-en-comunidades-de-la-parroquia-tachina\/#breadcrumb"},"inLanguage":"es","potentialAction":[{"@type":"ReadAction","target":["https:\/\/prefecturadeesmeraldas.gob.ec\/index.php\/2024\/02\/21\/prefectura-de-esmeraldas-ejecuta-campana-de-reforestacion-en-comunidades-de-la-parroquia-tachina\/"]}]},{"@type":"ImageObject","inLanguage":"es","@id":"https:\/\/prefecturadeesmeraldas.gob.ec\/index.php\/2024\/02\/21\/prefectura-de-esmeraldas-ejecuta-campana-de-reforestacion-en-comunidades-de-la-parroquia-tachina\/#primaryimage","url":"https:\/\/prefecturadeesmeraldas.gob.ec\/wp-content\/uploads\/2024\/02\/111-2.jpg","contentUrl":"https:\/\/prefecturadeesmeraldas.gob.ec\/wp-content\/uploads\/2024\/02\/111-2.jpg","width":653,"height":653},{"@type":"BreadcrumbList","@id":"https:\/\/prefecturadeesmeraldas.gob.ec\/index.php\/2024\/02\/21\/prefectura-de-esmeraldas-ejecuta-campana-de-reforestacion-en-comunidades-de-la-parroquia-tachina\/#breadcrumb","itemListElement":[{"@type":"ListItem","position":1,"name":"Home","item":"https:\/\/prefecturadeesmeraldas.gob.ec\/"},{"@type":"ListItem","position":2,"name":"Prefectura de Esmeraldas ejecuta campa\u00f1a de reforestaci\u00f3n en comunidades de la parroquia Tachina."}]},{"@type":"WebSite","@id":"https:\/\/prefecturadeesmeraldas.gob.ec\/#website","url":"https:\/\/prefecturadeesmeraldas.gob.ec\/","name":"Gobierno Aut\u00f3nomo Descentralizado de la Provincia de Esmeraldas","description":"Gobierno Aut\u00f3nomo Descentralizado de la Provincia de Esmeraldas","publisher":{"@id":"https:\/\/prefecturadeesmeraldas.gob.ec\/#organization"},"potentialAction":[{"@type":"SearchAction","target":{"@type":"EntryPoint","urlTemplate":"https:\/\/prefecturadeesmeraldas.gob.ec\/?s={search_term_string}"},"query-input":{"@type":"PropertyValueSpecification","valueRequired":true,"valueName":"search_term_string"}}],"inLanguage":"es"},{"@type":"Organization","@id":"https:\/\/prefecturadeesmeraldas.gob.ec\/#organization","name":"Gobierno Aut\u00f3nomo Descentralizado de la Provincia de Esmeraldas","url":"https:\/\/prefecturadeesmeraldas.gob.ec\/","logo":{"@type":"ImageObject","inLanguage":"es","@id":"https:\/\/prefecturadeesmeraldas.gob.ec\/#\/schema\/logo\/image\/","url":"https:\/\/prefecturadeesmeraldas.gob.ec\/wp-content\/uploads\/2019\/06\/logo.png","contentUrl":"https:\/\/prefecturadeesmeraldas.gob.ec\/wp-content\/uploads\/2019\/06\/logo.png","width":859,"height":448,"caption":"Gobierno Aut\u00f3nomo Descentralizado de la Provincia de Esmeraldas"},"image":{"@id":"https:\/\/prefecturadeesmeraldas.gob.ec\/#\/schema\/logo\/image\/"},"sameAs":["https:\/\/www.facebook.com\/PrefecturaEsmeraldas\/"]},{"@type":"Person","@id":"https:\/\/prefecturadeesmeraldas.gob.ec\/#\/schema\/person\/b0c9e7b1ead7725994d1e319e8825234","name":"Direcci\u00f3n de Comunicaci\u00f3n","image":{"@type":"ImageObject","inLanguage":"es","@id":"https:\/\/prefecturadeesmeraldas.gob.ec\/#\/schema\/person\/image\/","url":"https:\/\/secure.gravatar.com\/avatar\/74a3870a946f5d774ade3569af61a72308e07ad3346f370c4b468ee2a9858658?s=96&d=mm&r=g","contentUrl":"https:\/\/secure.gravatar.com\/avatar\/74a3870a946f5d774ade3569af61a72308e07ad3346f370c4b468ee2a9858658?s=96&d=mm&r=g","caption":"Direcci\u00f3n de Comunicaci\u00f3n"}}]}},"_links":{"self":[{"href":"https:\/\/prefecturadeesmeraldas.gob.ec\/index.php\/wp-json\/wp\/v2\/posts\/25171","targetHints":{"allow":["GET"]}}],"collection":[{"href":"https:\/\/prefecturadeesmeraldas.gob.ec\/index.php\/wp-json\/wp\/v2\/posts"}],"about":[{"href":"https:\/\/prefecturadeesmeraldas.gob.ec\/index.php\/wp-json\/wp\/v2\/types\/post"}],"author":[{"embeddable":true,"href":"https:\/\/prefecturadeesmeraldas.gob.ec\/index.php\/wp-json\/wp\/v2\/users\/2"}],"replies":[{"embeddable":true,"href":"https:\/\/prefecturadeesmeraldas.gob.ec\/index.php\/wp-json\/wp\/v2\/comments?post=25171"}],"version-history":[{"count":0,"href":"https:\/\/prefecturadeesmeraldas.gob.ec\/index.php\/wp-json\/wp\/v2\/posts\/25171\/revisions"}],"wp:featuredmedia":[{"embeddable":true,"href":"https:\/\/prefecturadeesmeraldas.gob.ec\/index.php\/wp-json\/wp\/v2\/media\/25173"}],"wp:attachment":[{"href":"https:\/\/prefecturadeesmeraldas.gob.ec\/index.php\/wp-json\/wp\/v2\/media?parent=25171"}],"wp:term":[{"taxonomy":"category","embeddable":true,"href":"https:\/\/prefecturadeesmeraldas.gob.ec\/index.php\/wp-json\/wp\/v2\/categories?post=25171"},{"taxonomy":"post_tag","embeddable":true,"href":"https:\/\/prefecturadeesmeraldas.gob.ec\/index.php\/wp-json\/wp\/v2\/tags?post=25171"}],"curies":[{"name":"wp","href":"https:\/\/api.w.org\/{rel}","templated":true}]}}