{"id":24410,"date":"2023-12-12T17:58:38","date_gmt":"2023-12-12T22:58:38","guid":{"rendered":"https:\/\/prefecturadeesmeraldas.gob.ec\/?p=24410"},"modified":"2023-12-12T18:00:30","modified_gmt":"2023-12-12T23:00:30","slug":"prefectura-de-esmeraldas-conmemoro-el-dia-de-las-personas-con-discapacidad","status":"publish","type":"post","link":"https:\/\/prefecturadeesmeraldas.gob.ec\/index.php\/2023\/12\/12\/prefectura-de-esmeraldas-conmemoro-el-dia-de-las-personas-con-discapacidad\/","title":{"rendered":"Prefectura de Esmeraldas conmemor\u00f3 el d\u00eda de las personas con discapacidad."},"content":{"rendered":"\t\t<div data-elementor-type=\"wp-post\" data-elementor-id=\"24410\" class=\"elementor elementor-24410\">\n\t\t\t\t<div class=\"elementor-element elementor-element-d095ae2 e-flex e-con-boxed e-con e-parent\" data-id=\"d095ae2\" data-element_type=\"container\">\n\t\t\t\t\t<div class=\"e-con-inner\">\n\t\t\t\t<div class=\"elementor-element elementor-element-e1e8411 elementor-widget elementor-widget-image\" data-id=\"e1e8411\" data-element_type=\"widget\" data-widget_type=\"image.default\">\n\t\t\t\t<div class=\"elementor-widget-container\">\n\t\t\t\t\t\t\t\t\t\t\t\t\t\t\t<img fetchpriority=\"high\" decoding=\"async\" width=\"1080\" height=\"776\" src=\"https:\/\/prefecturadeesmeraldas.gob.ec\/wp-content\/uploads\/2023\/12\/111-10.jpg\" class=\"attachment-large size-large wp-image-24412\" alt=\"\" srcset=\"https:\/\/prefecturadeesmeraldas.gob.ec\/wp-content\/uploads\/2023\/12\/111-10.jpg 1080w, https:\/\/prefecturadeesmeraldas.gob.ec\/wp-content\/uploads\/2023\/12\/111-10-300x216.jpg 300w, https:\/\/prefecturadeesmeraldas.gob.ec\/wp-content\/uploads\/2023\/12\/111-10-768x552.jpg 768w\" sizes=\"(max-width: 1080px) 100vw, 1080px\" \/>\t\t\t\t\t\t\t\t\t\t\t\t\t\t\t<\/div>\n\t\t\t\t<\/div>\n\t\t\t\t\t<\/div>\n\t\t\t\t<\/div>\n\t\t<div class=\"elementor-element elementor-element-99b6058 e-flex e-con-boxed e-con e-parent\" data-id=\"99b6058\" data-element_type=\"container\">\n\t\t\t\t\t<div class=\"e-con-inner\">\n\t\t\t\t<div class=\"elementor-element elementor-element-90e19ae elementor-widget elementor-widget-text-editor\" data-id=\"90e19ae\" data-element_type=\"widget\" data-widget_type=\"text-editor.default\">\n\t\t\t\t<div class=\"elementor-widget-container\">\n\t\t\t\t\t\t\t\t\t<p>El pasado 3 de diciembre, se conmemor\u00f3 el D\u00eda Internacional de las Personas con Discapacidad. La <strong>Prefectura de Esmeraldas<\/strong> a trav\u00e9s de la Direcci\u00f3n de Acci\u00f3n Social, Inclusi\u00f3n y Participaci\u00f3n (DASIP) trabaja para promover los derechos y bienestar de las personas en todos los \u00e1mbitos.<\/p><p>Fomentar la igualdad de oportunidades y la integraci\u00f3n a la sociedad de las personas con vulnerabilidad, es un trabajo de la administraci\u00f3n de la prefecta, Roberta Zambrano, para brindar la igualdad de oportunidades de las personas con discapacidad.<\/p><p>Durante el a\u00f1o 2023, la Prefectura de Esmeraldas ha organizado eventos, capacitaciones y ferias con el prop\u00f3sito de difundir los derechos de las personas con discapacidad y reafirmar los compromisos hacia ellos; impulsando la igualdad, respeto e inclusi\u00f3n.<\/p><p>A trav\u00e9s de nuestra campa\u00f1a \u201c<strong>Contigo somos m\u00e1s<\/strong>\u201d, la Prefectura de Esmeraldas conmemor\u00f3 el D\u00eda Internacional de la Discapacidad, gracias al esfuerzo de la Ab. <strong>Roberta Zambrano Ort\u00edz<\/strong>, demostrando compromiso, amor e inclusi\u00f3n sin distinciones, para lograr de Esmeraldas, un mejor lugar para vivir.<\/p>\t\t\t\t\t\t\t\t<\/div>\n\t\t\t\t<\/div>\n\t\t\t\t\t<\/div>\n\t\t\t\t<\/div>\n\t\t\t\t<\/div>\n\t\t","protected":false},"excerpt":{"rendered":"<p>El pasado 3 de diciembre, se conmemor\u00f3 el D\u00eda Internacional de las Personas con Discapacidad. La Prefectura de Esmeraldas a trav\u00e9s de la Direcci\u00f3n de Acci\u00f3n Social, Inclusi\u00f3n y Participaci\u00f3n (DASIP) trabaja para promover los derechos y bienestar de las personas en todos los \u00e1mbitos. Fomentar la igualdad de oportunidades y la integraci\u00f3n a la [&hellip;]<\/p>\n","protected":false},"author":2,"featured_media":24412,"comment_status":"closed","ping_status":"open","sticky":false,"template":"","format":"standard","meta":{"footnotes":""},"categories":[23],"tags":[],"class_list":["post-24410","post","type-post","status-publish","format-standard","has-post-thumbnail","hentry","category-dasip"],"yoast_head":"<!-- This site is optimized with the Yoast SEO plugin v25.7 - https:\/\/yoast.com\/wordpress\/plugins\/seo\/ -->\n<title>Prefectura de Esmeraldas conmemor\u00f3 el d\u00eda de las personas con discapacidad. - Gobierno Aut\u00f3nomo Descentralizado de la Provincia de Esmeraldas<\/title>\n<meta name=\"robots\" content=\"index, follow, max-snippet:-1, max-image-preview:large, max-video-preview:-1\" \/>\n<link rel=\"canonical\" href=\"https:\/\/prefecturadeesmeraldas.gob.ec\/index.php\/2023\/12\/12\/prefectura-de-esmeraldas-conmemoro-el-dia-de-las-personas-con-discapacidad\/\" \/>\n<meta property=\"og:locale\" content=\"es_ES\" \/>\n<meta property=\"og:type\" content=\"article\" \/>\n<meta property=\"og:title\" content=\"Prefectura de Esmeraldas conmemor\u00f3 el d\u00eda de las personas con discapacidad. - Gobierno Aut\u00f3nomo Descentralizado de la Provincia de Esmeraldas\" \/>\n<meta property=\"og:description\" content=\"El pasado 3 de diciembre, se conmemor\u00f3 el D\u00eda Internacional de las Personas con Discapacidad. La Prefectura de Esmeraldas a trav\u00e9s de la Direcci\u00f3n de Acci\u00f3n Social, Inclusi\u00f3n y Participaci\u00f3n (DASIP) trabaja para promover los derechos y bienestar de las personas en todos los \u00e1mbitos. Fomentar la igualdad de oportunidades y la integraci\u00f3n a la [&hellip;]\" \/>\n<meta property=\"og:url\" content=\"https:\/\/prefecturadeesmeraldas.gob.ec\/index.php\/2023\/12\/12\/prefectura-de-esmeraldas-conmemoro-el-dia-de-las-personas-con-discapacidad\/\" \/>\n<meta property=\"og:site_name\" content=\"Gobierno Aut\u00f3nomo Descentralizado de la Provincia de Esmeraldas\" \/>\n<meta property=\"article:publisher\" content=\"https:\/\/www.facebook.com\/PrefecturaEsmeraldas\/\" \/>\n<meta property=\"article:published_time\" content=\"2023-12-12T22:58:38+00:00\" \/>\n<meta property=\"article:modified_time\" content=\"2023-12-12T23:00:30+00:00\" \/>\n<meta property=\"og:image\" content=\"https:\/\/prefecturadeesmeraldas.gob.ec\/wp-content\/uploads\/2023\/12\/111-10.jpg\" \/>\n\t<meta property=\"og:image:width\" content=\"1080\" \/>\n\t<meta property=\"og:image:height\" content=\"776\" \/>\n\t<meta property=\"og:image:type\" content=\"image\/jpeg\" \/>\n<meta name=\"author\" content=\"Direcci\u00f3n de Comunicaci\u00f3n\" \/>\n<meta name=\"twitter:card\" content=\"summary_large_image\" \/>\n<meta name=\"twitter:label1\" content=\"Escrito por\" \/>\n\t<meta name=\"twitter:data1\" content=\"Direcci\u00f3n de Comunicaci\u00f3n\" \/>\n\t<meta name=\"twitter:label2\" content=\"Tiempo de lectura\" \/>\n\t<meta name=\"twitter:data2\" content=\"1 minuto\" \/>\n<script type=\"application\/ld+json\" class=\"yoast-schema-graph\">{\"@context\":\"https:\/\/schema.org\",\"@graph\":[{\"@type\":\"Article\",\"@id\":\"https:\/\/prefecturadeesmeraldas.gob.ec\/index.php\/2023\/12\/12\/prefectura-de-esmeraldas-conmemoro-el-dia-de-las-personas-con-discapacidad\/#article\",\"isPartOf\":{\"@id\":\"https:\/\/prefecturadeesmeraldas.gob.ec\/index.php\/2023\/12\/12\/prefectura-de-esmeraldas-conmemoro-el-dia-de-las-personas-con-discapacidad\/\"},\"author\":{\"name\":\"Direcci\u00f3n de Comunicaci\u00f3n\",\"@id\":\"https:\/\/prefecturadeesmeraldas.gob.ec\/#\/schema\/person\/b0c9e7b1ead7725994d1e319e8825234\"},\"headline\":\"Prefectura de Esmeraldas conmemor\u00f3 el d\u00eda de las personas con discapacidad.\",\"datePublished\":\"2023-12-12T22:58:38+00:00\",\"dateModified\":\"2023-12-12T23:00:30+00:00\",\"mainEntityOfPage\":{\"@id\":\"https:\/\/prefecturadeesmeraldas.gob.ec\/index.php\/2023\/12\/12\/prefectura-de-esmeraldas-conmemoro-el-dia-de-las-personas-con-discapacidad\/\"},\"wordCount\":192,\"publisher\":{\"@id\":\"https:\/\/prefecturadeesmeraldas.gob.ec\/#organization\"},\"image\":{\"@id\":\"https:\/\/prefecturadeesmeraldas.gob.ec\/index.php\/2023\/12\/12\/prefectura-de-esmeraldas-conmemoro-el-dia-de-las-personas-con-discapacidad\/#primaryimage\"},\"thumbnailUrl\":\"https:\/\/prefecturadeesmeraldas.gob.ec\/wp-content\/uploads\/2023\/12\/111-10.jpg\",\"articleSection\":[\"DASIP\"],\"inLanguage\":\"es\"},{\"@type\":\"WebPage\",\"@id\":\"https:\/\/prefecturadeesmeraldas.gob.ec\/index.php\/2023\/12\/12\/prefectura-de-esmeraldas-conmemoro-el-dia-de-las-personas-con-discapacidad\/\",\"url\":\"https:\/\/prefecturadeesmeraldas.gob.ec\/index.php\/2023\/12\/12\/prefectura-de-esmeraldas-conmemoro-el-dia-de-las-personas-con-discapacidad\/\",\"name\":\"Prefectura de Esmeraldas conmemor\u00f3 el d\u00eda de las personas con discapacidad. - Gobierno Aut\u00f3nomo Descentralizado de la Provincia de Esmeraldas\",\"isPartOf\":{\"@id\":\"https:\/\/prefecturadeesmeraldas.gob.ec\/#website\"},\"primaryImageOfPage\":{\"@id\":\"https:\/\/prefecturadeesmeraldas.gob.ec\/index.php\/2023\/12\/12\/prefectura-de-esmeraldas-conmemoro-el-dia-de-las-personas-con-discapacidad\/#primaryimage\"},\"image\":{\"@id\":\"https:\/\/prefecturadeesmeraldas.gob.ec\/index.php\/2023\/12\/12\/prefectura-de-esmeraldas-conmemoro-el-dia-de-las-personas-con-discapacidad\/#primaryimage\"},\"thumbnailUrl\":\"https:\/\/prefecturadeesmeraldas.gob.ec\/wp-content\/uploads\/2023\/12\/111-10.jpg\",\"datePublished\":\"2023-12-12T22:58:38+00:00\",\"dateModified\":\"2023-12-12T23:00:30+00:00\",\"breadcrumb\":{\"@id\":\"https:\/\/prefecturadeesmeraldas.gob.ec\/index.php\/2023\/12\/12\/prefectura-de-esmeraldas-conmemoro-el-dia-de-las-personas-con-discapacidad\/#breadcrumb\"},\"inLanguage\":\"es\",\"potentialAction\":[{\"@type\":\"ReadAction\",\"target\":[\"https:\/\/prefecturadeesmeraldas.gob.ec\/index.php\/2023\/12\/12\/prefectura-de-esmeraldas-conmemoro-el-dia-de-las-personas-con-discapacidad\/\"]}]},{\"@type\":\"ImageObject\",\"inLanguage\":\"es\",\"@id\":\"https:\/\/prefecturadeesmeraldas.gob.ec\/index.php\/2023\/12\/12\/prefectura-de-esmeraldas-conmemoro-el-dia-de-las-personas-con-discapacidad\/#primaryimage\",\"url\":\"https:\/\/prefecturadeesmeraldas.gob.ec\/wp-content\/uploads\/2023\/12\/111-10.jpg\",\"contentUrl\":\"https:\/\/prefecturadeesmeraldas.gob.ec\/wp-content\/uploads\/2023\/12\/111-10.jpg\",\"width\":1080,\"height\":776},{\"@type\":\"BreadcrumbList\",\"@id\":\"https:\/\/prefecturadeesmeraldas.gob.ec\/index.php\/2023\/12\/12\/prefectura-de-esmeraldas-conmemoro-el-dia-de-las-personas-con-discapacidad\/#breadcrumb\",\"itemListElement\":[{\"@type\":\"ListItem\",\"position\":1,\"name\":\"Home\",\"item\":\"https:\/\/prefecturadeesmeraldas.gob.ec\/\"},{\"@type\":\"ListItem\",\"position\":2,\"name\":\"Prefectura de Esmeraldas conmemor\u00f3 el d\u00eda de las personas con discapacidad.\"}]},{\"@type\":\"WebSite\",\"@id\":\"https:\/\/prefecturadeesmeraldas.gob.ec\/#website\",\"url\":\"https:\/\/prefecturadeesmeraldas.gob.ec\/\",\"name\":\"Gobierno Aut\u00f3nomo Descentralizado de la Provincia de Esmeraldas\",\"description\":\"Gobierno Aut\u00f3nomo Descentralizado de la Provincia de Esmeraldas\",\"publisher\":{\"@id\":\"https:\/\/prefecturadeesmeraldas.gob.ec\/#organization\"},\"potentialAction\":[{\"@type\":\"SearchAction\",\"target\":{\"@type\":\"EntryPoint\",\"urlTemplate\":\"https:\/\/prefecturadeesmeraldas.gob.ec\/?s={search_term_string}\"},\"query-input\":{\"@type\":\"PropertyValueSpecification\",\"valueRequired\":true,\"valueName\":\"search_term_string\"}}],\"inLanguage\":\"es\"},{\"@type\":\"Organization\",\"@id\":\"https:\/\/prefecturadeesmeraldas.gob.ec\/#organization\",\"name\":\"Gobierno Aut\u00f3nomo Descentralizado de la Provincia de Esmeraldas\",\"url\":\"https:\/\/prefecturadeesmeraldas.gob.ec\/\",\"logo\":{\"@type\":\"ImageObject\",\"inLanguage\":\"es\",\"@id\":\"https:\/\/prefecturadeesmeraldas.gob.ec\/#\/schema\/logo\/image\/\",\"url\":\"https:\/\/prefecturadeesmeraldas.gob.ec\/wp-content\/uploads\/2019\/06\/logo.png\",\"contentUrl\":\"https:\/\/prefecturadeesmeraldas.gob.ec\/wp-content\/uploads\/2019\/06\/logo.png\",\"width\":859,\"height\":448,\"caption\":\"Gobierno Aut\u00f3nomo Descentralizado de la Provincia de Esmeraldas\"},\"image\":{\"@id\":\"https:\/\/prefecturadeesmeraldas.gob.ec\/#\/schema\/logo\/image\/\"},\"sameAs\":[\"https:\/\/www.facebook.com\/PrefecturaEsmeraldas\/\"]},{\"@type\":\"Person\",\"@id\":\"https:\/\/prefecturadeesmeraldas.gob.ec\/#\/schema\/person\/b0c9e7b1ead7725994d1e319e8825234\",\"name\":\"Direcci\u00f3n de Comunicaci\u00f3n\",\"image\":{\"@type\":\"ImageObject\",\"inLanguage\":\"es\",\"@id\":\"https:\/\/prefecturadeesmeraldas.gob.ec\/#\/schema\/person\/image\/\",\"url\":\"https:\/\/secure.gravatar.com\/avatar\/74a3870a946f5d774ade3569af61a72308e07ad3346f370c4b468ee2a9858658?s=96&d=mm&r=g\",\"contentUrl\":\"https:\/\/secure.gravatar.com\/avatar\/74a3870a946f5d774ade3569af61a72308e07ad3346f370c4b468ee2a9858658?s=96&d=mm&r=g\",\"caption\":\"Direcci\u00f3n de Comunicaci\u00f3n\"}}]}<\/script>\n<!-- \/ Yoast SEO plugin. -->","yoast_head_json":{"title":"Prefectura de Esmeraldas conmemor\u00f3 el d\u00eda de las personas con discapacidad. - Gobierno Aut\u00f3nomo Descentralizado de la Provincia de Esmeraldas","robots":{"index":"index","follow":"follow","max-snippet":"max-snippet:-1","max-image-preview":"max-image-preview:large","max-video-preview":"max-video-preview:-1"},"canonical":"https:\/\/prefecturadeesmeraldas.gob.ec\/index.php\/2023\/12\/12\/prefectura-de-esmeraldas-conmemoro-el-dia-de-las-personas-con-discapacidad\/","og_locale":"es_ES","og_type":"article","og_title":"Prefectura de Esmeraldas conmemor\u00f3 el d\u00eda de las personas con discapacidad. - Gobierno Aut\u00f3nomo Descentralizado de la Provincia de Esmeraldas","og_description":"El pasado 3 de diciembre, se conmemor\u00f3 el D\u00eda Internacional de las Personas con Discapacidad. La Prefectura de Esmeraldas a trav\u00e9s de la Direcci\u00f3n de Acci\u00f3n Social, Inclusi\u00f3n y Participaci\u00f3n (DASIP) trabaja para promover los derechos y bienestar de las personas en todos los \u00e1mbitos. Fomentar la igualdad de oportunidades y la integraci\u00f3n a la [&hellip;]","og_url":"https:\/\/prefecturadeesmeraldas.gob.ec\/index.php\/2023\/12\/12\/prefectura-de-esmeraldas-conmemoro-el-dia-de-las-personas-con-discapacidad\/","og_site_name":"Gobierno Aut\u00f3nomo Descentralizado de la Provincia de Esmeraldas","article_publisher":"https:\/\/www.facebook.com\/PrefecturaEsmeraldas\/","article_published_time":"2023-12-12T22:58:38+00:00","article_modified_time":"2023-12-12T23:00:30+00:00","og_image":[{"width":1080,"height":776,"url":"https:\/\/prefecturadeesmeraldas.gob.ec\/wp-content\/uploads\/2023\/12\/111-10.jpg","type":"image\/jpeg"}],"author":"Direcci\u00f3n de Comunicaci\u00f3n","twitter_card":"summary_large_image","twitter_misc":{"Escrito por":"Direcci\u00f3n de Comunicaci\u00f3n","Tiempo de lectura":"1 minuto"},"schema":{"@context":"https:\/\/schema.org","@graph":[{"@type":"Article","@id":"https:\/\/prefecturadeesmeraldas.gob.ec\/index.php\/2023\/12\/12\/prefectura-de-esmeraldas-conmemoro-el-dia-de-las-personas-con-discapacidad\/#article","isPartOf":{"@id":"https:\/\/prefecturadeesmeraldas.gob.ec\/index.php\/2023\/12\/12\/prefectura-de-esmeraldas-conmemoro-el-dia-de-las-personas-con-discapacidad\/"},"author":{"name":"Direcci\u00f3n de Comunicaci\u00f3n","@id":"https:\/\/prefecturadeesmeraldas.gob.ec\/#\/schema\/person\/b0c9e7b1ead7725994d1e319e8825234"},"headline":"Prefectura de Esmeraldas conmemor\u00f3 el d\u00eda de las personas con discapacidad.","datePublished":"2023-12-12T22:58:38+00:00","dateModified":"2023-12-12T23:00:30+00:00","mainEntityOfPage":{"@id":"https:\/\/prefecturadeesmeraldas.gob.ec\/index.php\/2023\/12\/12\/prefectura-de-esmeraldas-conmemoro-el-dia-de-las-personas-con-discapacidad\/"},"wordCount":192,"publisher":{"@id":"https:\/\/prefecturadeesmeraldas.gob.ec\/#organization"},"image":{"@id":"https:\/\/prefecturadeesmeraldas.gob.ec\/index.php\/2023\/12\/12\/prefectura-de-esmeraldas-conmemoro-el-dia-de-las-personas-con-discapacidad\/#primaryimage"},"thumbnailUrl":"https:\/\/prefecturadeesmeraldas.gob.ec\/wp-content\/uploads\/2023\/12\/111-10.jpg","articleSection":["DASIP"],"inLanguage":"es"},{"@type":"WebPage","@id":"https:\/\/prefecturadeesmeraldas.gob.ec\/index.php\/2023\/12\/12\/prefectura-de-esmeraldas-conmemoro-el-dia-de-las-personas-con-discapacidad\/","url":"https:\/\/prefecturadeesmeraldas.gob.ec\/index.php\/2023\/12\/12\/prefectura-de-esmeraldas-conmemoro-el-dia-de-las-personas-con-discapacidad\/","name":"Prefectura de Esmeraldas conmemor\u00f3 el d\u00eda de las personas con discapacidad. - Gobierno Aut\u00f3nomo Descentralizado de la Provincia de Esmeraldas","isPartOf":{"@id":"https:\/\/prefecturadeesmeraldas.gob.ec\/#website"},"primaryImageOfPage":{"@id":"https:\/\/prefecturadeesmeraldas.gob.ec\/index.php\/2023\/12\/12\/prefectura-de-esmeraldas-conmemoro-el-dia-de-las-personas-con-discapacidad\/#primaryimage"},"image":{"@id":"https:\/\/prefecturadeesmeraldas.gob.ec\/index.php\/2023\/12\/12\/prefectura-de-esmeraldas-conmemoro-el-dia-de-las-personas-con-discapacidad\/#primaryimage"},"thumbnailUrl":"https:\/\/prefecturadeesmeraldas.gob.ec\/wp-content\/uploads\/2023\/12\/111-10.jpg","datePublished":"2023-12-12T22:58:38+00:00","dateModified":"2023-12-12T23:00:30+00:00","breadcrumb":{"@id":"https:\/\/prefecturadeesmeraldas.gob.ec\/index.php\/2023\/12\/12\/prefectura-de-esmeraldas-conmemoro-el-dia-de-las-personas-con-discapacidad\/#breadcrumb"},"inLanguage":"es","potentialAction":[{"@type":"ReadAction","target":["https:\/\/prefecturadeesmeraldas.gob.ec\/index.php\/2023\/12\/12\/prefectura-de-esmeraldas-conmemoro-el-dia-de-las-personas-con-discapacidad\/"]}]},{"@type":"ImageObject","inLanguage":"es","@id":"https:\/\/prefecturadeesmeraldas.gob.ec\/index.php\/2023\/12\/12\/prefectura-de-esmeraldas-conmemoro-el-dia-de-las-personas-con-discapacidad\/#primaryimage","url":"https:\/\/prefecturadeesmeraldas.gob.ec\/wp-content\/uploads\/2023\/12\/111-10.jpg","contentUrl":"https:\/\/prefecturadeesmeraldas.gob.ec\/wp-content\/uploads\/2023\/12\/111-10.jpg","width":1080,"height":776},{"@type":"BreadcrumbList","@id":"https:\/\/prefecturadeesmeraldas.gob.ec\/index.php\/2023\/12\/12\/prefectura-de-esmeraldas-conmemoro-el-dia-de-las-personas-con-discapacidad\/#breadcrumb","itemListElement":[{"@type":"ListItem","position":1,"name":"Home","item":"https:\/\/prefecturadeesmeraldas.gob.ec\/"},{"@type":"ListItem","position":2,"name":"Prefectura de Esmeraldas conmemor\u00f3 el d\u00eda de las personas con discapacidad."}]},{"@type":"WebSite","@id":"https:\/\/prefecturadeesmeraldas.gob.ec\/#website","url":"https:\/\/prefecturadeesmeraldas.gob.ec\/","name":"Gobierno Aut\u00f3nomo Descentralizado de la Provincia de Esmeraldas","description":"Gobierno Aut\u00f3nomo Descentralizado de la Provincia de Esmeraldas","publisher":{"@id":"https:\/\/prefecturadeesmeraldas.gob.ec\/#organization"},"potentialAction":[{"@type":"SearchAction","target":{"@type":"EntryPoint","urlTemplate":"https:\/\/prefecturadeesmeraldas.gob.ec\/?s={search_term_string}"},"query-input":{"@type":"PropertyValueSpecification","valueRequired":true,"valueName":"search_term_string"}}],"inLanguage":"es"},{"@type":"Organization","@id":"https:\/\/prefecturadeesmeraldas.gob.ec\/#organization","name":"Gobierno Aut\u00f3nomo Descentralizado de la Provincia de Esmeraldas","url":"https:\/\/prefecturadeesmeraldas.gob.ec\/","logo":{"@type":"ImageObject","inLanguage":"es","@id":"https:\/\/prefecturadeesmeraldas.gob.ec\/#\/schema\/logo\/image\/","url":"https:\/\/prefecturadeesmeraldas.gob.ec\/wp-content\/uploads\/2019\/06\/logo.png","contentUrl":"https:\/\/prefecturadeesmeraldas.gob.ec\/wp-content\/uploads\/2019\/06\/logo.png","width":859,"height":448,"caption":"Gobierno Aut\u00f3nomo Descentralizado de la Provincia de Esmeraldas"},"image":{"@id":"https:\/\/prefecturadeesmeraldas.gob.ec\/#\/schema\/logo\/image\/"},"sameAs":["https:\/\/www.facebook.com\/PrefecturaEsmeraldas\/"]},{"@type":"Person","@id":"https:\/\/prefecturadeesmeraldas.gob.ec\/#\/schema\/person\/b0c9e7b1ead7725994d1e319e8825234","name":"Direcci\u00f3n de Comunicaci\u00f3n","image":{"@type":"ImageObject","inLanguage":"es","@id":"https:\/\/prefecturadeesmeraldas.gob.ec\/#\/schema\/person\/image\/","url":"https:\/\/secure.gravatar.com\/avatar\/74a3870a946f5d774ade3569af61a72308e07ad3346f370c4b468ee2a9858658?s=96&d=mm&r=g","contentUrl":"https:\/\/secure.gravatar.com\/avatar\/74a3870a946f5d774ade3569af61a72308e07ad3346f370c4b468ee2a9858658?s=96&d=mm&r=g","caption":"Direcci\u00f3n de Comunicaci\u00f3n"}}]}},"_links":{"self":[{"href":"https:\/\/prefecturadeesmeraldas.gob.ec\/index.php\/wp-json\/wp\/v2\/posts\/24410","targetHints":{"allow":["GET"]}}],"collection":[{"href":"https:\/\/prefecturadeesmeraldas.gob.ec\/index.php\/wp-json\/wp\/v2\/posts"}],"about":[{"href":"https:\/\/prefecturadeesmeraldas.gob.ec\/index.php\/wp-json\/wp\/v2\/types\/post"}],"author":[{"embeddable":true,"href":"https:\/\/prefecturadeesmeraldas.gob.ec\/index.php\/wp-json\/wp\/v2\/users\/2"}],"replies":[{"embeddable":true,"href":"https:\/\/prefecturadeesmeraldas.gob.ec\/index.php\/wp-json\/wp\/v2\/comments?post=24410"}],"version-history":[{"count":0,"href":"https:\/\/prefecturadeesmeraldas.gob.ec\/index.php\/wp-json\/wp\/v2\/posts\/24410\/revisions"}],"wp:featuredmedia":[{"embeddable":true,"href":"https:\/\/prefecturadeesmeraldas.gob.ec\/index.php\/wp-json\/wp\/v2\/media\/24412"}],"wp:attachment":[{"href":"https:\/\/prefecturadeesmeraldas.gob.ec\/index.php\/wp-json\/wp\/v2\/media?parent=24410"}],"wp:term":[{"taxonomy":"category","embeddable":true,"href":"https:\/\/prefecturadeesmeraldas.gob.ec\/index.php\/wp-json\/wp\/v2\/categories?post=24410"},{"taxonomy":"post_tag","embeddable":true,"href":"https:\/\/prefecturadeesmeraldas.gob.ec\/index.php\/wp-json\/wp\/v2\/tags?post=24410"}],"curies":[{"name":"wp","href":"https:\/\/api.w.org\/{rel}","templated":true}]}}