{"id":24265,"date":"2023-12-05T09:38:47","date_gmt":"2023-12-05T14:38:47","guid":{"rendered":"https:\/\/prefecturadeesmeraldas.gob.ec\/?p=24265"},"modified":"2023-12-05T09:41:05","modified_gmt":"2023-12-05T14:41:05","slug":"prefectura-de-esmeraldas-recordo-el-dia-mundial-de-la-calidad","status":"publish","type":"post","link":"https:\/\/prefecturadeesmeraldas.gob.ec\/index.php\/2023\/12\/05\/prefectura-de-esmeraldas-recordo-el-dia-mundial-de-la-calidad\/","title":{"rendered":"Prefectura de Esmeraldas record\u00f3 el D\u00eda Mundial de la Calidad."},"content":{"rendered":"\t\t<div data-elementor-type=\"wp-post\" data-elementor-id=\"24265\" class=\"elementor elementor-24265\">\n\t\t\t\t<div class=\"elementor-element elementor-element-b746691 e-flex e-con-boxed e-con e-parent\" data-id=\"b746691\" data-element_type=\"container\">\n\t\t\t\t\t<div class=\"e-con-inner\">\n\t\t\t\t<div class=\"elementor-element elementor-element-d510fa6 elementor-widget elementor-widget-image\" data-id=\"d510fa6\" data-element_type=\"widget\" data-widget_type=\"image.default\">\n\t\t\t\t<div class=\"elementor-widget-container\">\n\t\t\t\t\t\t\t\t\t\t\t\t\t\t\t<img fetchpriority=\"high\" decoding=\"async\" width=\"1279\" height=\"1279\" src=\"https:\/\/prefecturadeesmeraldas.gob.ec\/wp-content\/uploads\/2023\/12\/WhatsApp-Image-2023-12-03-at-21.03.09-3.jpeg\" class=\"attachment-large size-large wp-image-24267\" alt=\"\" srcset=\"https:\/\/prefecturadeesmeraldas.gob.ec\/wp-content\/uploads\/2023\/12\/WhatsApp-Image-2023-12-03-at-21.03.09-3.jpeg 1279w, https:\/\/prefecturadeesmeraldas.gob.ec\/wp-content\/uploads\/2023\/12\/WhatsApp-Image-2023-12-03-at-21.03.09-3-300x300.jpeg 300w, https:\/\/prefecturadeesmeraldas.gob.ec\/wp-content\/uploads\/2023\/12\/WhatsApp-Image-2023-12-03-at-21.03.09-3-150x150.jpeg 150w, https:\/\/prefecturadeesmeraldas.gob.ec\/wp-content\/uploads\/2023\/12\/WhatsApp-Image-2023-12-03-at-21.03.09-3-768x768.jpeg 768w, https:\/\/prefecturadeesmeraldas.gob.ec\/wp-content\/uploads\/2023\/12\/WhatsApp-Image-2023-12-03-at-21.03.09-3-440x440.jpeg 440w, https:\/\/prefecturadeesmeraldas.gob.ec\/wp-content\/uploads\/2023\/12\/WhatsApp-Image-2023-12-03-at-21.03.09-3-180x180.jpeg 180w, https:\/\/prefecturadeesmeraldas.gob.ec\/wp-content\/uploads\/2023\/12\/WhatsApp-Image-2023-12-03-at-21.03.09-3-120x120.jpeg 120w\" sizes=\"(max-width: 1279px) 100vw, 1279px\" \/>\t\t\t\t\t\t\t\t\t\t\t\t\t\t\t<\/div>\n\t\t\t\t<\/div>\n\t\t\t\t\t<\/div>\n\t\t\t\t<\/div>\n\t\t<div class=\"elementor-element elementor-element-1176b3b e-flex e-con-boxed e-con e-parent\" data-id=\"1176b3b\" data-element_type=\"container\">\n\t\t\t\t\t<div class=\"e-con-inner\">\n\t\t\t\t<div class=\"elementor-element elementor-element-d8a30bf elementor-widget elementor-widget-text-editor\" data-id=\"d8a30bf\" data-element_type=\"widget\" data-widget_type=\"text-editor.default\">\n\t\t\t\t<div class=\"elementor-widget-container\">\n\t\t\t\t\t\t\t\t\t<p>El pasado 8 de noviembre la Gesti\u00f3n de Calidad de la Prefectura de Esmeraldas conmemor\u00f3 el D\u00eda Mundial de la Calidad, actividad que permiti\u00f3 nuevamente resaltar la importancia de la mejora continua en la prestaci\u00f3n de los servicios gubernamentales y fortalecimiento del compromiso institucional.<\/p><p>\u201c<strong>El D\u00eda Mundial de la Calidad<\/strong>, es una ocasi\u00f3n significativa para reflexionar sobre la importancia de la calidad en todas las \u00e1reas de la vida, especialmente en el \u00e1mbito p\u00fablico. La Prefectura de Esmeraldas, consciente de la relevancia del d\u00eda, organiz\u00f3 diversas iniciativas para fomentar la cultura de la calidad entre su personal y la comunidad\u201d, declar\u00f3 <strong>Junior Alencastro Guerrero<\/strong>, director de la gesti\u00f3n.<\/p><p>La Gesti\u00f3n de Calidad llev\u00f3 a cabo sesiones de sensibilizaci\u00f3n para informar al personal sobre la importancia de la calidad en la prestaci\u00f3n de servicios gubernamentales.<\/p><p>Se realizaron talleres pr\u00e1cticos centrados en identificar oportunidades de mejora en los procesos internos, promoviendo la eficiencia y la eficacia en la gesti\u00f3n.<\/p><p>La Prefectura de Esmeraldas reconoci\u00f3 a equipos y empleados destacados por sus contribuciones a la calidad en el servicio p\u00fablico.<\/p><p>La comunidad tambi\u00e9n fue invitada a participar en charlas informativas sobre la importancia de la calidad en los servicios gubernamentales y su impacto en la vida cotidiana.<\/p><p>Estas actividades no solo buscan cumplir con est\u00e1ndares internacionales de calidad, sino tambi\u00e9n crear conciencia sobre la responsabilidad compartida de ofrecer servicios gubernamentales de calidad, tanto internos como externos, como contribuci\u00f3n a la construcci\u00f3n de una administraci\u00f3n p\u00fablica eficiente y orientada al servicio. <\/p>\t\t\t\t\t\t\t\t<\/div>\n\t\t\t\t<\/div>\n\t\t\t\t\t<\/div>\n\t\t\t\t<\/div>\n\t\t\t\t<\/div>\n\t\t","protected":false},"excerpt":{"rendered":"<p>El pasado 8 de noviembre la Gesti\u00f3n de Calidad de la Prefectura de Esmeraldas conmemor\u00f3 el D\u00eda Mundial de la Calidad, actividad que permiti\u00f3 nuevamente resaltar la importancia de la mejora continua en la prestaci\u00f3n de los servicios gubernamentales y fortalecimiento del compromiso institucional. \u201cEl D\u00eda Mundial de la Calidad, es una ocasi\u00f3n significativa para [&hellip;]<\/p>\n","protected":false},"author":2,"featured_media":24271,"comment_status":"closed","ping_status":"open","sticky":false,"template":"","format":"standard","meta":{"footnotes":""},"categories":[3],"tags":[],"class_list":["post-24265","post","type-post","status-publish","format-standard","has-post-thumbnail","hentry","category-institucional"],"yoast_head":"<!-- This site is optimized with the Yoast SEO plugin v25.7 - https:\/\/yoast.com\/wordpress\/plugins\/seo\/ -->\n<title>Prefectura de Esmeraldas record\u00f3 el D\u00eda Mundial de la Calidad. - Gobierno Aut\u00f3nomo Descentralizado de la Provincia de Esmeraldas<\/title>\n<meta name=\"robots\" content=\"index, follow, max-snippet:-1, max-image-preview:large, max-video-preview:-1\" \/>\n<link rel=\"canonical\" href=\"https:\/\/prefecturadeesmeraldas.gob.ec\/index.php\/2023\/12\/05\/prefectura-de-esmeraldas-recordo-el-dia-mundial-de-la-calidad\/\" \/>\n<meta property=\"og:locale\" content=\"es_ES\" \/>\n<meta property=\"og:type\" content=\"article\" \/>\n<meta property=\"og:title\" content=\"Prefectura de Esmeraldas record\u00f3 el D\u00eda Mundial de la Calidad. - Gobierno Aut\u00f3nomo Descentralizado de la Provincia de Esmeraldas\" \/>\n<meta property=\"og:description\" content=\"El pasado 8 de noviembre la Gesti\u00f3n de Calidad de la Prefectura de Esmeraldas conmemor\u00f3 el D\u00eda Mundial de la Calidad, actividad que permiti\u00f3 nuevamente resaltar la importancia de la mejora continua en la prestaci\u00f3n de los servicios gubernamentales y fortalecimiento del compromiso institucional. \u201cEl D\u00eda Mundial de la Calidad, es una ocasi\u00f3n significativa para [&hellip;]\" \/>\n<meta property=\"og:url\" content=\"https:\/\/prefecturadeesmeraldas.gob.ec\/index.php\/2023\/12\/05\/prefectura-de-esmeraldas-recordo-el-dia-mundial-de-la-calidad\/\" \/>\n<meta property=\"og:site_name\" content=\"Gobierno Aut\u00f3nomo Descentralizado de la Provincia de Esmeraldas\" \/>\n<meta property=\"article:publisher\" content=\"https:\/\/www.facebook.com\/PrefecturaEsmeraldas\/\" \/>\n<meta property=\"article:published_time\" content=\"2023-12-05T14:38:47+00:00\" \/>\n<meta property=\"article:modified_time\" content=\"2023-12-05T14:41:05+00:00\" \/>\n<meta property=\"og:image\" content=\"https:\/\/prefecturadeesmeraldas.gob.ec\/wp-content\/uploads\/2023\/12\/WhatsApp-Image-2023-12-03-at-21.03.09.jpeg\" \/>\n\t<meta property=\"og:image:width\" content=\"1600\" \/>\n\t<meta property=\"og:image:height\" content=\"1600\" \/>\n\t<meta property=\"og:image:type\" content=\"image\/jpeg\" \/>\n<meta name=\"author\" content=\"Direcci\u00f3n de Comunicaci\u00f3n\" \/>\n<meta name=\"twitter:card\" content=\"summary_large_image\" \/>\n<meta name=\"twitter:label1\" content=\"Escrito por\" \/>\n\t<meta name=\"twitter:data1\" content=\"Direcci\u00f3n de Comunicaci\u00f3n\" \/>\n\t<meta name=\"twitter:label2\" content=\"Tiempo de lectura\" \/>\n\t<meta name=\"twitter:data2\" content=\"2 minutos\" \/>\n<script type=\"application\/ld+json\" class=\"yoast-schema-graph\">{\"@context\":\"https:\/\/schema.org\",\"@graph\":[{\"@type\":\"Article\",\"@id\":\"https:\/\/prefecturadeesmeraldas.gob.ec\/index.php\/2023\/12\/05\/prefectura-de-esmeraldas-recordo-el-dia-mundial-de-la-calidad\/#article\",\"isPartOf\":{\"@id\":\"https:\/\/prefecturadeesmeraldas.gob.ec\/index.php\/2023\/12\/05\/prefectura-de-esmeraldas-recordo-el-dia-mundial-de-la-calidad\/\"},\"author\":{\"name\":\"Direcci\u00f3n de Comunicaci\u00f3n\",\"@id\":\"https:\/\/prefecturadeesmeraldas.gob.ec\/#\/schema\/person\/b0c9e7b1ead7725994d1e319e8825234\"},\"headline\":\"Prefectura de Esmeraldas record\u00f3 el D\u00eda Mundial de la Calidad.\",\"datePublished\":\"2023-12-05T14:38:47+00:00\",\"dateModified\":\"2023-12-05T14:41:05+00:00\",\"mainEntityOfPage\":{\"@id\":\"https:\/\/prefecturadeesmeraldas.gob.ec\/index.php\/2023\/12\/05\/prefectura-de-esmeraldas-recordo-el-dia-mundial-de-la-calidad\/\"},\"wordCount\":278,\"publisher\":{\"@id\":\"https:\/\/prefecturadeesmeraldas.gob.ec\/#organization\"},\"image\":{\"@id\":\"https:\/\/prefecturadeesmeraldas.gob.ec\/index.php\/2023\/12\/05\/prefectura-de-esmeraldas-recordo-el-dia-mundial-de-la-calidad\/#primaryimage\"},\"thumbnailUrl\":\"https:\/\/prefecturadeesmeraldas.gob.ec\/wp-content\/uploads\/2023\/12\/WhatsApp-Image-2023-12-03-at-21.03.09.jpeg\",\"articleSection\":[\"Institucional\"],\"inLanguage\":\"es\"},{\"@type\":\"WebPage\",\"@id\":\"https:\/\/prefecturadeesmeraldas.gob.ec\/index.php\/2023\/12\/05\/prefectura-de-esmeraldas-recordo-el-dia-mundial-de-la-calidad\/\",\"url\":\"https:\/\/prefecturadeesmeraldas.gob.ec\/index.php\/2023\/12\/05\/prefectura-de-esmeraldas-recordo-el-dia-mundial-de-la-calidad\/\",\"name\":\"Prefectura de Esmeraldas record\u00f3 el D\u00eda Mundial de la Calidad. - Gobierno Aut\u00f3nomo Descentralizado de la Provincia de Esmeraldas\",\"isPartOf\":{\"@id\":\"https:\/\/prefecturadeesmeraldas.gob.ec\/#website\"},\"primaryImageOfPage\":{\"@id\":\"https:\/\/prefecturadeesmeraldas.gob.ec\/index.php\/2023\/12\/05\/prefectura-de-esmeraldas-recordo-el-dia-mundial-de-la-calidad\/#primaryimage\"},\"image\":{\"@id\":\"https:\/\/prefecturadeesmeraldas.gob.ec\/index.php\/2023\/12\/05\/prefectura-de-esmeraldas-recordo-el-dia-mundial-de-la-calidad\/#primaryimage\"},\"thumbnailUrl\":\"https:\/\/prefecturadeesmeraldas.gob.ec\/wp-content\/uploads\/2023\/12\/WhatsApp-Image-2023-12-03-at-21.03.09.jpeg\",\"datePublished\":\"2023-12-05T14:38:47+00:00\",\"dateModified\":\"2023-12-05T14:41:05+00:00\",\"breadcrumb\":{\"@id\":\"https:\/\/prefecturadeesmeraldas.gob.ec\/index.php\/2023\/12\/05\/prefectura-de-esmeraldas-recordo-el-dia-mundial-de-la-calidad\/#breadcrumb\"},\"inLanguage\":\"es\",\"potentialAction\":[{\"@type\":\"ReadAction\",\"target\":[\"https:\/\/prefecturadeesmeraldas.gob.ec\/index.php\/2023\/12\/05\/prefectura-de-esmeraldas-recordo-el-dia-mundial-de-la-calidad\/\"]}]},{\"@type\":\"ImageObject\",\"inLanguage\":\"es\",\"@id\":\"https:\/\/prefecturadeesmeraldas.gob.ec\/index.php\/2023\/12\/05\/prefectura-de-esmeraldas-recordo-el-dia-mundial-de-la-calidad\/#primaryimage\",\"url\":\"https:\/\/prefecturadeesmeraldas.gob.ec\/wp-content\/uploads\/2023\/12\/WhatsApp-Image-2023-12-03-at-21.03.09.jpeg\",\"contentUrl\":\"https:\/\/prefecturadeesmeraldas.gob.ec\/wp-content\/uploads\/2023\/12\/WhatsApp-Image-2023-12-03-at-21.03.09.jpeg\",\"width\":1600,\"height\":1600},{\"@type\":\"BreadcrumbList\",\"@id\":\"https:\/\/prefecturadeesmeraldas.gob.ec\/index.php\/2023\/12\/05\/prefectura-de-esmeraldas-recordo-el-dia-mundial-de-la-calidad\/#breadcrumb\",\"itemListElement\":[{\"@type\":\"ListItem\",\"position\":1,\"name\":\"Home\",\"item\":\"https:\/\/prefecturadeesmeraldas.gob.ec\/\"},{\"@type\":\"ListItem\",\"position\":2,\"name\":\"Prefectura de Esmeraldas record\u00f3 el D\u00eda Mundial de la Calidad.\"}]},{\"@type\":\"WebSite\",\"@id\":\"https:\/\/prefecturadeesmeraldas.gob.ec\/#website\",\"url\":\"https:\/\/prefecturadeesmeraldas.gob.ec\/\",\"name\":\"Gobierno Aut\u00f3nomo Descentralizado de la Provincia de Esmeraldas\",\"description\":\"Gobierno Aut\u00f3nomo Descentralizado de la Provincia de Esmeraldas\",\"publisher\":{\"@id\":\"https:\/\/prefecturadeesmeraldas.gob.ec\/#organization\"},\"potentialAction\":[{\"@type\":\"SearchAction\",\"target\":{\"@type\":\"EntryPoint\",\"urlTemplate\":\"https:\/\/prefecturadeesmeraldas.gob.ec\/?s={search_term_string}\"},\"query-input\":{\"@type\":\"PropertyValueSpecification\",\"valueRequired\":true,\"valueName\":\"search_term_string\"}}],\"inLanguage\":\"es\"},{\"@type\":\"Organization\",\"@id\":\"https:\/\/prefecturadeesmeraldas.gob.ec\/#organization\",\"name\":\"Gobierno Aut\u00f3nomo Descentralizado de la Provincia de Esmeraldas\",\"url\":\"https:\/\/prefecturadeesmeraldas.gob.ec\/\",\"logo\":{\"@type\":\"ImageObject\",\"inLanguage\":\"es\",\"@id\":\"https:\/\/prefecturadeesmeraldas.gob.ec\/#\/schema\/logo\/image\/\",\"url\":\"https:\/\/prefecturadeesmeraldas.gob.ec\/wp-content\/uploads\/2019\/06\/logo.png\",\"contentUrl\":\"https:\/\/prefecturadeesmeraldas.gob.ec\/wp-content\/uploads\/2019\/06\/logo.png\",\"width\":859,\"height\":448,\"caption\":\"Gobierno Aut\u00f3nomo Descentralizado de la Provincia de Esmeraldas\"},\"image\":{\"@id\":\"https:\/\/prefecturadeesmeraldas.gob.ec\/#\/schema\/logo\/image\/\"},\"sameAs\":[\"https:\/\/www.facebook.com\/PrefecturaEsmeraldas\/\"]},{\"@type\":\"Person\",\"@id\":\"https:\/\/prefecturadeesmeraldas.gob.ec\/#\/schema\/person\/b0c9e7b1ead7725994d1e319e8825234\",\"name\":\"Direcci\u00f3n de Comunicaci\u00f3n\",\"image\":{\"@type\":\"ImageObject\",\"inLanguage\":\"es\",\"@id\":\"https:\/\/prefecturadeesmeraldas.gob.ec\/#\/schema\/person\/image\/\",\"url\":\"https:\/\/secure.gravatar.com\/avatar\/74a3870a946f5d774ade3569af61a72308e07ad3346f370c4b468ee2a9858658?s=96&d=mm&r=g\",\"contentUrl\":\"https:\/\/secure.gravatar.com\/avatar\/74a3870a946f5d774ade3569af61a72308e07ad3346f370c4b468ee2a9858658?s=96&d=mm&r=g\",\"caption\":\"Direcci\u00f3n de Comunicaci\u00f3n\"}}]}<\/script>\n<!-- \/ Yoast SEO plugin. -->","yoast_head_json":{"title":"Prefectura de Esmeraldas record\u00f3 el D\u00eda Mundial de la Calidad. - Gobierno Aut\u00f3nomo Descentralizado de la Provincia de Esmeraldas","robots":{"index":"index","follow":"follow","max-snippet":"max-snippet:-1","max-image-preview":"max-image-preview:large","max-video-preview":"max-video-preview:-1"},"canonical":"https:\/\/prefecturadeesmeraldas.gob.ec\/index.php\/2023\/12\/05\/prefectura-de-esmeraldas-recordo-el-dia-mundial-de-la-calidad\/","og_locale":"es_ES","og_type":"article","og_title":"Prefectura de Esmeraldas record\u00f3 el D\u00eda Mundial de la Calidad. - Gobierno Aut\u00f3nomo Descentralizado de la Provincia de Esmeraldas","og_description":"El pasado 8 de noviembre la Gesti\u00f3n de Calidad de la Prefectura de Esmeraldas conmemor\u00f3 el D\u00eda Mundial de la Calidad, actividad que permiti\u00f3 nuevamente resaltar la importancia de la mejora continua en la prestaci\u00f3n de los servicios gubernamentales y fortalecimiento del compromiso institucional. \u201cEl D\u00eda Mundial de la Calidad, es una ocasi\u00f3n significativa para [&hellip;]","og_url":"https:\/\/prefecturadeesmeraldas.gob.ec\/index.php\/2023\/12\/05\/prefectura-de-esmeraldas-recordo-el-dia-mundial-de-la-calidad\/","og_site_name":"Gobierno Aut\u00f3nomo Descentralizado de la Provincia de Esmeraldas","article_publisher":"https:\/\/www.facebook.com\/PrefecturaEsmeraldas\/","article_published_time":"2023-12-05T14:38:47+00:00","article_modified_time":"2023-12-05T14:41:05+00:00","og_image":[{"width":1600,"height":1600,"url":"https:\/\/prefecturadeesmeraldas.gob.ec\/wp-content\/uploads\/2023\/12\/WhatsApp-Image-2023-12-03-at-21.03.09.jpeg","type":"image\/jpeg"}],"author":"Direcci\u00f3n de Comunicaci\u00f3n","twitter_card":"summary_large_image","twitter_misc":{"Escrito por":"Direcci\u00f3n de Comunicaci\u00f3n","Tiempo de lectura":"2 minutos"},"schema":{"@context":"https:\/\/schema.org","@graph":[{"@type":"Article","@id":"https:\/\/prefecturadeesmeraldas.gob.ec\/index.php\/2023\/12\/05\/prefectura-de-esmeraldas-recordo-el-dia-mundial-de-la-calidad\/#article","isPartOf":{"@id":"https:\/\/prefecturadeesmeraldas.gob.ec\/index.php\/2023\/12\/05\/prefectura-de-esmeraldas-recordo-el-dia-mundial-de-la-calidad\/"},"author":{"name":"Direcci\u00f3n de Comunicaci\u00f3n","@id":"https:\/\/prefecturadeesmeraldas.gob.ec\/#\/schema\/person\/b0c9e7b1ead7725994d1e319e8825234"},"headline":"Prefectura de Esmeraldas record\u00f3 el D\u00eda Mundial de la Calidad.","datePublished":"2023-12-05T14:38:47+00:00","dateModified":"2023-12-05T14:41:05+00:00","mainEntityOfPage":{"@id":"https:\/\/prefecturadeesmeraldas.gob.ec\/index.php\/2023\/12\/05\/prefectura-de-esmeraldas-recordo-el-dia-mundial-de-la-calidad\/"},"wordCount":278,"publisher":{"@id":"https:\/\/prefecturadeesmeraldas.gob.ec\/#organization"},"image":{"@id":"https:\/\/prefecturadeesmeraldas.gob.ec\/index.php\/2023\/12\/05\/prefectura-de-esmeraldas-recordo-el-dia-mundial-de-la-calidad\/#primaryimage"},"thumbnailUrl":"https:\/\/prefecturadeesmeraldas.gob.ec\/wp-content\/uploads\/2023\/12\/WhatsApp-Image-2023-12-03-at-21.03.09.jpeg","articleSection":["Institucional"],"inLanguage":"es"},{"@type":"WebPage","@id":"https:\/\/prefecturadeesmeraldas.gob.ec\/index.php\/2023\/12\/05\/prefectura-de-esmeraldas-recordo-el-dia-mundial-de-la-calidad\/","url":"https:\/\/prefecturadeesmeraldas.gob.ec\/index.php\/2023\/12\/05\/prefectura-de-esmeraldas-recordo-el-dia-mundial-de-la-calidad\/","name":"Prefectura de Esmeraldas record\u00f3 el D\u00eda Mundial de la Calidad. - Gobierno Aut\u00f3nomo Descentralizado de la Provincia de Esmeraldas","isPartOf":{"@id":"https:\/\/prefecturadeesmeraldas.gob.ec\/#website"},"primaryImageOfPage":{"@id":"https:\/\/prefecturadeesmeraldas.gob.ec\/index.php\/2023\/12\/05\/prefectura-de-esmeraldas-recordo-el-dia-mundial-de-la-calidad\/#primaryimage"},"image":{"@id":"https:\/\/prefecturadeesmeraldas.gob.ec\/index.php\/2023\/12\/05\/prefectura-de-esmeraldas-recordo-el-dia-mundial-de-la-calidad\/#primaryimage"},"thumbnailUrl":"https:\/\/prefecturadeesmeraldas.gob.ec\/wp-content\/uploads\/2023\/12\/WhatsApp-Image-2023-12-03-at-21.03.09.jpeg","datePublished":"2023-12-05T14:38:47+00:00","dateModified":"2023-12-05T14:41:05+00:00","breadcrumb":{"@id":"https:\/\/prefecturadeesmeraldas.gob.ec\/index.php\/2023\/12\/05\/prefectura-de-esmeraldas-recordo-el-dia-mundial-de-la-calidad\/#breadcrumb"},"inLanguage":"es","potentialAction":[{"@type":"ReadAction","target":["https:\/\/prefecturadeesmeraldas.gob.ec\/index.php\/2023\/12\/05\/prefectura-de-esmeraldas-recordo-el-dia-mundial-de-la-calidad\/"]}]},{"@type":"ImageObject","inLanguage":"es","@id":"https:\/\/prefecturadeesmeraldas.gob.ec\/index.php\/2023\/12\/05\/prefectura-de-esmeraldas-recordo-el-dia-mundial-de-la-calidad\/#primaryimage","url":"https:\/\/prefecturadeesmeraldas.gob.ec\/wp-content\/uploads\/2023\/12\/WhatsApp-Image-2023-12-03-at-21.03.09.jpeg","contentUrl":"https:\/\/prefecturadeesmeraldas.gob.ec\/wp-content\/uploads\/2023\/12\/WhatsApp-Image-2023-12-03-at-21.03.09.jpeg","width":1600,"height":1600},{"@type":"BreadcrumbList","@id":"https:\/\/prefecturadeesmeraldas.gob.ec\/index.php\/2023\/12\/05\/prefectura-de-esmeraldas-recordo-el-dia-mundial-de-la-calidad\/#breadcrumb","itemListElement":[{"@type":"ListItem","position":1,"name":"Home","item":"https:\/\/prefecturadeesmeraldas.gob.ec\/"},{"@type":"ListItem","position":2,"name":"Prefectura de Esmeraldas record\u00f3 el D\u00eda Mundial de la Calidad."}]},{"@type":"WebSite","@id":"https:\/\/prefecturadeesmeraldas.gob.ec\/#website","url":"https:\/\/prefecturadeesmeraldas.gob.ec\/","name":"Gobierno Aut\u00f3nomo Descentralizado de la Provincia de Esmeraldas","description":"Gobierno Aut\u00f3nomo Descentralizado de la Provincia de Esmeraldas","publisher":{"@id":"https:\/\/prefecturadeesmeraldas.gob.ec\/#organization"},"potentialAction":[{"@type":"SearchAction","target":{"@type":"EntryPoint","urlTemplate":"https:\/\/prefecturadeesmeraldas.gob.ec\/?s={search_term_string}"},"query-input":{"@type":"PropertyValueSpecification","valueRequired":true,"valueName":"search_term_string"}}],"inLanguage":"es"},{"@type":"Organization","@id":"https:\/\/prefecturadeesmeraldas.gob.ec\/#organization","name":"Gobierno Aut\u00f3nomo Descentralizado de la Provincia de Esmeraldas","url":"https:\/\/prefecturadeesmeraldas.gob.ec\/","logo":{"@type":"ImageObject","inLanguage":"es","@id":"https:\/\/prefecturadeesmeraldas.gob.ec\/#\/schema\/logo\/image\/","url":"https:\/\/prefecturadeesmeraldas.gob.ec\/wp-content\/uploads\/2019\/06\/logo.png","contentUrl":"https:\/\/prefecturadeesmeraldas.gob.ec\/wp-content\/uploads\/2019\/06\/logo.png","width":859,"height":448,"caption":"Gobierno Aut\u00f3nomo Descentralizado de la Provincia de Esmeraldas"},"image":{"@id":"https:\/\/prefecturadeesmeraldas.gob.ec\/#\/schema\/logo\/image\/"},"sameAs":["https:\/\/www.facebook.com\/PrefecturaEsmeraldas\/"]},{"@type":"Person","@id":"https:\/\/prefecturadeesmeraldas.gob.ec\/#\/schema\/person\/b0c9e7b1ead7725994d1e319e8825234","name":"Direcci\u00f3n de Comunicaci\u00f3n","image":{"@type":"ImageObject","inLanguage":"es","@id":"https:\/\/prefecturadeesmeraldas.gob.ec\/#\/schema\/person\/image\/","url":"https:\/\/secure.gravatar.com\/avatar\/74a3870a946f5d774ade3569af61a72308e07ad3346f370c4b468ee2a9858658?s=96&d=mm&r=g","contentUrl":"https:\/\/secure.gravatar.com\/avatar\/74a3870a946f5d774ade3569af61a72308e07ad3346f370c4b468ee2a9858658?s=96&d=mm&r=g","caption":"Direcci\u00f3n de Comunicaci\u00f3n"}}]}},"_links":{"self":[{"href":"https:\/\/prefecturadeesmeraldas.gob.ec\/index.php\/wp-json\/wp\/v2\/posts\/24265","targetHints":{"allow":["GET"]}}],"collection":[{"href":"https:\/\/prefecturadeesmeraldas.gob.ec\/index.php\/wp-json\/wp\/v2\/posts"}],"about":[{"href":"https:\/\/prefecturadeesmeraldas.gob.ec\/index.php\/wp-json\/wp\/v2\/types\/post"}],"author":[{"embeddable":true,"href":"https:\/\/prefecturadeesmeraldas.gob.ec\/index.php\/wp-json\/wp\/v2\/users\/2"}],"replies":[{"embeddable":true,"href":"https:\/\/prefecturadeesmeraldas.gob.ec\/index.php\/wp-json\/wp\/v2\/comments?post=24265"}],"version-history":[{"count":0,"href":"https:\/\/prefecturadeesmeraldas.gob.ec\/index.php\/wp-json\/wp\/v2\/posts\/24265\/revisions"}],"wp:featuredmedia":[{"embeddable":true,"href":"https:\/\/prefecturadeesmeraldas.gob.ec\/index.php\/wp-json\/wp\/v2\/media\/24271"}],"wp:attachment":[{"href":"https:\/\/prefecturadeesmeraldas.gob.ec\/index.php\/wp-json\/wp\/v2\/media?parent=24265"}],"wp:term":[{"taxonomy":"category","embeddable":true,"href":"https:\/\/prefecturadeesmeraldas.gob.ec\/index.php\/wp-json\/wp\/v2\/categories?post=24265"},{"taxonomy":"post_tag","embeddable":true,"href":"https:\/\/prefecturadeesmeraldas.gob.ec\/index.php\/wp-json\/wp\/v2\/tags?post=24265"}],"curies":[{"name":"wp","href":"https:\/\/api.w.org\/{rel}","templated":true}]}}