{"id":24185,"date":"2023-11-28T17:27:07","date_gmt":"2023-11-28T22:27:07","guid":{"rendered":"https:\/\/prefecturadeesmeraldas.gob.ec\/?p=24185"},"modified":"2023-11-28T17:31:34","modified_gmt":"2023-11-28T22:31:34","slug":"exito-para-la-prefectura-de-esmeraldas-en-la-discover-cit-america-2023-recibe-certificado-de-excelencia-turistica","status":"publish","type":"post","link":"https:\/\/prefecturadeesmeraldas.gob.ec\/index.php\/2023\/11\/28\/exito-para-la-prefectura-de-esmeraldas-en-la-discover-cit-america-2023-recibe-certificado-de-excelencia-turistica\/","title":{"rendered":"\u00c9xito para la Prefectura de Esmeraldas en la DISCOVER CIT AM\u00c9RICA 2023: recibe certificado de excelencia tur\u00edstica."},"content":{"rendered":"\t\t<div data-elementor-type=\"wp-post\" data-elementor-id=\"24185\" class=\"elementor elementor-24185\">\n\t\t\t\t<div class=\"elementor-element elementor-element-d05308a e-flex e-con-boxed e-con e-parent\" data-id=\"d05308a\" data-element_type=\"container\">\n\t\t\t\t\t<div class=\"e-con-inner\">\n\t\t\t\t<div class=\"elementor-element elementor-element-d5eb842 elementor-widget elementor-widget-image\" data-id=\"d5eb842\" data-element_type=\"widget\" data-widget_type=\"image.default\">\n\t\t\t\t<div class=\"elementor-widget-container\">\n\t\t\t\t\t\t\t\t\t\t\t\t\t\t\t<img fetchpriority=\"high\" decoding=\"async\" width=\"1036\" height=\"1447\" src=\"https:\/\/prefecturadeesmeraldas.gob.ec\/wp-content\/uploads\/2023\/11\/PREMIO.jpg\" class=\"attachment-large size-large wp-image-24187\" alt=\"\" srcset=\"https:\/\/prefecturadeesmeraldas.gob.ec\/wp-content\/uploads\/2023\/11\/PREMIO.jpg 1036w, https:\/\/prefecturadeesmeraldas.gob.ec\/wp-content\/uploads\/2023\/11\/PREMIO-215x300.jpg 215w, https:\/\/prefecturadeesmeraldas.gob.ec\/wp-content\/uploads\/2023\/11\/PREMIO-768x1073.jpg 768w\" sizes=\"(max-width: 1036px) 100vw, 1036px\" \/>\t\t\t\t\t\t\t\t\t\t\t\t\t\t\t<\/div>\n\t\t\t\t<\/div>\n\t\t\t\t\t<\/div>\n\t\t\t\t<\/div>\n\t\t<div class=\"elementor-element elementor-element-e94cfcd e-flex e-con-boxed e-con e-parent\" data-id=\"e94cfcd\" data-element_type=\"container\">\n\t\t\t\t\t<div class=\"e-con-inner\">\n\t\t\t\t<div class=\"elementor-element elementor-element-f0dfc67 elementor-widget elementor-widget-text-editor\" data-id=\"f0dfc67\" data-element_type=\"widget\" data-widget_type=\"text-editor.default\">\n\t\t\t\t<div class=\"elementor-widget-container\">\n\t\t\t\t\t\t\t\t\t<p>La Prefectura de Esmeraldas fue galardonada con el reconocimiento <strong>Discover CIT Am\u00e9rica en la &#8220;Convenci\u00f3n Internacional de Turismo del Ecuador&#8221; (DISCOVER CIT 2023).<\/strong> Este reconocimiento consolida a la convenci\u00f3n como la vitrina tur\u00edstica m\u00e1s grande e importante del pa\u00eds y destaca la contribuci\u00f3n excepcional que la administraci\u00f3n de Roberta Zambrano, Prefecta, ha realizado en favor del desarrollo tur\u00edstico local, con un impacto nacional.<\/p><p>La <strong>Discover CIT Am\u00e9rica<\/strong> se llev\u00f3 a cabo del 16 al 18 de noviembre de 2023 y reuni\u00f3 a l\u00edderes y profesionales de la industria tur\u00edstica de todo el Ecuador. Durante este evento, la Prefectura de Esmeraldas fue nominada en la categor\u00eda de &#8220;<strong>Gesti\u00f3n Tur\u00edstica<\/strong>&#8220;, una muestra m\u00e1s del compromiso y la dedicaci\u00f3n de la instituci\u00f3n para impulsar el turismo en la regi\u00f3n.<\/p>\t\t\t\t\t\t\t\t<\/div>\n\t\t\t\t<\/div>\n\t\t\t\t\t<\/div>\n\t\t\t\t<\/div>\n\t\t<div class=\"elementor-element elementor-element-fdf8209 e-flex e-con-boxed e-con e-parent\" data-id=\"fdf8209\" data-element_type=\"container\">\n\t\t\t\t\t<div class=\"e-con-inner\">\n\t\t\t\t<div class=\"elementor-element elementor-element-fb7fb24 elementor-widget elementor-widget-image\" data-id=\"fb7fb24\" data-element_type=\"widget\" data-widget_type=\"image.default\">\n\t\t\t\t<div class=\"elementor-widget-container\">\n\t\t\t\t\t\t\t\t\t\t\t\t\t\t\t<img decoding=\"async\" width=\"960\" height=\"1280\" src=\"https:\/\/prefecturadeesmeraldas.gob.ec\/wp-content\/uploads\/2023\/11\/dario.jpg\" class=\"attachment-large size-large wp-image-24190\" alt=\"\" srcset=\"https:\/\/prefecturadeesmeraldas.gob.ec\/wp-content\/uploads\/2023\/11\/dario.jpg 960w, https:\/\/prefecturadeesmeraldas.gob.ec\/wp-content\/uploads\/2023\/11\/dario-225x300.jpg 225w, https:\/\/prefecturadeesmeraldas.gob.ec\/wp-content\/uploads\/2023\/11\/dario-768x1024.jpg 768w\" sizes=\"(max-width: 960px) 100vw, 960px\" \/>\t\t\t\t\t\t\t\t\t\t\t\t\t\t\t<\/div>\n\t\t\t\t<\/div>\n\t\t\t\t\t<\/div>\n\t\t\t\t<\/div>\n\t\t<div class=\"elementor-element elementor-element-54be53f e-flex e-con-boxed e-con e-parent\" data-id=\"54be53f\" data-element_type=\"container\">\n\t\t\t\t\t<div class=\"e-con-inner\">\n\t\t\t\t<div class=\"elementor-element elementor-element-f72ed46 elementor-widget elementor-widget-text-editor\" data-id=\"f72ed46\" data-element_type=\"widget\" data-widget_type=\"text-editor.default\">\n\t\t\t\t<div class=\"elementor-widget-container\">\n\t\t\t\t\t\t\t\t\t<p><strong>Lissette V\u00e9lez,<\/strong> presidenta ejecutiva de Discover CIT 2023 expres\u00f3 su gratitud a la Prefectura de Esmeraldas por su destacada participaci\u00f3n y contribuci\u00f3n al evento. \u201c<strong>Su compromiso ha sido fundamental para el \u00e9xito de la convenci\u00f3n, mostrando un trabajo de calidad y eficiencia en el manejo de los recursos econ\u00f3micos<\/strong>&#8220;, afirm\u00f3.<\/p><p>La Prefectura de Esmeraldas, como nominada en la categor\u00eda de Gesti\u00f3n Tur\u00edstica, sigue demostrando su liderazgo en la implementaci\u00f3n de estrategias efectivas para potenciar el turismo en la provincia. Para <strong>Lady Cede\u00f1o<\/strong>, directora de Cooperaci\u00f3n Internacional: \u201c<strong>El logro destaca la visi\u00f3n proactiva y el compromiso de la prefectura, para ofrecer experiencias tur\u00edsticas memorables y sostenibles<\/strong>\u201d. <\/p>\t\t\t\t\t\t\t\t<\/div>\n\t\t\t\t<\/div>\n\t\t\t\t\t<\/div>\n\t\t\t\t<\/div>\n\t\t\t\t<\/div>\n\t\t","protected":false},"excerpt":{"rendered":"<p>La Prefectura de Esmeraldas fue galardonada con el reconocimiento Discover CIT Am\u00e9rica en la &#8220;Convenci\u00f3n Internacional de Turismo del Ecuador&#8221; (DISCOVER CIT 2023). Este reconocimiento consolida a la convenci\u00f3n como la vitrina tur\u00edstica m\u00e1s grande e importante del pa\u00eds y destaca la contribuci\u00f3n excepcional que la administraci\u00f3n de Roberta Zambrano, Prefecta, ha realizado en favor [&hellip;]<\/p>\n","protected":false},"author":2,"featured_media":24189,"comment_status":"closed","ping_status":"open","sticky":false,"template":"","format":"standard","meta":{"footnotes":""},"categories":[18],"tags":[],"class_list":["post-24185","post","type-post","status-publish","format-standard","has-post-thumbnail","hentry","category-turismo"],"yoast_head":"<!-- This site is optimized with the Yoast SEO plugin v25.7 - https:\/\/yoast.com\/wordpress\/plugins\/seo\/ -->\n<title>\u00c9xito para la Prefectura de Esmeraldas en la DISCOVER CIT AM\u00c9RICA 2023: recibe certificado de excelencia tur\u00edstica. - Gobierno Aut\u00f3nomo Descentralizado de la Provincia de Esmeraldas<\/title>\n<meta name=\"robots\" content=\"index, follow, max-snippet:-1, max-image-preview:large, max-video-preview:-1\" \/>\n<link rel=\"canonical\" href=\"https:\/\/prefecturadeesmeraldas.gob.ec\/index.php\/2023\/11\/28\/exito-para-la-prefectura-de-esmeraldas-en-la-discover-cit-america-2023-recibe-certificado-de-excelencia-turistica\/\" \/>\n<meta property=\"og:locale\" content=\"es_ES\" \/>\n<meta property=\"og:type\" content=\"article\" \/>\n<meta property=\"og:title\" content=\"\u00c9xito para la Prefectura de Esmeraldas en la DISCOVER CIT AM\u00c9RICA 2023: recibe certificado de excelencia tur\u00edstica. - Gobierno Aut\u00f3nomo Descentralizado de la Provincia de Esmeraldas\" \/>\n<meta property=\"og:description\" content=\"La Prefectura de Esmeraldas fue galardonada con el reconocimiento Discover CIT Am\u00e9rica en la &#8220;Convenci\u00f3n Internacional de Turismo del Ecuador&#8221; (DISCOVER CIT 2023). Este reconocimiento consolida a la convenci\u00f3n como la vitrina tur\u00edstica m\u00e1s grande e importante del pa\u00eds y destaca la contribuci\u00f3n excepcional que la administraci\u00f3n de Roberta Zambrano, Prefecta, ha realizado en favor [&hellip;]\" \/>\n<meta property=\"og:url\" content=\"https:\/\/prefecturadeesmeraldas.gob.ec\/index.php\/2023\/11\/28\/exito-para-la-prefectura-de-esmeraldas-en-la-discover-cit-america-2023-recibe-certificado-de-excelencia-turistica\/\" \/>\n<meta property=\"og:site_name\" content=\"Gobierno Aut\u00f3nomo Descentralizado de la Provincia de Esmeraldas\" \/>\n<meta property=\"article:publisher\" content=\"https:\/\/www.facebook.com\/PrefecturaEsmeraldas\/\" \/>\n<meta property=\"article:published_time\" content=\"2023-11-28T22:27:07+00:00\" \/>\n<meta property=\"article:modified_time\" content=\"2023-11-28T22:31:34+00:00\" \/>\n<meta property=\"og:image\" content=\"https:\/\/prefecturadeesmeraldas.gob.ec\/wp-content\/uploads\/2023\/11\/DIEGO-MOTAQUIZA.jpeg\" \/>\n\t<meta property=\"og:image:width\" content=\"2000\" \/>\n\t<meta property=\"og:image:height\" content=\"2000\" \/>\n\t<meta property=\"og:image:type\" content=\"image\/jpeg\" \/>\n<meta name=\"author\" content=\"Direcci\u00f3n de Comunicaci\u00f3n\" \/>\n<meta name=\"twitter:card\" content=\"summary_large_image\" \/>\n<meta name=\"twitter:label1\" content=\"Escrito por\" \/>\n\t<meta name=\"twitter:data1\" content=\"Direcci\u00f3n de Comunicaci\u00f3n\" \/>\n\t<meta name=\"twitter:label2\" content=\"Tiempo de lectura\" \/>\n\t<meta name=\"twitter:data2\" content=\"2 minutos\" \/>\n<script type=\"application\/ld+json\" class=\"yoast-schema-graph\">{\"@context\":\"https:\/\/schema.org\",\"@graph\":[{\"@type\":\"Article\",\"@id\":\"https:\/\/prefecturadeesmeraldas.gob.ec\/index.php\/2023\/11\/28\/exito-para-la-prefectura-de-esmeraldas-en-la-discover-cit-america-2023-recibe-certificado-de-excelencia-turistica\/#article\",\"isPartOf\":{\"@id\":\"https:\/\/prefecturadeesmeraldas.gob.ec\/index.php\/2023\/11\/28\/exito-para-la-prefectura-de-esmeraldas-en-la-discover-cit-america-2023-recibe-certificado-de-excelencia-turistica\/\"},\"author\":{\"name\":\"Direcci\u00f3n de Comunicaci\u00f3n\",\"@id\":\"https:\/\/prefecturadeesmeraldas.gob.ec\/#\/schema\/person\/b0c9e7b1ead7725994d1e319e8825234\"},\"headline\":\"\u00c9xito para la Prefectura de Esmeraldas en la DISCOVER CIT AM\u00c9RICA 2023: recibe certificado de excelencia tur\u00edstica.\",\"datePublished\":\"2023-11-28T22:27:07+00:00\",\"dateModified\":\"2023-11-28T22:31:34+00:00\",\"mainEntityOfPage\":{\"@id\":\"https:\/\/prefecturadeesmeraldas.gob.ec\/index.php\/2023\/11\/28\/exito-para-la-prefectura-de-esmeraldas-en-la-discover-cit-america-2023-recibe-certificado-de-excelencia-turistica\/\"},\"wordCount\":276,\"publisher\":{\"@id\":\"https:\/\/prefecturadeesmeraldas.gob.ec\/#organization\"},\"image\":{\"@id\":\"https:\/\/prefecturadeesmeraldas.gob.ec\/index.php\/2023\/11\/28\/exito-para-la-prefectura-de-esmeraldas-en-la-discover-cit-america-2023-recibe-certificado-de-excelencia-turistica\/#primaryimage\"},\"thumbnailUrl\":\"https:\/\/prefecturadeesmeraldas.gob.ec\/wp-content\/uploads\/2023\/11\/DIEGO-MOTAQUIZA.jpeg\",\"articleSection\":[\"Turismo\"],\"inLanguage\":\"es\"},{\"@type\":\"WebPage\",\"@id\":\"https:\/\/prefecturadeesmeraldas.gob.ec\/index.php\/2023\/11\/28\/exito-para-la-prefectura-de-esmeraldas-en-la-discover-cit-america-2023-recibe-certificado-de-excelencia-turistica\/\",\"url\":\"https:\/\/prefecturadeesmeraldas.gob.ec\/index.php\/2023\/11\/28\/exito-para-la-prefectura-de-esmeraldas-en-la-discover-cit-america-2023-recibe-certificado-de-excelencia-turistica\/\",\"name\":\"\u00c9xito para la Prefectura de Esmeraldas en la DISCOVER CIT AM\u00c9RICA 2023: recibe certificado de excelencia tur\u00edstica. - Gobierno Aut\u00f3nomo Descentralizado de la Provincia de Esmeraldas\",\"isPartOf\":{\"@id\":\"https:\/\/prefecturadeesmeraldas.gob.ec\/#website\"},\"primaryImageOfPage\":{\"@id\":\"https:\/\/prefecturadeesmeraldas.gob.ec\/index.php\/2023\/11\/28\/exito-para-la-prefectura-de-esmeraldas-en-la-discover-cit-america-2023-recibe-certificado-de-excelencia-turistica\/#primaryimage\"},\"image\":{\"@id\":\"https:\/\/prefecturadeesmeraldas.gob.ec\/index.php\/2023\/11\/28\/exito-para-la-prefectura-de-esmeraldas-en-la-discover-cit-america-2023-recibe-certificado-de-excelencia-turistica\/#primaryimage\"},\"thumbnailUrl\":\"https:\/\/prefecturadeesmeraldas.gob.ec\/wp-content\/uploads\/2023\/11\/DIEGO-MOTAQUIZA.jpeg\",\"datePublished\":\"2023-11-28T22:27:07+00:00\",\"dateModified\":\"2023-11-28T22:31:34+00:00\",\"breadcrumb\":{\"@id\":\"https:\/\/prefecturadeesmeraldas.gob.ec\/index.php\/2023\/11\/28\/exito-para-la-prefectura-de-esmeraldas-en-la-discover-cit-america-2023-recibe-certificado-de-excelencia-turistica\/#breadcrumb\"},\"inLanguage\":\"es\",\"potentialAction\":[{\"@type\":\"ReadAction\",\"target\":[\"https:\/\/prefecturadeesmeraldas.gob.ec\/index.php\/2023\/11\/28\/exito-para-la-prefectura-de-esmeraldas-en-la-discover-cit-america-2023-recibe-certificado-de-excelencia-turistica\/\"]}]},{\"@type\":\"ImageObject\",\"inLanguage\":\"es\",\"@id\":\"https:\/\/prefecturadeesmeraldas.gob.ec\/index.php\/2023\/11\/28\/exito-para-la-prefectura-de-esmeraldas-en-la-discover-cit-america-2023-recibe-certificado-de-excelencia-turistica\/#primaryimage\",\"url\":\"https:\/\/prefecturadeesmeraldas.gob.ec\/wp-content\/uploads\/2023\/11\/DIEGO-MOTAQUIZA.jpeg\",\"contentUrl\":\"https:\/\/prefecturadeesmeraldas.gob.ec\/wp-content\/uploads\/2023\/11\/DIEGO-MOTAQUIZA.jpeg\",\"width\":2000,\"height\":2000},{\"@type\":\"BreadcrumbList\",\"@id\":\"https:\/\/prefecturadeesmeraldas.gob.ec\/index.php\/2023\/11\/28\/exito-para-la-prefectura-de-esmeraldas-en-la-discover-cit-america-2023-recibe-certificado-de-excelencia-turistica\/#breadcrumb\",\"itemListElement\":[{\"@type\":\"ListItem\",\"position\":1,\"name\":\"Home\",\"item\":\"https:\/\/prefecturadeesmeraldas.gob.ec\/\"},{\"@type\":\"ListItem\",\"position\":2,\"name\":\"\u00c9xito para la Prefectura de Esmeraldas en la DISCOVER CIT AM\u00c9RICA 2023: recibe certificado de excelencia tur\u00edstica.\"}]},{\"@type\":\"WebSite\",\"@id\":\"https:\/\/prefecturadeesmeraldas.gob.ec\/#website\",\"url\":\"https:\/\/prefecturadeesmeraldas.gob.ec\/\",\"name\":\"Gobierno Aut\u00f3nomo Descentralizado de la Provincia de Esmeraldas\",\"description\":\"Gobierno Aut\u00f3nomo Descentralizado de la Provincia de Esmeraldas\",\"publisher\":{\"@id\":\"https:\/\/prefecturadeesmeraldas.gob.ec\/#organization\"},\"potentialAction\":[{\"@type\":\"SearchAction\",\"target\":{\"@type\":\"EntryPoint\",\"urlTemplate\":\"https:\/\/prefecturadeesmeraldas.gob.ec\/?s={search_term_string}\"},\"query-input\":{\"@type\":\"PropertyValueSpecification\",\"valueRequired\":true,\"valueName\":\"search_term_string\"}}],\"inLanguage\":\"es\"},{\"@type\":\"Organization\",\"@id\":\"https:\/\/prefecturadeesmeraldas.gob.ec\/#organization\",\"name\":\"Gobierno Aut\u00f3nomo Descentralizado de la Provincia de Esmeraldas\",\"url\":\"https:\/\/prefecturadeesmeraldas.gob.ec\/\",\"logo\":{\"@type\":\"ImageObject\",\"inLanguage\":\"es\",\"@id\":\"https:\/\/prefecturadeesmeraldas.gob.ec\/#\/schema\/logo\/image\/\",\"url\":\"https:\/\/prefecturadeesmeraldas.gob.ec\/wp-content\/uploads\/2019\/06\/logo.png\",\"contentUrl\":\"https:\/\/prefecturadeesmeraldas.gob.ec\/wp-content\/uploads\/2019\/06\/logo.png\",\"width\":859,\"height\":448,\"caption\":\"Gobierno Aut\u00f3nomo Descentralizado de la Provincia de Esmeraldas\"},\"image\":{\"@id\":\"https:\/\/prefecturadeesmeraldas.gob.ec\/#\/schema\/logo\/image\/\"},\"sameAs\":[\"https:\/\/www.facebook.com\/PrefecturaEsmeraldas\/\"]},{\"@type\":\"Person\",\"@id\":\"https:\/\/prefecturadeesmeraldas.gob.ec\/#\/schema\/person\/b0c9e7b1ead7725994d1e319e8825234\",\"name\":\"Direcci\u00f3n de Comunicaci\u00f3n\",\"image\":{\"@type\":\"ImageObject\",\"inLanguage\":\"es\",\"@id\":\"https:\/\/prefecturadeesmeraldas.gob.ec\/#\/schema\/person\/image\/\",\"url\":\"https:\/\/secure.gravatar.com\/avatar\/74a3870a946f5d774ade3569af61a72308e07ad3346f370c4b468ee2a9858658?s=96&d=mm&r=g\",\"contentUrl\":\"https:\/\/secure.gravatar.com\/avatar\/74a3870a946f5d774ade3569af61a72308e07ad3346f370c4b468ee2a9858658?s=96&d=mm&r=g\",\"caption\":\"Direcci\u00f3n de Comunicaci\u00f3n\"}}]}<\/script>\n<!-- \/ Yoast SEO plugin. -->","yoast_head_json":{"title":"\u00c9xito para la Prefectura de Esmeraldas en la DISCOVER CIT AM\u00c9RICA 2023: recibe certificado de excelencia tur\u00edstica. - Gobierno Aut\u00f3nomo Descentralizado de la Provincia de Esmeraldas","robots":{"index":"index","follow":"follow","max-snippet":"max-snippet:-1","max-image-preview":"max-image-preview:large","max-video-preview":"max-video-preview:-1"},"canonical":"https:\/\/prefecturadeesmeraldas.gob.ec\/index.php\/2023\/11\/28\/exito-para-la-prefectura-de-esmeraldas-en-la-discover-cit-america-2023-recibe-certificado-de-excelencia-turistica\/","og_locale":"es_ES","og_type":"article","og_title":"\u00c9xito para la Prefectura de Esmeraldas en la DISCOVER CIT AM\u00c9RICA 2023: recibe certificado de excelencia tur\u00edstica. - Gobierno Aut\u00f3nomo Descentralizado de la Provincia de Esmeraldas","og_description":"La Prefectura de Esmeraldas fue galardonada con el reconocimiento Discover CIT Am\u00e9rica en la &#8220;Convenci\u00f3n Internacional de Turismo del Ecuador&#8221; (DISCOVER CIT 2023). Este reconocimiento consolida a la convenci\u00f3n como la vitrina tur\u00edstica m\u00e1s grande e importante del pa\u00eds y destaca la contribuci\u00f3n excepcional que la administraci\u00f3n de Roberta Zambrano, Prefecta, ha realizado en favor [&hellip;]","og_url":"https:\/\/prefecturadeesmeraldas.gob.ec\/index.php\/2023\/11\/28\/exito-para-la-prefectura-de-esmeraldas-en-la-discover-cit-america-2023-recibe-certificado-de-excelencia-turistica\/","og_site_name":"Gobierno Aut\u00f3nomo Descentralizado de la Provincia de Esmeraldas","article_publisher":"https:\/\/www.facebook.com\/PrefecturaEsmeraldas\/","article_published_time":"2023-11-28T22:27:07+00:00","article_modified_time":"2023-11-28T22:31:34+00:00","og_image":[{"url":"https:\/\/prefecturadeesmeraldas.gob.ec\/wp-content\/uploads\/2023\/11\/DIEGO-MOTAQUIZA.jpeg","width":2000,"height":2000,"type":"image\/jpeg"}],"author":"Direcci\u00f3n de Comunicaci\u00f3n","twitter_card":"summary_large_image","twitter_misc":{"Escrito por":"Direcci\u00f3n de Comunicaci\u00f3n","Tiempo de lectura":"2 minutos"},"schema":{"@context":"https:\/\/schema.org","@graph":[{"@type":"Article","@id":"https:\/\/prefecturadeesmeraldas.gob.ec\/index.php\/2023\/11\/28\/exito-para-la-prefectura-de-esmeraldas-en-la-discover-cit-america-2023-recibe-certificado-de-excelencia-turistica\/#article","isPartOf":{"@id":"https:\/\/prefecturadeesmeraldas.gob.ec\/index.php\/2023\/11\/28\/exito-para-la-prefectura-de-esmeraldas-en-la-discover-cit-america-2023-recibe-certificado-de-excelencia-turistica\/"},"author":{"name":"Direcci\u00f3n de Comunicaci\u00f3n","@id":"https:\/\/prefecturadeesmeraldas.gob.ec\/#\/schema\/person\/b0c9e7b1ead7725994d1e319e8825234"},"headline":"\u00c9xito para la Prefectura de Esmeraldas en la DISCOVER CIT AM\u00c9RICA 2023: recibe certificado de excelencia tur\u00edstica.","datePublished":"2023-11-28T22:27:07+00:00","dateModified":"2023-11-28T22:31:34+00:00","mainEntityOfPage":{"@id":"https:\/\/prefecturadeesmeraldas.gob.ec\/index.php\/2023\/11\/28\/exito-para-la-prefectura-de-esmeraldas-en-la-discover-cit-america-2023-recibe-certificado-de-excelencia-turistica\/"},"wordCount":276,"publisher":{"@id":"https:\/\/prefecturadeesmeraldas.gob.ec\/#organization"},"image":{"@id":"https:\/\/prefecturadeesmeraldas.gob.ec\/index.php\/2023\/11\/28\/exito-para-la-prefectura-de-esmeraldas-en-la-discover-cit-america-2023-recibe-certificado-de-excelencia-turistica\/#primaryimage"},"thumbnailUrl":"https:\/\/prefecturadeesmeraldas.gob.ec\/wp-content\/uploads\/2023\/11\/DIEGO-MOTAQUIZA.jpeg","articleSection":["Turismo"],"inLanguage":"es"},{"@type":"WebPage","@id":"https:\/\/prefecturadeesmeraldas.gob.ec\/index.php\/2023\/11\/28\/exito-para-la-prefectura-de-esmeraldas-en-la-discover-cit-america-2023-recibe-certificado-de-excelencia-turistica\/","url":"https:\/\/prefecturadeesmeraldas.gob.ec\/index.php\/2023\/11\/28\/exito-para-la-prefectura-de-esmeraldas-en-la-discover-cit-america-2023-recibe-certificado-de-excelencia-turistica\/","name":"\u00c9xito para la Prefectura de Esmeraldas en la DISCOVER CIT AM\u00c9RICA 2023: recibe certificado de excelencia tur\u00edstica. - Gobierno Aut\u00f3nomo Descentralizado de la Provincia de Esmeraldas","isPartOf":{"@id":"https:\/\/prefecturadeesmeraldas.gob.ec\/#website"},"primaryImageOfPage":{"@id":"https:\/\/prefecturadeesmeraldas.gob.ec\/index.php\/2023\/11\/28\/exito-para-la-prefectura-de-esmeraldas-en-la-discover-cit-america-2023-recibe-certificado-de-excelencia-turistica\/#primaryimage"},"image":{"@id":"https:\/\/prefecturadeesmeraldas.gob.ec\/index.php\/2023\/11\/28\/exito-para-la-prefectura-de-esmeraldas-en-la-discover-cit-america-2023-recibe-certificado-de-excelencia-turistica\/#primaryimage"},"thumbnailUrl":"https:\/\/prefecturadeesmeraldas.gob.ec\/wp-content\/uploads\/2023\/11\/DIEGO-MOTAQUIZA.jpeg","datePublished":"2023-11-28T22:27:07+00:00","dateModified":"2023-11-28T22:31:34+00:00","breadcrumb":{"@id":"https:\/\/prefecturadeesmeraldas.gob.ec\/index.php\/2023\/11\/28\/exito-para-la-prefectura-de-esmeraldas-en-la-discover-cit-america-2023-recibe-certificado-de-excelencia-turistica\/#breadcrumb"},"inLanguage":"es","potentialAction":[{"@type":"ReadAction","target":["https:\/\/prefecturadeesmeraldas.gob.ec\/index.php\/2023\/11\/28\/exito-para-la-prefectura-de-esmeraldas-en-la-discover-cit-america-2023-recibe-certificado-de-excelencia-turistica\/"]}]},{"@type":"ImageObject","inLanguage":"es","@id":"https:\/\/prefecturadeesmeraldas.gob.ec\/index.php\/2023\/11\/28\/exito-para-la-prefectura-de-esmeraldas-en-la-discover-cit-america-2023-recibe-certificado-de-excelencia-turistica\/#primaryimage","url":"https:\/\/prefecturadeesmeraldas.gob.ec\/wp-content\/uploads\/2023\/11\/DIEGO-MOTAQUIZA.jpeg","contentUrl":"https:\/\/prefecturadeesmeraldas.gob.ec\/wp-content\/uploads\/2023\/11\/DIEGO-MOTAQUIZA.jpeg","width":2000,"height":2000},{"@type":"BreadcrumbList","@id":"https:\/\/prefecturadeesmeraldas.gob.ec\/index.php\/2023\/11\/28\/exito-para-la-prefectura-de-esmeraldas-en-la-discover-cit-america-2023-recibe-certificado-de-excelencia-turistica\/#breadcrumb","itemListElement":[{"@type":"ListItem","position":1,"name":"Home","item":"https:\/\/prefecturadeesmeraldas.gob.ec\/"},{"@type":"ListItem","position":2,"name":"\u00c9xito para la Prefectura de Esmeraldas en la DISCOVER CIT AM\u00c9RICA 2023: recibe certificado de excelencia tur\u00edstica."}]},{"@type":"WebSite","@id":"https:\/\/prefecturadeesmeraldas.gob.ec\/#website","url":"https:\/\/prefecturadeesmeraldas.gob.ec\/","name":"Gobierno Aut\u00f3nomo Descentralizado de la Provincia de Esmeraldas","description":"Gobierno Aut\u00f3nomo Descentralizado de la Provincia de Esmeraldas","publisher":{"@id":"https:\/\/prefecturadeesmeraldas.gob.ec\/#organization"},"potentialAction":[{"@type":"SearchAction","target":{"@type":"EntryPoint","urlTemplate":"https:\/\/prefecturadeesmeraldas.gob.ec\/?s={search_term_string}"},"query-input":{"@type":"PropertyValueSpecification","valueRequired":true,"valueName":"search_term_string"}}],"inLanguage":"es"},{"@type":"Organization","@id":"https:\/\/prefecturadeesmeraldas.gob.ec\/#organization","name":"Gobierno Aut\u00f3nomo Descentralizado de la Provincia de Esmeraldas","url":"https:\/\/prefecturadeesmeraldas.gob.ec\/","logo":{"@type":"ImageObject","inLanguage":"es","@id":"https:\/\/prefecturadeesmeraldas.gob.ec\/#\/schema\/logo\/image\/","url":"https:\/\/prefecturadeesmeraldas.gob.ec\/wp-content\/uploads\/2019\/06\/logo.png","contentUrl":"https:\/\/prefecturadeesmeraldas.gob.ec\/wp-content\/uploads\/2019\/06\/logo.png","width":859,"height":448,"caption":"Gobierno Aut\u00f3nomo Descentralizado de la Provincia de Esmeraldas"},"image":{"@id":"https:\/\/prefecturadeesmeraldas.gob.ec\/#\/schema\/logo\/image\/"},"sameAs":["https:\/\/www.facebook.com\/PrefecturaEsmeraldas\/"]},{"@type":"Person","@id":"https:\/\/prefecturadeesmeraldas.gob.ec\/#\/schema\/person\/b0c9e7b1ead7725994d1e319e8825234","name":"Direcci\u00f3n de Comunicaci\u00f3n","image":{"@type":"ImageObject","inLanguage":"es","@id":"https:\/\/prefecturadeesmeraldas.gob.ec\/#\/schema\/person\/image\/","url":"https:\/\/secure.gravatar.com\/avatar\/74a3870a946f5d774ade3569af61a72308e07ad3346f370c4b468ee2a9858658?s=96&d=mm&r=g","contentUrl":"https:\/\/secure.gravatar.com\/avatar\/74a3870a946f5d774ade3569af61a72308e07ad3346f370c4b468ee2a9858658?s=96&d=mm&r=g","caption":"Direcci\u00f3n de Comunicaci\u00f3n"}}]}},"_links":{"self":[{"href":"https:\/\/prefecturadeesmeraldas.gob.ec\/index.php\/wp-json\/wp\/v2\/posts\/24185","targetHints":{"allow":["GET"]}}],"collection":[{"href":"https:\/\/prefecturadeesmeraldas.gob.ec\/index.php\/wp-json\/wp\/v2\/posts"}],"about":[{"href":"https:\/\/prefecturadeesmeraldas.gob.ec\/index.php\/wp-json\/wp\/v2\/types\/post"}],"author":[{"embeddable":true,"href":"https:\/\/prefecturadeesmeraldas.gob.ec\/index.php\/wp-json\/wp\/v2\/users\/2"}],"replies":[{"embeddable":true,"href":"https:\/\/prefecturadeesmeraldas.gob.ec\/index.php\/wp-json\/wp\/v2\/comments?post=24185"}],"version-history":[{"count":0,"href":"https:\/\/prefecturadeesmeraldas.gob.ec\/index.php\/wp-json\/wp\/v2\/posts\/24185\/revisions"}],"wp:featuredmedia":[{"embeddable":true,"href":"https:\/\/prefecturadeesmeraldas.gob.ec\/index.php\/wp-json\/wp\/v2\/media\/24189"}],"wp:attachment":[{"href":"https:\/\/prefecturadeesmeraldas.gob.ec\/index.php\/wp-json\/wp\/v2\/media?parent=24185"}],"wp:term":[{"taxonomy":"category","embeddable":true,"href":"https:\/\/prefecturadeesmeraldas.gob.ec\/index.php\/wp-json\/wp\/v2\/categories?post=24185"},{"taxonomy":"post_tag","embeddable":true,"href":"https:\/\/prefecturadeesmeraldas.gob.ec\/index.php\/wp-json\/wp\/v2\/tags?post=24185"}],"curies":[{"name":"wp","href":"https:\/\/api.w.org\/{rel}","templated":true}]}}