{"id":2374,"date":"2019-12-13T11:28:01","date_gmt":"2019-12-13T16:28:01","guid":{"rendered":"http:\/\/prefecturadeesmeraldas.gob.ec\/?p=2374"},"modified":"2019-12-13T11:28:46","modified_gmt":"2019-12-13T16:28:46","slug":"obras-garantizan-la-actividad-agropecuaria-en-etapa-invernal","status":"publish","type":"post","link":"https:\/\/prefecturadeesmeraldas.gob.ec\/index.php\/2019\/12\/13\/obras-garantizan-la-actividad-agropecuaria-en-etapa-invernal\/","title":{"rendered":"Obras garantizan la actividad agropecuaria en etapa invernal"},"content":{"rendered":"\t\t<div data-elementor-type=\"wp-post\" data-elementor-id=\"2374\" class=\"elementor elementor-2374\">\n\t\t\t\t\t\t<section class=\"elementor-section elementor-top-section elementor-element elementor-element-a7ddccf elementor-section-boxed elementor-section-height-default elementor-section-height-default\" data-id=\"a7ddccf\" data-element_type=\"section\">\n\t\t\t\t\t\t<div class=\"elementor-container elementor-column-gap-default\">\n\t\t\t\t\t<div class=\"elementor-column elementor-col-100 elementor-top-column elementor-element elementor-element-05b675d\" data-id=\"05b675d\" data-element_type=\"column\">\n\t\t\t<div class=\"elementor-widget-wrap elementor-element-populated\">\n\t\t\t\t\t\t<div class=\"elementor-element elementor-element-ba6f903 elementor-widget elementor-widget-image\" data-id=\"ba6f903\" data-element_type=\"widget\" data-widget_type=\"image.default\">\n\t\t\t\t<div class=\"elementor-widget-container\">\n\t\t\t\t\t\t\t\t\t\t\t\t<figure class=\"wp-caption\">\n\t\t\t\t\t\t\t\t\t\t<img fetchpriority=\"high\" decoding=\"async\" width=\"1024\" height=\"576\" src=\"https:\/\/prefecturadeesmeraldas.gob.ec\/wp-content\/uploads\/2019\/12\/WhatsApp-Image-2019-12-12-at-13.40.30-1024x576.jpeg\" class=\"attachment-large size-large wp-image-2375\" alt=\"\" srcset=\"https:\/\/prefecturadeesmeraldas.gob.ec\/wp-content\/uploads\/2019\/12\/WhatsApp-Image-2019-12-12-at-13.40.30-1024x576.jpeg 1024w, https:\/\/prefecturadeesmeraldas.gob.ec\/wp-content\/uploads\/2019\/12\/WhatsApp-Image-2019-12-12-at-13.40.30-1080x608.jpeg 1080w, https:\/\/prefecturadeesmeraldas.gob.ec\/wp-content\/uploads\/2019\/12\/WhatsApp-Image-2019-12-12-at-13.40.30-300x169.jpeg 300w, https:\/\/prefecturadeesmeraldas.gob.ec\/wp-content\/uploads\/2019\/12\/WhatsApp-Image-2019-12-12-at-13.40.30-768x432.jpeg 768w, https:\/\/prefecturadeesmeraldas.gob.ec\/wp-content\/uploads\/2019\/12\/WhatsApp-Image-2019-12-12-at-13.40.30.jpeg 1280w\" sizes=\"(max-width: 1024px) 100vw, 1024px\" \/>\t\t\t\t\t\t\t\t\t\t\t<figcaption class=\"widget-image-caption wp-caption-text\">Mejoramiento de 9,10 kil\u00f3metros  de la comunidad Meribe de la parroquia Chumund\u00e9, cant\u00f3n Rioverde<\/figcaption>\n\t\t\t\t\t\t\t\t\t\t<\/figure>\n\t\t\t\t\t\t\t\t\t<\/div>\n\t\t\t\t<\/div>\n\t\t\t\t\t<\/div>\n\t\t<\/div>\n\t\t\t\t\t<\/div>\n\t\t<\/section>\n\t\t\t\t<section class=\"elementor-section elementor-top-section elementor-element elementor-element-16b811a elementor-section-boxed elementor-section-height-default elementor-section-height-default\" data-id=\"16b811a\" data-element_type=\"section\">\n\t\t\t\t\t\t<div class=\"elementor-container elementor-column-gap-default\">\n\t\t\t\t\t<div class=\"elementor-column elementor-col-100 elementor-top-column elementor-element elementor-element-409add5\" data-id=\"409add5\" data-element_type=\"column\">\n\t\t\t<div class=\"elementor-widget-wrap elementor-element-populated\">\n\t\t\t\t\t\t<div class=\"elementor-element elementor-element-d57d9a5 elementor-widget elementor-widget-text-editor\" data-id=\"d57d9a5\" data-element_type=\"widget\" data-widget_type=\"text-editor.default\">\n\t\t\t\t<div class=\"elementor-widget-container\">\n\t\t\t\t\t\t\t\t\t<p>La cosecha, transporte y comercializaci\u00f3n de los productos agr\u00edcolas en la comunidad Meribe de la parroquia Chumund\u00e9, cant\u00f3n Rioverde, est\u00e1 garantizada, gracias al mejoramiento de 9,10 kil\u00f3metros de carretera, que realiz\u00f3 la Prefectura de Esmeraldas, beneficiando 38 comunidades del sector.<\/p><p>Quien ha sido testigo del crecimiento poblacional y del desarrollo de Meribe es do\u00f1a Maura Tenorio, propietaria de una tienda del sector, quien expres\u00f3 que los veh\u00edculos llegan a su comunidad gracias a las condiciones que presta la v\u00eda.<br \/>Todos en esta comunidad buscan el sustento diario, c\u00f3mo don Edhison Navarrete, que se dedica a transportar a los habitantes con sus productos.<\/p><p>Javier Campos, quien fue electo por su pueblo para ocupar el cargo de vocal de la junta parroquial y presidente de la comisi\u00f3n vial de Chumund\u00e9, expres\u00f3 que la vialidad en su territorio ha mejorado significativamente optimizando las condiciones de vida de los habitantes de su zona.<\/p>\t\t\t\t\t\t\t\t<\/div>\n\t\t\t\t<\/div>\n\t\t\t\t\t<\/div>\n\t\t<\/div>\n\t\t\t\t\t<\/div>\n\t\t<\/section>\n\t\t\t\t<\/div>\n\t\t","protected":false},"excerpt":{"rendered":"<p>Mejoramiento de 9,10 kil\u00f3metros de la comunidad Meribe de la parroquia Chumund\u00e9, cant\u00f3n Rioverde La cosecha, transporte y comercializaci\u00f3n de los productos agr\u00edcolas en la comunidad Meribe de la parroquia Chumund\u00e9, cant\u00f3n Rioverde, est\u00e1 garantizada, gracias al mejoramiento de 9,10 kil\u00f3metros de carretera, que realiz\u00f3 la Prefectura de Esmeraldas, beneficiando 38 comunidades del sector. Quien [&hellip;]<\/p>\n","protected":false},"author":2,"featured_media":2375,"comment_status":"closed","ping_status":"open","sticky":false,"template":"","format":"standard","meta":{"footnotes":""},"categories":[14],"tags":[],"class_list":["post-2374","post","type-post","status-publish","format-standard","has-post-thumbnail","hentry","category-vialidad"],"yoast_head":"<!-- This site is optimized with the Yoast SEO plugin v25.7 - https:\/\/yoast.com\/wordpress\/plugins\/seo\/ -->\n<title>Obras garantizan la actividad agropecuaria en etapa invernal - Gobierno Aut\u00f3nomo Descentralizado de la Provincia de Esmeraldas<\/title>\n<meta name=\"robots\" content=\"index, follow, max-snippet:-1, max-image-preview:large, max-video-preview:-1\" \/>\n<link rel=\"canonical\" href=\"https:\/\/prefecturadeesmeraldas.gob.ec\/index.php\/2019\/12\/13\/obras-garantizan-la-actividad-agropecuaria-en-etapa-invernal\/\" \/>\n<meta property=\"og:locale\" content=\"es_ES\" \/>\n<meta property=\"og:type\" content=\"article\" \/>\n<meta property=\"og:title\" content=\"Obras garantizan la actividad agropecuaria en etapa invernal - Gobierno Aut\u00f3nomo Descentralizado de la Provincia de Esmeraldas\" \/>\n<meta property=\"og:description\" content=\"Mejoramiento de 9,10 kil\u00f3metros de la comunidad Meribe de la parroquia Chumund\u00e9, cant\u00f3n Rioverde La cosecha, transporte y comercializaci\u00f3n de los productos agr\u00edcolas en la comunidad Meribe de la parroquia Chumund\u00e9, cant\u00f3n Rioverde, est\u00e1 garantizada, gracias al mejoramiento de 9,10 kil\u00f3metros de carretera, que realiz\u00f3 la Prefectura de Esmeraldas, beneficiando 38 comunidades del sector. Quien [&hellip;]\" \/>\n<meta property=\"og:url\" content=\"https:\/\/prefecturadeesmeraldas.gob.ec\/index.php\/2019\/12\/13\/obras-garantizan-la-actividad-agropecuaria-en-etapa-invernal\/\" \/>\n<meta property=\"og:site_name\" content=\"Gobierno Aut\u00f3nomo Descentralizado de la Provincia de Esmeraldas\" \/>\n<meta property=\"article:publisher\" content=\"https:\/\/www.facebook.com\/PrefecturaEsmeraldas\/\" \/>\n<meta property=\"article:published_time\" content=\"2019-12-13T16:28:01+00:00\" \/>\n<meta property=\"article:modified_time\" content=\"2019-12-13T16:28:46+00:00\" \/>\n<meta property=\"og:image\" content=\"https:\/\/prefecturadeesmeraldas.gob.ec\/wp-content\/uploads\/2019\/12\/WhatsApp-Image-2019-12-12-at-13.40.30.jpeg\" \/>\n\t<meta property=\"og:image:width\" content=\"1280\" \/>\n\t<meta property=\"og:image:height\" content=\"720\" \/>\n\t<meta property=\"og:image:type\" content=\"image\/jpeg\" \/>\n<meta name=\"author\" content=\"Direcci\u00f3n de Comunicaci\u00f3n\" \/>\n<meta name=\"twitter:card\" content=\"summary_large_image\" \/>\n<meta name=\"twitter:label1\" content=\"Escrito por\" \/>\n\t<meta name=\"twitter:data1\" content=\"Direcci\u00f3n de Comunicaci\u00f3n\" \/>\n\t<meta name=\"twitter:label2\" content=\"Tiempo de lectura\" \/>\n\t<meta name=\"twitter:data2\" content=\"1 minuto\" \/>\n<script type=\"application\/ld+json\" class=\"yoast-schema-graph\">{\"@context\":\"https:\/\/schema.org\",\"@graph\":[{\"@type\":\"Article\",\"@id\":\"https:\/\/prefecturadeesmeraldas.gob.ec\/index.php\/2019\/12\/13\/obras-garantizan-la-actividad-agropecuaria-en-etapa-invernal\/#article\",\"isPartOf\":{\"@id\":\"https:\/\/prefecturadeesmeraldas.gob.ec\/index.php\/2019\/12\/13\/obras-garantizan-la-actividad-agropecuaria-en-etapa-invernal\/\"},\"author\":{\"name\":\"Direcci\u00f3n de Comunicaci\u00f3n\",\"@id\":\"https:\/\/prefecturadeesmeraldas.gob.ec\/#\/schema\/person\/b0c9e7b1ead7725994d1e319e8825234\"},\"headline\":\"Obras garantizan la actividad agropecuaria en etapa invernal\",\"datePublished\":\"2019-12-13T16:28:01+00:00\",\"dateModified\":\"2019-12-13T16:28:46+00:00\",\"mainEntityOfPage\":{\"@id\":\"https:\/\/prefecturadeesmeraldas.gob.ec\/index.php\/2019\/12\/13\/obras-garantizan-la-actividad-agropecuaria-en-etapa-invernal\/\"},\"wordCount\":179,\"publisher\":{\"@id\":\"https:\/\/prefecturadeesmeraldas.gob.ec\/#organization\"},\"image\":{\"@id\":\"https:\/\/prefecturadeesmeraldas.gob.ec\/index.php\/2019\/12\/13\/obras-garantizan-la-actividad-agropecuaria-en-etapa-invernal\/#primaryimage\"},\"thumbnailUrl\":\"https:\/\/prefecturadeesmeraldas.gob.ec\/wp-content\/uploads\/2019\/12\/WhatsApp-Image-2019-12-12-at-13.40.30.jpeg\",\"articleSection\":[\"Vialidad\"],\"inLanguage\":\"es\"},{\"@type\":\"WebPage\",\"@id\":\"https:\/\/prefecturadeesmeraldas.gob.ec\/index.php\/2019\/12\/13\/obras-garantizan-la-actividad-agropecuaria-en-etapa-invernal\/\",\"url\":\"https:\/\/prefecturadeesmeraldas.gob.ec\/index.php\/2019\/12\/13\/obras-garantizan-la-actividad-agropecuaria-en-etapa-invernal\/\",\"name\":\"Obras garantizan la actividad agropecuaria en etapa invernal - Gobierno Aut\u00f3nomo Descentralizado de la Provincia de Esmeraldas\",\"isPartOf\":{\"@id\":\"https:\/\/prefecturadeesmeraldas.gob.ec\/#website\"},\"primaryImageOfPage\":{\"@id\":\"https:\/\/prefecturadeesmeraldas.gob.ec\/index.php\/2019\/12\/13\/obras-garantizan-la-actividad-agropecuaria-en-etapa-invernal\/#primaryimage\"},\"image\":{\"@id\":\"https:\/\/prefecturadeesmeraldas.gob.ec\/index.php\/2019\/12\/13\/obras-garantizan-la-actividad-agropecuaria-en-etapa-invernal\/#primaryimage\"},\"thumbnailUrl\":\"https:\/\/prefecturadeesmeraldas.gob.ec\/wp-content\/uploads\/2019\/12\/WhatsApp-Image-2019-12-12-at-13.40.30.jpeg\",\"datePublished\":\"2019-12-13T16:28:01+00:00\",\"dateModified\":\"2019-12-13T16:28:46+00:00\",\"breadcrumb\":{\"@id\":\"https:\/\/prefecturadeesmeraldas.gob.ec\/index.php\/2019\/12\/13\/obras-garantizan-la-actividad-agropecuaria-en-etapa-invernal\/#breadcrumb\"},\"inLanguage\":\"es\",\"potentialAction\":[{\"@type\":\"ReadAction\",\"target\":[\"https:\/\/prefecturadeesmeraldas.gob.ec\/index.php\/2019\/12\/13\/obras-garantizan-la-actividad-agropecuaria-en-etapa-invernal\/\"]}]},{\"@type\":\"ImageObject\",\"inLanguage\":\"es\",\"@id\":\"https:\/\/prefecturadeesmeraldas.gob.ec\/index.php\/2019\/12\/13\/obras-garantizan-la-actividad-agropecuaria-en-etapa-invernal\/#primaryimage\",\"url\":\"https:\/\/prefecturadeesmeraldas.gob.ec\/wp-content\/uploads\/2019\/12\/WhatsApp-Image-2019-12-12-at-13.40.30.jpeg\",\"contentUrl\":\"https:\/\/prefecturadeesmeraldas.gob.ec\/wp-content\/uploads\/2019\/12\/WhatsApp-Image-2019-12-12-at-13.40.30.jpeg\",\"width\":1280,\"height\":720},{\"@type\":\"BreadcrumbList\",\"@id\":\"https:\/\/prefecturadeesmeraldas.gob.ec\/index.php\/2019\/12\/13\/obras-garantizan-la-actividad-agropecuaria-en-etapa-invernal\/#breadcrumb\",\"itemListElement\":[{\"@type\":\"ListItem\",\"position\":1,\"name\":\"Home\",\"item\":\"https:\/\/prefecturadeesmeraldas.gob.ec\/\"},{\"@type\":\"ListItem\",\"position\":2,\"name\":\"Obras garantizan la actividad agropecuaria en etapa invernal\"}]},{\"@type\":\"WebSite\",\"@id\":\"https:\/\/prefecturadeesmeraldas.gob.ec\/#website\",\"url\":\"https:\/\/prefecturadeesmeraldas.gob.ec\/\",\"name\":\"Gobierno Aut\u00f3nomo Descentralizado de la Provincia de Esmeraldas\",\"description\":\"Gobierno Aut\u00f3nomo Descentralizado de la Provincia de Esmeraldas\",\"publisher\":{\"@id\":\"https:\/\/prefecturadeesmeraldas.gob.ec\/#organization\"},\"potentialAction\":[{\"@type\":\"SearchAction\",\"target\":{\"@type\":\"EntryPoint\",\"urlTemplate\":\"https:\/\/prefecturadeesmeraldas.gob.ec\/?s={search_term_string}\"},\"query-input\":{\"@type\":\"PropertyValueSpecification\",\"valueRequired\":true,\"valueName\":\"search_term_string\"}}],\"inLanguage\":\"es\"},{\"@type\":\"Organization\",\"@id\":\"https:\/\/prefecturadeesmeraldas.gob.ec\/#organization\",\"name\":\"Gobierno Aut\u00f3nomo Descentralizado de la Provincia de Esmeraldas\",\"url\":\"https:\/\/prefecturadeesmeraldas.gob.ec\/\",\"logo\":{\"@type\":\"ImageObject\",\"inLanguage\":\"es\",\"@id\":\"https:\/\/prefecturadeesmeraldas.gob.ec\/#\/schema\/logo\/image\/\",\"url\":\"https:\/\/prefecturadeesmeraldas.gob.ec\/wp-content\/uploads\/2019\/06\/logo.png\",\"contentUrl\":\"https:\/\/prefecturadeesmeraldas.gob.ec\/wp-content\/uploads\/2019\/06\/logo.png\",\"width\":859,\"height\":448,\"caption\":\"Gobierno Aut\u00f3nomo Descentralizado de la Provincia de Esmeraldas\"},\"image\":{\"@id\":\"https:\/\/prefecturadeesmeraldas.gob.ec\/#\/schema\/logo\/image\/\"},\"sameAs\":[\"https:\/\/www.facebook.com\/PrefecturaEsmeraldas\/\"]},{\"@type\":\"Person\",\"@id\":\"https:\/\/prefecturadeesmeraldas.gob.ec\/#\/schema\/person\/b0c9e7b1ead7725994d1e319e8825234\",\"name\":\"Direcci\u00f3n de Comunicaci\u00f3n\",\"image\":{\"@type\":\"ImageObject\",\"inLanguage\":\"es\",\"@id\":\"https:\/\/prefecturadeesmeraldas.gob.ec\/#\/schema\/person\/image\/\",\"url\":\"https:\/\/secure.gravatar.com\/avatar\/74a3870a946f5d774ade3569af61a72308e07ad3346f370c4b468ee2a9858658?s=96&d=mm&r=g\",\"contentUrl\":\"https:\/\/secure.gravatar.com\/avatar\/74a3870a946f5d774ade3569af61a72308e07ad3346f370c4b468ee2a9858658?s=96&d=mm&r=g\",\"caption\":\"Direcci\u00f3n de Comunicaci\u00f3n\"}}]}<\/script>\n<!-- \/ Yoast SEO plugin. -->","yoast_head_json":{"title":"Obras garantizan la actividad agropecuaria en etapa invernal - Gobierno Aut\u00f3nomo Descentralizado de la Provincia de Esmeraldas","robots":{"index":"index","follow":"follow","max-snippet":"max-snippet:-1","max-image-preview":"max-image-preview:large","max-video-preview":"max-video-preview:-1"},"canonical":"https:\/\/prefecturadeesmeraldas.gob.ec\/index.php\/2019\/12\/13\/obras-garantizan-la-actividad-agropecuaria-en-etapa-invernal\/","og_locale":"es_ES","og_type":"article","og_title":"Obras garantizan la actividad agropecuaria en etapa invernal - Gobierno Aut\u00f3nomo Descentralizado de la Provincia de Esmeraldas","og_description":"Mejoramiento de 9,10 kil\u00f3metros de la comunidad Meribe de la parroquia Chumund\u00e9, cant\u00f3n Rioverde La cosecha, transporte y comercializaci\u00f3n de los productos agr\u00edcolas en la comunidad Meribe de la parroquia Chumund\u00e9, cant\u00f3n Rioverde, est\u00e1 garantizada, gracias al mejoramiento de 9,10 kil\u00f3metros de carretera, que realiz\u00f3 la Prefectura de Esmeraldas, beneficiando 38 comunidades del sector. Quien [&hellip;]","og_url":"https:\/\/prefecturadeesmeraldas.gob.ec\/index.php\/2019\/12\/13\/obras-garantizan-la-actividad-agropecuaria-en-etapa-invernal\/","og_site_name":"Gobierno Aut\u00f3nomo Descentralizado de la Provincia de Esmeraldas","article_publisher":"https:\/\/www.facebook.com\/PrefecturaEsmeraldas\/","article_published_time":"2019-12-13T16:28:01+00:00","article_modified_time":"2019-12-13T16:28:46+00:00","og_image":[{"width":1280,"height":720,"url":"https:\/\/prefecturadeesmeraldas.gob.ec\/wp-content\/uploads\/2019\/12\/WhatsApp-Image-2019-12-12-at-13.40.30.jpeg","type":"image\/jpeg"}],"author":"Direcci\u00f3n de Comunicaci\u00f3n","twitter_card":"summary_large_image","twitter_misc":{"Escrito por":"Direcci\u00f3n de Comunicaci\u00f3n","Tiempo de lectura":"1 minuto"},"schema":{"@context":"https:\/\/schema.org","@graph":[{"@type":"Article","@id":"https:\/\/prefecturadeesmeraldas.gob.ec\/index.php\/2019\/12\/13\/obras-garantizan-la-actividad-agropecuaria-en-etapa-invernal\/#article","isPartOf":{"@id":"https:\/\/prefecturadeesmeraldas.gob.ec\/index.php\/2019\/12\/13\/obras-garantizan-la-actividad-agropecuaria-en-etapa-invernal\/"},"author":{"name":"Direcci\u00f3n de Comunicaci\u00f3n","@id":"https:\/\/prefecturadeesmeraldas.gob.ec\/#\/schema\/person\/b0c9e7b1ead7725994d1e319e8825234"},"headline":"Obras garantizan la actividad agropecuaria en etapa invernal","datePublished":"2019-12-13T16:28:01+00:00","dateModified":"2019-12-13T16:28:46+00:00","mainEntityOfPage":{"@id":"https:\/\/prefecturadeesmeraldas.gob.ec\/index.php\/2019\/12\/13\/obras-garantizan-la-actividad-agropecuaria-en-etapa-invernal\/"},"wordCount":179,"publisher":{"@id":"https:\/\/prefecturadeesmeraldas.gob.ec\/#organization"},"image":{"@id":"https:\/\/prefecturadeesmeraldas.gob.ec\/index.php\/2019\/12\/13\/obras-garantizan-la-actividad-agropecuaria-en-etapa-invernal\/#primaryimage"},"thumbnailUrl":"https:\/\/prefecturadeesmeraldas.gob.ec\/wp-content\/uploads\/2019\/12\/WhatsApp-Image-2019-12-12-at-13.40.30.jpeg","articleSection":["Vialidad"],"inLanguage":"es"},{"@type":"WebPage","@id":"https:\/\/prefecturadeesmeraldas.gob.ec\/index.php\/2019\/12\/13\/obras-garantizan-la-actividad-agropecuaria-en-etapa-invernal\/","url":"https:\/\/prefecturadeesmeraldas.gob.ec\/index.php\/2019\/12\/13\/obras-garantizan-la-actividad-agropecuaria-en-etapa-invernal\/","name":"Obras garantizan la actividad agropecuaria en etapa invernal - Gobierno Aut\u00f3nomo Descentralizado de la Provincia de Esmeraldas","isPartOf":{"@id":"https:\/\/prefecturadeesmeraldas.gob.ec\/#website"},"primaryImageOfPage":{"@id":"https:\/\/prefecturadeesmeraldas.gob.ec\/index.php\/2019\/12\/13\/obras-garantizan-la-actividad-agropecuaria-en-etapa-invernal\/#primaryimage"},"image":{"@id":"https:\/\/prefecturadeesmeraldas.gob.ec\/index.php\/2019\/12\/13\/obras-garantizan-la-actividad-agropecuaria-en-etapa-invernal\/#primaryimage"},"thumbnailUrl":"https:\/\/prefecturadeesmeraldas.gob.ec\/wp-content\/uploads\/2019\/12\/WhatsApp-Image-2019-12-12-at-13.40.30.jpeg","datePublished":"2019-12-13T16:28:01+00:00","dateModified":"2019-12-13T16:28:46+00:00","breadcrumb":{"@id":"https:\/\/prefecturadeesmeraldas.gob.ec\/index.php\/2019\/12\/13\/obras-garantizan-la-actividad-agropecuaria-en-etapa-invernal\/#breadcrumb"},"inLanguage":"es","potentialAction":[{"@type":"ReadAction","target":["https:\/\/prefecturadeesmeraldas.gob.ec\/index.php\/2019\/12\/13\/obras-garantizan-la-actividad-agropecuaria-en-etapa-invernal\/"]}]},{"@type":"ImageObject","inLanguage":"es","@id":"https:\/\/prefecturadeesmeraldas.gob.ec\/index.php\/2019\/12\/13\/obras-garantizan-la-actividad-agropecuaria-en-etapa-invernal\/#primaryimage","url":"https:\/\/prefecturadeesmeraldas.gob.ec\/wp-content\/uploads\/2019\/12\/WhatsApp-Image-2019-12-12-at-13.40.30.jpeg","contentUrl":"https:\/\/prefecturadeesmeraldas.gob.ec\/wp-content\/uploads\/2019\/12\/WhatsApp-Image-2019-12-12-at-13.40.30.jpeg","width":1280,"height":720},{"@type":"BreadcrumbList","@id":"https:\/\/prefecturadeesmeraldas.gob.ec\/index.php\/2019\/12\/13\/obras-garantizan-la-actividad-agropecuaria-en-etapa-invernal\/#breadcrumb","itemListElement":[{"@type":"ListItem","position":1,"name":"Home","item":"https:\/\/prefecturadeesmeraldas.gob.ec\/"},{"@type":"ListItem","position":2,"name":"Obras garantizan la actividad agropecuaria en etapa invernal"}]},{"@type":"WebSite","@id":"https:\/\/prefecturadeesmeraldas.gob.ec\/#website","url":"https:\/\/prefecturadeesmeraldas.gob.ec\/","name":"Gobierno Aut\u00f3nomo Descentralizado de la Provincia de Esmeraldas","description":"Gobierno Aut\u00f3nomo Descentralizado de la Provincia de Esmeraldas","publisher":{"@id":"https:\/\/prefecturadeesmeraldas.gob.ec\/#organization"},"potentialAction":[{"@type":"SearchAction","target":{"@type":"EntryPoint","urlTemplate":"https:\/\/prefecturadeesmeraldas.gob.ec\/?s={search_term_string}"},"query-input":{"@type":"PropertyValueSpecification","valueRequired":true,"valueName":"search_term_string"}}],"inLanguage":"es"},{"@type":"Organization","@id":"https:\/\/prefecturadeesmeraldas.gob.ec\/#organization","name":"Gobierno Aut\u00f3nomo Descentralizado de la Provincia de Esmeraldas","url":"https:\/\/prefecturadeesmeraldas.gob.ec\/","logo":{"@type":"ImageObject","inLanguage":"es","@id":"https:\/\/prefecturadeesmeraldas.gob.ec\/#\/schema\/logo\/image\/","url":"https:\/\/prefecturadeesmeraldas.gob.ec\/wp-content\/uploads\/2019\/06\/logo.png","contentUrl":"https:\/\/prefecturadeesmeraldas.gob.ec\/wp-content\/uploads\/2019\/06\/logo.png","width":859,"height":448,"caption":"Gobierno Aut\u00f3nomo Descentralizado de la Provincia de Esmeraldas"},"image":{"@id":"https:\/\/prefecturadeesmeraldas.gob.ec\/#\/schema\/logo\/image\/"},"sameAs":["https:\/\/www.facebook.com\/PrefecturaEsmeraldas\/"]},{"@type":"Person","@id":"https:\/\/prefecturadeesmeraldas.gob.ec\/#\/schema\/person\/b0c9e7b1ead7725994d1e319e8825234","name":"Direcci\u00f3n de Comunicaci\u00f3n","image":{"@type":"ImageObject","inLanguage":"es","@id":"https:\/\/prefecturadeesmeraldas.gob.ec\/#\/schema\/person\/image\/","url":"https:\/\/secure.gravatar.com\/avatar\/74a3870a946f5d774ade3569af61a72308e07ad3346f370c4b468ee2a9858658?s=96&d=mm&r=g","contentUrl":"https:\/\/secure.gravatar.com\/avatar\/74a3870a946f5d774ade3569af61a72308e07ad3346f370c4b468ee2a9858658?s=96&d=mm&r=g","caption":"Direcci\u00f3n de Comunicaci\u00f3n"}}]}},"_links":{"self":[{"href":"https:\/\/prefecturadeesmeraldas.gob.ec\/index.php\/wp-json\/wp\/v2\/posts\/2374","targetHints":{"allow":["GET"]}}],"collection":[{"href":"https:\/\/prefecturadeesmeraldas.gob.ec\/index.php\/wp-json\/wp\/v2\/posts"}],"about":[{"href":"https:\/\/prefecturadeesmeraldas.gob.ec\/index.php\/wp-json\/wp\/v2\/types\/post"}],"author":[{"embeddable":true,"href":"https:\/\/prefecturadeesmeraldas.gob.ec\/index.php\/wp-json\/wp\/v2\/users\/2"}],"replies":[{"embeddable":true,"href":"https:\/\/prefecturadeesmeraldas.gob.ec\/index.php\/wp-json\/wp\/v2\/comments?post=2374"}],"version-history":[{"count":0,"href":"https:\/\/prefecturadeesmeraldas.gob.ec\/index.php\/wp-json\/wp\/v2\/posts\/2374\/revisions"}],"wp:featuredmedia":[{"embeddable":true,"href":"https:\/\/prefecturadeesmeraldas.gob.ec\/index.php\/wp-json\/wp\/v2\/media\/2375"}],"wp:attachment":[{"href":"https:\/\/prefecturadeesmeraldas.gob.ec\/index.php\/wp-json\/wp\/v2\/media?parent=2374"}],"wp:term":[{"taxonomy":"category","embeddable":true,"href":"https:\/\/prefecturadeesmeraldas.gob.ec\/index.php\/wp-json\/wp\/v2\/categories?post=2374"},{"taxonomy":"post_tag","embeddable":true,"href":"https:\/\/prefecturadeesmeraldas.gob.ec\/index.php\/wp-json\/wp\/v2\/tags?post=2374"}],"curies":[{"name":"wp","href":"https:\/\/api.w.org\/{rel}","templated":true}]}}