{"id":23695,"date":"2023-09-27T14:53:01","date_gmt":"2023-09-27T19:53:01","guid":{"rendered":"https:\/\/prefecturadeesmeraldas.gob.ec\/?p=23695"},"modified":"2023-09-27T14:55:41","modified_gmt":"2023-09-27T19:55:41","slug":"prefectura-de-esmeraldas-trabaja-en-la-aprobacion-de-dos-nuevos-proyectos-de-mejoramiento-vial-en-convenio-con-petroecuador","status":"publish","type":"post","link":"https:\/\/prefecturadeesmeraldas.gob.ec\/index.php\/2023\/09\/27\/prefectura-de-esmeraldas-trabaja-en-la-aprobacion-de-dos-nuevos-proyectos-de-mejoramiento-vial-en-convenio-con-petroecuador\/","title":{"rendered":"Prefectura de Esmeraldas trabaja en la aprobaci\u00f3n de dos nuevos proyectos de mejoramiento vial en convenio con Petroecuador."},"content":{"rendered":"\t\t<div data-elementor-type=\"wp-post\" data-elementor-id=\"23695\" class=\"elementor elementor-23695\">\n\t\t\t\t<div class=\"elementor-element elementor-element-2a9c034 e-flex e-con-boxed e-con e-parent\" data-id=\"2a9c034\" data-element_type=\"container\">\n\t\t\t\t\t<div class=\"e-con-inner\">\n\t\t\t\t<div class=\"elementor-element elementor-element-a859fdb elementor-widget elementor-widget-image\" data-id=\"a859fdb\" data-element_type=\"widget\" data-widget_type=\"image.default\">\n\t\t\t\t<div class=\"elementor-widget-container\">\n\t\t\t\t\t\t\t\t\t\t\t\t\t\t\t<img fetchpriority=\"high\" decoding=\"async\" width=\"1600\" height=\"1600\" src=\"https:\/\/prefecturadeesmeraldas.gob.ec\/wp-content\/uploads\/2023\/09\/WhatsApp-Image-2023-09-26-at-10.53.41.jpeg\" class=\"attachment-large size-large wp-image-23697\" alt=\"\" srcset=\"https:\/\/prefecturadeesmeraldas.gob.ec\/wp-content\/uploads\/2023\/09\/WhatsApp-Image-2023-09-26-at-10.53.41.jpeg 1600w, https:\/\/prefecturadeesmeraldas.gob.ec\/wp-content\/uploads\/2023\/09\/WhatsApp-Image-2023-09-26-at-10.53.41-300x300.jpeg 300w, https:\/\/prefecturadeesmeraldas.gob.ec\/wp-content\/uploads\/2023\/09\/WhatsApp-Image-2023-09-26-at-10.53.41-150x150.jpeg 150w, https:\/\/prefecturadeesmeraldas.gob.ec\/wp-content\/uploads\/2023\/09\/WhatsApp-Image-2023-09-26-at-10.53.41-768x768.jpeg 768w, https:\/\/prefecturadeesmeraldas.gob.ec\/wp-content\/uploads\/2023\/09\/WhatsApp-Image-2023-09-26-at-10.53.41-1536x1536.jpeg 1536w, https:\/\/prefecturadeesmeraldas.gob.ec\/wp-content\/uploads\/2023\/09\/WhatsApp-Image-2023-09-26-at-10.53.41-440x440.jpeg 440w, https:\/\/prefecturadeesmeraldas.gob.ec\/wp-content\/uploads\/2023\/09\/WhatsApp-Image-2023-09-26-at-10.53.41-180x180.jpeg 180w, https:\/\/prefecturadeesmeraldas.gob.ec\/wp-content\/uploads\/2023\/09\/WhatsApp-Image-2023-09-26-at-10.53.41-120x120.jpeg 120w\" sizes=\"(max-width: 1600px) 100vw, 1600px\" \/>\t\t\t\t\t\t\t\t\t\t\t\t\t\t\t<\/div>\n\t\t\t\t<\/div>\n\t\t\t\t\t<\/div>\n\t\t\t\t<\/div>\n\t\t<div class=\"elementor-element elementor-element-6fdaf31 e-flex e-con-boxed e-con e-parent\" data-id=\"6fdaf31\" data-element_type=\"container\">\n\t\t\t\t\t<div class=\"e-con-inner\">\n\t\t\t\t<div class=\"elementor-element elementor-element-bcbe725 elementor-widget elementor-widget-text-editor\" data-id=\"bcbe725\" data-element_type=\"widget\" data-widget_type=\"text-editor.default\">\n\t\t\t\t<div class=\"elementor-widget-container\">\n\t\t\t\t\t\t\t\t\t<p>Gracias a la confianza depositada en <strong>Roberta Zambrano<\/strong>, Prefecta de Esmeraldas, y al trabajo del equipo t\u00e9cnico de Infraestructura Vial, se han dado importantes pasos hacia la aprobaci\u00f3n de dos nuevas obras de mejoramiento para la provincia en colaboraci\u00f3n con PETROECUADOR.<\/p><p>La primera de ellas es la \u2018Rehabilitaci\u00f3n de la V\u00eda E20 &#8211; Santa Elvira\u2019 en la Parroquia Rosa Z\u00e1rate. Esta obra es de gran relevancia para la comunidad, ya que mejorar\u00e1 significativamente la conectividad y la seguridad vial en la zona. Con el compromiso de Roberta Zambrano y el equipo t\u00e9cnico, esta aspiraci\u00f3n de la comunidad est\u00e1 muy cerca de hacerse realidad.<\/p><p>La segunda de ellas es la \u2018<strong>Rehabilitaci\u00f3n de la V\u00eda E20 &#8211; Sociedad Lojana &#8211; Libertad Lojana\u2019 en la Parroquia Cube, Cant\u00f3n Quinind\u00e9<\/strong>. Esta iniciativa beneficiar\u00e1 a los residentes locales, promoviendo el desarrollo econ\u00f3mico y social, gracias a la visi\u00f3n de progreso de Roberta Zambrano.<\/p><p>Estas obras son el reflejo del compromiso institucional y administrativo con el bienestar de la comunidad de Esmeraldas. Conociendo la dedicaci\u00f3n y determinaci\u00f3n que tiene <strong>Roberta Zambrano<\/strong>, para llevar a cabo proyectos que marcan la diferencia en la vida de las personas.<\/p><p>La gesti\u00f3n de Roberta Zambrano como Prefecta de Esmeraldas se caracteriza por cumplir con los compromisos adquiridos ante la ciudadan\u00eda. Su trabajo incansable y su visi\u00f3n de desarrollo sostenible son evidentes en la aprobaci\u00f3n de estas dos importantes obras que impactar\u00e1n positivamente en la provincia.<\/p>\t\t\t\t\t\t\t\t<\/div>\n\t\t\t\t<\/div>\n\t\t\t\t\t<\/div>\n\t\t\t\t<\/div>\n\t\t\t\t<\/div>\n\t\t","protected":false},"excerpt":{"rendered":"<p>Gracias a la confianza depositada en Roberta Zambrano, Prefecta de Esmeraldas, y al trabajo del equipo t\u00e9cnico de Infraestructura Vial, se han dado importantes pasos hacia la aprobaci\u00f3n de dos nuevas obras de mejoramiento para la provincia en colaboraci\u00f3n con PETROECUADOR. La primera de ellas es la \u2018Rehabilitaci\u00f3n de la V\u00eda E20 &#8211; Santa Elvira\u2019 [&hellip;]<\/p>\n","protected":false},"author":2,"featured_media":23698,"comment_status":"closed","ping_status":"open","sticky":false,"template":"","format":"standard","meta":{"footnotes":""},"categories":[14],"tags":[],"class_list":["post-23695","post","type-post","status-publish","format-standard","has-post-thumbnail","hentry","category-vialidad"],"yoast_head":"<!-- This site is optimized with the Yoast SEO plugin v25.7 - https:\/\/yoast.com\/wordpress\/plugins\/seo\/ -->\n<title>Prefectura de Esmeraldas trabaja en la aprobaci\u00f3n de dos nuevos proyectos de mejoramiento vial en convenio con Petroecuador. - Gobierno Aut\u00f3nomo Descentralizado de la Provincia de Esmeraldas<\/title>\n<meta name=\"description\" content=\"Gracias a la confianza depositada en Roberta Zambrano, Prefecta de Esmeraldas, y al trabajo del equipo t\u00e9cnico de Infraestructura Vial, se han dado importantes pasos hacia la aprobaci\u00f3n de dos nuevas obras de mejoramiento para la provincia en colaboraci\u00f3n con PETROECUADOR.\" \/>\n<meta name=\"robots\" content=\"index, follow, max-snippet:-1, max-image-preview:large, max-video-preview:-1\" \/>\n<link rel=\"canonical\" href=\"https:\/\/prefecturadeesmeraldas.gob.ec\/index.php\/2023\/09\/27\/prefectura-de-esmeraldas-trabaja-en-la-aprobacion-de-dos-nuevos-proyectos-de-mejoramiento-vial-en-convenio-con-petroecuador\/\" \/>\n<meta property=\"og:locale\" content=\"es_ES\" \/>\n<meta property=\"og:type\" content=\"article\" \/>\n<meta property=\"og:title\" content=\"Prefectura de Esmeraldas trabaja en la aprobaci\u00f3n de dos nuevos proyectos de mejoramiento vial en convenio con Petroecuador. - Gobierno Aut\u00f3nomo Descentralizado de la Provincia de Esmeraldas\" \/>\n<meta property=\"og:description\" content=\"Gracias a la confianza depositada en Roberta Zambrano, Prefecta de Esmeraldas, y al trabajo del equipo t\u00e9cnico de Infraestructura Vial, se han dado importantes pasos hacia la aprobaci\u00f3n de dos nuevas obras de mejoramiento para la provincia en colaboraci\u00f3n con PETROECUADOR.\" \/>\n<meta property=\"og:url\" content=\"https:\/\/prefecturadeesmeraldas.gob.ec\/index.php\/2023\/09\/27\/prefectura-de-esmeraldas-trabaja-en-la-aprobacion-de-dos-nuevos-proyectos-de-mejoramiento-vial-en-convenio-con-petroecuador\/\" \/>\n<meta property=\"og:site_name\" content=\"Gobierno Aut\u00f3nomo Descentralizado de la Provincia de Esmeraldas\" \/>\n<meta property=\"article:publisher\" content=\"https:\/\/www.facebook.com\/PrefecturaEsmeraldas\/\" \/>\n<meta property=\"article:published_time\" content=\"2023-09-27T19:53:01+00:00\" \/>\n<meta property=\"article:modified_time\" content=\"2023-09-27T19:55:41+00:00\" \/>\n<meta property=\"og:image\" content=\"https:\/\/prefecturadeesmeraldas.gob.ec\/wp-content\/uploads\/2023\/09\/WhatsApp-Image-2023-09-26-at-10.53.40.jpeg\" \/>\n\t<meta property=\"og:image:width\" content=\"1600\" \/>\n\t<meta property=\"og:image:height\" content=\"1600\" \/>\n\t<meta property=\"og:image:type\" content=\"image\/jpeg\" \/>\n<meta name=\"author\" content=\"Direcci\u00f3n de Comunicaci\u00f3n\" \/>\n<meta name=\"twitter:card\" content=\"summary_large_image\" \/>\n<meta name=\"twitter:label1\" content=\"Escrito por\" \/>\n\t<meta name=\"twitter:data1\" content=\"Direcci\u00f3n de Comunicaci\u00f3n\" \/>\n\t<meta name=\"twitter:label2\" content=\"Tiempo de lectura\" \/>\n\t<meta name=\"twitter:data2\" content=\"2 minutos\" \/>\n<script type=\"application\/ld+json\" class=\"yoast-schema-graph\">{\"@context\":\"https:\/\/schema.org\",\"@graph\":[{\"@type\":\"Article\",\"@id\":\"https:\/\/prefecturadeesmeraldas.gob.ec\/index.php\/2023\/09\/27\/prefectura-de-esmeraldas-trabaja-en-la-aprobacion-de-dos-nuevos-proyectos-de-mejoramiento-vial-en-convenio-con-petroecuador\/#article\",\"isPartOf\":{\"@id\":\"https:\/\/prefecturadeesmeraldas.gob.ec\/index.php\/2023\/09\/27\/prefectura-de-esmeraldas-trabaja-en-la-aprobacion-de-dos-nuevos-proyectos-de-mejoramiento-vial-en-convenio-con-petroecuador\/\"},\"author\":{\"name\":\"Direcci\u00f3n de Comunicaci\u00f3n\",\"@id\":\"https:\/\/prefecturadeesmeraldas.gob.ec\/#\/schema\/person\/b0c9e7b1ead7725994d1e319e8825234\"},\"headline\":\"Prefectura de Esmeraldas trabaja en la aprobaci\u00f3n de dos nuevos proyectos de mejoramiento vial en convenio con Petroecuador.\",\"datePublished\":\"2023-09-27T19:53:01+00:00\",\"dateModified\":\"2023-09-27T19:55:41+00:00\",\"mainEntityOfPage\":{\"@id\":\"https:\/\/prefecturadeesmeraldas.gob.ec\/index.php\/2023\/09\/27\/prefectura-de-esmeraldas-trabaja-en-la-aprobacion-de-dos-nuevos-proyectos-de-mejoramiento-vial-en-convenio-con-petroecuador\/\"},\"wordCount\":274,\"publisher\":{\"@id\":\"https:\/\/prefecturadeesmeraldas.gob.ec\/#organization\"},\"image\":{\"@id\":\"https:\/\/prefecturadeesmeraldas.gob.ec\/index.php\/2023\/09\/27\/prefectura-de-esmeraldas-trabaja-en-la-aprobacion-de-dos-nuevos-proyectos-de-mejoramiento-vial-en-convenio-con-petroecuador\/#primaryimage\"},\"thumbnailUrl\":\"https:\/\/prefecturadeesmeraldas.gob.ec\/wp-content\/uploads\/2023\/09\/WhatsApp-Image-2023-09-26-at-10.53.40.jpeg\",\"articleSection\":[\"Vialidad\"],\"inLanguage\":\"es\"},{\"@type\":\"WebPage\",\"@id\":\"https:\/\/prefecturadeesmeraldas.gob.ec\/index.php\/2023\/09\/27\/prefectura-de-esmeraldas-trabaja-en-la-aprobacion-de-dos-nuevos-proyectos-de-mejoramiento-vial-en-convenio-con-petroecuador\/\",\"url\":\"https:\/\/prefecturadeesmeraldas.gob.ec\/index.php\/2023\/09\/27\/prefectura-de-esmeraldas-trabaja-en-la-aprobacion-de-dos-nuevos-proyectos-de-mejoramiento-vial-en-convenio-con-petroecuador\/\",\"name\":\"Prefectura de Esmeraldas trabaja en la aprobaci\u00f3n de dos nuevos proyectos de mejoramiento vial en convenio con Petroecuador. - Gobierno Aut\u00f3nomo Descentralizado de la Provincia de Esmeraldas\",\"isPartOf\":{\"@id\":\"https:\/\/prefecturadeesmeraldas.gob.ec\/#website\"},\"primaryImageOfPage\":{\"@id\":\"https:\/\/prefecturadeesmeraldas.gob.ec\/index.php\/2023\/09\/27\/prefectura-de-esmeraldas-trabaja-en-la-aprobacion-de-dos-nuevos-proyectos-de-mejoramiento-vial-en-convenio-con-petroecuador\/#primaryimage\"},\"image\":{\"@id\":\"https:\/\/prefecturadeesmeraldas.gob.ec\/index.php\/2023\/09\/27\/prefectura-de-esmeraldas-trabaja-en-la-aprobacion-de-dos-nuevos-proyectos-de-mejoramiento-vial-en-convenio-con-petroecuador\/#primaryimage\"},\"thumbnailUrl\":\"https:\/\/prefecturadeesmeraldas.gob.ec\/wp-content\/uploads\/2023\/09\/WhatsApp-Image-2023-09-26-at-10.53.40.jpeg\",\"datePublished\":\"2023-09-27T19:53:01+00:00\",\"dateModified\":\"2023-09-27T19:55:41+00:00\",\"description\":\"Gracias a la confianza depositada en Roberta Zambrano, Prefecta de Esmeraldas, y al trabajo del equipo t\u00e9cnico de Infraestructura Vial, se han dado importantes pasos hacia la aprobaci\u00f3n de dos nuevas obras de mejoramiento para la provincia en colaboraci\u00f3n con PETROECUADOR.\",\"breadcrumb\":{\"@id\":\"https:\/\/prefecturadeesmeraldas.gob.ec\/index.php\/2023\/09\/27\/prefectura-de-esmeraldas-trabaja-en-la-aprobacion-de-dos-nuevos-proyectos-de-mejoramiento-vial-en-convenio-con-petroecuador\/#breadcrumb\"},\"inLanguage\":\"es\",\"potentialAction\":[{\"@type\":\"ReadAction\",\"target\":[\"https:\/\/prefecturadeesmeraldas.gob.ec\/index.php\/2023\/09\/27\/prefectura-de-esmeraldas-trabaja-en-la-aprobacion-de-dos-nuevos-proyectos-de-mejoramiento-vial-en-convenio-con-petroecuador\/\"]}]},{\"@type\":\"ImageObject\",\"inLanguage\":\"es\",\"@id\":\"https:\/\/prefecturadeesmeraldas.gob.ec\/index.php\/2023\/09\/27\/prefectura-de-esmeraldas-trabaja-en-la-aprobacion-de-dos-nuevos-proyectos-de-mejoramiento-vial-en-convenio-con-petroecuador\/#primaryimage\",\"url\":\"https:\/\/prefecturadeesmeraldas.gob.ec\/wp-content\/uploads\/2023\/09\/WhatsApp-Image-2023-09-26-at-10.53.40.jpeg\",\"contentUrl\":\"https:\/\/prefecturadeesmeraldas.gob.ec\/wp-content\/uploads\/2023\/09\/WhatsApp-Image-2023-09-26-at-10.53.40.jpeg\",\"width\":1600,\"height\":1600},{\"@type\":\"BreadcrumbList\",\"@id\":\"https:\/\/prefecturadeesmeraldas.gob.ec\/index.php\/2023\/09\/27\/prefectura-de-esmeraldas-trabaja-en-la-aprobacion-de-dos-nuevos-proyectos-de-mejoramiento-vial-en-convenio-con-petroecuador\/#breadcrumb\",\"itemListElement\":[{\"@type\":\"ListItem\",\"position\":1,\"name\":\"Home\",\"item\":\"https:\/\/prefecturadeesmeraldas.gob.ec\/\"},{\"@type\":\"ListItem\",\"position\":2,\"name\":\"Prefectura de Esmeraldas trabaja en la aprobaci\u00f3n de dos nuevos proyectos de mejoramiento vial en convenio con Petroecuador.\"}]},{\"@type\":\"WebSite\",\"@id\":\"https:\/\/prefecturadeesmeraldas.gob.ec\/#website\",\"url\":\"https:\/\/prefecturadeesmeraldas.gob.ec\/\",\"name\":\"Gobierno Aut\u00f3nomo Descentralizado de la Provincia de Esmeraldas\",\"description\":\"Gobierno Aut\u00f3nomo Descentralizado de la Provincia de Esmeraldas\",\"publisher\":{\"@id\":\"https:\/\/prefecturadeesmeraldas.gob.ec\/#organization\"},\"potentialAction\":[{\"@type\":\"SearchAction\",\"target\":{\"@type\":\"EntryPoint\",\"urlTemplate\":\"https:\/\/prefecturadeesmeraldas.gob.ec\/?s={search_term_string}\"},\"query-input\":{\"@type\":\"PropertyValueSpecification\",\"valueRequired\":true,\"valueName\":\"search_term_string\"}}],\"inLanguage\":\"es\"},{\"@type\":\"Organization\",\"@id\":\"https:\/\/prefecturadeesmeraldas.gob.ec\/#organization\",\"name\":\"Gobierno Aut\u00f3nomo Descentralizado de la Provincia de Esmeraldas\",\"url\":\"https:\/\/prefecturadeesmeraldas.gob.ec\/\",\"logo\":{\"@type\":\"ImageObject\",\"inLanguage\":\"es\",\"@id\":\"https:\/\/prefecturadeesmeraldas.gob.ec\/#\/schema\/logo\/image\/\",\"url\":\"https:\/\/prefecturadeesmeraldas.gob.ec\/wp-content\/uploads\/2019\/06\/logo.png\",\"contentUrl\":\"https:\/\/prefecturadeesmeraldas.gob.ec\/wp-content\/uploads\/2019\/06\/logo.png\",\"width\":859,\"height\":448,\"caption\":\"Gobierno Aut\u00f3nomo Descentralizado de la Provincia de Esmeraldas\"},\"image\":{\"@id\":\"https:\/\/prefecturadeesmeraldas.gob.ec\/#\/schema\/logo\/image\/\"},\"sameAs\":[\"https:\/\/www.facebook.com\/PrefecturaEsmeraldas\/\"]},{\"@type\":\"Person\",\"@id\":\"https:\/\/prefecturadeesmeraldas.gob.ec\/#\/schema\/person\/b0c9e7b1ead7725994d1e319e8825234\",\"name\":\"Direcci\u00f3n de Comunicaci\u00f3n\",\"image\":{\"@type\":\"ImageObject\",\"inLanguage\":\"es\",\"@id\":\"https:\/\/prefecturadeesmeraldas.gob.ec\/#\/schema\/person\/image\/\",\"url\":\"https:\/\/secure.gravatar.com\/avatar\/74a3870a946f5d774ade3569af61a72308e07ad3346f370c4b468ee2a9858658?s=96&d=mm&r=g\",\"contentUrl\":\"https:\/\/secure.gravatar.com\/avatar\/74a3870a946f5d774ade3569af61a72308e07ad3346f370c4b468ee2a9858658?s=96&d=mm&r=g\",\"caption\":\"Direcci\u00f3n de Comunicaci\u00f3n\"}}]}<\/script>\n<!-- \/ Yoast SEO plugin. -->","yoast_head_json":{"title":"Prefectura de Esmeraldas trabaja en la aprobaci\u00f3n de dos nuevos proyectos de mejoramiento vial en convenio con Petroecuador. - Gobierno Aut\u00f3nomo Descentralizado de la Provincia de Esmeraldas","description":"Gracias a la confianza depositada en Roberta Zambrano, Prefecta de Esmeraldas, y al trabajo del equipo t\u00e9cnico de Infraestructura Vial, se han dado importantes pasos hacia la aprobaci\u00f3n de dos nuevas obras de mejoramiento para la provincia en colaboraci\u00f3n con PETROECUADOR.","robots":{"index":"index","follow":"follow","max-snippet":"max-snippet:-1","max-image-preview":"max-image-preview:large","max-video-preview":"max-video-preview:-1"},"canonical":"https:\/\/prefecturadeesmeraldas.gob.ec\/index.php\/2023\/09\/27\/prefectura-de-esmeraldas-trabaja-en-la-aprobacion-de-dos-nuevos-proyectos-de-mejoramiento-vial-en-convenio-con-petroecuador\/","og_locale":"es_ES","og_type":"article","og_title":"Prefectura de Esmeraldas trabaja en la aprobaci\u00f3n de dos nuevos proyectos de mejoramiento vial en convenio con Petroecuador. - Gobierno Aut\u00f3nomo Descentralizado de la Provincia de Esmeraldas","og_description":"Gracias a la confianza depositada en Roberta Zambrano, Prefecta de Esmeraldas, y al trabajo del equipo t\u00e9cnico de Infraestructura Vial, se han dado importantes pasos hacia la aprobaci\u00f3n de dos nuevas obras de mejoramiento para la provincia en colaboraci\u00f3n con PETROECUADOR.","og_url":"https:\/\/prefecturadeesmeraldas.gob.ec\/index.php\/2023\/09\/27\/prefectura-de-esmeraldas-trabaja-en-la-aprobacion-de-dos-nuevos-proyectos-de-mejoramiento-vial-en-convenio-con-petroecuador\/","og_site_name":"Gobierno Aut\u00f3nomo Descentralizado de la Provincia de Esmeraldas","article_publisher":"https:\/\/www.facebook.com\/PrefecturaEsmeraldas\/","article_published_time":"2023-09-27T19:53:01+00:00","article_modified_time":"2023-09-27T19:55:41+00:00","og_image":[{"width":1600,"height":1600,"url":"https:\/\/prefecturadeesmeraldas.gob.ec\/wp-content\/uploads\/2023\/09\/WhatsApp-Image-2023-09-26-at-10.53.40.jpeg","type":"image\/jpeg"}],"author":"Direcci\u00f3n de Comunicaci\u00f3n","twitter_card":"summary_large_image","twitter_misc":{"Escrito por":"Direcci\u00f3n de Comunicaci\u00f3n","Tiempo de lectura":"2 minutos"},"schema":{"@context":"https:\/\/schema.org","@graph":[{"@type":"Article","@id":"https:\/\/prefecturadeesmeraldas.gob.ec\/index.php\/2023\/09\/27\/prefectura-de-esmeraldas-trabaja-en-la-aprobacion-de-dos-nuevos-proyectos-de-mejoramiento-vial-en-convenio-con-petroecuador\/#article","isPartOf":{"@id":"https:\/\/prefecturadeesmeraldas.gob.ec\/index.php\/2023\/09\/27\/prefectura-de-esmeraldas-trabaja-en-la-aprobacion-de-dos-nuevos-proyectos-de-mejoramiento-vial-en-convenio-con-petroecuador\/"},"author":{"name":"Direcci\u00f3n de Comunicaci\u00f3n","@id":"https:\/\/prefecturadeesmeraldas.gob.ec\/#\/schema\/person\/b0c9e7b1ead7725994d1e319e8825234"},"headline":"Prefectura de Esmeraldas trabaja en la aprobaci\u00f3n de dos nuevos proyectos de mejoramiento vial en convenio con Petroecuador.","datePublished":"2023-09-27T19:53:01+00:00","dateModified":"2023-09-27T19:55:41+00:00","mainEntityOfPage":{"@id":"https:\/\/prefecturadeesmeraldas.gob.ec\/index.php\/2023\/09\/27\/prefectura-de-esmeraldas-trabaja-en-la-aprobacion-de-dos-nuevos-proyectos-de-mejoramiento-vial-en-convenio-con-petroecuador\/"},"wordCount":274,"publisher":{"@id":"https:\/\/prefecturadeesmeraldas.gob.ec\/#organization"},"image":{"@id":"https:\/\/prefecturadeesmeraldas.gob.ec\/index.php\/2023\/09\/27\/prefectura-de-esmeraldas-trabaja-en-la-aprobacion-de-dos-nuevos-proyectos-de-mejoramiento-vial-en-convenio-con-petroecuador\/#primaryimage"},"thumbnailUrl":"https:\/\/prefecturadeesmeraldas.gob.ec\/wp-content\/uploads\/2023\/09\/WhatsApp-Image-2023-09-26-at-10.53.40.jpeg","articleSection":["Vialidad"],"inLanguage":"es"},{"@type":"WebPage","@id":"https:\/\/prefecturadeesmeraldas.gob.ec\/index.php\/2023\/09\/27\/prefectura-de-esmeraldas-trabaja-en-la-aprobacion-de-dos-nuevos-proyectos-de-mejoramiento-vial-en-convenio-con-petroecuador\/","url":"https:\/\/prefecturadeesmeraldas.gob.ec\/index.php\/2023\/09\/27\/prefectura-de-esmeraldas-trabaja-en-la-aprobacion-de-dos-nuevos-proyectos-de-mejoramiento-vial-en-convenio-con-petroecuador\/","name":"Prefectura de Esmeraldas trabaja en la aprobaci\u00f3n de dos nuevos proyectos de mejoramiento vial en convenio con Petroecuador. - Gobierno Aut\u00f3nomo Descentralizado de la Provincia de Esmeraldas","isPartOf":{"@id":"https:\/\/prefecturadeesmeraldas.gob.ec\/#website"},"primaryImageOfPage":{"@id":"https:\/\/prefecturadeesmeraldas.gob.ec\/index.php\/2023\/09\/27\/prefectura-de-esmeraldas-trabaja-en-la-aprobacion-de-dos-nuevos-proyectos-de-mejoramiento-vial-en-convenio-con-petroecuador\/#primaryimage"},"image":{"@id":"https:\/\/prefecturadeesmeraldas.gob.ec\/index.php\/2023\/09\/27\/prefectura-de-esmeraldas-trabaja-en-la-aprobacion-de-dos-nuevos-proyectos-de-mejoramiento-vial-en-convenio-con-petroecuador\/#primaryimage"},"thumbnailUrl":"https:\/\/prefecturadeesmeraldas.gob.ec\/wp-content\/uploads\/2023\/09\/WhatsApp-Image-2023-09-26-at-10.53.40.jpeg","datePublished":"2023-09-27T19:53:01+00:00","dateModified":"2023-09-27T19:55:41+00:00","description":"Gracias a la confianza depositada en Roberta Zambrano, Prefecta de Esmeraldas, y al trabajo del equipo t\u00e9cnico de Infraestructura Vial, se han dado importantes pasos hacia la aprobaci\u00f3n de dos nuevas obras de mejoramiento para la provincia en colaboraci\u00f3n con PETROECUADOR.","breadcrumb":{"@id":"https:\/\/prefecturadeesmeraldas.gob.ec\/index.php\/2023\/09\/27\/prefectura-de-esmeraldas-trabaja-en-la-aprobacion-de-dos-nuevos-proyectos-de-mejoramiento-vial-en-convenio-con-petroecuador\/#breadcrumb"},"inLanguage":"es","potentialAction":[{"@type":"ReadAction","target":["https:\/\/prefecturadeesmeraldas.gob.ec\/index.php\/2023\/09\/27\/prefectura-de-esmeraldas-trabaja-en-la-aprobacion-de-dos-nuevos-proyectos-de-mejoramiento-vial-en-convenio-con-petroecuador\/"]}]},{"@type":"ImageObject","inLanguage":"es","@id":"https:\/\/prefecturadeesmeraldas.gob.ec\/index.php\/2023\/09\/27\/prefectura-de-esmeraldas-trabaja-en-la-aprobacion-de-dos-nuevos-proyectos-de-mejoramiento-vial-en-convenio-con-petroecuador\/#primaryimage","url":"https:\/\/prefecturadeesmeraldas.gob.ec\/wp-content\/uploads\/2023\/09\/WhatsApp-Image-2023-09-26-at-10.53.40.jpeg","contentUrl":"https:\/\/prefecturadeesmeraldas.gob.ec\/wp-content\/uploads\/2023\/09\/WhatsApp-Image-2023-09-26-at-10.53.40.jpeg","width":1600,"height":1600},{"@type":"BreadcrumbList","@id":"https:\/\/prefecturadeesmeraldas.gob.ec\/index.php\/2023\/09\/27\/prefectura-de-esmeraldas-trabaja-en-la-aprobacion-de-dos-nuevos-proyectos-de-mejoramiento-vial-en-convenio-con-petroecuador\/#breadcrumb","itemListElement":[{"@type":"ListItem","position":1,"name":"Home","item":"https:\/\/prefecturadeesmeraldas.gob.ec\/"},{"@type":"ListItem","position":2,"name":"Prefectura de Esmeraldas trabaja en la aprobaci\u00f3n de dos nuevos proyectos de mejoramiento vial en convenio con Petroecuador."}]},{"@type":"WebSite","@id":"https:\/\/prefecturadeesmeraldas.gob.ec\/#website","url":"https:\/\/prefecturadeesmeraldas.gob.ec\/","name":"Gobierno Aut\u00f3nomo Descentralizado de la Provincia de Esmeraldas","description":"Gobierno Aut\u00f3nomo Descentralizado de la Provincia de Esmeraldas","publisher":{"@id":"https:\/\/prefecturadeesmeraldas.gob.ec\/#organization"},"potentialAction":[{"@type":"SearchAction","target":{"@type":"EntryPoint","urlTemplate":"https:\/\/prefecturadeesmeraldas.gob.ec\/?s={search_term_string}"},"query-input":{"@type":"PropertyValueSpecification","valueRequired":true,"valueName":"search_term_string"}}],"inLanguage":"es"},{"@type":"Organization","@id":"https:\/\/prefecturadeesmeraldas.gob.ec\/#organization","name":"Gobierno Aut\u00f3nomo Descentralizado de la Provincia de Esmeraldas","url":"https:\/\/prefecturadeesmeraldas.gob.ec\/","logo":{"@type":"ImageObject","inLanguage":"es","@id":"https:\/\/prefecturadeesmeraldas.gob.ec\/#\/schema\/logo\/image\/","url":"https:\/\/prefecturadeesmeraldas.gob.ec\/wp-content\/uploads\/2019\/06\/logo.png","contentUrl":"https:\/\/prefecturadeesmeraldas.gob.ec\/wp-content\/uploads\/2019\/06\/logo.png","width":859,"height":448,"caption":"Gobierno Aut\u00f3nomo Descentralizado de la Provincia de Esmeraldas"},"image":{"@id":"https:\/\/prefecturadeesmeraldas.gob.ec\/#\/schema\/logo\/image\/"},"sameAs":["https:\/\/www.facebook.com\/PrefecturaEsmeraldas\/"]},{"@type":"Person","@id":"https:\/\/prefecturadeesmeraldas.gob.ec\/#\/schema\/person\/b0c9e7b1ead7725994d1e319e8825234","name":"Direcci\u00f3n de Comunicaci\u00f3n","image":{"@type":"ImageObject","inLanguage":"es","@id":"https:\/\/prefecturadeesmeraldas.gob.ec\/#\/schema\/person\/image\/","url":"https:\/\/secure.gravatar.com\/avatar\/74a3870a946f5d774ade3569af61a72308e07ad3346f370c4b468ee2a9858658?s=96&d=mm&r=g","contentUrl":"https:\/\/secure.gravatar.com\/avatar\/74a3870a946f5d774ade3569af61a72308e07ad3346f370c4b468ee2a9858658?s=96&d=mm&r=g","caption":"Direcci\u00f3n de Comunicaci\u00f3n"}}]}},"_links":{"self":[{"href":"https:\/\/prefecturadeesmeraldas.gob.ec\/index.php\/wp-json\/wp\/v2\/posts\/23695","targetHints":{"allow":["GET"]}}],"collection":[{"href":"https:\/\/prefecturadeesmeraldas.gob.ec\/index.php\/wp-json\/wp\/v2\/posts"}],"about":[{"href":"https:\/\/prefecturadeesmeraldas.gob.ec\/index.php\/wp-json\/wp\/v2\/types\/post"}],"author":[{"embeddable":true,"href":"https:\/\/prefecturadeesmeraldas.gob.ec\/index.php\/wp-json\/wp\/v2\/users\/2"}],"replies":[{"embeddable":true,"href":"https:\/\/prefecturadeesmeraldas.gob.ec\/index.php\/wp-json\/wp\/v2\/comments?post=23695"}],"version-history":[{"count":0,"href":"https:\/\/prefecturadeesmeraldas.gob.ec\/index.php\/wp-json\/wp\/v2\/posts\/23695\/revisions"}],"wp:featuredmedia":[{"embeddable":true,"href":"https:\/\/prefecturadeesmeraldas.gob.ec\/index.php\/wp-json\/wp\/v2\/media\/23698"}],"wp:attachment":[{"href":"https:\/\/prefecturadeesmeraldas.gob.ec\/index.php\/wp-json\/wp\/v2\/media?parent=23695"}],"wp:term":[{"taxonomy":"category","embeddable":true,"href":"https:\/\/prefecturadeesmeraldas.gob.ec\/index.php\/wp-json\/wp\/v2\/categories?post=23695"},{"taxonomy":"post_tag","embeddable":true,"href":"https:\/\/prefecturadeesmeraldas.gob.ec\/index.php\/wp-json\/wp\/v2\/tags?post=23695"}],"curies":[{"name":"wp","href":"https:\/\/api.w.org\/{rel}","templated":true}]}}