{"id":23680,"date":"2023-09-27T14:43:41","date_gmt":"2023-09-27T19:43:41","guid":{"rendered":"https:\/\/prefecturadeesmeraldas.gob.ec\/?p=23680"},"modified":"2023-09-27T14:45:46","modified_gmt":"2023-09-27T19:45:46","slug":"tecnicos-de-la-prefectura-de-esmeraldas-participan-en-taller-de-fortalecimiento-de-capacidades-en-gestion-de-proyectos","status":"publish","type":"post","link":"https:\/\/prefecturadeesmeraldas.gob.ec\/index.php\/2023\/09\/27\/tecnicos-de-la-prefectura-de-esmeraldas-participan-en-taller-de-fortalecimiento-de-capacidades-en-gestion-de-proyectos\/","title":{"rendered":"T\u00e9cnicos de la Prefectura de Esmeraldas participan en &#8220;Taller de Fortalecimiento de Capacidades en Gesti\u00f3n de Proyectos&#8221;"},"content":{"rendered":"\t\t<div data-elementor-type=\"wp-post\" data-elementor-id=\"23680\" class=\"elementor elementor-23680\">\n\t\t\t\t<div class=\"elementor-element elementor-element-026c2a6 e-flex e-con-boxed e-con e-parent\" data-id=\"026c2a6\" data-element_type=\"container\">\n\t\t\t\t\t<div class=\"e-con-inner\">\n\t\t\t\t<div class=\"elementor-element elementor-element-cb330cd elementor-widget elementor-widget-image\" data-id=\"cb330cd\" data-element_type=\"widget\" data-widget_type=\"image.default\">\n\t\t\t\t<div class=\"elementor-widget-container\">\n\t\t\t\t\t\t\t\t\t\t\t\t\t\t\t<img fetchpriority=\"high\" decoding=\"async\" width=\"919\" height=\"919\" src=\"https:\/\/prefecturadeesmeraldas.gob.ec\/wp-content\/uploads\/2023\/09\/WhatsApp-Image-2023-09-25-at-14.39.13-1.jpeg\" class=\"attachment-large size-large wp-image-23683\" alt=\"\" srcset=\"https:\/\/prefecturadeesmeraldas.gob.ec\/wp-content\/uploads\/2023\/09\/WhatsApp-Image-2023-09-25-at-14.39.13-1.jpeg 919w, https:\/\/prefecturadeesmeraldas.gob.ec\/wp-content\/uploads\/2023\/09\/WhatsApp-Image-2023-09-25-at-14.39.13-1-300x300.jpeg 300w, https:\/\/prefecturadeesmeraldas.gob.ec\/wp-content\/uploads\/2023\/09\/WhatsApp-Image-2023-09-25-at-14.39.13-1-150x150.jpeg 150w, https:\/\/prefecturadeesmeraldas.gob.ec\/wp-content\/uploads\/2023\/09\/WhatsApp-Image-2023-09-25-at-14.39.13-1-768x768.jpeg 768w, https:\/\/prefecturadeesmeraldas.gob.ec\/wp-content\/uploads\/2023\/09\/WhatsApp-Image-2023-09-25-at-14.39.13-1-440x440.jpeg 440w, https:\/\/prefecturadeesmeraldas.gob.ec\/wp-content\/uploads\/2023\/09\/WhatsApp-Image-2023-09-25-at-14.39.13-1-180x180.jpeg 180w, https:\/\/prefecturadeesmeraldas.gob.ec\/wp-content\/uploads\/2023\/09\/WhatsApp-Image-2023-09-25-at-14.39.13-1-120x120.jpeg 120w\" sizes=\"(max-width: 919px) 100vw, 919px\" \/>\t\t\t\t\t\t\t\t\t\t\t\t\t\t\t<\/div>\n\t\t\t\t<\/div>\n\t\t\t\t\t<\/div>\n\t\t\t\t<\/div>\n\t\t<div class=\"elementor-element elementor-element-9f5441f e-flex e-con-boxed e-con e-parent\" data-id=\"9f5441f\" data-element_type=\"container\">\n\t\t\t\t\t<div class=\"e-con-inner\">\n\t\t\t\t<div class=\"elementor-element elementor-element-b5e9df5 elementor-widget elementor-widget-text-editor\" data-id=\"b5e9df5\" data-element_type=\"widget\" data-widget_type=\"text-editor.default\">\n\t\t\t\t<div class=\"elementor-widget-container\">\n\t\t\t\t\t\t\t\t\t<p>En un esfuerzo por mejorar la gesti\u00f3n de proyectos y el acceso al financiamiento para la implementaci\u00f3n de obras y servicios en la provincia de Esmeraldas, un grupo de t\u00e9cnicos del Gobierno Aut\u00f3nomo Descentralizado (GAD) provincial, participaron del &#8220;Taller de Fortalecimiento de Capacidades en Gesti\u00f3n de Proyectos&#8221;. Este taller fue dictado por el Consejo Nacional de Gobiernos Parroquiales Rurales del Ecuador (CONGOPE) en coordinaci\u00f3n con la Secretar\u00eda de Planificaci\u00f3n Nacional.<\/p><p>El objetivo del taller fue brindar herramientas y conocimientos necesarios para el fortalecimiento de las habilidades en la elaboraci\u00f3n de proyectos bajo el enfoque de marcos l\u00f3gicos, evaluaciones econ\u00f3micas y financieras. Estas capacidades son fundamentales para la planificaci\u00f3n y ejecuci\u00f3n efectiva de proyectos que benefician a la comunidad y contribuyen al desarrollo sostenible de la provincia.<\/p><p>La formaci\u00f3n proporcionada en este taller es esencial para que los GAD provinciales puedan dise\u00f1ar proyectos m\u00e1s s\u00f3lidos, efectivos y sostenibles que aborden las necesidades de la provincia de Esmeraldas de manera integral.<\/p><p>Este taller representa un paso importante hacia la mejora de la capacidad de planificaci\u00f3n y ejecuci\u00f3n de proyectos en la provincia de Esmeraldas, y se espera que, los conocimientos adquiridos se traduzcan en una mayor calidad en la implementaci\u00f3n de obras y servicios en beneficio de la comunidad provincial. <\/p>\t\t\t\t\t\t\t\t<\/div>\n\t\t\t\t<\/div>\n\t\t\t\t\t<\/div>\n\t\t\t\t<\/div>\n\t\t\t\t<\/div>\n\t\t","protected":false},"excerpt":{"rendered":"<p>En un esfuerzo por mejorar la gesti\u00f3n de proyectos y el acceso al financiamiento para la implementaci\u00f3n de obras y servicios en la provincia de Esmeraldas, un grupo de t\u00e9cnicos del Gobierno Aut\u00f3nomo Descentralizado (GAD) provincial, participaron del &#8220;Taller de Fortalecimiento de Capacidades en Gesti\u00f3n de Proyectos&#8221;. Este taller fue dictado por el Consejo Nacional [&hellip;]<\/p>\n","protected":false},"author":2,"featured_media":23682,"comment_status":"closed","ping_status":"open","sticky":false,"template":"","format":"standard","meta":{"footnotes":""},"categories":[3],"tags":[],"class_list":["post-23680","post","type-post","status-publish","format-standard","has-post-thumbnail","hentry","category-institucional"],"yoast_head":"<!-- This site is optimized with the Yoast SEO plugin v25.7 - https:\/\/yoast.com\/wordpress\/plugins\/seo\/ -->\n<title>T\u00e9cnicos de la Prefectura de Esmeraldas participan en &quot;Taller de Fortalecimiento de Capacidades en Gesti\u00f3n de Proyectos&quot; - Gobierno Aut\u00f3nomo Descentralizado de la Provincia de Esmeraldas<\/title>\n<meta name=\"description\" content=\"En un esfuerzo por mejorar la gesti\u00f3n de proyectos y el acceso al financiamiento para la implementaci\u00f3n de obras y servicios en la provincia de Esmeraldas, un grupo de t\u00e9cnicos del Gobierno Aut\u00f3nomo Descentralizado (GAD) provincial, participaron del &quot;Taller de Fortalecimiento de Capacidades en Gesti\u00f3n de Proyectos&quot;. Este taller fue dictado por el Consejo Nacional de Gobiernos Parroquiales Rurales del Ecuador (CONGOPE) en coordinaci\u00f3n con la Secretar\u00eda de Planificaci\u00f3n Nacional.\" \/>\n<meta name=\"robots\" content=\"index, follow, max-snippet:-1, max-image-preview:large, max-video-preview:-1\" \/>\n<link rel=\"canonical\" href=\"https:\/\/prefecturadeesmeraldas.gob.ec\/index.php\/2023\/09\/27\/tecnicos-de-la-prefectura-de-esmeraldas-participan-en-taller-de-fortalecimiento-de-capacidades-en-gestion-de-proyectos\/\" \/>\n<meta property=\"og:locale\" content=\"es_ES\" \/>\n<meta property=\"og:type\" content=\"article\" \/>\n<meta property=\"og:title\" content=\"T\u00e9cnicos de la Prefectura de Esmeraldas participan en &quot;Taller de Fortalecimiento de Capacidades en Gesti\u00f3n de Proyectos&quot; - Gobierno Aut\u00f3nomo Descentralizado de la Provincia de Esmeraldas\" \/>\n<meta property=\"og:description\" content=\"En un esfuerzo por mejorar la gesti\u00f3n de proyectos y el acceso al financiamiento para la implementaci\u00f3n de obras y servicios en la provincia de Esmeraldas, un grupo de t\u00e9cnicos del Gobierno Aut\u00f3nomo Descentralizado (GAD) provincial, participaron del &quot;Taller de Fortalecimiento de Capacidades en Gesti\u00f3n de Proyectos&quot;. Este taller fue dictado por el Consejo Nacional de Gobiernos Parroquiales Rurales del Ecuador (CONGOPE) en coordinaci\u00f3n con la Secretar\u00eda de Planificaci\u00f3n Nacional.\" \/>\n<meta property=\"og:url\" content=\"https:\/\/prefecturadeesmeraldas.gob.ec\/index.php\/2023\/09\/27\/tecnicos-de-la-prefectura-de-esmeraldas-participan-en-taller-de-fortalecimiento-de-capacidades-en-gestion-de-proyectos\/\" \/>\n<meta property=\"og:site_name\" content=\"Gobierno Aut\u00f3nomo Descentralizado de la Provincia de Esmeraldas\" \/>\n<meta property=\"article:publisher\" content=\"https:\/\/www.facebook.com\/PrefecturaEsmeraldas\/\" \/>\n<meta property=\"article:published_time\" content=\"2023-09-27T19:43:41+00:00\" \/>\n<meta property=\"article:modified_time\" content=\"2023-09-27T19:45:46+00:00\" \/>\n<meta property=\"og:image\" content=\"https:\/\/prefecturadeesmeraldas.gob.ec\/wp-content\/uploads\/2023\/09\/WhatsApp-Image-2023-09-25-at-14.39.17.jpeg\" \/>\n\t<meta property=\"og:image:width\" content=\"900\" \/>\n\t<meta property=\"og:image:height\" content=\"900\" \/>\n\t<meta property=\"og:image:type\" content=\"image\/jpeg\" \/>\n<meta name=\"author\" content=\"Direcci\u00f3n de Comunicaci\u00f3n\" \/>\n<meta name=\"twitter:card\" content=\"summary_large_image\" \/>\n<meta name=\"twitter:label1\" content=\"Escrito por\" \/>\n\t<meta name=\"twitter:data1\" content=\"Direcci\u00f3n de Comunicaci\u00f3n\" \/>\n\t<meta name=\"twitter:label2\" content=\"Tiempo de lectura\" \/>\n\t<meta name=\"twitter:data2\" content=\"2 minutos\" \/>\n<script type=\"application\/ld+json\" class=\"yoast-schema-graph\">{\"@context\":\"https:\/\/schema.org\",\"@graph\":[{\"@type\":\"Article\",\"@id\":\"https:\/\/prefecturadeesmeraldas.gob.ec\/index.php\/2023\/09\/27\/tecnicos-de-la-prefectura-de-esmeraldas-participan-en-taller-de-fortalecimiento-de-capacidades-en-gestion-de-proyectos\/#article\",\"isPartOf\":{\"@id\":\"https:\/\/prefecturadeesmeraldas.gob.ec\/index.php\/2023\/09\/27\/tecnicos-de-la-prefectura-de-esmeraldas-participan-en-taller-de-fortalecimiento-de-capacidades-en-gestion-de-proyectos\/\"},\"author\":{\"name\":\"Direcci\u00f3n de Comunicaci\u00f3n\",\"@id\":\"https:\/\/prefecturadeesmeraldas.gob.ec\/#\/schema\/person\/b0c9e7b1ead7725994d1e319e8825234\"},\"headline\":\"T\u00e9cnicos de la Prefectura de Esmeraldas participan en &#8220;Taller de Fortalecimiento de Capacidades en Gesti\u00f3n de Proyectos&#8221;\",\"datePublished\":\"2023-09-27T19:43:41+00:00\",\"dateModified\":\"2023-09-27T19:45:46+00:00\",\"mainEntityOfPage\":{\"@id\":\"https:\/\/prefecturadeesmeraldas.gob.ec\/index.php\/2023\/09\/27\/tecnicos-de-la-prefectura-de-esmeraldas-participan-en-taller-de-fortalecimiento-de-capacidades-en-gestion-de-proyectos\/\"},\"wordCount\":247,\"publisher\":{\"@id\":\"https:\/\/prefecturadeesmeraldas.gob.ec\/#organization\"},\"image\":{\"@id\":\"https:\/\/prefecturadeesmeraldas.gob.ec\/index.php\/2023\/09\/27\/tecnicos-de-la-prefectura-de-esmeraldas-participan-en-taller-de-fortalecimiento-de-capacidades-en-gestion-de-proyectos\/#primaryimage\"},\"thumbnailUrl\":\"https:\/\/prefecturadeesmeraldas.gob.ec\/wp-content\/uploads\/2023\/09\/WhatsApp-Image-2023-09-25-at-14.39.17.jpeg\",\"articleSection\":[\"Institucional\"],\"inLanguage\":\"es\"},{\"@type\":\"WebPage\",\"@id\":\"https:\/\/prefecturadeesmeraldas.gob.ec\/index.php\/2023\/09\/27\/tecnicos-de-la-prefectura-de-esmeraldas-participan-en-taller-de-fortalecimiento-de-capacidades-en-gestion-de-proyectos\/\",\"url\":\"https:\/\/prefecturadeesmeraldas.gob.ec\/index.php\/2023\/09\/27\/tecnicos-de-la-prefectura-de-esmeraldas-participan-en-taller-de-fortalecimiento-de-capacidades-en-gestion-de-proyectos\/\",\"name\":\"T\u00e9cnicos de la Prefectura de Esmeraldas participan en \\\"Taller de Fortalecimiento de Capacidades en Gesti\u00f3n de Proyectos\\\" - Gobierno Aut\u00f3nomo Descentralizado de la Provincia de Esmeraldas\",\"isPartOf\":{\"@id\":\"https:\/\/prefecturadeesmeraldas.gob.ec\/#website\"},\"primaryImageOfPage\":{\"@id\":\"https:\/\/prefecturadeesmeraldas.gob.ec\/index.php\/2023\/09\/27\/tecnicos-de-la-prefectura-de-esmeraldas-participan-en-taller-de-fortalecimiento-de-capacidades-en-gestion-de-proyectos\/#primaryimage\"},\"image\":{\"@id\":\"https:\/\/prefecturadeesmeraldas.gob.ec\/index.php\/2023\/09\/27\/tecnicos-de-la-prefectura-de-esmeraldas-participan-en-taller-de-fortalecimiento-de-capacidades-en-gestion-de-proyectos\/#primaryimage\"},\"thumbnailUrl\":\"https:\/\/prefecturadeesmeraldas.gob.ec\/wp-content\/uploads\/2023\/09\/WhatsApp-Image-2023-09-25-at-14.39.17.jpeg\",\"datePublished\":\"2023-09-27T19:43:41+00:00\",\"dateModified\":\"2023-09-27T19:45:46+00:00\",\"description\":\"En un esfuerzo por mejorar la gesti\u00f3n de proyectos y el acceso al financiamiento para la implementaci\u00f3n de obras y servicios en la provincia de Esmeraldas, un grupo de t\u00e9cnicos del Gobierno Aut\u00f3nomo Descentralizado (GAD) provincial, participaron del \\\"Taller de Fortalecimiento de Capacidades en Gesti\u00f3n de Proyectos\\\". Este taller fue dictado por el Consejo Nacional de Gobiernos Parroquiales Rurales del Ecuador (CONGOPE) en coordinaci\u00f3n con la Secretar\u00eda de Planificaci\u00f3n Nacional.\",\"breadcrumb\":{\"@id\":\"https:\/\/prefecturadeesmeraldas.gob.ec\/index.php\/2023\/09\/27\/tecnicos-de-la-prefectura-de-esmeraldas-participan-en-taller-de-fortalecimiento-de-capacidades-en-gestion-de-proyectos\/#breadcrumb\"},\"inLanguage\":\"es\",\"potentialAction\":[{\"@type\":\"ReadAction\",\"target\":[\"https:\/\/prefecturadeesmeraldas.gob.ec\/index.php\/2023\/09\/27\/tecnicos-de-la-prefectura-de-esmeraldas-participan-en-taller-de-fortalecimiento-de-capacidades-en-gestion-de-proyectos\/\"]}]},{\"@type\":\"ImageObject\",\"inLanguage\":\"es\",\"@id\":\"https:\/\/prefecturadeesmeraldas.gob.ec\/index.php\/2023\/09\/27\/tecnicos-de-la-prefectura-de-esmeraldas-participan-en-taller-de-fortalecimiento-de-capacidades-en-gestion-de-proyectos\/#primaryimage\",\"url\":\"https:\/\/prefecturadeesmeraldas.gob.ec\/wp-content\/uploads\/2023\/09\/WhatsApp-Image-2023-09-25-at-14.39.17.jpeg\",\"contentUrl\":\"https:\/\/prefecturadeesmeraldas.gob.ec\/wp-content\/uploads\/2023\/09\/WhatsApp-Image-2023-09-25-at-14.39.17.jpeg\",\"width\":900,\"height\":900},{\"@type\":\"BreadcrumbList\",\"@id\":\"https:\/\/prefecturadeesmeraldas.gob.ec\/index.php\/2023\/09\/27\/tecnicos-de-la-prefectura-de-esmeraldas-participan-en-taller-de-fortalecimiento-de-capacidades-en-gestion-de-proyectos\/#breadcrumb\",\"itemListElement\":[{\"@type\":\"ListItem\",\"position\":1,\"name\":\"Home\",\"item\":\"https:\/\/prefecturadeesmeraldas.gob.ec\/\"},{\"@type\":\"ListItem\",\"position\":2,\"name\":\"T\u00e9cnicos de la Prefectura de Esmeraldas participan en &#8220;Taller de Fortalecimiento de Capacidades en Gesti\u00f3n de Proyectos&#8221;\"}]},{\"@type\":\"WebSite\",\"@id\":\"https:\/\/prefecturadeesmeraldas.gob.ec\/#website\",\"url\":\"https:\/\/prefecturadeesmeraldas.gob.ec\/\",\"name\":\"Gobierno Aut\u00f3nomo Descentralizado de la Provincia de Esmeraldas\",\"description\":\"Gobierno Aut\u00f3nomo Descentralizado de la Provincia de Esmeraldas\",\"publisher\":{\"@id\":\"https:\/\/prefecturadeesmeraldas.gob.ec\/#organization\"},\"potentialAction\":[{\"@type\":\"SearchAction\",\"target\":{\"@type\":\"EntryPoint\",\"urlTemplate\":\"https:\/\/prefecturadeesmeraldas.gob.ec\/?s={search_term_string}\"},\"query-input\":{\"@type\":\"PropertyValueSpecification\",\"valueRequired\":true,\"valueName\":\"search_term_string\"}}],\"inLanguage\":\"es\"},{\"@type\":\"Organization\",\"@id\":\"https:\/\/prefecturadeesmeraldas.gob.ec\/#organization\",\"name\":\"Gobierno Aut\u00f3nomo Descentralizado de la Provincia de Esmeraldas\",\"url\":\"https:\/\/prefecturadeesmeraldas.gob.ec\/\",\"logo\":{\"@type\":\"ImageObject\",\"inLanguage\":\"es\",\"@id\":\"https:\/\/prefecturadeesmeraldas.gob.ec\/#\/schema\/logo\/image\/\",\"url\":\"https:\/\/prefecturadeesmeraldas.gob.ec\/wp-content\/uploads\/2019\/06\/logo.png\",\"contentUrl\":\"https:\/\/prefecturadeesmeraldas.gob.ec\/wp-content\/uploads\/2019\/06\/logo.png\",\"width\":859,\"height\":448,\"caption\":\"Gobierno Aut\u00f3nomo Descentralizado de la Provincia de Esmeraldas\"},\"image\":{\"@id\":\"https:\/\/prefecturadeesmeraldas.gob.ec\/#\/schema\/logo\/image\/\"},\"sameAs\":[\"https:\/\/www.facebook.com\/PrefecturaEsmeraldas\/\"]},{\"@type\":\"Person\",\"@id\":\"https:\/\/prefecturadeesmeraldas.gob.ec\/#\/schema\/person\/b0c9e7b1ead7725994d1e319e8825234\",\"name\":\"Direcci\u00f3n de Comunicaci\u00f3n\",\"image\":{\"@type\":\"ImageObject\",\"inLanguage\":\"es\",\"@id\":\"https:\/\/prefecturadeesmeraldas.gob.ec\/#\/schema\/person\/image\/\",\"url\":\"https:\/\/secure.gravatar.com\/avatar\/74a3870a946f5d774ade3569af61a72308e07ad3346f370c4b468ee2a9858658?s=96&d=mm&r=g\",\"contentUrl\":\"https:\/\/secure.gravatar.com\/avatar\/74a3870a946f5d774ade3569af61a72308e07ad3346f370c4b468ee2a9858658?s=96&d=mm&r=g\",\"caption\":\"Direcci\u00f3n de Comunicaci\u00f3n\"}}]}<\/script>\n<!-- \/ Yoast SEO plugin. -->","yoast_head_json":{"title":"T\u00e9cnicos de la Prefectura de Esmeraldas participan en \"Taller de Fortalecimiento de Capacidades en Gesti\u00f3n de Proyectos\" - Gobierno Aut\u00f3nomo Descentralizado de la Provincia de Esmeraldas","description":"En un esfuerzo por mejorar la gesti\u00f3n de proyectos y el acceso al financiamiento para la implementaci\u00f3n de obras y servicios en la provincia de Esmeraldas, un grupo de t\u00e9cnicos del Gobierno Aut\u00f3nomo Descentralizado (GAD) provincial, participaron del \"Taller de Fortalecimiento de Capacidades en Gesti\u00f3n de Proyectos\". Este taller fue dictado por el Consejo Nacional de Gobiernos Parroquiales Rurales del Ecuador (CONGOPE) en coordinaci\u00f3n con la Secretar\u00eda de Planificaci\u00f3n Nacional.","robots":{"index":"index","follow":"follow","max-snippet":"max-snippet:-1","max-image-preview":"max-image-preview:large","max-video-preview":"max-video-preview:-1"},"canonical":"https:\/\/prefecturadeesmeraldas.gob.ec\/index.php\/2023\/09\/27\/tecnicos-de-la-prefectura-de-esmeraldas-participan-en-taller-de-fortalecimiento-de-capacidades-en-gestion-de-proyectos\/","og_locale":"es_ES","og_type":"article","og_title":"T\u00e9cnicos de la Prefectura de Esmeraldas participan en \"Taller de Fortalecimiento de Capacidades en Gesti\u00f3n de Proyectos\" - Gobierno Aut\u00f3nomo Descentralizado de la Provincia de Esmeraldas","og_description":"En un esfuerzo por mejorar la gesti\u00f3n de proyectos y el acceso al financiamiento para la implementaci\u00f3n de obras y servicios en la provincia de Esmeraldas, un grupo de t\u00e9cnicos del Gobierno Aut\u00f3nomo Descentralizado (GAD) provincial, participaron del \"Taller de Fortalecimiento de Capacidades en Gesti\u00f3n de Proyectos\". Este taller fue dictado por el Consejo Nacional de Gobiernos Parroquiales Rurales del Ecuador (CONGOPE) en coordinaci\u00f3n con la Secretar\u00eda de Planificaci\u00f3n Nacional.","og_url":"https:\/\/prefecturadeesmeraldas.gob.ec\/index.php\/2023\/09\/27\/tecnicos-de-la-prefectura-de-esmeraldas-participan-en-taller-de-fortalecimiento-de-capacidades-en-gestion-de-proyectos\/","og_site_name":"Gobierno Aut\u00f3nomo Descentralizado de la Provincia de Esmeraldas","article_publisher":"https:\/\/www.facebook.com\/PrefecturaEsmeraldas\/","article_published_time":"2023-09-27T19:43:41+00:00","article_modified_time":"2023-09-27T19:45:46+00:00","og_image":[{"width":900,"height":900,"url":"https:\/\/prefecturadeesmeraldas.gob.ec\/wp-content\/uploads\/2023\/09\/WhatsApp-Image-2023-09-25-at-14.39.17.jpeg","type":"image\/jpeg"}],"author":"Direcci\u00f3n de Comunicaci\u00f3n","twitter_card":"summary_large_image","twitter_misc":{"Escrito por":"Direcci\u00f3n de Comunicaci\u00f3n","Tiempo de lectura":"2 minutos"},"schema":{"@context":"https:\/\/schema.org","@graph":[{"@type":"Article","@id":"https:\/\/prefecturadeesmeraldas.gob.ec\/index.php\/2023\/09\/27\/tecnicos-de-la-prefectura-de-esmeraldas-participan-en-taller-de-fortalecimiento-de-capacidades-en-gestion-de-proyectos\/#article","isPartOf":{"@id":"https:\/\/prefecturadeesmeraldas.gob.ec\/index.php\/2023\/09\/27\/tecnicos-de-la-prefectura-de-esmeraldas-participan-en-taller-de-fortalecimiento-de-capacidades-en-gestion-de-proyectos\/"},"author":{"name":"Direcci\u00f3n de Comunicaci\u00f3n","@id":"https:\/\/prefecturadeesmeraldas.gob.ec\/#\/schema\/person\/b0c9e7b1ead7725994d1e319e8825234"},"headline":"T\u00e9cnicos de la Prefectura de Esmeraldas participan en &#8220;Taller de Fortalecimiento de Capacidades en Gesti\u00f3n de Proyectos&#8221;","datePublished":"2023-09-27T19:43:41+00:00","dateModified":"2023-09-27T19:45:46+00:00","mainEntityOfPage":{"@id":"https:\/\/prefecturadeesmeraldas.gob.ec\/index.php\/2023\/09\/27\/tecnicos-de-la-prefectura-de-esmeraldas-participan-en-taller-de-fortalecimiento-de-capacidades-en-gestion-de-proyectos\/"},"wordCount":247,"publisher":{"@id":"https:\/\/prefecturadeesmeraldas.gob.ec\/#organization"},"image":{"@id":"https:\/\/prefecturadeesmeraldas.gob.ec\/index.php\/2023\/09\/27\/tecnicos-de-la-prefectura-de-esmeraldas-participan-en-taller-de-fortalecimiento-de-capacidades-en-gestion-de-proyectos\/#primaryimage"},"thumbnailUrl":"https:\/\/prefecturadeesmeraldas.gob.ec\/wp-content\/uploads\/2023\/09\/WhatsApp-Image-2023-09-25-at-14.39.17.jpeg","articleSection":["Institucional"],"inLanguage":"es"},{"@type":"WebPage","@id":"https:\/\/prefecturadeesmeraldas.gob.ec\/index.php\/2023\/09\/27\/tecnicos-de-la-prefectura-de-esmeraldas-participan-en-taller-de-fortalecimiento-de-capacidades-en-gestion-de-proyectos\/","url":"https:\/\/prefecturadeesmeraldas.gob.ec\/index.php\/2023\/09\/27\/tecnicos-de-la-prefectura-de-esmeraldas-participan-en-taller-de-fortalecimiento-de-capacidades-en-gestion-de-proyectos\/","name":"T\u00e9cnicos de la Prefectura de Esmeraldas participan en \"Taller de Fortalecimiento de Capacidades en Gesti\u00f3n de Proyectos\" - Gobierno Aut\u00f3nomo Descentralizado de la Provincia de Esmeraldas","isPartOf":{"@id":"https:\/\/prefecturadeesmeraldas.gob.ec\/#website"},"primaryImageOfPage":{"@id":"https:\/\/prefecturadeesmeraldas.gob.ec\/index.php\/2023\/09\/27\/tecnicos-de-la-prefectura-de-esmeraldas-participan-en-taller-de-fortalecimiento-de-capacidades-en-gestion-de-proyectos\/#primaryimage"},"image":{"@id":"https:\/\/prefecturadeesmeraldas.gob.ec\/index.php\/2023\/09\/27\/tecnicos-de-la-prefectura-de-esmeraldas-participan-en-taller-de-fortalecimiento-de-capacidades-en-gestion-de-proyectos\/#primaryimage"},"thumbnailUrl":"https:\/\/prefecturadeesmeraldas.gob.ec\/wp-content\/uploads\/2023\/09\/WhatsApp-Image-2023-09-25-at-14.39.17.jpeg","datePublished":"2023-09-27T19:43:41+00:00","dateModified":"2023-09-27T19:45:46+00:00","description":"En un esfuerzo por mejorar la gesti\u00f3n de proyectos y el acceso al financiamiento para la implementaci\u00f3n de obras y servicios en la provincia de Esmeraldas, un grupo de t\u00e9cnicos del Gobierno Aut\u00f3nomo Descentralizado (GAD) provincial, participaron del \"Taller de Fortalecimiento de Capacidades en Gesti\u00f3n de Proyectos\". Este taller fue dictado por el Consejo Nacional de Gobiernos Parroquiales Rurales del Ecuador (CONGOPE) en coordinaci\u00f3n con la Secretar\u00eda de Planificaci\u00f3n Nacional.","breadcrumb":{"@id":"https:\/\/prefecturadeesmeraldas.gob.ec\/index.php\/2023\/09\/27\/tecnicos-de-la-prefectura-de-esmeraldas-participan-en-taller-de-fortalecimiento-de-capacidades-en-gestion-de-proyectos\/#breadcrumb"},"inLanguage":"es","potentialAction":[{"@type":"ReadAction","target":["https:\/\/prefecturadeesmeraldas.gob.ec\/index.php\/2023\/09\/27\/tecnicos-de-la-prefectura-de-esmeraldas-participan-en-taller-de-fortalecimiento-de-capacidades-en-gestion-de-proyectos\/"]}]},{"@type":"ImageObject","inLanguage":"es","@id":"https:\/\/prefecturadeesmeraldas.gob.ec\/index.php\/2023\/09\/27\/tecnicos-de-la-prefectura-de-esmeraldas-participan-en-taller-de-fortalecimiento-de-capacidades-en-gestion-de-proyectos\/#primaryimage","url":"https:\/\/prefecturadeesmeraldas.gob.ec\/wp-content\/uploads\/2023\/09\/WhatsApp-Image-2023-09-25-at-14.39.17.jpeg","contentUrl":"https:\/\/prefecturadeesmeraldas.gob.ec\/wp-content\/uploads\/2023\/09\/WhatsApp-Image-2023-09-25-at-14.39.17.jpeg","width":900,"height":900},{"@type":"BreadcrumbList","@id":"https:\/\/prefecturadeesmeraldas.gob.ec\/index.php\/2023\/09\/27\/tecnicos-de-la-prefectura-de-esmeraldas-participan-en-taller-de-fortalecimiento-de-capacidades-en-gestion-de-proyectos\/#breadcrumb","itemListElement":[{"@type":"ListItem","position":1,"name":"Home","item":"https:\/\/prefecturadeesmeraldas.gob.ec\/"},{"@type":"ListItem","position":2,"name":"T\u00e9cnicos de la Prefectura de Esmeraldas participan en &#8220;Taller de Fortalecimiento de Capacidades en Gesti\u00f3n de Proyectos&#8221;"}]},{"@type":"WebSite","@id":"https:\/\/prefecturadeesmeraldas.gob.ec\/#website","url":"https:\/\/prefecturadeesmeraldas.gob.ec\/","name":"Gobierno Aut\u00f3nomo Descentralizado de la Provincia de Esmeraldas","description":"Gobierno Aut\u00f3nomo Descentralizado de la Provincia de Esmeraldas","publisher":{"@id":"https:\/\/prefecturadeesmeraldas.gob.ec\/#organization"},"potentialAction":[{"@type":"SearchAction","target":{"@type":"EntryPoint","urlTemplate":"https:\/\/prefecturadeesmeraldas.gob.ec\/?s={search_term_string}"},"query-input":{"@type":"PropertyValueSpecification","valueRequired":true,"valueName":"search_term_string"}}],"inLanguage":"es"},{"@type":"Organization","@id":"https:\/\/prefecturadeesmeraldas.gob.ec\/#organization","name":"Gobierno Aut\u00f3nomo Descentralizado de la Provincia de Esmeraldas","url":"https:\/\/prefecturadeesmeraldas.gob.ec\/","logo":{"@type":"ImageObject","inLanguage":"es","@id":"https:\/\/prefecturadeesmeraldas.gob.ec\/#\/schema\/logo\/image\/","url":"https:\/\/prefecturadeesmeraldas.gob.ec\/wp-content\/uploads\/2019\/06\/logo.png","contentUrl":"https:\/\/prefecturadeesmeraldas.gob.ec\/wp-content\/uploads\/2019\/06\/logo.png","width":859,"height":448,"caption":"Gobierno Aut\u00f3nomo Descentralizado de la Provincia de Esmeraldas"},"image":{"@id":"https:\/\/prefecturadeesmeraldas.gob.ec\/#\/schema\/logo\/image\/"},"sameAs":["https:\/\/www.facebook.com\/PrefecturaEsmeraldas\/"]},{"@type":"Person","@id":"https:\/\/prefecturadeesmeraldas.gob.ec\/#\/schema\/person\/b0c9e7b1ead7725994d1e319e8825234","name":"Direcci\u00f3n de Comunicaci\u00f3n","image":{"@type":"ImageObject","inLanguage":"es","@id":"https:\/\/prefecturadeesmeraldas.gob.ec\/#\/schema\/person\/image\/","url":"https:\/\/secure.gravatar.com\/avatar\/74a3870a946f5d774ade3569af61a72308e07ad3346f370c4b468ee2a9858658?s=96&d=mm&r=g","contentUrl":"https:\/\/secure.gravatar.com\/avatar\/74a3870a946f5d774ade3569af61a72308e07ad3346f370c4b468ee2a9858658?s=96&d=mm&r=g","caption":"Direcci\u00f3n de Comunicaci\u00f3n"}}]}},"_links":{"self":[{"href":"https:\/\/prefecturadeesmeraldas.gob.ec\/index.php\/wp-json\/wp\/v2\/posts\/23680","targetHints":{"allow":["GET"]}}],"collection":[{"href":"https:\/\/prefecturadeesmeraldas.gob.ec\/index.php\/wp-json\/wp\/v2\/posts"}],"about":[{"href":"https:\/\/prefecturadeesmeraldas.gob.ec\/index.php\/wp-json\/wp\/v2\/types\/post"}],"author":[{"embeddable":true,"href":"https:\/\/prefecturadeesmeraldas.gob.ec\/index.php\/wp-json\/wp\/v2\/users\/2"}],"replies":[{"embeddable":true,"href":"https:\/\/prefecturadeesmeraldas.gob.ec\/index.php\/wp-json\/wp\/v2\/comments?post=23680"}],"version-history":[{"count":0,"href":"https:\/\/prefecturadeesmeraldas.gob.ec\/index.php\/wp-json\/wp\/v2\/posts\/23680\/revisions"}],"wp:featuredmedia":[{"embeddable":true,"href":"https:\/\/prefecturadeesmeraldas.gob.ec\/index.php\/wp-json\/wp\/v2\/media\/23682"}],"wp:attachment":[{"href":"https:\/\/prefecturadeesmeraldas.gob.ec\/index.php\/wp-json\/wp\/v2\/media?parent=23680"}],"wp:term":[{"taxonomy":"category","embeddable":true,"href":"https:\/\/prefecturadeesmeraldas.gob.ec\/index.php\/wp-json\/wp\/v2\/categories?post=23680"},{"taxonomy":"post_tag","embeddable":true,"href":"https:\/\/prefecturadeesmeraldas.gob.ec\/index.php\/wp-json\/wp\/v2\/tags?post=23680"}],"curies":[{"name":"wp","href":"https:\/\/api.w.org\/{rel}","templated":true}]}}