{"id":23676,"date":"2023-09-27T13:54:05","date_gmt":"2023-09-27T18:54:05","guid":{"rendered":"https:\/\/prefecturadeesmeraldas.gob.ec\/?p=23676"},"modified":"2023-09-27T14:50:53","modified_gmt":"2023-09-27T19:50:53","slug":"conoce-lo-nuestro-esmeraldas","status":"publish","type":"post","link":"https:\/\/prefecturadeesmeraldas.gob.ec\/index.php\/2023\/09\/27\/conoce-lo-nuestro-esmeraldas\/","title":{"rendered":"Prefectura de Esmeraldas y la direcci\u00f3n de Cuencas, Riego y Drenaje, cumplen con una nueva jornada de actividades."},"content":{"rendered":"\t\t<div data-elementor-type=\"wp-post\" data-elementor-id=\"23676\" class=\"elementor elementor-23676\">\n\t\t\t\t<div class=\"elementor-element elementor-element-9cfbd1e e-flex e-con-boxed e-con e-parent\" data-id=\"9cfbd1e\" data-element_type=\"container\">\n\t\t\t\t\t<div class=\"e-con-inner\">\n\t\t\t\t<div class=\"elementor-element elementor-element-8c656b2 elementor-widget elementor-widget-image\" data-id=\"8c656b2\" data-element_type=\"widget\" data-widget_type=\"image.default\">\n\t\t\t\t<div class=\"elementor-widget-container\">\n\t\t\t\t\t\t\t\t\t\t\t\t\t\t\t<img fetchpriority=\"high\" decoding=\"async\" width=\"960\" height=\"1280\" src=\"https:\/\/prefecturadeesmeraldas.gob.ec\/wp-content\/uploads\/2023\/09\/111-1.jpg\" class=\"attachment-large size-large wp-image-23688\" alt=\"\" srcset=\"https:\/\/prefecturadeesmeraldas.gob.ec\/wp-content\/uploads\/2023\/09\/111-1.jpg 960w, https:\/\/prefecturadeesmeraldas.gob.ec\/wp-content\/uploads\/2023\/09\/111-1-225x300.jpg 225w, https:\/\/prefecturadeesmeraldas.gob.ec\/wp-content\/uploads\/2023\/09\/111-1-768x1024.jpg 768w\" sizes=\"(max-width: 960px) 100vw, 960px\" \/>\t\t\t\t\t\t\t\t\t\t\t\t\t\t\t<\/div>\n\t\t\t\t<\/div>\n\t\t\t\t\t<\/div>\n\t\t\t\t<\/div>\n\t\t<div class=\"elementor-element elementor-element-7be878b e-flex e-con-boxed e-con e-parent\" data-id=\"7be878b\" data-element_type=\"container\">\n\t\t\t\t\t<div class=\"e-con-inner\">\n\t\t\t\t<div class=\"elementor-element elementor-element-66ab649 elementor-widget elementor-widget-text-editor\" data-id=\"66ab649\" data-element_type=\"widget\" data-widget_type=\"text-editor.default\">\n\t\t\t\t<div class=\"elementor-widget-container\">\n\t\t\t\t\t\t\t\t\t<p>En el marco de la conservaci\u00f3n y restauraci\u00f3n de los recursos naturales, t\u00e9cnicos de la Gesti\u00f3n de Cuencas, Riego y Drenaje de la Prefectura de Esmeraldas, y la administraci\u00f3n de Roberta Zambrano, contin\u00faan promoviendo la reforestaci\u00f3n y el cuidado de los ecosistemas acu\u00e1ticos y terrestres en la provincia.<\/p><p>De tal manera, cumplimos con la entrega de 500 plantas para la reforestaci\u00f3n en el recinto S\u00e1lima; iniciativa que tiene como prop\u00f3sito contribuir a la recuperaci\u00f3n de \u00e1reas degradadas y a la protecci\u00f3n del entorno natural. Las especies de plantas entregadas fueron seleccionadas cuidadosamente para adaptarse a las condiciones locales y promover la biodiversidad.<\/p><p>A su vez, realizaron la inspecci\u00f3n para la reforestaci\u00f3n de 300 metros del estero Timbre, en un esfuerzo continuo por preservar los recursos h\u00eddricos y ecosistemas acu\u00e1ticos. Esta evaluaci\u00f3n permitir\u00e1 planificar y ejecutar adecuadamente las actividades de reforestaci\u00f3n.<\/p><p>Del mismo modo se cumpli\u00f3 el seguimiento a las actividades del Vivero Agroforestal Timbre, \u00e1rea que desempe\u00f1a un papel crucial en la producci\u00f3n de plantas aut\u00f3ctonas y adaptadas a nuestro entorno natural, para su uso en futuras iniciativas de reforestaci\u00f3n.<\/p><p>Y, finalmente, se realiz\u00f3 la limpieza del tanque reservorio utilizado para las labores de riego en el vivero, entendiendo que, la gesti\u00f3n eficiente del agua es esencial en las actividades de producci\u00f3n de plantas para la reforestaci\u00f3n y agricultura sostenible. <\/p>\t\t\t\t\t\t\t\t<\/div>\n\t\t\t\t<\/div>\n\t\t\t\t\t<\/div>\n\t\t\t\t<\/div>\n\t\t\t\t<\/div>\n\t\t","protected":false},"excerpt":{"rendered":"<p>En el marco de la conservaci\u00f3n y restauraci\u00f3n de los recursos naturales, t\u00e9cnicos de la Gesti\u00f3n de Cuencas, Riego y Drenaje de la Prefectura de Esmeraldas, y la administraci\u00f3n de Roberta Zambrano, contin\u00faan promoviendo la reforestaci\u00f3n y el cuidado de los ecosistemas acu\u00e1ticos y terrestres en la provincia. De tal manera, cumplimos con la entrega [&hellip;]<\/p>\n","protected":false},"author":2,"featured_media":23688,"comment_status":"closed","ping_status":"open","sticky":false,"template":"","format":"standard","meta":{"footnotes":""},"categories":[17],"tags":[],"class_list":["post-23676","post","type-post","status-publish","format-standard","has-post-thumbnail","hentry","category-cuencas-riego-y-drenaje"],"yoast_head":"<!-- This site is optimized with the Yoast SEO plugin v25.7 - https:\/\/yoast.com\/wordpress\/plugins\/seo\/ -->\n<title>Prefectura de Esmeraldas y la direcci\u00f3n de Cuencas, Riego y Drenaje, cumplen con una nueva jornada de actividades. - Gobierno Aut\u00f3nomo Descentralizado de la Provincia de Esmeraldas<\/title>\n<meta name=\"description\" content=\"En el marco de la conservaci\u00f3n y restauraci\u00f3n de los recursos naturales, t\u00e9cnicos de la Gesti\u00f3n de Cuencas, Riego y Drenaje de la Prefectura de Esmeraldas, y la administraci\u00f3n de Roberta Zambrano, contin\u00faan promoviendo la reforestaci\u00f3n y el cuidado de los ecosistemas acu\u00e1ticos y terrestres en la provincia.\" \/>\n<meta name=\"robots\" content=\"index, follow, max-snippet:-1, max-image-preview:large, max-video-preview:-1\" \/>\n<link rel=\"canonical\" href=\"https:\/\/prefecturadeesmeraldas.gob.ec\/index.php\/2023\/09\/27\/conoce-lo-nuestro-esmeraldas\/\" \/>\n<meta property=\"og:locale\" content=\"es_ES\" \/>\n<meta property=\"og:type\" content=\"article\" \/>\n<meta property=\"og:title\" content=\"Prefectura de Esmeraldas y la direcci\u00f3n de Cuencas, Riego y Drenaje, cumplen con una nueva jornada de actividades. - Gobierno Aut\u00f3nomo Descentralizado de la Provincia de Esmeraldas\" \/>\n<meta property=\"og:description\" content=\"En el marco de la conservaci\u00f3n y restauraci\u00f3n de los recursos naturales, t\u00e9cnicos de la Gesti\u00f3n de Cuencas, Riego y Drenaje de la Prefectura de Esmeraldas, y la administraci\u00f3n de Roberta Zambrano, contin\u00faan promoviendo la reforestaci\u00f3n y el cuidado de los ecosistemas acu\u00e1ticos y terrestres en la provincia.\" \/>\n<meta property=\"og:url\" content=\"https:\/\/prefecturadeesmeraldas.gob.ec\/index.php\/2023\/09\/27\/conoce-lo-nuestro-esmeraldas\/\" \/>\n<meta property=\"og:site_name\" content=\"Gobierno Aut\u00f3nomo Descentralizado de la Provincia de Esmeraldas\" \/>\n<meta property=\"article:publisher\" content=\"https:\/\/www.facebook.com\/PrefecturaEsmeraldas\/\" \/>\n<meta property=\"article:published_time\" content=\"2023-09-27T18:54:05+00:00\" \/>\n<meta property=\"article:modified_time\" content=\"2023-09-27T19:50:53+00:00\" \/>\n<meta property=\"og:image\" content=\"https:\/\/prefecturadeesmeraldas.gob.ec\/wp-content\/uploads\/2023\/09\/111-1.jpg\" \/>\n\t<meta property=\"og:image:width\" content=\"960\" \/>\n\t<meta property=\"og:image:height\" content=\"1280\" \/>\n\t<meta property=\"og:image:type\" content=\"image\/jpeg\" \/>\n<meta name=\"author\" content=\"Direcci\u00f3n de Comunicaci\u00f3n\" \/>\n<meta name=\"twitter:card\" content=\"summary_large_image\" \/>\n<meta name=\"twitter:label1\" content=\"Escrito por\" \/>\n\t<meta name=\"twitter:data1\" content=\"Direcci\u00f3n de Comunicaci\u00f3n\" \/>\n\t<meta name=\"twitter:label2\" content=\"Tiempo de lectura\" \/>\n\t<meta name=\"twitter:data2\" content=\"2 minutos\" \/>\n<script type=\"application\/ld+json\" class=\"yoast-schema-graph\">{\"@context\":\"https:\/\/schema.org\",\"@graph\":[{\"@type\":\"Article\",\"@id\":\"https:\/\/prefecturadeesmeraldas.gob.ec\/index.php\/2023\/09\/27\/conoce-lo-nuestro-esmeraldas\/#article\",\"isPartOf\":{\"@id\":\"https:\/\/prefecturadeesmeraldas.gob.ec\/index.php\/2023\/09\/27\/conoce-lo-nuestro-esmeraldas\/\"},\"author\":{\"name\":\"Direcci\u00f3n de Comunicaci\u00f3n\",\"@id\":\"https:\/\/prefecturadeesmeraldas.gob.ec\/#\/schema\/person\/b0c9e7b1ead7725994d1e319e8825234\"},\"headline\":\"Prefectura de Esmeraldas y la direcci\u00f3n de Cuencas, Riego y Drenaje, cumplen con una nueva jornada de actividades.\",\"datePublished\":\"2023-09-27T18:54:05+00:00\",\"dateModified\":\"2023-09-27T19:50:53+00:00\",\"mainEntityOfPage\":{\"@id\":\"https:\/\/prefecturadeesmeraldas.gob.ec\/index.php\/2023\/09\/27\/conoce-lo-nuestro-esmeraldas\/\"},\"wordCount\":263,\"publisher\":{\"@id\":\"https:\/\/prefecturadeesmeraldas.gob.ec\/#organization\"},\"image\":{\"@id\":\"https:\/\/prefecturadeesmeraldas.gob.ec\/index.php\/2023\/09\/27\/conoce-lo-nuestro-esmeraldas\/#primaryimage\"},\"thumbnailUrl\":\"https:\/\/prefecturadeesmeraldas.gob.ec\/wp-content\/uploads\/2023\/09\/111-1.jpg\",\"articleSection\":[\"Cuencas, Riego y Drenaje\"],\"inLanguage\":\"es\"},{\"@type\":\"WebPage\",\"@id\":\"https:\/\/prefecturadeesmeraldas.gob.ec\/index.php\/2023\/09\/27\/conoce-lo-nuestro-esmeraldas\/\",\"url\":\"https:\/\/prefecturadeesmeraldas.gob.ec\/index.php\/2023\/09\/27\/conoce-lo-nuestro-esmeraldas\/\",\"name\":\"Prefectura de Esmeraldas y la direcci\u00f3n de Cuencas, Riego y Drenaje, cumplen con una nueva jornada de actividades. - Gobierno Aut\u00f3nomo Descentralizado de la Provincia de Esmeraldas\",\"isPartOf\":{\"@id\":\"https:\/\/prefecturadeesmeraldas.gob.ec\/#website\"},\"primaryImageOfPage\":{\"@id\":\"https:\/\/prefecturadeesmeraldas.gob.ec\/index.php\/2023\/09\/27\/conoce-lo-nuestro-esmeraldas\/#primaryimage\"},\"image\":{\"@id\":\"https:\/\/prefecturadeesmeraldas.gob.ec\/index.php\/2023\/09\/27\/conoce-lo-nuestro-esmeraldas\/#primaryimage\"},\"thumbnailUrl\":\"https:\/\/prefecturadeesmeraldas.gob.ec\/wp-content\/uploads\/2023\/09\/111-1.jpg\",\"datePublished\":\"2023-09-27T18:54:05+00:00\",\"dateModified\":\"2023-09-27T19:50:53+00:00\",\"description\":\"En el marco de la conservaci\u00f3n y restauraci\u00f3n de los recursos naturales, t\u00e9cnicos de la Gesti\u00f3n de Cuencas, Riego y Drenaje de la Prefectura de Esmeraldas, y la administraci\u00f3n de Roberta Zambrano, contin\u00faan promoviendo la reforestaci\u00f3n y el cuidado de los ecosistemas acu\u00e1ticos y terrestres en la provincia.\",\"breadcrumb\":{\"@id\":\"https:\/\/prefecturadeesmeraldas.gob.ec\/index.php\/2023\/09\/27\/conoce-lo-nuestro-esmeraldas\/#breadcrumb\"},\"inLanguage\":\"es\",\"potentialAction\":[{\"@type\":\"ReadAction\",\"target\":[\"https:\/\/prefecturadeesmeraldas.gob.ec\/index.php\/2023\/09\/27\/conoce-lo-nuestro-esmeraldas\/\"]}]},{\"@type\":\"ImageObject\",\"inLanguage\":\"es\",\"@id\":\"https:\/\/prefecturadeesmeraldas.gob.ec\/index.php\/2023\/09\/27\/conoce-lo-nuestro-esmeraldas\/#primaryimage\",\"url\":\"https:\/\/prefecturadeesmeraldas.gob.ec\/wp-content\/uploads\/2023\/09\/111-1.jpg\",\"contentUrl\":\"https:\/\/prefecturadeesmeraldas.gob.ec\/wp-content\/uploads\/2023\/09\/111-1.jpg\",\"width\":960,\"height\":1280},{\"@type\":\"BreadcrumbList\",\"@id\":\"https:\/\/prefecturadeesmeraldas.gob.ec\/index.php\/2023\/09\/27\/conoce-lo-nuestro-esmeraldas\/#breadcrumb\",\"itemListElement\":[{\"@type\":\"ListItem\",\"position\":1,\"name\":\"Home\",\"item\":\"https:\/\/prefecturadeesmeraldas.gob.ec\/\"},{\"@type\":\"ListItem\",\"position\":2,\"name\":\"Prefectura de Esmeraldas y la direcci\u00f3n de Cuencas, Riego y Drenaje, cumplen con una nueva jornada de actividades.\"}]},{\"@type\":\"WebSite\",\"@id\":\"https:\/\/prefecturadeesmeraldas.gob.ec\/#website\",\"url\":\"https:\/\/prefecturadeesmeraldas.gob.ec\/\",\"name\":\"Gobierno Aut\u00f3nomo Descentralizado de la Provincia de Esmeraldas\",\"description\":\"Gobierno Aut\u00f3nomo Descentralizado de la Provincia de Esmeraldas\",\"publisher\":{\"@id\":\"https:\/\/prefecturadeesmeraldas.gob.ec\/#organization\"},\"potentialAction\":[{\"@type\":\"SearchAction\",\"target\":{\"@type\":\"EntryPoint\",\"urlTemplate\":\"https:\/\/prefecturadeesmeraldas.gob.ec\/?s={search_term_string}\"},\"query-input\":{\"@type\":\"PropertyValueSpecification\",\"valueRequired\":true,\"valueName\":\"search_term_string\"}}],\"inLanguage\":\"es\"},{\"@type\":\"Organization\",\"@id\":\"https:\/\/prefecturadeesmeraldas.gob.ec\/#organization\",\"name\":\"Gobierno Aut\u00f3nomo Descentralizado de la Provincia de Esmeraldas\",\"url\":\"https:\/\/prefecturadeesmeraldas.gob.ec\/\",\"logo\":{\"@type\":\"ImageObject\",\"inLanguage\":\"es\",\"@id\":\"https:\/\/prefecturadeesmeraldas.gob.ec\/#\/schema\/logo\/image\/\",\"url\":\"https:\/\/prefecturadeesmeraldas.gob.ec\/wp-content\/uploads\/2019\/06\/logo.png\",\"contentUrl\":\"https:\/\/prefecturadeesmeraldas.gob.ec\/wp-content\/uploads\/2019\/06\/logo.png\",\"width\":859,\"height\":448,\"caption\":\"Gobierno Aut\u00f3nomo Descentralizado de la Provincia de Esmeraldas\"},\"image\":{\"@id\":\"https:\/\/prefecturadeesmeraldas.gob.ec\/#\/schema\/logo\/image\/\"},\"sameAs\":[\"https:\/\/www.facebook.com\/PrefecturaEsmeraldas\/\"]},{\"@type\":\"Person\",\"@id\":\"https:\/\/prefecturadeesmeraldas.gob.ec\/#\/schema\/person\/b0c9e7b1ead7725994d1e319e8825234\",\"name\":\"Direcci\u00f3n de Comunicaci\u00f3n\",\"image\":{\"@type\":\"ImageObject\",\"inLanguage\":\"es\",\"@id\":\"https:\/\/prefecturadeesmeraldas.gob.ec\/#\/schema\/person\/image\/\",\"url\":\"https:\/\/secure.gravatar.com\/avatar\/74a3870a946f5d774ade3569af61a72308e07ad3346f370c4b468ee2a9858658?s=96&d=mm&r=g\",\"contentUrl\":\"https:\/\/secure.gravatar.com\/avatar\/74a3870a946f5d774ade3569af61a72308e07ad3346f370c4b468ee2a9858658?s=96&d=mm&r=g\",\"caption\":\"Direcci\u00f3n de Comunicaci\u00f3n\"}}]}<\/script>\n<!-- \/ Yoast SEO plugin. -->","yoast_head_json":{"title":"Prefectura de Esmeraldas y la direcci\u00f3n de Cuencas, Riego y Drenaje, cumplen con una nueva jornada de actividades. - Gobierno Aut\u00f3nomo Descentralizado de la Provincia de Esmeraldas","description":"En el marco de la conservaci\u00f3n y restauraci\u00f3n de los recursos naturales, t\u00e9cnicos de la Gesti\u00f3n de Cuencas, Riego y Drenaje de la Prefectura de Esmeraldas, y la administraci\u00f3n de Roberta Zambrano, contin\u00faan promoviendo la reforestaci\u00f3n y el cuidado de los ecosistemas acu\u00e1ticos y terrestres en la provincia.","robots":{"index":"index","follow":"follow","max-snippet":"max-snippet:-1","max-image-preview":"max-image-preview:large","max-video-preview":"max-video-preview:-1"},"canonical":"https:\/\/prefecturadeesmeraldas.gob.ec\/index.php\/2023\/09\/27\/conoce-lo-nuestro-esmeraldas\/","og_locale":"es_ES","og_type":"article","og_title":"Prefectura de Esmeraldas y la direcci\u00f3n de Cuencas, Riego y Drenaje, cumplen con una nueva jornada de actividades. - Gobierno Aut\u00f3nomo Descentralizado de la Provincia de Esmeraldas","og_description":"En el marco de la conservaci\u00f3n y restauraci\u00f3n de los recursos naturales, t\u00e9cnicos de la Gesti\u00f3n de Cuencas, Riego y Drenaje de la Prefectura de Esmeraldas, y la administraci\u00f3n de Roberta Zambrano, contin\u00faan promoviendo la reforestaci\u00f3n y el cuidado de los ecosistemas acu\u00e1ticos y terrestres en la provincia.","og_url":"https:\/\/prefecturadeesmeraldas.gob.ec\/index.php\/2023\/09\/27\/conoce-lo-nuestro-esmeraldas\/","og_site_name":"Gobierno Aut\u00f3nomo Descentralizado de la Provincia de Esmeraldas","article_publisher":"https:\/\/www.facebook.com\/PrefecturaEsmeraldas\/","article_published_time":"2023-09-27T18:54:05+00:00","article_modified_time":"2023-09-27T19:50:53+00:00","og_image":[{"width":960,"height":1280,"url":"https:\/\/prefecturadeesmeraldas.gob.ec\/wp-content\/uploads\/2023\/09\/111-1.jpg","type":"image\/jpeg"}],"author":"Direcci\u00f3n de Comunicaci\u00f3n","twitter_card":"summary_large_image","twitter_misc":{"Escrito por":"Direcci\u00f3n de Comunicaci\u00f3n","Tiempo de lectura":"2 minutos"},"schema":{"@context":"https:\/\/schema.org","@graph":[{"@type":"Article","@id":"https:\/\/prefecturadeesmeraldas.gob.ec\/index.php\/2023\/09\/27\/conoce-lo-nuestro-esmeraldas\/#article","isPartOf":{"@id":"https:\/\/prefecturadeesmeraldas.gob.ec\/index.php\/2023\/09\/27\/conoce-lo-nuestro-esmeraldas\/"},"author":{"name":"Direcci\u00f3n de Comunicaci\u00f3n","@id":"https:\/\/prefecturadeesmeraldas.gob.ec\/#\/schema\/person\/b0c9e7b1ead7725994d1e319e8825234"},"headline":"Prefectura de Esmeraldas y la direcci\u00f3n de Cuencas, Riego y Drenaje, cumplen con una nueva jornada de actividades.","datePublished":"2023-09-27T18:54:05+00:00","dateModified":"2023-09-27T19:50:53+00:00","mainEntityOfPage":{"@id":"https:\/\/prefecturadeesmeraldas.gob.ec\/index.php\/2023\/09\/27\/conoce-lo-nuestro-esmeraldas\/"},"wordCount":263,"publisher":{"@id":"https:\/\/prefecturadeesmeraldas.gob.ec\/#organization"},"image":{"@id":"https:\/\/prefecturadeesmeraldas.gob.ec\/index.php\/2023\/09\/27\/conoce-lo-nuestro-esmeraldas\/#primaryimage"},"thumbnailUrl":"https:\/\/prefecturadeesmeraldas.gob.ec\/wp-content\/uploads\/2023\/09\/111-1.jpg","articleSection":["Cuencas, Riego y Drenaje"],"inLanguage":"es"},{"@type":"WebPage","@id":"https:\/\/prefecturadeesmeraldas.gob.ec\/index.php\/2023\/09\/27\/conoce-lo-nuestro-esmeraldas\/","url":"https:\/\/prefecturadeesmeraldas.gob.ec\/index.php\/2023\/09\/27\/conoce-lo-nuestro-esmeraldas\/","name":"Prefectura de Esmeraldas y la direcci\u00f3n de Cuencas, Riego y Drenaje, cumplen con una nueva jornada de actividades. - Gobierno Aut\u00f3nomo Descentralizado de la Provincia de Esmeraldas","isPartOf":{"@id":"https:\/\/prefecturadeesmeraldas.gob.ec\/#website"},"primaryImageOfPage":{"@id":"https:\/\/prefecturadeesmeraldas.gob.ec\/index.php\/2023\/09\/27\/conoce-lo-nuestro-esmeraldas\/#primaryimage"},"image":{"@id":"https:\/\/prefecturadeesmeraldas.gob.ec\/index.php\/2023\/09\/27\/conoce-lo-nuestro-esmeraldas\/#primaryimage"},"thumbnailUrl":"https:\/\/prefecturadeesmeraldas.gob.ec\/wp-content\/uploads\/2023\/09\/111-1.jpg","datePublished":"2023-09-27T18:54:05+00:00","dateModified":"2023-09-27T19:50:53+00:00","description":"En el marco de la conservaci\u00f3n y restauraci\u00f3n de los recursos naturales, t\u00e9cnicos de la Gesti\u00f3n de Cuencas, Riego y Drenaje de la Prefectura de Esmeraldas, y la administraci\u00f3n de Roberta Zambrano, contin\u00faan promoviendo la reforestaci\u00f3n y el cuidado de los ecosistemas acu\u00e1ticos y terrestres en la provincia.","breadcrumb":{"@id":"https:\/\/prefecturadeesmeraldas.gob.ec\/index.php\/2023\/09\/27\/conoce-lo-nuestro-esmeraldas\/#breadcrumb"},"inLanguage":"es","potentialAction":[{"@type":"ReadAction","target":["https:\/\/prefecturadeesmeraldas.gob.ec\/index.php\/2023\/09\/27\/conoce-lo-nuestro-esmeraldas\/"]}]},{"@type":"ImageObject","inLanguage":"es","@id":"https:\/\/prefecturadeesmeraldas.gob.ec\/index.php\/2023\/09\/27\/conoce-lo-nuestro-esmeraldas\/#primaryimage","url":"https:\/\/prefecturadeesmeraldas.gob.ec\/wp-content\/uploads\/2023\/09\/111-1.jpg","contentUrl":"https:\/\/prefecturadeesmeraldas.gob.ec\/wp-content\/uploads\/2023\/09\/111-1.jpg","width":960,"height":1280},{"@type":"BreadcrumbList","@id":"https:\/\/prefecturadeesmeraldas.gob.ec\/index.php\/2023\/09\/27\/conoce-lo-nuestro-esmeraldas\/#breadcrumb","itemListElement":[{"@type":"ListItem","position":1,"name":"Home","item":"https:\/\/prefecturadeesmeraldas.gob.ec\/"},{"@type":"ListItem","position":2,"name":"Prefectura de Esmeraldas y la direcci\u00f3n de Cuencas, Riego y Drenaje, cumplen con una nueva jornada de actividades."}]},{"@type":"WebSite","@id":"https:\/\/prefecturadeesmeraldas.gob.ec\/#website","url":"https:\/\/prefecturadeesmeraldas.gob.ec\/","name":"Gobierno Aut\u00f3nomo Descentralizado de la Provincia de Esmeraldas","description":"Gobierno Aut\u00f3nomo Descentralizado de la Provincia de Esmeraldas","publisher":{"@id":"https:\/\/prefecturadeesmeraldas.gob.ec\/#organization"},"potentialAction":[{"@type":"SearchAction","target":{"@type":"EntryPoint","urlTemplate":"https:\/\/prefecturadeesmeraldas.gob.ec\/?s={search_term_string}"},"query-input":{"@type":"PropertyValueSpecification","valueRequired":true,"valueName":"search_term_string"}}],"inLanguage":"es"},{"@type":"Organization","@id":"https:\/\/prefecturadeesmeraldas.gob.ec\/#organization","name":"Gobierno Aut\u00f3nomo Descentralizado de la Provincia de Esmeraldas","url":"https:\/\/prefecturadeesmeraldas.gob.ec\/","logo":{"@type":"ImageObject","inLanguage":"es","@id":"https:\/\/prefecturadeesmeraldas.gob.ec\/#\/schema\/logo\/image\/","url":"https:\/\/prefecturadeesmeraldas.gob.ec\/wp-content\/uploads\/2019\/06\/logo.png","contentUrl":"https:\/\/prefecturadeesmeraldas.gob.ec\/wp-content\/uploads\/2019\/06\/logo.png","width":859,"height":448,"caption":"Gobierno Aut\u00f3nomo Descentralizado de la Provincia de Esmeraldas"},"image":{"@id":"https:\/\/prefecturadeesmeraldas.gob.ec\/#\/schema\/logo\/image\/"},"sameAs":["https:\/\/www.facebook.com\/PrefecturaEsmeraldas\/"]},{"@type":"Person","@id":"https:\/\/prefecturadeesmeraldas.gob.ec\/#\/schema\/person\/b0c9e7b1ead7725994d1e319e8825234","name":"Direcci\u00f3n de Comunicaci\u00f3n","image":{"@type":"ImageObject","inLanguage":"es","@id":"https:\/\/prefecturadeesmeraldas.gob.ec\/#\/schema\/person\/image\/","url":"https:\/\/secure.gravatar.com\/avatar\/74a3870a946f5d774ade3569af61a72308e07ad3346f370c4b468ee2a9858658?s=96&d=mm&r=g","contentUrl":"https:\/\/secure.gravatar.com\/avatar\/74a3870a946f5d774ade3569af61a72308e07ad3346f370c4b468ee2a9858658?s=96&d=mm&r=g","caption":"Direcci\u00f3n de Comunicaci\u00f3n"}}]}},"_links":{"self":[{"href":"https:\/\/prefecturadeesmeraldas.gob.ec\/index.php\/wp-json\/wp\/v2\/posts\/23676","targetHints":{"allow":["GET"]}}],"collection":[{"href":"https:\/\/prefecturadeesmeraldas.gob.ec\/index.php\/wp-json\/wp\/v2\/posts"}],"about":[{"href":"https:\/\/prefecturadeesmeraldas.gob.ec\/index.php\/wp-json\/wp\/v2\/types\/post"}],"author":[{"embeddable":true,"href":"https:\/\/prefecturadeesmeraldas.gob.ec\/index.php\/wp-json\/wp\/v2\/users\/2"}],"replies":[{"embeddable":true,"href":"https:\/\/prefecturadeesmeraldas.gob.ec\/index.php\/wp-json\/wp\/v2\/comments?post=23676"}],"version-history":[{"count":0,"href":"https:\/\/prefecturadeesmeraldas.gob.ec\/index.php\/wp-json\/wp\/v2\/posts\/23676\/revisions"}],"wp:featuredmedia":[{"embeddable":true,"href":"https:\/\/prefecturadeesmeraldas.gob.ec\/index.php\/wp-json\/wp\/v2\/media\/23688"}],"wp:attachment":[{"href":"https:\/\/prefecturadeesmeraldas.gob.ec\/index.php\/wp-json\/wp\/v2\/media?parent=23676"}],"wp:term":[{"taxonomy":"category","embeddable":true,"href":"https:\/\/prefecturadeesmeraldas.gob.ec\/index.php\/wp-json\/wp\/v2\/categories?post=23676"},{"taxonomy":"post_tag","embeddable":true,"href":"https:\/\/prefecturadeesmeraldas.gob.ec\/index.php\/wp-json\/wp\/v2\/tags?post=23676"}],"curies":[{"name":"wp","href":"https:\/\/api.w.org\/{rel}","templated":true}]}}