{"id":23019,"date":"2023-07-27T16:17:08","date_gmt":"2023-07-27T21:17:08","guid":{"rendered":"https:\/\/prefecturadeesmeraldas.gob.ec\/?p=23019"},"modified":"2023-07-27T16:19:28","modified_gmt":"2023-07-27T21:19:28","slug":"prefectura-de-esmeraldas-entrego-ayudas-solidarias-a-familias-vulnerables-de-vilsa-en-el-canton-muisne","status":"publish","type":"post","link":"https:\/\/prefecturadeesmeraldas.gob.ec\/index.php\/2023\/07\/27\/prefectura-de-esmeraldas-entrego-ayudas-solidarias-a-familias-vulnerables-de-vilsa-en-el-canton-muisne\/","title":{"rendered":"Prefectura de Esmeraldas entreg\u00f3 ayudas solidarias a familias vulnerables de Vilsa, en el cant\u00f3n Muisne."},"content":{"rendered":"\t\t<div data-elementor-type=\"wp-post\" data-elementor-id=\"23019\" class=\"elementor elementor-23019\">\n\t\t\t\t<div class=\"elementor-element elementor-element-2ca4c5b e-flex e-con-boxed e-con e-parent\" data-id=\"2ca4c5b\" data-element_type=\"container\">\n\t\t\t\t\t<div class=\"e-con-inner\">\n\t\t\t\t<div class=\"elementor-element elementor-element-96b4dc5 elementor-widget elementor-widget-image\" data-id=\"96b4dc5\" data-element_type=\"widget\" data-widget_type=\"image.default\">\n\t\t\t\t<div class=\"elementor-widget-container\">\n\t\t\t\t\t\t\t\t\t\t\t\t\t\t\t<img fetchpriority=\"high\" decoding=\"async\" width=\"1600\" height=\"1600\" src=\"https:\/\/prefecturadeesmeraldas.gob.ec\/wp-content\/uploads\/2023\/07\/WhatsApp-Image-2023-07-25-at-09.08.56.jpeg\" class=\"attachment-large size-large wp-image-23021\" alt=\"\" srcset=\"https:\/\/prefecturadeesmeraldas.gob.ec\/wp-content\/uploads\/2023\/07\/WhatsApp-Image-2023-07-25-at-09.08.56.jpeg 1600w, https:\/\/prefecturadeesmeraldas.gob.ec\/wp-content\/uploads\/2023\/07\/WhatsApp-Image-2023-07-25-at-09.08.56-300x300.jpeg 300w, https:\/\/prefecturadeesmeraldas.gob.ec\/wp-content\/uploads\/2023\/07\/WhatsApp-Image-2023-07-25-at-09.08.56-150x150.jpeg 150w, https:\/\/prefecturadeesmeraldas.gob.ec\/wp-content\/uploads\/2023\/07\/WhatsApp-Image-2023-07-25-at-09.08.56-768x768.jpeg 768w, https:\/\/prefecturadeesmeraldas.gob.ec\/wp-content\/uploads\/2023\/07\/WhatsApp-Image-2023-07-25-at-09.08.56-1536x1536.jpeg 1536w, https:\/\/prefecturadeesmeraldas.gob.ec\/wp-content\/uploads\/2023\/07\/WhatsApp-Image-2023-07-25-at-09.08.56-440x440.jpeg 440w, https:\/\/prefecturadeesmeraldas.gob.ec\/wp-content\/uploads\/2023\/07\/WhatsApp-Image-2023-07-25-at-09.08.56-180x180.jpeg 180w, https:\/\/prefecturadeesmeraldas.gob.ec\/wp-content\/uploads\/2023\/07\/WhatsApp-Image-2023-07-25-at-09.08.56-120x120.jpeg 120w\" sizes=\"(max-width: 1600px) 100vw, 1600px\" \/>\t\t\t\t\t\t\t\t\t\t\t\t\t\t\t<\/div>\n\t\t\t\t<\/div>\n\t\t\t\t\t<\/div>\n\t\t\t\t<\/div>\n\t\t<div class=\"elementor-element elementor-element-39cc14e e-flex e-con-boxed e-con e-parent\" data-id=\"39cc14e\" data-element_type=\"container\">\n\t\t\t\t\t<div class=\"e-con-inner\">\n\t\t\t\t<div class=\"elementor-element elementor-element-0b28002 elementor-widget elementor-widget-text-editor\" data-id=\"0b28002\" data-element_type=\"widget\" data-widget_type=\"text-editor.default\">\n\t\t\t\t<div class=\"elementor-widget-container\">\n\t\t\t\t\t\t\t\t\t<p>En un esfuerzo conjunto por llevar asistencia y apoyo a las familias afectadas por el desbordamiento del r\u00edo en Vilsa, comunidad de la parroquia San Gregorio, en el cant\u00f3n Muisne, la Prefectura de Esmeraldas liderada por Roberta Zambrano, Prefecta, nuevamente quiso demostrar su compromiso con la comunidad en situaciones de vulnerabilidad.<\/p><p>Durante la entrega de ayuda humanitaria se establecieron varios acuerdos de trabajo con el objetivo de brindar soluciones a las necesidades de la poblaci\u00f3n afectada por la emergencia.<\/p><p>Es importante destacar que, Roberta Zambrano, a trav\u00e9s de su gesti\u00f3n como Prefecta, sigue demostrando ser una l\u00edder comprometida con el bienestar de las personas, llevando acciones concretas para mejorar la calidad de vida de los ciudadanos en la provincia de Esmeraldas.<\/p><p>Con iniciativas como esta, se demuestra que la uni\u00f3n y la solidaridad pueden marcar la diferencia en momentos dif\u00edciles. La comunidad de Vilsa y sus habitantes agradecieron la ayuda brindada tras la adversidad.<\/p>\t\t\t\t\t\t\t\t<\/div>\n\t\t\t\t<\/div>\n\t\t\t\t\t<\/div>\n\t\t\t\t<\/div>\n\t\t\t\t<\/div>\n\t\t","protected":false},"excerpt":{"rendered":"<p>En un esfuerzo conjunto por llevar asistencia y apoyo a las familias afectadas por el desbordamiento del r\u00edo en Vilsa, comunidad de la parroquia San Gregorio, en el cant\u00f3n Muisne, la Prefectura de Esmeraldas liderada por Roberta Zambrano, Prefecta, nuevamente quiso demostrar su compromiso con la comunidad en situaciones de vulnerabilidad. Durante la entrega de [&hellip;]<\/p>\n","protected":false},"author":2,"featured_media":23022,"comment_status":"closed","ping_status":"open","sticky":false,"template":"","format":"standard","meta":{"footnotes":""},"categories":[3],"tags":[],"class_list":["post-23019","post","type-post","status-publish","format-standard","has-post-thumbnail","hentry","category-institucional"],"yoast_head":"<!-- This site is optimized with the Yoast SEO plugin v25.7 - https:\/\/yoast.com\/wordpress\/plugins\/seo\/ -->\n<title>Prefectura de Esmeraldas entreg\u00f3 ayudas solidarias a familias vulnerables de Vilsa, en el cant\u00f3n Muisne. - Gobierno Aut\u00f3nomo Descentralizado de la Provincia de Esmeraldas<\/title>\n<meta name=\"description\" content=\"En un esfuerzo conjunto por llevar asistencia y apoyo a las familias afectadas por el desbordamiento del r\u00edo en Vilsa, comunidad de la parroquia San Gregorio, en el cant\u00f3n Muisne, la Prefectura de Esmeraldas liderada por Roberta Zambrano, Prefecta, nuevamente quiso demostrar su compromiso con la comunidad en situaciones de vulnerabilidad.\" \/>\n<meta name=\"robots\" content=\"index, follow, max-snippet:-1, max-image-preview:large, max-video-preview:-1\" \/>\n<link rel=\"canonical\" href=\"https:\/\/prefecturadeesmeraldas.gob.ec\/index.php\/2023\/07\/27\/prefectura-de-esmeraldas-entrego-ayudas-solidarias-a-familias-vulnerables-de-vilsa-en-el-canton-muisne\/\" \/>\n<meta property=\"og:locale\" content=\"es_ES\" \/>\n<meta property=\"og:type\" content=\"article\" \/>\n<meta property=\"og:title\" content=\"Prefectura de Esmeraldas entreg\u00f3 ayudas solidarias a familias vulnerables de Vilsa, en el cant\u00f3n Muisne. - Gobierno Aut\u00f3nomo Descentralizado de la Provincia de Esmeraldas\" \/>\n<meta property=\"og:description\" content=\"En un esfuerzo conjunto por llevar asistencia y apoyo a las familias afectadas por el desbordamiento del r\u00edo en Vilsa, comunidad de la parroquia San Gregorio, en el cant\u00f3n Muisne, la Prefectura de Esmeraldas liderada por Roberta Zambrano, Prefecta, nuevamente quiso demostrar su compromiso con la comunidad en situaciones de vulnerabilidad.\" \/>\n<meta property=\"og:url\" content=\"https:\/\/prefecturadeesmeraldas.gob.ec\/index.php\/2023\/07\/27\/prefectura-de-esmeraldas-entrego-ayudas-solidarias-a-familias-vulnerables-de-vilsa-en-el-canton-muisne\/\" \/>\n<meta property=\"og:site_name\" content=\"Gobierno Aut\u00f3nomo Descentralizado de la Provincia de Esmeraldas\" \/>\n<meta property=\"article:publisher\" content=\"https:\/\/www.facebook.com\/PrefecturaEsmeraldas\/\" \/>\n<meta property=\"article:published_time\" content=\"2023-07-27T21:17:08+00:00\" \/>\n<meta property=\"article:modified_time\" content=\"2023-07-27T21:19:28+00:00\" \/>\n<meta property=\"og:image\" content=\"https:\/\/prefecturadeesmeraldas.gob.ec\/wp-content\/uploads\/2023\/07\/WhatsApp-Image-2023-07-25-at-09.08.57.jpeg\" \/>\n\t<meta property=\"og:image:width\" content=\"1600\" \/>\n\t<meta property=\"og:image:height\" content=\"1600\" \/>\n\t<meta property=\"og:image:type\" content=\"image\/jpeg\" \/>\n<meta name=\"author\" content=\"Direcci\u00f3n de Comunicaci\u00f3n\" \/>\n<meta name=\"twitter:card\" content=\"summary_large_image\" \/>\n<meta name=\"twitter:label1\" content=\"Escrito por\" \/>\n\t<meta name=\"twitter:data1\" content=\"Direcci\u00f3n de Comunicaci\u00f3n\" \/>\n\t<meta name=\"twitter:label2\" content=\"Tiempo de lectura\" \/>\n\t<meta name=\"twitter:data2\" content=\"1 minuto\" \/>\n<script type=\"application\/ld+json\" class=\"yoast-schema-graph\">{\"@context\":\"https:\/\/schema.org\",\"@graph\":[{\"@type\":\"Article\",\"@id\":\"https:\/\/prefecturadeesmeraldas.gob.ec\/index.php\/2023\/07\/27\/prefectura-de-esmeraldas-entrego-ayudas-solidarias-a-familias-vulnerables-de-vilsa-en-el-canton-muisne\/#article\",\"isPartOf\":{\"@id\":\"https:\/\/prefecturadeesmeraldas.gob.ec\/index.php\/2023\/07\/27\/prefectura-de-esmeraldas-entrego-ayudas-solidarias-a-familias-vulnerables-de-vilsa-en-el-canton-muisne\/\"},\"author\":{\"name\":\"Direcci\u00f3n de Comunicaci\u00f3n\",\"@id\":\"https:\/\/prefecturadeesmeraldas.gob.ec\/#\/schema\/person\/b0c9e7b1ead7725994d1e319e8825234\"},\"headline\":\"Prefectura de Esmeraldas entreg\u00f3 ayudas solidarias a familias vulnerables de Vilsa, en el cant\u00f3n Muisne.\",\"datePublished\":\"2023-07-27T21:17:08+00:00\",\"dateModified\":\"2023-07-27T21:19:28+00:00\",\"mainEntityOfPage\":{\"@id\":\"https:\/\/prefecturadeesmeraldas.gob.ec\/index.php\/2023\/07\/27\/prefectura-de-esmeraldas-entrego-ayudas-solidarias-a-familias-vulnerables-de-vilsa-en-el-canton-muisne\/\"},\"wordCount\":178,\"publisher\":{\"@id\":\"https:\/\/prefecturadeesmeraldas.gob.ec\/#organization\"},\"image\":{\"@id\":\"https:\/\/prefecturadeesmeraldas.gob.ec\/index.php\/2023\/07\/27\/prefectura-de-esmeraldas-entrego-ayudas-solidarias-a-familias-vulnerables-de-vilsa-en-el-canton-muisne\/#primaryimage\"},\"thumbnailUrl\":\"https:\/\/prefecturadeesmeraldas.gob.ec\/wp-content\/uploads\/2023\/07\/WhatsApp-Image-2023-07-25-at-09.08.57.jpeg\",\"articleSection\":[\"Institucional\"],\"inLanguage\":\"es\"},{\"@type\":\"WebPage\",\"@id\":\"https:\/\/prefecturadeesmeraldas.gob.ec\/index.php\/2023\/07\/27\/prefectura-de-esmeraldas-entrego-ayudas-solidarias-a-familias-vulnerables-de-vilsa-en-el-canton-muisne\/\",\"url\":\"https:\/\/prefecturadeesmeraldas.gob.ec\/index.php\/2023\/07\/27\/prefectura-de-esmeraldas-entrego-ayudas-solidarias-a-familias-vulnerables-de-vilsa-en-el-canton-muisne\/\",\"name\":\"Prefectura de Esmeraldas entreg\u00f3 ayudas solidarias a familias vulnerables de Vilsa, en el cant\u00f3n Muisne. - Gobierno Aut\u00f3nomo Descentralizado de la Provincia de Esmeraldas\",\"isPartOf\":{\"@id\":\"https:\/\/prefecturadeesmeraldas.gob.ec\/#website\"},\"primaryImageOfPage\":{\"@id\":\"https:\/\/prefecturadeesmeraldas.gob.ec\/index.php\/2023\/07\/27\/prefectura-de-esmeraldas-entrego-ayudas-solidarias-a-familias-vulnerables-de-vilsa-en-el-canton-muisne\/#primaryimage\"},\"image\":{\"@id\":\"https:\/\/prefecturadeesmeraldas.gob.ec\/index.php\/2023\/07\/27\/prefectura-de-esmeraldas-entrego-ayudas-solidarias-a-familias-vulnerables-de-vilsa-en-el-canton-muisne\/#primaryimage\"},\"thumbnailUrl\":\"https:\/\/prefecturadeesmeraldas.gob.ec\/wp-content\/uploads\/2023\/07\/WhatsApp-Image-2023-07-25-at-09.08.57.jpeg\",\"datePublished\":\"2023-07-27T21:17:08+00:00\",\"dateModified\":\"2023-07-27T21:19:28+00:00\",\"description\":\"En un esfuerzo conjunto por llevar asistencia y apoyo a las familias afectadas por el desbordamiento del r\u00edo en Vilsa, comunidad de la parroquia San Gregorio, en el cant\u00f3n Muisne, la Prefectura de Esmeraldas liderada por Roberta Zambrano, Prefecta, nuevamente quiso demostrar su compromiso con la comunidad en situaciones de vulnerabilidad.\",\"breadcrumb\":{\"@id\":\"https:\/\/prefecturadeesmeraldas.gob.ec\/index.php\/2023\/07\/27\/prefectura-de-esmeraldas-entrego-ayudas-solidarias-a-familias-vulnerables-de-vilsa-en-el-canton-muisne\/#breadcrumb\"},\"inLanguage\":\"es\",\"potentialAction\":[{\"@type\":\"ReadAction\",\"target\":[\"https:\/\/prefecturadeesmeraldas.gob.ec\/index.php\/2023\/07\/27\/prefectura-de-esmeraldas-entrego-ayudas-solidarias-a-familias-vulnerables-de-vilsa-en-el-canton-muisne\/\"]}]},{\"@type\":\"ImageObject\",\"inLanguage\":\"es\",\"@id\":\"https:\/\/prefecturadeesmeraldas.gob.ec\/index.php\/2023\/07\/27\/prefectura-de-esmeraldas-entrego-ayudas-solidarias-a-familias-vulnerables-de-vilsa-en-el-canton-muisne\/#primaryimage\",\"url\":\"https:\/\/prefecturadeesmeraldas.gob.ec\/wp-content\/uploads\/2023\/07\/WhatsApp-Image-2023-07-25-at-09.08.57.jpeg\",\"contentUrl\":\"https:\/\/prefecturadeesmeraldas.gob.ec\/wp-content\/uploads\/2023\/07\/WhatsApp-Image-2023-07-25-at-09.08.57.jpeg\",\"width\":1600,\"height\":1600},{\"@type\":\"BreadcrumbList\",\"@id\":\"https:\/\/prefecturadeesmeraldas.gob.ec\/index.php\/2023\/07\/27\/prefectura-de-esmeraldas-entrego-ayudas-solidarias-a-familias-vulnerables-de-vilsa-en-el-canton-muisne\/#breadcrumb\",\"itemListElement\":[{\"@type\":\"ListItem\",\"position\":1,\"name\":\"Home\",\"item\":\"https:\/\/prefecturadeesmeraldas.gob.ec\/\"},{\"@type\":\"ListItem\",\"position\":2,\"name\":\"Prefectura de Esmeraldas entreg\u00f3 ayudas solidarias a familias vulnerables de Vilsa, en el cant\u00f3n Muisne.\"}]},{\"@type\":\"WebSite\",\"@id\":\"https:\/\/prefecturadeesmeraldas.gob.ec\/#website\",\"url\":\"https:\/\/prefecturadeesmeraldas.gob.ec\/\",\"name\":\"Gobierno Aut\u00f3nomo Descentralizado de la Provincia de Esmeraldas\",\"description\":\"Gobierno Aut\u00f3nomo Descentralizado de la Provincia de Esmeraldas\",\"publisher\":{\"@id\":\"https:\/\/prefecturadeesmeraldas.gob.ec\/#organization\"},\"potentialAction\":[{\"@type\":\"SearchAction\",\"target\":{\"@type\":\"EntryPoint\",\"urlTemplate\":\"https:\/\/prefecturadeesmeraldas.gob.ec\/?s={search_term_string}\"},\"query-input\":{\"@type\":\"PropertyValueSpecification\",\"valueRequired\":true,\"valueName\":\"search_term_string\"}}],\"inLanguage\":\"es\"},{\"@type\":\"Organization\",\"@id\":\"https:\/\/prefecturadeesmeraldas.gob.ec\/#organization\",\"name\":\"Gobierno Aut\u00f3nomo Descentralizado de la Provincia de Esmeraldas\",\"url\":\"https:\/\/prefecturadeesmeraldas.gob.ec\/\",\"logo\":{\"@type\":\"ImageObject\",\"inLanguage\":\"es\",\"@id\":\"https:\/\/prefecturadeesmeraldas.gob.ec\/#\/schema\/logo\/image\/\",\"url\":\"https:\/\/prefecturadeesmeraldas.gob.ec\/wp-content\/uploads\/2019\/06\/logo.png\",\"contentUrl\":\"https:\/\/prefecturadeesmeraldas.gob.ec\/wp-content\/uploads\/2019\/06\/logo.png\",\"width\":859,\"height\":448,\"caption\":\"Gobierno Aut\u00f3nomo Descentralizado de la Provincia de Esmeraldas\"},\"image\":{\"@id\":\"https:\/\/prefecturadeesmeraldas.gob.ec\/#\/schema\/logo\/image\/\"},\"sameAs\":[\"https:\/\/www.facebook.com\/PrefecturaEsmeraldas\/\"]},{\"@type\":\"Person\",\"@id\":\"https:\/\/prefecturadeesmeraldas.gob.ec\/#\/schema\/person\/b0c9e7b1ead7725994d1e319e8825234\",\"name\":\"Direcci\u00f3n de Comunicaci\u00f3n\",\"image\":{\"@type\":\"ImageObject\",\"inLanguage\":\"es\",\"@id\":\"https:\/\/prefecturadeesmeraldas.gob.ec\/#\/schema\/person\/image\/\",\"url\":\"https:\/\/secure.gravatar.com\/avatar\/74a3870a946f5d774ade3569af61a72308e07ad3346f370c4b468ee2a9858658?s=96&d=mm&r=g\",\"contentUrl\":\"https:\/\/secure.gravatar.com\/avatar\/74a3870a946f5d774ade3569af61a72308e07ad3346f370c4b468ee2a9858658?s=96&d=mm&r=g\",\"caption\":\"Direcci\u00f3n de Comunicaci\u00f3n\"}}]}<\/script>\n<!-- \/ Yoast SEO plugin. -->","yoast_head_json":{"title":"Prefectura de Esmeraldas entreg\u00f3 ayudas solidarias a familias vulnerables de Vilsa, en el cant\u00f3n Muisne. - Gobierno Aut\u00f3nomo Descentralizado de la Provincia de Esmeraldas","description":"En un esfuerzo conjunto por llevar asistencia y apoyo a las familias afectadas por el desbordamiento del r\u00edo en Vilsa, comunidad de la parroquia San Gregorio, en el cant\u00f3n Muisne, la Prefectura de Esmeraldas liderada por Roberta Zambrano, Prefecta, nuevamente quiso demostrar su compromiso con la comunidad en situaciones de vulnerabilidad.","robots":{"index":"index","follow":"follow","max-snippet":"max-snippet:-1","max-image-preview":"max-image-preview:large","max-video-preview":"max-video-preview:-1"},"canonical":"https:\/\/prefecturadeesmeraldas.gob.ec\/index.php\/2023\/07\/27\/prefectura-de-esmeraldas-entrego-ayudas-solidarias-a-familias-vulnerables-de-vilsa-en-el-canton-muisne\/","og_locale":"es_ES","og_type":"article","og_title":"Prefectura de Esmeraldas entreg\u00f3 ayudas solidarias a familias vulnerables de Vilsa, en el cant\u00f3n Muisne. - Gobierno Aut\u00f3nomo Descentralizado de la Provincia de Esmeraldas","og_description":"En un esfuerzo conjunto por llevar asistencia y apoyo a las familias afectadas por el desbordamiento del r\u00edo en Vilsa, comunidad de la parroquia San Gregorio, en el cant\u00f3n Muisne, la Prefectura de Esmeraldas liderada por Roberta Zambrano, Prefecta, nuevamente quiso demostrar su compromiso con la comunidad en situaciones de vulnerabilidad.","og_url":"https:\/\/prefecturadeesmeraldas.gob.ec\/index.php\/2023\/07\/27\/prefectura-de-esmeraldas-entrego-ayudas-solidarias-a-familias-vulnerables-de-vilsa-en-el-canton-muisne\/","og_site_name":"Gobierno Aut\u00f3nomo Descentralizado de la Provincia de Esmeraldas","article_publisher":"https:\/\/www.facebook.com\/PrefecturaEsmeraldas\/","article_published_time":"2023-07-27T21:17:08+00:00","article_modified_time":"2023-07-27T21:19:28+00:00","og_image":[{"width":1600,"height":1600,"url":"https:\/\/prefecturadeesmeraldas.gob.ec\/wp-content\/uploads\/2023\/07\/WhatsApp-Image-2023-07-25-at-09.08.57.jpeg","type":"image\/jpeg"}],"author":"Direcci\u00f3n de Comunicaci\u00f3n","twitter_card":"summary_large_image","twitter_misc":{"Escrito por":"Direcci\u00f3n de Comunicaci\u00f3n","Tiempo de lectura":"1 minuto"},"schema":{"@context":"https:\/\/schema.org","@graph":[{"@type":"Article","@id":"https:\/\/prefecturadeesmeraldas.gob.ec\/index.php\/2023\/07\/27\/prefectura-de-esmeraldas-entrego-ayudas-solidarias-a-familias-vulnerables-de-vilsa-en-el-canton-muisne\/#article","isPartOf":{"@id":"https:\/\/prefecturadeesmeraldas.gob.ec\/index.php\/2023\/07\/27\/prefectura-de-esmeraldas-entrego-ayudas-solidarias-a-familias-vulnerables-de-vilsa-en-el-canton-muisne\/"},"author":{"name":"Direcci\u00f3n de Comunicaci\u00f3n","@id":"https:\/\/prefecturadeesmeraldas.gob.ec\/#\/schema\/person\/b0c9e7b1ead7725994d1e319e8825234"},"headline":"Prefectura de Esmeraldas entreg\u00f3 ayudas solidarias a familias vulnerables de Vilsa, en el cant\u00f3n Muisne.","datePublished":"2023-07-27T21:17:08+00:00","dateModified":"2023-07-27T21:19:28+00:00","mainEntityOfPage":{"@id":"https:\/\/prefecturadeesmeraldas.gob.ec\/index.php\/2023\/07\/27\/prefectura-de-esmeraldas-entrego-ayudas-solidarias-a-familias-vulnerables-de-vilsa-en-el-canton-muisne\/"},"wordCount":178,"publisher":{"@id":"https:\/\/prefecturadeesmeraldas.gob.ec\/#organization"},"image":{"@id":"https:\/\/prefecturadeesmeraldas.gob.ec\/index.php\/2023\/07\/27\/prefectura-de-esmeraldas-entrego-ayudas-solidarias-a-familias-vulnerables-de-vilsa-en-el-canton-muisne\/#primaryimage"},"thumbnailUrl":"https:\/\/prefecturadeesmeraldas.gob.ec\/wp-content\/uploads\/2023\/07\/WhatsApp-Image-2023-07-25-at-09.08.57.jpeg","articleSection":["Institucional"],"inLanguage":"es"},{"@type":"WebPage","@id":"https:\/\/prefecturadeesmeraldas.gob.ec\/index.php\/2023\/07\/27\/prefectura-de-esmeraldas-entrego-ayudas-solidarias-a-familias-vulnerables-de-vilsa-en-el-canton-muisne\/","url":"https:\/\/prefecturadeesmeraldas.gob.ec\/index.php\/2023\/07\/27\/prefectura-de-esmeraldas-entrego-ayudas-solidarias-a-familias-vulnerables-de-vilsa-en-el-canton-muisne\/","name":"Prefectura de Esmeraldas entreg\u00f3 ayudas solidarias a familias vulnerables de Vilsa, en el cant\u00f3n Muisne. - Gobierno Aut\u00f3nomo Descentralizado de la Provincia de Esmeraldas","isPartOf":{"@id":"https:\/\/prefecturadeesmeraldas.gob.ec\/#website"},"primaryImageOfPage":{"@id":"https:\/\/prefecturadeesmeraldas.gob.ec\/index.php\/2023\/07\/27\/prefectura-de-esmeraldas-entrego-ayudas-solidarias-a-familias-vulnerables-de-vilsa-en-el-canton-muisne\/#primaryimage"},"image":{"@id":"https:\/\/prefecturadeesmeraldas.gob.ec\/index.php\/2023\/07\/27\/prefectura-de-esmeraldas-entrego-ayudas-solidarias-a-familias-vulnerables-de-vilsa-en-el-canton-muisne\/#primaryimage"},"thumbnailUrl":"https:\/\/prefecturadeesmeraldas.gob.ec\/wp-content\/uploads\/2023\/07\/WhatsApp-Image-2023-07-25-at-09.08.57.jpeg","datePublished":"2023-07-27T21:17:08+00:00","dateModified":"2023-07-27T21:19:28+00:00","description":"En un esfuerzo conjunto por llevar asistencia y apoyo a las familias afectadas por el desbordamiento del r\u00edo en Vilsa, comunidad de la parroquia San Gregorio, en el cant\u00f3n Muisne, la Prefectura de Esmeraldas liderada por Roberta Zambrano, Prefecta, nuevamente quiso demostrar su compromiso con la comunidad en situaciones de vulnerabilidad.","breadcrumb":{"@id":"https:\/\/prefecturadeesmeraldas.gob.ec\/index.php\/2023\/07\/27\/prefectura-de-esmeraldas-entrego-ayudas-solidarias-a-familias-vulnerables-de-vilsa-en-el-canton-muisne\/#breadcrumb"},"inLanguage":"es","potentialAction":[{"@type":"ReadAction","target":["https:\/\/prefecturadeesmeraldas.gob.ec\/index.php\/2023\/07\/27\/prefectura-de-esmeraldas-entrego-ayudas-solidarias-a-familias-vulnerables-de-vilsa-en-el-canton-muisne\/"]}]},{"@type":"ImageObject","inLanguage":"es","@id":"https:\/\/prefecturadeesmeraldas.gob.ec\/index.php\/2023\/07\/27\/prefectura-de-esmeraldas-entrego-ayudas-solidarias-a-familias-vulnerables-de-vilsa-en-el-canton-muisne\/#primaryimage","url":"https:\/\/prefecturadeesmeraldas.gob.ec\/wp-content\/uploads\/2023\/07\/WhatsApp-Image-2023-07-25-at-09.08.57.jpeg","contentUrl":"https:\/\/prefecturadeesmeraldas.gob.ec\/wp-content\/uploads\/2023\/07\/WhatsApp-Image-2023-07-25-at-09.08.57.jpeg","width":1600,"height":1600},{"@type":"BreadcrumbList","@id":"https:\/\/prefecturadeesmeraldas.gob.ec\/index.php\/2023\/07\/27\/prefectura-de-esmeraldas-entrego-ayudas-solidarias-a-familias-vulnerables-de-vilsa-en-el-canton-muisne\/#breadcrumb","itemListElement":[{"@type":"ListItem","position":1,"name":"Home","item":"https:\/\/prefecturadeesmeraldas.gob.ec\/"},{"@type":"ListItem","position":2,"name":"Prefectura de Esmeraldas entreg\u00f3 ayudas solidarias a familias vulnerables de Vilsa, en el cant\u00f3n Muisne."}]},{"@type":"WebSite","@id":"https:\/\/prefecturadeesmeraldas.gob.ec\/#website","url":"https:\/\/prefecturadeesmeraldas.gob.ec\/","name":"Gobierno Aut\u00f3nomo Descentralizado de la Provincia de Esmeraldas","description":"Gobierno Aut\u00f3nomo Descentralizado de la Provincia de Esmeraldas","publisher":{"@id":"https:\/\/prefecturadeesmeraldas.gob.ec\/#organization"},"potentialAction":[{"@type":"SearchAction","target":{"@type":"EntryPoint","urlTemplate":"https:\/\/prefecturadeesmeraldas.gob.ec\/?s={search_term_string}"},"query-input":{"@type":"PropertyValueSpecification","valueRequired":true,"valueName":"search_term_string"}}],"inLanguage":"es"},{"@type":"Organization","@id":"https:\/\/prefecturadeesmeraldas.gob.ec\/#organization","name":"Gobierno Aut\u00f3nomo Descentralizado de la Provincia de Esmeraldas","url":"https:\/\/prefecturadeesmeraldas.gob.ec\/","logo":{"@type":"ImageObject","inLanguage":"es","@id":"https:\/\/prefecturadeesmeraldas.gob.ec\/#\/schema\/logo\/image\/","url":"https:\/\/prefecturadeesmeraldas.gob.ec\/wp-content\/uploads\/2019\/06\/logo.png","contentUrl":"https:\/\/prefecturadeesmeraldas.gob.ec\/wp-content\/uploads\/2019\/06\/logo.png","width":859,"height":448,"caption":"Gobierno Aut\u00f3nomo Descentralizado de la Provincia de Esmeraldas"},"image":{"@id":"https:\/\/prefecturadeesmeraldas.gob.ec\/#\/schema\/logo\/image\/"},"sameAs":["https:\/\/www.facebook.com\/PrefecturaEsmeraldas\/"]},{"@type":"Person","@id":"https:\/\/prefecturadeesmeraldas.gob.ec\/#\/schema\/person\/b0c9e7b1ead7725994d1e319e8825234","name":"Direcci\u00f3n de Comunicaci\u00f3n","image":{"@type":"ImageObject","inLanguage":"es","@id":"https:\/\/prefecturadeesmeraldas.gob.ec\/#\/schema\/person\/image\/","url":"https:\/\/secure.gravatar.com\/avatar\/74a3870a946f5d774ade3569af61a72308e07ad3346f370c4b468ee2a9858658?s=96&d=mm&r=g","contentUrl":"https:\/\/secure.gravatar.com\/avatar\/74a3870a946f5d774ade3569af61a72308e07ad3346f370c4b468ee2a9858658?s=96&d=mm&r=g","caption":"Direcci\u00f3n de Comunicaci\u00f3n"}}]}},"_links":{"self":[{"href":"https:\/\/prefecturadeesmeraldas.gob.ec\/index.php\/wp-json\/wp\/v2\/posts\/23019","targetHints":{"allow":["GET"]}}],"collection":[{"href":"https:\/\/prefecturadeesmeraldas.gob.ec\/index.php\/wp-json\/wp\/v2\/posts"}],"about":[{"href":"https:\/\/prefecturadeesmeraldas.gob.ec\/index.php\/wp-json\/wp\/v2\/types\/post"}],"author":[{"embeddable":true,"href":"https:\/\/prefecturadeesmeraldas.gob.ec\/index.php\/wp-json\/wp\/v2\/users\/2"}],"replies":[{"embeddable":true,"href":"https:\/\/prefecturadeesmeraldas.gob.ec\/index.php\/wp-json\/wp\/v2\/comments?post=23019"}],"version-history":[{"count":0,"href":"https:\/\/prefecturadeesmeraldas.gob.ec\/index.php\/wp-json\/wp\/v2\/posts\/23019\/revisions"}],"wp:featuredmedia":[{"embeddable":true,"href":"https:\/\/prefecturadeesmeraldas.gob.ec\/index.php\/wp-json\/wp\/v2\/media\/23022"}],"wp:attachment":[{"href":"https:\/\/prefecturadeesmeraldas.gob.ec\/index.php\/wp-json\/wp\/v2\/media?parent=23019"}],"wp:term":[{"taxonomy":"category","embeddable":true,"href":"https:\/\/prefecturadeesmeraldas.gob.ec\/index.php\/wp-json\/wp\/v2\/categories?post=23019"},{"taxonomy":"post_tag","embeddable":true,"href":"https:\/\/prefecturadeesmeraldas.gob.ec\/index.php\/wp-json\/wp\/v2\/tags?post=23019"}],"curies":[{"name":"wp","href":"https:\/\/api.w.org\/{rel}","templated":true}]}}