{"id":22750,"date":"2023-06-30T14:28:43","date_gmt":"2023-06-30T19:28:43","guid":{"rendered":"https:\/\/prefecturadeesmeraldas.gob.ec\/?p=22750"},"modified":"2023-06-30T14:30:56","modified_gmt":"2023-06-30T19:30:56","slug":"prefectura-de-esmeraldas-apuesta-por-hacer-de-la-provincia-un-lugar-inclusivo","status":"publish","type":"post","link":"https:\/\/prefecturadeesmeraldas.gob.ec\/index.php\/2023\/06\/30\/prefectura-de-esmeraldas-apuesta-por-hacer-de-la-provincia-un-lugar-inclusivo\/","title":{"rendered":"Prefectura de Esmeraldas apuesta por hacer de la provincia un lugar inclusivo."},"content":{"rendered":"\t\t<div data-elementor-type=\"wp-post\" data-elementor-id=\"22750\" class=\"elementor elementor-22750\">\n\t\t\t\t<div class=\"elementor-element elementor-element-a0ff735 e-flex e-con-boxed e-con e-parent\" data-id=\"a0ff735\" data-element_type=\"container\">\n\t\t\t\t\t<div class=\"e-con-inner\">\n\t\t\t\t<div class=\"elementor-element elementor-element-bbdccc1 elementor-widget elementor-widget-image\" data-id=\"bbdccc1\" data-element_type=\"widget\" data-widget_type=\"image.default\">\n\t\t\t\t<div class=\"elementor-widget-container\">\n\t\t\t\t\t\t\t\t\t\t\t\t\t\t\t<img fetchpriority=\"high\" decoding=\"async\" width=\"1280\" height=\"1280\" src=\"https:\/\/prefecturadeesmeraldas.gob.ec\/wp-content\/uploads\/2023\/06\/WhatsApp-Image-2023-06-22-at-15.54.50.jpeg\" class=\"attachment-large size-large wp-image-22752\" alt=\"\" srcset=\"https:\/\/prefecturadeesmeraldas.gob.ec\/wp-content\/uploads\/2023\/06\/WhatsApp-Image-2023-06-22-at-15.54.50.jpeg 1280w, https:\/\/prefecturadeesmeraldas.gob.ec\/wp-content\/uploads\/2023\/06\/WhatsApp-Image-2023-06-22-at-15.54.50-300x300.jpeg 300w, https:\/\/prefecturadeesmeraldas.gob.ec\/wp-content\/uploads\/2023\/06\/WhatsApp-Image-2023-06-22-at-15.54.50-150x150.jpeg 150w, https:\/\/prefecturadeesmeraldas.gob.ec\/wp-content\/uploads\/2023\/06\/WhatsApp-Image-2023-06-22-at-15.54.50-768x768.jpeg 768w, https:\/\/prefecturadeesmeraldas.gob.ec\/wp-content\/uploads\/2023\/06\/WhatsApp-Image-2023-06-22-at-15.54.50-440x440.jpeg 440w, https:\/\/prefecturadeesmeraldas.gob.ec\/wp-content\/uploads\/2023\/06\/WhatsApp-Image-2023-06-22-at-15.54.50-180x180.jpeg 180w, https:\/\/prefecturadeesmeraldas.gob.ec\/wp-content\/uploads\/2023\/06\/WhatsApp-Image-2023-06-22-at-15.54.50-120x120.jpeg 120w\" sizes=\"(max-width: 1280px) 100vw, 1280px\" \/>\t\t\t\t\t\t\t\t\t\t\t\t\t\t\t<\/div>\n\t\t\t\t<\/div>\n\t\t\t\t\t<\/div>\n\t\t\t\t<\/div>\n\t\t<div class=\"elementor-element elementor-element-76227d1 e-flex e-con-boxed e-con e-parent\" data-id=\"76227d1\" data-element_type=\"container\">\n\t\t\t\t\t<div class=\"e-con-inner\">\n\t\t\t\t<div class=\"elementor-element elementor-element-4d500af elementor-widget elementor-widget-text-editor\" data-id=\"4d500af\" data-element_type=\"widget\" data-widget_type=\"text-editor.default\">\n\t\t\t\t<div class=\"elementor-widget-container\">\n\t\t\t\t\t\t\t\t\t<p>Un nuevo &#8220;Taller de Promulgaci\u00f3n de Derechos&#8221;, organizado por la Direcci\u00f3n de Acci\u00f3n Social, Inclusi\u00f3n y Participaci\u00f3n (DASIP) de la Prefectura de Esmeraldas, en conmemoraci\u00f3n del D\u00eda Internacional de la Diversidad Sexual, se realiz\u00f3 en la ciudad de Esmeraldas.<\/p><p><strong>Juliana de Le\u00f3n<\/strong>, t\u00e9cnica de la Direcci\u00f3n de Acci\u00f3n Social de la Prefectura de Esmeraldas (DASIP), argument\u00f3 que, la meta es garantizar la igualdad de derechos para todas las personas, sin importar su orientaci\u00f3n sexual o identidad de g\u00e9nero.<\/p><p>Y bajo estos objetivos promovidos a trav\u00e9s del eje de igualdad sobre los derechos de las personas miembros de la comunidad LGBT+, se busca fomentar un ambiente de respeto y aceptaci\u00f3n. <strong>Elsa Qui\u00f1ones Benalc\u00e1zar<\/strong>, directora de DASIP, ofreci\u00f3 seguir trabajando en favor de los grupos vulnerables y la promulgaci\u00f3n de sus derechos, para posibilitar una mejor condici\u00f3n de vida.<\/p><p>Hay que destacar los logros en temas de inclusi\u00f3n social que hoy son posibles, gracias al esfuerzo conjunto de todos los habitantes, instituciones, organismos defensores de derechos y comunidad, hacia una sociedad m\u00e1s justa y equitativa, un futuro pr\u00f3spero y lleno de oportunidades para todos, dijo uno de los asistentes. <\/p>\t\t\t\t\t\t\t\t<\/div>\n\t\t\t\t<\/div>\n\t\t\t\t\t<\/div>\n\t\t\t\t<\/div>\n\t\t\t\t<\/div>\n\t\t","protected":false},"excerpt":{"rendered":"<p>Un nuevo &#8220;Taller de Promulgaci\u00f3n de Derechos&#8221;, organizado por la Direcci\u00f3n de Acci\u00f3n Social, Inclusi\u00f3n y Participaci\u00f3n (DASIP) de la Prefectura de Esmeraldas, en conmemoraci\u00f3n del D\u00eda Internacional de la Diversidad Sexual, se realiz\u00f3 en la ciudad de Esmeraldas. Juliana de Le\u00f3n, t\u00e9cnica de la Direcci\u00f3n de Acci\u00f3n Social de la Prefectura de Esmeraldas (DASIP), [&hellip;]<\/p>\n","protected":false},"author":2,"featured_media":22752,"comment_status":"closed","ping_status":"open","sticky":false,"template":"","format":"standard","meta":{"footnotes":""},"categories":[23],"tags":[],"class_list":["post-22750","post","type-post","status-publish","format-standard","has-post-thumbnail","hentry","category-dasip"],"yoast_head":"<!-- This site is optimized with the Yoast SEO plugin v25.7 - https:\/\/yoast.com\/wordpress\/plugins\/seo\/ -->\n<title>Prefectura de Esmeraldas apuesta por hacer de la provincia un lugar inclusivo. - Gobierno Aut\u00f3nomo Descentralizado de la Provincia de Esmeraldas<\/title>\n<meta name=\"description\" content=\"Un nuevo &quot;Taller de Promulgaci\u00f3n de Derechos&quot;, organizado por la Direcci\u00f3n de Acci\u00f3n Social, Inclusi\u00f3n y Participaci\u00f3n (DASIP) de la Prefectura de Esmeraldas, en conmemoraci\u00f3n del D\u00eda Internacional de la Diversidad Sexual, se realiz\u00f3 en la ciudad de Esmeraldas.\" \/>\n<meta name=\"robots\" content=\"index, follow, max-snippet:-1, max-image-preview:large, max-video-preview:-1\" \/>\n<link rel=\"canonical\" href=\"https:\/\/prefecturadeesmeraldas.gob.ec\/index.php\/2023\/06\/30\/prefectura-de-esmeraldas-apuesta-por-hacer-de-la-provincia-un-lugar-inclusivo\/\" \/>\n<meta property=\"og:locale\" content=\"es_ES\" \/>\n<meta property=\"og:type\" content=\"article\" \/>\n<meta property=\"og:title\" content=\"Prefectura de Esmeraldas apuesta por hacer de la provincia un lugar inclusivo. - Gobierno Aut\u00f3nomo Descentralizado de la Provincia de Esmeraldas\" \/>\n<meta property=\"og:description\" content=\"Un nuevo &quot;Taller de Promulgaci\u00f3n de Derechos&quot;, organizado por la Direcci\u00f3n de Acci\u00f3n Social, Inclusi\u00f3n y Participaci\u00f3n (DASIP) de la Prefectura de Esmeraldas, en conmemoraci\u00f3n del D\u00eda Internacional de la Diversidad Sexual, se realiz\u00f3 en la ciudad de Esmeraldas.\" \/>\n<meta property=\"og:url\" content=\"https:\/\/prefecturadeesmeraldas.gob.ec\/index.php\/2023\/06\/30\/prefectura-de-esmeraldas-apuesta-por-hacer-de-la-provincia-un-lugar-inclusivo\/\" \/>\n<meta property=\"og:site_name\" content=\"Gobierno Aut\u00f3nomo Descentralizado de la Provincia de Esmeraldas\" \/>\n<meta property=\"article:publisher\" content=\"https:\/\/www.facebook.com\/PrefecturaEsmeraldas\/\" \/>\n<meta property=\"article:published_time\" content=\"2023-06-30T19:28:43+00:00\" \/>\n<meta property=\"article:modified_time\" content=\"2023-06-30T19:30:56+00:00\" \/>\n<meta property=\"og:image\" content=\"https:\/\/prefecturadeesmeraldas.gob.ec\/wp-content\/uploads\/2023\/06\/WhatsApp-Image-2023-06-22-at-15.54.50.jpeg\" \/>\n\t<meta property=\"og:image:width\" content=\"1280\" \/>\n\t<meta property=\"og:image:height\" content=\"1280\" \/>\n\t<meta property=\"og:image:type\" content=\"image\/jpeg\" \/>\n<meta name=\"author\" content=\"Direcci\u00f3n de Comunicaci\u00f3n\" \/>\n<meta name=\"twitter:card\" content=\"summary_large_image\" \/>\n<meta name=\"twitter:label1\" content=\"Escrito por\" \/>\n\t<meta name=\"twitter:data1\" content=\"Direcci\u00f3n de Comunicaci\u00f3n\" \/>\n\t<meta name=\"twitter:label2\" content=\"Tiempo de lectura\" \/>\n\t<meta name=\"twitter:data2\" content=\"2 minutos\" \/>\n<script type=\"application\/ld+json\" class=\"yoast-schema-graph\">{\"@context\":\"https:\/\/schema.org\",\"@graph\":[{\"@type\":\"Article\",\"@id\":\"https:\/\/prefecturadeesmeraldas.gob.ec\/index.php\/2023\/06\/30\/prefectura-de-esmeraldas-apuesta-por-hacer-de-la-provincia-un-lugar-inclusivo\/#article\",\"isPartOf\":{\"@id\":\"https:\/\/prefecturadeesmeraldas.gob.ec\/index.php\/2023\/06\/30\/prefectura-de-esmeraldas-apuesta-por-hacer-de-la-provincia-un-lugar-inclusivo\/\"},\"author\":{\"name\":\"Direcci\u00f3n de Comunicaci\u00f3n\",\"@id\":\"https:\/\/prefecturadeesmeraldas.gob.ec\/#\/schema\/person\/b0c9e7b1ead7725994d1e319e8825234\"},\"headline\":\"Prefectura de Esmeraldas apuesta por hacer de la provincia un lugar inclusivo.\",\"datePublished\":\"2023-06-30T19:28:43+00:00\",\"dateModified\":\"2023-06-30T19:30:56+00:00\",\"mainEntityOfPage\":{\"@id\":\"https:\/\/prefecturadeesmeraldas.gob.ec\/index.php\/2023\/06\/30\/prefectura-de-esmeraldas-apuesta-por-hacer-de-la-provincia-un-lugar-inclusivo\/\"},\"wordCount\":221,\"publisher\":{\"@id\":\"https:\/\/prefecturadeesmeraldas.gob.ec\/#organization\"},\"image\":{\"@id\":\"https:\/\/prefecturadeesmeraldas.gob.ec\/index.php\/2023\/06\/30\/prefectura-de-esmeraldas-apuesta-por-hacer-de-la-provincia-un-lugar-inclusivo\/#primaryimage\"},\"thumbnailUrl\":\"https:\/\/prefecturadeesmeraldas.gob.ec\/wp-content\/uploads\/2023\/06\/WhatsApp-Image-2023-06-22-at-15.54.50.jpeg\",\"articleSection\":[\"DASIP\"],\"inLanguage\":\"es\"},{\"@type\":\"WebPage\",\"@id\":\"https:\/\/prefecturadeesmeraldas.gob.ec\/index.php\/2023\/06\/30\/prefectura-de-esmeraldas-apuesta-por-hacer-de-la-provincia-un-lugar-inclusivo\/\",\"url\":\"https:\/\/prefecturadeesmeraldas.gob.ec\/index.php\/2023\/06\/30\/prefectura-de-esmeraldas-apuesta-por-hacer-de-la-provincia-un-lugar-inclusivo\/\",\"name\":\"Prefectura de Esmeraldas apuesta por hacer de la provincia un lugar inclusivo. - Gobierno Aut\u00f3nomo Descentralizado de la Provincia de Esmeraldas\",\"isPartOf\":{\"@id\":\"https:\/\/prefecturadeesmeraldas.gob.ec\/#website\"},\"primaryImageOfPage\":{\"@id\":\"https:\/\/prefecturadeesmeraldas.gob.ec\/index.php\/2023\/06\/30\/prefectura-de-esmeraldas-apuesta-por-hacer-de-la-provincia-un-lugar-inclusivo\/#primaryimage\"},\"image\":{\"@id\":\"https:\/\/prefecturadeesmeraldas.gob.ec\/index.php\/2023\/06\/30\/prefectura-de-esmeraldas-apuesta-por-hacer-de-la-provincia-un-lugar-inclusivo\/#primaryimage\"},\"thumbnailUrl\":\"https:\/\/prefecturadeesmeraldas.gob.ec\/wp-content\/uploads\/2023\/06\/WhatsApp-Image-2023-06-22-at-15.54.50.jpeg\",\"datePublished\":\"2023-06-30T19:28:43+00:00\",\"dateModified\":\"2023-06-30T19:30:56+00:00\",\"description\":\"Un nuevo \\\"Taller de Promulgaci\u00f3n de Derechos\\\", organizado por la Direcci\u00f3n de Acci\u00f3n Social, Inclusi\u00f3n y Participaci\u00f3n (DASIP) de la Prefectura de Esmeraldas, en conmemoraci\u00f3n del D\u00eda Internacional de la Diversidad Sexual, se realiz\u00f3 en la ciudad de Esmeraldas.\",\"breadcrumb\":{\"@id\":\"https:\/\/prefecturadeesmeraldas.gob.ec\/index.php\/2023\/06\/30\/prefectura-de-esmeraldas-apuesta-por-hacer-de-la-provincia-un-lugar-inclusivo\/#breadcrumb\"},\"inLanguage\":\"es\",\"potentialAction\":[{\"@type\":\"ReadAction\",\"target\":[\"https:\/\/prefecturadeesmeraldas.gob.ec\/index.php\/2023\/06\/30\/prefectura-de-esmeraldas-apuesta-por-hacer-de-la-provincia-un-lugar-inclusivo\/\"]}]},{\"@type\":\"ImageObject\",\"inLanguage\":\"es\",\"@id\":\"https:\/\/prefecturadeesmeraldas.gob.ec\/index.php\/2023\/06\/30\/prefectura-de-esmeraldas-apuesta-por-hacer-de-la-provincia-un-lugar-inclusivo\/#primaryimage\",\"url\":\"https:\/\/prefecturadeesmeraldas.gob.ec\/wp-content\/uploads\/2023\/06\/WhatsApp-Image-2023-06-22-at-15.54.50.jpeg\",\"contentUrl\":\"https:\/\/prefecturadeesmeraldas.gob.ec\/wp-content\/uploads\/2023\/06\/WhatsApp-Image-2023-06-22-at-15.54.50.jpeg\",\"width\":1280,\"height\":1280},{\"@type\":\"BreadcrumbList\",\"@id\":\"https:\/\/prefecturadeesmeraldas.gob.ec\/index.php\/2023\/06\/30\/prefectura-de-esmeraldas-apuesta-por-hacer-de-la-provincia-un-lugar-inclusivo\/#breadcrumb\",\"itemListElement\":[{\"@type\":\"ListItem\",\"position\":1,\"name\":\"Home\",\"item\":\"https:\/\/prefecturadeesmeraldas.gob.ec\/\"},{\"@type\":\"ListItem\",\"position\":2,\"name\":\"Prefectura de Esmeraldas apuesta por hacer de la provincia un lugar inclusivo.\"}]},{\"@type\":\"WebSite\",\"@id\":\"https:\/\/prefecturadeesmeraldas.gob.ec\/#website\",\"url\":\"https:\/\/prefecturadeesmeraldas.gob.ec\/\",\"name\":\"Gobierno Aut\u00f3nomo Descentralizado de la Provincia de Esmeraldas\",\"description\":\"Gobierno Aut\u00f3nomo Descentralizado de la Provincia de Esmeraldas\",\"publisher\":{\"@id\":\"https:\/\/prefecturadeesmeraldas.gob.ec\/#organization\"},\"potentialAction\":[{\"@type\":\"SearchAction\",\"target\":{\"@type\":\"EntryPoint\",\"urlTemplate\":\"https:\/\/prefecturadeesmeraldas.gob.ec\/?s={search_term_string}\"},\"query-input\":{\"@type\":\"PropertyValueSpecification\",\"valueRequired\":true,\"valueName\":\"search_term_string\"}}],\"inLanguage\":\"es\"},{\"@type\":\"Organization\",\"@id\":\"https:\/\/prefecturadeesmeraldas.gob.ec\/#organization\",\"name\":\"Gobierno Aut\u00f3nomo Descentralizado de la Provincia de Esmeraldas\",\"url\":\"https:\/\/prefecturadeesmeraldas.gob.ec\/\",\"logo\":{\"@type\":\"ImageObject\",\"inLanguage\":\"es\",\"@id\":\"https:\/\/prefecturadeesmeraldas.gob.ec\/#\/schema\/logo\/image\/\",\"url\":\"https:\/\/prefecturadeesmeraldas.gob.ec\/wp-content\/uploads\/2019\/06\/logo.png\",\"contentUrl\":\"https:\/\/prefecturadeesmeraldas.gob.ec\/wp-content\/uploads\/2019\/06\/logo.png\",\"width\":859,\"height\":448,\"caption\":\"Gobierno Aut\u00f3nomo Descentralizado de la Provincia de Esmeraldas\"},\"image\":{\"@id\":\"https:\/\/prefecturadeesmeraldas.gob.ec\/#\/schema\/logo\/image\/\"},\"sameAs\":[\"https:\/\/www.facebook.com\/PrefecturaEsmeraldas\/\"]},{\"@type\":\"Person\",\"@id\":\"https:\/\/prefecturadeesmeraldas.gob.ec\/#\/schema\/person\/b0c9e7b1ead7725994d1e319e8825234\",\"name\":\"Direcci\u00f3n de Comunicaci\u00f3n\",\"image\":{\"@type\":\"ImageObject\",\"inLanguage\":\"es\",\"@id\":\"https:\/\/prefecturadeesmeraldas.gob.ec\/#\/schema\/person\/image\/\",\"url\":\"https:\/\/secure.gravatar.com\/avatar\/74a3870a946f5d774ade3569af61a72308e07ad3346f370c4b468ee2a9858658?s=96&d=mm&r=g\",\"contentUrl\":\"https:\/\/secure.gravatar.com\/avatar\/74a3870a946f5d774ade3569af61a72308e07ad3346f370c4b468ee2a9858658?s=96&d=mm&r=g\",\"caption\":\"Direcci\u00f3n de Comunicaci\u00f3n\"}}]}<\/script>\n<!-- \/ Yoast SEO plugin. -->","yoast_head_json":{"title":"Prefectura de Esmeraldas apuesta por hacer de la provincia un lugar inclusivo. - Gobierno Aut\u00f3nomo Descentralizado de la Provincia de Esmeraldas","description":"Un nuevo \"Taller de Promulgaci\u00f3n de Derechos\", organizado por la Direcci\u00f3n de Acci\u00f3n Social, Inclusi\u00f3n y Participaci\u00f3n (DASIP) de la Prefectura de Esmeraldas, en conmemoraci\u00f3n del D\u00eda Internacional de la Diversidad Sexual, se realiz\u00f3 en la ciudad de Esmeraldas.","robots":{"index":"index","follow":"follow","max-snippet":"max-snippet:-1","max-image-preview":"max-image-preview:large","max-video-preview":"max-video-preview:-1"},"canonical":"https:\/\/prefecturadeesmeraldas.gob.ec\/index.php\/2023\/06\/30\/prefectura-de-esmeraldas-apuesta-por-hacer-de-la-provincia-un-lugar-inclusivo\/","og_locale":"es_ES","og_type":"article","og_title":"Prefectura de Esmeraldas apuesta por hacer de la provincia un lugar inclusivo. - Gobierno Aut\u00f3nomo Descentralizado de la Provincia de Esmeraldas","og_description":"Un nuevo \"Taller de Promulgaci\u00f3n de Derechos\", organizado por la Direcci\u00f3n de Acci\u00f3n Social, Inclusi\u00f3n y Participaci\u00f3n (DASIP) de la Prefectura de Esmeraldas, en conmemoraci\u00f3n del D\u00eda Internacional de la Diversidad Sexual, se realiz\u00f3 en la ciudad de Esmeraldas.","og_url":"https:\/\/prefecturadeesmeraldas.gob.ec\/index.php\/2023\/06\/30\/prefectura-de-esmeraldas-apuesta-por-hacer-de-la-provincia-un-lugar-inclusivo\/","og_site_name":"Gobierno Aut\u00f3nomo Descentralizado de la Provincia de Esmeraldas","article_publisher":"https:\/\/www.facebook.com\/PrefecturaEsmeraldas\/","article_published_time":"2023-06-30T19:28:43+00:00","article_modified_time":"2023-06-30T19:30:56+00:00","og_image":[{"width":1280,"height":1280,"url":"https:\/\/prefecturadeesmeraldas.gob.ec\/wp-content\/uploads\/2023\/06\/WhatsApp-Image-2023-06-22-at-15.54.50.jpeg","type":"image\/jpeg"}],"author":"Direcci\u00f3n de Comunicaci\u00f3n","twitter_card":"summary_large_image","twitter_misc":{"Escrito por":"Direcci\u00f3n de Comunicaci\u00f3n","Tiempo de lectura":"2 minutos"},"schema":{"@context":"https:\/\/schema.org","@graph":[{"@type":"Article","@id":"https:\/\/prefecturadeesmeraldas.gob.ec\/index.php\/2023\/06\/30\/prefectura-de-esmeraldas-apuesta-por-hacer-de-la-provincia-un-lugar-inclusivo\/#article","isPartOf":{"@id":"https:\/\/prefecturadeesmeraldas.gob.ec\/index.php\/2023\/06\/30\/prefectura-de-esmeraldas-apuesta-por-hacer-de-la-provincia-un-lugar-inclusivo\/"},"author":{"name":"Direcci\u00f3n de Comunicaci\u00f3n","@id":"https:\/\/prefecturadeesmeraldas.gob.ec\/#\/schema\/person\/b0c9e7b1ead7725994d1e319e8825234"},"headline":"Prefectura de Esmeraldas apuesta por hacer de la provincia un lugar inclusivo.","datePublished":"2023-06-30T19:28:43+00:00","dateModified":"2023-06-30T19:30:56+00:00","mainEntityOfPage":{"@id":"https:\/\/prefecturadeesmeraldas.gob.ec\/index.php\/2023\/06\/30\/prefectura-de-esmeraldas-apuesta-por-hacer-de-la-provincia-un-lugar-inclusivo\/"},"wordCount":221,"publisher":{"@id":"https:\/\/prefecturadeesmeraldas.gob.ec\/#organization"},"image":{"@id":"https:\/\/prefecturadeesmeraldas.gob.ec\/index.php\/2023\/06\/30\/prefectura-de-esmeraldas-apuesta-por-hacer-de-la-provincia-un-lugar-inclusivo\/#primaryimage"},"thumbnailUrl":"https:\/\/prefecturadeesmeraldas.gob.ec\/wp-content\/uploads\/2023\/06\/WhatsApp-Image-2023-06-22-at-15.54.50.jpeg","articleSection":["DASIP"],"inLanguage":"es"},{"@type":"WebPage","@id":"https:\/\/prefecturadeesmeraldas.gob.ec\/index.php\/2023\/06\/30\/prefectura-de-esmeraldas-apuesta-por-hacer-de-la-provincia-un-lugar-inclusivo\/","url":"https:\/\/prefecturadeesmeraldas.gob.ec\/index.php\/2023\/06\/30\/prefectura-de-esmeraldas-apuesta-por-hacer-de-la-provincia-un-lugar-inclusivo\/","name":"Prefectura de Esmeraldas apuesta por hacer de la provincia un lugar inclusivo. - Gobierno Aut\u00f3nomo Descentralizado de la Provincia de Esmeraldas","isPartOf":{"@id":"https:\/\/prefecturadeesmeraldas.gob.ec\/#website"},"primaryImageOfPage":{"@id":"https:\/\/prefecturadeesmeraldas.gob.ec\/index.php\/2023\/06\/30\/prefectura-de-esmeraldas-apuesta-por-hacer-de-la-provincia-un-lugar-inclusivo\/#primaryimage"},"image":{"@id":"https:\/\/prefecturadeesmeraldas.gob.ec\/index.php\/2023\/06\/30\/prefectura-de-esmeraldas-apuesta-por-hacer-de-la-provincia-un-lugar-inclusivo\/#primaryimage"},"thumbnailUrl":"https:\/\/prefecturadeesmeraldas.gob.ec\/wp-content\/uploads\/2023\/06\/WhatsApp-Image-2023-06-22-at-15.54.50.jpeg","datePublished":"2023-06-30T19:28:43+00:00","dateModified":"2023-06-30T19:30:56+00:00","description":"Un nuevo \"Taller de Promulgaci\u00f3n de Derechos\", organizado por la Direcci\u00f3n de Acci\u00f3n Social, Inclusi\u00f3n y Participaci\u00f3n (DASIP) de la Prefectura de Esmeraldas, en conmemoraci\u00f3n del D\u00eda Internacional de la Diversidad Sexual, se realiz\u00f3 en la ciudad de Esmeraldas.","breadcrumb":{"@id":"https:\/\/prefecturadeesmeraldas.gob.ec\/index.php\/2023\/06\/30\/prefectura-de-esmeraldas-apuesta-por-hacer-de-la-provincia-un-lugar-inclusivo\/#breadcrumb"},"inLanguage":"es","potentialAction":[{"@type":"ReadAction","target":["https:\/\/prefecturadeesmeraldas.gob.ec\/index.php\/2023\/06\/30\/prefectura-de-esmeraldas-apuesta-por-hacer-de-la-provincia-un-lugar-inclusivo\/"]}]},{"@type":"ImageObject","inLanguage":"es","@id":"https:\/\/prefecturadeesmeraldas.gob.ec\/index.php\/2023\/06\/30\/prefectura-de-esmeraldas-apuesta-por-hacer-de-la-provincia-un-lugar-inclusivo\/#primaryimage","url":"https:\/\/prefecturadeesmeraldas.gob.ec\/wp-content\/uploads\/2023\/06\/WhatsApp-Image-2023-06-22-at-15.54.50.jpeg","contentUrl":"https:\/\/prefecturadeesmeraldas.gob.ec\/wp-content\/uploads\/2023\/06\/WhatsApp-Image-2023-06-22-at-15.54.50.jpeg","width":1280,"height":1280},{"@type":"BreadcrumbList","@id":"https:\/\/prefecturadeesmeraldas.gob.ec\/index.php\/2023\/06\/30\/prefectura-de-esmeraldas-apuesta-por-hacer-de-la-provincia-un-lugar-inclusivo\/#breadcrumb","itemListElement":[{"@type":"ListItem","position":1,"name":"Home","item":"https:\/\/prefecturadeesmeraldas.gob.ec\/"},{"@type":"ListItem","position":2,"name":"Prefectura de Esmeraldas apuesta por hacer de la provincia un lugar inclusivo."}]},{"@type":"WebSite","@id":"https:\/\/prefecturadeesmeraldas.gob.ec\/#website","url":"https:\/\/prefecturadeesmeraldas.gob.ec\/","name":"Gobierno Aut\u00f3nomo Descentralizado de la Provincia de Esmeraldas","description":"Gobierno Aut\u00f3nomo Descentralizado de la Provincia de Esmeraldas","publisher":{"@id":"https:\/\/prefecturadeesmeraldas.gob.ec\/#organization"},"potentialAction":[{"@type":"SearchAction","target":{"@type":"EntryPoint","urlTemplate":"https:\/\/prefecturadeesmeraldas.gob.ec\/?s={search_term_string}"},"query-input":{"@type":"PropertyValueSpecification","valueRequired":true,"valueName":"search_term_string"}}],"inLanguage":"es"},{"@type":"Organization","@id":"https:\/\/prefecturadeesmeraldas.gob.ec\/#organization","name":"Gobierno Aut\u00f3nomo Descentralizado de la Provincia de Esmeraldas","url":"https:\/\/prefecturadeesmeraldas.gob.ec\/","logo":{"@type":"ImageObject","inLanguage":"es","@id":"https:\/\/prefecturadeesmeraldas.gob.ec\/#\/schema\/logo\/image\/","url":"https:\/\/prefecturadeesmeraldas.gob.ec\/wp-content\/uploads\/2019\/06\/logo.png","contentUrl":"https:\/\/prefecturadeesmeraldas.gob.ec\/wp-content\/uploads\/2019\/06\/logo.png","width":859,"height":448,"caption":"Gobierno Aut\u00f3nomo Descentralizado de la Provincia de Esmeraldas"},"image":{"@id":"https:\/\/prefecturadeesmeraldas.gob.ec\/#\/schema\/logo\/image\/"},"sameAs":["https:\/\/www.facebook.com\/PrefecturaEsmeraldas\/"]},{"@type":"Person","@id":"https:\/\/prefecturadeesmeraldas.gob.ec\/#\/schema\/person\/b0c9e7b1ead7725994d1e319e8825234","name":"Direcci\u00f3n de Comunicaci\u00f3n","image":{"@type":"ImageObject","inLanguage":"es","@id":"https:\/\/prefecturadeesmeraldas.gob.ec\/#\/schema\/person\/image\/","url":"https:\/\/secure.gravatar.com\/avatar\/74a3870a946f5d774ade3569af61a72308e07ad3346f370c4b468ee2a9858658?s=96&d=mm&r=g","contentUrl":"https:\/\/secure.gravatar.com\/avatar\/74a3870a946f5d774ade3569af61a72308e07ad3346f370c4b468ee2a9858658?s=96&d=mm&r=g","caption":"Direcci\u00f3n de Comunicaci\u00f3n"}}]}},"_links":{"self":[{"href":"https:\/\/prefecturadeesmeraldas.gob.ec\/index.php\/wp-json\/wp\/v2\/posts\/22750","targetHints":{"allow":["GET"]}}],"collection":[{"href":"https:\/\/prefecturadeesmeraldas.gob.ec\/index.php\/wp-json\/wp\/v2\/posts"}],"about":[{"href":"https:\/\/prefecturadeesmeraldas.gob.ec\/index.php\/wp-json\/wp\/v2\/types\/post"}],"author":[{"embeddable":true,"href":"https:\/\/prefecturadeesmeraldas.gob.ec\/index.php\/wp-json\/wp\/v2\/users\/2"}],"replies":[{"embeddable":true,"href":"https:\/\/prefecturadeesmeraldas.gob.ec\/index.php\/wp-json\/wp\/v2\/comments?post=22750"}],"version-history":[{"count":0,"href":"https:\/\/prefecturadeesmeraldas.gob.ec\/index.php\/wp-json\/wp\/v2\/posts\/22750\/revisions"}],"wp:featuredmedia":[{"embeddable":true,"href":"https:\/\/prefecturadeesmeraldas.gob.ec\/index.php\/wp-json\/wp\/v2\/media\/22752"}],"wp:attachment":[{"href":"https:\/\/prefecturadeesmeraldas.gob.ec\/index.php\/wp-json\/wp\/v2\/media?parent=22750"}],"wp:term":[{"taxonomy":"category","embeddable":true,"href":"https:\/\/prefecturadeesmeraldas.gob.ec\/index.php\/wp-json\/wp\/v2\/categories?post=22750"},{"taxonomy":"post_tag","embeddable":true,"href":"https:\/\/prefecturadeesmeraldas.gob.ec\/index.php\/wp-json\/wp\/v2\/tags?post=22750"}],"curies":[{"name":"wp","href":"https:\/\/api.w.org\/{rel}","templated":true}]}}