{"id":22463,"date":"2023-06-08T13:53:35","date_gmt":"2023-06-08T18:53:35","guid":{"rendered":"https:\/\/prefecturadeesmeraldas.gob.ec\/?p=22463"},"modified":"2023-06-08T13:56:57","modified_gmt":"2023-06-08T18:56:57","slug":"equipo-de-la-prefectura-de-esmeraldas-trabaja-incansablemente-en-la-limpieza-y-desalojo-de-escombros-tras-desbordamiento-del-rio-teaone","status":"publish","type":"post","link":"https:\/\/prefecturadeesmeraldas.gob.ec\/index.php\/2023\/06\/08\/equipo-de-la-prefectura-de-esmeraldas-trabaja-incansablemente-en-la-limpieza-y-desalojo-de-escombros-tras-desbordamiento-del-rio-teaone\/","title":{"rendered":"Equipo de la Prefectura de Esmeraldas trabaja incansablemente en la limpieza y desalojo de escombros tras desbordamiento del r\u00edo Teaone."},"content":{"rendered":"\t\t<div data-elementor-type=\"wp-post\" data-elementor-id=\"22463\" class=\"elementor elementor-22463\">\n\t\t\t\t<div class=\"elementor-element elementor-element-7649329 e-flex e-con-boxed e-con e-parent\" data-id=\"7649329\" data-element_type=\"container\">\n\t\t\t\t\t<div class=\"e-con-inner\">\n\t\t\t\t<div class=\"elementor-element elementor-element-ed62904 elementor-widget elementor-widget-image\" data-id=\"ed62904\" data-element_type=\"widget\" data-widget_type=\"image.default\">\n\t\t\t\t<div class=\"elementor-widget-container\">\n\t\t\t\t\t\t\t\t\t\t\t\t\t\t\t<img fetchpriority=\"high\" decoding=\"async\" width=\"1496\" height=\"1496\" src=\"https:\/\/prefecturadeesmeraldas.gob.ec\/wp-content\/uploads\/2023\/06\/WhatsApp-Image-2023-06-04-at-19.20.32-3.jpeg\" class=\"attachment-large size-large wp-image-22465\" alt=\"\" srcset=\"https:\/\/prefecturadeesmeraldas.gob.ec\/wp-content\/uploads\/2023\/06\/WhatsApp-Image-2023-06-04-at-19.20.32-3.jpeg 1496w, https:\/\/prefecturadeesmeraldas.gob.ec\/wp-content\/uploads\/2023\/06\/WhatsApp-Image-2023-06-04-at-19.20.32-3-300x300.jpeg 300w, https:\/\/prefecturadeesmeraldas.gob.ec\/wp-content\/uploads\/2023\/06\/WhatsApp-Image-2023-06-04-at-19.20.32-3-150x150.jpeg 150w, https:\/\/prefecturadeesmeraldas.gob.ec\/wp-content\/uploads\/2023\/06\/WhatsApp-Image-2023-06-04-at-19.20.32-3-768x768.jpeg 768w, https:\/\/prefecturadeesmeraldas.gob.ec\/wp-content\/uploads\/2023\/06\/WhatsApp-Image-2023-06-04-at-19.20.32-3-440x440.jpeg 440w, https:\/\/prefecturadeesmeraldas.gob.ec\/wp-content\/uploads\/2023\/06\/WhatsApp-Image-2023-06-04-at-19.20.32-3-180x180.jpeg 180w, https:\/\/prefecturadeesmeraldas.gob.ec\/wp-content\/uploads\/2023\/06\/WhatsApp-Image-2023-06-04-at-19.20.32-3-120x120.jpeg 120w\" sizes=\"(max-width: 1496px) 100vw, 1496px\" \/>\t\t\t\t\t\t\t\t\t\t\t\t\t\t\t<\/div>\n\t\t\t\t<\/div>\n\t\t\t\t\t<\/div>\n\t\t\t\t<\/div>\n\t\t<div class=\"elementor-element elementor-element-484aaa2 e-flex e-con-boxed e-con e-parent\" data-id=\"484aaa2\" data-element_type=\"container\">\n\t\t\t\t\t<div class=\"e-con-inner\">\n\t\t\t\t<div class=\"elementor-element elementor-element-f616059 elementor-widget elementor-widget-text-editor\" data-id=\"f616059\" data-element_type=\"widget\" data-widget_type=\"text-editor.default\">\n\t\t\t\t<div class=\"elementor-widget-container\">\n\t\t\t\t\t\t\t\t\t<p>En la madrugada del pasado domingo, 4 de junio de 2023, el desbordamiento del r\u00edo Teaone dej\u00f3 a miles de familias en un estado de tristeza, desolaci\u00f3n y angustia. Alrededor de 50 casas resultaron severamente afectadas, sumiendo a la comunidad en una situaci\u00f3n de emergencia.<\/p><p>Ante esta situaci\u00f3n, el equipo de la Prefectura de Esmeraldas se encuentra trabajando sin descanso para brindar ayuda y alivio a las familias damnificadas. Con la implementaci\u00f3n de retroexcavadoras, volquetes, mini excavadoras y otros equipos especializados, se lleva a cabo una ardua tarea de limpieza y desalojo de escombros en las viviendas y calles afectadas.<\/p><p>Adem\u00e1s del equipo t\u00e9cnico, numerosos voluntarios se han unido a esta labor solidaria, brindando apoyo a las personas afectadas. Juntos, est\u00e1n ayudando a sacar de las viviendas los enseres y muebles da\u00f1ados por el desbordamiento, para ser trasladados al basurero principal.<\/p><p>La Prefectura de Esmeraldas se compromete a continuar con estas labores hasta finalizar la limpieza y desalojo, con el objetivo de mitigar el sufrimiento de las familias afectadas. La solidaridad y el apoyo de la comunidad es fundamental en estos momentos dif\u00edciles, y se agradece profundamente la colaboraci\u00f3n recibida.<\/p><p>La Prefectura de Esmeraldas hace un llamado a la poblaci\u00f3n a mantenerse informada sobre los centros de acopio habilitados para recibir donaciones y ayudas destinadas a los damnificados. En estos momentos de adversidad, la uni\u00f3n y la solidaridad son la clave para superar los obst\u00e1culos y reconstruir juntos un futuro mejor.<\/p>\t\t\t\t\t\t\t\t<\/div>\n\t\t\t\t<\/div>\n\t\t\t\t\t<\/div>\n\t\t\t\t<\/div>\n\t\t\t\t<\/div>\n\t\t","protected":false},"excerpt":{"rendered":"<p>En la madrugada del pasado domingo, 4 de junio de 2023, el desbordamiento del r\u00edo Teaone dej\u00f3 a miles de familias en un estado de tristeza, desolaci\u00f3n y angustia. Alrededor de 50 casas resultaron severamente afectadas, sumiendo a la comunidad en una situaci\u00f3n de emergencia. Ante esta situaci\u00f3n, el equipo de la Prefectura de Esmeraldas [&hellip;]<\/p>\n","protected":false},"author":2,"featured_media":22466,"comment_status":"closed","ping_status":"open","sticky":false,"template":"","format":"standard","meta":{"footnotes":""},"categories":[3],"tags":[],"class_list":["post-22463","post","type-post","status-publish","format-standard","has-post-thumbnail","hentry","category-institucional"],"yoast_head":"<!-- This site is optimized with the Yoast SEO plugin v25.7 - https:\/\/yoast.com\/wordpress\/plugins\/seo\/ -->\n<title>Equipo de la Prefectura de Esmeraldas trabaja incansablemente en la limpieza y desalojo de escombros tras desbordamiento del r\u00edo Teaone. - Gobierno Aut\u00f3nomo Descentralizado de la Provincia de Esmeraldas<\/title>\n<meta name=\"description\" content=\"En la madrugada del pasado domingo, 4 de junio de 2023, el desbordamiento del r\u00edo Teaone dej\u00f3 a miles de familias en un estado de tristeza, desolaci\u00f3n y angustia. Alrededor de 50 casas resultaron severamente afectadas, sumiendo a la comunidad en una situaci\u00f3n de emergencia.\" \/>\n<meta name=\"robots\" content=\"index, follow, max-snippet:-1, max-image-preview:large, max-video-preview:-1\" \/>\n<link rel=\"canonical\" href=\"https:\/\/prefecturadeesmeraldas.gob.ec\/index.php\/2023\/06\/08\/equipo-de-la-prefectura-de-esmeraldas-trabaja-incansablemente-en-la-limpieza-y-desalojo-de-escombros-tras-desbordamiento-del-rio-teaone\/\" \/>\n<meta property=\"og:locale\" content=\"es_ES\" \/>\n<meta property=\"og:type\" content=\"article\" \/>\n<meta property=\"og:title\" content=\"Equipo de la Prefectura de Esmeraldas trabaja incansablemente en la limpieza y desalojo de escombros tras desbordamiento del r\u00edo Teaone. - Gobierno Aut\u00f3nomo Descentralizado de la Provincia de Esmeraldas\" \/>\n<meta property=\"og:description\" content=\"En la madrugada del pasado domingo, 4 de junio de 2023, el desbordamiento del r\u00edo Teaone dej\u00f3 a miles de familias en un estado de tristeza, desolaci\u00f3n y angustia. Alrededor de 50 casas resultaron severamente afectadas, sumiendo a la comunidad en una situaci\u00f3n de emergencia.\" \/>\n<meta property=\"og:url\" content=\"https:\/\/prefecturadeesmeraldas.gob.ec\/index.php\/2023\/06\/08\/equipo-de-la-prefectura-de-esmeraldas-trabaja-incansablemente-en-la-limpieza-y-desalojo-de-escombros-tras-desbordamiento-del-rio-teaone\/\" \/>\n<meta property=\"og:site_name\" content=\"Gobierno Aut\u00f3nomo Descentralizado de la Provincia de Esmeraldas\" \/>\n<meta property=\"article:publisher\" content=\"https:\/\/www.facebook.com\/PrefecturaEsmeraldas\/\" \/>\n<meta property=\"article:published_time\" content=\"2023-06-08T18:53:35+00:00\" \/>\n<meta property=\"article:modified_time\" content=\"2023-06-08T18:56:57+00:00\" \/>\n<meta property=\"og:image\" content=\"https:\/\/prefecturadeesmeraldas.gob.ec\/wp-content\/uploads\/2023\/06\/WhatsApp-Image-2023-06-05-at-14.40.51-1.jpeg\" \/>\n\t<meta property=\"og:image:width\" content=\"1022\" \/>\n\t<meta property=\"og:image:height\" content=\"1022\" \/>\n\t<meta property=\"og:image:type\" content=\"image\/jpeg\" \/>\n<meta name=\"author\" content=\"Direcci\u00f3n de Comunicaci\u00f3n\" \/>\n<meta name=\"twitter:card\" content=\"summary_large_image\" \/>\n<meta name=\"twitter:label1\" content=\"Escrito por\" \/>\n\t<meta name=\"twitter:data1\" content=\"Direcci\u00f3n de Comunicaci\u00f3n\" \/>\n\t<meta name=\"twitter:label2\" content=\"Tiempo de lectura\" \/>\n\t<meta name=\"twitter:data2\" content=\"2 minutos\" \/>\n<script type=\"application\/ld+json\" class=\"yoast-schema-graph\">{\"@context\":\"https:\/\/schema.org\",\"@graph\":[{\"@type\":\"Article\",\"@id\":\"https:\/\/prefecturadeesmeraldas.gob.ec\/index.php\/2023\/06\/08\/equipo-de-la-prefectura-de-esmeraldas-trabaja-incansablemente-en-la-limpieza-y-desalojo-de-escombros-tras-desbordamiento-del-rio-teaone\/#article\",\"isPartOf\":{\"@id\":\"https:\/\/prefecturadeesmeraldas.gob.ec\/index.php\/2023\/06\/08\/equipo-de-la-prefectura-de-esmeraldas-trabaja-incansablemente-en-la-limpieza-y-desalojo-de-escombros-tras-desbordamiento-del-rio-teaone\/\"},\"author\":{\"name\":\"Direcci\u00f3n de Comunicaci\u00f3n\",\"@id\":\"https:\/\/prefecturadeesmeraldas.gob.ec\/#\/schema\/person\/b0c9e7b1ead7725994d1e319e8825234\"},\"headline\":\"Equipo de la Prefectura de Esmeraldas trabaja incansablemente en la limpieza y desalojo de escombros tras desbordamiento del r\u00edo Teaone.\",\"datePublished\":\"2023-06-08T18:53:35+00:00\",\"dateModified\":\"2023-06-08T18:56:57+00:00\",\"mainEntityOfPage\":{\"@id\":\"https:\/\/prefecturadeesmeraldas.gob.ec\/index.php\/2023\/06\/08\/equipo-de-la-prefectura-de-esmeraldas-trabaja-incansablemente-en-la-limpieza-y-desalojo-de-escombros-tras-desbordamiento-del-rio-teaone\/\"},\"wordCount\":273,\"publisher\":{\"@id\":\"https:\/\/prefecturadeesmeraldas.gob.ec\/#organization\"},\"image\":{\"@id\":\"https:\/\/prefecturadeesmeraldas.gob.ec\/index.php\/2023\/06\/08\/equipo-de-la-prefectura-de-esmeraldas-trabaja-incansablemente-en-la-limpieza-y-desalojo-de-escombros-tras-desbordamiento-del-rio-teaone\/#primaryimage\"},\"thumbnailUrl\":\"https:\/\/prefecturadeesmeraldas.gob.ec\/wp-content\/uploads\/2023\/06\/WhatsApp-Image-2023-06-05-at-14.40.51-1.jpeg\",\"articleSection\":[\"Institucional\"],\"inLanguage\":\"es\"},{\"@type\":\"WebPage\",\"@id\":\"https:\/\/prefecturadeesmeraldas.gob.ec\/index.php\/2023\/06\/08\/equipo-de-la-prefectura-de-esmeraldas-trabaja-incansablemente-en-la-limpieza-y-desalojo-de-escombros-tras-desbordamiento-del-rio-teaone\/\",\"url\":\"https:\/\/prefecturadeesmeraldas.gob.ec\/index.php\/2023\/06\/08\/equipo-de-la-prefectura-de-esmeraldas-trabaja-incansablemente-en-la-limpieza-y-desalojo-de-escombros-tras-desbordamiento-del-rio-teaone\/\",\"name\":\"Equipo de la Prefectura de Esmeraldas trabaja incansablemente en la limpieza y desalojo de escombros tras desbordamiento del r\u00edo Teaone. - Gobierno Aut\u00f3nomo Descentralizado de la Provincia de Esmeraldas\",\"isPartOf\":{\"@id\":\"https:\/\/prefecturadeesmeraldas.gob.ec\/#website\"},\"primaryImageOfPage\":{\"@id\":\"https:\/\/prefecturadeesmeraldas.gob.ec\/index.php\/2023\/06\/08\/equipo-de-la-prefectura-de-esmeraldas-trabaja-incansablemente-en-la-limpieza-y-desalojo-de-escombros-tras-desbordamiento-del-rio-teaone\/#primaryimage\"},\"image\":{\"@id\":\"https:\/\/prefecturadeesmeraldas.gob.ec\/index.php\/2023\/06\/08\/equipo-de-la-prefectura-de-esmeraldas-trabaja-incansablemente-en-la-limpieza-y-desalojo-de-escombros-tras-desbordamiento-del-rio-teaone\/#primaryimage\"},\"thumbnailUrl\":\"https:\/\/prefecturadeesmeraldas.gob.ec\/wp-content\/uploads\/2023\/06\/WhatsApp-Image-2023-06-05-at-14.40.51-1.jpeg\",\"datePublished\":\"2023-06-08T18:53:35+00:00\",\"dateModified\":\"2023-06-08T18:56:57+00:00\",\"description\":\"En la madrugada del pasado domingo, 4 de junio de 2023, el desbordamiento del r\u00edo Teaone dej\u00f3 a miles de familias en un estado de tristeza, desolaci\u00f3n y angustia. Alrededor de 50 casas resultaron severamente afectadas, sumiendo a la comunidad en una situaci\u00f3n de emergencia.\",\"breadcrumb\":{\"@id\":\"https:\/\/prefecturadeesmeraldas.gob.ec\/index.php\/2023\/06\/08\/equipo-de-la-prefectura-de-esmeraldas-trabaja-incansablemente-en-la-limpieza-y-desalojo-de-escombros-tras-desbordamiento-del-rio-teaone\/#breadcrumb\"},\"inLanguage\":\"es\",\"potentialAction\":[{\"@type\":\"ReadAction\",\"target\":[\"https:\/\/prefecturadeesmeraldas.gob.ec\/index.php\/2023\/06\/08\/equipo-de-la-prefectura-de-esmeraldas-trabaja-incansablemente-en-la-limpieza-y-desalojo-de-escombros-tras-desbordamiento-del-rio-teaone\/\"]}]},{\"@type\":\"ImageObject\",\"inLanguage\":\"es\",\"@id\":\"https:\/\/prefecturadeesmeraldas.gob.ec\/index.php\/2023\/06\/08\/equipo-de-la-prefectura-de-esmeraldas-trabaja-incansablemente-en-la-limpieza-y-desalojo-de-escombros-tras-desbordamiento-del-rio-teaone\/#primaryimage\",\"url\":\"https:\/\/prefecturadeesmeraldas.gob.ec\/wp-content\/uploads\/2023\/06\/WhatsApp-Image-2023-06-05-at-14.40.51-1.jpeg\",\"contentUrl\":\"https:\/\/prefecturadeesmeraldas.gob.ec\/wp-content\/uploads\/2023\/06\/WhatsApp-Image-2023-06-05-at-14.40.51-1.jpeg\",\"width\":1022,\"height\":1022},{\"@type\":\"BreadcrumbList\",\"@id\":\"https:\/\/prefecturadeesmeraldas.gob.ec\/index.php\/2023\/06\/08\/equipo-de-la-prefectura-de-esmeraldas-trabaja-incansablemente-en-la-limpieza-y-desalojo-de-escombros-tras-desbordamiento-del-rio-teaone\/#breadcrumb\",\"itemListElement\":[{\"@type\":\"ListItem\",\"position\":1,\"name\":\"Home\",\"item\":\"https:\/\/prefecturadeesmeraldas.gob.ec\/\"},{\"@type\":\"ListItem\",\"position\":2,\"name\":\"Equipo de la Prefectura de Esmeraldas trabaja incansablemente en la limpieza y desalojo de escombros tras desbordamiento del r\u00edo Teaone.\"}]},{\"@type\":\"WebSite\",\"@id\":\"https:\/\/prefecturadeesmeraldas.gob.ec\/#website\",\"url\":\"https:\/\/prefecturadeesmeraldas.gob.ec\/\",\"name\":\"Gobierno Aut\u00f3nomo Descentralizado de la Provincia de Esmeraldas\",\"description\":\"Gobierno Aut\u00f3nomo Descentralizado de la Provincia de Esmeraldas\",\"publisher\":{\"@id\":\"https:\/\/prefecturadeesmeraldas.gob.ec\/#organization\"},\"potentialAction\":[{\"@type\":\"SearchAction\",\"target\":{\"@type\":\"EntryPoint\",\"urlTemplate\":\"https:\/\/prefecturadeesmeraldas.gob.ec\/?s={search_term_string}\"},\"query-input\":{\"@type\":\"PropertyValueSpecification\",\"valueRequired\":true,\"valueName\":\"search_term_string\"}}],\"inLanguage\":\"es\"},{\"@type\":\"Organization\",\"@id\":\"https:\/\/prefecturadeesmeraldas.gob.ec\/#organization\",\"name\":\"Gobierno Aut\u00f3nomo Descentralizado de la Provincia de Esmeraldas\",\"url\":\"https:\/\/prefecturadeesmeraldas.gob.ec\/\",\"logo\":{\"@type\":\"ImageObject\",\"inLanguage\":\"es\",\"@id\":\"https:\/\/prefecturadeesmeraldas.gob.ec\/#\/schema\/logo\/image\/\",\"url\":\"https:\/\/prefecturadeesmeraldas.gob.ec\/wp-content\/uploads\/2019\/06\/logo.png\",\"contentUrl\":\"https:\/\/prefecturadeesmeraldas.gob.ec\/wp-content\/uploads\/2019\/06\/logo.png\",\"width\":859,\"height\":448,\"caption\":\"Gobierno Aut\u00f3nomo Descentralizado de la Provincia de Esmeraldas\"},\"image\":{\"@id\":\"https:\/\/prefecturadeesmeraldas.gob.ec\/#\/schema\/logo\/image\/\"},\"sameAs\":[\"https:\/\/www.facebook.com\/PrefecturaEsmeraldas\/\"]},{\"@type\":\"Person\",\"@id\":\"https:\/\/prefecturadeesmeraldas.gob.ec\/#\/schema\/person\/b0c9e7b1ead7725994d1e319e8825234\",\"name\":\"Direcci\u00f3n de Comunicaci\u00f3n\",\"image\":{\"@type\":\"ImageObject\",\"inLanguage\":\"es\",\"@id\":\"https:\/\/prefecturadeesmeraldas.gob.ec\/#\/schema\/person\/image\/\",\"url\":\"https:\/\/secure.gravatar.com\/avatar\/74a3870a946f5d774ade3569af61a72308e07ad3346f370c4b468ee2a9858658?s=96&d=mm&r=g\",\"contentUrl\":\"https:\/\/secure.gravatar.com\/avatar\/74a3870a946f5d774ade3569af61a72308e07ad3346f370c4b468ee2a9858658?s=96&d=mm&r=g\",\"caption\":\"Direcci\u00f3n de Comunicaci\u00f3n\"}}]}<\/script>\n<!-- \/ Yoast SEO plugin. -->","yoast_head_json":{"title":"Equipo de la Prefectura de Esmeraldas trabaja incansablemente en la limpieza y desalojo de escombros tras desbordamiento del r\u00edo Teaone. - Gobierno Aut\u00f3nomo Descentralizado de la Provincia de Esmeraldas","description":"En la madrugada del pasado domingo, 4 de junio de 2023, el desbordamiento del r\u00edo Teaone dej\u00f3 a miles de familias en un estado de tristeza, desolaci\u00f3n y angustia. Alrededor de 50 casas resultaron severamente afectadas, sumiendo a la comunidad en una situaci\u00f3n de emergencia.","robots":{"index":"index","follow":"follow","max-snippet":"max-snippet:-1","max-image-preview":"max-image-preview:large","max-video-preview":"max-video-preview:-1"},"canonical":"https:\/\/prefecturadeesmeraldas.gob.ec\/index.php\/2023\/06\/08\/equipo-de-la-prefectura-de-esmeraldas-trabaja-incansablemente-en-la-limpieza-y-desalojo-de-escombros-tras-desbordamiento-del-rio-teaone\/","og_locale":"es_ES","og_type":"article","og_title":"Equipo de la Prefectura de Esmeraldas trabaja incansablemente en la limpieza y desalojo de escombros tras desbordamiento del r\u00edo Teaone. - Gobierno Aut\u00f3nomo Descentralizado de la Provincia de Esmeraldas","og_description":"En la madrugada del pasado domingo, 4 de junio de 2023, el desbordamiento del r\u00edo Teaone dej\u00f3 a miles de familias en un estado de tristeza, desolaci\u00f3n y angustia. Alrededor de 50 casas resultaron severamente afectadas, sumiendo a la comunidad en una situaci\u00f3n de emergencia.","og_url":"https:\/\/prefecturadeesmeraldas.gob.ec\/index.php\/2023\/06\/08\/equipo-de-la-prefectura-de-esmeraldas-trabaja-incansablemente-en-la-limpieza-y-desalojo-de-escombros-tras-desbordamiento-del-rio-teaone\/","og_site_name":"Gobierno Aut\u00f3nomo Descentralizado de la Provincia de Esmeraldas","article_publisher":"https:\/\/www.facebook.com\/PrefecturaEsmeraldas\/","article_published_time":"2023-06-08T18:53:35+00:00","article_modified_time":"2023-06-08T18:56:57+00:00","og_image":[{"width":1022,"height":1022,"url":"https:\/\/prefecturadeesmeraldas.gob.ec\/wp-content\/uploads\/2023\/06\/WhatsApp-Image-2023-06-05-at-14.40.51-1.jpeg","type":"image\/jpeg"}],"author":"Direcci\u00f3n de Comunicaci\u00f3n","twitter_card":"summary_large_image","twitter_misc":{"Escrito por":"Direcci\u00f3n de Comunicaci\u00f3n","Tiempo de lectura":"2 minutos"},"schema":{"@context":"https:\/\/schema.org","@graph":[{"@type":"Article","@id":"https:\/\/prefecturadeesmeraldas.gob.ec\/index.php\/2023\/06\/08\/equipo-de-la-prefectura-de-esmeraldas-trabaja-incansablemente-en-la-limpieza-y-desalojo-de-escombros-tras-desbordamiento-del-rio-teaone\/#article","isPartOf":{"@id":"https:\/\/prefecturadeesmeraldas.gob.ec\/index.php\/2023\/06\/08\/equipo-de-la-prefectura-de-esmeraldas-trabaja-incansablemente-en-la-limpieza-y-desalojo-de-escombros-tras-desbordamiento-del-rio-teaone\/"},"author":{"name":"Direcci\u00f3n de Comunicaci\u00f3n","@id":"https:\/\/prefecturadeesmeraldas.gob.ec\/#\/schema\/person\/b0c9e7b1ead7725994d1e319e8825234"},"headline":"Equipo de la Prefectura de Esmeraldas trabaja incansablemente en la limpieza y desalojo de escombros tras desbordamiento del r\u00edo Teaone.","datePublished":"2023-06-08T18:53:35+00:00","dateModified":"2023-06-08T18:56:57+00:00","mainEntityOfPage":{"@id":"https:\/\/prefecturadeesmeraldas.gob.ec\/index.php\/2023\/06\/08\/equipo-de-la-prefectura-de-esmeraldas-trabaja-incansablemente-en-la-limpieza-y-desalojo-de-escombros-tras-desbordamiento-del-rio-teaone\/"},"wordCount":273,"publisher":{"@id":"https:\/\/prefecturadeesmeraldas.gob.ec\/#organization"},"image":{"@id":"https:\/\/prefecturadeesmeraldas.gob.ec\/index.php\/2023\/06\/08\/equipo-de-la-prefectura-de-esmeraldas-trabaja-incansablemente-en-la-limpieza-y-desalojo-de-escombros-tras-desbordamiento-del-rio-teaone\/#primaryimage"},"thumbnailUrl":"https:\/\/prefecturadeesmeraldas.gob.ec\/wp-content\/uploads\/2023\/06\/WhatsApp-Image-2023-06-05-at-14.40.51-1.jpeg","articleSection":["Institucional"],"inLanguage":"es"},{"@type":"WebPage","@id":"https:\/\/prefecturadeesmeraldas.gob.ec\/index.php\/2023\/06\/08\/equipo-de-la-prefectura-de-esmeraldas-trabaja-incansablemente-en-la-limpieza-y-desalojo-de-escombros-tras-desbordamiento-del-rio-teaone\/","url":"https:\/\/prefecturadeesmeraldas.gob.ec\/index.php\/2023\/06\/08\/equipo-de-la-prefectura-de-esmeraldas-trabaja-incansablemente-en-la-limpieza-y-desalojo-de-escombros-tras-desbordamiento-del-rio-teaone\/","name":"Equipo de la Prefectura de Esmeraldas trabaja incansablemente en la limpieza y desalojo de escombros tras desbordamiento del r\u00edo Teaone. - Gobierno Aut\u00f3nomo Descentralizado de la Provincia de Esmeraldas","isPartOf":{"@id":"https:\/\/prefecturadeesmeraldas.gob.ec\/#website"},"primaryImageOfPage":{"@id":"https:\/\/prefecturadeesmeraldas.gob.ec\/index.php\/2023\/06\/08\/equipo-de-la-prefectura-de-esmeraldas-trabaja-incansablemente-en-la-limpieza-y-desalojo-de-escombros-tras-desbordamiento-del-rio-teaone\/#primaryimage"},"image":{"@id":"https:\/\/prefecturadeesmeraldas.gob.ec\/index.php\/2023\/06\/08\/equipo-de-la-prefectura-de-esmeraldas-trabaja-incansablemente-en-la-limpieza-y-desalojo-de-escombros-tras-desbordamiento-del-rio-teaone\/#primaryimage"},"thumbnailUrl":"https:\/\/prefecturadeesmeraldas.gob.ec\/wp-content\/uploads\/2023\/06\/WhatsApp-Image-2023-06-05-at-14.40.51-1.jpeg","datePublished":"2023-06-08T18:53:35+00:00","dateModified":"2023-06-08T18:56:57+00:00","description":"En la madrugada del pasado domingo, 4 de junio de 2023, el desbordamiento del r\u00edo Teaone dej\u00f3 a miles de familias en un estado de tristeza, desolaci\u00f3n y angustia. Alrededor de 50 casas resultaron severamente afectadas, sumiendo a la comunidad en una situaci\u00f3n de emergencia.","breadcrumb":{"@id":"https:\/\/prefecturadeesmeraldas.gob.ec\/index.php\/2023\/06\/08\/equipo-de-la-prefectura-de-esmeraldas-trabaja-incansablemente-en-la-limpieza-y-desalojo-de-escombros-tras-desbordamiento-del-rio-teaone\/#breadcrumb"},"inLanguage":"es","potentialAction":[{"@type":"ReadAction","target":["https:\/\/prefecturadeesmeraldas.gob.ec\/index.php\/2023\/06\/08\/equipo-de-la-prefectura-de-esmeraldas-trabaja-incansablemente-en-la-limpieza-y-desalojo-de-escombros-tras-desbordamiento-del-rio-teaone\/"]}]},{"@type":"ImageObject","inLanguage":"es","@id":"https:\/\/prefecturadeesmeraldas.gob.ec\/index.php\/2023\/06\/08\/equipo-de-la-prefectura-de-esmeraldas-trabaja-incansablemente-en-la-limpieza-y-desalojo-de-escombros-tras-desbordamiento-del-rio-teaone\/#primaryimage","url":"https:\/\/prefecturadeesmeraldas.gob.ec\/wp-content\/uploads\/2023\/06\/WhatsApp-Image-2023-06-05-at-14.40.51-1.jpeg","contentUrl":"https:\/\/prefecturadeesmeraldas.gob.ec\/wp-content\/uploads\/2023\/06\/WhatsApp-Image-2023-06-05-at-14.40.51-1.jpeg","width":1022,"height":1022},{"@type":"BreadcrumbList","@id":"https:\/\/prefecturadeesmeraldas.gob.ec\/index.php\/2023\/06\/08\/equipo-de-la-prefectura-de-esmeraldas-trabaja-incansablemente-en-la-limpieza-y-desalojo-de-escombros-tras-desbordamiento-del-rio-teaone\/#breadcrumb","itemListElement":[{"@type":"ListItem","position":1,"name":"Home","item":"https:\/\/prefecturadeesmeraldas.gob.ec\/"},{"@type":"ListItem","position":2,"name":"Equipo de la Prefectura de Esmeraldas trabaja incansablemente en la limpieza y desalojo de escombros tras desbordamiento del r\u00edo Teaone."}]},{"@type":"WebSite","@id":"https:\/\/prefecturadeesmeraldas.gob.ec\/#website","url":"https:\/\/prefecturadeesmeraldas.gob.ec\/","name":"Gobierno Aut\u00f3nomo Descentralizado de la Provincia de Esmeraldas","description":"Gobierno Aut\u00f3nomo Descentralizado de la Provincia de Esmeraldas","publisher":{"@id":"https:\/\/prefecturadeesmeraldas.gob.ec\/#organization"},"potentialAction":[{"@type":"SearchAction","target":{"@type":"EntryPoint","urlTemplate":"https:\/\/prefecturadeesmeraldas.gob.ec\/?s={search_term_string}"},"query-input":{"@type":"PropertyValueSpecification","valueRequired":true,"valueName":"search_term_string"}}],"inLanguage":"es"},{"@type":"Organization","@id":"https:\/\/prefecturadeesmeraldas.gob.ec\/#organization","name":"Gobierno Aut\u00f3nomo Descentralizado de la Provincia de Esmeraldas","url":"https:\/\/prefecturadeesmeraldas.gob.ec\/","logo":{"@type":"ImageObject","inLanguage":"es","@id":"https:\/\/prefecturadeesmeraldas.gob.ec\/#\/schema\/logo\/image\/","url":"https:\/\/prefecturadeesmeraldas.gob.ec\/wp-content\/uploads\/2019\/06\/logo.png","contentUrl":"https:\/\/prefecturadeesmeraldas.gob.ec\/wp-content\/uploads\/2019\/06\/logo.png","width":859,"height":448,"caption":"Gobierno Aut\u00f3nomo Descentralizado de la Provincia de Esmeraldas"},"image":{"@id":"https:\/\/prefecturadeesmeraldas.gob.ec\/#\/schema\/logo\/image\/"},"sameAs":["https:\/\/www.facebook.com\/PrefecturaEsmeraldas\/"]},{"@type":"Person","@id":"https:\/\/prefecturadeesmeraldas.gob.ec\/#\/schema\/person\/b0c9e7b1ead7725994d1e319e8825234","name":"Direcci\u00f3n de Comunicaci\u00f3n","image":{"@type":"ImageObject","inLanguage":"es","@id":"https:\/\/prefecturadeesmeraldas.gob.ec\/#\/schema\/person\/image\/","url":"https:\/\/secure.gravatar.com\/avatar\/74a3870a946f5d774ade3569af61a72308e07ad3346f370c4b468ee2a9858658?s=96&d=mm&r=g","contentUrl":"https:\/\/secure.gravatar.com\/avatar\/74a3870a946f5d774ade3569af61a72308e07ad3346f370c4b468ee2a9858658?s=96&d=mm&r=g","caption":"Direcci\u00f3n de Comunicaci\u00f3n"}}]}},"_links":{"self":[{"href":"https:\/\/prefecturadeesmeraldas.gob.ec\/index.php\/wp-json\/wp\/v2\/posts\/22463","targetHints":{"allow":["GET"]}}],"collection":[{"href":"https:\/\/prefecturadeesmeraldas.gob.ec\/index.php\/wp-json\/wp\/v2\/posts"}],"about":[{"href":"https:\/\/prefecturadeesmeraldas.gob.ec\/index.php\/wp-json\/wp\/v2\/types\/post"}],"author":[{"embeddable":true,"href":"https:\/\/prefecturadeesmeraldas.gob.ec\/index.php\/wp-json\/wp\/v2\/users\/2"}],"replies":[{"embeddable":true,"href":"https:\/\/prefecturadeesmeraldas.gob.ec\/index.php\/wp-json\/wp\/v2\/comments?post=22463"}],"version-history":[{"count":0,"href":"https:\/\/prefecturadeesmeraldas.gob.ec\/index.php\/wp-json\/wp\/v2\/posts\/22463\/revisions"}],"wp:featuredmedia":[{"embeddable":true,"href":"https:\/\/prefecturadeesmeraldas.gob.ec\/index.php\/wp-json\/wp\/v2\/media\/22466"}],"wp:attachment":[{"href":"https:\/\/prefecturadeesmeraldas.gob.ec\/index.php\/wp-json\/wp\/v2\/media?parent=22463"}],"wp:term":[{"taxonomy":"category","embeddable":true,"href":"https:\/\/prefecturadeesmeraldas.gob.ec\/index.php\/wp-json\/wp\/v2\/categories?post=22463"},{"taxonomy":"post_tag","embeddable":true,"href":"https:\/\/prefecturadeesmeraldas.gob.ec\/index.php\/wp-json\/wp\/v2\/tags?post=22463"}],"curies":[{"name":"wp","href":"https:\/\/api.w.org\/{rel}","templated":true}]}}