{"id":21442,"date":"2023-03-09T14:50:06","date_gmt":"2023-03-09T19:50:06","guid":{"rendered":"https:\/\/prefecturadeesmeraldas.gob.ec\/?p=21442"},"modified":"2023-03-09T14:58:21","modified_gmt":"2023-03-09T19:58:21","slug":"prefectura-de-esmeraldas-solicita-asistencia-a-la-secretaria-tecnica-de-inmobiliar-en-quito","status":"publish","type":"post","link":"https:\/\/prefecturadeesmeraldas.gob.ec\/index.php\/2023\/03\/09\/prefectura-de-esmeraldas-solicita-asistencia-a-la-secretaria-tecnica-de-inmobiliar-en-quito\/","title":{"rendered":"<strong>Prefectura de Esmeraldas solicita asistencia a la secretaria t\u00e9cnica de Inmobiliar en Quito.<\/strong>"},"content":{"rendered":"\t\t<div data-elementor-type=\"wp-post\" data-elementor-id=\"21442\" class=\"elementor elementor-21442\">\n\t\t\t\t<div class=\"elementor-element elementor-element-cd51c71 e-flex e-con-boxed e-con e-parent\" data-id=\"cd51c71\" data-element_type=\"container\">\n\t\t\t\t\t<div class=\"e-con-inner\">\n\t\t\t\t<div class=\"elementor-element elementor-element-f66b987 elementor-widget elementor-widget-image\" data-id=\"f66b987\" data-element_type=\"widget\" data-widget_type=\"image.default\">\n\t\t\t\t<div class=\"elementor-widget-container\">\n\t\t\t\t\t\t\t\t\t\t\t\t\t\t\t<img fetchpriority=\"high\" decoding=\"async\" width=\"1080\" height=\"1080\" src=\"https:\/\/prefecturadeesmeraldas.gob.ec\/wp-content\/uploads\/2023\/03\/WhatsApp-Image-2023-03-03-at-10.36.31-2.jpeg\" class=\"attachment-large size-large wp-image-21443\" alt=\"\" srcset=\"https:\/\/prefecturadeesmeraldas.gob.ec\/wp-content\/uploads\/2023\/03\/WhatsApp-Image-2023-03-03-at-10.36.31-2.jpeg 1080w, https:\/\/prefecturadeesmeraldas.gob.ec\/wp-content\/uploads\/2023\/03\/WhatsApp-Image-2023-03-03-at-10.36.31-2-300x300.jpeg 300w, https:\/\/prefecturadeesmeraldas.gob.ec\/wp-content\/uploads\/2023\/03\/WhatsApp-Image-2023-03-03-at-10.36.31-2-150x150.jpeg 150w, https:\/\/prefecturadeesmeraldas.gob.ec\/wp-content\/uploads\/2023\/03\/WhatsApp-Image-2023-03-03-at-10.36.31-2-768x768.jpeg 768w, https:\/\/prefecturadeesmeraldas.gob.ec\/wp-content\/uploads\/2023\/03\/WhatsApp-Image-2023-03-03-at-10.36.31-2-440x440.jpeg 440w, https:\/\/prefecturadeesmeraldas.gob.ec\/wp-content\/uploads\/2023\/03\/WhatsApp-Image-2023-03-03-at-10.36.31-2-180x180.jpeg 180w, https:\/\/prefecturadeesmeraldas.gob.ec\/wp-content\/uploads\/2023\/03\/WhatsApp-Image-2023-03-03-at-10.36.31-2-120x120.jpeg 120w\" sizes=\"(max-width: 1080px) 100vw, 1080px\" \/>\t\t\t\t\t\t\t\t\t\t\t\t\t\t\t<\/div>\n\t\t\t\t<\/div>\n\t\t\t\t\t<\/div>\n\t\t\t\t<\/div>\n\t\t<div class=\"elementor-element elementor-element-29a9812 e-flex e-con-boxed e-con e-parent\" data-id=\"29a9812\" data-element_type=\"container\">\n\t\t\t\t\t<div class=\"e-con-inner\">\n\t\t\t\t<div class=\"elementor-element elementor-element-7b296d2 elementor-widget elementor-widget-text-editor\" data-id=\"7b296d2\" data-element_type=\"widget\" data-widget_type=\"text-editor.default\">\n\t\t\t\t<div class=\"elementor-widget-container\">\n\t\t\t\t\t\t\t\t\t<p>Golpeando puertas ante la Secretar\u00eda T\u00e9cnica de INMOBILIAR, como es caracter\u00edstico de la administraci\u00f3n de Roberta Zambrano, al frente de la Prefectura de Esmeraldas, para alcanzar mejores resultados durante su gesti\u00f3n, se cumpli\u00f3 otro de los puntos en la agenda de actividades aplicada durante la primera semana del mes de marzo de 2023 en la ciudad de Quito.<\/p><p>En reuni\u00f3n con <strong>Cristhian Sol\u00eds<\/strong>, Subsecretario Nacional de Inmobiliar, se logr\u00f3 emprender acciones que permitan generar bienestar a la comunidad, a trav\u00e9s del fortalecimiento de las capacidades log\u00edsticas de la instituci\u00f3n provincial.<\/p><p>Para Sol\u00eds, Esmeraldas es una provincia de grandes potencialidades, razones por las que su compromiso fue el de facilitar las acciones, planes y programas para alcanzar un mayor bienestar y desarrollo, que impulse el equipo t\u00e9cnico \u2013 administrativo que conforma la Prefectura de Esmeraldas en territorio<\/p>\t\t\t\t\t\t\t\t<\/div>\n\t\t\t\t<\/div>\n\t\t\t\t\t<\/div>\n\t\t\t\t<\/div>\n\t\t\t\t<\/div>\n\t\t","protected":false},"excerpt":{"rendered":"<p>Golpeando puertas ante la Secretar\u00eda T\u00e9cnica de INMOBILIAR, como es caracter\u00edstico de la administraci\u00f3n de Roberta Zambrano, al frente de la Prefectura de Esmeraldas, para alcanzar mejores resultados durante su gesti\u00f3n, se cumpli\u00f3 otro de los puntos en la agenda de actividades aplicada durante la primera semana del mes de marzo de 2023 en la [&hellip;]<\/p>\n","protected":false},"author":2,"featured_media":21444,"comment_status":"closed","ping_status":"open","sticky":false,"template":"","format":"standard","meta":{"footnotes":""},"categories":[3],"tags":[],"class_list":["post-21442","post","type-post","status-publish","format-standard","has-post-thumbnail","hentry","category-institucional"],"yoast_head":"<!-- This site is optimized with the Yoast SEO plugin v25.7 - https:\/\/yoast.com\/wordpress\/plugins\/seo\/ -->\n<title>Prefectura de Esmeraldas solicita asistencia a la secretaria t\u00e9cnica de Inmobiliar en Quito. - Gobierno Aut\u00f3nomo Descentralizado de la Provincia de Esmeraldas<\/title>\n<meta name=\"description\" content=\"Golpeando puertas ante la Secretar\u00eda T\u00e9cnica de INMOBILIAR, como es caracter\u00edstico de la administraci\u00f3n de Roberta Zambrano, al frente de la Prefectura de Esmeraldas, para alcanzar mejores resultados durante su gesti\u00f3n, se cumpli\u00f3 otro de los puntos en la agenda de actividades aplicada durante la primera semana del mes de marzo de 2023 en la ciudad de Quito.\" \/>\n<meta name=\"robots\" content=\"index, follow, max-snippet:-1, max-image-preview:large, max-video-preview:-1\" \/>\n<link rel=\"canonical\" href=\"https:\/\/prefecturadeesmeraldas.gob.ec\/index.php\/2023\/03\/09\/prefectura-de-esmeraldas-solicita-asistencia-a-la-secretaria-tecnica-de-inmobiliar-en-quito\/\" \/>\n<meta property=\"og:locale\" content=\"es_ES\" \/>\n<meta property=\"og:type\" content=\"article\" \/>\n<meta property=\"og:title\" content=\"Prefectura de Esmeraldas solicita asistencia a la secretaria t\u00e9cnica de Inmobiliar en Quito. - Gobierno Aut\u00f3nomo Descentralizado de la Provincia de Esmeraldas\" \/>\n<meta property=\"og:description\" content=\"Golpeando puertas ante la Secretar\u00eda T\u00e9cnica de INMOBILIAR, como es caracter\u00edstico de la administraci\u00f3n de Roberta Zambrano, al frente de la Prefectura de Esmeraldas, para alcanzar mejores resultados durante su gesti\u00f3n, se cumpli\u00f3 otro de los puntos en la agenda de actividades aplicada durante la primera semana del mes de marzo de 2023 en la ciudad de Quito.\" \/>\n<meta property=\"og:url\" content=\"https:\/\/prefecturadeesmeraldas.gob.ec\/index.php\/2023\/03\/09\/prefectura-de-esmeraldas-solicita-asistencia-a-la-secretaria-tecnica-de-inmobiliar-en-quito\/\" \/>\n<meta property=\"og:site_name\" content=\"Gobierno Aut\u00f3nomo Descentralizado de la Provincia de Esmeraldas\" \/>\n<meta property=\"article:publisher\" content=\"https:\/\/www.facebook.com\/PrefecturaEsmeraldas\/\" \/>\n<meta property=\"article:published_time\" content=\"2023-03-09T19:50:06+00:00\" \/>\n<meta property=\"article:modified_time\" content=\"2023-03-09T19:58:21+00:00\" \/>\n<meta property=\"og:image\" content=\"https:\/\/prefecturadeesmeraldas.gob.ec\/wp-content\/uploads\/2023\/03\/WhatsApp-Image-2023-03-03-at-10.36.31-3.jpeg\" \/>\n\t<meta property=\"og:image:width\" content=\"1280\" \/>\n\t<meta property=\"og:image:height\" content=\"1280\" \/>\n\t<meta property=\"og:image:type\" content=\"image\/jpeg\" \/>\n<meta name=\"author\" content=\"Direcci\u00f3n de Comunicaci\u00f3n\" \/>\n<meta name=\"twitter:card\" content=\"summary_large_image\" \/>\n<meta name=\"twitter:label1\" content=\"Escrito por\" \/>\n\t<meta name=\"twitter:data1\" content=\"Direcci\u00f3n de Comunicaci\u00f3n\" \/>\n\t<meta name=\"twitter:label2\" content=\"Tiempo de lectura\" \/>\n\t<meta name=\"twitter:data2\" content=\"1 minuto\" \/>\n<script type=\"application\/ld+json\" class=\"yoast-schema-graph\">{\"@context\":\"https:\/\/schema.org\",\"@graph\":[{\"@type\":\"Article\",\"@id\":\"https:\/\/prefecturadeesmeraldas.gob.ec\/index.php\/2023\/03\/09\/prefectura-de-esmeraldas-solicita-asistencia-a-la-secretaria-tecnica-de-inmobiliar-en-quito\/#article\",\"isPartOf\":{\"@id\":\"https:\/\/prefecturadeesmeraldas.gob.ec\/index.php\/2023\/03\/09\/prefectura-de-esmeraldas-solicita-asistencia-a-la-secretaria-tecnica-de-inmobiliar-en-quito\/\"},\"author\":{\"name\":\"Direcci\u00f3n de Comunicaci\u00f3n\",\"@id\":\"https:\/\/prefecturadeesmeraldas.gob.ec\/#\/schema\/person\/b0c9e7b1ead7725994d1e319e8825234\"},\"headline\":\"Prefectura de Esmeraldas solicita asistencia a la secretaria t\u00e9cnica de Inmobiliar en Quito.\",\"datePublished\":\"2023-03-09T19:50:06+00:00\",\"dateModified\":\"2023-03-09T19:58:21+00:00\",\"mainEntityOfPage\":{\"@id\":\"https:\/\/prefecturadeesmeraldas.gob.ec\/index.php\/2023\/03\/09\/prefectura-de-esmeraldas-solicita-asistencia-a-la-secretaria-tecnica-de-inmobiliar-en-quito\/\"},\"wordCount\":160,\"publisher\":{\"@id\":\"https:\/\/prefecturadeesmeraldas.gob.ec\/#organization\"},\"image\":{\"@id\":\"https:\/\/prefecturadeesmeraldas.gob.ec\/index.php\/2023\/03\/09\/prefectura-de-esmeraldas-solicita-asistencia-a-la-secretaria-tecnica-de-inmobiliar-en-quito\/#primaryimage\"},\"thumbnailUrl\":\"https:\/\/prefecturadeesmeraldas.gob.ec\/wp-content\/uploads\/2023\/03\/WhatsApp-Image-2023-03-03-at-10.36.31-3.jpeg\",\"articleSection\":[\"Institucional\"],\"inLanguage\":\"es\"},{\"@type\":\"WebPage\",\"@id\":\"https:\/\/prefecturadeesmeraldas.gob.ec\/index.php\/2023\/03\/09\/prefectura-de-esmeraldas-solicita-asistencia-a-la-secretaria-tecnica-de-inmobiliar-en-quito\/\",\"url\":\"https:\/\/prefecturadeesmeraldas.gob.ec\/index.php\/2023\/03\/09\/prefectura-de-esmeraldas-solicita-asistencia-a-la-secretaria-tecnica-de-inmobiliar-en-quito\/\",\"name\":\"Prefectura de Esmeraldas solicita asistencia a la secretaria t\u00e9cnica de Inmobiliar en Quito. - Gobierno Aut\u00f3nomo Descentralizado de la Provincia de Esmeraldas\",\"isPartOf\":{\"@id\":\"https:\/\/prefecturadeesmeraldas.gob.ec\/#website\"},\"primaryImageOfPage\":{\"@id\":\"https:\/\/prefecturadeesmeraldas.gob.ec\/index.php\/2023\/03\/09\/prefectura-de-esmeraldas-solicita-asistencia-a-la-secretaria-tecnica-de-inmobiliar-en-quito\/#primaryimage\"},\"image\":{\"@id\":\"https:\/\/prefecturadeesmeraldas.gob.ec\/index.php\/2023\/03\/09\/prefectura-de-esmeraldas-solicita-asistencia-a-la-secretaria-tecnica-de-inmobiliar-en-quito\/#primaryimage\"},\"thumbnailUrl\":\"https:\/\/prefecturadeesmeraldas.gob.ec\/wp-content\/uploads\/2023\/03\/WhatsApp-Image-2023-03-03-at-10.36.31-3.jpeg\",\"datePublished\":\"2023-03-09T19:50:06+00:00\",\"dateModified\":\"2023-03-09T19:58:21+00:00\",\"description\":\"Golpeando puertas ante la Secretar\u00eda T\u00e9cnica de INMOBILIAR, como es caracter\u00edstico de la administraci\u00f3n de Roberta Zambrano, al frente de la Prefectura de Esmeraldas, para alcanzar mejores resultados durante su gesti\u00f3n, se cumpli\u00f3 otro de los puntos en la agenda de actividades aplicada durante la primera semana del mes de marzo de 2023 en la ciudad de Quito.\",\"breadcrumb\":{\"@id\":\"https:\/\/prefecturadeesmeraldas.gob.ec\/index.php\/2023\/03\/09\/prefectura-de-esmeraldas-solicita-asistencia-a-la-secretaria-tecnica-de-inmobiliar-en-quito\/#breadcrumb\"},\"inLanguage\":\"es\",\"potentialAction\":[{\"@type\":\"ReadAction\",\"target\":[\"https:\/\/prefecturadeesmeraldas.gob.ec\/index.php\/2023\/03\/09\/prefectura-de-esmeraldas-solicita-asistencia-a-la-secretaria-tecnica-de-inmobiliar-en-quito\/\"]}]},{\"@type\":\"ImageObject\",\"inLanguage\":\"es\",\"@id\":\"https:\/\/prefecturadeesmeraldas.gob.ec\/index.php\/2023\/03\/09\/prefectura-de-esmeraldas-solicita-asistencia-a-la-secretaria-tecnica-de-inmobiliar-en-quito\/#primaryimage\",\"url\":\"https:\/\/prefecturadeesmeraldas.gob.ec\/wp-content\/uploads\/2023\/03\/WhatsApp-Image-2023-03-03-at-10.36.31-3.jpeg\",\"contentUrl\":\"https:\/\/prefecturadeesmeraldas.gob.ec\/wp-content\/uploads\/2023\/03\/WhatsApp-Image-2023-03-03-at-10.36.31-3.jpeg\",\"width\":1280,\"height\":1280},{\"@type\":\"BreadcrumbList\",\"@id\":\"https:\/\/prefecturadeesmeraldas.gob.ec\/index.php\/2023\/03\/09\/prefectura-de-esmeraldas-solicita-asistencia-a-la-secretaria-tecnica-de-inmobiliar-en-quito\/#breadcrumb\",\"itemListElement\":[{\"@type\":\"ListItem\",\"position\":1,\"name\":\"Home\",\"item\":\"https:\/\/prefecturadeesmeraldas.gob.ec\/\"},{\"@type\":\"ListItem\",\"position\":2,\"name\":\"Prefectura de Esmeraldas solicita asistencia a la secretaria t\u00e9cnica de Inmobiliar en Quito.\"}]},{\"@type\":\"WebSite\",\"@id\":\"https:\/\/prefecturadeesmeraldas.gob.ec\/#website\",\"url\":\"https:\/\/prefecturadeesmeraldas.gob.ec\/\",\"name\":\"Gobierno Aut\u00f3nomo Descentralizado de la Provincia de Esmeraldas\",\"description\":\"Gobierno Aut\u00f3nomo Descentralizado de la Provincia de Esmeraldas\",\"publisher\":{\"@id\":\"https:\/\/prefecturadeesmeraldas.gob.ec\/#organization\"},\"potentialAction\":[{\"@type\":\"SearchAction\",\"target\":{\"@type\":\"EntryPoint\",\"urlTemplate\":\"https:\/\/prefecturadeesmeraldas.gob.ec\/?s={search_term_string}\"},\"query-input\":{\"@type\":\"PropertyValueSpecification\",\"valueRequired\":true,\"valueName\":\"search_term_string\"}}],\"inLanguage\":\"es\"},{\"@type\":\"Organization\",\"@id\":\"https:\/\/prefecturadeesmeraldas.gob.ec\/#organization\",\"name\":\"Gobierno Aut\u00f3nomo Descentralizado de la Provincia de Esmeraldas\",\"url\":\"https:\/\/prefecturadeesmeraldas.gob.ec\/\",\"logo\":{\"@type\":\"ImageObject\",\"inLanguage\":\"es\",\"@id\":\"https:\/\/prefecturadeesmeraldas.gob.ec\/#\/schema\/logo\/image\/\",\"url\":\"https:\/\/prefecturadeesmeraldas.gob.ec\/wp-content\/uploads\/2019\/06\/logo.png\",\"contentUrl\":\"https:\/\/prefecturadeesmeraldas.gob.ec\/wp-content\/uploads\/2019\/06\/logo.png\",\"width\":859,\"height\":448,\"caption\":\"Gobierno Aut\u00f3nomo Descentralizado de la Provincia de Esmeraldas\"},\"image\":{\"@id\":\"https:\/\/prefecturadeesmeraldas.gob.ec\/#\/schema\/logo\/image\/\"},\"sameAs\":[\"https:\/\/www.facebook.com\/PrefecturaEsmeraldas\/\"]},{\"@type\":\"Person\",\"@id\":\"https:\/\/prefecturadeesmeraldas.gob.ec\/#\/schema\/person\/b0c9e7b1ead7725994d1e319e8825234\",\"name\":\"Direcci\u00f3n de Comunicaci\u00f3n\",\"image\":{\"@type\":\"ImageObject\",\"inLanguage\":\"es\",\"@id\":\"https:\/\/prefecturadeesmeraldas.gob.ec\/#\/schema\/person\/image\/\",\"url\":\"https:\/\/secure.gravatar.com\/avatar\/74a3870a946f5d774ade3569af61a72308e07ad3346f370c4b468ee2a9858658?s=96&d=mm&r=g\",\"contentUrl\":\"https:\/\/secure.gravatar.com\/avatar\/74a3870a946f5d774ade3569af61a72308e07ad3346f370c4b468ee2a9858658?s=96&d=mm&r=g\",\"caption\":\"Direcci\u00f3n de Comunicaci\u00f3n\"}}]}<\/script>\n<!-- \/ Yoast SEO plugin. -->","yoast_head_json":{"title":"Prefectura de Esmeraldas solicita asistencia a la secretaria t\u00e9cnica de Inmobiliar en Quito. - Gobierno Aut\u00f3nomo Descentralizado de la Provincia de Esmeraldas","description":"Golpeando puertas ante la Secretar\u00eda T\u00e9cnica de INMOBILIAR, como es caracter\u00edstico de la administraci\u00f3n de Roberta Zambrano, al frente de la Prefectura de Esmeraldas, para alcanzar mejores resultados durante su gesti\u00f3n, se cumpli\u00f3 otro de los puntos en la agenda de actividades aplicada durante la primera semana del mes de marzo de 2023 en la ciudad de Quito.","robots":{"index":"index","follow":"follow","max-snippet":"max-snippet:-1","max-image-preview":"max-image-preview:large","max-video-preview":"max-video-preview:-1"},"canonical":"https:\/\/prefecturadeesmeraldas.gob.ec\/index.php\/2023\/03\/09\/prefectura-de-esmeraldas-solicita-asistencia-a-la-secretaria-tecnica-de-inmobiliar-en-quito\/","og_locale":"es_ES","og_type":"article","og_title":"Prefectura de Esmeraldas solicita asistencia a la secretaria t\u00e9cnica de Inmobiliar en Quito. - Gobierno Aut\u00f3nomo Descentralizado de la Provincia de Esmeraldas","og_description":"Golpeando puertas ante la Secretar\u00eda T\u00e9cnica de INMOBILIAR, como es caracter\u00edstico de la administraci\u00f3n de Roberta Zambrano, al frente de la Prefectura de Esmeraldas, para alcanzar mejores resultados durante su gesti\u00f3n, se cumpli\u00f3 otro de los puntos en la agenda de actividades aplicada durante la primera semana del mes de marzo de 2023 en la ciudad de Quito.","og_url":"https:\/\/prefecturadeesmeraldas.gob.ec\/index.php\/2023\/03\/09\/prefectura-de-esmeraldas-solicita-asistencia-a-la-secretaria-tecnica-de-inmobiliar-en-quito\/","og_site_name":"Gobierno Aut\u00f3nomo Descentralizado de la Provincia de Esmeraldas","article_publisher":"https:\/\/www.facebook.com\/PrefecturaEsmeraldas\/","article_published_time":"2023-03-09T19:50:06+00:00","article_modified_time":"2023-03-09T19:58:21+00:00","og_image":[{"width":1280,"height":1280,"url":"https:\/\/prefecturadeesmeraldas.gob.ec\/wp-content\/uploads\/2023\/03\/WhatsApp-Image-2023-03-03-at-10.36.31-3.jpeg","type":"image\/jpeg"}],"author":"Direcci\u00f3n de Comunicaci\u00f3n","twitter_card":"summary_large_image","twitter_misc":{"Escrito por":"Direcci\u00f3n de Comunicaci\u00f3n","Tiempo de lectura":"1 minuto"},"schema":{"@context":"https:\/\/schema.org","@graph":[{"@type":"Article","@id":"https:\/\/prefecturadeesmeraldas.gob.ec\/index.php\/2023\/03\/09\/prefectura-de-esmeraldas-solicita-asistencia-a-la-secretaria-tecnica-de-inmobiliar-en-quito\/#article","isPartOf":{"@id":"https:\/\/prefecturadeesmeraldas.gob.ec\/index.php\/2023\/03\/09\/prefectura-de-esmeraldas-solicita-asistencia-a-la-secretaria-tecnica-de-inmobiliar-en-quito\/"},"author":{"name":"Direcci\u00f3n de Comunicaci\u00f3n","@id":"https:\/\/prefecturadeesmeraldas.gob.ec\/#\/schema\/person\/b0c9e7b1ead7725994d1e319e8825234"},"headline":"Prefectura de Esmeraldas solicita asistencia a la secretaria t\u00e9cnica de Inmobiliar en Quito.","datePublished":"2023-03-09T19:50:06+00:00","dateModified":"2023-03-09T19:58:21+00:00","mainEntityOfPage":{"@id":"https:\/\/prefecturadeesmeraldas.gob.ec\/index.php\/2023\/03\/09\/prefectura-de-esmeraldas-solicita-asistencia-a-la-secretaria-tecnica-de-inmobiliar-en-quito\/"},"wordCount":160,"publisher":{"@id":"https:\/\/prefecturadeesmeraldas.gob.ec\/#organization"},"image":{"@id":"https:\/\/prefecturadeesmeraldas.gob.ec\/index.php\/2023\/03\/09\/prefectura-de-esmeraldas-solicita-asistencia-a-la-secretaria-tecnica-de-inmobiliar-en-quito\/#primaryimage"},"thumbnailUrl":"https:\/\/prefecturadeesmeraldas.gob.ec\/wp-content\/uploads\/2023\/03\/WhatsApp-Image-2023-03-03-at-10.36.31-3.jpeg","articleSection":["Institucional"],"inLanguage":"es"},{"@type":"WebPage","@id":"https:\/\/prefecturadeesmeraldas.gob.ec\/index.php\/2023\/03\/09\/prefectura-de-esmeraldas-solicita-asistencia-a-la-secretaria-tecnica-de-inmobiliar-en-quito\/","url":"https:\/\/prefecturadeesmeraldas.gob.ec\/index.php\/2023\/03\/09\/prefectura-de-esmeraldas-solicita-asistencia-a-la-secretaria-tecnica-de-inmobiliar-en-quito\/","name":"Prefectura de Esmeraldas solicita asistencia a la secretaria t\u00e9cnica de Inmobiliar en Quito. - Gobierno Aut\u00f3nomo Descentralizado de la Provincia de Esmeraldas","isPartOf":{"@id":"https:\/\/prefecturadeesmeraldas.gob.ec\/#website"},"primaryImageOfPage":{"@id":"https:\/\/prefecturadeesmeraldas.gob.ec\/index.php\/2023\/03\/09\/prefectura-de-esmeraldas-solicita-asistencia-a-la-secretaria-tecnica-de-inmobiliar-en-quito\/#primaryimage"},"image":{"@id":"https:\/\/prefecturadeesmeraldas.gob.ec\/index.php\/2023\/03\/09\/prefectura-de-esmeraldas-solicita-asistencia-a-la-secretaria-tecnica-de-inmobiliar-en-quito\/#primaryimage"},"thumbnailUrl":"https:\/\/prefecturadeesmeraldas.gob.ec\/wp-content\/uploads\/2023\/03\/WhatsApp-Image-2023-03-03-at-10.36.31-3.jpeg","datePublished":"2023-03-09T19:50:06+00:00","dateModified":"2023-03-09T19:58:21+00:00","description":"Golpeando puertas ante la Secretar\u00eda T\u00e9cnica de INMOBILIAR, como es caracter\u00edstico de la administraci\u00f3n de Roberta Zambrano, al frente de la Prefectura de Esmeraldas, para alcanzar mejores resultados durante su gesti\u00f3n, se cumpli\u00f3 otro de los puntos en la agenda de actividades aplicada durante la primera semana del mes de marzo de 2023 en la ciudad de Quito.","breadcrumb":{"@id":"https:\/\/prefecturadeesmeraldas.gob.ec\/index.php\/2023\/03\/09\/prefectura-de-esmeraldas-solicita-asistencia-a-la-secretaria-tecnica-de-inmobiliar-en-quito\/#breadcrumb"},"inLanguage":"es","potentialAction":[{"@type":"ReadAction","target":["https:\/\/prefecturadeesmeraldas.gob.ec\/index.php\/2023\/03\/09\/prefectura-de-esmeraldas-solicita-asistencia-a-la-secretaria-tecnica-de-inmobiliar-en-quito\/"]}]},{"@type":"ImageObject","inLanguage":"es","@id":"https:\/\/prefecturadeesmeraldas.gob.ec\/index.php\/2023\/03\/09\/prefectura-de-esmeraldas-solicita-asistencia-a-la-secretaria-tecnica-de-inmobiliar-en-quito\/#primaryimage","url":"https:\/\/prefecturadeesmeraldas.gob.ec\/wp-content\/uploads\/2023\/03\/WhatsApp-Image-2023-03-03-at-10.36.31-3.jpeg","contentUrl":"https:\/\/prefecturadeesmeraldas.gob.ec\/wp-content\/uploads\/2023\/03\/WhatsApp-Image-2023-03-03-at-10.36.31-3.jpeg","width":1280,"height":1280},{"@type":"BreadcrumbList","@id":"https:\/\/prefecturadeesmeraldas.gob.ec\/index.php\/2023\/03\/09\/prefectura-de-esmeraldas-solicita-asistencia-a-la-secretaria-tecnica-de-inmobiliar-en-quito\/#breadcrumb","itemListElement":[{"@type":"ListItem","position":1,"name":"Home","item":"https:\/\/prefecturadeesmeraldas.gob.ec\/"},{"@type":"ListItem","position":2,"name":"Prefectura de Esmeraldas solicita asistencia a la secretaria t\u00e9cnica de Inmobiliar en Quito."}]},{"@type":"WebSite","@id":"https:\/\/prefecturadeesmeraldas.gob.ec\/#website","url":"https:\/\/prefecturadeesmeraldas.gob.ec\/","name":"Gobierno Aut\u00f3nomo Descentralizado de la Provincia de Esmeraldas","description":"Gobierno Aut\u00f3nomo Descentralizado de la Provincia de Esmeraldas","publisher":{"@id":"https:\/\/prefecturadeesmeraldas.gob.ec\/#organization"},"potentialAction":[{"@type":"SearchAction","target":{"@type":"EntryPoint","urlTemplate":"https:\/\/prefecturadeesmeraldas.gob.ec\/?s={search_term_string}"},"query-input":{"@type":"PropertyValueSpecification","valueRequired":true,"valueName":"search_term_string"}}],"inLanguage":"es"},{"@type":"Organization","@id":"https:\/\/prefecturadeesmeraldas.gob.ec\/#organization","name":"Gobierno Aut\u00f3nomo Descentralizado de la Provincia de Esmeraldas","url":"https:\/\/prefecturadeesmeraldas.gob.ec\/","logo":{"@type":"ImageObject","inLanguage":"es","@id":"https:\/\/prefecturadeesmeraldas.gob.ec\/#\/schema\/logo\/image\/","url":"https:\/\/prefecturadeesmeraldas.gob.ec\/wp-content\/uploads\/2019\/06\/logo.png","contentUrl":"https:\/\/prefecturadeesmeraldas.gob.ec\/wp-content\/uploads\/2019\/06\/logo.png","width":859,"height":448,"caption":"Gobierno Aut\u00f3nomo Descentralizado de la Provincia de Esmeraldas"},"image":{"@id":"https:\/\/prefecturadeesmeraldas.gob.ec\/#\/schema\/logo\/image\/"},"sameAs":["https:\/\/www.facebook.com\/PrefecturaEsmeraldas\/"]},{"@type":"Person","@id":"https:\/\/prefecturadeesmeraldas.gob.ec\/#\/schema\/person\/b0c9e7b1ead7725994d1e319e8825234","name":"Direcci\u00f3n de Comunicaci\u00f3n","image":{"@type":"ImageObject","inLanguage":"es","@id":"https:\/\/prefecturadeesmeraldas.gob.ec\/#\/schema\/person\/image\/","url":"https:\/\/secure.gravatar.com\/avatar\/74a3870a946f5d774ade3569af61a72308e07ad3346f370c4b468ee2a9858658?s=96&d=mm&r=g","contentUrl":"https:\/\/secure.gravatar.com\/avatar\/74a3870a946f5d774ade3569af61a72308e07ad3346f370c4b468ee2a9858658?s=96&d=mm&r=g","caption":"Direcci\u00f3n de Comunicaci\u00f3n"}}]}},"_links":{"self":[{"href":"https:\/\/prefecturadeesmeraldas.gob.ec\/index.php\/wp-json\/wp\/v2\/posts\/21442","targetHints":{"allow":["GET"]}}],"collection":[{"href":"https:\/\/prefecturadeesmeraldas.gob.ec\/index.php\/wp-json\/wp\/v2\/posts"}],"about":[{"href":"https:\/\/prefecturadeesmeraldas.gob.ec\/index.php\/wp-json\/wp\/v2\/types\/post"}],"author":[{"embeddable":true,"href":"https:\/\/prefecturadeesmeraldas.gob.ec\/index.php\/wp-json\/wp\/v2\/users\/2"}],"replies":[{"embeddable":true,"href":"https:\/\/prefecturadeesmeraldas.gob.ec\/index.php\/wp-json\/wp\/v2\/comments?post=21442"}],"version-history":[{"count":0,"href":"https:\/\/prefecturadeesmeraldas.gob.ec\/index.php\/wp-json\/wp\/v2\/posts\/21442\/revisions"}],"wp:featuredmedia":[{"embeddable":true,"href":"https:\/\/prefecturadeesmeraldas.gob.ec\/index.php\/wp-json\/wp\/v2\/media\/21444"}],"wp:attachment":[{"href":"https:\/\/prefecturadeesmeraldas.gob.ec\/index.php\/wp-json\/wp\/v2\/media?parent=21442"}],"wp:term":[{"taxonomy":"category","embeddable":true,"href":"https:\/\/prefecturadeesmeraldas.gob.ec\/index.php\/wp-json\/wp\/v2\/categories?post=21442"},{"taxonomy":"post_tag","embeddable":true,"href":"https:\/\/prefecturadeesmeraldas.gob.ec\/index.php\/wp-json\/wp\/v2\/tags?post=21442"}],"curies":[{"name":"wp","href":"https:\/\/api.w.org\/{rel}","templated":true}]}}