{"id":2138,"date":"2019-11-18T12:18:29","date_gmt":"2019-11-18T17:18:29","guid":{"rendered":"http:\/\/prefecturadeesmeraldas.gob.ec\/?p=2138"},"modified":"2019-11-18T12:20:47","modified_gmt":"2019-11-18T17:20:47","slug":"prefectura-ofrecio-espectaculo-de-disney-que-fascino-a-los-ninos","status":"publish","type":"post","link":"https:\/\/prefecturadeesmeraldas.gob.ec\/index.php\/2019\/11\/18\/prefectura-ofrecio-espectaculo-de-disney-que-fascino-a-los-ninos\/","title":{"rendered":"Prefectura ofreci\u00f3 espect\u00e1culo de Disney que fascin\u00f3 a los ni\u00f1os"},"content":{"rendered":"\t\t<div data-elementor-type=\"wp-post\" data-elementor-id=\"2138\" class=\"elementor elementor-2138\">\n\t\t\t\t\t\t<section class=\"elementor-section elementor-top-section elementor-element elementor-element-d0dfeb4 elementor-section-boxed elementor-section-height-default elementor-section-height-default\" data-id=\"d0dfeb4\" data-element_type=\"section\">\n\t\t\t\t\t\t<div class=\"elementor-container elementor-column-gap-default\">\n\t\t\t\t\t<div class=\"elementor-column elementor-col-50 elementor-top-column elementor-element elementor-element-c829330\" data-id=\"c829330\" data-element_type=\"column\">\n\t\t\t<div class=\"elementor-widget-wrap elementor-element-populated\">\n\t\t\t\t\t\t<div class=\"elementor-element elementor-element-abb6538 elementor-widget elementor-widget-image\" data-id=\"abb6538\" data-element_type=\"widget\" data-widget_type=\"image.default\">\n\t\t\t\t<div class=\"elementor-widget-container\">\n\t\t\t\t\t\t\t\t\t\t\t\t\t\t\t<img fetchpriority=\"high\" decoding=\"async\" width=\"1024\" height=\"768\" src=\"https:\/\/prefecturadeesmeraldas.gob.ec\/wp-content\/uploads\/2019\/11\/WhatsApp-Image-2019-11-18-at-12.05.32-1024x768.jpeg\" class=\"attachment-large size-large wp-image-2140\" alt=\"\" srcset=\"https:\/\/prefecturadeesmeraldas.gob.ec\/wp-content\/uploads\/2019\/11\/WhatsApp-Image-2019-11-18-at-12.05.32-1024x768.jpeg 1024w, https:\/\/prefecturadeesmeraldas.gob.ec\/wp-content\/uploads\/2019\/11\/WhatsApp-Image-2019-11-18-at-12.05.32-1080x810.jpeg 1080w, https:\/\/prefecturadeesmeraldas.gob.ec\/wp-content\/uploads\/2019\/11\/WhatsApp-Image-2019-11-18-at-12.05.32-300x225.jpeg 300w, https:\/\/prefecturadeesmeraldas.gob.ec\/wp-content\/uploads\/2019\/11\/WhatsApp-Image-2019-11-18-at-12.05.32-768x576.jpeg 768w, https:\/\/prefecturadeesmeraldas.gob.ec\/wp-content\/uploads\/2019\/11\/WhatsApp-Image-2019-11-18-at-12.05.32.jpeg 1280w\" sizes=\"(max-width: 1024px) 100vw, 1024px\" \/>\t\t\t\t\t\t\t\t\t\t\t\t\t\t\t<\/div>\n\t\t\t\t<\/div>\n\t\t\t\t\t<\/div>\n\t\t<\/div>\n\t\t\t\t<div class=\"elementor-column elementor-col-50 elementor-top-column elementor-element elementor-element-b80b0f5\" data-id=\"b80b0f5\" data-element_type=\"column\">\n\t\t\t<div class=\"elementor-widget-wrap elementor-element-populated\">\n\t\t\t\t\t\t<div class=\"elementor-element elementor-element-e6a1cc7 elementor-widget elementor-widget-image\" data-id=\"e6a1cc7\" data-element_type=\"widget\" data-widget_type=\"image.default\">\n\t\t\t\t<div class=\"elementor-widget-container\">\n\t\t\t\t\t\t\t\t\t\t\t\t\t\t\t<img decoding=\"async\" width=\"1024\" height=\"768\" src=\"https:\/\/prefecturadeesmeraldas.gob.ec\/wp-content\/uploads\/2019\/11\/WhatsApp-Image-2019-11-18-at-12.06.06-1024x768.jpeg\" class=\"attachment-large size-large wp-image-2141\" alt=\"\" srcset=\"https:\/\/prefecturadeesmeraldas.gob.ec\/wp-content\/uploads\/2019\/11\/WhatsApp-Image-2019-11-18-at-12.06.06-1024x768.jpeg 1024w, https:\/\/prefecturadeesmeraldas.gob.ec\/wp-content\/uploads\/2019\/11\/WhatsApp-Image-2019-11-18-at-12.06.06-1080x810.jpeg 1080w, https:\/\/prefecturadeesmeraldas.gob.ec\/wp-content\/uploads\/2019\/11\/WhatsApp-Image-2019-11-18-at-12.06.06-300x225.jpeg 300w, https:\/\/prefecturadeesmeraldas.gob.ec\/wp-content\/uploads\/2019\/11\/WhatsApp-Image-2019-11-18-at-12.06.06-768x576.jpeg 768w, https:\/\/prefecturadeesmeraldas.gob.ec\/wp-content\/uploads\/2019\/11\/WhatsApp-Image-2019-11-18-at-12.06.06.jpeg 1280w\" sizes=\"(max-width: 1024px) 100vw, 1024px\" \/>\t\t\t\t\t\t\t\t\t\t\t\t\t\t\t<\/div>\n\t\t\t\t<\/div>\n\t\t\t\t\t<\/div>\n\t\t<\/div>\n\t\t\t\t\t<\/div>\n\t\t<\/section>\n\t\t\t\t<section class=\"elementor-section elementor-top-section elementor-element elementor-element-da7e86b elementor-section-boxed elementor-section-height-default elementor-section-height-default\" data-id=\"da7e86b\" data-element_type=\"section\">\n\t\t\t\t\t\t<div class=\"elementor-container elementor-column-gap-default\">\n\t\t\t\t\t<div class=\"elementor-column elementor-col-100 elementor-top-column elementor-element elementor-element-17d6c14\" data-id=\"17d6c14\" data-element_type=\"column\">\n\t\t\t<div class=\"elementor-widget-wrap elementor-element-populated\">\n\t\t\t\t\t\t<div class=\"elementor-element elementor-element-759f217 elementor-widget elementor-widget-text-editor\" data-id=\"759f217\" data-element_type=\"widget\" data-widget_type=\"text-editor.default\">\n\t\t\t\t<div class=\"elementor-widget-container\">\n\t\t\t\t\t\t\t\t\t<p>La Prefectura de Esmeraldas, brind\u00f3 un espect\u00e1culo lleno de colorido, magia y mucho entretenimiento con el fant\u00e1stico Espect\u00e1culo de Disney, realizado en Las Palmas, en los bajos de las instalaciones de las oficinas de EP FLOPEC.<\/p><p><strong>El tel\u00f3n se abri\u00f3 con la presencia de Anna y Elsa, personajes de la pel\u00edcula de Frozen, la puesta en escena logr\u00f3 que los rostros de los m\u00e1s peque\u00f1os se llenen de alegr\u00eda. El escenario se inund\u00f3 de emoci\u00f3n con la fant\u00e1stica historia de \u201cCoco\u201d<\/strong>, una pel\u00edcula que hace alusi\u00f3n a la celebraci\u00f3n del d\u00eda de los muertos en M\u00e9xico, que puso a cantar y bailar a grandes y peque\u00f1os.\u00a0<\/p><p>La Polic\u00eda Nacional, hizo presencia con su personaje insignia \u201cPaquito\u201d qui\u00e9n maravill\u00f3 a los presentes con trucos de magia. Adem\u00e1s, hubo diferentes concursos para la ni\u00f1ez que acudi\u00f3, llev\u00e1ndose fabulosos premios y a todo esto, se sumaron los juegos pirot\u00e9cnicos que iluminaron el cielo.<\/p><p>La Corporaci\u00f3n Nacional de Telecomunicaciones (CNT) y Corporaci\u00f3n La Favorita dieron su respaldo a la Prefectura de Esmeraldas para la realizaci\u00f3n de este evento que sac\u00f3 m\u00e1s de una sonrisa a padres e hijos que se dieron cita.<\/p>\t\t\t\t\t\t\t\t<\/div>\n\t\t\t\t<\/div>\n\t\t\t\t\t<\/div>\n\t\t<\/div>\n\t\t\t\t\t<\/div>\n\t\t<\/section>\n\t\t\t\t<\/div>\n\t\t","protected":false},"excerpt":{"rendered":"<p>La Prefectura de Esmeraldas, brind\u00f3 un espect\u00e1culo lleno de colorido, magia y mucho entretenimiento con el fant\u00e1stico Espect\u00e1culo de Disney, realizado en Las Palmas, en los bajos de las instalaciones de las oficinas de EP FLOPEC. El tel\u00f3n se abri\u00f3 con la presencia de Anna y Elsa, personajes de la pel\u00edcula de Frozen, la puesta [&hellip;]<\/p>\n","protected":false},"author":2,"featured_media":2140,"comment_status":"closed","ping_status":"open","sticky":false,"template":"","format":"standard","meta":{"footnotes":""},"categories":[3],"tags":[],"class_list":["post-2138","post","type-post","status-publish","format-standard","has-post-thumbnail","hentry","category-institucional"],"yoast_head":"<!-- This site is optimized with the Yoast SEO plugin v25.7 - https:\/\/yoast.com\/wordpress\/plugins\/seo\/ -->\n<title>Prefectura ofreci\u00f3 espect\u00e1culo de Disney que fascin\u00f3 a los ni\u00f1os - Gobierno Aut\u00f3nomo Descentralizado de la Provincia de Esmeraldas<\/title>\n<meta name=\"robots\" content=\"index, follow, max-snippet:-1, max-image-preview:large, max-video-preview:-1\" \/>\n<link rel=\"canonical\" href=\"https:\/\/prefecturadeesmeraldas.gob.ec\/index.php\/2019\/11\/18\/prefectura-ofrecio-espectaculo-de-disney-que-fascino-a-los-ninos\/\" \/>\n<meta property=\"og:locale\" content=\"es_ES\" \/>\n<meta property=\"og:type\" content=\"article\" \/>\n<meta property=\"og:title\" content=\"Prefectura ofreci\u00f3 espect\u00e1culo de Disney que fascin\u00f3 a los ni\u00f1os - Gobierno Aut\u00f3nomo Descentralizado de la Provincia de Esmeraldas\" \/>\n<meta property=\"og:description\" content=\"La Prefectura de Esmeraldas, brind\u00f3 un espect\u00e1culo lleno de colorido, magia y mucho entretenimiento con el fant\u00e1stico Espect\u00e1culo de Disney, realizado en Las Palmas, en los bajos de las instalaciones de las oficinas de EP FLOPEC. El tel\u00f3n se abri\u00f3 con la presencia de Anna y Elsa, personajes de la pel\u00edcula de Frozen, la puesta [&hellip;]\" \/>\n<meta property=\"og:url\" content=\"https:\/\/prefecturadeesmeraldas.gob.ec\/index.php\/2019\/11\/18\/prefectura-ofrecio-espectaculo-de-disney-que-fascino-a-los-ninos\/\" \/>\n<meta property=\"og:site_name\" content=\"Gobierno Aut\u00f3nomo Descentralizado de la Provincia de Esmeraldas\" \/>\n<meta property=\"article:publisher\" content=\"https:\/\/www.facebook.com\/PrefecturaEsmeraldas\/\" \/>\n<meta property=\"article:published_time\" content=\"2019-11-18T17:18:29+00:00\" \/>\n<meta property=\"article:modified_time\" content=\"2019-11-18T17:20:47+00:00\" \/>\n<meta property=\"og:image\" content=\"https:\/\/prefecturadeesmeraldas.gob.ec\/wp-content\/uploads\/2019\/11\/WhatsApp-Image-2019-11-18-at-12.05.32.jpeg\" \/>\n\t<meta property=\"og:image:width\" content=\"1280\" \/>\n\t<meta property=\"og:image:height\" content=\"960\" \/>\n\t<meta property=\"og:image:type\" content=\"image\/jpeg\" \/>\n<meta name=\"author\" content=\"Direcci\u00f3n de Comunicaci\u00f3n\" \/>\n<meta name=\"twitter:card\" content=\"summary_large_image\" \/>\n<meta name=\"twitter:label1\" content=\"Escrito por\" \/>\n\t<meta name=\"twitter:data1\" content=\"Direcci\u00f3n de Comunicaci\u00f3n\" \/>\n\t<meta name=\"twitter:label2\" content=\"Tiempo de lectura\" \/>\n\t<meta name=\"twitter:data2\" content=\"1 minuto\" \/>\n<script type=\"application\/ld+json\" class=\"yoast-schema-graph\">{\"@context\":\"https:\/\/schema.org\",\"@graph\":[{\"@type\":\"Article\",\"@id\":\"https:\/\/prefecturadeesmeraldas.gob.ec\/index.php\/2019\/11\/18\/prefectura-ofrecio-espectaculo-de-disney-que-fascino-a-los-ninos\/#article\",\"isPartOf\":{\"@id\":\"https:\/\/prefecturadeesmeraldas.gob.ec\/index.php\/2019\/11\/18\/prefectura-ofrecio-espectaculo-de-disney-que-fascino-a-los-ninos\/\"},\"author\":{\"name\":\"Direcci\u00f3n de Comunicaci\u00f3n\",\"@id\":\"https:\/\/prefecturadeesmeraldas.gob.ec\/#\/schema\/person\/b0c9e7b1ead7725994d1e319e8825234\"},\"headline\":\"Prefectura ofreci\u00f3 espect\u00e1culo de Disney que fascin\u00f3 a los ni\u00f1os\",\"datePublished\":\"2019-11-18T17:18:29+00:00\",\"dateModified\":\"2019-11-18T17:20:47+00:00\",\"mainEntityOfPage\":{\"@id\":\"https:\/\/prefecturadeesmeraldas.gob.ec\/index.php\/2019\/11\/18\/prefectura-ofrecio-espectaculo-de-disney-que-fascino-a-los-ninos\/\"},\"wordCount\":226,\"publisher\":{\"@id\":\"https:\/\/prefecturadeesmeraldas.gob.ec\/#organization\"},\"image\":{\"@id\":\"https:\/\/prefecturadeesmeraldas.gob.ec\/index.php\/2019\/11\/18\/prefectura-ofrecio-espectaculo-de-disney-que-fascino-a-los-ninos\/#primaryimage\"},\"thumbnailUrl\":\"https:\/\/prefecturadeesmeraldas.gob.ec\/wp-content\/uploads\/2019\/11\/WhatsApp-Image-2019-11-18-at-12.05.32.jpeg\",\"articleSection\":[\"Institucional\"],\"inLanguage\":\"es\"},{\"@type\":\"WebPage\",\"@id\":\"https:\/\/prefecturadeesmeraldas.gob.ec\/index.php\/2019\/11\/18\/prefectura-ofrecio-espectaculo-de-disney-que-fascino-a-los-ninos\/\",\"url\":\"https:\/\/prefecturadeesmeraldas.gob.ec\/index.php\/2019\/11\/18\/prefectura-ofrecio-espectaculo-de-disney-que-fascino-a-los-ninos\/\",\"name\":\"Prefectura ofreci\u00f3 espect\u00e1culo de Disney que fascin\u00f3 a los ni\u00f1os - Gobierno Aut\u00f3nomo Descentralizado de la Provincia de Esmeraldas\",\"isPartOf\":{\"@id\":\"https:\/\/prefecturadeesmeraldas.gob.ec\/#website\"},\"primaryImageOfPage\":{\"@id\":\"https:\/\/prefecturadeesmeraldas.gob.ec\/index.php\/2019\/11\/18\/prefectura-ofrecio-espectaculo-de-disney-que-fascino-a-los-ninos\/#primaryimage\"},\"image\":{\"@id\":\"https:\/\/prefecturadeesmeraldas.gob.ec\/index.php\/2019\/11\/18\/prefectura-ofrecio-espectaculo-de-disney-que-fascino-a-los-ninos\/#primaryimage\"},\"thumbnailUrl\":\"https:\/\/prefecturadeesmeraldas.gob.ec\/wp-content\/uploads\/2019\/11\/WhatsApp-Image-2019-11-18-at-12.05.32.jpeg\",\"datePublished\":\"2019-11-18T17:18:29+00:00\",\"dateModified\":\"2019-11-18T17:20:47+00:00\",\"breadcrumb\":{\"@id\":\"https:\/\/prefecturadeesmeraldas.gob.ec\/index.php\/2019\/11\/18\/prefectura-ofrecio-espectaculo-de-disney-que-fascino-a-los-ninos\/#breadcrumb\"},\"inLanguage\":\"es\",\"potentialAction\":[{\"@type\":\"ReadAction\",\"target\":[\"https:\/\/prefecturadeesmeraldas.gob.ec\/index.php\/2019\/11\/18\/prefectura-ofrecio-espectaculo-de-disney-que-fascino-a-los-ninos\/\"]}]},{\"@type\":\"ImageObject\",\"inLanguage\":\"es\",\"@id\":\"https:\/\/prefecturadeesmeraldas.gob.ec\/index.php\/2019\/11\/18\/prefectura-ofrecio-espectaculo-de-disney-que-fascino-a-los-ninos\/#primaryimage\",\"url\":\"https:\/\/prefecturadeesmeraldas.gob.ec\/wp-content\/uploads\/2019\/11\/WhatsApp-Image-2019-11-18-at-12.05.32.jpeg\",\"contentUrl\":\"https:\/\/prefecturadeesmeraldas.gob.ec\/wp-content\/uploads\/2019\/11\/WhatsApp-Image-2019-11-18-at-12.05.32.jpeg\",\"width\":1280,\"height\":960},{\"@type\":\"BreadcrumbList\",\"@id\":\"https:\/\/prefecturadeesmeraldas.gob.ec\/index.php\/2019\/11\/18\/prefectura-ofrecio-espectaculo-de-disney-que-fascino-a-los-ninos\/#breadcrumb\",\"itemListElement\":[{\"@type\":\"ListItem\",\"position\":1,\"name\":\"Home\",\"item\":\"https:\/\/prefecturadeesmeraldas.gob.ec\/\"},{\"@type\":\"ListItem\",\"position\":2,\"name\":\"Prefectura ofreci\u00f3 espect\u00e1culo de Disney que fascin\u00f3 a los ni\u00f1os\"}]},{\"@type\":\"WebSite\",\"@id\":\"https:\/\/prefecturadeesmeraldas.gob.ec\/#website\",\"url\":\"https:\/\/prefecturadeesmeraldas.gob.ec\/\",\"name\":\"Gobierno Aut\u00f3nomo Descentralizado de la Provincia de Esmeraldas\",\"description\":\"Gobierno Aut\u00f3nomo Descentralizado de la Provincia de Esmeraldas\",\"publisher\":{\"@id\":\"https:\/\/prefecturadeesmeraldas.gob.ec\/#organization\"},\"potentialAction\":[{\"@type\":\"SearchAction\",\"target\":{\"@type\":\"EntryPoint\",\"urlTemplate\":\"https:\/\/prefecturadeesmeraldas.gob.ec\/?s={search_term_string}\"},\"query-input\":{\"@type\":\"PropertyValueSpecification\",\"valueRequired\":true,\"valueName\":\"search_term_string\"}}],\"inLanguage\":\"es\"},{\"@type\":\"Organization\",\"@id\":\"https:\/\/prefecturadeesmeraldas.gob.ec\/#organization\",\"name\":\"Gobierno Aut\u00f3nomo Descentralizado de la Provincia de Esmeraldas\",\"url\":\"https:\/\/prefecturadeesmeraldas.gob.ec\/\",\"logo\":{\"@type\":\"ImageObject\",\"inLanguage\":\"es\",\"@id\":\"https:\/\/prefecturadeesmeraldas.gob.ec\/#\/schema\/logo\/image\/\",\"url\":\"https:\/\/prefecturadeesmeraldas.gob.ec\/wp-content\/uploads\/2019\/06\/logo.png\",\"contentUrl\":\"https:\/\/prefecturadeesmeraldas.gob.ec\/wp-content\/uploads\/2019\/06\/logo.png\",\"width\":859,\"height\":448,\"caption\":\"Gobierno Aut\u00f3nomo Descentralizado de la Provincia de Esmeraldas\"},\"image\":{\"@id\":\"https:\/\/prefecturadeesmeraldas.gob.ec\/#\/schema\/logo\/image\/\"},\"sameAs\":[\"https:\/\/www.facebook.com\/PrefecturaEsmeraldas\/\"]},{\"@type\":\"Person\",\"@id\":\"https:\/\/prefecturadeesmeraldas.gob.ec\/#\/schema\/person\/b0c9e7b1ead7725994d1e319e8825234\",\"name\":\"Direcci\u00f3n de Comunicaci\u00f3n\",\"image\":{\"@type\":\"ImageObject\",\"inLanguage\":\"es\",\"@id\":\"https:\/\/prefecturadeesmeraldas.gob.ec\/#\/schema\/person\/image\/\",\"url\":\"https:\/\/secure.gravatar.com\/avatar\/74a3870a946f5d774ade3569af61a72308e07ad3346f370c4b468ee2a9858658?s=96&d=mm&r=g\",\"contentUrl\":\"https:\/\/secure.gravatar.com\/avatar\/74a3870a946f5d774ade3569af61a72308e07ad3346f370c4b468ee2a9858658?s=96&d=mm&r=g\",\"caption\":\"Direcci\u00f3n de Comunicaci\u00f3n\"}}]}<\/script>\n<!-- \/ Yoast SEO plugin. -->","yoast_head_json":{"title":"Prefectura ofreci\u00f3 espect\u00e1culo de Disney que fascin\u00f3 a los ni\u00f1os - Gobierno Aut\u00f3nomo Descentralizado de la Provincia de Esmeraldas","robots":{"index":"index","follow":"follow","max-snippet":"max-snippet:-1","max-image-preview":"max-image-preview:large","max-video-preview":"max-video-preview:-1"},"canonical":"https:\/\/prefecturadeesmeraldas.gob.ec\/index.php\/2019\/11\/18\/prefectura-ofrecio-espectaculo-de-disney-que-fascino-a-los-ninos\/","og_locale":"es_ES","og_type":"article","og_title":"Prefectura ofreci\u00f3 espect\u00e1culo de Disney que fascin\u00f3 a los ni\u00f1os - Gobierno Aut\u00f3nomo Descentralizado de la Provincia de Esmeraldas","og_description":"La Prefectura de Esmeraldas, brind\u00f3 un espect\u00e1culo lleno de colorido, magia y mucho entretenimiento con el fant\u00e1stico Espect\u00e1culo de Disney, realizado en Las Palmas, en los bajos de las instalaciones de las oficinas de EP FLOPEC. El tel\u00f3n se abri\u00f3 con la presencia de Anna y Elsa, personajes de la pel\u00edcula de Frozen, la puesta [&hellip;]","og_url":"https:\/\/prefecturadeesmeraldas.gob.ec\/index.php\/2019\/11\/18\/prefectura-ofrecio-espectaculo-de-disney-que-fascino-a-los-ninos\/","og_site_name":"Gobierno Aut\u00f3nomo Descentralizado de la Provincia de Esmeraldas","article_publisher":"https:\/\/www.facebook.com\/PrefecturaEsmeraldas\/","article_published_time":"2019-11-18T17:18:29+00:00","article_modified_time":"2019-11-18T17:20:47+00:00","og_image":[{"width":1280,"height":960,"url":"https:\/\/prefecturadeesmeraldas.gob.ec\/wp-content\/uploads\/2019\/11\/WhatsApp-Image-2019-11-18-at-12.05.32.jpeg","type":"image\/jpeg"}],"author":"Direcci\u00f3n de Comunicaci\u00f3n","twitter_card":"summary_large_image","twitter_misc":{"Escrito por":"Direcci\u00f3n de Comunicaci\u00f3n","Tiempo de lectura":"1 minuto"},"schema":{"@context":"https:\/\/schema.org","@graph":[{"@type":"Article","@id":"https:\/\/prefecturadeesmeraldas.gob.ec\/index.php\/2019\/11\/18\/prefectura-ofrecio-espectaculo-de-disney-que-fascino-a-los-ninos\/#article","isPartOf":{"@id":"https:\/\/prefecturadeesmeraldas.gob.ec\/index.php\/2019\/11\/18\/prefectura-ofrecio-espectaculo-de-disney-que-fascino-a-los-ninos\/"},"author":{"name":"Direcci\u00f3n de Comunicaci\u00f3n","@id":"https:\/\/prefecturadeesmeraldas.gob.ec\/#\/schema\/person\/b0c9e7b1ead7725994d1e319e8825234"},"headline":"Prefectura ofreci\u00f3 espect\u00e1culo de Disney que fascin\u00f3 a los ni\u00f1os","datePublished":"2019-11-18T17:18:29+00:00","dateModified":"2019-11-18T17:20:47+00:00","mainEntityOfPage":{"@id":"https:\/\/prefecturadeesmeraldas.gob.ec\/index.php\/2019\/11\/18\/prefectura-ofrecio-espectaculo-de-disney-que-fascino-a-los-ninos\/"},"wordCount":226,"publisher":{"@id":"https:\/\/prefecturadeesmeraldas.gob.ec\/#organization"},"image":{"@id":"https:\/\/prefecturadeesmeraldas.gob.ec\/index.php\/2019\/11\/18\/prefectura-ofrecio-espectaculo-de-disney-que-fascino-a-los-ninos\/#primaryimage"},"thumbnailUrl":"https:\/\/prefecturadeesmeraldas.gob.ec\/wp-content\/uploads\/2019\/11\/WhatsApp-Image-2019-11-18-at-12.05.32.jpeg","articleSection":["Institucional"],"inLanguage":"es"},{"@type":"WebPage","@id":"https:\/\/prefecturadeesmeraldas.gob.ec\/index.php\/2019\/11\/18\/prefectura-ofrecio-espectaculo-de-disney-que-fascino-a-los-ninos\/","url":"https:\/\/prefecturadeesmeraldas.gob.ec\/index.php\/2019\/11\/18\/prefectura-ofrecio-espectaculo-de-disney-que-fascino-a-los-ninos\/","name":"Prefectura ofreci\u00f3 espect\u00e1culo de Disney que fascin\u00f3 a los ni\u00f1os - Gobierno Aut\u00f3nomo Descentralizado de la Provincia de Esmeraldas","isPartOf":{"@id":"https:\/\/prefecturadeesmeraldas.gob.ec\/#website"},"primaryImageOfPage":{"@id":"https:\/\/prefecturadeesmeraldas.gob.ec\/index.php\/2019\/11\/18\/prefectura-ofrecio-espectaculo-de-disney-que-fascino-a-los-ninos\/#primaryimage"},"image":{"@id":"https:\/\/prefecturadeesmeraldas.gob.ec\/index.php\/2019\/11\/18\/prefectura-ofrecio-espectaculo-de-disney-que-fascino-a-los-ninos\/#primaryimage"},"thumbnailUrl":"https:\/\/prefecturadeesmeraldas.gob.ec\/wp-content\/uploads\/2019\/11\/WhatsApp-Image-2019-11-18-at-12.05.32.jpeg","datePublished":"2019-11-18T17:18:29+00:00","dateModified":"2019-11-18T17:20:47+00:00","breadcrumb":{"@id":"https:\/\/prefecturadeesmeraldas.gob.ec\/index.php\/2019\/11\/18\/prefectura-ofrecio-espectaculo-de-disney-que-fascino-a-los-ninos\/#breadcrumb"},"inLanguage":"es","potentialAction":[{"@type":"ReadAction","target":["https:\/\/prefecturadeesmeraldas.gob.ec\/index.php\/2019\/11\/18\/prefectura-ofrecio-espectaculo-de-disney-que-fascino-a-los-ninos\/"]}]},{"@type":"ImageObject","inLanguage":"es","@id":"https:\/\/prefecturadeesmeraldas.gob.ec\/index.php\/2019\/11\/18\/prefectura-ofrecio-espectaculo-de-disney-que-fascino-a-los-ninos\/#primaryimage","url":"https:\/\/prefecturadeesmeraldas.gob.ec\/wp-content\/uploads\/2019\/11\/WhatsApp-Image-2019-11-18-at-12.05.32.jpeg","contentUrl":"https:\/\/prefecturadeesmeraldas.gob.ec\/wp-content\/uploads\/2019\/11\/WhatsApp-Image-2019-11-18-at-12.05.32.jpeg","width":1280,"height":960},{"@type":"BreadcrumbList","@id":"https:\/\/prefecturadeesmeraldas.gob.ec\/index.php\/2019\/11\/18\/prefectura-ofrecio-espectaculo-de-disney-que-fascino-a-los-ninos\/#breadcrumb","itemListElement":[{"@type":"ListItem","position":1,"name":"Home","item":"https:\/\/prefecturadeesmeraldas.gob.ec\/"},{"@type":"ListItem","position":2,"name":"Prefectura ofreci\u00f3 espect\u00e1culo de Disney que fascin\u00f3 a los ni\u00f1os"}]},{"@type":"WebSite","@id":"https:\/\/prefecturadeesmeraldas.gob.ec\/#website","url":"https:\/\/prefecturadeesmeraldas.gob.ec\/","name":"Gobierno Aut\u00f3nomo Descentralizado de la Provincia de Esmeraldas","description":"Gobierno Aut\u00f3nomo Descentralizado de la Provincia de Esmeraldas","publisher":{"@id":"https:\/\/prefecturadeesmeraldas.gob.ec\/#organization"},"potentialAction":[{"@type":"SearchAction","target":{"@type":"EntryPoint","urlTemplate":"https:\/\/prefecturadeesmeraldas.gob.ec\/?s={search_term_string}"},"query-input":{"@type":"PropertyValueSpecification","valueRequired":true,"valueName":"search_term_string"}}],"inLanguage":"es"},{"@type":"Organization","@id":"https:\/\/prefecturadeesmeraldas.gob.ec\/#organization","name":"Gobierno Aut\u00f3nomo Descentralizado de la Provincia de Esmeraldas","url":"https:\/\/prefecturadeesmeraldas.gob.ec\/","logo":{"@type":"ImageObject","inLanguage":"es","@id":"https:\/\/prefecturadeesmeraldas.gob.ec\/#\/schema\/logo\/image\/","url":"https:\/\/prefecturadeesmeraldas.gob.ec\/wp-content\/uploads\/2019\/06\/logo.png","contentUrl":"https:\/\/prefecturadeesmeraldas.gob.ec\/wp-content\/uploads\/2019\/06\/logo.png","width":859,"height":448,"caption":"Gobierno Aut\u00f3nomo Descentralizado de la Provincia de Esmeraldas"},"image":{"@id":"https:\/\/prefecturadeesmeraldas.gob.ec\/#\/schema\/logo\/image\/"},"sameAs":["https:\/\/www.facebook.com\/PrefecturaEsmeraldas\/"]},{"@type":"Person","@id":"https:\/\/prefecturadeesmeraldas.gob.ec\/#\/schema\/person\/b0c9e7b1ead7725994d1e319e8825234","name":"Direcci\u00f3n de Comunicaci\u00f3n","image":{"@type":"ImageObject","inLanguage":"es","@id":"https:\/\/prefecturadeesmeraldas.gob.ec\/#\/schema\/person\/image\/","url":"https:\/\/secure.gravatar.com\/avatar\/74a3870a946f5d774ade3569af61a72308e07ad3346f370c4b468ee2a9858658?s=96&d=mm&r=g","contentUrl":"https:\/\/secure.gravatar.com\/avatar\/74a3870a946f5d774ade3569af61a72308e07ad3346f370c4b468ee2a9858658?s=96&d=mm&r=g","caption":"Direcci\u00f3n de Comunicaci\u00f3n"}}]}},"_links":{"self":[{"href":"https:\/\/prefecturadeesmeraldas.gob.ec\/index.php\/wp-json\/wp\/v2\/posts\/2138","targetHints":{"allow":["GET"]}}],"collection":[{"href":"https:\/\/prefecturadeesmeraldas.gob.ec\/index.php\/wp-json\/wp\/v2\/posts"}],"about":[{"href":"https:\/\/prefecturadeesmeraldas.gob.ec\/index.php\/wp-json\/wp\/v2\/types\/post"}],"author":[{"embeddable":true,"href":"https:\/\/prefecturadeesmeraldas.gob.ec\/index.php\/wp-json\/wp\/v2\/users\/2"}],"replies":[{"embeddable":true,"href":"https:\/\/prefecturadeesmeraldas.gob.ec\/index.php\/wp-json\/wp\/v2\/comments?post=2138"}],"version-history":[{"count":0,"href":"https:\/\/prefecturadeesmeraldas.gob.ec\/index.php\/wp-json\/wp\/v2\/posts\/2138\/revisions"}],"wp:featuredmedia":[{"embeddable":true,"href":"https:\/\/prefecturadeesmeraldas.gob.ec\/index.php\/wp-json\/wp\/v2\/media\/2140"}],"wp:attachment":[{"href":"https:\/\/prefecturadeesmeraldas.gob.ec\/index.php\/wp-json\/wp\/v2\/media?parent=2138"}],"wp:term":[{"taxonomy":"category","embeddable":true,"href":"https:\/\/prefecturadeesmeraldas.gob.ec\/index.php\/wp-json\/wp\/v2\/categories?post=2138"},{"taxonomy":"post_tag","embeddable":true,"href":"https:\/\/prefecturadeesmeraldas.gob.ec\/index.php\/wp-json\/wp\/v2\/tags?post=2138"}],"curies":[{"name":"wp","href":"https:\/\/api.w.org\/{rel}","templated":true}]}}